{"id":22957,"date":"2022-10-30T12:09:50","date_gmt":"2022-10-30T12:09:50","guid":{"rendered":"https:\/\/algarve7.pt\/?p=22957"},"modified":"2022-10-30T12:09:58","modified_gmt":"2022-10-30T12:09:58","slug":"gal-pesca-sotavento-recebe-congeneres-galegos","status":"publish","type":"post","link":"https:\/\/algarve7.pt\/index.php\/2022\/10\/gal-pesca-sotavento-recebe-congeneres-galegos\/atualidade\/12\/09\/","title":{"rendered":"GAL Pesca Sotavento recebe cong\u00e9neres galegos"},"content":{"rendered":"\n<p>O GAL Pesca Sotavento do Algarve acolheu nos dias 26 e 27 de outubro um grupo de cong\u00e9neres espanhois da Galiza &#8211; o Grupo de Acci\u00f3n Local do Sector Pesqueiro (GALP) Costa da Morte.<\/p>\n\n\n\n<p>Este GALP fez-se representar por duas mariscadoras, um pescador, dois <em>alcaldes<\/em> (presidentes de C\u00e2mara), um t\u00e9cnico e um historiador\/jornalista.<\/p>\n\n\n\n<p>No \u00e2mbito do interc\u00e2mbio de experi\u00eancias e boas pr\u00e1ticas, a visita teve como objetivo conhecer alguns projetos apoiados pelo GAL Pesca Sotavento Algarve que podem servir de exemplo para replicar no seu territ\u00f3rio de interven\u00e7\u00e3o, na Galiza.<\/p>\n\n\n\n<p>Foram escolhidos para uma visita mais detalhada um conjunto de projetos que abrangem diversas tipologias, assim como v\u00e1rios tipos de benefici\u00e1rios, privados e p\u00fablicos.<\/p>\n\n\n\n<p>Os projetos escolhidos foram os seguintes:<\/p>\n\n\n\n<p>&#8211; Passeios mar\u00edtimo-tur\u00edsticos &#8211; Culatra (benefici\u00e1rio: Manuel Mestre);<\/p>\n\n\n\n<p>&#8211; Descarboniza\u00e7\u00e3o da atividade de aquacultura na ilha da Culatra (benefici\u00e1rio: Associa\u00e7\u00e3o de Moradores da Ilha da Culatra);<\/p>\n\n\n\n<p>&#8211; Reabilita\u00e7\u00e3o do cais de descarga do porto de pesca de Olh\u00e3o (Benefici\u00e1rio: Docapesca);<\/p>\n\n\n\n<p>&#8211; Promo\u00e7\u00e3o do pescado fresco (benefici\u00e1rio: Associa\u00e7\u00e3o de Armadores de Pesca da Fuzeta);<\/p>\n\n\n\n<p>&#8211; Faro Story Spot &#8211; A cidade e a Ria (benefici\u00e1rio: Good Moments).<\/p>\n\n\n\n<p>O roteiro incluiu, igualmente, passeios guiados aos mercados de Olh\u00e3o, onde se apreciou o pescado e os produtos regionais que ali se comercializam, ao porto de pesca de Olh\u00e3o, para visita \u00e0s instala\u00e7\u00f5es da Docapesca, \u00e0 associa\u00e7\u00e3o Cooperativa Formosa, para observar a depura\u00e7\u00e3o dos bivalves, \u00e0 lota da Fuseta e \u00e0s instala\u00e7\u00f5es da Associa\u00e7\u00e3o de Armadores de Pesca daquela vila, e \u00e0 zona ribeirinha da cidade de Faro, onde se deu a conhecer alguns investimentos apoiados pelo GAL Pesca Sotavento Algarve.<\/p>\n\n\n\n<p>Foi, assim, poss\u00edvel mostrar algum do territ\u00f3rio de interven\u00e7\u00e3o do GAL, n\u00e3o s\u00f3 geograficamente, mas tamb\u00e9m no que respeita ao tipo de benefici\u00e1rios e de iniciativas executadas.<\/p>\n","protected":false},"excerpt":{"rendered":"<p>O GAL Pesca Sotavento do Algarve acolheu nos dias 26 e 27 de outubro um grupo de cong\u00e9neres espanhois da<\/p>\n","protected":false},"author":1,"featured_media":22958,"comment_status":"closed","ping_status":"open","sticky":false,"template":"","format":"standard","meta":{"colormag_page_container_layout":"default_layout","colormag_page_sidebar_layout":"default_layout","_monsterinsights_skip_tracking":false,"_monsterinsights_sitenote_active":false,"_monsterinsights_sitenote_note":"","_monsterinsights_sitenote_category":0,"jetpack_post_was_ever_published":false,"_jetpack_newsletter_access":"","_jetpack_dont_email_post_to_subs":false,"_jetpack_newsletter_tier_id":0,"_jetpack_memberships_contains_paywalled_content":false,"_jetpack_memberships_contains_paid_content":false,"footnotes":"","jetpack_publicize_message":"","jetpack_publicize_feature_enabled":true,"jetpack_social_post_already_shared":true,"jetpack_social_options":{"image_generator_settings":{"template":"highway","default_image_id":0,"font":"","enabled":false},"version":2}},"categories":[11],"tags":[36,62,122],"class_list":["post-22957","post","type-post","status-publish","format-standard","has-post-thumbnail","hentry","category-atualidade","tag-algarve","tag-atualidade","tag-docapesca"],"yoast_head":"<!-- This site is optimized with the Yoast SEO plugin v27.5 - https:\/\/yoast.com\/product\/yoast-seo-wordpress\/ -->\n<title>GAL Pesca Sotavento recebe cong\u00e9neres galegos - Algarve 7<\/title>\n<meta name=\"description\" content=\"GAL Pesca Sotavento recebe cong\u00e9neres galegos Atualidade\" \/>\n<meta name=\"robots\" content=\"index, follow, max-snippet:-1, max-image-preview:large, max-video-preview:-1\" \/>\n<link rel=\"canonical\" href=\"https:\/\/algarve7.pt\/index.php\/2022\/10\/gal-pesca-sotavento-recebe-congeneres-galegos\/atualidade\/12\/09\/\" \/>\n<meta property=\"og:locale\" content=\"pt_PT\" \/>\n<meta property=\"og:type\" content=\"article\" \/>\n<meta property=\"og:title\" content=\"GAL Pesca Sotavento recebe cong\u00e9neres galegos - Algarve 7\" \/>\n<meta property=\"og:description\" content=\"GAL Pesca Sotavento recebe cong\u00e9neres galegos Atualidade\" \/>\n<meta property=\"og:url\" content=\"https:\/\/algarve7.pt\/index.php\/2022\/10\/gal-pesca-sotavento-recebe-congeneres-galegos\/atualidade\/12\/09\/\" \/>\n<meta property=\"og:site_name\" content=\"Algarve 7\" \/>\n<meta property=\"article:publisher\" content=\"https:\/\/www.facebook.com\/algarve7\" \/>\n<meta property=\"article:author\" content=\"https:\/\/www.facebook.com\/algarve7\" \/>\n<meta property=\"article:published_time\" content=\"2022-10-30T12:09:50+00:00\" \/>\n<meta property=\"article:modified_time\" content=\"2022-10-30T12:09:58+00:00\" \/>\n<meta property=\"og:image\" content=\"https:\/\/algarve7.pt\/wp-content\/uploads\/2022\/10\/2022-101-visita-gal-galiza-02-scaled.jpg\" \/>\n\t<meta property=\"og:image:width\" content=\"2560\" \/>\n\t<meta property=\"og:image:height\" content=\"1921\" \/>\n\t<meta property=\"og:image:type\" content=\"image\/jpeg\" \/>\n<meta name=\"author\" content=\"Algarve 7\" \/>\n<meta name=\"twitter:card\" content=\"summary_large_image\" \/>\n<meta name=\"twitter:creator\" content=\"@Algarvesete\" \/>\n<meta name=\"twitter:site\" content=\"@Algarvesete\" \/>\n<meta name=\"twitter:label1\" content=\"Escrito por\" \/>\n\t<meta name=\"twitter:data1\" content=\"Algarve 7\" \/>\n\t<meta name=\"twitter:label2\" content=\"Tempo estimado de leitura\" \/>\n\t<meta name=\"twitter:data2\" content=\"2 minutos\" \/>\n<script type=\"application\/ld+json\" class=\"yoast-schema-graph\">{\"@context\":\"https:\\\/\\\/schema.org\",\"@graph\":[{\"@type\":\"Article\",\"@id\":\"https:\\\/\\\/algarve7.pt\\\/index.php\\\/2022\\\/10\\\/gal-pesca-sotavento-recebe-congeneres-galegos\\\/atualidade\\\/12\\\/09\\\/#article\",\"isPartOf\":{\"@id\":\"https:\\\/\\\/algarve7.pt\\\/index.php\\\/2022\\\/10\\\/gal-pesca-sotavento-recebe-congeneres-galegos\\\/atualidade\\\/12\\\/09\\\/\"},\"author\":{\"name\":\"Algarve 7\",\"@id\":\"https:\\\/\\\/algarve7.pt\\\/#\\\/schema\\\/person\\\/23fa70681308e7b319a3204bcea45e0c\"},\"headline\":\"GAL Pesca Sotavento recebe cong\u00e9neres galegos\",\"datePublished\":\"2022-10-30T12:09:50+00:00\",\"dateModified\":\"2022-10-30T12:09:58+00:00\",\"mainEntityOfPage\":{\"@id\":\"https:\\\/\\\/algarve7.pt\\\/index.php\\\/2022\\\/10\\\/gal-pesca-sotavento-recebe-congeneres-galegos\\\/atualidade\\\/12\\\/09\\\/\"},\"wordCount\":335,\"publisher\":{\"@id\":\"https:\\\/\\\/algarve7.pt\\\/#organization\"},\"image\":{\"@id\":\"https:\\\/\\\/algarve7.pt\\\/index.php\\\/2022\\\/10\\\/gal-pesca-sotavento-recebe-congeneres-galegos\\\/atualidade\\\/12\\\/09\\\/#primaryimage\"},\"thumbnailUrl\":\"https:\\\/\\\/algarve7.pt\\\/wp-content\\\/uploads\\\/2022\\\/10\\\/2022-101-visita-gal-galiza-02-scaled.jpg\",\"keywords\":[\"Algarve\",\"Atualidade\",\"Docapesca\"],\"articleSection\":[\"Atualidade\"],\"inLanguage\":\"pt-PT\"},{\"@type\":\"WebPage\",\"@id\":\"https:\\\/\\\/algarve7.pt\\\/index.php\\\/2022\\\/10\\\/gal-pesca-sotavento-recebe-congeneres-galegos\\\/atualidade\\\/12\\\/09\\\/\",\"url\":\"https:\\\/\\\/algarve7.pt\\\/index.php\\\/2022\\\/10\\\/gal-pesca-sotavento-recebe-congeneres-galegos\\\/atualidade\\\/12\\\/09\\\/\",\"name\":\"GAL Pesca Sotavento recebe cong\u00e9neres galegos - Algarve 7\",\"isPartOf\":{\"@id\":\"https:\\\/\\\/algarve7.pt\\\/#website\"},\"primaryImageOfPage\":{\"@id\":\"https:\\\/\\\/algarve7.pt\\\/index.php\\\/2022\\\/10\\\/gal-pesca-sotavento-recebe-congeneres-galegos\\\/atualidade\\\/12\\\/09\\\/#primaryimage\"},\"image\":{\"@id\":\"https:\\\/\\\/algarve7.pt\\\/index.php\\\/2022\\\/10\\\/gal-pesca-sotavento-recebe-congeneres-galegos\\\/atualidade\\\/12\\\/09\\\/#primaryimage\"},\"thumbnailUrl\":\"https:\\\/\\\/algarve7.pt\\\/wp-content\\\/uploads\\\/2022\\\/10\\\/2022-101-visita-gal-galiza-02-scaled.jpg\",\"datePublished\":\"2022-10-30T12:09:50+00:00\",\"dateModified\":\"2022-10-30T12:09:58+00:00\",\"description\":\"GAL Pesca Sotavento recebe cong\u00e9neres galegos Atualidade\",\"breadcrumb\":{\"@id\":\"https:\\\/\\\/algarve7.pt\\\/index.php\\\/2022\\\/10\\\/gal-pesca-sotavento-recebe-congeneres-galegos\\\/atualidade\\\/12\\\/09\\\/#breadcrumb\"},\"inLanguage\":\"pt-PT\",\"potentialAction\":[{\"@type\":\"ReadAction\",\"target\":[\"https:\\\/\\\/algarve7.pt\\\/index.php\\\/2022\\\/10\\\/gal-pesca-sotavento-recebe-congeneres-galegos\\\/atualidade\\\/12\\\/09\\\/\"]}]},{\"@type\":\"ImageObject\",\"inLanguage\":\"pt-PT\",\"@id\":\"https:\\\/\\\/algarve7.pt\\\/index.php\\\/2022\\\/10\\\/gal-pesca-sotavento-recebe-congeneres-galegos\\\/atualidade\\\/12\\\/09\\\/#primaryimage\",\"url\":\"https:\\\/\\\/algarve7.pt\\\/wp-content\\\/uploads\\\/2022\\\/10\\\/2022-101-visita-gal-galiza-02-scaled.jpg\",\"contentUrl\":\"https:\\\/\\\/algarve7.pt\\\/wp-content\\\/uploads\\\/2022\\\/10\\\/2022-101-visita-gal-galiza-02-scaled.jpg\",\"width\":2560,\"height\":1921},{\"@type\":\"BreadcrumbList\",\"@id\":\"https:\\\/\\\/algarve7.pt\\\/index.php\\\/2022\\\/10\\\/gal-pesca-sotavento-recebe-congeneres-galegos\\\/atualidade\\\/12\\\/09\\\/#breadcrumb\",\"itemListElement\":[{\"@type\":\"ListItem\",\"position\":1,\"name\":\"In\u00edcio\",\"item\":\"https:\\\/\\\/algarve7.pt\\\/\"},{\"@type\":\"ListItem\",\"position\":2,\"name\":\"GAL Pesca Sotavento recebe cong\u00e9neres galegos\"}]},{\"@type\":\"WebSite\",\"@id\":\"https:\\\/\\\/algarve7.pt\\\/#website\",\"url\":\"https:\\\/\\\/algarve7.pt\\\/\",\"name\":\"Algarve 7\",\"description\":\"Informa\u00e7\u00e3o sobre o Algarve\",\"publisher\":{\"@id\":\"https:\\\/\\\/algarve7.pt\\\/#organization\"},\"potentialAction\":[{\"@type\":\"SearchAction\",\"target\":{\"@type\":\"EntryPoint\",\"urlTemplate\":\"https:\\\/\\\/algarve7.pt\\\/?s={search_term_string}\"},\"query-input\":{\"@type\":\"PropertyValueSpecification\",\"valueRequired\":true,\"valueName\":\"search_term_string\"}}],\"inLanguage\":\"pt-PT\"},{\"@type\":\"Organization\",\"@id\":\"https:\\\/\\\/algarve7.pt\\\/#organization\",\"name\":\"Algarve 7\",\"url\":\"https:\\\/\\\/algarve7.pt\\\/\",\"logo\":{\"@type\":\"ImageObject\",\"inLanguage\":\"pt-PT\",\"@id\":\"https:\\\/\\\/algarve7.pt\\\/#\\\/schema\\\/logo\\\/image\\\/\",\"url\":\"https:\\\/\\\/algarve7.pt\\\/wp-content\\\/uploads\\\/2020\\\/10\\\/Logo-8.jpg\",\"contentUrl\":\"https:\\\/\\\/algarve7.pt\\\/wp-content\\\/uploads\\\/2020\\\/10\\\/Logo-8.jpg\",\"width\":1680,\"height\":1186,\"caption\":\"Algarve 7\"},\"image\":{\"@id\":\"https:\\\/\\\/algarve7.pt\\\/#\\\/schema\\\/logo\\\/image\\\/\"},\"sameAs\":[\"https:\\\/\\\/www.facebook.com\\\/algarve7\",\"https:\\\/\\\/x.com\\\/Algarvesete\",\"https:\\\/\\\/www.instagram.com\\\/jornalalgarve7\\\/\",\"https:\\\/\\\/www.linkedin.com\\\/company\\\/algarve7\",\"https:\\\/\\\/www.pinterest.pt\\\/geral0939\\\/_created\\\/\"]},{\"@type\":\"Person\",\"@id\":\"https:\\\/\\\/algarve7.pt\\\/#\\\/schema\\\/person\\\/23fa70681308e7b319a3204bcea45e0c\",\"name\":\"Algarve 7\",\"sameAs\":[\"https:\\\/\\\/algarve7.pt\",\"https:\\\/\\\/www.facebook.com\\\/algarve7\"],\"url\":\"https:\\\/\\\/algarve7.pt\\\/index.php\\\/author\\\/geralalgarve7-pt\\\/\"}]}<\/script>\n<!-- \/ Yoast SEO plugin. -->","yoast_head_json":{"title":"GAL Pesca Sotavento recebe cong\u00e9neres galegos - Algarve 7","description":"GAL Pesca Sotavento recebe cong\u00e9neres galegos Atualidade","robots":{"index":"index","follow":"follow","max-snippet":"max-snippet:-1","max-image-preview":"max-image-preview:large","max-video-preview":"max-video-preview:-1"},"canonical":"https:\/\/algarve7.pt\/index.php\/2022\/10\/gal-pesca-sotavento-recebe-congeneres-galegos\/atualidade\/12\/09\/","og_locale":"pt_PT","og_type":"article","og_title":"GAL Pesca Sotavento recebe cong\u00e9neres galegos - Algarve 7","og_description":"GAL Pesca Sotavento recebe cong\u00e9neres galegos Atualidade","og_url":"https:\/\/algarve7.pt\/index.php\/2022\/10\/gal-pesca-sotavento-recebe-congeneres-galegos\/atualidade\/12\/09\/","og_site_name":"Algarve 7","article_publisher":"https:\/\/www.facebook.com\/algarve7","article_author":"https:\/\/www.facebook.com\/algarve7","article_published_time":"2022-10-30T12:09:50+00:00","article_modified_time":"2022-10-30T12:09:58+00:00","og_image":[{"width":2560,"height":1921,"url":"https:\/\/algarve7.pt\/wp-content\/uploads\/2022\/10\/2022-101-visita-gal-galiza-02-scaled.jpg","type":"image\/jpeg"}],"author":"Algarve 7","twitter_card":"summary_large_image","twitter_creator":"@Algarvesete","twitter_site":"@Algarvesete","twitter_misc":{"Escrito por":"Algarve 7","Tempo estimado de leitura":"2 minutos"},"schema":{"@context":"https:\/\/schema.org","@graph":[{"@type":"Article","@id":"https:\/\/algarve7.pt\/index.php\/2022\/10\/gal-pesca-sotavento-recebe-congeneres-galegos\/atualidade\/12\/09\/#article","isPartOf":{"@id":"https:\/\/algarve7.pt\/index.php\/2022\/10\/gal-pesca-sotavento-recebe-congeneres-galegos\/atualidade\/12\/09\/"},"author":{"name":"Algarve 7","@id":"https:\/\/algarve7.pt\/#\/schema\/person\/23fa70681308e7b319a3204bcea45e0c"},"headline":"GAL Pesca Sotavento recebe cong\u00e9neres galegos","datePublished":"2022-10-30T12:09:50+00:00","dateModified":"2022-10-30T12:09:58+00:00","mainEntityOfPage":{"@id":"https:\/\/algarve7.pt\/index.php\/2022\/10\/gal-pesca-sotavento-recebe-congeneres-galegos\/atualidade\/12\/09\/"},"wordCount":335,"publisher":{"@id":"https:\/\/algarve7.pt\/#organization"},"image":{"@id":"https:\/\/algarve7.pt\/index.php\/2022\/10\/gal-pesca-sotavento-recebe-congeneres-galegos\/atualidade\/12\/09\/#primaryimage"},"thumbnailUrl":"https:\/\/algarve7.pt\/wp-content\/uploads\/2022\/10\/2022-101-visita-gal-galiza-02-scaled.jpg","keywords":["Algarve","Atualidade","Docapesca"],"articleSection":["Atualidade"],"inLanguage":"pt-PT"},{"@type":"WebPage","@id":"https:\/\/algarve7.pt\/index.php\/2022\/10\/gal-pesca-sotavento-recebe-congeneres-galegos\/atualidade\/12\/09\/","url":"https:\/\/algarve7.pt\/index.php\/2022\/10\/gal-pesca-sotavento-recebe-congeneres-galegos\/atualidade\/12\/09\/","name":"GAL Pesca Sotavento recebe cong\u00e9neres galegos - Algarve 7","isPartOf":{"@id":"https:\/\/algarve7.pt\/#website"},"primaryImageOfPage":{"@id":"https:\/\/algarve7.pt\/index.php\/2022\/10\/gal-pesca-sotavento-recebe-congeneres-galegos\/atualidade\/12\/09\/#primaryimage"},"image":{"@id":"https:\/\/algarve7.pt\/index.php\/2022\/10\/gal-pesca-sotavento-recebe-congeneres-galegos\/atualidade\/12\/09\/#primaryimage"},"thumbnailUrl":"https:\/\/algarve7.pt\/wp-content\/uploads\/2022\/10\/2022-101-visita-gal-galiza-02-scaled.jpg","datePublished":"2022-10-30T12:09:50+00:00","dateModified":"2022-10-30T12:09:58+00:00","description":"GAL Pesca Sotavento recebe cong\u00e9neres galegos Atualidade","breadcrumb":{"@id":"https:\/\/algarve7.pt\/index.php\/2022\/10\/gal-pesca-sotavento-recebe-congeneres-galegos\/atualidade\/12\/09\/#breadcrumb"},"inLanguage":"pt-PT","potentialAction":[{"@type":"ReadAction","target":["https:\/\/algarve7.pt\/index.php\/2022\/10\/gal-pesca-sotavento-recebe-congeneres-galegos\/atualidade\/12\/09\/"]}]},{"@type":"ImageObject","inLanguage":"pt-PT","@id":"https:\/\/algarve7.pt\/index.php\/2022\/10\/gal-pesca-sotavento-recebe-congeneres-galegos\/atualidade\/12\/09\/#primaryimage","url":"https:\/\/algarve7.pt\/wp-content\/uploads\/2022\/10\/2022-101-visita-gal-galiza-02-scaled.jpg","contentUrl":"https:\/\/algarve7.pt\/wp-content\/uploads\/2022\/10\/2022-101-visita-gal-galiza-02-scaled.jpg","width":2560,"height":1921},{"@type":"BreadcrumbList","@id":"https:\/\/algarve7.pt\/index.php\/2022\/10\/gal-pesca-sotavento-recebe-congeneres-galegos\/atualidade\/12\/09\/#breadcrumb","itemListElement":[{"@type":"ListItem","position":1,"name":"In\u00edcio","item":"https:\/\/algarve7.pt\/"},{"@type":"ListItem","position":2,"name":"GAL Pesca Sotavento recebe cong\u00e9neres galegos"}]},{"@type":"WebSite","@id":"https:\/\/algarve7.pt\/#website","url":"https:\/\/algarve7.pt\/","name":"Algarve 7","description":"Informa\u00e7\u00e3o sobre o Algarve","publisher":{"@id":"https:\/\/algarve7.pt\/#organization"},"potentialAction":[{"@type":"SearchAction","target":{"@type":"EntryPoint","urlTemplate":"https:\/\/algarve7.pt\/?s={search_term_string}"},"query-input":{"@type":"PropertyValueSpecification","valueRequired":true,"valueName":"search_term_string"}}],"inLanguage":"pt-PT"},{"@type":"Organization","@id":"https:\/\/algarve7.pt\/#organization","name":"Algarve 7","url":"https:\/\/algarve7.pt\/","logo":{"@type":"ImageObject","inLanguage":"pt-PT","@id":"https:\/\/algarve7.pt\/#\/schema\/logo\/image\/","url":"https:\/\/algarve7.pt\/wp-content\/uploads\/2020\/10\/Logo-8.jpg","contentUrl":"https:\/\/algarve7.pt\/wp-content\/uploads\/2020\/10\/Logo-8.jpg","width":1680,"height":1186,"caption":"Algarve 7"},"image":{"@id":"https:\/\/algarve7.pt\/#\/schema\/logo\/image\/"},"sameAs":["https:\/\/www.facebook.com\/algarve7","https:\/\/x.com\/Algarvesete","https:\/\/www.instagram.com\/jornalalgarve7\/","https:\/\/www.linkedin.com\/company\/algarve7","https:\/\/www.pinterest.pt\/geral0939\/_created\/"]},{"@type":"Person","@id":"https:\/\/algarve7.pt\/#\/schema\/person\/23fa70681308e7b319a3204bcea45e0c","name":"Algarve 7","sameAs":["https:\/\/algarve7.pt","https:\/\/www.facebook.com\/algarve7"],"url":"https:\/\/algarve7.pt\/index.php\/author\/geralalgarve7-pt\/"}]}},"jetpack_publicize_connections":[],"jetpack_featured_media_url":"https:\/\/algarve7.pt\/wp-content\/uploads\/2022\/10\/2022-101-visita-gal-galiza-02-scaled.jpg","jetpack_shortlink":"https:\/\/wp.me\/pcezmW-5Yh","jetpack_sharing_enabled":true,"_links":{"self":[{"href":"https:\/\/algarve7.pt\/index.php\/wp-json\/wp\/v2\/posts\/22957","targetHints":{"allow":["GET"]}}],"collection":[{"href":"https:\/\/algarve7.pt\/index.php\/wp-json\/wp\/v2\/posts"}],"about":[{"href":"https:\/\/algarve7.pt\/index.php\/wp-json\/wp\/v2\/types\/post"}],"author":[{"embeddable":true,"href":"https:\/\/algarve7.pt\/index.php\/wp-json\/wp\/v2\/users\/1"}],"replies":[{"embeddable":true,"href":"https:\/\/algarve7.pt\/index.php\/wp-json\/wp\/v2\/comments?post=22957"}],"version-history":[{"count":0,"href":"https:\/\/algarve7.pt\/index.php\/wp-json\/wp\/v2\/posts\/22957\/revisions"}],"wp:featuredmedia":[{"embeddable":true,"href":"https:\/\/algarve7.pt\/index.php\/wp-json\/wp\/v2\/media\/22958"}],"wp:attachment":[{"href":"https:\/\/algarve7.pt\/index.php\/wp-json\/wp\/v2\/media?parent=22957"}],"wp:term":[{"taxonomy":"category","embeddable":true,"href":"https:\/\/algarve7.pt\/index.php\/wp-json\/wp\/v2\/categories?post=22957"},{"taxonomy":"post_tag","embeddable":true,"href":"https:\/\/algarve7.pt\/index.php\/wp-json\/wp\/v2\/tags?post=22957"}],"curies":[{"name":"wp","href":"https:\/\/api.w.org\/{rel}","templated":true}]}}