{"id":22736,"date":"2022-10-20T14:54:16","date_gmt":"2022-10-20T13:54:16","guid":{"rendered":"https:\/\/algarve7.pt\/?p=22736"},"modified":"2022-10-20T14:54:25","modified_gmt":"2022-10-20T13:54:25","slug":"centro-cyclinlagos-vai-receber-a-4-a-taca-do-algarve-de-btt-xcm","status":"publish","type":"post","link":"https:\/\/algarve7.pt\/index.php\/2022\/10\/centro-cyclinlagos-vai-receber-a-4-a-taca-do-algarve-de-btt-xcm\/desporto\/14\/54\/","title":{"rendered":"Centro Cyclin\u2019Lagos vai receber a 4.\u00aa Ta\u00e7a do Algarve de BTT XCM"},"content":{"rendered":"\n<p>\u00c9 j\u00e1 no pr\u00f3ximo domingo, dia 23 de outubro, que os percursos do Centro Cyclin\u2019Lagos, em Bar\u00e3o de S\u00e3o Jo\u00e3o, ir\u00e3o receber as equipas e atletas desta modalidade de ciclismo para disputarem a 4.\u00aa Ta\u00e7a do Algarve na vertente BTT e, mais concretamente, na disciplina XCM, integrada no Campeonato Regional do Algarve.<\/p>\n\n\n\n<p>\u201cAs provas de Cross Country Marathon (XCM) s\u00e3o uma vers\u00e3o longa do XCO (Cross Country Ol\u00edmpico), disputando-se num percurso de 60 a 160 quil\u00f3metros. Uma caracter\u00edstica especial desta prova \u00e9 o facto de juntar amadores e profissionais no mesmo pelot\u00e3o. A maratona \u00e9 realizada numa regi\u00e3o montanhosa.\u201d*<\/p>\n\n\n\n<p>Em Lagos ir\u00e3o realizar-se, em simult\u00e2neo, uma prova de Maratona (com 76 km), destinada aos escal\u00f5es federados, e uma prova de Meia-Maratona (37 km) para os escal\u00f5es juniores, paraciclistas e E-MTB federados, as quais s\u00e3o igualmente abertas aos atletas n\u00e3o-federados dos clubes do concelho e da regi\u00e3o, denominadas \u201cclasses Promo\u00e7\u00e3o\u201d, que far\u00e3o a sua filia\u00e7\u00e3o no dia, no local da prova.<\/p>\n\n\n\n<p>De acordo com o programa, a abertura do Ponto de Passagem Obrigat\u00f3rio (PPO) decorrer\u00e1 entre as 8 e as 9 horas de domingo, estando a partida marcada para as 9h30 e a chegada prevista para as 12 e para as 14 horas, respetivamente para os atletas da Meia-Maratona e para os atletas da Maratona. Com percursos circulares, as provas t\u00eam, ambas, partida e chegada ao Centro Cultural de Bar\u00e3o de S\u00e3o Jo\u00e3o. A cerim\u00f3nia protocolar de entrega de pr\u00e9mios fecha, pelas 15 horas, o programa deste evento desportivo, que dever\u00e1 contar com uma participa\u00e7\u00e3o de mais de 20 equipas federadas.<\/p>\n\n\n\n<p>Para o munic\u00edpio esta \u00e9 uma oportunidade de divulgar as condi\u00e7\u00f5es existentes no concelho para a pr\u00e1tica de Ciclismo e de BTT, promovendo, simultaneamente, os demais recursos e atrativos do territ\u00f3rio. A iniciativa \u00e9 uma organiza\u00e7\u00e3o conjunta com a Associa\u00e7\u00e3o de Ciclismo do Algarve e com os dois clubes locais praticantes da vertente de BTT (Grupo Popular das Portelas e Associa\u00e7\u00e3o Amigos de Alm\u00e1dena), tendo o apoio do Centro Cultural de Bar\u00e3o de S\u00e3o Jo\u00e3o e da Uni\u00e3o de Freguesias de Bensafrim e Bar\u00e3o de S\u00e3o Jo\u00e3o.<\/p>\n\n\n\n<p>Fonte: <a href=\"https:\/\/www.fpciclismo.pt\/apresentacao-btt\" target=\"_blank\" rel=\"noreferrer noopener\">https:\/\/www.fpciclismo.pt\/apresentacao-btt<\/a><\/p>\n","protected":false},"excerpt":{"rendered":"<p>\u00c9 j\u00e1 no pr\u00f3ximo domingo, dia 23 de outubro, que os percursos do Centro Cyclin\u2019Lagos, em Bar\u00e3o de S\u00e3o Jo\u00e3o,<\/p>\n","protected":false},"author":1,"featured_media":3522,"comment_status":"closed","ping_status":"open","sticky":false,"template":"","format":"standard","meta":{"colormag_page_container_layout":"default_layout","colormag_page_sidebar_layout":"default_layout","_monsterinsights_skip_tracking":false,"_monsterinsights_sitenote_active":false,"_monsterinsights_sitenote_note":"","_monsterinsights_sitenote_category":0,"jetpack_post_was_ever_published":false,"_jetpack_newsletter_access":"","_jetpack_dont_email_post_to_subs":false,"_jetpack_newsletter_tier_id":0,"_jetpack_memberships_contains_paywalled_content":false,"_jetpack_memberships_contains_paid_content":false,"footnotes":"","jetpack_publicize_message":"","jetpack_publicize_feature_enabled":true,"jetpack_social_post_already_shared":true,"jetpack_social_options":{"image_generator_settings":{"template":"highway","default_image_id":0,"font":"","enabled":false},"version":2}},"categories":[15],"tags":[36,362,40,48,68],"class_list":["post-22736","post","type-post","status-publish","format-standard","has-post-thumbnail","hentry","category-desporto","tag-algarve","tag-btt","tag-desporto","tag-lagoa","tag-lagos"],"yoast_head":"<!-- This site is optimized with the Yoast SEO plugin v27.5 - https:\/\/yoast.com\/product\/yoast-seo-wordpress\/ -->\n<title>Centro Cyclin\u2019Lagos vai receber a 4.\u00aa Ta\u00e7a do Algarve de BTT XCM - Algarve 7<\/title>\n<meta name=\"description\" content=\"Centro Cyclin\u2019Lagos vai receber a 4.\u00aa Ta\u00e7a do Algarve de BTT XCM Desporto\" \/>\n<meta name=\"robots\" content=\"index, follow, max-snippet:-1, max-image-preview:large, max-video-preview:-1\" \/>\n<link rel=\"canonical\" href=\"https:\/\/algarve7.pt\/index.php\/2022\/10\/centro-cyclinlagos-vai-receber-a-4-a-taca-do-algarve-de-btt-xcm\/desporto\/14\/54\/\" \/>\n<meta property=\"og:locale\" content=\"pt_PT\" \/>\n<meta property=\"og:type\" content=\"article\" \/>\n<meta property=\"og:title\" content=\"Centro Cyclin\u2019Lagos vai receber a 4.\u00aa Ta\u00e7a do Algarve de BTT XCM - Algarve 7\" \/>\n<meta property=\"og:description\" content=\"Centro Cyclin\u2019Lagos vai receber a 4.\u00aa Ta\u00e7a do Algarve de BTT XCM Desporto\" \/>\n<meta property=\"og:url\" content=\"https:\/\/algarve7.pt\/index.php\/2022\/10\/centro-cyclinlagos-vai-receber-a-4-a-taca-do-algarve-de-btt-xcm\/desporto\/14\/54\/\" \/>\n<meta property=\"og:site_name\" content=\"Algarve 7\" \/>\n<meta property=\"article:publisher\" content=\"https:\/\/www.facebook.com\/algarve7\" \/>\n<meta property=\"article:author\" content=\"https:\/\/www.facebook.com\/algarve7\" \/>\n<meta property=\"article:published_time\" content=\"2022-10-20T13:54:16+00:00\" \/>\n<meta property=\"article:modified_time\" content=\"2022-10-20T13:54:25+00:00\" \/>\n<meta property=\"og:image\" content=\"https:\/\/algarve7.pt\/wp-content\/uploads\/2020\/11\/Porto-de-pesca-de-Lagos.jpg\" \/>\n\t<meta property=\"og:image:width\" content=\"1920\" \/>\n\t<meta property=\"og:image:height\" content=\"1080\" \/>\n\t<meta property=\"og:image:type\" content=\"image\/jpeg\" \/>\n<meta name=\"author\" content=\"Algarve 7\" \/>\n<meta name=\"twitter:card\" content=\"summary_large_image\" \/>\n<meta name=\"twitter:creator\" content=\"@Algarvesete\" \/>\n<meta name=\"twitter:site\" content=\"@Algarvesete\" \/>\n<meta name=\"twitter:label1\" content=\"Escrito por\" \/>\n\t<meta name=\"twitter:data1\" content=\"Algarve 7\" \/>\n\t<meta name=\"twitter:label2\" content=\"Tempo estimado de leitura\" \/>\n\t<meta name=\"twitter:data2\" content=\"2 minutos\" \/>\n<script type=\"application\/ld+json\" class=\"yoast-schema-graph\">{\"@context\":\"https:\\\/\\\/schema.org\",\"@graph\":[{\"@type\":\"Article\",\"@id\":\"https:\\\/\\\/algarve7.pt\\\/index.php\\\/2022\\\/10\\\/centro-cyclinlagos-vai-receber-a-4-a-taca-do-algarve-de-btt-xcm\\\/desporto\\\/14\\\/54\\\/#article\",\"isPartOf\":{\"@id\":\"https:\\\/\\\/algarve7.pt\\\/index.php\\\/2022\\\/10\\\/centro-cyclinlagos-vai-receber-a-4-a-taca-do-algarve-de-btt-xcm\\\/desporto\\\/14\\\/54\\\/\"},\"author\":{\"name\":\"Algarve 7\",\"@id\":\"https:\\\/\\\/algarve7.pt\\\/#\\\/schema\\\/person\\\/23fa70681308e7b319a3204bcea45e0c\"},\"headline\":\"Centro Cyclin\u2019Lagos vai receber a 4.\u00aa Ta\u00e7a do Algarve de BTT XCM\",\"datePublished\":\"2022-10-20T13:54:16+00:00\",\"dateModified\":\"2022-10-20T13:54:25+00:00\",\"mainEntityOfPage\":{\"@id\":\"https:\\\/\\\/algarve7.pt\\\/index.php\\\/2022\\\/10\\\/centro-cyclinlagos-vai-receber-a-4-a-taca-do-algarve-de-btt-xcm\\\/desporto\\\/14\\\/54\\\/\"},\"wordCount\":396,\"publisher\":{\"@id\":\"https:\\\/\\\/algarve7.pt\\\/#organization\"},\"image\":{\"@id\":\"https:\\\/\\\/algarve7.pt\\\/index.php\\\/2022\\\/10\\\/centro-cyclinlagos-vai-receber-a-4-a-taca-do-algarve-de-btt-xcm\\\/desporto\\\/14\\\/54\\\/#primaryimage\"},\"thumbnailUrl\":\"https:\\\/\\\/algarve7.pt\\\/wp-content\\\/uploads\\\/2020\\\/11\\\/Porto-de-pesca-de-Lagos.jpg\",\"keywords\":[\"Algarve\",\"BTT\",\"Desporto\",\"Lagoa\",\"Lagos\"],\"articleSection\":[\"Desporto\"],\"inLanguage\":\"pt-PT\"},{\"@type\":\"WebPage\",\"@id\":\"https:\\\/\\\/algarve7.pt\\\/index.php\\\/2022\\\/10\\\/centro-cyclinlagos-vai-receber-a-4-a-taca-do-algarve-de-btt-xcm\\\/desporto\\\/14\\\/54\\\/\",\"url\":\"https:\\\/\\\/algarve7.pt\\\/index.php\\\/2022\\\/10\\\/centro-cyclinlagos-vai-receber-a-4-a-taca-do-algarve-de-btt-xcm\\\/desporto\\\/14\\\/54\\\/\",\"name\":\"Centro Cyclin\u2019Lagos vai receber a 4.\u00aa Ta\u00e7a do Algarve de BTT XCM - Algarve 7\",\"isPartOf\":{\"@id\":\"https:\\\/\\\/algarve7.pt\\\/#website\"},\"primaryImageOfPage\":{\"@id\":\"https:\\\/\\\/algarve7.pt\\\/index.php\\\/2022\\\/10\\\/centro-cyclinlagos-vai-receber-a-4-a-taca-do-algarve-de-btt-xcm\\\/desporto\\\/14\\\/54\\\/#primaryimage\"},\"image\":{\"@id\":\"https:\\\/\\\/algarve7.pt\\\/index.php\\\/2022\\\/10\\\/centro-cyclinlagos-vai-receber-a-4-a-taca-do-algarve-de-btt-xcm\\\/desporto\\\/14\\\/54\\\/#primaryimage\"},\"thumbnailUrl\":\"https:\\\/\\\/algarve7.pt\\\/wp-content\\\/uploads\\\/2020\\\/11\\\/Porto-de-pesca-de-Lagos.jpg\",\"datePublished\":\"2022-10-20T13:54:16+00:00\",\"dateModified\":\"2022-10-20T13:54:25+00:00\",\"description\":\"Centro Cyclin\u2019Lagos vai receber a 4.\u00aa Ta\u00e7a do Algarve de BTT XCM Desporto\",\"breadcrumb\":{\"@id\":\"https:\\\/\\\/algarve7.pt\\\/index.php\\\/2022\\\/10\\\/centro-cyclinlagos-vai-receber-a-4-a-taca-do-algarve-de-btt-xcm\\\/desporto\\\/14\\\/54\\\/#breadcrumb\"},\"inLanguage\":\"pt-PT\",\"potentialAction\":[{\"@type\":\"ReadAction\",\"target\":[\"https:\\\/\\\/algarve7.pt\\\/index.php\\\/2022\\\/10\\\/centro-cyclinlagos-vai-receber-a-4-a-taca-do-algarve-de-btt-xcm\\\/desporto\\\/14\\\/54\\\/\"]}]},{\"@type\":\"ImageObject\",\"inLanguage\":\"pt-PT\",\"@id\":\"https:\\\/\\\/algarve7.pt\\\/index.php\\\/2022\\\/10\\\/centro-cyclinlagos-vai-receber-a-4-a-taca-do-algarve-de-btt-xcm\\\/desporto\\\/14\\\/54\\\/#primaryimage\",\"url\":\"https:\\\/\\\/algarve7.pt\\\/wp-content\\\/uploads\\\/2020\\\/11\\\/Porto-de-pesca-de-Lagos.jpg\",\"contentUrl\":\"https:\\\/\\\/algarve7.pt\\\/wp-content\\\/uploads\\\/2020\\\/11\\\/Porto-de-pesca-de-Lagos.jpg\",\"width\":1920,\"height\":1080,\"caption\":\"DCIM100MEDIADJI_0045.JPG\"},{\"@type\":\"BreadcrumbList\",\"@id\":\"https:\\\/\\\/algarve7.pt\\\/index.php\\\/2022\\\/10\\\/centro-cyclinlagos-vai-receber-a-4-a-taca-do-algarve-de-btt-xcm\\\/desporto\\\/14\\\/54\\\/#breadcrumb\",\"itemListElement\":[{\"@type\":\"ListItem\",\"position\":1,\"name\":\"In\u00edcio\",\"item\":\"https:\\\/\\\/algarve7.pt\\\/\"},{\"@type\":\"ListItem\",\"position\":2,\"name\":\"Centro Cyclin\u2019Lagos vai receber a 4.\u00aa Ta\u00e7a do Algarve de BTT XCM\"}]},{\"@type\":\"WebSite\",\"@id\":\"https:\\\/\\\/algarve7.pt\\\/#website\",\"url\":\"https:\\\/\\\/algarve7.pt\\\/\",\"name\":\"Algarve 7\",\"description\":\"Informa\u00e7\u00e3o sobre o Algarve\",\"publisher\":{\"@id\":\"https:\\\/\\\/algarve7.pt\\\/#organization\"},\"potentialAction\":[{\"@type\":\"SearchAction\",\"target\":{\"@type\":\"EntryPoint\",\"urlTemplate\":\"https:\\\/\\\/algarve7.pt\\\/?s={search_term_string}\"},\"query-input\":{\"@type\":\"PropertyValueSpecification\",\"valueRequired\":true,\"valueName\":\"search_term_string\"}}],\"inLanguage\":\"pt-PT\"},{\"@type\":\"Organization\",\"@id\":\"https:\\\/\\\/algarve7.pt\\\/#organization\",\"name\":\"Algarve 7\",\"url\":\"https:\\\/\\\/algarve7.pt\\\/\",\"logo\":{\"@type\":\"ImageObject\",\"inLanguage\":\"pt-PT\",\"@id\":\"https:\\\/\\\/algarve7.pt\\\/#\\\/schema\\\/logo\\\/image\\\/\",\"url\":\"https:\\\/\\\/algarve7.pt\\\/wp-content\\\/uploads\\\/2020\\\/10\\\/Logo-8.jpg\",\"contentUrl\":\"https:\\\/\\\/algarve7.pt\\\/wp-content\\\/uploads\\\/2020\\\/10\\\/Logo-8.jpg\",\"width\":1680,\"height\":1186,\"caption\":\"Algarve 7\"},\"image\":{\"@id\":\"https:\\\/\\\/algarve7.pt\\\/#\\\/schema\\\/logo\\\/image\\\/\"},\"sameAs\":[\"https:\\\/\\\/www.facebook.com\\\/algarve7\",\"https:\\\/\\\/x.com\\\/Algarvesete\",\"https:\\\/\\\/www.instagram.com\\\/jornalalgarve7\\\/\",\"https:\\\/\\\/www.linkedin.com\\\/company\\\/algarve7\",\"https:\\\/\\\/www.pinterest.pt\\\/geral0939\\\/_created\\\/\"]},{\"@type\":\"Person\",\"@id\":\"https:\\\/\\\/algarve7.pt\\\/#\\\/schema\\\/person\\\/23fa70681308e7b319a3204bcea45e0c\",\"name\":\"Algarve 7\",\"sameAs\":[\"https:\\\/\\\/algarve7.pt\",\"https:\\\/\\\/www.facebook.com\\\/algarve7\"],\"url\":\"https:\\\/\\\/algarve7.pt\\\/index.php\\\/author\\\/geralalgarve7-pt\\\/\"}]}<\/script>\n<!-- \/ Yoast SEO plugin. -->","yoast_head_json":{"title":"Centro Cyclin\u2019Lagos vai receber a 4.\u00aa Ta\u00e7a do Algarve de BTT XCM - Algarve 7","description":"Centro Cyclin\u2019Lagos vai receber a 4.\u00aa Ta\u00e7a do Algarve de BTT XCM Desporto","robots":{"index":"index","follow":"follow","max-snippet":"max-snippet:-1","max-image-preview":"max-image-preview:large","max-video-preview":"max-video-preview:-1"},"canonical":"https:\/\/algarve7.pt\/index.php\/2022\/10\/centro-cyclinlagos-vai-receber-a-4-a-taca-do-algarve-de-btt-xcm\/desporto\/14\/54\/","og_locale":"pt_PT","og_type":"article","og_title":"Centro Cyclin\u2019Lagos vai receber a 4.\u00aa Ta\u00e7a do Algarve de BTT XCM - Algarve 7","og_description":"Centro Cyclin\u2019Lagos vai receber a 4.\u00aa Ta\u00e7a do Algarve de BTT XCM Desporto","og_url":"https:\/\/algarve7.pt\/index.php\/2022\/10\/centro-cyclinlagos-vai-receber-a-4-a-taca-do-algarve-de-btt-xcm\/desporto\/14\/54\/","og_site_name":"Algarve 7","article_publisher":"https:\/\/www.facebook.com\/algarve7","article_author":"https:\/\/www.facebook.com\/algarve7","article_published_time":"2022-10-20T13:54:16+00:00","article_modified_time":"2022-10-20T13:54:25+00:00","og_image":[{"width":1920,"height":1080,"url":"https:\/\/algarve7.pt\/wp-content\/uploads\/2020\/11\/Porto-de-pesca-de-Lagos.jpg","type":"image\/jpeg"}],"author":"Algarve 7","twitter_card":"summary_large_image","twitter_creator":"@Algarvesete","twitter_site":"@Algarvesete","twitter_misc":{"Escrito por":"Algarve 7","Tempo estimado de leitura":"2 minutos"},"schema":{"@context":"https:\/\/schema.org","@graph":[{"@type":"Article","@id":"https:\/\/algarve7.pt\/index.php\/2022\/10\/centro-cyclinlagos-vai-receber-a-4-a-taca-do-algarve-de-btt-xcm\/desporto\/14\/54\/#article","isPartOf":{"@id":"https:\/\/algarve7.pt\/index.php\/2022\/10\/centro-cyclinlagos-vai-receber-a-4-a-taca-do-algarve-de-btt-xcm\/desporto\/14\/54\/"},"author":{"name":"Algarve 7","@id":"https:\/\/algarve7.pt\/#\/schema\/person\/23fa70681308e7b319a3204bcea45e0c"},"headline":"Centro Cyclin\u2019Lagos vai receber a 4.\u00aa Ta\u00e7a do Algarve de BTT XCM","datePublished":"2022-10-20T13:54:16+00:00","dateModified":"2022-10-20T13:54:25+00:00","mainEntityOfPage":{"@id":"https:\/\/algarve7.pt\/index.php\/2022\/10\/centro-cyclinlagos-vai-receber-a-4-a-taca-do-algarve-de-btt-xcm\/desporto\/14\/54\/"},"wordCount":396,"publisher":{"@id":"https:\/\/algarve7.pt\/#organization"},"image":{"@id":"https:\/\/algarve7.pt\/index.php\/2022\/10\/centro-cyclinlagos-vai-receber-a-4-a-taca-do-algarve-de-btt-xcm\/desporto\/14\/54\/#primaryimage"},"thumbnailUrl":"https:\/\/algarve7.pt\/wp-content\/uploads\/2020\/11\/Porto-de-pesca-de-Lagos.jpg","keywords":["Algarve","BTT","Desporto","Lagoa","Lagos"],"articleSection":["Desporto"],"inLanguage":"pt-PT"},{"@type":"WebPage","@id":"https:\/\/algarve7.pt\/index.php\/2022\/10\/centro-cyclinlagos-vai-receber-a-4-a-taca-do-algarve-de-btt-xcm\/desporto\/14\/54\/","url":"https:\/\/algarve7.pt\/index.php\/2022\/10\/centro-cyclinlagos-vai-receber-a-4-a-taca-do-algarve-de-btt-xcm\/desporto\/14\/54\/","name":"Centro Cyclin\u2019Lagos vai receber a 4.\u00aa Ta\u00e7a do Algarve de BTT XCM - Algarve 7","isPartOf":{"@id":"https:\/\/algarve7.pt\/#website"},"primaryImageOfPage":{"@id":"https:\/\/algarve7.pt\/index.php\/2022\/10\/centro-cyclinlagos-vai-receber-a-4-a-taca-do-algarve-de-btt-xcm\/desporto\/14\/54\/#primaryimage"},"image":{"@id":"https:\/\/algarve7.pt\/index.php\/2022\/10\/centro-cyclinlagos-vai-receber-a-4-a-taca-do-algarve-de-btt-xcm\/desporto\/14\/54\/#primaryimage"},"thumbnailUrl":"https:\/\/algarve7.pt\/wp-content\/uploads\/2020\/11\/Porto-de-pesca-de-Lagos.jpg","datePublished":"2022-10-20T13:54:16+00:00","dateModified":"2022-10-20T13:54:25+00:00","description":"Centro Cyclin\u2019Lagos vai receber a 4.\u00aa Ta\u00e7a do Algarve de BTT XCM Desporto","breadcrumb":{"@id":"https:\/\/algarve7.pt\/index.php\/2022\/10\/centro-cyclinlagos-vai-receber-a-4-a-taca-do-algarve-de-btt-xcm\/desporto\/14\/54\/#breadcrumb"},"inLanguage":"pt-PT","potentialAction":[{"@type":"ReadAction","target":["https:\/\/algarve7.pt\/index.php\/2022\/10\/centro-cyclinlagos-vai-receber-a-4-a-taca-do-algarve-de-btt-xcm\/desporto\/14\/54\/"]}]},{"@type":"ImageObject","inLanguage":"pt-PT","@id":"https:\/\/algarve7.pt\/index.php\/2022\/10\/centro-cyclinlagos-vai-receber-a-4-a-taca-do-algarve-de-btt-xcm\/desporto\/14\/54\/#primaryimage","url":"https:\/\/algarve7.pt\/wp-content\/uploads\/2020\/11\/Porto-de-pesca-de-Lagos.jpg","contentUrl":"https:\/\/algarve7.pt\/wp-content\/uploads\/2020\/11\/Porto-de-pesca-de-Lagos.jpg","width":1920,"height":1080,"caption":"DCIM100MEDIADJI_0045.JPG"},{"@type":"BreadcrumbList","@id":"https:\/\/algarve7.pt\/index.php\/2022\/10\/centro-cyclinlagos-vai-receber-a-4-a-taca-do-algarve-de-btt-xcm\/desporto\/14\/54\/#breadcrumb","itemListElement":[{"@type":"ListItem","position":1,"name":"In\u00edcio","item":"https:\/\/algarve7.pt\/"},{"@type":"ListItem","position":2,"name":"Centro Cyclin\u2019Lagos vai receber a 4.\u00aa Ta\u00e7a do Algarve de BTT XCM"}]},{"@type":"WebSite","@id":"https:\/\/algarve7.pt\/#website","url":"https:\/\/algarve7.pt\/","name":"Algarve 7","description":"Informa\u00e7\u00e3o sobre o Algarve","publisher":{"@id":"https:\/\/algarve7.pt\/#organization"},"potentialAction":[{"@type":"SearchAction","target":{"@type":"EntryPoint","urlTemplate":"https:\/\/algarve7.pt\/?s={search_term_string}"},"query-input":{"@type":"PropertyValueSpecification","valueRequired":true,"valueName":"search_term_string"}}],"inLanguage":"pt-PT"},{"@type":"Organization","@id":"https:\/\/algarve7.pt\/#organization","name":"Algarve 7","url":"https:\/\/algarve7.pt\/","logo":{"@type":"ImageObject","inLanguage":"pt-PT","@id":"https:\/\/algarve7.pt\/#\/schema\/logo\/image\/","url":"https:\/\/algarve7.pt\/wp-content\/uploads\/2020\/10\/Logo-8.jpg","contentUrl":"https:\/\/algarve7.pt\/wp-content\/uploads\/2020\/10\/Logo-8.jpg","width":1680,"height":1186,"caption":"Algarve 7"},"image":{"@id":"https:\/\/algarve7.pt\/#\/schema\/logo\/image\/"},"sameAs":["https:\/\/www.facebook.com\/algarve7","https:\/\/x.com\/Algarvesete","https:\/\/www.instagram.com\/jornalalgarve7\/","https:\/\/www.linkedin.com\/company\/algarve7","https:\/\/www.pinterest.pt\/geral0939\/_created\/"]},{"@type":"Person","@id":"https:\/\/algarve7.pt\/#\/schema\/person\/23fa70681308e7b319a3204bcea45e0c","name":"Algarve 7","sameAs":["https:\/\/algarve7.pt","https:\/\/www.facebook.com\/algarve7"],"url":"https:\/\/algarve7.pt\/index.php\/author\/geralalgarve7-pt\/"}]}},"jetpack_publicize_connections":[],"jetpack_featured_media_url":"https:\/\/algarve7.pt\/wp-content\/uploads\/2020\/11\/Porto-de-pesca-de-Lagos.jpg","jetpack_shortlink":"https:\/\/wp.me\/pcezmW-5UI","jetpack_sharing_enabled":true,"_links":{"self":[{"href":"https:\/\/algarve7.pt\/index.php\/wp-json\/wp\/v2\/posts\/22736","targetHints":{"allow":["GET"]}}],"collection":[{"href":"https:\/\/algarve7.pt\/index.php\/wp-json\/wp\/v2\/posts"}],"about":[{"href":"https:\/\/algarve7.pt\/index.php\/wp-json\/wp\/v2\/types\/post"}],"author":[{"embeddable":true,"href":"https:\/\/algarve7.pt\/index.php\/wp-json\/wp\/v2\/users\/1"}],"replies":[{"embeddable":true,"href":"https:\/\/algarve7.pt\/index.php\/wp-json\/wp\/v2\/comments?post=22736"}],"version-history":[{"count":0,"href":"https:\/\/algarve7.pt\/index.php\/wp-json\/wp\/v2\/posts\/22736\/revisions"}],"wp:featuredmedia":[{"embeddable":true,"href":"https:\/\/algarve7.pt\/index.php\/wp-json\/wp\/v2\/media\/3522"}],"wp:attachment":[{"href":"https:\/\/algarve7.pt\/index.php\/wp-json\/wp\/v2\/media?parent=22736"}],"wp:term":[{"taxonomy":"category","embeddable":true,"href":"https:\/\/algarve7.pt\/index.php\/wp-json\/wp\/v2\/categories?post=22736"},{"taxonomy":"post_tag","embeddable":true,"href":"https:\/\/algarve7.pt\/index.php\/wp-json\/wp\/v2\/tags?post=22736"}],"curies":[{"name":"wp","href":"https:\/\/api.w.org\/{rel}","templated":true}]}}