{"id":22732,"date":"2022-10-20T12:54:05","date_gmt":"2022-10-20T11:54:05","guid":{"rendered":"https:\/\/algarve7.pt\/?p=22732"},"modified":"2022-10-20T12:54:12","modified_gmt":"2022-10-20T11:54:12","slug":"conferencia-ide-inovacao-desenvolvimento-e-empreendedorismo-na-ualg","status":"publish","type":"post","link":"https:\/\/algarve7.pt\/index.php\/2022\/10\/conferencia-ide-inovacao-desenvolvimento-e-empreendedorismo-na-ualg\/educacao\/12\/54\/","title":{"rendered":"Confer\u00eancia IDE &#8211; Inova\u00e7\u00e3o, Desenvolvimento e Empreendedorismo na Ualg"},"content":{"rendered":"\n<p>A Associa\u00e7\u00e3o Acad\u00e9mica da UAlg organiza, no dia 25 de outubro, pelas 09h30, a Confer\u00eancia IDE (Inova\u00e7\u00e3o, Desenvolvimento e Empreendedorismo), que ter\u00e1 lugar no audit\u00f3rio 1.5 do Complexo Pedag\u00f3gico do&nbsp;Campus&nbsp;da Penha em formato simp\u00f3sio<\/p>\n\n\n\n<p>O Pelouro de Inova\u00e7\u00e3o, Desenvolvimento e Empreendedorismo da AAUAlg decidiu organizar a Confer\u00eancia IDE (Inova\u00e7\u00e3o, Desenvolvimento e Empreendedorismo) com o prop\u00f3sito de proporcionar aos estudantes da Universidade do Algarve momentos de discuss\u00e3o e reflex\u00e3o sobre tem\u00e1ticas atuais. Pretendemos tamb\u00e9m agregar estudantes universit\u00e1rios do Algarve e das universidades que constituem o Campus Sul, bem como a integra\u00e7\u00e3o e partilha de trabalhos dos nossos colegas.<\/p>\n\n\n\n<p><strong>PROGRAMA:<\/strong><\/p>\n\n\n\n<p><strong>10h00 | Sess\u00e3o de Abertura<\/strong><\/p>\n\n\n\n<p>F\u00e1bio Zacarias, Presidente da Associa\u00e7\u00e3o Acad\u00e9mica da Universidade do Algarve<\/p>\n\n\n\n<p>Paulo \u00c1guas, Reitor da Universidade do Algarve<\/p>\n\n\n\n<p>Pedro Nuno Teixeira, Secret\u00e1rio de Estado do Ensino Superior (participa\u00e7\u00e3o em v\u00eddeo)<\/p>\n\n\n\n<p>Paulo Santos, Vice-Presidente da C\u00e2mara Municipal de Faro<\/p>\n\n\n\n<p>Cust\u00f3dio Moreno, Diretor Regional do Instituto Portugu\u00eas do Desporto e Juventude<\/p>\n\n\n\n<p>Alexandra Rodrigues Gon\u00e7alves, Diretora da Escola Superior de Gest\u00e3o, Hotelaria e Turismo<\/p>\n\n\n\n<p>Jos\u00e9 Apolin\u00e1rio, Presidente da Comiss\u00e3o de Coordena\u00e7\u00e3o e Desenvolvimento Regional do Algarve<\/p>\n\n\n\n<p><strong>10h30 | Painel: O Futuro do Ensino Superior<\/strong><\/p>\n\n\n\n<p>Paulo \u00c1guas, Reitor da Universidade do Algarve<\/p>\n\n\n\n<p>F\u00e1bio Zacarias, Presidente da Associa\u00e7\u00e3o Acad\u00e9mica da Universidade do Algarve<\/p>\n\n\n\n<p>Edgar Coimbra, Presidente da Associa\u00e7\u00e3o de Estudantes da Faculdade de Ci\u00eancias e Tecnologias Nova<\/p>\n\n\n\n<p>Jorge Candeias, Chefe da Unidade de Promo\u00e7\u00e3o do Desporto e da Juventude da C\u00e2mara Municipal de Faro<\/p>\n\n\n\n<p>Ana Paula Canavarro, Vice-Reitora para a Educa\u00e7\u00e3o e Inova\u00e7\u00e3o Pedag\u00f3gica da Universidade de \u00c9vora<\/p>\n\n\n\n<p><strong>11h30 | Painel: Inova\u00e7\u00e3o, Desenvolvimento, Empreendedorismo<\/strong><\/p>\n\n\n\n<p>Ricardo Mariano, CEO do Grupo Timing<\/p>\n\n\n\n<p>Tom\u00e1s Caeiro, Founder &amp; CEO da CityCheck<\/p>\n\n\n\n<p>Lu\u00eds Matos Martins, Administrador dos Territ\u00f3rios Criativos<\/p>\n\n\n\n<p>Miguel Rocha Fernandes, Fundador da Dengun Startup Studio<\/p>\n\n\n\n<p>Am\u00e9rico Mateus, Diretor do Centro de Investiga\u00e7\u00e3o Transdisciplinar para o Empreendedorismo &amp; Inova\u00e7\u00e3o Ecossist\u00e9mica do Grupo Lus\u00f3fona, Professor no Instituto Superior Manuel Teixeira Gomes<\/p>\n\n\n\n<p>Francesco Berrettini, Manager, Partnerships &amp; Projects \u2013 Portugal at Empowered Startups<\/p>\n\n\n\n<p>Catarina Rodrigues Marques, CEO da MOVEong<\/p>\n\n\n\n<p><strong>12h15 | Painel: Novos Modelos de Neg\u00f3cio e Atividades Econ\u00f3micas Alternativas<\/strong><\/p>\n\n\n\n<p>Lu\u00eds Serra Coelho, Subdiretor da Faculdade de Economia da UAlg<\/p>\n\n\n\n<p>Teresa Fi\u00faza, Vice-Presidente da Portugal Ventures<\/p>\n\n\n\n<p>Jos\u00e9 Vale, Diretor de Empreendedorismo e Inova\u00e7\u00e3o do IAPMEI<\/p>\n\n\n\n<p>Alexandra Rodrigues Gon\u00e7alves, Diretora da Escola Superior de Gest\u00e3o, Hotelaria e Turismo<\/p>\n\n\n\n<p>Hugo de Sousa, Managing Partner at Innovation by Kaizen<\/p>\n\n\n\n<p>Ricardo Filipe, Lighthouse Solutions<\/p>\n","protected":false},"excerpt":{"rendered":"<p>A Associa\u00e7\u00e3o Acad\u00e9mica da UAlg organiza, no dia 25 de outubro, pelas 09h30, a Confer\u00eancia IDE (Inova\u00e7\u00e3o, Desenvolvimento e Empreendedorismo),<\/p>\n","protected":false},"author":1,"featured_media":22733,"comment_status":"closed","ping_status":"open","sticky":false,"template":"","format":"standard","meta":{"colormag_page_container_layout":"default_layout","colormag_page_sidebar_layout":"default_layout","_monsterinsights_skip_tracking":false,"_monsterinsights_sitenote_active":false,"_monsterinsights_sitenote_note":"","_monsterinsights_sitenote_category":0,"jetpack_post_was_ever_published":false,"_jetpack_newsletter_access":"","_jetpack_dont_email_post_to_subs":false,"_jetpack_newsletter_tier_id":0,"_jetpack_memberships_contains_paywalled_content":false,"_jetpack_memberships_contains_paid_content":false,"footnotes":"","jetpack_publicize_message":"","jetpack_publicize_feature_enabled":true,"jetpack_social_post_already_shared":true,"jetpack_social_options":{"image_generator_settings":{"template":"highway","default_image_id":0,"font":"","enabled":false},"version":2}},"categories":[93],"tags":[36,304,74,182],"class_list":["post-22732","post","type-post","status-publish","format-standard","has-post-thumbnail","hentry","category-educacao","tag-algarve","tag-conferencia","tag-educacao","tag-ualg"],"yoast_head":"<!-- This site is optimized with the Yoast SEO plugin v27.5 - https:\/\/yoast.com\/product\/yoast-seo-wordpress\/ -->\n<title>Confer\u00eancia IDE - Inova\u00e7\u00e3o, Desenvolvimento e Empreendedorismo na Ualg - Algarve 7<\/title>\n<meta name=\"description\" content=\"Confer\u00eancia IDE - Inova\u00e7\u00e3o, Desenvolvimento e Empreendedorismo na Ualg Educa\u00e7\u00e3o\" \/>\n<meta name=\"robots\" content=\"index, follow, max-snippet:-1, max-image-preview:large, max-video-preview:-1\" \/>\n<link rel=\"canonical\" href=\"https:\/\/algarve7.pt\/index.php\/2022\/10\/conferencia-ide-inovacao-desenvolvimento-e-empreendedorismo-na-ualg\/educacao\/12\/54\/\" \/>\n<meta property=\"og:locale\" content=\"pt_PT\" \/>\n<meta property=\"og:type\" content=\"article\" \/>\n<meta property=\"og:title\" content=\"Confer\u00eancia IDE - Inova\u00e7\u00e3o, Desenvolvimento e Empreendedorismo na Ualg - Algarve 7\" \/>\n<meta property=\"og:description\" content=\"Confer\u00eancia IDE - Inova\u00e7\u00e3o, Desenvolvimento e Empreendedorismo na Ualg Educa\u00e7\u00e3o\" \/>\n<meta property=\"og:url\" content=\"https:\/\/algarve7.pt\/index.php\/2022\/10\/conferencia-ide-inovacao-desenvolvimento-e-empreendedorismo-na-ualg\/educacao\/12\/54\/\" \/>\n<meta property=\"og:site_name\" content=\"Algarve 7\" \/>\n<meta property=\"article:publisher\" content=\"https:\/\/www.facebook.com\/algarve7\" \/>\n<meta property=\"article:author\" content=\"https:\/\/www.facebook.com\/algarve7\" \/>\n<meta property=\"article:published_time\" content=\"2022-10-20T11:54:05+00:00\" \/>\n<meta property=\"article:modified_time\" content=\"2022-10-20T11:54:12+00:00\" \/>\n<meta property=\"og:image\" content=\"https:\/\/algarve7.pt\/wp-content\/uploads\/2022\/10\/111_0-585x399-1.jpg\" \/>\n\t<meta property=\"og:image:width\" content=\"585\" \/>\n\t<meta property=\"og:image:height\" content=\"399\" \/>\n\t<meta property=\"og:image:type\" content=\"image\/jpeg\" \/>\n<meta name=\"author\" content=\"Algarve 7\" \/>\n<meta name=\"twitter:card\" content=\"summary_large_image\" \/>\n<meta name=\"twitter:creator\" content=\"@Algarvesete\" \/>\n<meta name=\"twitter:site\" content=\"@Algarvesete\" \/>\n<meta name=\"twitter:label1\" content=\"Escrito por\" \/>\n\t<meta name=\"twitter:data1\" content=\"Algarve 7\" \/>\n\t<meta name=\"twitter:label2\" content=\"Tempo estimado de leitura\" \/>\n\t<meta name=\"twitter:data2\" content=\"3 minutos\" \/>\n<script type=\"application\/ld+json\" class=\"yoast-schema-graph\">{\"@context\":\"https:\\\/\\\/schema.org\",\"@graph\":[{\"@type\":\"Article\",\"@id\":\"https:\\\/\\\/algarve7.pt\\\/index.php\\\/2022\\\/10\\\/conferencia-ide-inovacao-desenvolvimento-e-empreendedorismo-na-ualg\\\/educacao\\\/12\\\/54\\\/#article\",\"isPartOf\":{\"@id\":\"https:\\\/\\\/algarve7.pt\\\/index.php\\\/2022\\\/10\\\/conferencia-ide-inovacao-desenvolvimento-e-empreendedorismo-na-ualg\\\/educacao\\\/12\\\/54\\\/\"},\"author\":{\"name\":\"Algarve 7\",\"@id\":\"https:\\\/\\\/algarve7.pt\\\/#\\\/schema\\\/person\\\/23fa70681308e7b319a3204bcea45e0c\"},\"headline\":\"Confer\u00eancia IDE &#8211; Inova\u00e7\u00e3o, Desenvolvimento e Empreendedorismo na Ualg\",\"datePublished\":\"2022-10-20T11:54:05+00:00\",\"dateModified\":\"2022-10-20T11:54:12+00:00\",\"mainEntityOfPage\":{\"@id\":\"https:\\\/\\\/algarve7.pt\\\/index.php\\\/2022\\\/10\\\/conferencia-ide-inovacao-desenvolvimento-e-empreendedorismo-na-ualg\\\/educacao\\\/12\\\/54\\\/\"},\"wordCount\":447,\"publisher\":{\"@id\":\"https:\\\/\\\/algarve7.pt\\\/#organization\"},\"image\":{\"@id\":\"https:\\\/\\\/algarve7.pt\\\/index.php\\\/2022\\\/10\\\/conferencia-ide-inovacao-desenvolvimento-e-empreendedorismo-na-ualg\\\/educacao\\\/12\\\/54\\\/#primaryimage\"},\"thumbnailUrl\":\"https:\\\/\\\/algarve7.pt\\\/wp-content\\\/uploads\\\/2022\\\/10\\\/111_0-585x399-1.jpg\",\"keywords\":[\"Algarve\",\"Confer\u00eancia\",\"Educa\u00e7\u00e3o\",\"UALG\"],\"articleSection\":[\"Educa\u00e7\u00e3o\"],\"inLanguage\":\"pt-PT\"},{\"@type\":\"WebPage\",\"@id\":\"https:\\\/\\\/algarve7.pt\\\/index.php\\\/2022\\\/10\\\/conferencia-ide-inovacao-desenvolvimento-e-empreendedorismo-na-ualg\\\/educacao\\\/12\\\/54\\\/\",\"url\":\"https:\\\/\\\/algarve7.pt\\\/index.php\\\/2022\\\/10\\\/conferencia-ide-inovacao-desenvolvimento-e-empreendedorismo-na-ualg\\\/educacao\\\/12\\\/54\\\/\",\"name\":\"Confer\u00eancia IDE - Inova\u00e7\u00e3o, Desenvolvimento e Empreendedorismo na Ualg - Algarve 7\",\"isPartOf\":{\"@id\":\"https:\\\/\\\/algarve7.pt\\\/#website\"},\"primaryImageOfPage\":{\"@id\":\"https:\\\/\\\/algarve7.pt\\\/index.php\\\/2022\\\/10\\\/conferencia-ide-inovacao-desenvolvimento-e-empreendedorismo-na-ualg\\\/educacao\\\/12\\\/54\\\/#primaryimage\"},\"image\":{\"@id\":\"https:\\\/\\\/algarve7.pt\\\/index.php\\\/2022\\\/10\\\/conferencia-ide-inovacao-desenvolvimento-e-empreendedorismo-na-ualg\\\/educacao\\\/12\\\/54\\\/#primaryimage\"},\"thumbnailUrl\":\"https:\\\/\\\/algarve7.pt\\\/wp-content\\\/uploads\\\/2022\\\/10\\\/111_0-585x399-1.jpg\",\"datePublished\":\"2022-10-20T11:54:05+00:00\",\"dateModified\":\"2022-10-20T11:54:12+00:00\",\"description\":\"Confer\u00eancia IDE - Inova\u00e7\u00e3o, Desenvolvimento e Empreendedorismo na Ualg Educa\u00e7\u00e3o\",\"breadcrumb\":{\"@id\":\"https:\\\/\\\/algarve7.pt\\\/index.php\\\/2022\\\/10\\\/conferencia-ide-inovacao-desenvolvimento-e-empreendedorismo-na-ualg\\\/educacao\\\/12\\\/54\\\/#breadcrumb\"},\"inLanguage\":\"pt-PT\",\"potentialAction\":[{\"@type\":\"ReadAction\",\"target\":[\"https:\\\/\\\/algarve7.pt\\\/index.php\\\/2022\\\/10\\\/conferencia-ide-inovacao-desenvolvimento-e-empreendedorismo-na-ualg\\\/educacao\\\/12\\\/54\\\/\"]}]},{\"@type\":\"ImageObject\",\"inLanguage\":\"pt-PT\",\"@id\":\"https:\\\/\\\/algarve7.pt\\\/index.php\\\/2022\\\/10\\\/conferencia-ide-inovacao-desenvolvimento-e-empreendedorismo-na-ualg\\\/educacao\\\/12\\\/54\\\/#primaryimage\",\"url\":\"https:\\\/\\\/algarve7.pt\\\/wp-content\\\/uploads\\\/2022\\\/10\\\/111_0-585x399-1.jpg\",\"contentUrl\":\"https:\\\/\\\/algarve7.pt\\\/wp-content\\\/uploads\\\/2022\\\/10\\\/111_0-585x399-1.jpg\",\"width\":585,\"height\":399},{\"@type\":\"BreadcrumbList\",\"@id\":\"https:\\\/\\\/algarve7.pt\\\/index.php\\\/2022\\\/10\\\/conferencia-ide-inovacao-desenvolvimento-e-empreendedorismo-na-ualg\\\/educacao\\\/12\\\/54\\\/#breadcrumb\",\"itemListElement\":[{\"@type\":\"ListItem\",\"position\":1,\"name\":\"In\u00edcio\",\"item\":\"https:\\\/\\\/algarve7.pt\\\/\"},{\"@type\":\"ListItem\",\"position\":2,\"name\":\"Confer\u00eancia IDE &#8211; Inova\u00e7\u00e3o, Desenvolvimento e Empreendedorismo na Ualg\"}]},{\"@type\":\"WebSite\",\"@id\":\"https:\\\/\\\/algarve7.pt\\\/#website\",\"url\":\"https:\\\/\\\/algarve7.pt\\\/\",\"name\":\"Algarve 7\",\"description\":\"Informa\u00e7\u00e3o sobre o Algarve\",\"publisher\":{\"@id\":\"https:\\\/\\\/algarve7.pt\\\/#organization\"},\"potentialAction\":[{\"@type\":\"SearchAction\",\"target\":{\"@type\":\"EntryPoint\",\"urlTemplate\":\"https:\\\/\\\/algarve7.pt\\\/?s={search_term_string}\"},\"query-input\":{\"@type\":\"PropertyValueSpecification\",\"valueRequired\":true,\"valueName\":\"search_term_string\"}}],\"inLanguage\":\"pt-PT\"},{\"@type\":\"Organization\",\"@id\":\"https:\\\/\\\/algarve7.pt\\\/#organization\",\"name\":\"Algarve 7\",\"url\":\"https:\\\/\\\/algarve7.pt\\\/\",\"logo\":{\"@type\":\"ImageObject\",\"inLanguage\":\"pt-PT\",\"@id\":\"https:\\\/\\\/algarve7.pt\\\/#\\\/schema\\\/logo\\\/image\\\/\",\"url\":\"https:\\\/\\\/algarve7.pt\\\/wp-content\\\/uploads\\\/2020\\\/10\\\/Logo-8.jpg\",\"contentUrl\":\"https:\\\/\\\/algarve7.pt\\\/wp-content\\\/uploads\\\/2020\\\/10\\\/Logo-8.jpg\",\"width\":1680,\"height\":1186,\"caption\":\"Algarve 7\"},\"image\":{\"@id\":\"https:\\\/\\\/algarve7.pt\\\/#\\\/schema\\\/logo\\\/image\\\/\"},\"sameAs\":[\"https:\\\/\\\/www.facebook.com\\\/algarve7\",\"https:\\\/\\\/x.com\\\/Algarvesete\",\"https:\\\/\\\/www.instagram.com\\\/jornalalgarve7\\\/\",\"https:\\\/\\\/www.linkedin.com\\\/company\\\/algarve7\",\"https:\\\/\\\/www.pinterest.pt\\\/geral0939\\\/_created\\\/\"]},{\"@type\":\"Person\",\"@id\":\"https:\\\/\\\/algarve7.pt\\\/#\\\/schema\\\/person\\\/23fa70681308e7b319a3204bcea45e0c\",\"name\":\"Algarve 7\",\"sameAs\":[\"https:\\\/\\\/algarve7.pt\",\"https:\\\/\\\/www.facebook.com\\\/algarve7\"],\"url\":\"https:\\\/\\\/algarve7.pt\\\/index.php\\\/author\\\/geralalgarve7-pt\\\/\"}]}<\/script>\n<!-- \/ Yoast SEO plugin. -->","yoast_head_json":{"title":"Confer\u00eancia IDE - Inova\u00e7\u00e3o, Desenvolvimento e Empreendedorismo na Ualg - Algarve 7","description":"Confer\u00eancia IDE - Inova\u00e7\u00e3o, Desenvolvimento e Empreendedorismo na Ualg Educa\u00e7\u00e3o","robots":{"index":"index","follow":"follow","max-snippet":"max-snippet:-1","max-image-preview":"max-image-preview:large","max-video-preview":"max-video-preview:-1"},"canonical":"https:\/\/algarve7.pt\/index.php\/2022\/10\/conferencia-ide-inovacao-desenvolvimento-e-empreendedorismo-na-ualg\/educacao\/12\/54\/","og_locale":"pt_PT","og_type":"article","og_title":"Confer\u00eancia IDE - Inova\u00e7\u00e3o, Desenvolvimento e Empreendedorismo na Ualg - Algarve 7","og_description":"Confer\u00eancia IDE - Inova\u00e7\u00e3o, Desenvolvimento e Empreendedorismo na Ualg Educa\u00e7\u00e3o","og_url":"https:\/\/algarve7.pt\/index.php\/2022\/10\/conferencia-ide-inovacao-desenvolvimento-e-empreendedorismo-na-ualg\/educacao\/12\/54\/","og_site_name":"Algarve 7","article_publisher":"https:\/\/www.facebook.com\/algarve7","article_author":"https:\/\/www.facebook.com\/algarve7","article_published_time":"2022-10-20T11:54:05+00:00","article_modified_time":"2022-10-20T11:54:12+00:00","og_image":[{"width":585,"height":399,"url":"https:\/\/algarve7.pt\/wp-content\/uploads\/2022\/10\/111_0-585x399-1.jpg","type":"image\/jpeg"}],"author":"Algarve 7","twitter_card":"summary_large_image","twitter_creator":"@Algarvesete","twitter_site":"@Algarvesete","twitter_misc":{"Escrito por":"Algarve 7","Tempo estimado de leitura":"3 minutos"},"schema":{"@context":"https:\/\/schema.org","@graph":[{"@type":"Article","@id":"https:\/\/algarve7.pt\/index.php\/2022\/10\/conferencia-ide-inovacao-desenvolvimento-e-empreendedorismo-na-ualg\/educacao\/12\/54\/#article","isPartOf":{"@id":"https:\/\/algarve7.pt\/index.php\/2022\/10\/conferencia-ide-inovacao-desenvolvimento-e-empreendedorismo-na-ualg\/educacao\/12\/54\/"},"author":{"name":"Algarve 7","@id":"https:\/\/algarve7.pt\/#\/schema\/person\/23fa70681308e7b319a3204bcea45e0c"},"headline":"Confer\u00eancia IDE &#8211; Inova\u00e7\u00e3o, Desenvolvimento e Empreendedorismo na Ualg","datePublished":"2022-10-20T11:54:05+00:00","dateModified":"2022-10-20T11:54:12+00:00","mainEntityOfPage":{"@id":"https:\/\/algarve7.pt\/index.php\/2022\/10\/conferencia-ide-inovacao-desenvolvimento-e-empreendedorismo-na-ualg\/educacao\/12\/54\/"},"wordCount":447,"publisher":{"@id":"https:\/\/algarve7.pt\/#organization"},"image":{"@id":"https:\/\/algarve7.pt\/index.php\/2022\/10\/conferencia-ide-inovacao-desenvolvimento-e-empreendedorismo-na-ualg\/educacao\/12\/54\/#primaryimage"},"thumbnailUrl":"https:\/\/algarve7.pt\/wp-content\/uploads\/2022\/10\/111_0-585x399-1.jpg","keywords":["Algarve","Confer\u00eancia","Educa\u00e7\u00e3o","UALG"],"articleSection":["Educa\u00e7\u00e3o"],"inLanguage":"pt-PT"},{"@type":"WebPage","@id":"https:\/\/algarve7.pt\/index.php\/2022\/10\/conferencia-ide-inovacao-desenvolvimento-e-empreendedorismo-na-ualg\/educacao\/12\/54\/","url":"https:\/\/algarve7.pt\/index.php\/2022\/10\/conferencia-ide-inovacao-desenvolvimento-e-empreendedorismo-na-ualg\/educacao\/12\/54\/","name":"Confer\u00eancia IDE - Inova\u00e7\u00e3o, Desenvolvimento e Empreendedorismo na Ualg - Algarve 7","isPartOf":{"@id":"https:\/\/algarve7.pt\/#website"},"primaryImageOfPage":{"@id":"https:\/\/algarve7.pt\/index.php\/2022\/10\/conferencia-ide-inovacao-desenvolvimento-e-empreendedorismo-na-ualg\/educacao\/12\/54\/#primaryimage"},"image":{"@id":"https:\/\/algarve7.pt\/index.php\/2022\/10\/conferencia-ide-inovacao-desenvolvimento-e-empreendedorismo-na-ualg\/educacao\/12\/54\/#primaryimage"},"thumbnailUrl":"https:\/\/algarve7.pt\/wp-content\/uploads\/2022\/10\/111_0-585x399-1.jpg","datePublished":"2022-10-20T11:54:05+00:00","dateModified":"2022-10-20T11:54:12+00:00","description":"Confer\u00eancia IDE - Inova\u00e7\u00e3o, Desenvolvimento e Empreendedorismo na Ualg Educa\u00e7\u00e3o","breadcrumb":{"@id":"https:\/\/algarve7.pt\/index.php\/2022\/10\/conferencia-ide-inovacao-desenvolvimento-e-empreendedorismo-na-ualg\/educacao\/12\/54\/#breadcrumb"},"inLanguage":"pt-PT","potentialAction":[{"@type":"ReadAction","target":["https:\/\/algarve7.pt\/index.php\/2022\/10\/conferencia-ide-inovacao-desenvolvimento-e-empreendedorismo-na-ualg\/educacao\/12\/54\/"]}]},{"@type":"ImageObject","inLanguage":"pt-PT","@id":"https:\/\/algarve7.pt\/index.php\/2022\/10\/conferencia-ide-inovacao-desenvolvimento-e-empreendedorismo-na-ualg\/educacao\/12\/54\/#primaryimage","url":"https:\/\/algarve7.pt\/wp-content\/uploads\/2022\/10\/111_0-585x399-1.jpg","contentUrl":"https:\/\/algarve7.pt\/wp-content\/uploads\/2022\/10\/111_0-585x399-1.jpg","width":585,"height":399},{"@type":"BreadcrumbList","@id":"https:\/\/algarve7.pt\/index.php\/2022\/10\/conferencia-ide-inovacao-desenvolvimento-e-empreendedorismo-na-ualg\/educacao\/12\/54\/#breadcrumb","itemListElement":[{"@type":"ListItem","position":1,"name":"In\u00edcio","item":"https:\/\/algarve7.pt\/"},{"@type":"ListItem","position":2,"name":"Confer\u00eancia IDE &#8211; Inova\u00e7\u00e3o, Desenvolvimento e Empreendedorismo na Ualg"}]},{"@type":"WebSite","@id":"https:\/\/algarve7.pt\/#website","url":"https:\/\/algarve7.pt\/","name":"Algarve 7","description":"Informa\u00e7\u00e3o sobre o Algarve","publisher":{"@id":"https:\/\/algarve7.pt\/#organization"},"potentialAction":[{"@type":"SearchAction","target":{"@type":"EntryPoint","urlTemplate":"https:\/\/algarve7.pt\/?s={search_term_string}"},"query-input":{"@type":"PropertyValueSpecification","valueRequired":true,"valueName":"search_term_string"}}],"inLanguage":"pt-PT"},{"@type":"Organization","@id":"https:\/\/algarve7.pt\/#organization","name":"Algarve 7","url":"https:\/\/algarve7.pt\/","logo":{"@type":"ImageObject","inLanguage":"pt-PT","@id":"https:\/\/algarve7.pt\/#\/schema\/logo\/image\/","url":"https:\/\/algarve7.pt\/wp-content\/uploads\/2020\/10\/Logo-8.jpg","contentUrl":"https:\/\/algarve7.pt\/wp-content\/uploads\/2020\/10\/Logo-8.jpg","width":1680,"height":1186,"caption":"Algarve 7"},"image":{"@id":"https:\/\/algarve7.pt\/#\/schema\/logo\/image\/"},"sameAs":["https:\/\/www.facebook.com\/algarve7","https:\/\/x.com\/Algarvesete","https:\/\/www.instagram.com\/jornalalgarve7\/","https:\/\/www.linkedin.com\/company\/algarve7","https:\/\/www.pinterest.pt\/geral0939\/_created\/"]},{"@type":"Person","@id":"https:\/\/algarve7.pt\/#\/schema\/person\/23fa70681308e7b319a3204bcea45e0c","name":"Algarve 7","sameAs":["https:\/\/algarve7.pt","https:\/\/www.facebook.com\/algarve7"],"url":"https:\/\/algarve7.pt\/index.php\/author\/geralalgarve7-pt\/"}]}},"jetpack_publicize_connections":[],"jetpack_featured_media_url":"https:\/\/algarve7.pt\/wp-content\/uploads\/2022\/10\/111_0-585x399-1.jpg","jetpack_shortlink":"https:\/\/wp.me\/pcezmW-5UE","jetpack_sharing_enabled":true,"_links":{"self":[{"href":"https:\/\/algarve7.pt\/index.php\/wp-json\/wp\/v2\/posts\/22732","targetHints":{"allow":["GET"]}}],"collection":[{"href":"https:\/\/algarve7.pt\/index.php\/wp-json\/wp\/v2\/posts"}],"about":[{"href":"https:\/\/algarve7.pt\/index.php\/wp-json\/wp\/v2\/types\/post"}],"author":[{"embeddable":true,"href":"https:\/\/algarve7.pt\/index.php\/wp-json\/wp\/v2\/users\/1"}],"replies":[{"embeddable":true,"href":"https:\/\/algarve7.pt\/index.php\/wp-json\/wp\/v2\/comments?post=22732"}],"version-history":[{"count":0,"href":"https:\/\/algarve7.pt\/index.php\/wp-json\/wp\/v2\/posts\/22732\/revisions"}],"wp:featuredmedia":[{"embeddable":true,"href":"https:\/\/algarve7.pt\/index.php\/wp-json\/wp\/v2\/media\/22733"}],"wp:attachment":[{"href":"https:\/\/algarve7.pt\/index.php\/wp-json\/wp\/v2\/media?parent=22732"}],"wp:term":[{"taxonomy":"category","embeddable":true,"href":"https:\/\/algarve7.pt\/index.php\/wp-json\/wp\/v2\/categories?post=22732"},{"taxonomy":"post_tag","embeddable":true,"href":"https:\/\/algarve7.pt\/index.php\/wp-json\/wp\/v2\/tags?post=22732"}],"curies":[{"name":"wp","href":"https:\/\/api.w.org\/{rel}","templated":true}]}}