{"id":22726,"date":"2022-10-20T12:21:37","date_gmt":"2022-10-20T11:21:37","guid":{"rendered":"https:\/\/algarve7.pt\/?p=22726"},"modified":"2022-10-20T12:21:45","modified_gmt":"2022-10-20T11:21:45","slug":"camara-municipal-de-aljezur-quer-recuperar-o-edificio-da-gnr-na-praia-de-odeceixe","status":"publish","type":"post","link":"https:\/\/algarve7.pt\/index.php\/2022\/10\/camara-municipal-de-aljezur-quer-recuperar-o-edificio-da-gnr-na-praia-de-odeceixe\/atualidade\/12\/21\/","title":{"rendered":"C\u00e2mara Municipal de Aljezur quer recuperar o Edif\u00edcio da GNR na Praia de Odeceixe"},"content":{"rendered":"\n<p>A Ca\u0302mara Municipal de Aljezur aprovou, em reuni\u00e3o de ca\u0302mara, e submeteu uma candidatura para recuperar e gerir o antigo posto da Guarda Fiscal, na Praia de Odeceixe, num Projeto de Valorizac\u0327\u00e3o Patrimonial Economicamente Sustent\u00e1vel. Este edif\u00edcio de caracter\u00edsticas \u00fanicas e de uma localizac\u0327\u00e3o privilegiada, encontra-se fechado h\u00e1 alguns anos. Assim, foi apresentada candidatura ao programa &#8211; Transfere\u0302ncias de Compete\u0302ncia \u201c\u00c2mbito da Gest\u00e3o do Patrim\u00f3nio Publico\u201d, no sentido de poder recuperar e gerir este patrim\u00f3nio, por um per\u00edodo de 50 anos. A candidatura apresentada tem uma estimativa de investimento de cerca de 150 mil euros, para recupera\u00e7\u00e3o e valoriza\u00e7\u00e3o deste edif\u00edcio, dando-lhe v\u00e1rios usos, tais como, posto de informac\u0327\u00e3o tur\u00edstica, apoio ao m\u00e9dico de ver\u00e3o na Praia de Odeceixe, e um espac\u0327o de multiusos para reuni\u00f5es, ou outro g\u00e9nero de iniciativas. Aguarda-se com espectativa o desenrolar da candidatura, tratando-se de um edif\u00edcio, numa excelente localizac\u0327\u00e3o, a necessitar urgentemente de intervenc\u0327\u00e3o de recuperac\u0327\u00e3o.<\/p>\n","protected":false},"excerpt":{"rendered":"<p>A Ca\u0302mara Municipal de Aljezur aprovou, em reuni\u00e3o de ca\u0302mara, e submeteu uma candidatura para recuperar e gerir o antigo<\/p>\n","protected":false},"author":1,"featured_media":22728,"comment_status":"closed","ping_status":"open","sticky":false,"template":"","format":"standard","meta":{"colormag_page_container_layout":"default_layout","colormag_page_sidebar_layout":"default_layout","_monsterinsights_skip_tracking":false,"_monsterinsights_sitenote_active":false,"_monsterinsights_sitenote_note":"","_monsterinsights_sitenote_category":0,"jetpack_post_was_ever_published":false,"_jetpack_newsletter_access":"","_jetpack_dont_email_post_to_subs":false,"_jetpack_newsletter_tier_id":0,"_jetpack_memberships_contains_paywalled_content":false,"_jetpack_memberships_contains_paid_content":false,"footnotes":"","jetpack_publicize_message":"","jetpack_publicize_feature_enabled":true,"jetpack_social_post_already_shared":true,"jetpack_social_options":{"image_generator_settings":{"template":"highway","default_image_id":0,"font":"","enabled":false},"version":2}},"categories":[11],"tags":[36,73,62],"class_list":["post-22726","post","type-post","status-publish","format-standard","has-post-thumbnail","hentry","category-atualidade","tag-algarve","tag-aljezur","tag-atualidade"],"yoast_head":"<!-- This site is optimized with the Yoast SEO plugin v27.5 - https:\/\/yoast.com\/product\/yoast-seo-wordpress\/ -->\n<title>C\u00e2mara Municipal de Aljezur quer recuperar o Edif\u00edcio da GNR na Praia de Odeceixe - Algarve 7<\/title>\n<meta name=\"description\" content=\"C\u00e2mara Municipal de Aljezur quer recuperar o Edif\u00edcio da GNR na Praia de Odeceixe Atualidade\" \/>\n<meta name=\"robots\" content=\"index, follow, max-snippet:-1, max-image-preview:large, max-video-preview:-1\" \/>\n<link rel=\"canonical\" href=\"https:\/\/algarve7.pt\/index.php\/2022\/10\/camara-municipal-de-aljezur-quer-recuperar-o-edificio-da-gnr-na-praia-de-odeceixe\/atualidade\/12\/21\/\" \/>\n<meta property=\"og:locale\" content=\"pt_PT\" \/>\n<meta property=\"og:type\" content=\"article\" \/>\n<meta property=\"og:title\" content=\"C\u00e2mara Municipal de Aljezur quer recuperar o Edif\u00edcio da GNR na Praia de Odeceixe - Algarve 7\" \/>\n<meta property=\"og:description\" content=\"C\u00e2mara Municipal de Aljezur quer recuperar o Edif\u00edcio da GNR na Praia de Odeceixe Atualidade\" \/>\n<meta property=\"og:url\" content=\"https:\/\/algarve7.pt\/index.php\/2022\/10\/camara-municipal-de-aljezur-quer-recuperar-o-edificio-da-gnr-na-praia-de-odeceixe\/atualidade\/12\/21\/\" \/>\n<meta property=\"og:site_name\" content=\"Algarve 7\" \/>\n<meta property=\"article:publisher\" content=\"https:\/\/www.facebook.com\/algarve7\" \/>\n<meta property=\"article:author\" content=\"https:\/\/www.facebook.com\/algarve7\" \/>\n<meta property=\"article:published_time\" content=\"2022-10-20T11:21:37+00:00\" \/>\n<meta property=\"article:modified_time\" content=\"2022-10-20T11:21:45+00:00\" \/>\n<meta property=\"og:image\" content=\"https:\/\/algarve7.pt\/wp-content\/uploads\/2022\/10\/M_Aljezur_Antigo_posto_G_Fiscal_l-2.jpg\" \/>\n\t<meta property=\"og:image:width\" content=\"2000\" \/>\n\t<meta property=\"og:image:height\" content=\"1287\" \/>\n\t<meta property=\"og:image:type\" content=\"image\/jpeg\" \/>\n<meta name=\"author\" content=\"Algarve 7\" \/>\n<meta name=\"twitter:card\" content=\"summary_large_image\" \/>\n<meta name=\"twitter:creator\" content=\"@Algarvesete\" \/>\n<meta name=\"twitter:site\" content=\"@Algarvesete\" \/>\n<meta name=\"twitter:label1\" content=\"Escrito por\" \/>\n\t<meta name=\"twitter:data1\" content=\"Algarve 7\" \/>\n\t<meta name=\"twitter:label2\" content=\"Tempo estimado de leitura\" \/>\n\t<meta name=\"twitter:data2\" content=\"1 minuto\" \/>\n<script type=\"application\/ld+json\" class=\"yoast-schema-graph\">{\"@context\":\"https:\\\/\\\/schema.org\",\"@graph\":[{\"@type\":\"Article\",\"@id\":\"https:\\\/\\\/algarve7.pt\\\/index.php\\\/2022\\\/10\\\/camara-municipal-de-aljezur-quer-recuperar-o-edificio-da-gnr-na-praia-de-odeceixe\\\/atualidade\\\/12\\\/21\\\/#article\",\"isPartOf\":{\"@id\":\"https:\\\/\\\/algarve7.pt\\\/index.php\\\/2022\\\/10\\\/camara-municipal-de-aljezur-quer-recuperar-o-edificio-da-gnr-na-praia-de-odeceixe\\\/atualidade\\\/12\\\/21\\\/\"},\"author\":{\"name\":\"Algarve 7\",\"@id\":\"https:\\\/\\\/algarve7.pt\\\/#\\\/schema\\\/person\\\/23fa70681308e7b319a3204bcea45e0c\"},\"headline\":\"C\u00e2mara Municipal de Aljezur quer recuperar o Edif\u00edcio da GNR na Praia de Odeceixe\",\"datePublished\":\"2022-10-20T11:21:37+00:00\",\"dateModified\":\"2022-10-20T11:21:45+00:00\",\"mainEntityOfPage\":{\"@id\":\"https:\\\/\\\/algarve7.pt\\\/index.php\\\/2022\\\/10\\\/camara-municipal-de-aljezur-quer-recuperar-o-edificio-da-gnr-na-praia-de-odeceixe\\\/atualidade\\\/12\\\/21\\\/\"},\"wordCount\":195,\"publisher\":{\"@id\":\"https:\\\/\\\/algarve7.pt\\\/#organization\"},\"image\":{\"@id\":\"https:\\\/\\\/algarve7.pt\\\/index.php\\\/2022\\\/10\\\/camara-municipal-de-aljezur-quer-recuperar-o-edificio-da-gnr-na-praia-de-odeceixe\\\/atualidade\\\/12\\\/21\\\/#primaryimage\"},\"thumbnailUrl\":\"https:\\\/\\\/algarve7.pt\\\/wp-content\\\/uploads\\\/2022\\\/10\\\/M_Aljezur_Antigo_posto_G_Fiscal_l-2.jpg\",\"keywords\":[\"Algarve\",\"Aljezur\",\"Atualidade\"],\"articleSection\":[\"Atualidade\"],\"inLanguage\":\"pt-PT\"},{\"@type\":\"WebPage\",\"@id\":\"https:\\\/\\\/algarve7.pt\\\/index.php\\\/2022\\\/10\\\/camara-municipal-de-aljezur-quer-recuperar-o-edificio-da-gnr-na-praia-de-odeceixe\\\/atualidade\\\/12\\\/21\\\/\",\"url\":\"https:\\\/\\\/algarve7.pt\\\/index.php\\\/2022\\\/10\\\/camara-municipal-de-aljezur-quer-recuperar-o-edificio-da-gnr-na-praia-de-odeceixe\\\/atualidade\\\/12\\\/21\\\/\",\"name\":\"C\u00e2mara Municipal de Aljezur quer recuperar o Edif\u00edcio da GNR na Praia de Odeceixe - Algarve 7\",\"isPartOf\":{\"@id\":\"https:\\\/\\\/algarve7.pt\\\/#website\"},\"primaryImageOfPage\":{\"@id\":\"https:\\\/\\\/algarve7.pt\\\/index.php\\\/2022\\\/10\\\/camara-municipal-de-aljezur-quer-recuperar-o-edificio-da-gnr-na-praia-de-odeceixe\\\/atualidade\\\/12\\\/21\\\/#primaryimage\"},\"image\":{\"@id\":\"https:\\\/\\\/algarve7.pt\\\/index.php\\\/2022\\\/10\\\/camara-municipal-de-aljezur-quer-recuperar-o-edificio-da-gnr-na-praia-de-odeceixe\\\/atualidade\\\/12\\\/21\\\/#primaryimage\"},\"thumbnailUrl\":\"https:\\\/\\\/algarve7.pt\\\/wp-content\\\/uploads\\\/2022\\\/10\\\/M_Aljezur_Antigo_posto_G_Fiscal_l-2.jpg\",\"datePublished\":\"2022-10-20T11:21:37+00:00\",\"dateModified\":\"2022-10-20T11:21:45+00:00\",\"description\":\"C\u00e2mara Municipal de Aljezur quer recuperar o Edif\u00edcio da GNR na Praia de Odeceixe Atualidade\",\"breadcrumb\":{\"@id\":\"https:\\\/\\\/algarve7.pt\\\/index.php\\\/2022\\\/10\\\/camara-municipal-de-aljezur-quer-recuperar-o-edificio-da-gnr-na-praia-de-odeceixe\\\/atualidade\\\/12\\\/21\\\/#breadcrumb\"},\"inLanguage\":\"pt-PT\",\"potentialAction\":[{\"@type\":\"ReadAction\",\"target\":[\"https:\\\/\\\/algarve7.pt\\\/index.php\\\/2022\\\/10\\\/camara-municipal-de-aljezur-quer-recuperar-o-edificio-da-gnr-na-praia-de-odeceixe\\\/atualidade\\\/12\\\/21\\\/\"]}]},{\"@type\":\"ImageObject\",\"inLanguage\":\"pt-PT\",\"@id\":\"https:\\\/\\\/algarve7.pt\\\/index.php\\\/2022\\\/10\\\/camara-municipal-de-aljezur-quer-recuperar-o-edificio-da-gnr-na-praia-de-odeceixe\\\/atualidade\\\/12\\\/21\\\/#primaryimage\",\"url\":\"https:\\\/\\\/algarve7.pt\\\/wp-content\\\/uploads\\\/2022\\\/10\\\/M_Aljezur_Antigo_posto_G_Fiscal_l-2.jpg\",\"contentUrl\":\"https:\\\/\\\/algarve7.pt\\\/wp-content\\\/uploads\\\/2022\\\/10\\\/M_Aljezur_Antigo_posto_G_Fiscal_l-2.jpg\",\"width\":2000,\"height\":1287},{\"@type\":\"BreadcrumbList\",\"@id\":\"https:\\\/\\\/algarve7.pt\\\/index.php\\\/2022\\\/10\\\/camara-municipal-de-aljezur-quer-recuperar-o-edificio-da-gnr-na-praia-de-odeceixe\\\/atualidade\\\/12\\\/21\\\/#breadcrumb\",\"itemListElement\":[{\"@type\":\"ListItem\",\"position\":1,\"name\":\"In\u00edcio\",\"item\":\"https:\\\/\\\/algarve7.pt\\\/\"},{\"@type\":\"ListItem\",\"position\":2,\"name\":\"C\u00e2mara Municipal de Aljezur quer recuperar o Edif\u00edcio da GNR na Praia de Odeceixe\"}]},{\"@type\":\"WebSite\",\"@id\":\"https:\\\/\\\/algarve7.pt\\\/#website\",\"url\":\"https:\\\/\\\/algarve7.pt\\\/\",\"name\":\"Algarve 7\",\"description\":\"Informa\u00e7\u00e3o sobre o Algarve\",\"publisher\":{\"@id\":\"https:\\\/\\\/algarve7.pt\\\/#organization\"},\"potentialAction\":[{\"@type\":\"SearchAction\",\"target\":{\"@type\":\"EntryPoint\",\"urlTemplate\":\"https:\\\/\\\/algarve7.pt\\\/?s={search_term_string}\"},\"query-input\":{\"@type\":\"PropertyValueSpecification\",\"valueRequired\":true,\"valueName\":\"search_term_string\"}}],\"inLanguage\":\"pt-PT\"},{\"@type\":\"Organization\",\"@id\":\"https:\\\/\\\/algarve7.pt\\\/#organization\",\"name\":\"Algarve 7\",\"url\":\"https:\\\/\\\/algarve7.pt\\\/\",\"logo\":{\"@type\":\"ImageObject\",\"inLanguage\":\"pt-PT\",\"@id\":\"https:\\\/\\\/algarve7.pt\\\/#\\\/schema\\\/logo\\\/image\\\/\",\"url\":\"https:\\\/\\\/algarve7.pt\\\/wp-content\\\/uploads\\\/2020\\\/10\\\/Logo-8.jpg\",\"contentUrl\":\"https:\\\/\\\/algarve7.pt\\\/wp-content\\\/uploads\\\/2020\\\/10\\\/Logo-8.jpg\",\"width\":1680,\"height\":1186,\"caption\":\"Algarve 7\"},\"image\":{\"@id\":\"https:\\\/\\\/algarve7.pt\\\/#\\\/schema\\\/logo\\\/image\\\/\"},\"sameAs\":[\"https:\\\/\\\/www.facebook.com\\\/algarve7\",\"https:\\\/\\\/x.com\\\/Algarvesete\",\"https:\\\/\\\/www.instagram.com\\\/jornalalgarve7\\\/\",\"https:\\\/\\\/www.linkedin.com\\\/company\\\/algarve7\",\"https:\\\/\\\/www.pinterest.pt\\\/geral0939\\\/_created\\\/\"]},{\"@type\":\"Person\",\"@id\":\"https:\\\/\\\/algarve7.pt\\\/#\\\/schema\\\/person\\\/23fa70681308e7b319a3204bcea45e0c\",\"name\":\"Algarve 7\",\"sameAs\":[\"https:\\\/\\\/algarve7.pt\",\"https:\\\/\\\/www.facebook.com\\\/algarve7\"],\"url\":\"https:\\\/\\\/algarve7.pt\\\/index.php\\\/author\\\/geralalgarve7-pt\\\/\"}]}<\/script>\n<!-- \/ Yoast SEO plugin. -->","yoast_head_json":{"title":"C\u00e2mara Municipal de Aljezur quer recuperar o Edif\u00edcio da GNR na Praia de Odeceixe - Algarve 7","description":"C\u00e2mara Municipal de Aljezur quer recuperar o Edif\u00edcio da GNR na Praia de Odeceixe Atualidade","robots":{"index":"index","follow":"follow","max-snippet":"max-snippet:-1","max-image-preview":"max-image-preview:large","max-video-preview":"max-video-preview:-1"},"canonical":"https:\/\/algarve7.pt\/index.php\/2022\/10\/camara-municipal-de-aljezur-quer-recuperar-o-edificio-da-gnr-na-praia-de-odeceixe\/atualidade\/12\/21\/","og_locale":"pt_PT","og_type":"article","og_title":"C\u00e2mara Municipal de Aljezur quer recuperar o Edif\u00edcio da GNR na Praia de Odeceixe - Algarve 7","og_description":"C\u00e2mara Municipal de Aljezur quer recuperar o Edif\u00edcio da GNR na Praia de Odeceixe Atualidade","og_url":"https:\/\/algarve7.pt\/index.php\/2022\/10\/camara-municipal-de-aljezur-quer-recuperar-o-edificio-da-gnr-na-praia-de-odeceixe\/atualidade\/12\/21\/","og_site_name":"Algarve 7","article_publisher":"https:\/\/www.facebook.com\/algarve7","article_author":"https:\/\/www.facebook.com\/algarve7","article_published_time":"2022-10-20T11:21:37+00:00","article_modified_time":"2022-10-20T11:21:45+00:00","og_image":[{"width":2000,"height":1287,"url":"https:\/\/algarve7.pt\/wp-content\/uploads\/2022\/10\/M_Aljezur_Antigo_posto_G_Fiscal_l-2.jpg","type":"image\/jpeg"}],"author":"Algarve 7","twitter_card":"summary_large_image","twitter_creator":"@Algarvesete","twitter_site":"@Algarvesete","twitter_misc":{"Escrito por":"Algarve 7","Tempo estimado de leitura":"1 minuto"},"schema":{"@context":"https:\/\/schema.org","@graph":[{"@type":"Article","@id":"https:\/\/algarve7.pt\/index.php\/2022\/10\/camara-municipal-de-aljezur-quer-recuperar-o-edificio-da-gnr-na-praia-de-odeceixe\/atualidade\/12\/21\/#article","isPartOf":{"@id":"https:\/\/algarve7.pt\/index.php\/2022\/10\/camara-municipal-de-aljezur-quer-recuperar-o-edificio-da-gnr-na-praia-de-odeceixe\/atualidade\/12\/21\/"},"author":{"name":"Algarve 7","@id":"https:\/\/algarve7.pt\/#\/schema\/person\/23fa70681308e7b319a3204bcea45e0c"},"headline":"C\u00e2mara Municipal de Aljezur quer recuperar o Edif\u00edcio da GNR na Praia de Odeceixe","datePublished":"2022-10-20T11:21:37+00:00","dateModified":"2022-10-20T11:21:45+00:00","mainEntityOfPage":{"@id":"https:\/\/algarve7.pt\/index.php\/2022\/10\/camara-municipal-de-aljezur-quer-recuperar-o-edificio-da-gnr-na-praia-de-odeceixe\/atualidade\/12\/21\/"},"wordCount":195,"publisher":{"@id":"https:\/\/algarve7.pt\/#organization"},"image":{"@id":"https:\/\/algarve7.pt\/index.php\/2022\/10\/camara-municipal-de-aljezur-quer-recuperar-o-edificio-da-gnr-na-praia-de-odeceixe\/atualidade\/12\/21\/#primaryimage"},"thumbnailUrl":"https:\/\/algarve7.pt\/wp-content\/uploads\/2022\/10\/M_Aljezur_Antigo_posto_G_Fiscal_l-2.jpg","keywords":["Algarve","Aljezur","Atualidade"],"articleSection":["Atualidade"],"inLanguage":"pt-PT"},{"@type":"WebPage","@id":"https:\/\/algarve7.pt\/index.php\/2022\/10\/camara-municipal-de-aljezur-quer-recuperar-o-edificio-da-gnr-na-praia-de-odeceixe\/atualidade\/12\/21\/","url":"https:\/\/algarve7.pt\/index.php\/2022\/10\/camara-municipal-de-aljezur-quer-recuperar-o-edificio-da-gnr-na-praia-de-odeceixe\/atualidade\/12\/21\/","name":"C\u00e2mara Municipal de Aljezur quer recuperar o Edif\u00edcio da GNR na Praia de Odeceixe - Algarve 7","isPartOf":{"@id":"https:\/\/algarve7.pt\/#website"},"primaryImageOfPage":{"@id":"https:\/\/algarve7.pt\/index.php\/2022\/10\/camara-municipal-de-aljezur-quer-recuperar-o-edificio-da-gnr-na-praia-de-odeceixe\/atualidade\/12\/21\/#primaryimage"},"image":{"@id":"https:\/\/algarve7.pt\/index.php\/2022\/10\/camara-municipal-de-aljezur-quer-recuperar-o-edificio-da-gnr-na-praia-de-odeceixe\/atualidade\/12\/21\/#primaryimage"},"thumbnailUrl":"https:\/\/algarve7.pt\/wp-content\/uploads\/2022\/10\/M_Aljezur_Antigo_posto_G_Fiscal_l-2.jpg","datePublished":"2022-10-20T11:21:37+00:00","dateModified":"2022-10-20T11:21:45+00:00","description":"C\u00e2mara Municipal de Aljezur quer recuperar o Edif\u00edcio da GNR na Praia de Odeceixe Atualidade","breadcrumb":{"@id":"https:\/\/algarve7.pt\/index.php\/2022\/10\/camara-municipal-de-aljezur-quer-recuperar-o-edificio-da-gnr-na-praia-de-odeceixe\/atualidade\/12\/21\/#breadcrumb"},"inLanguage":"pt-PT","potentialAction":[{"@type":"ReadAction","target":["https:\/\/algarve7.pt\/index.php\/2022\/10\/camara-municipal-de-aljezur-quer-recuperar-o-edificio-da-gnr-na-praia-de-odeceixe\/atualidade\/12\/21\/"]}]},{"@type":"ImageObject","inLanguage":"pt-PT","@id":"https:\/\/algarve7.pt\/index.php\/2022\/10\/camara-municipal-de-aljezur-quer-recuperar-o-edificio-da-gnr-na-praia-de-odeceixe\/atualidade\/12\/21\/#primaryimage","url":"https:\/\/algarve7.pt\/wp-content\/uploads\/2022\/10\/M_Aljezur_Antigo_posto_G_Fiscal_l-2.jpg","contentUrl":"https:\/\/algarve7.pt\/wp-content\/uploads\/2022\/10\/M_Aljezur_Antigo_posto_G_Fiscal_l-2.jpg","width":2000,"height":1287},{"@type":"BreadcrumbList","@id":"https:\/\/algarve7.pt\/index.php\/2022\/10\/camara-municipal-de-aljezur-quer-recuperar-o-edificio-da-gnr-na-praia-de-odeceixe\/atualidade\/12\/21\/#breadcrumb","itemListElement":[{"@type":"ListItem","position":1,"name":"In\u00edcio","item":"https:\/\/algarve7.pt\/"},{"@type":"ListItem","position":2,"name":"C\u00e2mara Municipal de Aljezur quer recuperar o Edif\u00edcio da GNR na Praia de Odeceixe"}]},{"@type":"WebSite","@id":"https:\/\/algarve7.pt\/#website","url":"https:\/\/algarve7.pt\/","name":"Algarve 7","description":"Informa\u00e7\u00e3o sobre o Algarve","publisher":{"@id":"https:\/\/algarve7.pt\/#organization"},"potentialAction":[{"@type":"SearchAction","target":{"@type":"EntryPoint","urlTemplate":"https:\/\/algarve7.pt\/?s={search_term_string}"},"query-input":{"@type":"PropertyValueSpecification","valueRequired":true,"valueName":"search_term_string"}}],"inLanguage":"pt-PT"},{"@type":"Organization","@id":"https:\/\/algarve7.pt\/#organization","name":"Algarve 7","url":"https:\/\/algarve7.pt\/","logo":{"@type":"ImageObject","inLanguage":"pt-PT","@id":"https:\/\/algarve7.pt\/#\/schema\/logo\/image\/","url":"https:\/\/algarve7.pt\/wp-content\/uploads\/2020\/10\/Logo-8.jpg","contentUrl":"https:\/\/algarve7.pt\/wp-content\/uploads\/2020\/10\/Logo-8.jpg","width":1680,"height":1186,"caption":"Algarve 7"},"image":{"@id":"https:\/\/algarve7.pt\/#\/schema\/logo\/image\/"},"sameAs":["https:\/\/www.facebook.com\/algarve7","https:\/\/x.com\/Algarvesete","https:\/\/www.instagram.com\/jornalalgarve7\/","https:\/\/www.linkedin.com\/company\/algarve7","https:\/\/www.pinterest.pt\/geral0939\/_created\/"]},{"@type":"Person","@id":"https:\/\/algarve7.pt\/#\/schema\/person\/23fa70681308e7b319a3204bcea45e0c","name":"Algarve 7","sameAs":["https:\/\/algarve7.pt","https:\/\/www.facebook.com\/algarve7"],"url":"https:\/\/algarve7.pt\/index.php\/author\/geralalgarve7-pt\/"}]}},"jetpack_publicize_connections":[],"jetpack_featured_media_url":"https:\/\/algarve7.pt\/wp-content\/uploads\/2022\/10\/M_Aljezur_Antigo_posto_G_Fiscal_l-2.jpg","jetpack_shortlink":"https:\/\/wp.me\/pcezmW-5Uy","jetpack_sharing_enabled":true,"_links":{"self":[{"href":"https:\/\/algarve7.pt\/index.php\/wp-json\/wp\/v2\/posts\/22726","targetHints":{"allow":["GET"]}}],"collection":[{"href":"https:\/\/algarve7.pt\/index.php\/wp-json\/wp\/v2\/posts"}],"about":[{"href":"https:\/\/algarve7.pt\/index.php\/wp-json\/wp\/v2\/types\/post"}],"author":[{"embeddable":true,"href":"https:\/\/algarve7.pt\/index.php\/wp-json\/wp\/v2\/users\/1"}],"replies":[{"embeddable":true,"href":"https:\/\/algarve7.pt\/index.php\/wp-json\/wp\/v2\/comments?post=22726"}],"version-history":[{"count":0,"href":"https:\/\/algarve7.pt\/index.php\/wp-json\/wp\/v2\/posts\/22726\/revisions"}],"wp:featuredmedia":[{"embeddable":true,"href":"https:\/\/algarve7.pt\/index.php\/wp-json\/wp\/v2\/media\/22728"}],"wp:attachment":[{"href":"https:\/\/algarve7.pt\/index.php\/wp-json\/wp\/v2\/media?parent=22726"}],"wp:term":[{"taxonomy":"category","embeddable":true,"href":"https:\/\/algarve7.pt\/index.php\/wp-json\/wp\/v2\/categories?post=22726"},{"taxonomy":"post_tag","embeddable":true,"href":"https:\/\/algarve7.pt\/index.php\/wp-json\/wp\/v2\/tags?post=22726"}],"curies":[{"name":"wp","href":"https:\/\/api.w.org\/{rel}","templated":true}]}}