{"id":22710,"date":"2022-10-20T09:55:00","date_gmt":"2022-10-20T08:55:00","guid":{"rendered":"https:\/\/algarve7.pt\/?p=22710"},"modified":"2022-10-19T19:31:11","modified_gmt":"2022-10-19T18:31:11","slug":"ccdr-algarve-presente-no-primeiro-comite-de-acompanhamento-do-programa-interreg-vi","status":"publish","type":"post","link":"https:\/\/algarve7.pt\/index.php\/2022\/10\/ccdr-algarve-presente-no-primeiro-comite-de-acompanhamento-do-programa-interreg-vi\/atualidade\/09\/55\/","title":{"rendered":"CCDR ALGARVE presente no primeiro Comit\u00e9 de Acompanhamento do Programa INTERREG VI"},"content":{"rendered":"\n<p>A Comiss\u00e3o de Coordena\u00e7\u00e3o e Desenvolvimento Regional (CCDR) do Algarve participou no primeiro Comit\u00e9 de Acompanhamento do Programa INTERREG VI-A Espanha-Portugal 2021-2027, realizado, no dia 18 de outubro, em Belmonte, a par da Direcci\u00f3n General de Fondos Europeos, Xunta de Galicia e Juntas de Castilla y Le\u00f3n, Extremadura e Andalucia, UGT Espanha e Secretar\u00eda Conjunta, Ag\u00eancia para o Desenvolvimento e Coes\u00e3o (AD&amp;C) e CCDR s Norte, Centro e Alentejo, bem como outros organismos, destacando-se a Comiss\u00e3o Europeia, que assistiram <em>online<\/em>.<\/p>\n\n\n\n<p>Na reuni\u00e3o do 1\u00ba Comit\u00e9 de Acompanhamento foram aprovados os documentos de trabalho referentes ao <a href=\"https:\/\/www.poctep.eu\/es\/post-2020\" target=\"_blank\" rel=\"noreferrer noopener\">novo Programa<\/a>, nomeadamente, o regulamento interno do Comit\u00e9, as convocat\u00f3rias de projetos e as regras de elegibilidade, sendo tamb\u00e9m apresentadas as regras de notoriedade, transpar\u00eancia e comunica\u00e7\u00e3o, assentes num novo log\u00f3tipo e um novo <em>site<\/em>, mais claro e intuitivo, bem como nova plataforma de trabalho.<\/p>\n\n\n\n<p>Com uma dota\u00e7\u00e3o financeira de 427 Milh\u00f5es de Euros no total, sendo o financiamento do Fundo Europeu de Desenvolvimento Regional (FEDER) de 320M\u20ac (75%), o novo programa ser\u00e1 lan\u00e7ado nos dias 16 e 17 de novembro em Ayamonte, num Semin\u00e1rio de participa\u00e7\u00e3o livre, podendo as inscri\u00e7\u00f5es ser efetuadas <a href=\"https:\/\/bit.ly\/formulario_seminario2127_POCTEP\" target=\"_blank\" rel=\"noreferrer noopener\">AQUI<\/a>.<\/p>\n\n\n\n<p>No \u00e2mbito das respetivas circunscri\u00e7\u00f5es territoriais, nos termos do Decreto-Lei n.\u00ba 228\/2012 de 25 de outubro (Lei Org\u00e2nica das CCDRs, na sua vers\u00e3o atualizada), as CCDRs asseguram a articula\u00e7\u00e3o entre institui\u00e7\u00f5es da administra\u00e7\u00e3o direta do Estado, autarquias locais e entidades equiparadas e dinamizam a coopera\u00e7\u00e3o inter-regional transfronteiri\u00e7a, contribuindo para a integra\u00e7\u00e3o europeia do espa\u00e7o regional e para o refor\u00e7o da sua competitividade, com base em estrat\u00e9gias de desenvolvimento sustent\u00e1vel de n\u00edveis regional e local.<\/p>\n","protected":false},"excerpt":{"rendered":"<p>A Comiss\u00e3o de Coordena\u00e7\u00e3o e Desenvolvimento Regional (CCDR) do Algarve participou no primeiro Comit\u00e9 de Acompanhamento do Programa INTERREG VI-A<\/p>\n","protected":false},"author":1,"featured_media":22711,"comment_status":"closed","ping_status":"open","sticky":false,"template":"","format":"standard","meta":{"colormag_page_container_layout":"default_layout","colormag_page_sidebar_layout":"default_layout","_monsterinsights_skip_tracking":false,"_monsterinsights_sitenote_active":false,"_monsterinsights_sitenote_note":"","_monsterinsights_sitenote_category":0,"jetpack_post_was_ever_published":false,"_jetpack_newsletter_access":"","_jetpack_dont_email_post_to_subs":false,"_jetpack_newsletter_tier_id":0,"_jetpack_memberships_contains_paywalled_content":false,"_jetpack_memberships_contains_paid_content":false,"footnotes":"","jetpack_publicize_message":"","jetpack_publicize_feature_enabled":true,"jetpack_social_post_already_shared":true,"jetpack_social_options":{"image_generator_settings":{"template":"highway","default_image_id":0,"font":"","enabled":false},"version":2}},"categories":[11],"tags":[36,62,143,296],"class_list":["post-22710","post","type-post","status-publish","format-standard","has-post-thumbnail","hentry","category-atualidade","tag-algarve","tag-atualidade","tag-ccdr-algarve","tag-interreg"],"yoast_head":"<!-- This site is optimized with the Yoast SEO plugin v27.5 - https:\/\/yoast.com\/product\/yoast-seo-wordpress\/ -->\n<title>CCDR ALGARVE presente no primeiro Comit\u00e9 de Acompanhamento do Programa INTERREG VI - Algarve 7<\/title>\n<meta name=\"description\" content=\"CCDR ALGARVE presente no primeiro Comit\u00e9 de Acompanhamento do Programa INTERREG VI\" \/>\n<meta name=\"robots\" content=\"index, follow, max-snippet:-1, max-image-preview:large, max-video-preview:-1\" \/>\n<link rel=\"canonical\" href=\"https:\/\/algarve7.pt\/index.php\/2022\/10\/ccdr-algarve-presente-no-primeiro-comite-de-acompanhamento-do-programa-interreg-vi\/atualidade\/09\/55\/\" \/>\n<meta property=\"og:locale\" content=\"pt_PT\" \/>\n<meta property=\"og:type\" content=\"article\" \/>\n<meta property=\"og:title\" content=\"CCDR ALGARVE presente no primeiro Comit\u00e9 de Acompanhamento do Programa INTERREG VI - Algarve 7\" \/>\n<meta property=\"og:description\" content=\"CCDR ALGARVE presente no primeiro Comit\u00e9 de Acompanhamento do Programa INTERREG VI\" \/>\n<meta property=\"og:url\" content=\"https:\/\/algarve7.pt\/index.php\/2022\/10\/ccdr-algarve-presente-no-primeiro-comite-de-acompanhamento-do-programa-interreg-vi\/atualidade\/09\/55\/\" \/>\n<meta property=\"og:site_name\" content=\"Algarve 7\" \/>\n<meta property=\"article:publisher\" content=\"https:\/\/www.facebook.com\/algarve7\" \/>\n<meta property=\"article:author\" content=\"https:\/\/www.facebook.com\/algarve7\" \/>\n<meta property=\"article:published_time\" content=\"2022-10-20T08:55:00+00:00\" \/>\n<meta property=\"og:image\" content=\"https:\/\/algarve7.pt\/wp-content\/uploads\/2022\/10\/Interreg_Comite\u0301-de-Acompanhamento.jpg\" \/>\n\t<meta property=\"og:image:width\" content=\"2048\" \/>\n\t<meta property=\"og:image:height\" content=\"1330\" \/>\n\t<meta property=\"og:image:type\" content=\"image\/jpeg\" \/>\n<meta name=\"author\" content=\"Algarve 7\" \/>\n<meta name=\"twitter:card\" content=\"summary_large_image\" \/>\n<meta name=\"twitter:creator\" content=\"@Algarvesete\" \/>\n<meta name=\"twitter:site\" content=\"@Algarvesete\" \/>\n<meta name=\"twitter:label1\" content=\"Escrito por\" \/>\n\t<meta name=\"twitter:data1\" content=\"Algarve 7\" \/>\n\t<meta name=\"twitter:label2\" content=\"Tempo estimado de leitura\" \/>\n\t<meta name=\"twitter:data2\" content=\"1 minuto\" \/>\n<script type=\"application\/ld+json\" class=\"yoast-schema-graph\">{\"@context\":\"https:\\\/\\\/schema.org\",\"@graph\":[{\"@type\":\"Article\",\"@id\":\"https:\\\/\\\/algarve7.pt\\\/index.php\\\/2022\\\/10\\\/ccdr-algarve-presente-no-primeiro-comite-de-acompanhamento-do-programa-interreg-vi\\\/atualidade\\\/09\\\/55\\\/#article\",\"isPartOf\":{\"@id\":\"https:\\\/\\\/algarve7.pt\\\/index.php\\\/2022\\\/10\\\/ccdr-algarve-presente-no-primeiro-comite-de-acompanhamento-do-programa-interreg-vi\\\/atualidade\\\/09\\\/55\\\/\"},\"author\":{\"name\":\"Algarve 7\",\"@id\":\"https:\\\/\\\/algarve7.pt\\\/#\\\/schema\\\/person\\\/23fa70681308e7b319a3204bcea45e0c\"},\"headline\":\"CCDR ALGARVE presente no primeiro Comit\u00e9 de Acompanhamento do Programa INTERREG VI\",\"datePublished\":\"2022-10-20T08:55:00+00:00\",\"mainEntityOfPage\":{\"@id\":\"https:\\\/\\\/algarve7.pt\\\/index.php\\\/2022\\\/10\\\/ccdr-algarve-presente-no-primeiro-comite-de-acompanhamento-do-programa-interreg-vi\\\/atualidade\\\/09\\\/55\\\/\"},\"wordCount\":303,\"publisher\":{\"@id\":\"https:\\\/\\\/algarve7.pt\\\/#organization\"},\"image\":{\"@id\":\"https:\\\/\\\/algarve7.pt\\\/index.php\\\/2022\\\/10\\\/ccdr-algarve-presente-no-primeiro-comite-de-acompanhamento-do-programa-interreg-vi\\\/atualidade\\\/09\\\/55\\\/#primaryimage\"},\"thumbnailUrl\":\"https:\\\/\\\/algarve7.pt\\\/wp-content\\\/uploads\\\/2022\\\/10\\\/Interreg_Comite\u0301-de-Acompanhamento.jpg\",\"keywords\":[\"Algarve\",\"Atualidade\",\"CCDR Algarve\",\"Interreg\"],\"articleSection\":[\"Atualidade\"],\"inLanguage\":\"pt-PT\"},{\"@type\":\"WebPage\",\"@id\":\"https:\\\/\\\/algarve7.pt\\\/index.php\\\/2022\\\/10\\\/ccdr-algarve-presente-no-primeiro-comite-de-acompanhamento-do-programa-interreg-vi\\\/atualidade\\\/09\\\/55\\\/\",\"url\":\"https:\\\/\\\/algarve7.pt\\\/index.php\\\/2022\\\/10\\\/ccdr-algarve-presente-no-primeiro-comite-de-acompanhamento-do-programa-interreg-vi\\\/atualidade\\\/09\\\/55\\\/\",\"name\":\"CCDR ALGARVE presente no primeiro Comit\u00e9 de Acompanhamento do Programa INTERREG VI - Algarve 7\",\"isPartOf\":{\"@id\":\"https:\\\/\\\/algarve7.pt\\\/#website\"},\"primaryImageOfPage\":{\"@id\":\"https:\\\/\\\/algarve7.pt\\\/index.php\\\/2022\\\/10\\\/ccdr-algarve-presente-no-primeiro-comite-de-acompanhamento-do-programa-interreg-vi\\\/atualidade\\\/09\\\/55\\\/#primaryimage\"},\"image\":{\"@id\":\"https:\\\/\\\/algarve7.pt\\\/index.php\\\/2022\\\/10\\\/ccdr-algarve-presente-no-primeiro-comite-de-acompanhamento-do-programa-interreg-vi\\\/atualidade\\\/09\\\/55\\\/#primaryimage\"},\"thumbnailUrl\":\"https:\\\/\\\/algarve7.pt\\\/wp-content\\\/uploads\\\/2022\\\/10\\\/Interreg_Comite\u0301-de-Acompanhamento.jpg\",\"datePublished\":\"2022-10-20T08:55:00+00:00\",\"description\":\"CCDR ALGARVE presente no primeiro Comit\u00e9 de Acompanhamento do Programa INTERREG VI\",\"breadcrumb\":{\"@id\":\"https:\\\/\\\/algarve7.pt\\\/index.php\\\/2022\\\/10\\\/ccdr-algarve-presente-no-primeiro-comite-de-acompanhamento-do-programa-interreg-vi\\\/atualidade\\\/09\\\/55\\\/#breadcrumb\"},\"inLanguage\":\"pt-PT\",\"potentialAction\":[{\"@type\":\"ReadAction\",\"target\":[\"https:\\\/\\\/algarve7.pt\\\/index.php\\\/2022\\\/10\\\/ccdr-algarve-presente-no-primeiro-comite-de-acompanhamento-do-programa-interreg-vi\\\/atualidade\\\/09\\\/55\\\/\"]}]},{\"@type\":\"ImageObject\",\"inLanguage\":\"pt-PT\",\"@id\":\"https:\\\/\\\/algarve7.pt\\\/index.php\\\/2022\\\/10\\\/ccdr-algarve-presente-no-primeiro-comite-de-acompanhamento-do-programa-interreg-vi\\\/atualidade\\\/09\\\/55\\\/#primaryimage\",\"url\":\"https:\\\/\\\/algarve7.pt\\\/wp-content\\\/uploads\\\/2022\\\/10\\\/Interreg_Comite\u0301-de-Acompanhamento.jpg\",\"contentUrl\":\"https:\\\/\\\/algarve7.pt\\\/wp-content\\\/uploads\\\/2022\\\/10\\\/Interreg_Comite\u0301-de-Acompanhamento.jpg\",\"width\":2048,\"height\":1330},{\"@type\":\"BreadcrumbList\",\"@id\":\"https:\\\/\\\/algarve7.pt\\\/index.php\\\/2022\\\/10\\\/ccdr-algarve-presente-no-primeiro-comite-de-acompanhamento-do-programa-interreg-vi\\\/atualidade\\\/09\\\/55\\\/#breadcrumb\",\"itemListElement\":[{\"@type\":\"ListItem\",\"position\":1,\"name\":\"In\u00edcio\",\"item\":\"https:\\\/\\\/algarve7.pt\\\/\"},{\"@type\":\"ListItem\",\"position\":2,\"name\":\"CCDR ALGARVE presente no primeiro Comit\u00e9 de Acompanhamento do Programa INTERREG VI\"}]},{\"@type\":\"WebSite\",\"@id\":\"https:\\\/\\\/algarve7.pt\\\/#website\",\"url\":\"https:\\\/\\\/algarve7.pt\\\/\",\"name\":\"Algarve 7\",\"description\":\"Informa\u00e7\u00e3o sobre o Algarve\",\"publisher\":{\"@id\":\"https:\\\/\\\/algarve7.pt\\\/#organization\"},\"potentialAction\":[{\"@type\":\"SearchAction\",\"target\":{\"@type\":\"EntryPoint\",\"urlTemplate\":\"https:\\\/\\\/algarve7.pt\\\/?s={search_term_string}\"},\"query-input\":{\"@type\":\"PropertyValueSpecification\",\"valueRequired\":true,\"valueName\":\"search_term_string\"}}],\"inLanguage\":\"pt-PT\"},{\"@type\":\"Organization\",\"@id\":\"https:\\\/\\\/algarve7.pt\\\/#organization\",\"name\":\"Algarve 7\",\"url\":\"https:\\\/\\\/algarve7.pt\\\/\",\"logo\":{\"@type\":\"ImageObject\",\"inLanguage\":\"pt-PT\",\"@id\":\"https:\\\/\\\/algarve7.pt\\\/#\\\/schema\\\/logo\\\/image\\\/\",\"url\":\"https:\\\/\\\/algarve7.pt\\\/wp-content\\\/uploads\\\/2020\\\/10\\\/Logo-8.jpg\",\"contentUrl\":\"https:\\\/\\\/algarve7.pt\\\/wp-content\\\/uploads\\\/2020\\\/10\\\/Logo-8.jpg\",\"width\":1680,\"height\":1186,\"caption\":\"Algarve 7\"},\"image\":{\"@id\":\"https:\\\/\\\/algarve7.pt\\\/#\\\/schema\\\/logo\\\/image\\\/\"},\"sameAs\":[\"https:\\\/\\\/www.facebook.com\\\/algarve7\",\"https:\\\/\\\/x.com\\\/Algarvesete\",\"https:\\\/\\\/www.instagram.com\\\/jornalalgarve7\\\/\",\"https:\\\/\\\/www.linkedin.com\\\/company\\\/algarve7\",\"https:\\\/\\\/www.pinterest.pt\\\/geral0939\\\/_created\\\/\"]},{\"@type\":\"Person\",\"@id\":\"https:\\\/\\\/algarve7.pt\\\/#\\\/schema\\\/person\\\/23fa70681308e7b319a3204bcea45e0c\",\"name\":\"Algarve 7\",\"sameAs\":[\"https:\\\/\\\/algarve7.pt\",\"https:\\\/\\\/www.facebook.com\\\/algarve7\"],\"url\":\"https:\\\/\\\/algarve7.pt\\\/index.php\\\/author\\\/geralalgarve7-pt\\\/\"}]}<\/script>\n<!-- \/ Yoast SEO plugin. -->","yoast_head_json":{"title":"CCDR ALGARVE presente no primeiro Comit\u00e9 de Acompanhamento do Programa INTERREG VI - Algarve 7","description":"CCDR ALGARVE presente no primeiro Comit\u00e9 de Acompanhamento do Programa INTERREG VI","robots":{"index":"index","follow":"follow","max-snippet":"max-snippet:-1","max-image-preview":"max-image-preview:large","max-video-preview":"max-video-preview:-1"},"canonical":"https:\/\/algarve7.pt\/index.php\/2022\/10\/ccdr-algarve-presente-no-primeiro-comite-de-acompanhamento-do-programa-interreg-vi\/atualidade\/09\/55\/","og_locale":"pt_PT","og_type":"article","og_title":"CCDR ALGARVE presente no primeiro Comit\u00e9 de Acompanhamento do Programa INTERREG VI - Algarve 7","og_description":"CCDR ALGARVE presente no primeiro Comit\u00e9 de Acompanhamento do Programa INTERREG VI","og_url":"https:\/\/algarve7.pt\/index.php\/2022\/10\/ccdr-algarve-presente-no-primeiro-comite-de-acompanhamento-do-programa-interreg-vi\/atualidade\/09\/55\/","og_site_name":"Algarve 7","article_publisher":"https:\/\/www.facebook.com\/algarve7","article_author":"https:\/\/www.facebook.com\/algarve7","article_published_time":"2022-10-20T08:55:00+00:00","og_image":[{"width":2048,"height":1330,"url":"https:\/\/algarve7.pt\/wp-content\/uploads\/2022\/10\/Interreg_Comite\u0301-de-Acompanhamento.jpg","type":"image\/jpeg"}],"author":"Algarve 7","twitter_card":"summary_large_image","twitter_creator":"@Algarvesete","twitter_site":"@Algarvesete","twitter_misc":{"Escrito por":"Algarve 7","Tempo estimado de leitura":"1 minuto"},"schema":{"@context":"https:\/\/schema.org","@graph":[{"@type":"Article","@id":"https:\/\/algarve7.pt\/index.php\/2022\/10\/ccdr-algarve-presente-no-primeiro-comite-de-acompanhamento-do-programa-interreg-vi\/atualidade\/09\/55\/#article","isPartOf":{"@id":"https:\/\/algarve7.pt\/index.php\/2022\/10\/ccdr-algarve-presente-no-primeiro-comite-de-acompanhamento-do-programa-interreg-vi\/atualidade\/09\/55\/"},"author":{"name":"Algarve 7","@id":"https:\/\/algarve7.pt\/#\/schema\/person\/23fa70681308e7b319a3204bcea45e0c"},"headline":"CCDR ALGARVE presente no primeiro Comit\u00e9 de Acompanhamento do Programa INTERREG VI","datePublished":"2022-10-20T08:55:00+00:00","mainEntityOfPage":{"@id":"https:\/\/algarve7.pt\/index.php\/2022\/10\/ccdr-algarve-presente-no-primeiro-comite-de-acompanhamento-do-programa-interreg-vi\/atualidade\/09\/55\/"},"wordCount":303,"publisher":{"@id":"https:\/\/algarve7.pt\/#organization"},"image":{"@id":"https:\/\/algarve7.pt\/index.php\/2022\/10\/ccdr-algarve-presente-no-primeiro-comite-de-acompanhamento-do-programa-interreg-vi\/atualidade\/09\/55\/#primaryimage"},"thumbnailUrl":"https:\/\/algarve7.pt\/wp-content\/uploads\/2022\/10\/Interreg_Comite\u0301-de-Acompanhamento.jpg","keywords":["Algarve","Atualidade","CCDR Algarve","Interreg"],"articleSection":["Atualidade"],"inLanguage":"pt-PT"},{"@type":"WebPage","@id":"https:\/\/algarve7.pt\/index.php\/2022\/10\/ccdr-algarve-presente-no-primeiro-comite-de-acompanhamento-do-programa-interreg-vi\/atualidade\/09\/55\/","url":"https:\/\/algarve7.pt\/index.php\/2022\/10\/ccdr-algarve-presente-no-primeiro-comite-de-acompanhamento-do-programa-interreg-vi\/atualidade\/09\/55\/","name":"CCDR ALGARVE presente no primeiro Comit\u00e9 de Acompanhamento do Programa INTERREG VI - Algarve 7","isPartOf":{"@id":"https:\/\/algarve7.pt\/#website"},"primaryImageOfPage":{"@id":"https:\/\/algarve7.pt\/index.php\/2022\/10\/ccdr-algarve-presente-no-primeiro-comite-de-acompanhamento-do-programa-interreg-vi\/atualidade\/09\/55\/#primaryimage"},"image":{"@id":"https:\/\/algarve7.pt\/index.php\/2022\/10\/ccdr-algarve-presente-no-primeiro-comite-de-acompanhamento-do-programa-interreg-vi\/atualidade\/09\/55\/#primaryimage"},"thumbnailUrl":"https:\/\/algarve7.pt\/wp-content\/uploads\/2022\/10\/Interreg_Comite\u0301-de-Acompanhamento.jpg","datePublished":"2022-10-20T08:55:00+00:00","description":"CCDR ALGARVE presente no primeiro Comit\u00e9 de Acompanhamento do Programa INTERREG VI","breadcrumb":{"@id":"https:\/\/algarve7.pt\/index.php\/2022\/10\/ccdr-algarve-presente-no-primeiro-comite-de-acompanhamento-do-programa-interreg-vi\/atualidade\/09\/55\/#breadcrumb"},"inLanguage":"pt-PT","potentialAction":[{"@type":"ReadAction","target":["https:\/\/algarve7.pt\/index.php\/2022\/10\/ccdr-algarve-presente-no-primeiro-comite-de-acompanhamento-do-programa-interreg-vi\/atualidade\/09\/55\/"]}]},{"@type":"ImageObject","inLanguage":"pt-PT","@id":"https:\/\/algarve7.pt\/index.php\/2022\/10\/ccdr-algarve-presente-no-primeiro-comite-de-acompanhamento-do-programa-interreg-vi\/atualidade\/09\/55\/#primaryimage","url":"https:\/\/algarve7.pt\/wp-content\/uploads\/2022\/10\/Interreg_Comite\u0301-de-Acompanhamento.jpg","contentUrl":"https:\/\/algarve7.pt\/wp-content\/uploads\/2022\/10\/Interreg_Comite\u0301-de-Acompanhamento.jpg","width":2048,"height":1330},{"@type":"BreadcrumbList","@id":"https:\/\/algarve7.pt\/index.php\/2022\/10\/ccdr-algarve-presente-no-primeiro-comite-de-acompanhamento-do-programa-interreg-vi\/atualidade\/09\/55\/#breadcrumb","itemListElement":[{"@type":"ListItem","position":1,"name":"In\u00edcio","item":"https:\/\/algarve7.pt\/"},{"@type":"ListItem","position":2,"name":"CCDR ALGARVE presente no primeiro Comit\u00e9 de Acompanhamento do Programa INTERREG VI"}]},{"@type":"WebSite","@id":"https:\/\/algarve7.pt\/#website","url":"https:\/\/algarve7.pt\/","name":"Algarve 7","description":"Informa\u00e7\u00e3o sobre o Algarve","publisher":{"@id":"https:\/\/algarve7.pt\/#organization"},"potentialAction":[{"@type":"SearchAction","target":{"@type":"EntryPoint","urlTemplate":"https:\/\/algarve7.pt\/?s={search_term_string}"},"query-input":{"@type":"PropertyValueSpecification","valueRequired":true,"valueName":"search_term_string"}}],"inLanguage":"pt-PT"},{"@type":"Organization","@id":"https:\/\/algarve7.pt\/#organization","name":"Algarve 7","url":"https:\/\/algarve7.pt\/","logo":{"@type":"ImageObject","inLanguage":"pt-PT","@id":"https:\/\/algarve7.pt\/#\/schema\/logo\/image\/","url":"https:\/\/algarve7.pt\/wp-content\/uploads\/2020\/10\/Logo-8.jpg","contentUrl":"https:\/\/algarve7.pt\/wp-content\/uploads\/2020\/10\/Logo-8.jpg","width":1680,"height":1186,"caption":"Algarve 7"},"image":{"@id":"https:\/\/algarve7.pt\/#\/schema\/logo\/image\/"},"sameAs":["https:\/\/www.facebook.com\/algarve7","https:\/\/x.com\/Algarvesete","https:\/\/www.instagram.com\/jornalalgarve7\/","https:\/\/www.linkedin.com\/company\/algarve7","https:\/\/www.pinterest.pt\/geral0939\/_created\/"]},{"@type":"Person","@id":"https:\/\/algarve7.pt\/#\/schema\/person\/23fa70681308e7b319a3204bcea45e0c","name":"Algarve 7","sameAs":["https:\/\/algarve7.pt","https:\/\/www.facebook.com\/algarve7"],"url":"https:\/\/algarve7.pt\/index.php\/author\/geralalgarve7-pt\/"}]}},"jetpack_publicize_connections":[],"jetpack_featured_media_url":"https:\/\/algarve7.pt\/wp-content\/uploads\/2022\/10\/Interreg_Comite\u0301-de-Acompanhamento.jpg","jetpack_shortlink":"https:\/\/wp.me\/pcezmW-5Ui","jetpack_sharing_enabled":true,"_links":{"self":[{"href":"https:\/\/algarve7.pt\/index.php\/wp-json\/wp\/v2\/posts\/22710","targetHints":{"allow":["GET"]}}],"collection":[{"href":"https:\/\/algarve7.pt\/index.php\/wp-json\/wp\/v2\/posts"}],"about":[{"href":"https:\/\/algarve7.pt\/index.php\/wp-json\/wp\/v2\/types\/post"}],"author":[{"embeddable":true,"href":"https:\/\/algarve7.pt\/index.php\/wp-json\/wp\/v2\/users\/1"}],"replies":[{"embeddable":true,"href":"https:\/\/algarve7.pt\/index.php\/wp-json\/wp\/v2\/comments?post=22710"}],"version-history":[{"count":0,"href":"https:\/\/algarve7.pt\/index.php\/wp-json\/wp\/v2\/posts\/22710\/revisions"}],"wp:featuredmedia":[{"embeddable":true,"href":"https:\/\/algarve7.pt\/index.php\/wp-json\/wp\/v2\/media\/22711"}],"wp:attachment":[{"href":"https:\/\/algarve7.pt\/index.php\/wp-json\/wp\/v2\/media?parent=22710"}],"wp:term":[{"taxonomy":"category","embeddable":true,"href":"https:\/\/algarve7.pt\/index.php\/wp-json\/wp\/v2\/categories?post=22710"},{"taxonomy":"post_tag","embeddable":true,"href":"https:\/\/algarve7.pt\/index.php\/wp-json\/wp\/v2\/tags?post=22710"}],"curies":[{"name":"wp","href":"https:\/\/api.w.org\/{rel}","templated":true}]}}