{"id":22706,"date":"2022-10-20T09:20:00","date_gmt":"2022-10-20T08:20:00","guid":{"rendered":"https:\/\/algarve7.pt\/?p=22706"},"modified":"2022-10-19T17:58:30","modified_gmt":"2022-10-19T16:58:30","slug":"15-a-edicao-do-festival-internacional-de-orgao-do-algarve","status":"publish","type":"post","link":"https:\/\/algarve7.pt\/index.php\/2022\/10\/15-a-edicao-do-festival-internacional-de-orgao-do-algarve\/cultura\/09\/20\/","title":{"rendered":"15.\u00aa edi\u00e7\u00e3o do Festival Internacional de \u00d3rg\u00e3o do Algarve"},"content":{"rendered":"\n<p>A Associa\u00e7\u00e3o M\u00fasica XXI apresenta a 15.\u00aa edi\u00e7\u00e3o do Festival Internacional de \u00d3rg\u00e3o do Algarve, de&nbsp;<strong>4 a 26 de novembro<\/strong>, nas Igrejas de Faro, Portim\u00e3o, Loul\u00e9\/Boliqueime e Tavira.&nbsp;Regressando&nbsp;ao formato estendido e \u00e0 sua programa\u00e7\u00e3o caracter\u00edstica,&nbsp;h\u00e1 propostas de \u00f3rg\u00e3o a solo, de m\u00fasica coral e de m\u00fasica de c\u00e2mara (incluindo uma combina\u00e7\u00e3o in\u00e9dita no Festival &#8211; corneta hist\u00f3rica), com apresenta\u00e7\u00e3o tamb\u00e9m de um \u00f3rg\u00e3o positivo e do peculiar som do harm\u00f3nio.<\/p>\n\n\n\n<p>Propomos&nbsp;<strong>13 concertos, 3 workshops, 1 concurso de fotografia e 1 visita ao interior dos \u00f3rg\u00e3os<\/strong>! Foram convidados os organistas&nbsp;Jo\u00e3o Santos, Laura Silva, Ant\u00f3nio Pedrosa, Andr\u00e9 Ferreira, Rui Soares, Matteo Cordioli, Jo\u00e3o Vaz, e&nbsp;Joris Verdin,&nbsp;e a programa\u00e7\u00e3o conta ainda com a participa\u00e7\u00e3o do Coral Ad\u00e1gio, do Coral Oss\u00f3noba, do&nbsp;Ensemble Mvsica Antiqva Porto, da cantora Michele Tomaz, do flautista Tiago Simas Freire e dos alunos da Escola de \u00d3rg\u00e3o da S\u00e9 de Faro.<\/p>\n\n\n\n<p><strong>Jo\u00e3o Santos<\/strong>&nbsp;participou em prestigiados concursos internacionais de \u00f3rg\u00e3o e efetua regularmente concertos por todo o pa\u00eds e estrangeiro. Tem trabalhado com grande parte das orquestras nacionais. \u00c9 organista titular da Catedral de Leiria.<\/p>\n\n\n\n<p><strong>Laura Silva<\/strong>&nbsp;apresentou-se a solo e com orquestra em Portugal, Fran\u00e7a, Alemanha, B\u00e9lgica, Holanda e Inglaterra. Estuda na prestigiada Royal College of Music em Londres, onde \u00e9 bolseira da Eric Thompson Trust e da Funda\u00e7\u00e3o GDA.<\/p>\n\n\n\n<p>Como solista e m\u00fasico de ensemble,&nbsp;<strong>Ant\u00f3nio Pedrosa<\/strong>&nbsp;realizou concertos em Portugal, Holanda, Espanha e Fran\u00e7a. Atualmente \u00e9 organista na Onze Lieve Vrouw van de Rozenkrans (Obrechtkerk), em Amsterd\u00e3o.<\/p>\n\n\n\n<p>Como solista ou integrado em diversos agrupamentos musicais,&nbsp;<strong>Andr\u00e9 Ferreira<\/strong>&nbsp;j\u00e1 efetuou recitais em Portugal, Espanha, It\u00e1lia, Holanda, Inglaterra e Nova Zel\u00e2ndia. \u00c9 organista no Ensemble S. Tom\u00e1s de Aquino e colabora ainda com a Par\u00f3quia de Santa Maria de Bel\u00e9m, Mosteiro dos Jer\u00f3nimos.<\/p>\n\n\n\n<p><strong>Rui Soares<\/strong>&nbsp;tem colaborado com orquestras e coros nacionais e integrado festivais e in\u00fameros concertos em Portugal, Espanha, Fran\u00e7a, Su\u00ed\u00e7a, It\u00e1lia, B\u00e9lgica, Holanda e Pol\u00f3nia. \u00c9 organista na Igreja da Senhora da Concei\u00e7\u00e3o no Porto e organista titular da Igreja dos Cl\u00e9rigos.<\/p>\n\n\n\n<p><strong>Matteo Cordioli<\/strong>&nbsp;participou em cursos de Interpreta\u00e7\u00e3o de v\u00e1rios per\u00edodos musicais, bem como de Improvisa\u00e7\u00e3o Contempor\u00e2nea. \u00c9 organista e diretor do coro da Igreja de San Pietro Apostolo, e organista no grande \u00f3rg\u00e3o Ruffatti, da Igreja de Santa Teresa del Bambino Ges\u00f9, ambas em Verona.<\/p>\n\n\n\n<p><strong>Jo\u00e3o Vaz<\/strong>&nbsp;tem mantido uma intensa atividade a n\u00edvel internacional, quer como concertista, quer como docente em cursos de aperfei\u00e7oamento organ\u00edstico, ou membro de j\u00fari de concursos de interpreta\u00e7\u00e3o. Leciona \u00d3rg\u00e3o na Escola Superior de M\u00fasica de Lisboa e \u00e9 diretor art\u00edstico do Festival de \u00d3rg\u00e3o da Madeira e das s\u00e9ries de concertos no \u00f3rg\u00e3o hist\u00f3rico da Igreja de S\u00e3o Vicente de Fora, em Lisboa, e nos seis \u00f3rg\u00e3os da Bas\u00edlica do Pal\u00e1cio Nacional de Mafra.<\/p>\n\n\n\n<p><strong>Joris Verdin<\/strong>&nbsp;gravou mais de cinquenta CDs como solista, abrangendo v\u00e1rias \u00e9pocas e estilos musicais. Realizou a primeira edi\u00e7\u00e3o completa das obras para harm\u00f3nio de C\u00e9sar Franck e o primeiro manual de t\u00e9cnica para harm\u00f3nio. Obteve distin\u00e7\u00f5es da cr\u00edtica internacional para grava\u00e7\u00f5es de m\u00fasica do s\u00e9culo XIX, bem como intabula\u00e7\u00f5es renascentistas. Fez a grava\u00e7\u00e3o de todas as pe\u00e7as de C\u00e9sar Franck para \u00f3rg\u00e3o e harm\u00f3nio.<\/p>\n\n\n\n<p><strong>CONCERTOS:<\/strong><\/p>\n\n\n\n<p><strong>04 NOV<\/strong>&nbsp;| Igreja Matriz de Portim\u00e3o | 21h \u2013 Jo\u00e3o Santos e Coral Ad\u00e1gio<\/p>\n\n\n\n<p><strong>05 NOV<\/strong>&nbsp;| Igreja da S\u00e9 (Faro) | 21h \u2013 Jo\u00e3o Santos e Coral Oss\u00f3noba<\/p>\n\n\n\n<p><strong>11 NOV<\/strong>&nbsp;| Igreja Matriz de Portim\u00e3o | 21h \u2013 Laura Silva<\/p>\n\n\n\n<p><strong>11 NOV<\/strong>&nbsp;| Igreja Paroquial de Boliqueime | 21h \u2013 Ant\u00f3nio Pedrosa<\/p>\n\n\n\n<p><strong>12 NOV<\/strong>&nbsp;| Igreja do Carmo (Faro) | 21h \u2013 Ant\u00f3nio Pedrosa<\/p>\n\n\n\n<p><strong>18 NOV<\/strong>&nbsp;| Igreja Paroquial de Boliqueime | 21h \u2013 Jo\u00e3o Vaz e Tiago Simas Freire (corneta hist\u00f3rica e flauta)<\/p>\n\n\n\n<p><strong>18 NOV<\/strong>&nbsp;| Igreja da Miseric\u00f3rdia de Tavira | 21h \u2013 Matteo Cordioli e Michele Tomaz (canto)<\/p>\n\n\n\n<p><strong>19 NOV<\/strong>&nbsp;| Igreja do Carmo (Faro) | 21h \u2013 Jo\u00e3o Vaz e Tiago Simas Freire (corneta hist\u00f3rica e flauta)<\/p>\n\n\n\n<p><strong>20 NOV<\/strong>&nbsp;| Igreja Matriz de Loul\u00e9 | 18h \u2013 Rui Soares e Ensemble Mvsica Antiqva Porto<\/p>\n\n\n\n<p><strong>25 NOV<\/strong>&nbsp;| Igreja de Santiago de Tavira | 21h \u2013 Joris Verdin (\u00f3rg\u00e3o e harm\u00f3nio)<\/p>\n\n\n\n<p><strong>26 NOV<\/strong>&nbsp;| Igreja da S\u00e9 (Faro) | 21h \u2013 Joris Verdin (\u00f3rg\u00e3o e harm\u00f3nio)<\/p>\n\n\n\n<p><strong>EXTRA CONCERTOS:<\/strong><\/p>\n\n\n\n<p><strong>05 NOV<\/strong>&nbsp;| Igreja Matriz de Portim\u00e3o | 10h \u2013 Workshop com Jo\u00e3o Santos<\/p>\n\n\n\n<p><strong>11 NOV<\/strong>&nbsp;| Igreja da S\u00e9 (Faro) | 10h \u2013 Concerto pedag\u00f3gico para crian\u00e7as, com Andr\u00e9 Ferreira<\/p>\n\n\n\n<p><strong>13 NOV<\/strong>&nbsp;| Igreja da S\u00e9 (Faro) | 16h \u2013 Concerto de alunos da Escola de \u00d3rg\u00e3o da S\u00e9 de Faro<\/p>\n\n\n\n<p><strong>17 NOV<\/strong>&nbsp;| Igrejas da Miseric\u00f3rdia, Santiago e Carmo (Tavira) | 16h \u2013 visita ao interior dos \u00f3rg\u00e3os<\/p>\n\n\n\n<p><strong>19 NOV<\/strong>&nbsp;| Igreja Matriz de Loul\u00e9 \/ CML-FR | 10h \u2013 Workshop com Jo\u00e3o Vaz \/ Tiago Simas Freire<\/p>\n\n\n\n<p><strong>26 NOV<\/strong>&nbsp;| Igreja da S\u00e9 (Faro) | 21h \u2013 An\u00fancio dos premiados do concurso de fotografia<\/p>\n\n\n\n<p>Os concertos&nbsp;s\u00e3o de entrada livre (gratuita) e n\u00e3o carecem de reserva pr\u00e9via. Os workshops carecem de inscri\u00e7\u00e3o.<\/p>\n","protected":false},"excerpt":{"rendered":"<p>A Associa\u00e7\u00e3o M\u00fasica XXI apresenta a 15.\u00aa edi\u00e7\u00e3o do Festival Internacional de \u00d3rg\u00e3o do Algarve, de&nbsp;4 a 26 de novembro,<\/p>\n","protected":false},"author":1,"featured_media":22707,"comment_status":"closed","ping_status":"open","sticky":false,"template":"","format":"standard","meta":{"colormag_page_container_layout":"default_layout","colormag_page_sidebar_layout":"default_layout","_monsterinsights_skip_tracking":false,"_monsterinsights_sitenote_active":false,"_monsterinsights_sitenote_note":"","_monsterinsights_sitenote_category":0,"jetpack_post_was_ever_published":false,"_jetpack_newsletter_access":"","_jetpack_dont_email_post_to_subs":false,"_jetpack_newsletter_tier_id":0,"_jetpack_memberships_contains_paywalled_content":false,"_jetpack_memberships_contains_paid_content":false,"footnotes":"","jetpack_publicize_message":"","jetpack_publicize_feature_enabled":true,"jetpack_social_post_already_shared":true,"jetpack_social_options":{"image_generator_settings":{"template":"highway","default_image_id":0,"font":"","enabled":false},"version":2}},"categories":[14],"tags":[36,52,35],"class_list":["post-22706","post","type-post","status-publish","format-standard","has-post-thumbnail","hentry","category-cultura","tag-algarve","tag-concerto","tag-cultura"],"yoast_head":"<!-- This site is optimized with the Yoast SEO plugin v27.5 - https:\/\/yoast.com\/product\/yoast-seo-wordpress\/ -->\n<title>15.\u00aa edi\u00e7\u00e3o do Festival Internacional de \u00d3rg\u00e3o do Algarve Algarve 7<\/title>\n<meta name=\"description\" content=\"15.\u00aa edi\u00e7\u00e3o do Festival Internacional de \u00d3rg\u00e3o do Algarve Cultura Algarve 7\" \/>\n<meta name=\"robots\" content=\"index, follow, max-snippet:-1, max-image-preview:large, max-video-preview:-1\" \/>\n<link rel=\"canonical\" href=\"https:\/\/algarve7.pt\/index.php\/2022\/10\/15-a-edicao-do-festival-internacional-de-orgao-do-algarve\/cultura\/09\/20\/\" \/>\n<meta property=\"og:locale\" content=\"pt_PT\" \/>\n<meta property=\"og:type\" content=\"article\" \/>\n<meta property=\"og:title\" content=\"15.\u00aa edi\u00e7\u00e3o do Festival Internacional de \u00d3rg\u00e3o do Algarve Algarve 7\" \/>\n<meta property=\"og:description\" content=\"15.\u00aa edi\u00e7\u00e3o do Festival Internacional de \u00d3rg\u00e3o do Algarve Cultura Algarve 7\" \/>\n<meta property=\"og:url\" content=\"https:\/\/algarve7.pt\/index.php\/2022\/10\/15-a-edicao-do-festival-internacional-de-orgao-do-algarve\/cultura\/09\/20\/\" \/>\n<meta property=\"og:site_name\" content=\"Algarve 7\" \/>\n<meta property=\"article:publisher\" content=\"https:\/\/www.facebook.com\/algarve7\" \/>\n<meta property=\"article:author\" content=\"https:\/\/www.facebook.com\/algarve7\" \/>\n<meta property=\"article:published_time\" content=\"2022-10-20T08:20:00+00:00\" \/>\n<meta property=\"og:image\" content=\"https:\/\/algarve7.pt\/wp-content\/uploads\/2022\/10\/Captura-de-ecra\u0303-2022-10-19-a\u0300s-17.49.58-1024x692.png\" \/>\n\t<meta property=\"og:image:width\" content=\"1024\" \/>\n\t<meta property=\"og:image:height\" content=\"692\" \/>\n\t<meta property=\"og:image:type\" content=\"image\/png\" \/>\n<meta name=\"author\" content=\"Algarve 7\" \/>\n<meta name=\"twitter:card\" content=\"summary_large_image\" \/>\n<meta name=\"twitter:creator\" content=\"@Algarvesete\" \/>\n<meta name=\"twitter:site\" content=\"@Algarvesete\" \/>\n<meta name=\"twitter:label1\" content=\"Escrito por\" \/>\n\t<meta name=\"twitter:data1\" content=\"Algarve 7\" \/>\n\t<meta name=\"twitter:label2\" content=\"Tempo estimado de leitura\" \/>\n\t<meta name=\"twitter:data2\" content=\"5 minutos\" \/>\n<script type=\"application\/ld+json\" class=\"yoast-schema-graph\">{\"@context\":\"https:\\\/\\\/schema.org\",\"@graph\":[{\"@type\":\"Article\",\"@id\":\"https:\\\/\\\/algarve7.pt\\\/index.php\\\/2022\\\/10\\\/15-a-edicao-do-festival-internacional-de-orgao-do-algarve\\\/cultura\\\/09\\\/20\\\/#article\",\"isPartOf\":{\"@id\":\"https:\\\/\\\/algarve7.pt\\\/index.php\\\/2022\\\/10\\\/15-a-edicao-do-festival-internacional-de-orgao-do-algarve\\\/cultura\\\/09\\\/20\\\/\"},\"author\":{\"name\":\"Algarve 7\",\"@id\":\"https:\\\/\\\/algarve7.pt\\\/#\\\/schema\\\/person\\\/23fa70681308e7b319a3204bcea45e0c\"},\"headline\":\"15.\u00aa edi\u00e7\u00e3o do Festival Internacional de \u00d3rg\u00e3o do Algarve\",\"datePublished\":\"2022-10-20T08:20:00+00:00\",\"mainEntityOfPage\":{\"@id\":\"https:\\\/\\\/algarve7.pt\\\/index.php\\\/2022\\\/10\\\/15-a-edicao-do-festival-internacional-de-orgao-do-algarve\\\/cultura\\\/09\\\/20\\\/\"},\"wordCount\":904,\"publisher\":{\"@id\":\"https:\\\/\\\/algarve7.pt\\\/#organization\"},\"image\":{\"@id\":\"https:\\\/\\\/algarve7.pt\\\/index.php\\\/2022\\\/10\\\/15-a-edicao-do-festival-internacional-de-orgao-do-algarve\\\/cultura\\\/09\\\/20\\\/#primaryimage\"},\"thumbnailUrl\":\"https:\\\/\\\/algarve7.pt\\\/wp-content\\\/uploads\\\/2022\\\/10\\\/Captura-de-ecra\u0303-2022-10-19-a\u0300s-17.49.58.png\",\"keywords\":[\"Algarve\",\"Concerto\",\"Cultura\"],\"articleSection\":[\"Cultura\"],\"inLanguage\":\"pt-PT\"},{\"@type\":\"WebPage\",\"@id\":\"https:\\\/\\\/algarve7.pt\\\/index.php\\\/2022\\\/10\\\/15-a-edicao-do-festival-internacional-de-orgao-do-algarve\\\/cultura\\\/09\\\/20\\\/\",\"url\":\"https:\\\/\\\/algarve7.pt\\\/index.php\\\/2022\\\/10\\\/15-a-edicao-do-festival-internacional-de-orgao-do-algarve\\\/cultura\\\/09\\\/20\\\/\",\"name\":\"15.\u00aa edi\u00e7\u00e3o do Festival Internacional de \u00d3rg\u00e3o do Algarve Algarve 7\",\"isPartOf\":{\"@id\":\"https:\\\/\\\/algarve7.pt\\\/#website\"},\"primaryImageOfPage\":{\"@id\":\"https:\\\/\\\/algarve7.pt\\\/index.php\\\/2022\\\/10\\\/15-a-edicao-do-festival-internacional-de-orgao-do-algarve\\\/cultura\\\/09\\\/20\\\/#primaryimage\"},\"image\":{\"@id\":\"https:\\\/\\\/algarve7.pt\\\/index.php\\\/2022\\\/10\\\/15-a-edicao-do-festival-internacional-de-orgao-do-algarve\\\/cultura\\\/09\\\/20\\\/#primaryimage\"},\"thumbnailUrl\":\"https:\\\/\\\/algarve7.pt\\\/wp-content\\\/uploads\\\/2022\\\/10\\\/Captura-de-ecra\u0303-2022-10-19-a\u0300s-17.49.58.png\",\"datePublished\":\"2022-10-20T08:20:00+00:00\",\"description\":\"15.\u00aa edi\u00e7\u00e3o do Festival Internacional de \u00d3rg\u00e3o do Algarve Cultura Algarve 7\",\"breadcrumb\":{\"@id\":\"https:\\\/\\\/algarve7.pt\\\/index.php\\\/2022\\\/10\\\/15-a-edicao-do-festival-internacional-de-orgao-do-algarve\\\/cultura\\\/09\\\/20\\\/#breadcrumb\"},\"inLanguage\":\"pt-PT\",\"potentialAction\":[{\"@type\":\"ReadAction\",\"target\":[\"https:\\\/\\\/algarve7.pt\\\/index.php\\\/2022\\\/10\\\/15-a-edicao-do-festival-internacional-de-orgao-do-algarve\\\/cultura\\\/09\\\/20\\\/\"]}]},{\"@type\":\"ImageObject\",\"inLanguage\":\"pt-PT\",\"@id\":\"https:\\\/\\\/algarve7.pt\\\/index.php\\\/2022\\\/10\\\/15-a-edicao-do-festival-internacional-de-orgao-do-algarve\\\/cultura\\\/09\\\/20\\\/#primaryimage\",\"url\":\"https:\\\/\\\/algarve7.pt\\\/wp-content\\\/uploads\\\/2022\\\/10\\\/Captura-de-ecra\u0303-2022-10-19-a\u0300s-17.49.58.png\",\"contentUrl\":\"https:\\\/\\\/algarve7.pt\\\/wp-content\\\/uploads\\\/2022\\\/10\\\/Captura-de-ecra\u0303-2022-10-19-a\u0300s-17.49.58.png\",\"width\":2152,\"height\":1454},{\"@type\":\"BreadcrumbList\",\"@id\":\"https:\\\/\\\/algarve7.pt\\\/index.php\\\/2022\\\/10\\\/15-a-edicao-do-festival-internacional-de-orgao-do-algarve\\\/cultura\\\/09\\\/20\\\/#breadcrumb\",\"itemListElement\":[{\"@type\":\"ListItem\",\"position\":1,\"name\":\"In\u00edcio\",\"item\":\"https:\\\/\\\/algarve7.pt\\\/\"},{\"@type\":\"ListItem\",\"position\":2,\"name\":\"15.\u00aa edi\u00e7\u00e3o do Festival Internacional de \u00d3rg\u00e3o do Algarve\"}]},{\"@type\":\"WebSite\",\"@id\":\"https:\\\/\\\/algarve7.pt\\\/#website\",\"url\":\"https:\\\/\\\/algarve7.pt\\\/\",\"name\":\"Algarve 7\",\"description\":\"Informa\u00e7\u00e3o sobre o Algarve\",\"publisher\":{\"@id\":\"https:\\\/\\\/algarve7.pt\\\/#organization\"},\"potentialAction\":[{\"@type\":\"SearchAction\",\"target\":{\"@type\":\"EntryPoint\",\"urlTemplate\":\"https:\\\/\\\/algarve7.pt\\\/?s={search_term_string}\"},\"query-input\":{\"@type\":\"PropertyValueSpecification\",\"valueRequired\":true,\"valueName\":\"search_term_string\"}}],\"inLanguage\":\"pt-PT\"},{\"@type\":\"Organization\",\"@id\":\"https:\\\/\\\/algarve7.pt\\\/#organization\",\"name\":\"Algarve 7\",\"url\":\"https:\\\/\\\/algarve7.pt\\\/\",\"logo\":{\"@type\":\"ImageObject\",\"inLanguage\":\"pt-PT\",\"@id\":\"https:\\\/\\\/algarve7.pt\\\/#\\\/schema\\\/logo\\\/image\\\/\",\"url\":\"https:\\\/\\\/algarve7.pt\\\/wp-content\\\/uploads\\\/2020\\\/10\\\/Logo-8.jpg\",\"contentUrl\":\"https:\\\/\\\/algarve7.pt\\\/wp-content\\\/uploads\\\/2020\\\/10\\\/Logo-8.jpg\",\"width\":1680,\"height\":1186,\"caption\":\"Algarve 7\"},\"image\":{\"@id\":\"https:\\\/\\\/algarve7.pt\\\/#\\\/schema\\\/logo\\\/image\\\/\"},\"sameAs\":[\"https:\\\/\\\/www.facebook.com\\\/algarve7\",\"https:\\\/\\\/x.com\\\/Algarvesete\",\"https:\\\/\\\/www.instagram.com\\\/jornalalgarve7\\\/\",\"https:\\\/\\\/www.linkedin.com\\\/company\\\/algarve7\",\"https:\\\/\\\/www.pinterest.pt\\\/geral0939\\\/_created\\\/\"]},{\"@type\":\"Person\",\"@id\":\"https:\\\/\\\/algarve7.pt\\\/#\\\/schema\\\/person\\\/23fa70681308e7b319a3204bcea45e0c\",\"name\":\"Algarve 7\",\"sameAs\":[\"https:\\\/\\\/algarve7.pt\",\"https:\\\/\\\/www.facebook.com\\\/algarve7\"],\"url\":\"https:\\\/\\\/algarve7.pt\\\/index.php\\\/author\\\/geralalgarve7-pt\\\/\"}]}<\/script>\n<!-- \/ Yoast SEO plugin. -->","yoast_head_json":{"title":"15.\u00aa edi\u00e7\u00e3o do Festival Internacional de \u00d3rg\u00e3o do Algarve Algarve 7","description":"15.\u00aa edi\u00e7\u00e3o do Festival Internacional de \u00d3rg\u00e3o do Algarve Cultura Algarve 7","robots":{"index":"index","follow":"follow","max-snippet":"max-snippet:-1","max-image-preview":"max-image-preview:large","max-video-preview":"max-video-preview:-1"},"canonical":"https:\/\/algarve7.pt\/index.php\/2022\/10\/15-a-edicao-do-festival-internacional-de-orgao-do-algarve\/cultura\/09\/20\/","og_locale":"pt_PT","og_type":"article","og_title":"15.\u00aa edi\u00e7\u00e3o do Festival Internacional de \u00d3rg\u00e3o do Algarve Algarve 7","og_description":"15.\u00aa edi\u00e7\u00e3o do Festival Internacional de \u00d3rg\u00e3o do Algarve Cultura Algarve 7","og_url":"https:\/\/algarve7.pt\/index.php\/2022\/10\/15-a-edicao-do-festival-internacional-de-orgao-do-algarve\/cultura\/09\/20\/","og_site_name":"Algarve 7","article_publisher":"https:\/\/www.facebook.com\/algarve7","article_author":"https:\/\/www.facebook.com\/algarve7","article_published_time":"2022-10-20T08:20:00+00:00","og_image":[{"width":1024,"height":692,"url":"https:\/\/algarve7.pt\/wp-content\/uploads\/2022\/10\/Captura-de-ecra\u0303-2022-10-19-a\u0300s-17.49.58-1024x692.png","type":"image\/png"}],"author":"Algarve 7","twitter_card":"summary_large_image","twitter_creator":"@Algarvesete","twitter_site":"@Algarvesete","twitter_misc":{"Escrito por":"Algarve 7","Tempo estimado de leitura":"5 minutos"},"schema":{"@context":"https:\/\/schema.org","@graph":[{"@type":"Article","@id":"https:\/\/algarve7.pt\/index.php\/2022\/10\/15-a-edicao-do-festival-internacional-de-orgao-do-algarve\/cultura\/09\/20\/#article","isPartOf":{"@id":"https:\/\/algarve7.pt\/index.php\/2022\/10\/15-a-edicao-do-festival-internacional-de-orgao-do-algarve\/cultura\/09\/20\/"},"author":{"name":"Algarve 7","@id":"https:\/\/algarve7.pt\/#\/schema\/person\/23fa70681308e7b319a3204bcea45e0c"},"headline":"15.\u00aa edi\u00e7\u00e3o do Festival Internacional de \u00d3rg\u00e3o do Algarve","datePublished":"2022-10-20T08:20:00+00:00","mainEntityOfPage":{"@id":"https:\/\/algarve7.pt\/index.php\/2022\/10\/15-a-edicao-do-festival-internacional-de-orgao-do-algarve\/cultura\/09\/20\/"},"wordCount":904,"publisher":{"@id":"https:\/\/algarve7.pt\/#organization"},"image":{"@id":"https:\/\/algarve7.pt\/index.php\/2022\/10\/15-a-edicao-do-festival-internacional-de-orgao-do-algarve\/cultura\/09\/20\/#primaryimage"},"thumbnailUrl":"https:\/\/algarve7.pt\/wp-content\/uploads\/2022\/10\/Captura-de-ecra\u0303-2022-10-19-a\u0300s-17.49.58.png","keywords":["Algarve","Concerto","Cultura"],"articleSection":["Cultura"],"inLanguage":"pt-PT"},{"@type":"WebPage","@id":"https:\/\/algarve7.pt\/index.php\/2022\/10\/15-a-edicao-do-festival-internacional-de-orgao-do-algarve\/cultura\/09\/20\/","url":"https:\/\/algarve7.pt\/index.php\/2022\/10\/15-a-edicao-do-festival-internacional-de-orgao-do-algarve\/cultura\/09\/20\/","name":"15.\u00aa edi\u00e7\u00e3o do Festival Internacional de \u00d3rg\u00e3o do Algarve Algarve 7","isPartOf":{"@id":"https:\/\/algarve7.pt\/#website"},"primaryImageOfPage":{"@id":"https:\/\/algarve7.pt\/index.php\/2022\/10\/15-a-edicao-do-festival-internacional-de-orgao-do-algarve\/cultura\/09\/20\/#primaryimage"},"image":{"@id":"https:\/\/algarve7.pt\/index.php\/2022\/10\/15-a-edicao-do-festival-internacional-de-orgao-do-algarve\/cultura\/09\/20\/#primaryimage"},"thumbnailUrl":"https:\/\/algarve7.pt\/wp-content\/uploads\/2022\/10\/Captura-de-ecra\u0303-2022-10-19-a\u0300s-17.49.58.png","datePublished":"2022-10-20T08:20:00+00:00","description":"15.\u00aa edi\u00e7\u00e3o do Festival Internacional de \u00d3rg\u00e3o do Algarve Cultura Algarve 7","breadcrumb":{"@id":"https:\/\/algarve7.pt\/index.php\/2022\/10\/15-a-edicao-do-festival-internacional-de-orgao-do-algarve\/cultura\/09\/20\/#breadcrumb"},"inLanguage":"pt-PT","potentialAction":[{"@type":"ReadAction","target":["https:\/\/algarve7.pt\/index.php\/2022\/10\/15-a-edicao-do-festival-internacional-de-orgao-do-algarve\/cultura\/09\/20\/"]}]},{"@type":"ImageObject","inLanguage":"pt-PT","@id":"https:\/\/algarve7.pt\/index.php\/2022\/10\/15-a-edicao-do-festival-internacional-de-orgao-do-algarve\/cultura\/09\/20\/#primaryimage","url":"https:\/\/algarve7.pt\/wp-content\/uploads\/2022\/10\/Captura-de-ecra\u0303-2022-10-19-a\u0300s-17.49.58.png","contentUrl":"https:\/\/algarve7.pt\/wp-content\/uploads\/2022\/10\/Captura-de-ecra\u0303-2022-10-19-a\u0300s-17.49.58.png","width":2152,"height":1454},{"@type":"BreadcrumbList","@id":"https:\/\/algarve7.pt\/index.php\/2022\/10\/15-a-edicao-do-festival-internacional-de-orgao-do-algarve\/cultura\/09\/20\/#breadcrumb","itemListElement":[{"@type":"ListItem","position":1,"name":"In\u00edcio","item":"https:\/\/algarve7.pt\/"},{"@type":"ListItem","position":2,"name":"15.\u00aa edi\u00e7\u00e3o do Festival Internacional de \u00d3rg\u00e3o do Algarve"}]},{"@type":"WebSite","@id":"https:\/\/algarve7.pt\/#website","url":"https:\/\/algarve7.pt\/","name":"Algarve 7","description":"Informa\u00e7\u00e3o sobre o Algarve","publisher":{"@id":"https:\/\/algarve7.pt\/#organization"},"potentialAction":[{"@type":"SearchAction","target":{"@type":"EntryPoint","urlTemplate":"https:\/\/algarve7.pt\/?s={search_term_string}"},"query-input":{"@type":"PropertyValueSpecification","valueRequired":true,"valueName":"search_term_string"}}],"inLanguage":"pt-PT"},{"@type":"Organization","@id":"https:\/\/algarve7.pt\/#organization","name":"Algarve 7","url":"https:\/\/algarve7.pt\/","logo":{"@type":"ImageObject","inLanguage":"pt-PT","@id":"https:\/\/algarve7.pt\/#\/schema\/logo\/image\/","url":"https:\/\/algarve7.pt\/wp-content\/uploads\/2020\/10\/Logo-8.jpg","contentUrl":"https:\/\/algarve7.pt\/wp-content\/uploads\/2020\/10\/Logo-8.jpg","width":1680,"height":1186,"caption":"Algarve 7"},"image":{"@id":"https:\/\/algarve7.pt\/#\/schema\/logo\/image\/"},"sameAs":["https:\/\/www.facebook.com\/algarve7","https:\/\/x.com\/Algarvesete","https:\/\/www.instagram.com\/jornalalgarve7\/","https:\/\/www.linkedin.com\/company\/algarve7","https:\/\/www.pinterest.pt\/geral0939\/_created\/"]},{"@type":"Person","@id":"https:\/\/algarve7.pt\/#\/schema\/person\/23fa70681308e7b319a3204bcea45e0c","name":"Algarve 7","sameAs":["https:\/\/algarve7.pt","https:\/\/www.facebook.com\/algarve7"],"url":"https:\/\/algarve7.pt\/index.php\/author\/geralalgarve7-pt\/"}]}},"jetpack_publicize_connections":[],"jetpack_featured_media_url":"https:\/\/algarve7.pt\/wp-content\/uploads\/2022\/10\/Captura-de-ecra\u0303-2022-10-19-a\u0300s-17.49.58.png","jetpack_shortlink":"https:\/\/wp.me\/pcezmW-5Ue","jetpack_sharing_enabled":true,"_links":{"self":[{"href":"https:\/\/algarve7.pt\/index.php\/wp-json\/wp\/v2\/posts\/22706","targetHints":{"allow":["GET"]}}],"collection":[{"href":"https:\/\/algarve7.pt\/index.php\/wp-json\/wp\/v2\/posts"}],"about":[{"href":"https:\/\/algarve7.pt\/index.php\/wp-json\/wp\/v2\/types\/post"}],"author":[{"embeddable":true,"href":"https:\/\/algarve7.pt\/index.php\/wp-json\/wp\/v2\/users\/1"}],"replies":[{"embeddable":true,"href":"https:\/\/algarve7.pt\/index.php\/wp-json\/wp\/v2\/comments?post=22706"}],"version-history":[{"count":0,"href":"https:\/\/algarve7.pt\/index.php\/wp-json\/wp\/v2\/posts\/22706\/revisions"}],"wp:featuredmedia":[{"embeddable":true,"href":"https:\/\/algarve7.pt\/index.php\/wp-json\/wp\/v2\/media\/22707"}],"wp:attachment":[{"href":"https:\/\/algarve7.pt\/index.php\/wp-json\/wp\/v2\/media?parent=22706"}],"wp:term":[{"taxonomy":"category","embeddable":true,"href":"https:\/\/algarve7.pt\/index.php\/wp-json\/wp\/v2\/categories?post=22706"},{"taxonomy":"post_tag","embeddable":true,"href":"https:\/\/algarve7.pt\/index.php\/wp-json\/wp\/v2\/tags?post=22706"}],"curies":[{"name":"wp","href":"https:\/\/api.w.org\/{rel}","templated":true}]}}