{"id":22677,"date":"2022-10-19T11:55:05","date_gmt":"2022-10-19T10:55:05","guid":{"rendered":"https:\/\/algarve7.pt\/?p=22677"},"modified":"2022-10-19T11:55:13","modified_gmt":"2022-10-19T10:55:13","slug":"renovaveis-ajudam-a-travar-subida-abrupta-dos-precos-da-eletricidade-em-2023","status":"publish","type":"post","link":"https:\/\/algarve7.pt\/index.php\/2022\/10\/renovaveis-ajudam-a-travar-subida-abrupta-dos-precos-da-eletricidade-em-2023\/ambiente\/11\/55\/","title":{"rendered":"Renov\u00e1veis ajudam a travar subida abrupta dos pre\u00e7os da eletricidade em 2023"},"content":{"rendered":"\n<p>As energias renov\u00e1veis v\u00e3o ajudar a travar a subida abrupta dos pre\u00e7os da eletricidade em 2023 para consumidores e empresas. Para a APREN \u2013 Associa\u00e7\u00e3o Portuguesa de Energias Renov\u00e1veis esta \u00e9 uma das principais conclus\u00f5es da proposta de Tarifas e Pre\u00e7os para a Energia El\u00e9trica em 2023, tendo em conta os valores anormalmente elevados que est\u00e3o a ser registados nos diversos mercados grossistas europeus de eletricidade, entre os quais o ib\u00e9rico.<\/p>\n\n\n\n<p>A proposta de Tarifas e Pre\u00e7os para a Energia El\u00e9trica em 2023, apresentada pela ERSE (Entidade Reguladora dos Servi\u00e7os Energ\u00e9ticos) a 17 de outubro, demonstra de forma clara e inequ\u00edvoca esse efeito positivo das energias renov\u00e1veis nos pre\u00e7os da eletricidade.&nbsp;<\/p>\n\n\n\n<p>As tarifas de acesso \u00e0 rede, que j\u00e1 tinham registado, tamb\u00e9m devido \u00e0s renov\u00e1veis, uma quebra significativa em 2022, possibilitando a descida dos pre\u00e7os de eletricidade, voltam a cair em 2023, de forma ainda mais expressiva, com benef\u00edcios para toda a tipologia de consumidores.<\/p>\n\n\n\n<p>Em 2023 o decr\u00e9scimo das tarifas de acesso \u00e0s redes \u00e9 justificado sobretudo pela redu\u00e7\u00e3o na tarifa de Uso Global do Sistema, que regista uma diminui\u00e7\u00e3o de 505%, face ao ano anterior. Este \u00e9 o resultado da diminui\u00e7\u00e3o dos Custos de Interesse Geral (CIEG), que se traduzem num benef\u00edcio para o Sistema El\u00e9trico Nacional superior \u00e0quele que foi registado 2022, proporcionado essencialmente pelas renov\u00e1veis.<\/p>\n\n\n\n<p>Face aos pre\u00e7os observados em 2022, no mercado regulado, esta redu\u00e7\u00e3o da tarifa de acesso \u00e0s redes contribuir\u00e1, em 2023, para uma diminui\u00e7\u00e3o de cerca de 80% na fatura final dos consumidores dom\u00e9sticos e para uma redu\u00e7\u00e3o de cerca de 35% na fatura final dos consumidores industriais, aliviando assim a press\u00e3o dos aumentos dos pre\u00e7os de energia registados no mercado grossista e, consequentemente, nos pre\u00e7os finais pagos pelos clientes, tanto no mercado regulado, como no mercado liberalizado.<\/p>\n\n\n\n<p>Em 2023 os consumidores dom\u00e9sticos ir\u00e3o beneficiar de um sobreganho no montante de 3,3 mil milh\u00f5es de euros de receitas do diferencial de custo da PRE (Produ\u00e7\u00e3o em Regime Especial), maioritariamente renov\u00e1vel. Os valores pagos \u00e0s empresas produtoras de eletricidade que vendem a Produ\u00e7\u00e3o em Regime Especial (PRE) ao Comercializador de \u00daltimo Recurso (CUR) s\u00e3o mais baixos do que os valores da componente de energia dos pre\u00e7os de eletricidade registados atualmente no mercado grossista, o que permite que a diferen\u00e7a seja entregue ao sistema, gerando um verdadeiro sobreganho proporcionado pelas renov\u00e1veis.<\/p>\n\n\n\n<p>Tamb\u00e9m os consumidores industriais ir\u00e3o colher os benef\u00edcios da inje\u00e7\u00e3o de cerca de 2 mil milh\u00f5es de euros nas tarifas de acesso \u00e0s redes em 2023. Parte desse valor, 494 milh\u00f5es de euros, diz respeito a receitas obtidas com os leil\u00f5es das licen\u00e7as de emiss\u00e3o de gases com efeito de estufa, mas tamb\u00e9m \u00e0 tributa\u00e7\u00e3o dos produtos petrol\u00edferos e energ\u00e9ticos (ISP) e ainda ao produto da contribui\u00e7\u00e3o extraordin\u00e1ria sobre o setor energ\u00e9tico (CESE). A maior fatia, 1,5 mil milh\u00f5es de euros de receitas, resulta do diferencial de custo com as centrais com Contratos de Aquisi\u00e7\u00e3o de Energia (CAE).<\/p>\n\n\n\n<p>Estes valores servir\u00e3o como almofada financeira face aos elevados pre\u00e7os registos no mercado grossista. Ainda assim, em janeiro de 2023 os consumidores em baixa tens\u00e3o normal, no mercado regulado, que serve de refer\u00eancia ao mercado liberalizado, v\u00e3o observar um ligeir\u00edssimo aumento m\u00e9dio de 1,1% em rela\u00e7\u00e3o aos pre\u00e7os em vigor em dezembro de 2022. A varia\u00e7\u00e3o m\u00e9dia, face a 2022, \u00e9 na ordem dos 2,8%, mas poderia ser muito superior face \u00e0 atual conjuntura.<\/p>\n\n\n\n<p>\u201cEstamos a colher o que seme\u00e1mos. Esta \u00e9 a prova de que as renov\u00e1veis s\u00e3o o investimento certo em Portugal. As tecnologias foram apoiadas na altura em que foi necess\u00e1rio, mas os proveitos de 2022 e aqueles que est\u00e3o previstos para 2023, ultrapassam largamente os custos de anos anteriores e est\u00e3o a ajudar a controlar os pre\u00e7os da eletricidade gerando um verdadeiro sobreganho econ\u00f3mico e financeiro para o sistema\u201d, congratula-se o CEO da APREN, Pedro Amaral Jorge.<\/p>\n\n\n\n<p>Os efeitos colaterais nos mercados de energia, decorrentes do prolongamento das tens\u00f5es geopol\u00edticas da guerra na Ucr\u00e2nia, explicam a manuten\u00e7\u00e3o do n\u00edvel anormalmente elevado dos pre\u00e7os de energia el\u00e9trica nos mercados grossistas, que dever\u00e3o manter-se em 2023.<\/p>\n\n\n\n<p>O aumento da componente de energia na tarifa el\u00e9trica reflete a subida acentuada dos pre\u00e7os da energia el\u00e9trica nos mercados de futuros nas entregas para 2023. A previs\u00e3o para 2023 do custo m\u00e9dio de aquisi\u00e7\u00e3o de energia do Comercializador de \u00daltimo Recurso, no mercado di\u00e1rio grossista de eletricidade ib\u00e9rico, subjacente \u00e0 proposta tarif\u00e1ria da ERSE, \u00e9 de 262,06\u20ac\/MWh. Este valor \u00e9 substancialmente superior ao previsto para 2022 nas componentes de energia das tarifas aplicadas a partir de julho de 2022, que correspondia a 136,6\u20ac\/MWh.<\/p>\n\n\n\n<p>Com a proposta do regulador para 2023 n\u00e3o ser\u00e1 gerada d\u00edvida tarif\u00e1ria e por isso n\u00e3o est\u00e1 em causa a sustentabilidade do Sistema El\u00e9trico Nacional (SEM). Devido \u00e0s renov\u00e1veis incorporadas no SEN, o valor da d\u00edvida tarif\u00e1ria vai reduzir-se em 830 milh\u00f5es de euros, passando para 878,9 milh\u00f5es de euros no final de 2023, o valor mais baixo em 15 anos. Em 2015 a d\u00edvida tarif\u00e1ria ultrapassou os 5 mil milh\u00f5es de euros.<\/p>\n\n\n\n<p>Entre janeiro e setembro de 2022, Portugal foi o quarto pa\u00eds da Europa com maior incorpora\u00e7\u00e3o renov\u00e1vel na gera\u00e7\u00e3o de eletricidade, com 59,4%. Nesse per\u00edodo, o pre\u00e7o m\u00e9dio hor\u00e1rio registado no MIBEL em Portugal foi de 186,4 \u20ac\/MWh, o que representa um aumento superior ao triplo, face ao per\u00edodo hom\u00f3logo do ano passado. Ainda assim o MIBEL regista um dos pre\u00e7os m\u00e9dios mais baixos nos mercados europeus gra\u00e7as ao mecanismo ib\u00e9rico de limite do pre\u00e7o do g\u00e1s, que vigorar\u00e1 at\u00e9 junho do pr\u00f3ximo ano.<\/p>\n","protected":false},"excerpt":{"rendered":"<p>As energias renov\u00e1veis v\u00e3o ajudar a travar a subida abrupta dos pre\u00e7os da eletricidade em 2023 para consumidores e empresas.<\/p>\n","protected":false},"author":1,"featured_media":22678,"comment_status":"closed","ping_status":"open","sticky":false,"template":"","format":"standard","meta":{"colormag_page_container_layout":"default_layout","colormag_page_sidebar_layout":"default_layout","_monsterinsights_skip_tracking":false,"_monsterinsights_sitenote_active":false,"_monsterinsights_sitenote_note":"","_monsterinsights_sitenote_category":0,"jetpack_post_was_ever_published":false,"_jetpack_newsletter_access":"","_jetpack_dont_email_post_to_subs":false,"_jetpack_newsletter_tier_id":0,"_jetpack_memberships_contains_paywalled_content":false,"_jetpack_memberships_contains_paid_content":false,"footnotes":"","jetpack_publicize_message":"","jetpack_publicize_feature_enabled":true,"jetpack_social_post_already_shared":true,"jetpack_social_options":{"image_generator_settings":{"template":"highway","default_image_id":0,"font":"","enabled":false},"version":2}},"categories":[5],"tags":[32,742,98],"class_list":["post-22677","post","type-post","status-publish","format-standard","has-post-thumbnail","hentry","category-ambiente","tag-ambiente","tag-apren","tag-nacional"],"yoast_head":"<!-- This site is optimized with the Yoast SEO plugin v27.5 - https:\/\/yoast.com\/product\/yoast-seo-wordpress\/ -->\n<title>Renov\u00e1veis ajudam a travar subida abrupta dos pre\u00e7os da eletricidade em 2023 - Algarve 7<\/title>\n<meta name=\"description\" content=\"Renov\u00e1veis ajudam a travar subida abrupta dos pre\u00e7os da eletricidade em 2023 Ambiente Algarve 7\" \/>\n<meta name=\"robots\" content=\"index, follow, max-snippet:-1, max-image-preview:large, max-video-preview:-1\" \/>\n<link rel=\"canonical\" href=\"https:\/\/algarve7.pt\/index.php\/2022\/10\/renovaveis-ajudam-a-travar-subida-abrupta-dos-precos-da-eletricidade-em-2023\/ambiente\/11\/55\/\" \/>\n<meta property=\"og:locale\" content=\"pt_PT\" \/>\n<meta property=\"og:type\" content=\"article\" \/>\n<meta property=\"og:title\" content=\"Renov\u00e1veis ajudam a travar subida abrupta dos pre\u00e7os da eletricidade em 2023 - Algarve 7\" \/>\n<meta property=\"og:description\" content=\"Renov\u00e1veis ajudam a travar subida abrupta dos pre\u00e7os da eletricidade em 2023 Ambiente Algarve 7\" \/>\n<meta property=\"og:url\" content=\"https:\/\/algarve7.pt\/index.php\/2022\/10\/renovaveis-ajudam-a-travar-subida-abrupta-dos-precos-da-eletricidade-em-2023\/ambiente\/11\/55\/\" \/>\n<meta property=\"og:site_name\" content=\"Algarve 7\" \/>\n<meta property=\"article:publisher\" content=\"https:\/\/www.facebook.com\/algarve7\" \/>\n<meta property=\"article:author\" content=\"https:\/\/www.facebook.com\/algarve7\" \/>\n<meta property=\"article:published_time\" content=\"2022-10-19T10:55:05+00:00\" \/>\n<meta property=\"article:modified_time\" content=\"2022-10-19T10:55:13+00:00\" \/>\n<meta property=\"og:image\" content=\"https:\/\/algarve7.pt\/wp-content\/uploads\/2022\/10\/Captura-de-ecra\u0303-2022-10-19-a\u0300s-11.52.53.png\" \/>\n\t<meta property=\"og:image:width\" content=\"1478\" \/>\n\t<meta property=\"og:image:height\" content=\"686\" \/>\n\t<meta property=\"og:image:type\" content=\"image\/png\" \/>\n<meta name=\"author\" content=\"Algarve 7\" \/>\n<meta name=\"twitter:card\" content=\"summary_large_image\" \/>\n<meta name=\"twitter:creator\" content=\"@Algarvesete\" \/>\n<meta name=\"twitter:site\" content=\"@Algarvesete\" \/>\n<meta name=\"twitter:label1\" content=\"Escrito por\" \/>\n\t<meta name=\"twitter:data1\" content=\"Algarve 7\" \/>\n\t<meta name=\"twitter:label2\" content=\"Tempo estimado de leitura\" \/>\n\t<meta name=\"twitter:data2\" content=\"6 minutos\" \/>\n<script type=\"application\/ld+json\" class=\"yoast-schema-graph\">{\"@context\":\"https:\\\/\\\/schema.org\",\"@graph\":[{\"@type\":\"Article\",\"@id\":\"https:\\\/\\\/algarve7.pt\\\/index.php\\\/2022\\\/10\\\/renovaveis-ajudam-a-travar-subida-abrupta-dos-precos-da-eletricidade-em-2023\\\/ambiente\\\/11\\\/55\\\/#article\",\"isPartOf\":{\"@id\":\"https:\\\/\\\/algarve7.pt\\\/index.php\\\/2022\\\/10\\\/renovaveis-ajudam-a-travar-subida-abrupta-dos-precos-da-eletricidade-em-2023\\\/ambiente\\\/11\\\/55\\\/\"},\"author\":{\"name\":\"Algarve 7\",\"@id\":\"https:\\\/\\\/algarve7.pt\\\/#\\\/schema\\\/person\\\/23fa70681308e7b319a3204bcea45e0c\"},\"headline\":\"Renov\u00e1veis ajudam a travar subida abrupta dos pre\u00e7os da eletricidade em 2023\",\"datePublished\":\"2022-10-19T10:55:05+00:00\",\"dateModified\":\"2022-10-19T10:55:13+00:00\",\"mainEntityOfPage\":{\"@id\":\"https:\\\/\\\/algarve7.pt\\\/index.php\\\/2022\\\/10\\\/renovaveis-ajudam-a-travar-subida-abrupta-dos-precos-da-eletricidade-em-2023\\\/ambiente\\\/11\\\/55\\\/\"},\"wordCount\":1005,\"publisher\":{\"@id\":\"https:\\\/\\\/algarve7.pt\\\/#organization\"},\"image\":{\"@id\":\"https:\\\/\\\/algarve7.pt\\\/index.php\\\/2022\\\/10\\\/renovaveis-ajudam-a-travar-subida-abrupta-dos-precos-da-eletricidade-em-2023\\\/ambiente\\\/11\\\/55\\\/#primaryimage\"},\"thumbnailUrl\":\"https:\\\/\\\/algarve7.pt\\\/wp-content\\\/uploads\\\/2022\\\/10\\\/Captura-de-ecra\u0303-2022-10-19-a\u0300s-11.52.53.png\",\"keywords\":[\"Ambiente\",\"APREN\",\"Nacional\"],\"articleSection\":[\"Ambiente\"],\"inLanguage\":\"pt-PT\"},{\"@type\":\"WebPage\",\"@id\":\"https:\\\/\\\/algarve7.pt\\\/index.php\\\/2022\\\/10\\\/renovaveis-ajudam-a-travar-subida-abrupta-dos-precos-da-eletricidade-em-2023\\\/ambiente\\\/11\\\/55\\\/\",\"url\":\"https:\\\/\\\/algarve7.pt\\\/index.php\\\/2022\\\/10\\\/renovaveis-ajudam-a-travar-subida-abrupta-dos-precos-da-eletricidade-em-2023\\\/ambiente\\\/11\\\/55\\\/\",\"name\":\"Renov\u00e1veis ajudam a travar subida abrupta dos pre\u00e7os da eletricidade em 2023 - Algarve 7\",\"isPartOf\":{\"@id\":\"https:\\\/\\\/algarve7.pt\\\/#website\"},\"primaryImageOfPage\":{\"@id\":\"https:\\\/\\\/algarve7.pt\\\/index.php\\\/2022\\\/10\\\/renovaveis-ajudam-a-travar-subida-abrupta-dos-precos-da-eletricidade-em-2023\\\/ambiente\\\/11\\\/55\\\/#primaryimage\"},\"image\":{\"@id\":\"https:\\\/\\\/algarve7.pt\\\/index.php\\\/2022\\\/10\\\/renovaveis-ajudam-a-travar-subida-abrupta-dos-precos-da-eletricidade-em-2023\\\/ambiente\\\/11\\\/55\\\/#primaryimage\"},\"thumbnailUrl\":\"https:\\\/\\\/algarve7.pt\\\/wp-content\\\/uploads\\\/2022\\\/10\\\/Captura-de-ecra\u0303-2022-10-19-a\u0300s-11.52.53.png\",\"datePublished\":\"2022-10-19T10:55:05+00:00\",\"dateModified\":\"2022-10-19T10:55:13+00:00\",\"description\":\"Renov\u00e1veis ajudam a travar subida abrupta dos pre\u00e7os da eletricidade em 2023 Ambiente Algarve 7\",\"breadcrumb\":{\"@id\":\"https:\\\/\\\/algarve7.pt\\\/index.php\\\/2022\\\/10\\\/renovaveis-ajudam-a-travar-subida-abrupta-dos-precos-da-eletricidade-em-2023\\\/ambiente\\\/11\\\/55\\\/#breadcrumb\"},\"inLanguage\":\"pt-PT\",\"potentialAction\":[{\"@type\":\"ReadAction\",\"target\":[\"https:\\\/\\\/algarve7.pt\\\/index.php\\\/2022\\\/10\\\/renovaveis-ajudam-a-travar-subida-abrupta-dos-precos-da-eletricidade-em-2023\\\/ambiente\\\/11\\\/55\\\/\"]}]},{\"@type\":\"ImageObject\",\"inLanguage\":\"pt-PT\",\"@id\":\"https:\\\/\\\/algarve7.pt\\\/index.php\\\/2022\\\/10\\\/renovaveis-ajudam-a-travar-subida-abrupta-dos-precos-da-eletricidade-em-2023\\\/ambiente\\\/11\\\/55\\\/#primaryimage\",\"url\":\"https:\\\/\\\/algarve7.pt\\\/wp-content\\\/uploads\\\/2022\\\/10\\\/Captura-de-ecra\u0303-2022-10-19-a\u0300s-11.52.53.png\",\"contentUrl\":\"https:\\\/\\\/algarve7.pt\\\/wp-content\\\/uploads\\\/2022\\\/10\\\/Captura-de-ecra\u0303-2022-10-19-a\u0300s-11.52.53.png\",\"width\":1478,\"height\":686},{\"@type\":\"BreadcrumbList\",\"@id\":\"https:\\\/\\\/algarve7.pt\\\/index.php\\\/2022\\\/10\\\/renovaveis-ajudam-a-travar-subida-abrupta-dos-precos-da-eletricidade-em-2023\\\/ambiente\\\/11\\\/55\\\/#breadcrumb\",\"itemListElement\":[{\"@type\":\"ListItem\",\"position\":1,\"name\":\"In\u00edcio\",\"item\":\"https:\\\/\\\/algarve7.pt\\\/\"},{\"@type\":\"ListItem\",\"position\":2,\"name\":\"Renov\u00e1veis ajudam a travar subida abrupta dos pre\u00e7os da eletricidade em 2023\"}]},{\"@type\":\"WebSite\",\"@id\":\"https:\\\/\\\/algarve7.pt\\\/#website\",\"url\":\"https:\\\/\\\/algarve7.pt\\\/\",\"name\":\"Algarve 7\",\"description\":\"Informa\u00e7\u00e3o sobre o Algarve\",\"publisher\":{\"@id\":\"https:\\\/\\\/algarve7.pt\\\/#organization\"},\"potentialAction\":[{\"@type\":\"SearchAction\",\"target\":{\"@type\":\"EntryPoint\",\"urlTemplate\":\"https:\\\/\\\/algarve7.pt\\\/?s={search_term_string}\"},\"query-input\":{\"@type\":\"PropertyValueSpecification\",\"valueRequired\":true,\"valueName\":\"search_term_string\"}}],\"inLanguage\":\"pt-PT\"},{\"@type\":\"Organization\",\"@id\":\"https:\\\/\\\/algarve7.pt\\\/#organization\",\"name\":\"Algarve 7\",\"url\":\"https:\\\/\\\/algarve7.pt\\\/\",\"logo\":{\"@type\":\"ImageObject\",\"inLanguage\":\"pt-PT\",\"@id\":\"https:\\\/\\\/algarve7.pt\\\/#\\\/schema\\\/logo\\\/image\\\/\",\"url\":\"https:\\\/\\\/algarve7.pt\\\/wp-content\\\/uploads\\\/2020\\\/10\\\/Logo-8.jpg\",\"contentUrl\":\"https:\\\/\\\/algarve7.pt\\\/wp-content\\\/uploads\\\/2020\\\/10\\\/Logo-8.jpg\",\"width\":1680,\"height\":1186,\"caption\":\"Algarve 7\"},\"image\":{\"@id\":\"https:\\\/\\\/algarve7.pt\\\/#\\\/schema\\\/logo\\\/image\\\/\"},\"sameAs\":[\"https:\\\/\\\/www.facebook.com\\\/algarve7\",\"https:\\\/\\\/x.com\\\/Algarvesete\",\"https:\\\/\\\/www.instagram.com\\\/jornalalgarve7\\\/\",\"https:\\\/\\\/www.linkedin.com\\\/company\\\/algarve7\",\"https:\\\/\\\/www.pinterest.pt\\\/geral0939\\\/_created\\\/\"]},{\"@type\":\"Person\",\"@id\":\"https:\\\/\\\/algarve7.pt\\\/#\\\/schema\\\/person\\\/23fa70681308e7b319a3204bcea45e0c\",\"name\":\"Algarve 7\",\"sameAs\":[\"https:\\\/\\\/algarve7.pt\",\"https:\\\/\\\/www.facebook.com\\\/algarve7\"],\"url\":\"https:\\\/\\\/algarve7.pt\\\/index.php\\\/author\\\/geralalgarve7-pt\\\/\"}]}<\/script>\n<!-- \/ Yoast SEO plugin. -->","yoast_head_json":{"title":"Renov\u00e1veis ajudam a travar subida abrupta dos pre\u00e7os da eletricidade em 2023 - Algarve 7","description":"Renov\u00e1veis ajudam a travar subida abrupta dos pre\u00e7os da eletricidade em 2023 Ambiente Algarve 7","robots":{"index":"index","follow":"follow","max-snippet":"max-snippet:-1","max-image-preview":"max-image-preview:large","max-video-preview":"max-video-preview:-1"},"canonical":"https:\/\/algarve7.pt\/index.php\/2022\/10\/renovaveis-ajudam-a-travar-subida-abrupta-dos-precos-da-eletricidade-em-2023\/ambiente\/11\/55\/","og_locale":"pt_PT","og_type":"article","og_title":"Renov\u00e1veis ajudam a travar subida abrupta dos pre\u00e7os da eletricidade em 2023 - Algarve 7","og_description":"Renov\u00e1veis ajudam a travar subida abrupta dos pre\u00e7os da eletricidade em 2023 Ambiente Algarve 7","og_url":"https:\/\/algarve7.pt\/index.php\/2022\/10\/renovaveis-ajudam-a-travar-subida-abrupta-dos-precos-da-eletricidade-em-2023\/ambiente\/11\/55\/","og_site_name":"Algarve 7","article_publisher":"https:\/\/www.facebook.com\/algarve7","article_author":"https:\/\/www.facebook.com\/algarve7","article_published_time":"2022-10-19T10:55:05+00:00","article_modified_time":"2022-10-19T10:55:13+00:00","og_image":[{"width":1478,"height":686,"url":"https:\/\/algarve7.pt\/wp-content\/uploads\/2022\/10\/Captura-de-ecra\u0303-2022-10-19-a\u0300s-11.52.53.png","type":"image\/png"}],"author":"Algarve 7","twitter_card":"summary_large_image","twitter_creator":"@Algarvesete","twitter_site":"@Algarvesete","twitter_misc":{"Escrito por":"Algarve 7","Tempo estimado de leitura":"6 minutos"},"schema":{"@context":"https:\/\/schema.org","@graph":[{"@type":"Article","@id":"https:\/\/algarve7.pt\/index.php\/2022\/10\/renovaveis-ajudam-a-travar-subida-abrupta-dos-precos-da-eletricidade-em-2023\/ambiente\/11\/55\/#article","isPartOf":{"@id":"https:\/\/algarve7.pt\/index.php\/2022\/10\/renovaveis-ajudam-a-travar-subida-abrupta-dos-precos-da-eletricidade-em-2023\/ambiente\/11\/55\/"},"author":{"name":"Algarve 7","@id":"https:\/\/algarve7.pt\/#\/schema\/person\/23fa70681308e7b319a3204bcea45e0c"},"headline":"Renov\u00e1veis ajudam a travar subida abrupta dos pre\u00e7os da eletricidade em 2023","datePublished":"2022-10-19T10:55:05+00:00","dateModified":"2022-10-19T10:55:13+00:00","mainEntityOfPage":{"@id":"https:\/\/algarve7.pt\/index.php\/2022\/10\/renovaveis-ajudam-a-travar-subida-abrupta-dos-precos-da-eletricidade-em-2023\/ambiente\/11\/55\/"},"wordCount":1005,"publisher":{"@id":"https:\/\/algarve7.pt\/#organization"},"image":{"@id":"https:\/\/algarve7.pt\/index.php\/2022\/10\/renovaveis-ajudam-a-travar-subida-abrupta-dos-precos-da-eletricidade-em-2023\/ambiente\/11\/55\/#primaryimage"},"thumbnailUrl":"https:\/\/algarve7.pt\/wp-content\/uploads\/2022\/10\/Captura-de-ecra\u0303-2022-10-19-a\u0300s-11.52.53.png","keywords":["Ambiente","APREN","Nacional"],"articleSection":["Ambiente"],"inLanguage":"pt-PT"},{"@type":"WebPage","@id":"https:\/\/algarve7.pt\/index.php\/2022\/10\/renovaveis-ajudam-a-travar-subida-abrupta-dos-precos-da-eletricidade-em-2023\/ambiente\/11\/55\/","url":"https:\/\/algarve7.pt\/index.php\/2022\/10\/renovaveis-ajudam-a-travar-subida-abrupta-dos-precos-da-eletricidade-em-2023\/ambiente\/11\/55\/","name":"Renov\u00e1veis ajudam a travar subida abrupta dos pre\u00e7os da eletricidade em 2023 - Algarve 7","isPartOf":{"@id":"https:\/\/algarve7.pt\/#website"},"primaryImageOfPage":{"@id":"https:\/\/algarve7.pt\/index.php\/2022\/10\/renovaveis-ajudam-a-travar-subida-abrupta-dos-precos-da-eletricidade-em-2023\/ambiente\/11\/55\/#primaryimage"},"image":{"@id":"https:\/\/algarve7.pt\/index.php\/2022\/10\/renovaveis-ajudam-a-travar-subida-abrupta-dos-precos-da-eletricidade-em-2023\/ambiente\/11\/55\/#primaryimage"},"thumbnailUrl":"https:\/\/algarve7.pt\/wp-content\/uploads\/2022\/10\/Captura-de-ecra\u0303-2022-10-19-a\u0300s-11.52.53.png","datePublished":"2022-10-19T10:55:05+00:00","dateModified":"2022-10-19T10:55:13+00:00","description":"Renov\u00e1veis ajudam a travar subida abrupta dos pre\u00e7os da eletricidade em 2023 Ambiente Algarve 7","breadcrumb":{"@id":"https:\/\/algarve7.pt\/index.php\/2022\/10\/renovaveis-ajudam-a-travar-subida-abrupta-dos-precos-da-eletricidade-em-2023\/ambiente\/11\/55\/#breadcrumb"},"inLanguage":"pt-PT","potentialAction":[{"@type":"ReadAction","target":["https:\/\/algarve7.pt\/index.php\/2022\/10\/renovaveis-ajudam-a-travar-subida-abrupta-dos-precos-da-eletricidade-em-2023\/ambiente\/11\/55\/"]}]},{"@type":"ImageObject","inLanguage":"pt-PT","@id":"https:\/\/algarve7.pt\/index.php\/2022\/10\/renovaveis-ajudam-a-travar-subida-abrupta-dos-precos-da-eletricidade-em-2023\/ambiente\/11\/55\/#primaryimage","url":"https:\/\/algarve7.pt\/wp-content\/uploads\/2022\/10\/Captura-de-ecra\u0303-2022-10-19-a\u0300s-11.52.53.png","contentUrl":"https:\/\/algarve7.pt\/wp-content\/uploads\/2022\/10\/Captura-de-ecra\u0303-2022-10-19-a\u0300s-11.52.53.png","width":1478,"height":686},{"@type":"BreadcrumbList","@id":"https:\/\/algarve7.pt\/index.php\/2022\/10\/renovaveis-ajudam-a-travar-subida-abrupta-dos-precos-da-eletricidade-em-2023\/ambiente\/11\/55\/#breadcrumb","itemListElement":[{"@type":"ListItem","position":1,"name":"In\u00edcio","item":"https:\/\/algarve7.pt\/"},{"@type":"ListItem","position":2,"name":"Renov\u00e1veis ajudam a travar subida abrupta dos pre\u00e7os da eletricidade em 2023"}]},{"@type":"WebSite","@id":"https:\/\/algarve7.pt\/#website","url":"https:\/\/algarve7.pt\/","name":"Algarve 7","description":"Informa\u00e7\u00e3o sobre o Algarve","publisher":{"@id":"https:\/\/algarve7.pt\/#organization"},"potentialAction":[{"@type":"SearchAction","target":{"@type":"EntryPoint","urlTemplate":"https:\/\/algarve7.pt\/?s={search_term_string}"},"query-input":{"@type":"PropertyValueSpecification","valueRequired":true,"valueName":"search_term_string"}}],"inLanguage":"pt-PT"},{"@type":"Organization","@id":"https:\/\/algarve7.pt\/#organization","name":"Algarve 7","url":"https:\/\/algarve7.pt\/","logo":{"@type":"ImageObject","inLanguage":"pt-PT","@id":"https:\/\/algarve7.pt\/#\/schema\/logo\/image\/","url":"https:\/\/algarve7.pt\/wp-content\/uploads\/2020\/10\/Logo-8.jpg","contentUrl":"https:\/\/algarve7.pt\/wp-content\/uploads\/2020\/10\/Logo-8.jpg","width":1680,"height":1186,"caption":"Algarve 7"},"image":{"@id":"https:\/\/algarve7.pt\/#\/schema\/logo\/image\/"},"sameAs":["https:\/\/www.facebook.com\/algarve7","https:\/\/x.com\/Algarvesete","https:\/\/www.instagram.com\/jornalalgarve7\/","https:\/\/www.linkedin.com\/company\/algarve7","https:\/\/www.pinterest.pt\/geral0939\/_created\/"]},{"@type":"Person","@id":"https:\/\/algarve7.pt\/#\/schema\/person\/23fa70681308e7b319a3204bcea45e0c","name":"Algarve 7","sameAs":["https:\/\/algarve7.pt","https:\/\/www.facebook.com\/algarve7"],"url":"https:\/\/algarve7.pt\/index.php\/author\/geralalgarve7-pt\/"}]}},"jetpack_publicize_connections":[],"jetpack_featured_media_url":"https:\/\/algarve7.pt\/wp-content\/uploads\/2022\/10\/Captura-de-ecra\u0303-2022-10-19-a\u0300s-11.52.53.png","jetpack_shortlink":"https:\/\/wp.me\/pcezmW-5TL","jetpack_sharing_enabled":true,"_links":{"self":[{"href":"https:\/\/algarve7.pt\/index.php\/wp-json\/wp\/v2\/posts\/22677","targetHints":{"allow":["GET"]}}],"collection":[{"href":"https:\/\/algarve7.pt\/index.php\/wp-json\/wp\/v2\/posts"}],"about":[{"href":"https:\/\/algarve7.pt\/index.php\/wp-json\/wp\/v2\/types\/post"}],"author":[{"embeddable":true,"href":"https:\/\/algarve7.pt\/index.php\/wp-json\/wp\/v2\/users\/1"}],"replies":[{"embeddable":true,"href":"https:\/\/algarve7.pt\/index.php\/wp-json\/wp\/v2\/comments?post=22677"}],"version-history":[{"count":0,"href":"https:\/\/algarve7.pt\/index.php\/wp-json\/wp\/v2\/posts\/22677\/revisions"}],"wp:featuredmedia":[{"embeddable":true,"href":"https:\/\/algarve7.pt\/index.php\/wp-json\/wp\/v2\/media\/22678"}],"wp:attachment":[{"href":"https:\/\/algarve7.pt\/index.php\/wp-json\/wp\/v2\/media?parent=22677"}],"wp:term":[{"taxonomy":"category","embeddable":true,"href":"https:\/\/algarve7.pt\/index.php\/wp-json\/wp\/v2\/categories?post=22677"},{"taxonomy":"post_tag","embeddable":true,"href":"https:\/\/algarve7.pt\/index.php\/wp-json\/wp\/v2\/tags?post=22677"}],"curies":[{"name":"wp","href":"https:\/\/api.w.org\/{rel}","templated":true}]}}