{"id":22660,"date":"2022-10-19T11:02:00","date_gmt":"2022-10-19T10:02:00","guid":{"rendered":"https:\/\/algarve7.pt\/?p=22660"},"modified":"2022-10-18T19:04:50","modified_gmt":"2022-10-18T18:04:50","slug":"seminario-em-loule-reforcou-importancia-da-sociedade-civil-como-agente-da-protecao-civil","status":"publish","type":"post","link":"https:\/\/algarve7.pt\/index.php\/2022\/10\/seminario-em-loule-reforcou-importancia-da-sociedade-civil-como-agente-da-protecao-civil\/atualidade\/11\/02\/","title":{"rendered":"Semin\u00e1rio em Loul\u00e9 refor\u00e7ou import\u00e2ncia da sociedade civil como agente da prote\u00e7\u00e3o civil"},"content":{"rendered":"\n<p>\u201cA prote\u00e7\u00e3o civil n\u00e3o \u00e9 apenas as mulheres e os homens fardados. \u00c9 uma mat\u00e9ria de toda a popula\u00e7\u00e3o que come\u00e7a em cada um dos cidad\u00e3os\u201d. As palavras do autarca V\u00edtor Aleixo, subscritas pela secret\u00e1ria de Estado da Prote\u00e7\u00e3o Civil, Patr\u00edcia Gaspar, resumem as interven\u00e7\u00f5es do VIII Semin\u00e1rio \u201cA Prote\u00e7\u00e3o Civil e a Comunidade\u201d, promovida pela C\u00e2mara Municipal de Loul\u00e9, atrav\u00e9s do Servi\u00e7o Municipal de Prote\u00e7\u00e3o Civil, Seguran\u00e7a e Florestas, na passada quinta-feira, 13 de outubro, para assinalar o Dia Internacional para a Redu\u00e7\u00e3o das Cat\u00e1strofes.<\/p>\n\n\n\n<p>Pela terceira vez em Loul\u00e9 desde que exerce fun\u00e7\u00f5es governativas, Patr\u00edcia Gaspar veio assistir a um dos principais f\u00f3runs que, em Portugal, re\u00fane especialistas, n\u00e3o s\u00f3 os acad\u00e9micos, mas tamb\u00e9m homens que est\u00e3o no terreno, numa partilha de conhecimentos, experi\u00eancias e debate de ideias \u00e0 volta do tema da prote\u00e7\u00e3o civil, da preven\u00e7\u00e3o ao planeamento. Um evento que \u201c\u00e9 a prova da import\u00e2ncia do trabalho em rede\u201d, como frisou esta representante do Governo.<\/p>\n\n\n\n<p>Foi de facto um painel diversificado de oradores que trouxe um conjunto de mat\u00e9rias pertinentes para o centro da discuss\u00e3o: do tema das cidades resilientes para a redu\u00e7\u00e3o do risco de cat\u00e1strofe ao caso pr\u00e1tico do munic\u00edpio de Matosinhos. Mas tamb\u00e9m as quest\u00f5es do clima e das altera\u00e7\u00f5es clim\u00e1ticas que se conectam de forma indissoci\u00e1vel com a prote\u00e7\u00e3o civil, os desafios que esta enfrenta e o impacto dos inc\u00eandios na gest\u00e3o da paisagem. Ou ainda quest\u00f5es mais pr\u00e1ticas como os planos de evacua\u00e7\u00e3o para zonas amea\u00e7adas por tsunami (o caso de Loul\u00e9), a seguran\u00e7a integrada em edif\u00edcios e o papel dos Sapadores Florestais. Mat\u00e9rias que permitem \u201cprevenir, planeando, adaptando o territ\u00f3rio e as comunidades humanas e, ao mesmo tempo, trabalhar na resili\u00eancia territorial\u201d, como destacou o autarca de Loul\u00e9.<\/p>\n\n\n\n<p>Sublinhando a import\u00e2ncia deste Semin\u00e1rio que poder\u00e1 constitui-se como um modelo a ser replicado por outros munic\u00edpios, a secret\u00e1ria de Estado real\u00e7ou o papel fulcral do patamar local ao n\u00edvel da prote\u00e7\u00e3o civil at\u00e9 porque \u00e9 aqui que \u201cmais de 90% das ocorr\u00eancias come\u00e7am e terminam\u201d. \u201cPor mais que se trabalhe nas pol\u00edticas de redu\u00e7\u00e3o do risco de cat\u00e1strofe ao n\u00edvel do estado central, se no patamar local n\u00e3o houver uma base s\u00f3lida e consistente tudo o resto ter\u00e1 muito mais dificuldade de surtir o efeito desejado\u201d, esclareceu. Mas este \u00e9 tamb\u00e9m um trabalho \u00e0 escala global pois \u201cn\u00e3o h\u00e1 um pa\u00eds sozinho que consiga responder a este tipo de situa\u00e7\u00f5es\u201d.<\/p>\n\n\n\n<p>Se h\u00e1 uns atr\u00e1s a realidade dos servi\u00e7os municipais de prote\u00e7\u00e3o civil era bastante diferente, \u201cem algumas autarquias era apenas um carro e um homem\u201d, hoje as coisas mudaram de norte a sul do pa\u00eds. \u201cApesar de ainda haver um longo caminho a percorrer, j\u00e1 evolu\u00edmos muito e estamos quase em igualdade com as outras realidades ao n\u00edvel da Uni\u00e3o Europeia\u201d, referiu Patr\u00edcia Gaspar. Este \u00e9 mesmo \u201cum desafio geracional, trazer as pessoas para esta \u00e1rea e consciencializar todos os cidad\u00e3os de que cada um de n\u00f3s \u00e9 um agente ativo da sua pr\u00f3pria seguran\u00e7a\u201d.<\/p>\n\n\n\n<p>Com elogios ao trabalho feito em Loul\u00e9, a secret\u00e1ria de Estado justificou a forte mobiliza\u00e7\u00e3o regional e concelhia para a mat\u00e9ria da prote\u00e7\u00e3o civil: \u201cdeve-se \u00e0 enorme consci\u00eancia das pessoas para os riscos que a regi\u00e3o tem, sejam eles riscos florestais, costeiros, urbanos ou o risco s\u00edsmico\u201d.<\/p>\n\n\n\n<p>Por seu turno, V\u00edtor Aleixo destacou o foco do executivo que lidera \u201cna prote\u00e7\u00e3o das pessoas, das suas comunidades e do seu territ\u00f3rio, seja a parte terrestre ou mar\u00edtima. A par da cria\u00e7\u00e3o de uma estrutura de prote\u00e7\u00e3o civil \u201ccom alguma densidade\u201d ou da aposta no conhecimento, a C\u00e2mara Municipal de Loul\u00e9 tem tamb\u00e9m atra\u00eddo a fixa\u00e7\u00e3o de organismos do Estado ligados \u00e0 prote\u00e7\u00e3o e socorro no concelho, beneficiando da sua posi\u00e7\u00e3o estrat\u00e9gica. \u00c9 o caso Centro Regional da Prote\u00e7\u00e3o Civil, a amplia\u00e7\u00e3o do heliporto municipal que permitir\u00e1 operar 6 aeronaves, o edif\u00edcio regional do INEM, equipamentos cr\u00edticos para as fun\u00e7\u00f5es de seguran\u00e7a do Estado ou ainda o futuro quartel regional da GNR.<\/p>\n\n\n\n<p>Quanto a a\u00e7\u00f5es que est\u00e3o na calha no \u00e2mbito do dispositivo municipal de prote\u00e7\u00e3o civil, o vereador Carlos Carmo adiantou \u201cj\u00e1 no pr\u00f3ximo ano\u201d ir\u00e1 concretizar-se a primeira fase do sistema de avisos e alertas para o risco de sismos e tsunamis.<\/p>\n\n\n\n<p>Depois dos inc\u00eandios que afetaram o litoral do concelho no passado ver\u00e3o, a Autarquia est\u00e1 agora atenta ao que se passa a sul da cidade de Loul\u00e9. \u201cContra todas as estat\u00edsticas \u00e9 a\u00ed, nas freguesias de Quarteira e Almancil, onde temos mais igni\u00e7\u00f5es de fogos florestais, na \u00e1rea do Trafal e Ludo. Portanto vamos alargar o programa de vigil\u00e2ncia tamb\u00e9m para os territ\u00f3rios no litoral do concelho\u201d, adiantou o vereador. A cria\u00e7\u00e3o de uma equipa de Sapadores Florestais para aumentar a vigil\u00e2ncia e resili\u00eancia \u00e9 uma das apostas.<\/p>\n\n\n\n<p><strong><em>Loul\u00e9 vai receber encontro de Cidades Resilientes<\/em><\/strong><\/p>\n\n\n\n<p>&nbsp;\u201cNo pr\u00f3ximo ano iremos receber o encontro nacional das Cidades Resilientes no nosso concelho porque \u00e9 mais uma forma de partilharmos aquilo que de bom se faz nossa rede para que cada vez mais munic\u00edpios e outras cidades trabalhem em rede. \u201cFica aqui o compromisso e j\u00e1 estamos a trabalhar para poss\u00edveis datas do nosso encontro\u201d. O an\u00fancio foi feito pelo vereador Carlos Carmo, o elemento do executivo que est\u00e1 \u00e0 frente de muitas das mat\u00e9rias.<\/p>\n\n\n\n<p>S\u00e3o neste momento 30 munic\u00edpios e 1 regi\u00e3o (precisamente o Algarve) que aderiram \u00e0s cidades resilientes, uma rede fundamental que tem vindo a ser gerida em Portugal, e promove boas pr\u00e1ticas e uma s\u00e9rie de projetos que podem fazer a diferen\u00e7a na redu\u00e7\u00e3o do risco de cat\u00e1strofe.<\/p>\n\n\n\n<p>Na sequ\u00eancia da Estrat\u00e9gia Internacional para a Redu\u00e7\u00e3o de Cat\u00e1strofes, que encoraja as cidades a implementar medidas que contribuam para o aumento da resili\u00eancia a cat\u00e1strofes, nasceu a Plataforma Nacional para a Redu\u00e7\u00e3o do Risco de Cat\u00e1strofes, coordenada pela Autoridade Nacional da Prote\u00e7\u00e3o Civil e inclui diversos representantes de entidades relacionadas com emerg\u00eancia, seguran\u00e7a, economia, transportes, comunica\u00e7\u00f5es, educa\u00e7\u00e3o, agricultura, florestas investiga\u00e7\u00e3o cient\u00edfica, entre outras, bem como a Associa\u00e7\u00e3o Nacional dos Munic\u00edpios Portugueses.<\/p>\n\n\n\n<p>A Plataforma publica anualmente um relat\u00f3rio sobre as atividades de cada munic\u00edpio envolvido com os principais riscos identificados, ocorr\u00eancias registadas, exemplos de boas pr\u00e1ticas implementadas e resultados alcan\u00e7ados.<\/p>\n\n\n\n<p>Esta rede integra o movimento internacional \u201cConstruir Cidades Resilientes\u201d que re\u00fane mais de 1400 cidades em todo o mundo e 150 na Europa.<\/p>\n\n\n\n<p>Foto: Jorge Gomes &#8211; Click Time Photo\u00ae\u00a9<\/p>\n","protected":false},"excerpt":{"rendered":"<p>\u201cA prote\u00e7\u00e3o civil n\u00e3o \u00e9 apenas as mulheres e os homens fardados. \u00c9 uma mat\u00e9ria de toda a popula\u00e7\u00e3o que<\/p>\n","protected":false},"author":1,"featured_media":22661,"comment_status":"closed","ping_status":"open","sticky":false,"template":"","format":"standard","meta":{"colormag_page_container_layout":"default_layout","colormag_page_sidebar_layout":"default_layout","_monsterinsights_skip_tracking":false,"_monsterinsights_sitenote_active":false,"_monsterinsights_sitenote_note":"","_monsterinsights_sitenote_category":0,"jetpack_post_was_ever_published":false,"_jetpack_newsletter_access":"","_jetpack_dont_email_post_to_subs":false,"_jetpack_newsletter_tier_id":0,"_jetpack_memberships_contains_paywalled_content":false,"_jetpack_memberships_contains_paid_content":false,"footnotes":"","jetpack_publicize_message":"","jetpack_publicize_feature_enabled":true,"jetpack_social_post_already_shared":true,"jetpack_social_options":{"image_generator_settings":{"template":"highway","default_image_id":0,"font":"","enabled":false},"version":2}},"categories":[11],"tags":[36,62,31,180,477],"class_list":["post-22660","post","type-post","status-publish","format-standard","has-post-thumbnail","hentry","category-atualidade","tag-algarve","tag-atualidade","tag-loule","tag-protecao-civil","tag-seminario"],"yoast_head":"<!-- This site is optimized with the Yoast SEO plugin v27.5 - https:\/\/yoast.com\/product\/yoast-seo-wordpress\/ -->\n<title>Semin\u00e1rio em Loul\u00e9 refor\u00e7ou import\u00e2ncia da sociedade civil como agente da prote\u00e7\u00e3o civil - Algarve 7<\/title>\n<meta name=\"description\" content=\"Semin\u00e1rio em Loul\u00e9 refor\u00e7ou import\u00e2ncia da sociedade civil como agente da prote\u00e7\u00e3o civil Atualidade\" \/>\n<meta name=\"robots\" content=\"index, follow, max-snippet:-1, max-image-preview:large, max-video-preview:-1\" \/>\n<link rel=\"canonical\" href=\"https:\/\/algarve7.pt\/index.php\/2022\/10\/seminario-em-loule-reforcou-importancia-da-sociedade-civil-como-agente-da-protecao-civil\/atualidade\/11\/02\/\" \/>\n<meta property=\"og:locale\" content=\"pt_PT\" \/>\n<meta property=\"og:type\" content=\"article\" \/>\n<meta property=\"og:title\" content=\"Semin\u00e1rio em Loul\u00e9 refor\u00e7ou import\u00e2ncia da sociedade civil como agente da prote\u00e7\u00e3o civil - Algarve 7\" \/>\n<meta property=\"og:description\" content=\"Semin\u00e1rio em Loul\u00e9 refor\u00e7ou import\u00e2ncia da sociedade civil como agente da prote\u00e7\u00e3o civil Atualidade\" \/>\n<meta property=\"og:url\" content=\"https:\/\/algarve7.pt\/index.php\/2022\/10\/seminario-em-loule-reforcou-importancia-da-sociedade-civil-como-agente-da-protecao-civil\/atualidade\/11\/02\/\" \/>\n<meta property=\"og:site_name\" content=\"Algarve 7\" \/>\n<meta property=\"article:publisher\" content=\"https:\/\/www.facebook.com\/algarve7\" \/>\n<meta property=\"article:author\" content=\"https:\/\/www.facebook.com\/algarve7\" \/>\n<meta property=\"article:published_time\" content=\"2022-10-19T10:02:00+00:00\" \/>\n<meta property=\"og:image\" content=\"https:\/\/algarve7.pt\/wp-content\/uploads\/2022\/10\/VIII-Semina\u0301rio-da-Protec\u0327a\u0303o-Civil-Loule\u0301-13-10-2022-13-scaled.jpg\" \/>\n\t<meta property=\"og:image:width\" content=\"2560\" \/>\n\t<meta property=\"og:image:height\" content=\"1707\" \/>\n\t<meta property=\"og:image:type\" content=\"image\/jpeg\" \/>\n<meta name=\"author\" content=\"Algarve 7\" \/>\n<meta name=\"twitter:card\" content=\"summary_large_image\" \/>\n<meta name=\"twitter:creator\" content=\"@Algarvesete\" \/>\n<meta name=\"twitter:site\" content=\"@Algarvesete\" \/>\n<meta name=\"twitter:label1\" content=\"Escrito por\" \/>\n\t<meta name=\"twitter:data1\" content=\"Algarve 7\" \/>\n\t<meta name=\"twitter:label2\" content=\"Tempo estimado de leitura\" \/>\n\t<meta name=\"twitter:data2\" content=\"6 minutos\" \/>\n<script type=\"application\/ld+json\" class=\"yoast-schema-graph\">{\"@context\":\"https:\\\/\\\/schema.org\",\"@graph\":[{\"@type\":\"Article\",\"@id\":\"https:\\\/\\\/algarve7.pt\\\/index.php\\\/2022\\\/10\\\/seminario-em-loule-reforcou-importancia-da-sociedade-civil-como-agente-da-protecao-civil\\\/atualidade\\\/11\\\/02\\\/#article\",\"isPartOf\":{\"@id\":\"https:\\\/\\\/algarve7.pt\\\/index.php\\\/2022\\\/10\\\/seminario-em-loule-reforcou-importancia-da-sociedade-civil-como-agente-da-protecao-civil\\\/atualidade\\\/11\\\/02\\\/\"},\"author\":{\"name\":\"Algarve 7\",\"@id\":\"https:\\\/\\\/algarve7.pt\\\/#\\\/schema\\\/person\\\/23fa70681308e7b319a3204bcea45e0c\"},\"headline\":\"Semin\u00e1rio em Loul\u00e9 refor\u00e7ou import\u00e2ncia da sociedade civil como agente da prote\u00e7\u00e3o civil\",\"datePublished\":\"2022-10-19T10:02:00+00:00\",\"mainEntityOfPage\":{\"@id\":\"https:\\\/\\\/algarve7.pt\\\/index.php\\\/2022\\\/10\\\/seminario-em-loule-reforcou-importancia-da-sociedade-civil-como-agente-da-protecao-civil\\\/atualidade\\\/11\\\/02\\\/\"},\"wordCount\":1201,\"publisher\":{\"@id\":\"https:\\\/\\\/algarve7.pt\\\/#organization\"},\"image\":{\"@id\":\"https:\\\/\\\/algarve7.pt\\\/index.php\\\/2022\\\/10\\\/seminario-em-loule-reforcou-importancia-da-sociedade-civil-como-agente-da-protecao-civil\\\/atualidade\\\/11\\\/02\\\/#primaryimage\"},\"thumbnailUrl\":\"https:\\\/\\\/algarve7.pt\\\/wp-content\\\/uploads\\\/2022\\\/10\\\/VIII-Semina\u0301rio-da-Protec\u0327a\u0303o-Civil-Loule\u0301-13-10-2022-13-scaled.jpg\",\"keywords\":[\"Algarve\",\"Atualidade\",\"Loul\u00e9\",\"Prote\u00e7\u00e3o Civil\",\"Semin\u00e1rio\"],\"articleSection\":[\"Atualidade\"],\"inLanguage\":\"pt-PT\"},{\"@type\":\"WebPage\",\"@id\":\"https:\\\/\\\/algarve7.pt\\\/index.php\\\/2022\\\/10\\\/seminario-em-loule-reforcou-importancia-da-sociedade-civil-como-agente-da-protecao-civil\\\/atualidade\\\/11\\\/02\\\/\",\"url\":\"https:\\\/\\\/algarve7.pt\\\/index.php\\\/2022\\\/10\\\/seminario-em-loule-reforcou-importancia-da-sociedade-civil-como-agente-da-protecao-civil\\\/atualidade\\\/11\\\/02\\\/\",\"name\":\"Semin\u00e1rio em Loul\u00e9 refor\u00e7ou import\u00e2ncia da sociedade civil como agente da prote\u00e7\u00e3o civil - Algarve 7\",\"isPartOf\":{\"@id\":\"https:\\\/\\\/algarve7.pt\\\/#website\"},\"primaryImageOfPage\":{\"@id\":\"https:\\\/\\\/algarve7.pt\\\/index.php\\\/2022\\\/10\\\/seminario-em-loule-reforcou-importancia-da-sociedade-civil-como-agente-da-protecao-civil\\\/atualidade\\\/11\\\/02\\\/#primaryimage\"},\"image\":{\"@id\":\"https:\\\/\\\/algarve7.pt\\\/index.php\\\/2022\\\/10\\\/seminario-em-loule-reforcou-importancia-da-sociedade-civil-como-agente-da-protecao-civil\\\/atualidade\\\/11\\\/02\\\/#primaryimage\"},\"thumbnailUrl\":\"https:\\\/\\\/algarve7.pt\\\/wp-content\\\/uploads\\\/2022\\\/10\\\/VIII-Semina\u0301rio-da-Protec\u0327a\u0303o-Civil-Loule\u0301-13-10-2022-13-scaled.jpg\",\"datePublished\":\"2022-10-19T10:02:00+00:00\",\"description\":\"Semin\u00e1rio em Loul\u00e9 refor\u00e7ou import\u00e2ncia da sociedade civil como agente da prote\u00e7\u00e3o civil Atualidade\",\"breadcrumb\":{\"@id\":\"https:\\\/\\\/algarve7.pt\\\/index.php\\\/2022\\\/10\\\/seminario-em-loule-reforcou-importancia-da-sociedade-civil-como-agente-da-protecao-civil\\\/atualidade\\\/11\\\/02\\\/#breadcrumb\"},\"inLanguage\":\"pt-PT\",\"potentialAction\":[{\"@type\":\"ReadAction\",\"target\":[\"https:\\\/\\\/algarve7.pt\\\/index.php\\\/2022\\\/10\\\/seminario-em-loule-reforcou-importancia-da-sociedade-civil-como-agente-da-protecao-civil\\\/atualidade\\\/11\\\/02\\\/\"]}]},{\"@type\":\"ImageObject\",\"inLanguage\":\"pt-PT\",\"@id\":\"https:\\\/\\\/algarve7.pt\\\/index.php\\\/2022\\\/10\\\/seminario-em-loule-reforcou-importancia-da-sociedade-civil-como-agente-da-protecao-civil\\\/atualidade\\\/11\\\/02\\\/#primaryimage\",\"url\":\"https:\\\/\\\/algarve7.pt\\\/wp-content\\\/uploads\\\/2022\\\/10\\\/VIII-Semina\u0301rio-da-Protec\u0327a\u0303o-Civil-Loule\u0301-13-10-2022-13-scaled.jpg\",\"contentUrl\":\"https:\\\/\\\/algarve7.pt\\\/wp-content\\\/uploads\\\/2022\\\/10\\\/VIII-Semina\u0301rio-da-Protec\u0327a\u0303o-Civil-Loule\u0301-13-10-2022-13-scaled.jpg\",\"width\":2560,\"height\":1707},{\"@type\":\"BreadcrumbList\",\"@id\":\"https:\\\/\\\/algarve7.pt\\\/index.php\\\/2022\\\/10\\\/seminario-em-loule-reforcou-importancia-da-sociedade-civil-como-agente-da-protecao-civil\\\/atualidade\\\/11\\\/02\\\/#breadcrumb\",\"itemListElement\":[{\"@type\":\"ListItem\",\"position\":1,\"name\":\"In\u00edcio\",\"item\":\"https:\\\/\\\/algarve7.pt\\\/\"},{\"@type\":\"ListItem\",\"position\":2,\"name\":\"Semin\u00e1rio em Loul\u00e9 refor\u00e7ou import\u00e2ncia da sociedade civil como agente da prote\u00e7\u00e3o civil\"}]},{\"@type\":\"WebSite\",\"@id\":\"https:\\\/\\\/algarve7.pt\\\/#website\",\"url\":\"https:\\\/\\\/algarve7.pt\\\/\",\"name\":\"Algarve 7\",\"description\":\"Informa\u00e7\u00e3o sobre o Algarve\",\"publisher\":{\"@id\":\"https:\\\/\\\/algarve7.pt\\\/#organization\"},\"potentialAction\":[{\"@type\":\"SearchAction\",\"target\":{\"@type\":\"EntryPoint\",\"urlTemplate\":\"https:\\\/\\\/algarve7.pt\\\/?s={search_term_string}\"},\"query-input\":{\"@type\":\"PropertyValueSpecification\",\"valueRequired\":true,\"valueName\":\"search_term_string\"}}],\"inLanguage\":\"pt-PT\"},{\"@type\":\"Organization\",\"@id\":\"https:\\\/\\\/algarve7.pt\\\/#organization\",\"name\":\"Algarve 7\",\"url\":\"https:\\\/\\\/algarve7.pt\\\/\",\"logo\":{\"@type\":\"ImageObject\",\"inLanguage\":\"pt-PT\",\"@id\":\"https:\\\/\\\/algarve7.pt\\\/#\\\/schema\\\/logo\\\/image\\\/\",\"url\":\"https:\\\/\\\/algarve7.pt\\\/wp-content\\\/uploads\\\/2020\\\/10\\\/Logo-8.jpg\",\"contentUrl\":\"https:\\\/\\\/algarve7.pt\\\/wp-content\\\/uploads\\\/2020\\\/10\\\/Logo-8.jpg\",\"width\":1680,\"height\":1186,\"caption\":\"Algarve 7\"},\"image\":{\"@id\":\"https:\\\/\\\/algarve7.pt\\\/#\\\/schema\\\/logo\\\/image\\\/\"},\"sameAs\":[\"https:\\\/\\\/www.facebook.com\\\/algarve7\",\"https:\\\/\\\/x.com\\\/Algarvesete\",\"https:\\\/\\\/www.instagram.com\\\/jornalalgarve7\\\/\",\"https:\\\/\\\/www.linkedin.com\\\/company\\\/algarve7\",\"https:\\\/\\\/www.pinterest.pt\\\/geral0939\\\/_created\\\/\"]},{\"@type\":\"Person\",\"@id\":\"https:\\\/\\\/algarve7.pt\\\/#\\\/schema\\\/person\\\/23fa70681308e7b319a3204bcea45e0c\",\"name\":\"Algarve 7\",\"sameAs\":[\"https:\\\/\\\/algarve7.pt\",\"https:\\\/\\\/www.facebook.com\\\/algarve7\"],\"url\":\"https:\\\/\\\/algarve7.pt\\\/index.php\\\/author\\\/geralalgarve7-pt\\\/\"}]}<\/script>\n<!-- \/ Yoast SEO plugin. -->","yoast_head_json":{"title":"Semin\u00e1rio em Loul\u00e9 refor\u00e7ou import\u00e2ncia da sociedade civil como agente da prote\u00e7\u00e3o civil - Algarve 7","description":"Semin\u00e1rio em Loul\u00e9 refor\u00e7ou import\u00e2ncia da sociedade civil como agente da prote\u00e7\u00e3o civil Atualidade","robots":{"index":"index","follow":"follow","max-snippet":"max-snippet:-1","max-image-preview":"max-image-preview:large","max-video-preview":"max-video-preview:-1"},"canonical":"https:\/\/algarve7.pt\/index.php\/2022\/10\/seminario-em-loule-reforcou-importancia-da-sociedade-civil-como-agente-da-protecao-civil\/atualidade\/11\/02\/","og_locale":"pt_PT","og_type":"article","og_title":"Semin\u00e1rio em Loul\u00e9 refor\u00e7ou import\u00e2ncia da sociedade civil como agente da prote\u00e7\u00e3o civil - Algarve 7","og_description":"Semin\u00e1rio em Loul\u00e9 refor\u00e7ou import\u00e2ncia da sociedade civil como agente da prote\u00e7\u00e3o civil Atualidade","og_url":"https:\/\/algarve7.pt\/index.php\/2022\/10\/seminario-em-loule-reforcou-importancia-da-sociedade-civil-como-agente-da-protecao-civil\/atualidade\/11\/02\/","og_site_name":"Algarve 7","article_publisher":"https:\/\/www.facebook.com\/algarve7","article_author":"https:\/\/www.facebook.com\/algarve7","article_published_time":"2022-10-19T10:02:00+00:00","og_image":[{"width":2560,"height":1707,"url":"https:\/\/algarve7.pt\/wp-content\/uploads\/2022\/10\/VIII-Semina\u0301rio-da-Protec\u0327a\u0303o-Civil-Loule\u0301-13-10-2022-13-scaled.jpg","type":"image\/jpeg"}],"author":"Algarve 7","twitter_card":"summary_large_image","twitter_creator":"@Algarvesete","twitter_site":"@Algarvesete","twitter_misc":{"Escrito por":"Algarve 7","Tempo estimado de leitura":"6 minutos"},"schema":{"@context":"https:\/\/schema.org","@graph":[{"@type":"Article","@id":"https:\/\/algarve7.pt\/index.php\/2022\/10\/seminario-em-loule-reforcou-importancia-da-sociedade-civil-como-agente-da-protecao-civil\/atualidade\/11\/02\/#article","isPartOf":{"@id":"https:\/\/algarve7.pt\/index.php\/2022\/10\/seminario-em-loule-reforcou-importancia-da-sociedade-civil-como-agente-da-protecao-civil\/atualidade\/11\/02\/"},"author":{"name":"Algarve 7","@id":"https:\/\/algarve7.pt\/#\/schema\/person\/23fa70681308e7b319a3204bcea45e0c"},"headline":"Semin\u00e1rio em Loul\u00e9 refor\u00e7ou import\u00e2ncia da sociedade civil como agente da prote\u00e7\u00e3o civil","datePublished":"2022-10-19T10:02:00+00:00","mainEntityOfPage":{"@id":"https:\/\/algarve7.pt\/index.php\/2022\/10\/seminario-em-loule-reforcou-importancia-da-sociedade-civil-como-agente-da-protecao-civil\/atualidade\/11\/02\/"},"wordCount":1201,"publisher":{"@id":"https:\/\/algarve7.pt\/#organization"},"image":{"@id":"https:\/\/algarve7.pt\/index.php\/2022\/10\/seminario-em-loule-reforcou-importancia-da-sociedade-civil-como-agente-da-protecao-civil\/atualidade\/11\/02\/#primaryimage"},"thumbnailUrl":"https:\/\/algarve7.pt\/wp-content\/uploads\/2022\/10\/VIII-Semina\u0301rio-da-Protec\u0327a\u0303o-Civil-Loule\u0301-13-10-2022-13-scaled.jpg","keywords":["Algarve","Atualidade","Loul\u00e9","Prote\u00e7\u00e3o Civil","Semin\u00e1rio"],"articleSection":["Atualidade"],"inLanguage":"pt-PT"},{"@type":"WebPage","@id":"https:\/\/algarve7.pt\/index.php\/2022\/10\/seminario-em-loule-reforcou-importancia-da-sociedade-civil-como-agente-da-protecao-civil\/atualidade\/11\/02\/","url":"https:\/\/algarve7.pt\/index.php\/2022\/10\/seminario-em-loule-reforcou-importancia-da-sociedade-civil-como-agente-da-protecao-civil\/atualidade\/11\/02\/","name":"Semin\u00e1rio em Loul\u00e9 refor\u00e7ou import\u00e2ncia da sociedade civil como agente da prote\u00e7\u00e3o civil - Algarve 7","isPartOf":{"@id":"https:\/\/algarve7.pt\/#website"},"primaryImageOfPage":{"@id":"https:\/\/algarve7.pt\/index.php\/2022\/10\/seminario-em-loule-reforcou-importancia-da-sociedade-civil-como-agente-da-protecao-civil\/atualidade\/11\/02\/#primaryimage"},"image":{"@id":"https:\/\/algarve7.pt\/index.php\/2022\/10\/seminario-em-loule-reforcou-importancia-da-sociedade-civil-como-agente-da-protecao-civil\/atualidade\/11\/02\/#primaryimage"},"thumbnailUrl":"https:\/\/algarve7.pt\/wp-content\/uploads\/2022\/10\/VIII-Semina\u0301rio-da-Protec\u0327a\u0303o-Civil-Loule\u0301-13-10-2022-13-scaled.jpg","datePublished":"2022-10-19T10:02:00+00:00","description":"Semin\u00e1rio em Loul\u00e9 refor\u00e7ou import\u00e2ncia da sociedade civil como agente da prote\u00e7\u00e3o civil Atualidade","breadcrumb":{"@id":"https:\/\/algarve7.pt\/index.php\/2022\/10\/seminario-em-loule-reforcou-importancia-da-sociedade-civil-como-agente-da-protecao-civil\/atualidade\/11\/02\/#breadcrumb"},"inLanguage":"pt-PT","potentialAction":[{"@type":"ReadAction","target":["https:\/\/algarve7.pt\/index.php\/2022\/10\/seminario-em-loule-reforcou-importancia-da-sociedade-civil-como-agente-da-protecao-civil\/atualidade\/11\/02\/"]}]},{"@type":"ImageObject","inLanguage":"pt-PT","@id":"https:\/\/algarve7.pt\/index.php\/2022\/10\/seminario-em-loule-reforcou-importancia-da-sociedade-civil-como-agente-da-protecao-civil\/atualidade\/11\/02\/#primaryimage","url":"https:\/\/algarve7.pt\/wp-content\/uploads\/2022\/10\/VIII-Semina\u0301rio-da-Protec\u0327a\u0303o-Civil-Loule\u0301-13-10-2022-13-scaled.jpg","contentUrl":"https:\/\/algarve7.pt\/wp-content\/uploads\/2022\/10\/VIII-Semina\u0301rio-da-Protec\u0327a\u0303o-Civil-Loule\u0301-13-10-2022-13-scaled.jpg","width":2560,"height":1707},{"@type":"BreadcrumbList","@id":"https:\/\/algarve7.pt\/index.php\/2022\/10\/seminario-em-loule-reforcou-importancia-da-sociedade-civil-como-agente-da-protecao-civil\/atualidade\/11\/02\/#breadcrumb","itemListElement":[{"@type":"ListItem","position":1,"name":"In\u00edcio","item":"https:\/\/algarve7.pt\/"},{"@type":"ListItem","position":2,"name":"Semin\u00e1rio em Loul\u00e9 refor\u00e7ou import\u00e2ncia da sociedade civil como agente da prote\u00e7\u00e3o civil"}]},{"@type":"WebSite","@id":"https:\/\/algarve7.pt\/#website","url":"https:\/\/algarve7.pt\/","name":"Algarve 7","description":"Informa\u00e7\u00e3o sobre o Algarve","publisher":{"@id":"https:\/\/algarve7.pt\/#organization"},"potentialAction":[{"@type":"SearchAction","target":{"@type":"EntryPoint","urlTemplate":"https:\/\/algarve7.pt\/?s={search_term_string}"},"query-input":{"@type":"PropertyValueSpecification","valueRequired":true,"valueName":"search_term_string"}}],"inLanguage":"pt-PT"},{"@type":"Organization","@id":"https:\/\/algarve7.pt\/#organization","name":"Algarve 7","url":"https:\/\/algarve7.pt\/","logo":{"@type":"ImageObject","inLanguage":"pt-PT","@id":"https:\/\/algarve7.pt\/#\/schema\/logo\/image\/","url":"https:\/\/algarve7.pt\/wp-content\/uploads\/2020\/10\/Logo-8.jpg","contentUrl":"https:\/\/algarve7.pt\/wp-content\/uploads\/2020\/10\/Logo-8.jpg","width":1680,"height":1186,"caption":"Algarve 7"},"image":{"@id":"https:\/\/algarve7.pt\/#\/schema\/logo\/image\/"},"sameAs":["https:\/\/www.facebook.com\/algarve7","https:\/\/x.com\/Algarvesete","https:\/\/www.instagram.com\/jornalalgarve7\/","https:\/\/www.linkedin.com\/company\/algarve7","https:\/\/www.pinterest.pt\/geral0939\/_created\/"]},{"@type":"Person","@id":"https:\/\/algarve7.pt\/#\/schema\/person\/23fa70681308e7b319a3204bcea45e0c","name":"Algarve 7","sameAs":["https:\/\/algarve7.pt","https:\/\/www.facebook.com\/algarve7"],"url":"https:\/\/algarve7.pt\/index.php\/author\/geralalgarve7-pt\/"}]}},"jetpack_publicize_connections":[],"jetpack_featured_media_url":"https:\/\/algarve7.pt\/wp-content\/uploads\/2022\/10\/VIII-Semina\u0301rio-da-Protec\u0327a\u0303o-Civil-Loule\u0301-13-10-2022-13-scaled.jpg","jetpack_shortlink":"https:\/\/wp.me\/pcezmW-5Tu","jetpack_sharing_enabled":true,"_links":{"self":[{"href":"https:\/\/algarve7.pt\/index.php\/wp-json\/wp\/v2\/posts\/22660","targetHints":{"allow":["GET"]}}],"collection":[{"href":"https:\/\/algarve7.pt\/index.php\/wp-json\/wp\/v2\/posts"}],"about":[{"href":"https:\/\/algarve7.pt\/index.php\/wp-json\/wp\/v2\/types\/post"}],"author":[{"embeddable":true,"href":"https:\/\/algarve7.pt\/index.php\/wp-json\/wp\/v2\/users\/1"}],"replies":[{"embeddable":true,"href":"https:\/\/algarve7.pt\/index.php\/wp-json\/wp\/v2\/comments?post=22660"}],"version-history":[{"count":0,"href":"https:\/\/algarve7.pt\/index.php\/wp-json\/wp\/v2\/posts\/22660\/revisions"}],"wp:featuredmedia":[{"embeddable":true,"href":"https:\/\/algarve7.pt\/index.php\/wp-json\/wp\/v2\/media\/22661"}],"wp:attachment":[{"href":"https:\/\/algarve7.pt\/index.php\/wp-json\/wp\/v2\/media?parent=22660"}],"wp:term":[{"taxonomy":"category","embeddable":true,"href":"https:\/\/algarve7.pt\/index.php\/wp-json\/wp\/v2\/categories?post=22660"},{"taxonomy":"post_tag","embeddable":true,"href":"https:\/\/algarve7.pt\/index.php\/wp-json\/wp\/v2\/tags?post=22660"}],"curies":[{"name":"wp","href":"https:\/\/api.w.org\/{rel}","templated":true}]}}