{"id":2256,"date":"2020-10-09T13:20:49","date_gmt":"2020-10-09T12:20:49","guid":{"rendered":"https:\/\/algarve7.pt\/?p=2256"},"modified":"2020-10-09T13:08:07","modified_gmt":"2020-10-09T12:08:07","slug":"camara-de-lagos-emite-orientacoes-para-utilizacao-de-espacos-desportivos-em-tempos-de-pandemia","status":"publish","type":"post","link":"https:\/\/algarve7.pt\/index.php\/2020\/10\/camara-de-lagos-emite-orientacoes-para-utilizacao-de-espacos-desportivos-em-tempos-de-pandemia\/desporto\/13\/20\/","title":{"rendered":"C\u00e2mara de Lagos emite orienta\u00e7\u00f5es para utiliza\u00e7\u00e3o de espa\u00e7os desportivos em tempos de pandemia"},"content":{"rendered":"\n<p>No \u00e2mbito das medidas locais que t\u00eam vindo a ser adotadas para a preven\u00e7\u00e3o da COVID-19, a C\u00e2mara Municipal de Lagos emitiu um comunicado com orienta\u00e7\u00f5es para a utiliza\u00e7\u00e3o de espa\u00e7os desportivos na \u00e1rea do concelho.<\/p>\n\n\n\n<p>Estas medidas t\u00eam como base a Orienta\u00e7\u00e3o n.\u00ba 36\/2020 de 29 de maio da Dire\u00e7\u00e3o-Geral de Sa\u00fade (DGS) e a Resolu\u00e7\u00e3o do Conselho de Ministros n.\u00ba 70-A\/2020 de 11\/09.<\/p>\n\n\n\n<p>Aos clubes desportivos \u00e9 exigida a elabora\u00e7\u00e3o e implementa\u00e7\u00e3o de um Plano de Conting\u00eancia pr\u00f3prio para a COVID-19, o qual dever\u00e1 estar alinhado com as medidas de preven\u00e7\u00e3o adotadas pelas entidades gestoras dos espa\u00e7os desportivos, os regulamentos das respetivas associa\u00e7\u00f5es e os referenciais nacionais j\u00e1 referidos. \u00c9 igualmente exigido o preenchimento de um termo de responsabilidade relativo a todos os atletas, t\u00e9cnicos e dirigentes que participem nas sess\u00f5es de treino, assim como registo de presen\u00e7as.<\/p>\n\n\n\n<p>Apenas os escal\u00f5es seniores das modalidades de alto e m\u00e9dio risco e as modalidades de baixo risco est\u00e3o autorizadas a realizar treinos coletivos sem restri\u00e7\u00f5es. J\u00e1 os escal\u00f5es de forma\u00e7\u00e3o de alto e m\u00e9dio risco podem realizar treinos, mas ajustados, de modo a garantir o distanciamento f\u00edsico entre os participantes.<\/p>\n\n\n\n<p>Constituindo o transporte de atletas\/equipas um dos apoios regularmente disponibilizado pelo munic\u00edpio ao associativismo desportivo local, na atual situa\u00e7\u00e3o de conting\u00eancia a C\u00e2mara Municipal v\u00ea-se obrigada a n\u00e3o ceder transportes, exceto para competi\u00e7\u00f5es oficiais aprovadas pelas respetivas associa\u00e7\u00f5es ou federa\u00e7\u00f5es.<\/p>\n\n\n\n<p>A disponibiliza\u00e7\u00e3o de \u00e1lcool-gel \u00e0 entrada das instala\u00e7\u00f5es, a defini\u00e7\u00e3o de canais de circula\u00e7\u00e3o, a limpeza e higieniza\u00e7\u00e3o dos espa\u00e7os, assim como de equipamentos, e o controlo de acessos e presen\u00e7as s\u00e3o apenas alguns dos requisitos, identificados neste\u00a0comunicado, a que a utiliza\u00e7\u00e3o de espa\u00e7os desportivos est\u00e1 sujeita.<\/p>\n","protected":false},"excerpt":{"rendered":"<p>No \u00e2mbito das medidas locais que t\u00eam vindo a ser adotadas para a preven\u00e7\u00e3o da COVID-19, a C\u00e2mara Municipal de<\/p>\n","protected":false},"author":1,"featured_media":2257,"comment_status":"closed","ping_status":"open","sticky":false,"template":"","format":"standard","meta":{"colormag_page_container_layout":"default_layout","colormag_page_sidebar_layout":"default_layout","_monsterinsights_skip_tracking":false,"_monsterinsights_sitenote_active":false,"_monsterinsights_sitenote_note":"","_monsterinsights_sitenote_category":0,"jetpack_post_was_ever_published":false,"_jetpack_newsletter_access":"","_jetpack_dont_email_post_to_subs":false,"_jetpack_newsletter_tier_id":0,"_jetpack_memberships_contains_paywalled_content":false,"_jetpack_memberships_contains_paid_content":false,"footnotes":"","jetpack_publicize_message":"","jetpack_publicize_feature_enabled":true,"jetpack_social_post_already_shared":true,"jetpack_social_options":{"image_generator_settings":{"template":"highway","default_image_id":0,"font":"","enabled":false},"version":2}},"categories":[15],"tags":[36,40,68,58],"class_list":["post-2256","post","type-post","status-publish","format-standard","has-post-thumbnail","hentry","category-desporto","tag-algarve","tag-desporto","tag-lagos","tag-saude"],"yoast_head":"<!-- This site is optimized with the Yoast SEO plugin v27.5 - https:\/\/yoast.com\/product\/yoast-seo-wordpress\/ -->\n<title>C\u00e2mara de Lagos emite orienta\u00e7\u00f5es para utiliza\u00e7\u00e3o de espa\u00e7os desportivos em tempos de pandemia - Algarve 7<\/title>\n<meta name=\"description\" content=\"C\u00e2mara de Lagos emite orienta\u00e7\u00f5es para utiliza\u00e7\u00e3o de espa\u00e7os desportivos em tempos de pandemia\" \/>\n<meta name=\"robots\" content=\"index, follow, max-snippet:-1, max-image-preview:large, max-video-preview:-1\" \/>\n<link rel=\"canonical\" href=\"https:\/\/algarve7.pt\/index.php\/2020\/10\/camara-de-lagos-emite-orientacoes-para-utilizacao-de-espacos-desportivos-em-tempos-de-pandemia\/desporto\/13\/20\/\" \/>\n<meta property=\"og:locale\" content=\"pt_PT\" \/>\n<meta property=\"og:type\" content=\"article\" \/>\n<meta property=\"og:title\" content=\"C\u00e2mara de Lagos emite orienta\u00e7\u00f5es para utiliza\u00e7\u00e3o de espa\u00e7os desportivos em tempos de pandemia - Algarve 7\" \/>\n<meta property=\"og:description\" content=\"C\u00e2mara de Lagos emite orienta\u00e7\u00f5es para utiliza\u00e7\u00e3o de espa\u00e7os desportivos em tempos de pandemia\" \/>\n<meta property=\"og:url\" content=\"https:\/\/algarve7.pt\/index.php\/2020\/10\/camara-de-lagos-emite-orientacoes-para-utilizacao-de-espacos-desportivos-em-tempos-de-pandemia\/desporto\/13\/20\/\" \/>\n<meta property=\"og:site_name\" content=\"Algarve 7\" \/>\n<meta property=\"article:publisher\" content=\"https:\/\/www.facebook.com\/algarve7\" \/>\n<meta property=\"article:author\" content=\"https:\/\/www.facebook.com\/algarve7\" \/>\n<meta property=\"article:published_time\" content=\"2020-10-09T12:20:49+00:00\" \/>\n<meta property=\"og:image\" content=\"https:\/\/algarve7.pt\/wp-content\/uploads\/2020\/10\/estadioENovaPista-1-OCS.jpg\" \/>\n\t<meta property=\"og:image:width\" content=\"1200\" \/>\n\t<meta property=\"og:image:height\" content=\"784\" \/>\n\t<meta property=\"og:image:type\" content=\"image\/jpeg\" \/>\n<meta name=\"author\" content=\"Algarve 7\" \/>\n<meta name=\"twitter:card\" content=\"summary_large_image\" \/>\n<meta name=\"twitter:creator\" content=\"@Algarvesete\" \/>\n<meta name=\"twitter:site\" content=\"@Algarvesete\" \/>\n<meta name=\"twitter:label1\" content=\"Escrito por\" \/>\n\t<meta name=\"twitter:data1\" content=\"Algarve 7\" \/>\n\t<meta name=\"twitter:label2\" content=\"Tempo estimado de leitura\" \/>\n\t<meta name=\"twitter:data2\" content=\"2 minutos\" \/>\n<script type=\"application\/ld+json\" class=\"yoast-schema-graph\">{\"@context\":\"https:\\\/\\\/schema.org\",\"@graph\":[{\"@type\":\"Article\",\"@id\":\"https:\\\/\\\/algarve7.pt\\\/index.php\\\/2020\\\/10\\\/camara-de-lagos-emite-orientacoes-para-utilizacao-de-espacos-desportivos-em-tempos-de-pandemia\\\/desporto\\\/13\\\/20\\\/#article\",\"isPartOf\":{\"@id\":\"https:\\\/\\\/algarve7.pt\\\/index.php\\\/2020\\\/10\\\/camara-de-lagos-emite-orientacoes-para-utilizacao-de-espacos-desportivos-em-tempos-de-pandemia\\\/desporto\\\/13\\\/20\\\/\"},\"author\":{\"name\":\"Algarve 7\",\"@id\":\"https:\\\/\\\/algarve7.pt\\\/#\\\/schema\\\/person\\\/23fa70681308e7b319a3204bcea45e0c\"},\"headline\":\"C\u00e2mara de Lagos emite orienta\u00e7\u00f5es para utiliza\u00e7\u00e3o de espa\u00e7os desportivos em tempos de pandemia\",\"datePublished\":\"2020-10-09T12:20:49+00:00\",\"mainEntityOfPage\":{\"@id\":\"https:\\\/\\\/algarve7.pt\\\/index.php\\\/2020\\\/10\\\/camara-de-lagos-emite-orientacoes-para-utilizacao-de-espacos-desportivos-em-tempos-de-pandemia\\\/desporto\\\/13\\\/20\\\/\"},\"wordCount\":339,\"publisher\":{\"@id\":\"https:\\\/\\\/algarve7.pt\\\/#organization\"},\"image\":{\"@id\":\"https:\\\/\\\/algarve7.pt\\\/index.php\\\/2020\\\/10\\\/camara-de-lagos-emite-orientacoes-para-utilizacao-de-espacos-desportivos-em-tempos-de-pandemia\\\/desporto\\\/13\\\/20\\\/#primaryimage\"},\"thumbnailUrl\":\"https:\\\/\\\/algarve7.pt\\\/wp-content\\\/uploads\\\/2020\\\/10\\\/estadioENovaPista-1-OCS.jpg\",\"keywords\":[\"Algarve\",\"Desporto\",\"Lagos\",\"Sa\u00fade\"],\"articleSection\":[\"Desporto\"],\"inLanguage\":\"pt-PT\"},{\"@type\":\"WebPage\",\"@id\":\"https:\\\/\\\/algarve7.pt\\\/index.php\\\/2020\\\/10\\\/camara-de-lagos-emite-orientacoes-para-utilizacao-de-espacos-desportivos-em-tempos-de-pandemia\\\/desporto\\\/13\\\/20\\\/\",\"url\":\"https:\\\/\\\/algarve7.pt\\\/index.php\\\/2020\\\/10\\\/camara-de-lagos-emite-orientacoes-para-utilizacao-de-espacos-desportivos-em-tempos-de-pandemia\\\/desporto\\\/13\\\/20\\\/\",\"name\":\"C\u00e2mara de Lagos emite orienta\u00e7\u00f5es para utiliza\u00e7\u00e3o de espa\u00e7os desportivos em tempos de pandemia - Algarve 7\",\"isPartOf\":{\"@id\":\"https:\\\/\\\/algarve7.pt\\\/#website\"},\"primaryImageOfPage\":{\"@id\":\"https:\\\/\\\/algarve7.pt\\\/index.php\\\/2020\\\/10\\\/camara-de-lagos-emite-orientacoes-para-utilizacao-de-espacos-desportivos-em-tempos-de-pandemia\\\/desporto\\\/13\\\/20\\\/#primaryimage\"},\"image\":{\"@id\":\"https:\\\/\\\/algarve7.pt\\\/index.php\\\/2020\\\/10\\\/camara-de-lagos-emite-orientacoes-para-utilizacao-de-espacos-desportivos-em-tempos-de-pandemia\\\/desporto\\\/13\\\/20\\\/#primaryimage\"},\"thumbnailUrl\":\"https:\\\/\\\/algarve7.pt\\\/wp-content\\\/uploads\\\/2020\\\/10\\\/estadioENovaPista-1-OCS.jpg\",\"datePublished\":\"2020-10-09T12:20:49+00:00\",\"description\":\"C\u00e2mara de Lagos emite orienta\u00e7\u00f5es para utiliza\u00e7\u00e3o de espa\u00e7os desportivos em tempos de pandemia\",\"breadcrumb\":{\"@id\":\"https:\\\/\\\/algarve7.pt\\\/index.php\\\/2020\\\/10\\\/camara-de-lagos-emite-orientacoes-para-utilizacao-de-espacos-desportivos-em-tempos-de-pandemia\\\/desporto\\\/13\\\/20\\\/#breadcrumb\"},\"inLanguage\":\"pt-PT\",\"potentialAction\":[{\"@type\":\"ReadAction\",\"target\":[\"https:\\\/\\\/algarve7.pt\\\/index.php\\\/2020\\\/10\\\/camara-de-lagos-emite-orientacoes-para-utilizacao-de-espacos-desportivos-em-tempos-de-pandemia\\\/desporto\\\/13\\\/20\\\/\"]}]},{\"@type\":\"ImageObject\",\"inLanguage\":\"pt-PT\",\"@id\":\"https:\\\/\\\/algarve7.pt\\\/index.php\\\/2020\\\/10\\\/camara-de-lagos-emite-orientacoes-para-utilizacao-de-espacos-desportivos-em-tempos-de-pandemia\\\/desporto\\\/13\\\/20\\\/#primaryimage\",\"url\":\"https:\\\/\\\/algarve7.pt\\\/wp-content\\\/uploads\\\/2020\\\/10\\\/estadioENovaPista-1-OCS.jpg\",\"contentUrl\":\"https:\\\/\\\/algarve7.pt\\\/wp-content\\\/uploads\\\/2020\\\/10\\\/estadioENovaPista-1-OCS.jpg\",\"width\":1200,\"height\":784,\"caption\":\"Est\u00e1dio e nova pista\"},{\"@type\":\"BreadcrumbList\",\"@id\":\"https:\\\/\\\/algarve7.pt\\\/index.php\\\/2020\\\/10\\\/camara-de-lagos-emite-orientacoes-para-utilizacao-de-espacos-desportivos-em-tempos-de-pandemia\\\/desporto\\\/13\\\/20\\\/#breadcrumb\",\"itemListElement\":[{\"@type\":\"ListItem\",\"position\":1,\"name\":\"In\u00edcio\",\"item\":\"https:\\\/\\\/algarve7.pt\\\/\"},{\"@type\":\"ListItem\",\"position\":2,\"name\":\"C\u00e2mara de Lagos emite orienta\u00e7\u00f5es para utiliza\u00e7\u00e3o de espa\u00e7os desportivos em tempos de pandemia\"}]},{\"@type\":\"WebSite\",\"@id\":\"https:\\\/\\\/algarve7.pt\\\/#website\",\"url\":\"https:\\\/\\\/algarve7.pt\\\/\",\"name\":\"Algarve 7\",\"description\":\"Informa\u00e7\u00e3o sobre o Algarve\",\"publisher\":{\"@id\":\"https:\\\/\\\/algarve7.pt\\\/#organization\"},\"potentialAction\":[{\"@type\":\"SearchAction\",\"target\":{\"@type\":\"EntryPoint\",\"urlTemplate\":\"https:\\\/\\\/algarve7.pt\\\/?s={search_term_string}\"},\"query-input\":{\"@type\":\"PropertyValueSpecification\",\"valueRequired\":true,\"valueName\":\"search_term_string\"}}],\"inLanguage\":\"pt-PT\"},{\"@type\":\"Organization\",\"@id\":\"https:\\\/\\\/algarve7.pt\\\/#organization\",\"name\":\"Algarve 7\",\"url\":\"https:\\\/\\\/algarve7.pt\\\/\",\"logo\":{\"@type\":\"ImageObject\",\"inLanguage\":\"pt-PT\",\"@id\":\"https:\\\/\\\/algarve7.pt\\\/#\\\/schema\\\/logo\\\/image\\\/\",\"url\":\"https:\\\/\\\/algarve7.pt\\\/wp-content\\\/uploads\\\/2020\\\/10\\\/Logo-8.jpg\",\"contentUrl\":\"https:\\\/\\\/algarve7.pt\\\/wp-content\\\/uploads\\\/2020\\\/10\\\/Logo-8.jpg\",\"width\":1680,\"height\":1186,\"caption\":\"Algarve 7\"},\"image\":{\"@id\":\"https:\\\/\\\/algarve7.pt\\\/#\\\/schema\\\/logo\\\/image\\\/\"},\"sameAs\":[\"https:\\\/\\\/www.facebook.com\\\/algarve7\",\"https:\\\/\\\/x.com\\\/Algarvesete\",\"https:\\\/\\\/www.instagram.com\\\/jornalalgarve7\\\/\",\"https:\\\/\\\/www.linkedin.com\\\/company\\\/algarve7\",\"https:\\\/\\\/www.pinterest.pt\\\/geral0939\\\/_created\\\/\"]},{\"@type\":\"Person\",\"@id\":\"https:\\\/\\\/algarve7.pt\\\/#\\\/schema\\\/person\\\/23fa70681308e7b319a3204bcea45e0c\",\"name\":\"Algarve 7\",\"sameAs\":[\"https:\\\/\\\/algarve7.pt\",\"https:\\\/\\\/www.facebook.com\\\/algarve7\"],\"url\":\"https:\\\/\\\/algarve7.pt\\\/index.php\\\/author\\\/geralalgarve7-pt\\\/\"}]}<\/script>\n<!-- \/ Yoast SEO plugin. -->","yoast_head_json":{"title":"C\u00e2mara de Lagos emite orienta\u00e7\u00f5es para utiliza\u00e7\u00e3o de espa\u00e7os desportivos em tempos de pandemia - Algarve 7","description":"C\u00e2mara de Lagos emite orienta\u00e7\u00f5es para utiliza\u00e7\u00e3o de espa\u00e7os desportivos em tempos de pandemia","robots":{"index":"index","follow":"follow","max-snippet":"max-snippet:-1","max-image-preview":"max-image-preview:large","max-video-preview":"max-video-preview:-1"},"canonical":"https:\/\/algarve7.pt\/index.php\/2020\/10\/camara-de-lagos-emite-orientacoes-para-utilizacao-de-espacos-desportivos-em-tempos-de-pandemia\/desporto\/13\/20\/","og_locale":"pt_PT","og_type":"article","og_title":"C\u00e2mara de Lagos emite orienta\u00e7\u00f5es para utiliza\u00e7\u00e3o de espa\u00e7os desportivos em tempos de pandemia - Algarve 7","og_description":"C\u00e2mara de Lagos emite orienta\u00e7\u00f5es para utiliza\u00e7\u00e3o de espa\u00e7os desportivos em tempos de pandemia","og_url":"https:\/\/algarve7.pt\/index.php\/2020\/10\/camara-de-lagos-emite-orientacoes-para-utilizacao-de-espacos-desportivos-em-tempos-de-pandemia\/desporto\/13\/20\/","og_site_name":"Algarve 7","article_publisher":"https:\/\/www.facebook.com\/algarve7","article_author":"https:\/\/www.facebook.com\/algarve7","article_published_time":"2020-10-09T12:20:49+00:00","og_image":[{"width":1200,"height":784,"url":"https:\/\/algarve7.pt\/wp-content\/uploads\/2020\/10\/estadioENovaPista-1-OCS.jpg","type":"image\/jpeg"}],"author":"Algarve 7","twitter_card":"summary_large_image","twitter_creator":"@Algarvesete","twitter_site":"@Algarvesete","twitter_misc":{"Escrito por":"Algarve 7","Tempo estimado de leitura":"2 minutos"},"schema":{"@context":"https:\/\/schema.org","@graph":[{"@type":"Article","@id":"https:\/\/algarve7.pt\/index.php\/2020\/10\/camara-de-lagos-emite-orientacoes-para-utilizacao-de-espacos-desportivos-em-tempos-de-pandemia\/desporto\/13\/20\/#article","isPartOf":{"@id":"https:\/\/algarve7.pt\/index.php\/2020\/10\/camara-de-lagos-emite-orientacoes-para-utilizacao-de-espacos-desportivos-em-tempos-de-pandemia\/desporto\/13\/20\/"},"author":{"name":"Algarve 7","@id":"https:\/\/algarve7.pt\/#\/schema\/person\/23fa70681308e7b319a3204bcea45e0c"},"headline":"C\u00e2mara de Lagos emite orienta\u00e7\u00f5es para utiliza\u00e7\u00e3o de espa\u00e7os desportivos em tempos de pandemia","datePublished":"2020-10-09T12:20:49+00:00","mainEntityOfPage":{"@id":"https:\/\/algarve7.pt\/index.php\/2020\/10\/camara-de-lagos-emite-orientacoes-para-utilizacao-de-espacos-desportivos-em-tempos-de-pandemia\/desporto\/13\/20\/"},"wordCount":339,"publisher":{"@id":"https:\/\/algarve7.pt\/#organization"},"image":{"@id":"https:\/\/algarve7.pt\/index.php\/2020\/10\/camara-de-lagos-emite-orientacoes-para-utilizacao-de-espacos-desportivos-em-tempos-de-pandemia\/desporto\/13\/20\/#primaryimage"},"thumbnailUrl":"https:\/\/algarve7.pt\/wp-content\/uploads\/2020\/10\/estadioENovaPista-1-OCS.jpg","keywords":["Algarve","Desporto","Lagos","Sa\u00fade"],"articleSection":["Desporto"],"inLanguage":"pt-PT"},{"@type":"WebPage","@id":"https:\/\/algarve7.pt\/index.php\/2020\/10\/camara-de-lagos-emite-orientacoes-para-utilizacao-de-espacos-desportivos-em-tempos-de-pandemia\/desporto\/13\/20\/","url":"https:\/\/algarve7.pt\/index.php\/2020\/10\/camara-de-lagos-emite-orientacoes-para-utilizacao-de-espacos-desportivos-em-tempos-de-pandemia\/desporto\/13\/20\/","name":"C\u00e2mara de Lagos emite orienta\u00e7\u00f5es para utiliza\u00e7\u00e3o de espa\u00e7os desportivos em tempos de pandemia - Algarve 7","isPartOf":{"@id":"https:\/\/algarve7.pt\/#website"},"primaryImageOfPage":{"@id":"https:\/\/algarve7.pt\/index.php\/2020\/10\/camara-de-lagos-emite-orientacoes-para-utilizacao-de-espacos-desportivos-em-tempos-de-pandemia\/desporto\/13\/20\/#primaryimage"},"image":{"@id":"https:\/\/algarve7.pt\/index.php\/2020\/10\/camara-de-lagos-emite-orientacoes-para-utilizacao-de-espacos-desportivos-em-tempos-de-pandemia\/desporto\/13\/20\/#primaryimage"},"thumbnailUrl":"https:\/\/algarve7.pt\/wp-content\/uploads\/2020\/10\/estadioENovaPista-1-OCS.jpg","datePublished":"2020-10-09T12:20:49+00:00","description":"C\u00e2mara de Lagos emite orienta\u00e7\u00f5es para utiliza\u00e7\u00e3o de espa\u00e7os desportivos em tempos de pandemia","breadcrumb":{"@id":"https:\/\/algarve7.pt\/index.php\/2020\/10\/camara-de-lagos-emite-orientacoes-para-utilizacao-de-espacos-desportivos-em-tempos-de-pandemia\/desporto\/13\/20\/#breadcrumb"},"inLanguage":"pt-PT","potentialAction":[{"@type":"ReadAction","target":["https:\/\/algarve7.pt\/index.php\/2020\/10\/camara-de-lagos-emite-orientacoes-para-utilizacao-de-espacos-desportivos-em-tempos-de-pandemia\/desporto\/13\/20\/"]}]},{"@type":"ImageObject","inLanguage":"pt-PT","@id":"https:\/\/algarve7.pt\/index.php\/2020\/10\/camara-de-lagos-emite-orientacoes-para-utilizacao-de-espacos-desportivos-em-tempos-de-pandemia\/desporto\/13\/20\/#primaryimage","url":"https:\/\/algarve7.pt\/wp-content\/uploads\/2020\/10\/estadioENovaPista-1-OCS.jpg","contentUrl":"https:\/\/algarve7.pt\/wp-content\/uploads\/2020\/10\/estadioENovaPista-1-OCS.jpg","width":1200,"height":784,"caption":"Est\u00e1dio e nova pista"},{"@type":"BreadcrumbList","@id":"https:\/\/algarve7.pt\/index.php\/2020\/10\/camara-de-lagos-emite-orientacoes-para-utilizacao-de-espacos-desportivos-em-tempos-de-pandemia\/desporto\/13\/20\/#breadcrumb","itemListElement":[{"@type":"ListItem","position":1,"name":"In\u00edcio","item":"https:\/\/algarve7.pt\/"},{"@type":"ListItem","position":2,"name":"C\u00e2mara de Lagos emite orienta\u00e7\u00f5es para utiliza\u00e7\u00e3o de espa\u00e7os desportivos em tempos de pandemia"}]},{"@type":"WebSite","@id":"https:\/\/algarve7.pt\/#website","url":"https:\/\/algarve7.pt\/","name":"Algarve 7","description":"Informa\u00e7\u00e3o sobre o Algarve","publisher":{"@id":"https:\/\/algarve7.pt\/#organization"},"potentialAction":[{"@type":"SearchAction","target":{"@type":"EntryPoint","urlTemplate":"https:\/\/algarve7.pt\/?s={search_term_string}"},"query-input":{"@type":"PropertyValueSpecification","valueRequired":true,"valueName":"search_term_string"}}],"inLanguage":"pt-PT"},{"@type":"Organization","@id":"https:\/\/algarve7.pt\/#organization","name":"Algarve 7","url":"https:\/\/algarve7.pt\/","logo":{"@type":"ImageObject","inLanguage":"pt-PT","@id":"https:\/\/algarve7.pt\/#\/schema\/logo\/image\/","url":"https:\/\/algarve7.pt\/wp-content\/uploads\/2020\/10\/Logo-8.jpg","contentUrl":"https:\/\/algarve7.pt\/wp-content\/uploads\/2020\/10\/Logo-8.jpg","width":1680,"height":1186,"caption":"Algarve 7"},"image":{"@id":"https:\/\/algarve7.pt\/#\/schema\/logo\/image\/"},"sameAs":["https:\/\/www.facebook.com\/algarve7","https:\/\/x.com\/Algarvesete","https:\/\/www.instagram.com\/jornalalgarve7\/","https:\/\/www.linkedin.com\/company\/algarve7","https:\/\/www.pinterest.pt\/geral0939\/_created\/"]},{"@type":"Person","@id":"https:\/\/algarve7.pt\/#\/schema\/person\/23fa70681308e7b319a3204bcea45e0c","name":"Algarve 7","sameAs":["https:\/\/algarve7.pt","https:\/\/www.facebook.com\/algarve7"],"url":"https:\/\/algarve7.pt\/index.php\/author\/geralalgarve7-pt\/"}]}},"jetpack_publicize_connections":[],"jetpack_featured_media_url":"https:\/\/algarve7.pt\/wp-content\/uploads\/2020\/10\/estadioENovaPista-1-OCS.jpg","jetpack_shortlink":"https:\/\/wp.me\/pcezmW-Ao","jetpack_sharing_enabled":true,"_links":{"self":[{"href":"https:\/\/algarve7.pt\/index.php\/wp-json\/wp\/v2\/posts\/2256","targetHints":{"allow":["GET"]}}],"collection":[{"href":"https:\/\/algarve7.pt\/index.php\/wp-json\/wp\/v2\/posts"}],"about":[{"href":"https:\/\/algarve7.pt\/index.php\/wp-json\/wp\/v2\/types\/post"}],"author":[{"embeddable":true,"href":"https:\/\/algarve7.pt\/index.php\/wp-json\/wp\/v2\/users\/1"}],"replies":[{"embeddable":true,"href":"https:\/\/algarve7.pt\/index.php\/wp-json\/wp\/v2\/comments?post=2256"}],"version-history":[{"count":0,"href":"https:\/\/algarve7.pt\/index.php\/wp-json\/wp\/v2\/posts\/2256\/revisions"}],"wp:featuredmedia":[{"embeddable":true,"href":"https:\/\/algarve7.pt\/index.php\/wp-json\/wp\/v2\/media\/2257"}],"wp:attachment":[{"href":"https:\/\/algarve7.pt\/index.php\/wp-json\/wp\/v2\/media?parent=2256"}],"wp:term":[{"taxonomy":"category","embeddable":true,"href":"https:\/\/algarve7.pt\/index.php\/wp-json\/wp\/v2\/categories?post=2256"},{"taxonomy":"post_tag","embeddable":true,"href":"https:\/\/algarve7.pt\/index.php\/wp-json\/wp\/v2\/tags?post=2256"}],"curies":[{"name":"wp","href":"https:\/\/api.w.org\/{rel}","templated":true}]}}