{"id":22528,"date":"2022-10-17T08:23:00","date_gmt":"2022-10-17T07:23:00","guid":{"rendered":"https:\/\/algarve7.pt\/?p=22528"},"modified":"2022-10-17T08:23:08","modified_gmt":"2022-10-17T07:23:08","slug":"mar-shopping-algarve-inaugura-centro-de-bem-estar-animal","status":"publish","type":"post","link":"https:\/\/algarve7.pt\/index.php\/2022\/10\/mar-shopping-algarve-inaugura-centro-de-bem-estar-animal\/saude\/08\/23\/","title":{"rendered":"MAR Shopping Algarve inaugura centro de bem-estar animal"},"content":{"rendered":"\n<p>\u00abWoofland by Iron Dog\u00bb \u00e9 um projeto pioneiro e visa centralizar num s\u00f3 espa\u00e7o os servi\u00e7os de creche para c\u00e3es, terapias e cursos te\u00f3ricos e pr\u00e1ticos na \u00e1rea animal.<\/p>\n\n\n\n<p><strong>Woofland by Iron Dog Algarve<br><br><\/strong><\/p>\n\n\n\n<p>E se pudesse fazer uma forma\u00e7\u00e3o enquanto treinador de c\u00e3es, marcar uma massagem de relaxamento para o seu c\u00e3o enquanto vai \u00e0s compras, fazer uma aula de grupo de obedi\u00eancia canina ou aproveitar o servi\u00e7o de creche canina para estimular f\u00edsica e mentalmente o seu c\u00e3o? Tudo isso vai ser poss\u00edvel j\u00e1 a partir do dia 26 de outubro, no espa\u00e7o completamente renovado e repensado \u00abWoofland by Iron Dog\u00bb, com nova ger\u00eancia, sob a al\u00e7ada da galardoada escola de treino canino Iron Dog Algarve ( <a href=\"http:\/\/www.irondog.pt\" target=\"_blank\" rel=\"noreferrer noopener\">www.irondog.pt<\/a> ). Em \u00faltima an\u00e1lise, o objetivo \u00e9 promover pr\u00e1ticas saud\u00e1veis de proporcionar o maior n\u00edvel de bem-estar e equil\u00edbrio ao animal, do ponto de vista de sa\u00fade f\u00edsica, mental e de gastos de energia.<br><br>Pela efem\u00e9ride da celebra\u00e7\u00e3o do 5.\u00ba anivers\u00e1rio do MAR Shopping Algarve, a \u00abWoofland by Iron Dog\u00bb ir\u00e1 inaugurar e disponibilizar um programa de cinco dias de inaugura\u00e7\u00e3o do novo espa\u00e7o, cada um deles, dedicado a uma tem\u00e1tica diferente onde os visitantes, sob marca\u00e7\u00e3o pr\u00e9via, poder\u00e3o usufruir de praticamente todos os servi\u00e7os de forma totalmente gratuita.<br><br>No primeiro dia, 26 de outubro, ser\u00e1 disponibilizado um dia de creche canina totalmente gratuito, no dia 27 de outubro estar\u00e3o dispon\u00edveis diversas terapias para animais, dia 28 de outubro realizar-se-\u00e1 uma aula de obedi\u00eancia canina, dia 29 de outubro o dia ser\u00e1 reservado para realiza\u00e7\u00e3o de sess\u00f5es de fotografia canina e no dia 30 de outubro ser\u00e3o disponibilizadas sess\u00f5es gratuitas de avalia\u00e7\u00e3o de nutri\u00e7\u00e3o para c\u00e3es e gatos. Para poder usufruir das atividades, os visitantes dever\u00e3o inscrever-se atrav\u00e9s do link <a href=\"https:\/\/forms.gle\/wVhhT3MvT4nmBgmz8\" target=\"_blank\" rel=\"noreferrer noopener\">https:\/\/forms.gle\/wVhhT3MvT4nmBgmz8<\/a> .<\/p>\n\n\n\n<p><br>O espa\u00e7o \u00abWoofland\u00bb que j\u00e1 existia anteriormente sob uma gest\u00e3o diferente, foi totalmente remodelado e apresenta agora novas infraestruturas, com um espa\u00e7o exterior com v\u00e1rias sombras e um espa\u00e7o interior, concebidos especificamente para facilitar tr\u00eas servi\u00e7os distintos: creche canina, forma\u00e7\u00f5es te\u00f3ricas e pr\u00e1ticas na \u00e1rea animal, e ainda, terapias para animais, todos eles com o selo de garantia de qualidade da Iron Dog Algarve.<\/p>\n\n\n\n<p><strong>Cursos certificados na \u00e1rea animal<\/strong><\/p>\n\n\n\n<p>O novo espa\u00e7o ser\u00e1 pioneiro ao combater uma das maiores car\u00eancias na \u00e1rea animal na regi\u00e3o do Algarve: a pouca e fraca oferta de forma\u00e7\u00e3o te\u00f3rica e pr\u00e1tica de qualidade na \u00e1rea animal. A ideia \u00e9 munir os portugueses de melhores conhecimentos para que possam ser melhores donos e fazerem escolhas mais conscientes.<\/p>\n\n\n\n<p>Na falta de um local que disponibilizasse forma\u00e7\u00e3o, foi elaborado um plano de a\u00e7\u00f5es de forma\u00e7\u00e3o na \u00e1rea animal, que ser\u00e1 ministrado por profissionais em diferentes \u00e1reas de especialidade, desde a sa\u00fade e medicina veterin\u00e1ria, ao grooming, legisla\u00e7\u00e3o e comportamental, entre outras.<\/p>\n\n\n\n<p>Os visitantes poder\u00e3o consultar com grande anteced\u00eancia o programa de forma\u00e7\u00f5es anual e inscreverem-se previamente nas mesmas, por forma a garantir o seu lugar. Todas as forma\u00e7\u00f5es ter\u00e3o certifica\u00e7\u00e3o com selo Iron Dog Algarve, e os participantes receber\u00e3o um diploma de frequ\u00eancia na mesma.<\/p>\n\n\n\n<p>Para o m\u00eas de novembro est\u00e3o agendadas duas forma\u00e7\u00f5es: dia 12 de Novembro a forma\u00e7\u00e3o \u00abC\u00e3es de Ajuda social: interven\u00e7\u00f5es assistidas por animais e c\u00e3es de assist\u00eancia\u00bb n\u00edvel 1, ministrado pela Dra. Daiana Ferreira, presidente da associa\u00e7\u00e3o local KOKUA, e no dia 27 de novembro a forma\u00e7\u00e3o \u00abRa\u00e7as de c\u00e3es potencialmente perigosos e quais as obriga\u00e7\u00f5es legais para os seus detentores\u00bb, ministrada pelo treinador canino certificado Jo\u00e3o Paulino, fundador da Iron Dog Algarve.<\/p>\n\n\n\n<p>Para o m\u00eas de dezembro est\u00e3o programadas duas outras forma\u00e7\u00f5es, no dia 17 a forma\u00e7\u00e3o \u00abC\u00e3es de assist\u00eancia: c\u00e3es detectores e de biodete\u00e7\u00e3o\u00bb n\u00edvel 1, com o Dr. Marco Serr\u00e3o, da associa\u00e7\u00e3o KOKUA, e outra sobre \u00abAlimenta\u00e7\u00e3o natural para c\u00e3es e gatos\u00bb, pela nutricionista animal (de c\u00e3es e gatos) Dra. Joana Carido Cunha, em data a anunciar.<\/p>\n\n\n\n<p><strong>Creche canina mais apelativa e din\u00e2mica<\/strong><\/p>\n\n\n\n<p>O servi\u00e7o de creche canina em exclusivo para no m\u00e1ximo 15 c\u00e3es por dia, contar\u00e1 com novos ambientes, decora\u00e7\u00e3o e planifica\u00e7\u00e3o que visam estimular muito mais e socializar os c\u00e3es que poder\u00e3o passar o dia neste espa\u00e7o, de quarta a segunda-feira, entre as 10h e as 18h.<\/p>\n\n\n\n<p>\u00c9 poss\u00edvel desfrutar do novo espa\u00e7o adquirindo pacotes mensais ou atrav\u00e9s de visitas espor\u00e1dicas que podem ir de uma hora at\u00e9 meio dia ou dia inteiro.<\/p>\n\n\n\n<p>A utiliza\u00e7\u00e3o deste servi\u00e7o est\u00e1 sujeita a disponibilidade e para a admiss\u00e3o de novos c\u00e3es ser poss\u00edvel, estes dever\u00e3o ter todas as vacinas em dia, incluindo a da tosse do canil, terem sido desparasitados recentemente e serem soci\u00e1veis.<\/p>\n\n\n\n<p>Todos os c\u00e3es ser\u00e3o sujeitos a uma avalia\u00e7\u00e3o de car\u00e1cter inicial.<\/p>\n\n\n\n<p>Os donos poder\u00e3o ainda usufruir de servi\u00e7os extra como o treino individual e estimula\u00e7\u00e3o do seu animal. O espa\u00e7o pode ainda ser arrendado em regime de exclusividade \u00e0 hora. O novo espa\u00e7o encerra \u00e0 ter\u00e7a-feira.<\/p>\n\n\n\n<p><strong>Centro de bem-estar para cuidar corpo e alma<\/strong><\/p>\n\n\n\n<p>A Woofland by Iron Dog Algarve inova ainda pelos servi\u00e7os de bem-estar onde ser\u00e3o facilitadas, sob marca\u00e7\u00e3o, no local ou ao domic\u00edlio, diferentes terapias animais desde massagens de relaxamento, acupuntura, fisioterapia, hidroterapia, laserterapia, nutri\u00e7\u00e3o, hirudoterapia, cromoterapia, cristaloterapia, terapias energ\u00e9ticas como reiki e cura pr\u00e2nica, entre outras.<\/p>\n\n\n\n<p>Todas as terapias visam o tratamento f\u00edsico ou energ\u00e9tico dos animais e ser\u00e3o facilitadas por profissionais credenciados como m\u00e9dicos veterin\u00e1rios, fisioterapeutas e nutricionistas. Por\u00e9m, estes servi\u00e7os estar\u00e3o dispon\u00edveis apenas mediante marca\u00e7\u00e3o pr\u00e9via.<\/p>\n\n\n\n<p>Mais do que educar e gastar energias do animal, \u00e9 importante apostar no equil\u00edbrio do gasto energ\u00e9tico e no bem-estar f\u00edsico e mental. C\u00e3es felizes e equilibrados \u00e9 o nosso lema.<\/p>\n\n\n\n<p><strong>Loja especializada na venda de materiais de treino canino<\/strong><\/p>\n\n\n\n<p>Outra das lacunas a sul do pa\u00eds, era a falta de um espa\u00e7o especializado na venda de materiais dedicados especificamente ao treino canino, quer de animais de companhia ou de c\u00e3es de competi\u00e7\u00e3o. Uma vez que a Iron Dog Algarve se tem vindo a afirmar enquanto uma das mais conceituadas escolas de treino canino em Portugal, e para colmatar essa deficiente oferta de materiais de treino, a \u00abWoofland by Iron Dog Algarve\u00bb disponibiliza ainda uma loja dedicada a quem quer evoluir mais e melhor no treino com o seu c\u00e3o.<\/p>\n\n\n\n<p>Desde coleiras, trelas, churros, mordedouros, clickers, recompensas, entre outros, a oferta visa proporcionar ao detentor de um c\u00e3o, todos os materiais que possa vir a precisar para treinar em seguran\u00e7a e de forma consciente, o seu c\u00e3o. Embora o colaborador possa aconselhar sob cada um dos diferentes materiais de treino, este n\u00e3o dispensa as aulas acompanhadas por um treinador certificado para o efeito.<\/p>\n\n\n\n<p>A loja ser\u00e1 revendedora de materiais de conceituadas marcas europeias como Raddog (Rep\u00fablica Checa), Ritega (Rep\u00fablica Checa), D4M (Rep\u00fablica Checa), HEBR\u00dc (Alemanha), Gappay (Alemanha), ABC Sport Klin (Alemanha), Euro Joe (B\u00e9lgica), Good Can (Espanha), Animal Instinct (Portugal), entre outras marcas de fabrico nacional exclusivamente dedicadas ao treino canino.<\/p>\n","protected":false},"excerpt":{"rendered":"<p>\u00abWoofland by Iron Dog\u00bb \u00e9 um projeto pioneiro e visa centralizar num s\u00f3 espa\u00e7o os servi\u00e7os de creche para c\u00e3es,<\/p>\n","protected":false},"author":1,"featured_media":22529,"comment_status":"closed","ping_status":"open","sticky":false,"template":"","format":"standard","meta":{"colormag_page_container_layout":"default_layout","colormag_page_sidebar_layout":"default_layout","_monsterinsights_skip_tracking":false,"_monsterinsights_sitenote_active":false,"_monsterinsights_sitenote_note":"","_monsterinsights_sitenote_category":0,"jetpack_post_was_ever_published":false,"_jetpack_newsletter_access":"","_jetpack_dont_email_post_to_subs":false,"_jetpack_newsletter_tier_id":0,"_jetpack_memberships_contains_paywalled_content":false,"_jetpack_memberships_contains_paid_content":false,"footnotes":"","jetpack_publicize_message":"","jetpack_publicize_feature_enabled":true,"jetpack_social_post_already_shared":true,"jetpack_social_options":{"image_generator_settings":{"template":"highway","default_image_id":0,"font":"","enabled":false},"version":2}},"categories":[59],"tags":[36,218,31,58,739],"class_list":["post-22528","post","type-post","status-publish","format-standard","has-post-thumbnail","hentry","category-saude","tag-algarve","tag-animais","tag-loule","tag-saude","tag-woofland-by-iron-dog"],"yoast_head":"<!-- This site is optimized with the Yoast SEO plugin v27.4 - https:\/\/yoast.com\/product\/yoast-seo-wordpress\/ -->\n<title>MAR Shopping Algarve inaugura centro de bem-estar animal - Algarve 7<\/title>\n<meta name=\"description\" content=\"MAR Shopping Algarve inaugura centro de bem-estar animal Sa\u00fade\" \/>\n<meta name=\"robots\" content=\"index, follow, max-snippet:-1, max-image-preview:large, max-video-preview:-1\" \/>\n<link rel=\"canonical\" href=\"https:\/\/algarve7.pt\/index.php\/2022\/10\/mar-shopping-algarve-inaugura-centro-de-bem-estar-animal\/saude\/08\/23\/\" \/>\n<meta property=\"og:locale\" content=\"pt_PT\" \/>\n<meta property=\"og:type\" content=\"article\" \/>\n<meta property=\"og:title\" content=\"MAR Shopping Algarve inaugura centro de bem-estar animal - Algarve 7\" \/>\n<meta property=\"og:description\" content=\"MAR Shopping Algarve inaugura centro de bem-estar animal Sa\u00fade\" \/>\n<meta property=\"og:url\" content=\"https:\/\/algarve7.pt\/index.php\/2022\/10\/mar-shopping-algarve-inaugura-centro-de-bem-estar-animal\/saude\/08\/23\/\" \/>\n<meta property=\"og:site_name\" content=\"Algarve 7\" \/>\n<meta property=\"article:publisher\" content=\"https:\/\/www.facebook.com\/algarve7\" \/>\n<meta property=\"article:author\" content=\"https:\/\/www.facebook.com\/algarve7\" \/>\n<meta property=\"article:published_time\" content=\"2022-10-17T07:23:00+00:00\" \/>\n<meta property=\"article:modified_time\" content=\"2022-10-17T07:23:08+00:00\" \/>\n<meta property=\"og:image\" content=\"https:\/\/algarve7.pt\/wp-content\/uploads\/2022\/10\/Joa\u0303o-Paulino-Sara-Alves-e-Ricardo-Lima-scaled.jpg\" \/>\n\t<meta property=\"og:image:width\" content=\"2560\" \/>\n\t<meta property=\"og:image:height\" content=\"1702\" \/>\n\t<meta property=\"og:image:type\" content=\"image\/jpeg\" \/>\n<meta name=\"author\" content=\"Algarve 7\" \/>\n<meta name=\"twitter:card\" content=\"summary_large_image\" \/>\n<meta name=\"twitter:creator\" content=\"@Algarvesete\" \/>\n<meta name=\"twitter:site\" content=\"@Algarvesete\" \/>\n<meta name=\"twitter:label1\" content=\"Escrito por\" \/>\n\t<meta name=\"twitter:data1\" content=\"Algarve 7\" \/>\n\t<meta name=\"twitter:label2\" content=\"Tempo estimado de leitura\" \/>\n\t<meta name=\"twitter:data2\" content=\"7 minutos\" \/>\n<script type=\"application\/ld+json\" class=\"yoast-schema-graph\">{\"@context\":\"https:\\\/\\\/schema.org\",\"@graph\":[{\"@type\":\"Article\",\"@id\":\"https:\\\/\\\/algarve7.pt\\\/index.php\\\/2022\\\/10\\\/mar-shopping-algarve-inaugura-centro-de-bem-estar-animal\\\/saude\\\/08\\\/23\\\/#article\",\"isPartOf\":{\"@id\":\"https:\\\/\\\/algarve7.pt\\\/index.php\\\/2022\\\/10\\\/mar-shopping-algarve-inaugura-centro-de-bem-estar-animal\\\/saude\\\/08\\\/23\\\/\"},\"author\":{\"name\":\"Algarve 7\",\"@id\":\"https:\\\/\\\/algarve7.pt\\\/#\\\/schema\\\/person\\\/23fa70681308e7b319a3204bcea45e0c\"},\"headline\":\"MAR Shopping Algarve inaugura centro de bem-estar animal\",\"datePublished\":\"2022-10-17T07:23:00+00:00\",\"dateModified\":\"2022-10-17T07:23:08+00:00\",\"mainEntityOfPage\":{\"@id\":\"https:\\\/\\\/algarve7.pt\\\/index.php\\\/2022\\\/10\\\/mar-shopping-algarve-inaugura-centro-de-bem-estar-animal\\\/saude\\\/08\\\/23\\\/\"},\"wordCount\":1281,\"publisher\":{\"@id\":\"https:\\\/\\\/algarve7.pt\\\/#organization\"},\"image\":{\"@id\":\"https:\\\/\\\/algarve7.pt\\\/index.php\\\/2022\\\/10\\\/mar-shopping-algarve-inaugura-centro-de-bem-estar-animal\\\/saude\\\/08\\\/23\\\/#primaryimage\"},\"thumbnailUrl\":\"https:\\\/\\\/algarve7.pt\\\/wp-content\\\/uploads\\\/2022\\\/10\\\/Joa\u0303o-Paulino-Sara-Alves-e-Ricardo-Lima-scaled.jpg\",\"keywords\":[\"Algarve\",\"Animais\",\"Loul\u00e9\",\"Sa\u00fade\",\"Woofland by Iron Dog\"],\"articleSection\":[\"Sa\u00fade\"],\"inLanguage\":\"pt-PT\"},{\"@type\":\"WebPage\",\"@id\":\"https:\\\/\\\/algarve7.pt\\\/index.php\\\/2022\\\/10\\\/mar-shopping-algarve-inaugura-centro-de-bem-estar-animal\\\/saude\\\/08\\\/23\\\/\",\"url\":\"https:\\\/\\\/algarve7.pt\\\/index.php\\\/2022\\\/10\\\/mar-shopping-algarve-inaugura-centro-de-bem-estar-animal\\\/saude\\\/08\\\/23\\\/\",\"name\":\"MAR Shopping Algarve inaugura centro de bem-estar animal - Algarve 7\",\"isPartOf\":{\"@id\":\"https:\\\/\\\/algarve7.pt\\\/#website\"},\"primaryImageOfPage\":{\"@id\":\"https:\\\/\\\/algarve7.pt\\\/index.php\\\/2022\\\/10\\\/mar-shopping-algarve-inaugura-centro-de-bem-estar-animal\\\/saude\\\/08\\\/23\\\/#primaryimage\"},\"image\":{\"@id\":\"https:\\\/\\\/algarve7.pt\\\/index.php\\\/2022\\\/10\\\/mar-shopping-algarve-inaugura-centro-de-bem-estar-animal\\\/saude\\\/08\\\/23\\\/#primaryimage\"},\"thumbnailUrl\":\"https:\\\/\\\/algarve7.pt\\\/wp-content\\\/uploads\\\/2022\\\/10\\\/Joa\u0303o-Paulino-Sara-Alves-e-Ricardo-Lima-scaled.jpg\",\"datePublished\":\"2022-10-17T07:23:00+00:00\",\"dateModified\":\"2022-10-17T07:23:08+00:00\",\"description\":\"MAR Shopping Algarve inaugura centro de bem-estar animal Sa\u00fade\",\"breadcrumb\":{\"@id\":\"https:\\\/\\\/algarve7.pt\\\/index.php\\\/2022\\\/10\\\/mar-shopping-algarve-inaugura-centro-de-bem-estar-animal\\\/saude\\\/08\\\/23\\\/#breadcrumb\"},\"inLanguage\":\"pt-PT\",\"potentialAction\":[{\"@type\":\"ReadAction\",\"target\":[\"https:\\\/\\\/algarve7.pt\\\/index.php\\\/2022\\\/10\\\/mar-shopping-algarve-inaugura-centro-de-bem-estar-animal\\\/saude\\\/08\\\/23\\\/\"]}]},{\"@type\":\"ImageObject\",\"inLanguage\":\"pt-PT\",\"@id\":\"https:\\\/\\\/algarve7.pt\\\/index.php\\\/2022\\\/10\\\/mar-shopping-algarve-inaugura-centro-de-bem-estar-animal\\\/saude\\\/08\\\/23\\\/#primaryimage\",\"url\":\"https:\\\/\\\/algarve7.pt\\\/wp-content\\\/uploads\\\/2022\\\/10\\\/Joa\u0303o-Paulino-Sara-Alves-e-Ricardo-Lima-scaled.jpg\",\"contentUrl\":\"https:\\\/\\\/algarve7.pt\\\/wp-content\\\/uploads\\\/2022\\\/10\\\/Joa\u0303o-Paulino-Sara-Alves-e-Ricardo-Lima-scaled.jpg\",\"width\":2560,\"height\":1702},{\"@type\":\"BreadcrumbList\",\"@id\":\"https:\\\/\\\/algarve7.pt\\\/index.php\\\/2022\\\/10\\\/mar-shopping-algarve-inaugura-centro-de-bem-estar-animal\\\/saude\\\/08\\\/23\\\/#breadcrumb\",\"itemListElement\":[{\"@type\":\"ListItem\",\"position\":1,\"name\":\"In\u00edcio\",\"item\":\"https:\\\/\\\/algarve7.pt\\\/\"},{\"@type\":\"ListItem\",\"position\":2,\"name\":\"MAR Shopping Algarve inaugura centro de bem-estar animal\"}]},{\"@type\":\"WebSite\",\"@id\":\"https:\\\/\\\/algarve7.pt\\\/#website\",\"url\":\"https:\\\/\\\/algarve7.pt\\\/\",\"name\":\"Algarve 7\",\"description\":\"Informa\u00e7\u00e3o sobre o Algarve\",\"publisher\":{\"@id\":\"https:\\\/\\\/algarve7.pt\\\/#organization\"},\"potentialAction\":[{\"@type\":\"SearchAction\",\"target\":{\"@type\":\"EntryPoint\",\"urlTemplate\":\"https:\\\/\\\/algarve7.pt\\\/?s={search_term_string}\"},\"query-input\":{\"@type\":\"PropertyValueSpecification\",\"valueRequired\":true,\"valueName\":\"search_term_string\"}}],\"inLanguage\":\"pt-PT\"},{\"@type\":\"Organization\",\"@id\":\"https:\\\/\\\/algarve7.pt\\\/#organization\",\"name\":\"Algarve 7\",\"url\":\"https:\\\/\\\/algarve7.pt\\\/\",\"logo\":{\"@type\":\"ImageObject\",\"inLanguage\":\"pt-PT\",\"@id\":\"https:\\\/\\\/algarve7.pt\\\/#\\\/schema\\\/logo\\\/image\\\/\",\"url\":\"https:\\\/\\\/algarve7.pt\\\/wp-content\\\/uploads\\\/2020\\\/10\\\/Logo-8.jpg\",\"contentUrl\":\"https:\\\/\\\/algarve7.pt\\\/wp-content\\\/uploads\\\/2020\\\/10\\\/Logo-8.jpg\",\"width\":1680,\"height\":1186,\"caption\":\"Algarve 7\"},\"image\":{\"@id\":\"https:\\\/\\\/algarve7.pt\\\/#\\\/schema\\\/logo\\\/image\\\/\"},\"sameAs\":[\"https:\\\/\\\/www.facebook.com\\\/algarve7\",\"https:\\\/\\\/x.com\\\/Algarvesete\",\"https:\\\/\\\/www.instagram.com\\\/jornalalgarve7\\\/\",\"https:\\\/\\\/www.linkedin.com\\\/company\\\/algarve7\",\"https:\\\/\\\/www.pinterest.pt\\\/geral0939\\\/_created\\\/\"]},{\"@type\":\"Person\",\"@id\":\"https:\\\/\\\/algarve7.pt\\\/#\\\/schema\\\/person\\\/23fa70681308e7b319a3204bcea45e0c\",\"name\":\"Algarve 7\",\"sameAs\":[\"https:\\\/\\\/algarve7.pt\",\"https:\\\/\\\/www.facebook.com\\\/algarve7\"],\"url\":\"https:\\\/\\\/algarve7.pt\\\/index.php\\\/author\\\/geralalgarve7-pt\\\/\"}]}<\/script>\n<!-- \/ Yoast SEO plugin. -->","yoast_head_json":{"title":"MAR Shopping Algarve inaugura centro de bem-estar animal - Algarve 7","description":"MAR Shopping Algarve inaugura centro de bem-estar animal Sa\u00fade","robots":{"index":"index","follow":"follow","max-snippet":"max-snippet:-1","max-image-preview":"max-image-preview:large","max-video-preview":"max-video-preview:-1"},"canonical":"https:\/\/algarve7.pt\/index.php\/2022\/10\/mar-shopping-algarve-inaugura-centro-de-bem-estar-animal\/saude\/08\/23\/","og_locale":"pt_PT","og_type":"article","og_title":"MAR Shopping Algarve inaugura centro de bem-estar animal - Algarve 7","og_description":"MAR Shopping Algarve inaugura centro de bem-estar animal Sa\u00fade","og_url":"https:\/\/algarve7.pt\/index.php\/2022\/10\/mar-shopping-algarve-inaugura-centro-de-bem-estar-animal\/saude\/08\/23\/","og_site_name":"Algarve 7","article_publisher":"https:\/\/www.facebook.com\/algarve7","article_author":"https:\/\/www.facebook.com\/algarve7","article_published_time":"2022-10-17T07:23:00+00:00","article_modified_time":"2022-10-17T07:23:08+00:00","og_image":[{"width":2560,"height":1702,"url":"https:\/\/algarve7.pt\/wp-content\/uploads\/2022\/10\/Joa\u0303o-Paulino-Sara-Alves-e-Ricardo-Lima-scaled.jpg","type":"image\/jpeg"}],"author":"Algarve 7","twitter_card":"summary_large_image","twitter_creator":"@Algarvesete","twitter_site":"@Algarvesete","twitter_misc":{"Escrito por":"Algarve 7","Tempo estimado de leitura":"7 minutos"},"schema":{"@context":"https:\/\/schema.org","@graph":[{"@type":"Article","@id":"https:\/\/algarve7.pt\/index.php\/2022\/10\/mar-shopping-algarve-inaugura-centro-de-bem-estar-animal\/saude\/08\/23\/#article","isPartOf":{"@id":"https:\/\/algarve7.pt\/index.php\/2022\/10\/mar-shopping-algarve-inaugura-centro-de-bem-estar-animal\/saude\/08\/23\/"},"author":{"name":"Algarve 7","@id":"https:\/\/algarve7.pt\/#\/schema\/person\/23fa70681308e7b319a3204bcea45e0c"},"headline":"MAR Shopping Algarve inaugura centro de bem-estar animal","datePublished":"2022-10-17T07:23:00+00:00","dateModified":"2022-10-17T07:23:08+00:00","mainEntityOfPage":{"@id":"https:\/\/algarve7.pt\/index.php\/2022\/10\/mar-shopping-algarve-inaugura-centro-de-bem-estar-animal\/saude\/08\/23\/"},"wordCount":1281,"publisher":{"@id":"https:\/\/algarve7.pt\/#organization"},"image":{"@id":"https:\/\/algarve7.pt\/index.php\/2022\/10\/mar-shopping-algarve-inaugura-centro-de-bem-estar-animal\/saude\/08\/23\/#primaryimage"},"thumbnailUrl":"https:\/\/algarve7.pt\/wp-content\/uploads\/2022\/10\/Joa\u0303o-Paulino-Sara-Alves-e-Ricardo-Lima-scaled.jpg","keywords":["Algarve","Animais","Loul\u00e9","Sa\u00fade","Woofland by Iron Dog"],"articleSection":["Sa\u00fade"],"inLanguage":"pt-PT"},{"@type":"WebPage","@id":"https:\/\/algarve7.pt\/index.php\/2022\/10\/mar-shopping-algarve-inaugura-centro-de-bem-estar-animal\/saude\/08\/23\/","url":"https:\/\/algarve7.pt\/index.php\/2022\/10\/mar-shopping-algarve-inaugura-centro-de-bem-estar-animal\/saude\/08\/23\/","name":"MAR Shopping Algarve inaugura centro de bem-estar animal - Algarve 7","isPartOf":{"@id":"https:\/\/algarve7.pt\/#website"},"primaryImageOfPage":{"@id":"https:\/\/algarve7.pt\/index.php\/2022\/10\/mar-shopping-algarve-inaugura-centro-de-bem-estar-animal\/saude\/08\/23\/#primaryimage"},"image":{"@id":"https:\/\/algarve7.pt\/index.php\/2022\/10\/mar-shopping-algarve-inaugura-centro-de-bem-estar-animal\/saude\/08\/23\/#primaryimage"},"thumbnailUrl":"https:\/\/algarve7.pt\/wp-content\/uploads\/2022\/10\/Joa\u0303o-Paulino-Sara-Alves-e-Ricardo-Lima-scaled.jpg","datePublished":"2022-10-17T07:23:00+00:00","dateModified":"2022-10-17T07:23:08+00:00","description":"MAR Shopping Algarve inaugura centro de bem-estar animal Sa\u00fade","breadcrumb":{"@id":"https:\/\/algarve7.pt\/index.php\/2022\/10\/mar-shopping-algarve-inaugura-centro-de-bem-estar-animal\/saude\/08\/23\/#breadcrumb"},"inLanguage":"pt-PT","potentialAction":[{"@type":"ReadAction","target":["https:\/\/algarve7.pt\/index.php\/2022\/10\/mar-shopping-algarve-inaugura-centro-de-bem-estar-animal\/saude\/08\/23\/"]}]},{"@type":"ImageObject","inLanguage":"pt-PT","@id":"https:\/\/algarve7.pt\/index.php\/2022\/10\/mar-shopping-algarve-inaugura-centro-de-bem-estar-animal\/saude\/08\/23\/#primaryimage","url":"https:\/\/algarve7.pt\/wp-content\/uploads\/2022\/10\/Joa\u0303o-Paulino-Sara-Alves-e-Ricardo-Lima-scaled.jpg","contentUrl":"https:\/\/algarve7.pt\/wp-content\/uploads\/2022\/10\/Joa\u0303o-Paulino-Sara-Alves-e-Ricardo-Lima-scaled.jpg","width":2560,"height":1702},{"@type":"BreadcrumbList","@id":"https:\/\/algarve7.pt\/index.php\/2022\/10\/mar-shopping-algarve-inaugura-centro-de-bem-estar-animal\/saude\/08\/23\/#breadcrumb","itemListElement":[{"@type":"ListItem","position":1,"name":"In\u00edcio","item":"https:\/\/algarve7.pt\/"},{"@type":"ListItem","position":2,"name":"MAR Shopping Algarve inaugura centro de bem-estar animal"}]},{"@type":"WebSite","@id":"https:\/\/algarve7.pt\/#website","url":"https:\/\/algarve7.pt\/","name":"Algarve 7","description":"Informa\u00e7\u00e3o sobre o Algarve","publisher":{"@id":"https:\/\/algarve7.pt\/#organization"},"potentialAction":[{"@type":"SearchAction","target":{"@type":"EntryPoint","urlTemplate":"https:\/\/algarve7.pt\/?s={search_term_string}"},"query-input":{"@type":"PropertyValueSpecification","valueRequired":true,"valueName":"search_term_string"}}],"inLanguage":"pt-PT"},{"@type":"Organization","@id":"https:\/\/algarve7.pt\/#organization","name":"Algarve 7","url":"https:\/\/algarve7.pt\/","logo":{"@type":"ImageObject","inLanguage":"pt-PT","@id":"https:\/\/algarve7.pt\/#\/schema\/logo\/image\/","url":"https:\/\/algarve7.pt\/wp-content\/uploads\/2020\/10\/Logo-8.jpg","contentUrl":"https:\/\/algarve7.pt\/wp-content\/uploads\/2020\/10\/Logo-8.jpg","width":1680,"height":1186,"caption":"Algarve 7"},"image":{"@id":"https:\/\/algarve7.pt\/#\/schema\/logo\/image\/"},"sameAs":["https:\/\/www.facebook.com\/algarve7","https:\/\/x.com\/Algarvesete","https:\/\/www.instagram.com\/jornalalgarve7\/","https:\/\/www.linkedin.com\/company\/algarve7","https:\/\/www.pinterest.pt\/geral0939\/_created\/"]},{"@type":"Person","@id":"https:\/\/algarve7.pt\/#\/schema\/person\/23fa70681308e7b319a3204bcea45e0c","name":"Algarve 7","sameAs":["https:\/\/algarve7.pt","https:\/\/www.facebook.com\/algarve7"],"url":"https:\/\/algarve7.pt\/index.php\/author\/geralalgarve7-pt\/"}]}},"jetpack_publicize_connections":[],"jetpack_featured_media_url":"https:\/\/algarve7.pt\/wp-content\/uploads\/2022\/10\/Joa\u0303o-Paulino-Sara-Alves-e-Ricardo-Lima-scaled.jpg","jetpack_shortlink":"https:\/\/wp.me\/pcezmW-5Rm","jetpack_sharing_enabled":true,"_links":{"self":[{"href":"https:\/\/algarve7.pt\/index.php\/wp-json\/wp\/v2\/posts\/22528","targetHints":{"allow":["GET"]}}],"collection":[{"href":"https:\/\/algarve7.pt\/index.php\/wp-json\/wp\/v2\/posts"}],"about":[{"href":"https:\/\/algarve7.pt\/index.php\/wp-json\/wp\/v2\/types\/post"}],"author":[{"embeddable":true,"href":"https:\/\/algarve7.pt\/index.php\/wp-json\/wp\/v2\/users\/1"}],"replies":[{"embeddable":true,"href":"https:\/\/algarve7.pt\/index.php\/wp-json\/wp\/v2\/comments?post=22528"}],"version-history":[{"count":0,"href":"https:\/\/algarve7.pt\/index.php\/wp-json\/wp\/v2\/posts\/22528\/revisions"}],"wp:featuredmedia":[{"embeddable":true,"href":"https:\/\/algarve7.pt\/index.php\/wp-json\/wp\/v2\/media\/22529"}],"wp:attachment":[{"href":"https:\/\/algarve7.pt\/index.php\/wp-json\/wp\/v2\/media?parent=22528"}],"wp:term":[{"taxonomy":"category","embeddable":true,"href":"https:\/\/algarve7.pt\/index.php\/wp-json\/wp\/v2\/categories?post=22528"},{"taxonomy":"post_tag","embeddable":true,"href":"https:\/\/algarve7.pt\/index.php\/wp-json\/wp\/v2\/tags?post=22528"}],"curies":[{"name":"wp","href":"https:\/\/api.w.org\/{rel}","templated":true}]}}