{"id":22474,"date":"2022-10-14T11:27:34","date_gmt":"2022-10-14T10:27:34","guid":{"rendered":"https:\/\/algarve7.pt\/?p=22474"},"modified":"2022-10-14T11:27:42","modified_gmt":"2022-10-14T10:27:42","slug":"cinema-documental-e-de-ensaio-vai-a-alte-com-memorias-e-etnografia-do-algarve","status":"publish","type":"post","link":"https:\/\/algarve7.pt\/index.php\/2022\/10\/cinema-documental-e-de-ensaio-vai-a-alte-com-memorias-e-etnografia-do-algarve\/cultura\/11\/27\/","title":{"rendered":"Cinema documental e de ensaio vai a Alte com \u201cMem\u00f3rias e etnografia do Algarve"},"content":{"rendered":"\n<p>Esta sexta-feira, 14 de setembro, pelas 21h00, o Polo Museol\u00f3gico C\u00e2ndido Guerreiro e Condes de Alte acolhe a&nbsp;3\u00aa sess\u00e3o da Mostra de Cinema Documental e de Ensaio: \u201cMem\u00f3rias e Etnografia do Algarve\u201d<\/p>\n\n\n\n<p>Em exibi\u00e7\u00e3o v\u00e3o estar dois filmes: &#8220;Maria Belchior&#8221;, da autoria de&nbsp;Jorge Gra\u00e7a, e &#8220;Tudo vai dar em cantigas \u2013 Os Velhos da Torre&#8221; da autoria de&nbsp;Ad\u00e3o Contreiras e Helder Raimundo.<\/p>\n\n\n\n<p>\u201cMaria Belchior\u201d fala-nos de uma idosa de longa idade, que persiste sozinha na sua rotina di\u00e1ria, na lida da casa! Este v\u00eddeo recebeu, em 2010, uma men\u00e7\u00e3o honrosa, no Pr\u00e9mio Micro Filmes para Macro Causas.<\/p>\n\n\n\n<p>\u201cTudo vai dar em cantigas \u2013 Os Velhos da Torre\u201d \u00e9 uma longa-metragem sobre aspetos da vida do casal conhecido como Os Velhos da Torre, da freguesia de Alte, com um relato visual e sonoro do cancioneiro tradicional do Algarve, e n\u00e3o s\u00f3, cantado pelos dois durante as fainas agr\u00edcolas e a vida dom\u00e9stica. Imagens capturadas dentro do conceito de cinema verdade.<\/p>\n\n\n\n<p>A sess\u00e3o tem entrada gratuita e conta com a presen\u00e7a dos autores dos filmes: Adolfo Pinto Contreiras, Ad\u00e3o Contreiras, Jorge Gra\u00e7a, Ant\u00f3nio Clareza e Helder Raimundo.<\/p>\n\n\n\n<p>Esta Mostra de Cinema Documental e de Ensaio, promovida pela Associa\u00e7\u00e3o Casa-Museu Jos\u00e9 Pinto Contreiras em parceria com a Casa da Cultura de Loul\u00e9 e a Junta de Freguesia de Santa B\u00e1rbara de Nexe, e apoiado pela Dire\u00e7\u00e3o Regional de Cultura do Algarve, decorre durante o m\u00eas de outubro. Pretende divulgar filmografia de car\u00e1ter etnogr\u00e1fico e documental, de autores amadores ou semiprofissionais que documentam o Algarve nas suas diversas facetas sociais e culturais. A partir deste projeto inicial, a Associa\u00e7\u00e3o pretende constituir um esp\u00f3lio f\u00edlmico com vista \u00e0 cria\u00e7\u00e3o de um Centro de Documenta\u00e7\u00e3o de Cinema Etnogr\u00e1fico no sul do pa\u00eds, em formato digital.<\/p>\n","protected":false},"excerpt":{"rendered":"<p>Esta sexta-feira, 14 de setembro, pelas 21h00, o Polo Museol\u00f3gico C\u00e2ndido Guerreiro e Condes de Alte acolhe a&nbsp;3\u00aa sess\u00e3o da<\/p>\n","protected":false},"author":1,"featured_media":21578,"comment_status":"closed","ping_status":"open","sticky":false,"template":"","format":"standard","meta":{"colormag_page_container_layout":"default_layout","colormag_page_sidebar_layout":"default_layout","_monsterinsights_skip_tracking":false,"_monsterinsights_sitenote_active":false,"_monsterinsights_sitenote_note":"","_monsterinsights_sitenote_category":0,"jetpack_post_was_ever_published":false,"_jetpack_newsletter_access":"","_jetpack_dont_email_post_to_subs":false,"_jetpack_newsletter_tier_id":0,"_jetpack_memberships_contains_paywalled_content":false,"_jetpack_memberships_contains_paid_content":false,"footnotes":"","jetpack_publicize_message":"","jetpack_publicize_feature_enabled":true,"jetpack_social_post_already_shared":true,"jetpack_social_options":{"image_generator_settings":{"template":"highway","default_image_id":0,"font":"","enabled":false},"version":2}},"categories":[14],"tags":[36,124,43,35],"class_list":["post-22474","post","type-post","status-publish","format-standard","has-post-thumbnail","hentry","category-cultura","tag-algarve","tag-alte","tag-cinema","tag-cultura"],"yoast_head":"<!-- This site is optimized with the Yoast SEO plugin v27.5 - https:\/\/yoast.com\/product\/yoast-seo-wordpress\/ -->\n<title>Cinema documental e de ensaio vai a Alte com \u201cMem\u00f3rias e etnografia do Algarve - Algarve 7<\/title>\n<meta name=\"description\" content=\"Cinema documental e de ensaio vai a Alte com \u201cMem\u00f3rias e etnografia do Algarve Cultura\" \/>\n<meta name=\"robots\" content=\"index, follow, max-snippet:-1, max-image-preview:large, max-video-preview:-1\" \/>\n<link rel=\"canonical\" href=\"https:\/\/algarve7.pt\/index.php\/2022\/10\/cinema-documental-e-de-ensaio-vai-a-alte-com-memorias-e-etnografia-do-algarve\/cultura\/11\/27\/\" \/>\n<meta property=\"og:locale\" content=\"pt_PT\" \/>\n<meta property=\"og:type\" content=\"article\" \/>\n<meta property=\"og:title\" content=\"Cinema documental e de ensaio vai a Alte com \u201cMem\u00f3rias e etnografia do Algarve - Algarve 7\" \/>\n<meta property=\"og:description\" content=\"Cinema documental e de ensaio vai a Alte com \u201cMem\u00f3rias e etnografia do Algarve Cultura\" \/>\n<meta property=\"og:url\" content=\"https:\/\/algarve7.pt\/index.php\/2022\/10\/cinema-documental-e-de-ensaio-vai-a-alte-com-memorias-e-etnografia-do-algarve\/cultura\/11\/27\/\" \/>\n<meta property=\"og:site_name\" content=\"Algarve 7\" \/>\n<meta property=\"article:publisher\" content=\"https:\/\/www.facebook.com\/algarve7\" \/>\n<meta property=\"article:author\" content=\"https:\/\/www.facebook.com\/algarve7\" \/>\n<meta property=\"article:published_time\" content=\"2022-10-14T10:27:34+00:00\" \/>\n<meta property=\"article:modified_time\" content=\"2022-10-14T10:27:42+00:00\" \/>\n<meta property=\"og:image\" content=\"https:\/\/algarve7.pt\/wp-content\/uploads\/2022\/09\/Alte-2-scaled.jpg\" \/>\n\t<meta property=\"og:image:width\" content=\"2560\" \/>\n\t<meta property=\"og:image:height\" content=\"1707\" \/>\n\t<meta property=\"og:image:type\" content=\"image\/jpeg\" \/>\n<meta name=\"author\" content=\"Algarve 7\" \/>\n<meta name=\"twitter:card\" content=\"summary_large_image\" \/>\n<meta name=\"twitter:creator\" content=\"@Algarvesete\" \/>\n<meta name=\"twitter:site\" content=\"@Algarvesete\" \/>\n<meta name=\"twitter:label1\" content=\"Escrito por\" \/>\n\t<meta name=\"twitter:data1\" content=\"Algarve 7\" \/>\n\t<meta name=\"twitter:label2\" content=\"Tempo estimado de leitura\" \/>\n\t<meta name=\"twitter:data2\" content=\"2 minutos\" \/>\n<script type=\"application\/ld+json\" class=\"yoast-schema-graph\">{\"@context\":\"https:\\\/\\\/schema.org\",\"@graph\":[{\"@type\":\"Article\",\"@id\":\"https:\\\/\\\/algarve7.pt\\\/index.php\\\/2022\\\/10\\\/cinema-documental-e-de-ensaio-vai-a-alte-com-memorias-e-etnografia-do-algarve\\\/cultura\\\/11\\\/27\\\/#article\",\"isPartOf\":{\"@id\":\"https:\\\/\\\/algarve7.pt\\\/index.php\\\/2022\\\/10\\\/cinema-documental-e-de-ensaio-vai-a-alte-com-memorias-e-etnografia-do-algarve\\\/cultura\\\/11\\\/27\\\/\"},\"author\":{\"name\":\"Algarve 7\",\"@id\":\"https:\\\/\\\/algarve7.pt\\\/#\\\/schema\\\/person\\\/23fa70681308e7b319a3204bcea45e0c\"},\"headline\":\"Cinema documental e de ensaio vai a Alte com \u201cMem\u00f3rias e etnografia do Algarve\",\"datePublished\":\"2022-10-14T10:27:34+00:00\",\"dateModified\":\"2022-10-14T10:27:42+00:00\",\"mainEntityOfPage\":{\"@id\":\"https:\\\/\\\/algarve7.pt\\\/index.php\\\/2022\\\/10\\\/cinema-documental-e-de-ensaio-vai-a-alte-com-memorias-e-etnografia-do-algarve\\\/cultura\\\/11\\\/27\\\/\"},\"wordCount\":336,\"publisher\":{\"@id\":\"https:\\\/\\\/algarve7.pt\\\/#organization\"},\"image\":{\"@id\":\"https:\\\/\\\/algarve7.pt\\\/index.php\\\/2022\\\/10\\\/cinema-documental-e-de-ensaio-vai-a-alte-com-memorias-e-etnografia-do-algarve\\\/cultura\\\/11\\\/27\\\/#primaryimage\"},\"thumbnailUrl\":\"https:\\\/\\\/algarve7.pt\\\/wp-content\\\/uploads\\\/2022\\\/09\\\/Alte-2-scaled.jpg\",\"keywords\":[\"Algarve\",\"Alte\",\"Cinema\",\"Cultura\"],\"articleSection\":[\"Cultura\"],\"inLanguage\":\"pt-PT\"},{\"@type\":\"WebPage\",\"@id\":\"https:\\\/\\\/algarve7.pt\\\/index.php\\\/2022\\\/10\\\/cinema-documental-e-de-ensaio-vai-a-alte-com-memorias-e-etnografia-do-algarve\\\/cultura\\\/11\\\/27\\\/\",\"url\":\"https:\\\/\\\/algarve7.pt\\\/index.php\\\/2022\\\/10\\\/cinema-documental-e-de-ensaio-vai-a-alte-com-memorias-e-etnografia-do-algarve\\\/cultura\\\/11\\\/27\\\/\",\"name\":\"Cinema documental e de ensaio vai a Alte com \u201cMem\u00f3rias e etnografia do Algarve - Algarve 7\",\"isPartOf\":{\"@id\":\"https:\\\/\\\/algarve7.pt\\\/#website\"},\"primaryImageOfPage\":{\"@id\":\"https:\\\/\\\/algarve7.pt\\\/index.php\\\/2022\\\/10\\\/cinema-documental-e-de-ensaio-vai-a-alte-com-memorias-e-etnografia-do-algarve\\\/cultura\\\/11\\\/27\\\/#primaryimage\"},\"image\":{\"@id\":\"https:\\\/\\\/algarve7.pt\\\/index.php\\\/2022\\\/10\\\/cinema-documental-e-de-ensaio-vai-a-alte-com-memorias-e-etnografia-do-algarve\\\/cultura\\\/11\\\/27\\\/#primaryimage\"},\"thumbnailUrl\":\"https:\\\/\\\/algarve7.pt\\\/wp-content\\\/uploads\\\/2022\\\/09\\\/Alte-2-scaled.jpg\",\"datePublished\":\"2022-10-14T10:27:34+00:00\",\"dateModified\":\"2022-10-14T10:27:42+00:00\",\"description\":\"Cinema documental e de ensaio vai a Alte com \u201cMem\u00f3rias e etnografia do Algarve Cultura\",\"breadcrumb\":{\"@id\":\"https:\\\/\\\/algarve7.pt\\\/index.php\\\/2022\\\/10\\\/cinema-documental-e-de-ensaio-vai-a-alte-com-memorias-e-etnografia-do-algarve\\\/cultura\\\/11\\\/27\\\/#breadcrumb\"},\"inLanguage\":\"pt-PT\",\"potentialAction\":[{\"@type\":\"ReadAction\",\"target\":[\"https:\\\/\\\/algarve7.pt\\\/index.php\\\/2022\\\/10\\\/cinema-documental-e-de-ensaio-vai-a-alte-com-memorias-e-etnografia-do-algarve\\\/cultura\\\/11\\\/27\\\/\"]}]},{\"@type\":\"ImageObject\",\"inLanguage\":\"pt-PT\",\"@id\":\"https:\\\/\\\/algarve7.pt\\\/index.php\\\/2022\\\/10\\\/cinema-documental-e-de-ensaio-vai-a-alte-com-memorias-e-etnografia-do-algarve\\\/cultura\\\/11\\\/27\\\/#primaryimage\",\"url\":\"https:\\\/\\\/algarve7.pt\\\/wp-content\\\/uploads\\\/2022\\\/09\\\/Alte-2-scaled.jpg\",\"contentUrl\":\"https:\\\/\\\/algarve7.pt\\\/wp-content\\\/uploads\\\/2022\\\/09\\\/Alte-2-scaled.jpg\",\"width\":2560,\"height\":1707},{\"@type\":\"BreadcrumbList\",\"@id\":\"https:\\\/\\\/algarve7.pt\\\/index.php\\\/2022\\\/10\\\/cinema-documental-e-de-ensaio-vai-a-alte-com-memorias-e-etnografia-do-algarve\\\/cultura\\\/11\\\/27\\\/#breadcrumb\",\"itemListElement\":[{\"@type\":\"ListItem\",\"position\":1,\"name\":\"In\u00edcio\",\"item\":\"https:\\\/\\\/algarve7.pt\\\/\"},{\"@type\":\"ListItem\",\"position\":2,\"name\":\"Cinema documental e de ensaio vai a Alte com \u201cMem\u00f3rias e etnografia do Algarve\"}]},{\"@type\":\"WebSite\",\"@id\":\"https:\\\/\\\/algarve7.pt\\\/#website\",\"url\":\"https:\\\/\\\/algarve7.pt\\\/\",\"name\":\"Algarve 7\",\"description\":\"Informa\u00e7\u00e3o sobre o Algarve\",\"publisher\":{\"@id\":\"https:\\\/\\\/algarve7.pt\\\/#organization\"},\"potentialAction\":[{\"@type\":\"SearchAction\",\"target\":{\"@type\":\"EntryPoint\",\"urlTemplate\":\"https:\\\/\\\/algarve7.pt\\\/?s={search_term_string}\"},\"query-input\":{\"@type\":\"PropertyValueSpecification\",\"valueRequired\":true,\"valueName\":\"search_term_string\"}}],\"inLanguage\":\"pt-PT\"},{\"@type\":\"Organization\",\"@id\":\"https:\\\/\\\/algarve7.pt\\\/#organization\",\"name\":\"Algarve 7\",\"url\":\"https:\\\/\\\/algarve7.pt\\\/\",\"logo\":{\"@type\":\"ImageObject\",\"inLanguage\":\"pt-PT\",\"@id\":\"https:\\\/\\\/algarve7.pt\\\/#\\\/schema\\\/logo\\\/image\\\/\",\"url\":\"https:\\\/\\\/algarve7.pt\\\/wp-content\\\/uploads\\\/2020\\\/10\\\/Logo-8.jpg\",\"contentUrl\":\"https:\\\/\\\/algarve7.pt\\\/wp-content\\\/uploads\\\/2020\\\/10\\\/Logo-8.jpg\",\"width\":1680,\"height\":1186,\"caption\":\"Algarve 7\"},\"image\":{\"@id\":\"https:\\\/\\\/algarve7.pt\\\/#\\\/schema\\\/logo\\\/image\\\/\"},\"sameAs\":[\"https:\\\/\\\/www.facebook.com\\\/algarve7\",\"https:\\\/\\\/x.com\\\/Algarvesete\",\"https:\\\/\\\/www.instagram.com\\\/jornalalgarve7\\\/\",\"https:\\\/\\\/www.linkedin.com\\\/company\\\/algarve7\",\"https:\\\/\\\/www.pinterest.pt\\\/geral0939\\\/_created\\\/\"]},{\"@type\":\"Person\",\"@id\":\"https:\\\/\\\/algarve7.pt\\\/#\\\/schema\\\/person\\\/23fa70681308e7b319a3204bcea45e0c\",\"name\":\"Algarve 7\",\"sameAs\":[\"https:\\\/\\\/algarve7.pt\",\"https:\\\/\\\/www.facebook.com\\\/algarve7\"],\"url\":\"https:\\\/\\\/algarve7.pt\\\/index.php\\\/author\\\/geralalgarve7-pt\\\/\"}]}<\/script>\n<!-- \/ Yoast SEO plugin. -->","yoast_head_json":{"title":"Cinema documental e de ensaio vai a Alte com \u201cMem\u00f3rias e etnografia do Algarve - Algarve 7","description":"Cinema documental e de ensaio vai a Alte com \u201cMem\u00f3rias e etnografia do Algarve Cultura","robots":{"index":"index","follow":"follow","max-snippet":"max-snippet:-1","max-image-preview":"max-image-preview:large","max-video-preview":"max-video-preview:-1"},"canonical":"https:\/\/algarve7.pt\/index.php\/2022\/10\/cinema-documental-e-de-ensaio-vai-a-alte-com-memorias-e-etnografia-do-algarve\/cultura\/11\/27\/","og_locale":"pt_PT","og_type":"article","og_title":"Cinema documental e de ensaio vai a Alte com \u201cMem\u00f3rias e etnografia do Algarve - Algarve 7","og_description":"Cinema documental e de ensaio vai a Alte com \u201cMem\u00f3rias e etnografia do Algarve Cultura","og_url":"https:\/\/algarve7.pt\/index.php\/2022\/10\/cinema-documental-e-de-ensaio-vai-a-alte-com-memorias-e-etnografia-do-algarve\/cultura\/11\/27\/","og_site_name":"Algarve 7","article_publisher":"https:\/\/www.facebook.com\/algarve7","article_author":"https:\/\/www.facebook.com\/algarve7","article_published_time":"2022-10-14T10:27:34+00:00","article_modified_time":"2022-10-14T10:27:42+00:00","og_image":[{"width":2560,"height":1707,"url":"https:\/\/algarve7.pt\/wp-content\/uploads\/2022\/09\/Alte-2-scaled.jpg","type":"image\/jpeg"}],"author":"Algarve 7","twitter_card":"summary_large_image","twitter_creator":"@Algarvesete","twitter_site":"@Algarvesete","twitter_misc":{"Escrito por":"Algarve 7","Tempo estimado de leitura":"2 minutos"},"schema":{"@context":"https:\/\/schema.org","@graph":[{"@type":"Article","@id":"https:\/\/algarve7.pt\/index.php\/2022\/10\/cinema-documental-e-de-ensaio-vai-a-alte-com-memorias-e-etnografia-do-algarve\/cultura\/11\/27\/#article","isPartOf":{"@id":"https:\/\/algarve7.pt\/index.php\/2022\/10\/cinema-documental-e-de-ensaio-vai-a-alte-com-memorias-e-etnografia-do-algarve\/cultura\/11\/27\/"},"author":{"name":"Algarve 7","@id":"https:\/\/algarve7.pt\/#\/schema\/person\/23fa70681308e7b319a3204bcea45e0c"},"headline":"Cinema documental e de ensaio vai a Alte com \u201cMem\u00f3rias e etnografia do Algarve","datePublished":"2022-10-14T10:27:34+00:00","dateModified":"2022-10-14T10:27:42+00:00","mainEntityOfPage":{"@id":"https:\/\/algarve7.pt\/index.php\/2022\/10\/cinema-documental-e-de-ensaio-vai-a-alte-com-memorias-e-etnografia-do-algarve\/cultura\/11\/27\/"},"wordCount":336,"publisher":{"@id":"https:\/\/algarve7.pt\/#organization"},"image":{"@id":"https:\/\/algarve7.pt\/index.php\/2022\/10\/cinema-documental-e-de-ensaio-vai-a-alte-com-memorias-e-etnografia-do-algarve\/cultura\/11\/27\/#primaryimage"},"thumbnailUrl":"https:\/\/algarve7.pt\/wp-content\/uploads\/2022\/09\/Alte-2-scaled.jpg","keywords":["Algarve","Alte","Cinema","Cultura"],"articleSection":["Cultura"],"inLanguage":"pt-PT"},{"@type":"WebPage","@id":"https:\/\/algarve7.pt\/index.php\/2022\/10\/cinema-documental-e-de-ensaio-vai-a-alte-com-memorias-e-etnografia-do-algarve\/cultura\/11\/27\/","url":"https:\/\/algarve7.pt\/index.php\/2022\/10\/cinema-documental-e-de-ensaio-vai-a-alte-com-memorias-e-etnografia-do-algarve\/cultura\/11\/27\/","name":"Cinema documental e de ensaio vai a Alte com \u201cMem\u00f3rias e etnografia do Algarve - Algarve 7","isPartOf":{"@id":"https:\/\/algarve7.pt\/#website"},"primaryImageOfPage":{"@id":"https:\/\/algarve7.pt\/index.php\/2022\/10\/cinema-documental-e-de-ensaio-vai-a-alte-com-memorias-e-etnografia-do-algarve\/cultura\/11\/27\/#primaryimage"},"image":{"@id":"https:\/\/algarve7.pt\/index.php\/2022\/10\/cinema-documental-e-de-ensaio-vai-a-alte-com-memorias-e-etnografia-do-algarve\/cultura\/11\/27\/#primaryimage"},"thumbnailUrl":"https:\/\/algarve7.pt\/wp-content\/uploads\/2022\/09\/Alte-2-scaled.jpg","datePublished":"2022-10-14T10:27:34+00:00","dateModified":"2022-10-14T10:27:42+00:00","description":"Cinema documental e de ensaio vai a Alte com \u201cMem\u00f3rias e etnografia do Algarve Cultura","breadcrumb":{"@id":"https:\/\/algarve7.pt\/index.php\/2022\/10\/cinema-documental-e-de-ensaio-vai-a-alte-com-memorias-e-etnografia-do-algarve\/cultura\/11\/27\/#breadcrumb"},"inLanguage":"pt-PT","potentialAction":[{"@type":"ReadAction","target":["https:\/\/algarve7.pt\/index.php\/2022\/10\/cinema-documental-e-de-ensaio-vai-a-alte-com-memorias-e-etnografia-do-algarve\/cultura\/11\/27\/"]}]},{"@type":"ImageObject","inLanguage":"pt-PT","@id":"https:\/\/algarve7.pt\/index.php\/2022\/10\/cinema-documental-e-de-ensaio-vai-a-alte-com-memorias-e-etnografia-do-algarve\/cultura\/11\/27\/#primaryimage","url":"https:\/\/algarve7.pt\/wp-content\/uploads\/2022\/09\/Alte-2-scaled.jpg","contentUrl":"https:\/\/algarve7.pt\/wp-content\/uploads\/2022\/09\/Alte-2-scaled.jpg","width":2560,"height":1707},{"@type":"BreadcrumbList","@id":"https:\/\/algarve7.pt\/index.php\/2022\/10\/cinema-documental-e-de-ensaio-vai-a-alte-com-memorias-e-etnografia-do-algarve\/cultura\/11\/27\/#breadcrumb","itemListElement":[{"@type":"ListItem","position":1,"name":"In\u00edcio","item":"https:\/\/algarve7.pt\/"},{"@type":"ListItem","position":2,"name":"Cinema documental e de ensaio vai a Alte com \u201cMem\u00f3rias e etnografia do Algarve"}]},{"@type":"WebSite","@id":"https:\/\/algarve7.pt\/#website","url":"https:\/\/algarve7.pt\/","name":"Algarve 7","description":"Informa\u00e7\u00e3o sobre o Algarve","publisher":{"@id":"https:\/\/algarve7.pt\/#organization"},"potentialAction":[{"@type":"SearchAction","target":{"@type":"EntryPoint","urlTemplate":"https:\/\/algarve7.pt\/?s={search_term_string}"},"query-input":{"@type":"PropertyValueSpecification","valueRequired":true,"valueName":"search_term_string"}}],"inLanguage":"pt-PT"},{"@type":"Organization","@id":"https:\/\/algarve7.pt\/#organization","name":"Algarve 7","url":"https:\/\/algarve7.pt\/","logo":{"@type":"ImageObject","inLanguage":"pt-PT","@id":"https:\/\/algarve7.pt\/#\/schema\/logo\/image\/","url":"https:\/\/algarve7.pt\/wp-content\/uploads\/2020\/10\/Logo-8.jpg","contentUrl":"https:\/\/algarve7.pt\/wp-content\/uploads\/2020\/10\/Logo-8.jpg","width":1680,"height":1186,"caption":"Algarve 7"},"image":{"@id":"https:\/\/algarve7.pt\/#\/schema\/logo\/image\/"},"sameAs":["https:\/\/www.facebook.com\/algarve7","https:\/\/x.com\/Algarvesete","https:\/\/www.instagram.com\/jornalalgarve7\/","https:\/\/www.linkedin.com\/company\/algarve7","https:\/\/www.pinterest.pt\/geral0939\/_created\/"]},{"@type":"Person","@id":"https:\/\/algarve7.pt\/#\/schema\/person\/23fa70681308e7b319a3204bcea45e0c","name":"Algarve 7","sameAs":["https:\/\/algarve7.pt","https:\/\/www.facebook.com\/algarve7"],"url":"https:\/\/algarve7.pt\/index.php\/author\/geralalgarve7-pt\/"}]}},"jetpack_publicize_connections":[],"jetpack_featured_media_url":"https:\/\/algarve7.pt\/wp-content\/uploads\/2022\/09\/Alte-2-scaled.jpg","jetpack_shortlink":"https:\/\/wp.me\/pcezmW-5Qu","jetpack_sharing_enabled":true,"_links":{"self":[{"href":"https:\/\/algarve7.pt\/index.php\/wp-json\/wp\/v2\/posts\/22474","targetHints":{"allow":["GET"]}}],"collection":[{"href":"https:\/\/algarve7.pt\/index.php\/wp-json\/wp\/v2\/posts"}],"about":[{"href":"https:\/\/algarve7.pt\/index.php\/wp-json\/wp\/v2\/types\/post"}],"author":[{"embeddable":true,"href":"https:\/\/algarve7.pt\/index.php\/wp-json\/wp\/v2\/users\/1"}],"replies":[{"embeddable":true,"href":"https:\/\/algarve7.pt\/index.php\/wp-json\/wp\/v2\/comments?post=22474"}],"version-history":[{"count":0,"href":"https:\/\/algarve7.pt\/index.php\/wp-json\/wp\/v2\/posts\/22474\/revisions"}],"wp:featuredmedia":[{"embeddable":true,"href":"https:\/\/algarve7.pt\/index.php\/wp-json\/wp\/v2\/media\/21578"}],"wp:attachment":[{"href":"https:\/\/algarve7.pt\/index.php\/wp-json\/wp\/v2\/media?parent=22474"}],"wp:term":[{"taxonomy":"category","embeddable":true,"href":"https:\/\/algarve7.pt\/index.php\/wp-json\/wp\/v2\/categories?post=22474"},{"taxonomy":"post_tag","embeddable":true,"href":"https:\/\/algarve7.pt\/index.php\/wp-json\/wp\/v2\/tags?post=22474"}],"curies":[{"name":"wp","href":"https:\/\/api.w.org\/{rel}","templated":true}]}}