{"id":22422,"date":"2022-10-13T13:30:00","date_gmt":"2022-10-13T12:30:00","guid":{"rendered":"https:\/\/algarve7.pt\/?p=22422"},"modified":"2022-10-12T18:18:17","modified_gmt":"2022-10-12T17:18:17","slug":"lagoa-aderiu-uma-vez-mais-as-comemoracoes-nacionais-do-dia-municipal-para-a-igualdade","status":"publish","type":"post","link":"https:\/\/algarve7.pt\/index.php\/2022\/10\/lagoa-aderiu-uma-vez-mais-as-comemoracoes-nacionais-do-dia-municipal-para-a-igualdade\/atualidade\/13\/30\/","title":{"rendered":"Lagoa aderiu uma vez mais \u00e0s comemora\u00e7\u00f5es nacionais do Dia Municipal para a Igualdade"},"content":{"rendered":"\n<p>O Munic\u00edpio de Lagoa aderiu uma vez mais \u00e0s comemora\u00e7\u00f5es nacionais do Dia Municipal para a Igualdade, assinaladas a 24 de outubro, sendo promovidas diversas iniciativas que pretendem alertar e sensibilizar para a igualdade de direitos e oportunidades, a n\u00e3o discrimina\u00e7\u00e3o e a participa\u00e7\u00e3o cidad\u00e3 proativa por parte de todas as pessoas concorrendo para as metas do ODS 5 \u2013 Igualdade de G\u00e9nero da Agenda 2030 para a sustentabilidade, recorrendo para tal a diferentes express\u00f5es art\u00edsticas e culturais ao longo do m\u00eas de outubro repleto de atividades para p\u00fablicos diversos.<\/p>\n\n\n\n<p><strong>Visita do Executivo Municipal \u00e0s escolas do concelho<\/strong><\/p>\n\n\n\n<p>Estas visitas t\u00eam como objetivo proporcionar o di\u00e1logo entre os\/as jovens e o executivo municipal, conhecer as \u00e1reas em que cada um \u00e9 respons\u00e1vel, o trabalho realizado no munic\u00edpio e, acima de tudo, promover uma cidadania participativa, entre os mais jovens. Esta a\u00e7\u00e3o decorreu no ano letivo 2021\/2022 no \u00e2mbito do projeto My Polis nas escolas. O Munic\u00edpio de Lagoa, neste ano letivo, pretende alargar esta iniciativa para todos\/as os\/as alunos\/as do concelho de Lagoa.<\/p>\n\n\n\n<p><strong>Espet\u00e1culo \u201cSAMOTRACIAS\u201d<\/strong><\/p>\n\n\n\n<p>Canto de sobreviv\u00eancia, manifesto de uma horda em movimento, SAMOTRACIAS \u00e9 o grito de tr\u00eas mulheres que se agarram \u00e0 sua \u00e2nsia de emigrar.<\/p>\n\n\n\n<p>A mais jovem procura enriquecer no estrangeiro. H\u00e1 tamb\u00e9m uma m\u00e3e vi\u00fava que quer fugir a um novo casamento for\u00e7ado. A mais velha, que passou a sua vida a servir os outros, procura um fim diferente para os seus dias. S\u00e3o tr\u00eas mulheres que querem a mesma coisa: partir.&nbsp;<\/p>\n\n\n\n<p>Esmagadas pela cren\u00e7a num outro futuro, veem o seu prop\u00f3sito desvanecer-se numa viagem cruel. O sonho reduzido ao instinto de sobreviv\u00eancia. Surge a d\u00favida, ser\u00e1 que t\u00eam mesmo o direito de partir?<\/p>\n\n\n\n<p><strong>Teatro F\u00f3rum &#8211; Suzete faz frete!<\/strong><\/p>\n\n\n\n<p>Dinamiza\u00e7\u00e3o de uma sess\u00e3o de forma\u00e7\u00e3o para os colaboradores\/as da C\u00e2mara Municipal de Lagoa e outros p\u00fablicos interessados, com uma metodologia humorada, l\u00fadica, pr\u00e1tica, com desafios introspetivos e expansivos e din\u00e2micas de grupo. A sess\u00e3o tem uma componente teatral onde \u00e9 retratada a Suzete, uma mulher como tantas outras, que trabalha, tem fam\u00edlia e tem sonhos. \u00c9 uma mulher da limpeza, com o sonho de ser cantora. Ela desabafa os seus problemas com o p\u00fablico, envolvendo-os na sua hist\u00f3ria, na esperan\u00e7a de que possam ter a solu\u00e7\u00e3o para uma rela\u00e7\u00e3o onde n\u00e3o est\u00e1 feliz e onde nunca teve espa\u00e7o para ser quem verdadeiramente \u00e9. De uma forma divertida e interativa, esta personagem clown cria uma liga\u00e7\u00e3o com o p\u00fablico, que se rev\u00ea nela ou sente compaix\u00e3o por si.<\/p>\n\n\n\n<p>Os temas a serem retratados s\u00e3o a viol\u00eancia dom\u00e9stica, o papel da mulher na Fam\u00edlia e no Trabalho, discrimina\u00e7\u00e3o e preconceito, o amor e afeto, intelig\u00eancia emocional, comunica\u00e7\u00e3o assertiva, tendo como principais objetivos:&nbsp;<\/p>\n\n\n\n<p>Sensibilizar para a viol\u00eancia e promo\u00e7\u00e3o da resili\u00eancia e do amor, de uma forma, leve, divertida e marcante, Fazer perceber que podem sonhar e que podem transformar o seu sofrimento, Fazer perceber que cada um tem papel importante na mudan\u00e7a, Levar a refletir sobre o problema e promover solu\u00e7\u00f5es, Fazer perceber o que cada um pode fazer e incentivar a assumirem uma voz ativa, Promover a uni\u00e3o e envolvimento \u00e0 volta das solu\u00e7\u00f5es \/ a\u00e7\u00f5es, Estimular o sentido de miss\u00e3o e utilidade social de cada um, Ajudar na tomada de consci\u00eancia de que \u00e9 um problema de todos, Ajudar na desmistifica\u00e7\u00e3o de cren\u00e7as sobre a viol\u00eancia e suas vitimas, Promover o amor como solu\u00e7\u00e3o, Aprender a lidar com situa\u00e7\u00f5es abusivas, Entender como ajudar.<\/p>\n\n\n\n<p><strong>XI Jornadas d\u00b4O Companheiro, intituladas \u201cPercursos em Liberdade: o tempo n\u00e3o apaga\u2026\u201d<\/strong><\/p>\n\n\n\n<p>O objetivo das XI Jornadas \u00e9 reunir t\u00e9cnicos de demais \u00e1reas de especialidade da justi\u00e7a e de diferentes inser\u00e7\u00f5es institucionais visando a integra\u00e7\u00e3o da pessoa durante e na p\u00f3s-reclus\u00e3o, enfatizando a zona do Algarve. Pretende-se tamb\u00e9m estimular a participa\u00e7\u00e3o de estudantes de gradua\u00e7\u00e3o e p\u00f3s-gradua\u00e7\u00e3o, permitindo-lhes o conhecimento efetivo das metodologias de atua\u00e7\u00e3o em Portugal.<\/p>\n\n\n\n<p>O Companheiro atrav\u00e9s do Gabinete Sul, concretiza estas Jornadas pelo s\u00e9timo ano consecutivo em Lagoa e com a colabora\u00e7\u00e3o da C\u00e2mara Municipal, atendendo \u00e0 imensa repercuss\u00e3o de sucesso que as mesmas t\u00eam vindo a revelar e de enorme dimens\u00e3o ao n\u00edvel nacional; a edi\u00e7\u00e3o deste ano conta com v\u00e1rios profissionais das mais diversas \u00e1reas ligadas a temas atuais da sociedade em geral, onde se poder\u00e3o discutir v\u00e1rios tipos de interven\u00e7\u00e3o, nomeadamente o Direito, a Psicologia, a Comunica\u00e7\u00e3o Social, os Servi\u00e7os Nacionais de Sa\u00fade e de Sa\u00fade Local, as For\u00e7as de Seguran\u00e7a e Apoio na Comunidade.<\/p>\n","protected":false},"excerpt":{"rendered":"<p>O Munic\u00edpio de Lagoa aderiu uma vez mais \u00e0s comemora\u00e7\u00f5es nacionais do Dia Municipal para a Igualdade, assinaladas a 24<\/p>\n","protected":false},"author":1,"featured_media":22423,"comment_status":"closed","ping_status":"open","sticky":false,"template":"","format":"standard","meta":{"colormag_page_container_layout":"default_layout","colormag_page_sidebar_layout":"default_layout","_monsterinsights_skip_tracking":false,"_monsterinsights_sitenote_active":false,"_monsterinsights_sitenote_note":"","_monsterinsights_sitenote_category":0,"jetpack_post_was_ever_published":false,"_jetpack_newsletter_access":"","_jetpack_dont_email_post_to_subs":false,"_jetpack_newsletter_tier_id":0,"_jetpack_memberships_contains_paywalled_content":false,"_jetpack_memberships_contains_paid_content":false,"footnotes":"","jetpack_publicize_message":"","jetpack_publicize_feature_enabled":true,"jetpack_social_post_already_shared":true,"jetpack_social_options":{"image_generator_settings":{"template":"highway","default_image_id":0,"font":"","enabled":false},"version":2}},"categories":[11],"tags":[36,62,734,48],"class_list":["post-22422","post","type-post","status-publish","format-standard","has-post-thumbnail","hentry","category-atualidade","tag-algarve","tag-atualidade","tag-dia-municipal-para-a-igualdade","tag-lagoa"],"yoast_head":"<!-- This site is optimized with the Yoast SEO plugin v27.5 - https:\/\/yoast.com\/product\/yoast-seo-wordpress\/ -->\n<title>Lagoa aderiu uma vez mais \u00e0s comemora\u00e7\u00f5es nacionais do Dia Municipal para a Igualdade - Algarve 7<\/title>\n<meta name=\"description\" content=\"Lagoa aderiu uma vez mais \u00e0s comemora\u00e7\u00f5es nacionais do Dia Municipal para a Igualdade Atualidade\" \/>\n<meta name=\"robots\" content=\"index, follow, max-snippet:-1, max-image-preview:large, max-video-preview:-1\" \/>\n<link rel=\"canonical\" href=\"https:\/\/algarve7.pt\/index.php\/2022\/10\/lagoa-aderiu-uma-vez-mais-as-comemoracoes-nacionais-do-dia-municipal-para-a-igualdade\/atualidade\/13\/30\/\" \/>\n<meta property=\"og:locale\" content=\"pt_PT\" \/>\n<meta property=\"og:type\" content=\"article\" \/>\n<meta property=\"og:title\" content=\"Lagoa aderiu uma vez mais \u00e0s comemora\u00e7\u00f5es nacionais do Dia Municipal para a Igualdade - Algarve 7\" \/>\n<meta property=\"og:description\" content=\"Lagoa aderiu uma vez mais \u00e0s comemora\u00e7\u00f5es nacionais do Dia Municipal para a Igualdade Atualidade\" \/>\n<meta property=\"og:url\" content=\"https:\/\/algarve7.pt\/index.php\/2022\/10\/lagoa-aderiu-uma-vez-mais-as-comemoracoes-nacionais-do-dia-municipal-para-a-igualdade\/atualidade\/13\/30\/\" \/>\n<meta property=\"og:site_name\" content=\"Algarve 7\" \/>\n<meta property=\"article:publisher\" content=\"https:\/\/www.facebook.com\/algarve7\" \/>\n<meta property=\"article:author\" content=\"https:\/\/www.facebook.com\/algarve7\" \/>\n<meta property=\"article:published_time\" content=\"2022-10-13T12:30:00+00:00\" \/>\n<meta property=\"og:image\" content=\"https:\/\/algarve7.pt\/wp-content\/uploads\/2022\/10\/Captura-de-ecra\u0303-2022-10-12-a\u0300s-18.12.36.png\" \/>\n\t<meta property=\"og:image:width\" content=\"1570\" \/>\n\t<meta property=\"og:image:height\" content=\"1078\" \/>\n\t<meta property=\"og:image:type\" content=\"image\/png\" \/>\n<meta name=\"author\" content=\"Algarve 7\" \/>\n<meta name=\"twitter:card\" content=\"summary_large_image\" \/>\n<meta name=\"twitter:creator\" content=\"@Algarvesete\" \/>\n<meta name=\"twitter:site\" content=\"@Algarvesete\" \/>\n<meta name=\"twitter:label1\" content=\"Escrito por\" \/>\n\t<meta name=\"twitter:data1\" content=\"Algarve 7\" \/>\n\t<meta name=\"twitter:label2\" content=\"Tempo estimado de leitura\" \/>\n\t<meta name=\"twitter:data2\" content=\"5 minutos\" \/>\n<script type=\"application\/ld+json\" class=\"yoast-schema-graph\">{\"@context\":\"https:\\\/\\\/schema.org\",\"@graph\":[{\"@type\":\"Article\",\"@id\":\"https:\\\/\\\/algarve7.pt\\\/index.php\\\/2022\\\/10\\\/lagoa-aderiu-uma-vez-mais-as-comemoracoes-nacionais-do-dia-municipal-para-a-igualdade\\\/atualidade\\\/13\\\/30\\\/#article\",\"isPartOf\":{\"@id\":\"https:\\\/\\\/algarve7.pt\\\/index.php\\\/2022\\\/10\\\/lagoa-aderiu-uma-vez-mais-as-comemoracoes-nacionais-do-dia-municipal-para-a-igualdade\\\/atualidade\\\/13\\\/30\\\/\"},\"author\":{\"name\":\"Algarve 7\",\"@id\":\"https:\\\/\\\/algarve7.pt\\\/#\\\/schema\\\/person\\\/23fa70681308e7b319a3204bcea45e0c\"},\"headline\":\"Lagoa aderiu uma vez mais \u00e0s comemora\u00e7\u00f5es nacionais do Dia Municipal para a Igualdade\",\"datePublished\":\"2022-10-13T12:30:00+00:00\",\"mainEntityOfPage\":{\"@id\":\"https:\\\/\\\/algarve7.pt\\\/index.php\\\/2022\\\/10\\\/lagoa-aderiu-uma-vez-mais-as-comemoracoes-nacionais-do-dia-municipal-para-a-igualdade\\\/atualidade\\\/13\\\/30\\\/\"},\"wordCount\":844,\"publisher\":{\"@id\":\"https:\\\/\\\/algarve7.pt\\\/#organization\"},\"image\":{\"@id\":\"https:\\\/\\\/algarve7.pt\\\/index.php\\\/2022\\\/10\\\/lagoa-aderiu-uma-vez-mais-as-comemoracoes-nacionais-do-dia-municipal-para-a-igualdade\\\/atualidade\\\/13\\\/30\\\/#primaryimage\"},\"thumbnailUrl\":\"https:\\\/\\\/algarve7.pt\\\/wp-content\\\/uploads\\\/2022\\\/10\\\/Captura-de-ecra\u0303-2022-10-12-a\u0300s-18.12.36.png\",\"keywords\":[\"Algarve\",\"Atualidade\",\"Dia Municipal para a Igualdade\",\"Lagoa\"],\"articleSection\":[\"Atualidade\"],\"inLanguage\":\"pt-PT\"},{\"@type\":\"WebPage\",\"@id\":\"https:\\\/\\\/algarve7.pt\\\/index.php\\\/2022\\\/10\\\/lagoa-aderiu-uma-vez-mais-as-comemoracoes-nacionais-do-dia-municipal-para-a-igualdade\\\/atualidade\\\/13\\\/30\\\/\",\"url\":\"https:\\\/\\\/algarve7.pt\\\/index.php\\\/2022\\\/10\\\/lagoa-aderiu-uma-vez-mais-as-comemoracoes-nacionais-do-dia-municipal-para-a-igualdade\\\/atualidade\\\/13\\\/30\\\/\",\"name\":\"Lagoa aderiu uma vez mais \u00e0s comemora\u00e7\u00f5es nacionais do Dia Municipal para a Igualdade - Algarve 7\",\"isPartOf\":{\"@id\":\"https:\\\/\\\/algarve7.pt\\\/#website\"},\"primaryImageOfPage\":{\"@id\":\"https:\\\/\\\/algarve7.pt\\\/index.php\\\/2022\\\/10\\\/lagoa-aderiu-uma-vez-mais-as-comemoracoes-nacionais-do-dia-municipal-para-a-igualdade\\\/atualidade\\\/13\\\/30\\\/#primaryimage\"},\"image\":{\"@id\":\"https:\\\/\\\/algarve7.pt\\\/index.php\\\/2022\\\/10\\\/lagoa-aderiu-uma-vez-mais-as-comemoracoes-nacionais-do-dia-municipal-para-a-igualdade\\\/atualidade\\\/13\\\/30\\\/#primaryimage\"},\"thumbnailUrl\":\"https:\\\/\\\/algarve7.pt\\\/wp-content\\\/uploads\\\/2022\\\/10\\\/Captura-de-ecra\u0303-2022-10-12-a\u0300s-18.12.36.png\",\"datePublished\":\"2022-10-13T12:30:00+00:00\",\"description\":\"Lagoa aderiu uma vez mais \u00e0s comemora\u00e7\u00f5es nacionais do Dia Municipal para a Igualdade Atualidade\",\"breadcrumb\":{\"@id\":\"https:\\\/\\\/algarve7.pt\\\/index.php\\\/2022\\\/10\\\/lagoa-aderiu-uma-vez-mais-as-comemoracoes-nacionais-do-dia-municipal-para-a-igualdade\\\/atualidade\\\/13\\\/30\\\/#breadcrumb\"},\"inLanguage\":\"pt-PT\",\"potentialAction\":[{\"@type\":\"ReadAction\",\"target\":[\"https:\\\/\\\/algarve7.pt\\\/index.php\\\/2022\\\/10\\\/lagoa-aderiu-uma-vez-mais-as-comemoracoes-nacionais-do-dia-municipal-para-a-igualdade\\\/atualidade\\\/13\\\/30\\\/\"]}]},{\"@type\":\"ImageObject\",\"inLanguage\":\"pt-PT\",\"@id\":\"https:\\\/\\\/algarve7.pt\\\/index.php\\\/2022\\\/10\\\/lagoa-aderiu-uma-vez-mais-as-comemoracoes-nacionais-do-dia-municipal-para-a-igualdade\\\/atualidade\\\/13\\\/30\\\/#primaryimage\",\"url\":\"https:\\\/\\\/algarve7.pt\\\/wp-content\\\/uploads\\\/2022\\\/10\\\/Captura-de-ecra\u0303-2022-10-12-a\u0300s-18.12.36.png\",\"contentUrl\":\"https:\\\/\\\/algarve7.pt\\\/wp-content\\\/uploads\\\/2022\\\/10\\\/Captura-de-ecra\u0303-2022-10-12-a\u0300s-18.12.36.png\",\"width\":1570,\"height\":1078},{\"@type\":\"BreadcrumbList\",\"@id\":\"https:\\\/\\\/algarve7.pt\\\/index.php\\\/2022\\\/10\\\/lagoa-aderiu-uma-vez-mais-as-comemoracoes-nacionais-do-dia-municipal-para-a-igualdade\\\/atualidade\\\/13\\\/30\\\/#breadcrumb\",\"itemListElement\":[{\"@type\":\"ListItem\",\"position\":1,\"name\":\"In\u00edcio\",\"item\":\"https:\\\/\\\/algarve7.pt\\\/\"},{\"@type\":\"ListItem\",\"position\":2,\"name\":\"Lagoa aderiu uma vez mais \u00e0s comemora\u00e7\u00f5es nacionais do Dia Municipal para a Igualdade\"}]},{\"@type\":\"WebSite\",\"@id\":\"https:\\\/\\\/algarve7.pt\\\/#website\",\"url\":\"https:\\\/\\\/algarve7.pt\\\/\",\"name\":\"Algarve 7\",\"description\":\"Informa\u00e7\u00e3o sobre o Algarve\",\"publisher\":{\"@id\":\"https:\\\/\\\/algarve7.pt\\\/#organization\"},\"potentialAction\":[{\"@type\":\"SearchAction\",\"target\":{\"@type\":\"EntryPoint\",\"urlTemplate\":\"https:\\\/\\\/algarve7.pt\\\/?s={search_term_string}\"},\"query-input\":{\"@type\":\"PropertyValueSpecification\",\"valueRequired\":true,\"valueName\":\"search_term_string\"}}],\"inLanguage\":\"pt-PT\"},{\"@type\":\"Organization\",\"@id\":\"https:\\\/\\\/algarve7.pt\\\/#organization\",\"name\":\"Algarve 7\",\"url\":\"https:\\\/\\\/algarve7.pt\\\/\",\"logo\":{\"@type\":\"ImageObject\",\"inLanguage\":\"pt-PT\",\"@id\":\"https:\\\/\\\/algarve7.pt\\\/#\\\/schema\\\/logo\\\/image\\\/\",\"url\":\"https:\\\/\\\/algarve7.pt\\\/wp-content\\\/uploads\\\/2020\\\/10\\\/Logo-8.jpg\",\"contentUrl\":\"https:\\\/\\\/algarve7.pt\\\/wp-content\\\/uploads\\\/2020\\\/10\\\/Logo-8.jpg\",\"width\":1680,\"height\":1186,\"caption\":\"Algarve 7\"},\"image\":{\"@id\":\"https:\\\/\\\/algarve7.pt\\\/#\\\/schema\\\/logo\\\/image\\\/\"},\"sameAs\":[\"https:\\\/\\\/www.facebook.com\\\/algarve7\",\"https:\\\/\\\/x.com\\\/Algarvesete\",\"https:\\\/\\\/www.instagram.com\\\/jornalalgarve7\\\/\",\"https:\\\/\\\/www.linkedin.com\\\/company\\\/algarve7\",\"https:\\\/\\\/www.pinterest.pt\\\/geral0939\\\/_created\\\/\"]},{\"@type\":\"Person\",\"@id\":\"https:\\\/\\\/algarve7.pt\\\/#\\\/schema\\\/person\\\/23fa70681308e7b319a3204bcea45e0c\",\"name\":\"Algarve 7\",\"sameAs\":[\"https:\\\/\\\/algarve7.pt\",\"https:\\\/\\\/www.facebook.com\\\/algarve7\"],\"url\":\"https:\\\/\\\/algarve7.pt\\\/index.php\\\/author\\\/geralalgarve7-pt\\\/\"}]}<\/script>\n<!-- \/ Yoast SEO plugin. -->","yoast_head_json":{"title":"Lagoa aderiu uma vez mais \u00e0s comemora\u00e7\u00f5es nacionais do Dia Municipal para a Igualdade - Algarve 7","description":"Lagoa aderiu uma vez mais \u00e0s comemora\u00e7\u00f5es nacionais do Dia Municipal para a Igualdade Atualidade","robots":{"index":"index","follow":"follow","max-snippet":"max-snippet:-1","max-image-preview":"max-image-preview:large","max-video-preview":"max-video-preview:-1"},"canonical":"https:\/\/algarve7.pt\/index.php\/2022\/10\/lagoa-aderiu-uma-vez-mais-as-comemoracoes-nacionais-do-dia-municipal-para-a-igualdade\/atualidade\/13\/30\/","og_locale":"pt_PT","og_type":"article","og_title":"Lagoa aderiu uma vez mais \u00e0s comemora\u00e7\u00f5es nacionais do Dia Municipal para a Igualdade - Algarve 7","og_description":"Lagoa aderiu uma vez mais \u00e0s comemora\u00e7\u00f5es nacionais do Dia Municipal para a Igualdade Atualidade","og_url":"https:\/\/algarve7.pt\/index.php\/2022\/10\/lagoa-aderiu-uma-vez-mais-as-comemoracoes-nacionais-do-dia-municipal-para-a-igualdade\/atualidade\/13\/30\/","og_site_name":"Algarve 7","article_publisher":"https:\/\/www.facebook.com\/algarve7","article_author":"https:\/\/www.facebook.com\/algarve7","article_published_time":"2022-10-13T12:30:00+00:00","og_image":[{"width":1570,"height":1078,"url":"https:\/\/algarve7.pt\/wp-content\/uploads\/2022\/10\/Captura-de-ecra\u0303-2022-10-12-a\u0300s-18.12.36.png","type":"image\/png"}],"author":"Algarve 7","twitter_card":"summary_large_image","twitter_creator":"@Algarvesete","twitter_site":"@Algarvesete","twitter_misc":{"Escrito por":"Algarve 7","Tempo estimado de leitura":"5 minutos"},"schema":{"@context":"https:\/\/schema.org","@graph":[{"@type":"Article","@id":"https:\/\/algarve7.pt\/index.php\/2022\/10\/lagoa-aderiu-uma-vez-mais-as-comemoracoes-nacionais-do-dia-municipal-para-a-igualdade\/atualidade\/13\/30\/#article","isPartOf":{"@id":"https:\/\/algarve7.pt\/index.php\/2022\/10\/lagoa-aderiu-uma-vez-mais-as-comemoracoes-nacionais-do-dia-municipal-para-a-igualdade\/atualidade\/13\/30\/"},"author":{"name":"Algarve 7","@id":"https:\/\/algarve7.pt\/#\/schema\/person\/23fa70681308e7b319a3204bcea45e0c"},"headline":"Lagoa aderiu uma vez mais \u00e0s comemora\u00e7\u00f5es nacionais do Dia Municipal para a Igualdade","datePublished":"2022-10-13T12:30:00+00:00","mainEntityOfPage":{"@id":"https:\/\/algarve7.pt\/index.php\/2022\/10\/lagoa-aderiu-uma-vez-mais-as-comemoracoes-nacionais-do-dia-municipal-para-a-igualdade\/atualidade\/13\/30\/"},"wordCount":844,"publisher":{"@id":"https:\/\/algarve7.pt\/#organization"},"image":{"@id":"https:\/\/algarve7.pt\/index.php\/2022\/10\/lagoa-aderiu-uma-vez-mais-as-comemoracoes-nacionais-do-dia-municipal-para-a-igualdade\/atualidade\/13\/30\/#primaryimage"},"thumbnailUrl":"https:\/\/algarve7.pt\/wp-content\/uploads\/2022\/10\/Captura-de-ecra\u0303-2022-10-12-a\u0300s-18.12.36.png","keywords":["Algarve","Atualidade","Dia Municipal para a Igualdade","Lagoa"],"articleSection":["Atualidade"],"inLanguage":"pt-PT"},{"@type":"WebPage","@id":"https:\/\/algarve7.pt\/index.php\/2022\/10\/lagoa-aderiu-uma-vez-mais-as-comemoracoes-nacionais-do-dia-municipal-para-a-igualdade\/atualidade\/13\/30\/","url":"https:\/\/algarve7.pt\/index.php\/2022\/10\/lagoa-aderiu-uma-vez-mais-as-comemoracoes-nacionais-do-dia-municipal-para-a-igualdade\/atualidade\/13\/30\/","name":"Lagoa aderiu uma vez mais \u00e0s comemora\u00e7\u00f5es nacionais do Dia Municipal para a Igualdade - Algarve 7","isPartOf":{"@id":"https:\/\/algarve7.pt\/#website"},"primaryImageOfPage":{"@id":"https:\/\/algarve7.pt\/index.php\/2022\/10\/lagoa-aderiu-uma-vez-mais-as-comemoracoes-nacionais-do-dia-municipal-para-a-igualdade\/atualidade\/13\/30\/#primaryimage"},"image":{"@id":"https:\/\/algarve7.pt\/index.php\/2022\/10\/lagoa-aderiu-uma-vez-mais-as-comemoracoes-nacionais-do-dia-municipal-para-a-igualdade\/atualidade\/13\/30\/#primaryimage"},"thumbnailUrl":"https:\/\/algarve7.pt\/wp-content\/uploads\/2022\/10\/Captura-de-ecra\u0303-2022-10-12-a\u0300s-18.12.36.png","datePublished":"2022-10-13T12:30:00+00:00","description":"Lagoa aderiu uma vez mais \u00e0s comemora\u00e7\u00f5es nacionais do Dia Municipal para a Igualdade Atualidade","breadcrumb":{"@id":"https:\/\/algarve7.pt\/index.php\/2022\/10\/lagoa-aderiu-uma-vez-mais-as-comemoracoes-nacionais-do-dia-municipal-para-a-igualdade\/atualidade\/13\/30\/#breadcrumb"},"inLanguage":"pt-PT","potentialAction":[{"@type":"ReadAction","target":["https:\/\/algarve7.pt\/index.php\/2022\/10\/lagoa-aderiu-uma-vez-mais-as-comemoracoes-nacionais-do-dia-municipal-para-a-igualdade\/atualidade\/13\/30\/"]}]},{"@type":"ImageObject","inLanguage":"pt-PT","@id":"https:\/\/algarve7.pt\/index.php\/2022\/10\/lagoa-aderiu-uma-vez-mais-as-comemoracoes-nacionais-do-dia-municipal-para-a-igualdade\/atualidade\/13\/30\/#primaryimage","url":"https:\/\/algarve7.pt\/wp-content\/uploads\/2022\/10\/Captura-de-ecra\u0303-2022-10-12-a\u0300s-18.12.36.png","contentUrl":"https:\/\/algarve7.pt\/wp-content\/uploads\/2022\/10\/Captura-de-ecra\u0303-2022-10-12-a\u0300s-18.12.36.png","width":1570,"height":1078},{"@type":"BreadcrumbList","@id":"https:\/\/algarve7.pt\/index.php\/2022\/10\/lagoa-aderiu-uma-vez-mais-as-comemoracoes-nacionais-do-dia-municipal-para-a-igualdade\/atualidade\/13\/30\/#breadcrumb","itemListElement":[{"@type":"ListItem","position":1,"name":"In\u00edcio","item":"https:\/\/algarve7.pt\/"},{"@type":"ListItem","position":2,"name":"Lagoa aderiu uma vez mais \u00e0s comemora\u00e7\u00f5es nacionais do Dia Municipal para a Igualdade"}]},{"@type":"WebSite","@id":"https:\/\/algarve7.pt\/#website","url":"https:\/\/algarve7.pt\/","name":"Algarve 7","description":"Informa\u00e7\u00e3o sobre o Algarve","publisher":{"@id":"https:\/\/algarve7.pt\/#organization"},"potentialAction":[{"@type":"SearchAction","target":{"@type":"EntryPoint","urlTemplate":"https:\/\/algarve7.pt\/?s={search_term_string}"},"query-input":{"@type":"PropertyValueSpecification","valueRequired":true,"valueName":"search_term_string"}}],"inLanguage":"pt-PT"},{"@type":"Organization","@id":"https:\/\/algarve7.pt\/#organization","name":"Algarve 7","url":"https:\/\/algarve7.pt\/","logo":{"@type":"ImageObject","inLanguage":"pt-PT","@id":"https:\/\/algarve7.pt\/#\/schema\/logo\/image\/","url":"https:\/\/algarve7.pt\/wp-content\/uploads\/2020\/10\/Logo-8.jpg","contentUrl":"https:\/\/algarve7.pt\/wp-content\/uploads\/2020\/10\/Logo-8.jpg","width":1680,"height":1186,"caption":"Algarve 7"},"image":{"@id":"https:\/\/algarve7.pt\/#\/schema\/logo\/image\/"},"sameAs":["https:\/\/www.facebook.com\/algarve7","https:\/\/x.com\/Algarvesete","https:\/\/www.instagram.com\/jornalalgarve7\/","https:\/\/www.linkedin.com\/company\/algarve7","https:\/\/www.pinterest.pt\/geral0939\/_created\/"]},{"@type":"Person","@id":"https:\/\/algarve7.pt\/#\/schema\/person\/23fa70681308e7b319a3204bcea45e0c","name":"Algarve 7","sameAs":["https:\/\/algarve7.pt","https:\/\/www.facebook.com\/algarve7"],"url":"https:\/\/algarve7.pt\/index.php\/author\/geralalgarve7-pt\/"}]}},"jetpack_publicize_connections":[],"jetpack_featured_media_url":"https:\/\/algarve7.pt\/wp-content\/uploads\/2022\/10\/Captura-de-ecra\u0303-2022-10-12-a\u0300s-18.12.36.png","jetpack_shortlink":"https:\/\/wp.me\/pcezmW-5PE","jetpack_sharing_enabled":true,"_links":{"self":[{"href":"https:\/\/algarve7.pt\/index.php\/wp-json\/wp\/v2\/posts\/22422","targetHints":{"allow":["GET"]}}],"collection":[{"href":"https:\/\/algarve7.pt\/index.php\/wp-json\/wp\/v2\/posts"}],"about":[{"href":"https:\/\/algarve7.pt\/index.php\/wp-json\/wp\/v2\/types\/post"}],"author":[{"embeddable":true,"href":"https:\/\/algarve7.pt\/index.php\/wp-json\/wp\/v2\/users\/1"}],"replies":[{"embeddable":true,"href":"https:\/\/algarve7.pt\/index.php\/wp-json\/wp\/v2\/comments?post=22422"}],"version-history":[{"count":0,"href":"https:\/\/algarve7.pt\/index.php\/wp-json\/wp\/v2\/posts\/22422\/revisions"}],"wp:featuredmedia":[{"embeddable":true,"href":"https:\/\/algarve7.pt\/index.php\/wp-json\/wp\/v2\/media\/22423"}],"wp:attachment":[{"href":"https:\/\/algarve7.pt\/index.php\/wp-json\/wp\/v2\/media?parent=22422"}],"wp:term":[{"taxonomy":"category","embeddable":true,"href":"https:\/\/algarve7.pt\/index.php\/wp-json\/wp\/v2\/categories?post=22422"},{"taxonomy":"post_tag","embeddable":true,"href":"https:\/\/algarve7.pt\/index.php\/wp-json\/wp\/v2\/tags?post=22422"}],"curies":[{"name":"wp","href":"https:\/\/api.w.org\/{rel}","templated":true}]}}