{"id":22390,"date":"2022-10-12T16:59:38","date_gmt":"2022-10-12T15:59:38","guid":{"rendered":"https:\/\/algarve7.pt\/?p=22390"},"modified":"2022-10-12T16:59:57","modified_gmt":"2022-10-12T15:59:57","slug":"monchique-recebe-quinze-parceiros-do-projeto-cilifo","status":"publish","type":"post","link":"https:\/\/algarve7.pt\/index.php\/2022\/10\/monchique-recebe-quinze-parceiros-do-projeto-cilifo\/ambiente\/16\/59\/","title":{"rendered":"Monchique recebe quinze parceiros do projeto CILIFO"},"content":{"rendered":"\n<p>Os parceiros do projeto transfronteiri\u00e7o \u00abCILIFO &#8211; Centro Ib\u00e9rico de Investiga\u00e7\u00e3o e Combate aos Inc\u00eandios Florestais\u00bb voltam a encontrar-se no Algarve, nos dias 13 e 14 de outubro em Monchique, para refor\u00e7ar dos la\u00e7os de coopera\u00e7\u00e3o entre as quinze entidades da \u00abEurorregi\u00e3o Alentejo-Algarve-Andaluzia\u00bb (EuroAAA) que integram o cons\u00f3rcio liderado pela Junta de Andaluzia.<\/p>\n\n\n\n<p>Jos\u00e9 Apolin\u00e1rio, presidente da Comiss\u00e3o de Coordena\u00e7\u00e3o e Desenvolvimento Regional (CCDR) do Algarve, refere que este encontro \u201c<em>prende-se com a necessidade de dinamizar a coopera\u00e7\u00e3o inter-regional transfronteiri\u00e7a, contribuindo para a integra\u00e7\u00e3o europeia do espa\u00e7o regional e para o refor\u00e7o da sua competitividade, com base em estrat\u00e9gias de desenvolvimento sustent\u00e1vel de n\u00edveis regional e local<\/em>\u201d, considerada priorit\u00e1ria pelos l\u00edderes das tr\u00eas regi\u00f5es em mar\u00e7o passado, sublinhando ainda que desejamos \u201c<em>promover e garantir uma adequada articula\u00e7\u00e3o intersetorial entre os servi\u00e7os desconcentrados de \u00e2mbito regional, em termos de concerta\u00e7\u00e3o estrat\u00e9gica e de planeamento das interven\u00e7\u00f5es de natureza ambiental, econ\u00f3mica e social, numa \u00f3tica de desenvolvimento regional<\/em>\u201d, conforme est\u00e1 previsto na miss\u00e3o da CCDRs.<\/p>\n\n\n\n<p>Cofinanciado no \u00e2mbito do Programa Interreg V A Espa\u00f1a \u2013 Portugal (POCTEP) 2014-2020, o <a href=\"https:\/\/cilifo.eu\/project?lang=pt-pt\" target=\"_blank\" rel=\"noreferrer noopener\"><strong>projeto CILIFO<\/strong><\/a> visa preparar a EuroAAA para a preven\u00e7\u00e3o e, sobretudo, para o combate aos inc\u00eandios florestais. No Algarve tem como parceiros os munic\u00edpios de Castro Marim, Loul\u00e9, Monchique e Tavira, a Comunidade Intermunicipal (AMAL), e \u00e9 acompanhado, desde a sua g\u00e9nese, pela Autoridade Nacional de Emerg\u00eancia e Prote\u00e7\u00e3o Civil (ANEPC) e pela CCDR Algarve, enquanto entidade gestora do POCTEP.<\/p>\n\n\n\n<p>Trata-se de um projeto que envolve 15 benefici\u00e1rios, respons\u00e1veis pela execu\u00e7\u00e3o de 18 milh\u00f5es de Euros de Fundo Europeu de Desenvolvimento Regional (FEDER), que correspondem \u00e0 comparticipa\u00e7\u00e3o de um investimento total inicial de 24 milh\u00f5es de euros, aprovado em 2018 e que terminar\u00e1, &#8211; ap\u00f3s prorroga\u00e7\u00e3o-, em junho de 2023. Para a regi\u00e3o do Algarve, est\u00e3o alocados cerca de 2,8 Milh\u00f5es de Euros.<\/p>\n\n\n\n<p>A ANEPC assegura o enquadramento dos investimentos previstos na Estrat\u00e9gia Nacional e Regional de Emerg\u00eancia e Prote\u00e7\u00e3o Civil e a supervis\u00e3o t\u00e9cnica; do projeto inicial procurou-se incrementar as caracter\u00edsticas dos heliportos, dotando-os de outras val\u00eancias para avia\u00e7\u00e3o civil, o que requereu novas especifica\u00e7\u00f5es dos projetos e pareceres da Autoridade Nacional de Avia\u00e7\u00e3o Civil (ANAC).<\/p>\n\n\n\n<p>A AMAL, no quadro das suas compet\u00eancias e conforme inscrito em projeto, tem promovido as a\u00e7\u00f5es de forma\u00e7\u00e3o e de informa\u00e7\u00e3o e divulga\u00e7\u00e3o do CILIFO no Algarve.<\/p>\n\n\n\n<p>Quanto aos munic\u00edpios de Castro Marim, Loul\u00e9, Monchique e Tavira tinham a cargo, respetivamente, a execu\u00e7\u00e3o de uma Escola e 3 Heliportos.<\/p>\n\n\n\n<p>Quanto \u00e0 Escola foi feito o projeto de arquitetura e das especialidades e, considerando o exponencial aumento do custo de materiais, esta componente do projeto ser\u00e1 enquadrada num futuro programa dado n\u00e3o poder ser executada no presente prazo nem com os custos inicialmente previstos.<\/p>\n\n\n\n<p>No que concerne aos heliportos, em face de altera\u00e7\u00f5es de projeto houve que fazer novos enquadramentos temporais e financeiros e encontra-se em execu\u00e7\u00e3o, desde abril de 2022, as obras de amplia\u00e7\u00e3o do Heliporto de Loul\u00e9, em in\u00edcio da execu\u00e7\u00e3o em Monchique e, em Tavira, a empreitada do heliporto de Cachopo foi aprovada em Assembleia Municipal de 30 de setembro de 2022, aguardando, simultaneamente, visto do Tribunal de Contas.<\/p>\n\n\n\n<p>Para al\u00e9m das infraestruturas em fase de constru\u00e7\u00e3o em Espanha e na regi\u00e3o, o projeto CILIFO est\u00e1 a promover trabalho de proximidade sensibilizando as popula\u00e7\u00f5es, desenvolver estudos atrav\u00e9s das comunidades acad\u00e9micas e dinamizar a forma\u00e7\u00e3o dos operacionais dos bombeiros e da prote\u00e7\u00e3o civil.<\/p>\n","protected":false},"excerpt":{"rendered":"<p>Os parceiros do projeto transfronteiri\u00e7o \u00abCILIFO &#8211; Centro Ib\u00e9rico de Investiga\u00e7\u00e3o e Combate aos Inc\u00eandios Florestais\u00bb voltam a encontrar-se no<\/p>\n","protected":false},"author":1,"featured_media":22393,"comment_status":"closed","ping_status":"open","sticky":false,"template":"","format":"standard","meta":{"colormag_page_container_layout":"default_layout","colormag_page_sidebar_layout":"default_layout","_monsterinsights_skip_tracking":false,"_monsterinsights_sitenote_active":false,"_monsterinsights_sitenote_note":"","_monsterinsights_sitenote_category":0,"jetpack_post_was_ever_published":false,"_jetpack_newsletter_access":"","_jetpack_dont_email_post_to_subs":false,"_jetpack_newsletter_tier_id":0,"_jetpack_memberships_contains_paywalled_content":false,"_jetpack_memberships_contains_paid_content":false,"footnotes":"","jetpack_publicize_message":"","jetpack_publicize_feature_enabled":true,"jetpack_social_post_already_shared":true,"jetpack_social_options":{"image_generator_settings":{"template":"highway","default_image_id":0,"font":"","enabled":false},"version":2}},"categories":[5],"tags":[36,32,135,171],"class_list":["post-22390","post","type-post","status-publish","format-standard","has-post-thumbnail","hentry","category-ambiente","tag-algarve","tag-ambiente","tag-incendio","tag-monchique"],"yoast_head":"<!-- This site is optimized with the Yoast SEO plugin v27.5 - https:\/\/yoast.com\/product\/yoast-seo-wordpress\/ -->\n<title>Monchique recebe quinze parceiros do projeto CILIFO - Algarve 7<\/title>\n<meta name=\"description\" content=\"Monchique recebe quinze parceiros do projeto CILIFO Ambiente\" \/>\n<meta name=\"robots\" content=\"index, follow, max-snippet:-1, max-image-preview:large, max-video-preview:-1\" \/>\n<link rel=\"canonical\" href=\"https:\/\/algarve7.pt\/index.php\/2022\/10\/monchique-recebe-quinze-parceiros-do-projeto-cilifo\/ambiente\/16\/59\/\" \/>\n<meta property=\"og:locale\" content=\"pt_PT\" \/>\n<meta property=\"og:type\" content=\"article\" \/>\n<meta property=\"og:title\" content=\"Monchique recebe quinze parceiros do projeto CILIFO - Algarve 7\" \/>\n<meta property=\"og:description\" content=\"Monchique recebe quinze parceiros do projeto CILIFO Ambiente\" \/>\n<meta property=\"og:url\" content=\"https:\/\/algarve7.pt\/index.php\/2022\/10\/monchique-recebe-quinze-parceiros-do-projeto-cilifo\/ambiente\/16\/59\/\" \/>\n<meta property=\"og:site_name\" content=\"Algarve 7\" \/>\n<meta property=\"article:publisher\" content=\"https:\/\/www.facebook.com\/algarve7\" \/>\n<meta property=\"article:author\" content=\"https:\/\/www.facebook.com\/algarve7\" \/>\n<meta property=\"article:published_time\" content=\"2022-10-12T15:59:38+00:00\" \/>\n<meta property=\"article:modified_time\" content=\"2022-10-12T15:59:57+00:00\" \/>\n<meta property=\"og:image\" content=\"https:\/\/algarve7.pt\/wp-content\/uploads\/2022\/10\/Captura-de-ecra\u0303-2022-10-12-a\u0300s-16.57.55.png\" \/>\n\t<meta property=\"og:image:width\" content=\"1348\" \/>\n\t<meta property=\"og:image:height\" content=\"802\" \/>\n\t<meta property=\"og:image:type\" content=\"image\/png\" \/>\n<meta name=\"author\" content=\"Algarve 7\" \/>\n<meta name=\"twitter:card\" content=\"summary_large_image\" \/>\n<meta name=\"twitter:creator\" content=\"@Algarvesete\" \/>\n<meta name=\"twitter:site\" content=\"@Algarvesete\" \/>\n<meta name=\"twitter:label1\" content=\"Escrito por\" \/>\n\t<meta name=\"twitter:data1\" content=\"Algarve 7\" \/>\n\t<meta name=\"twitter:label2\" content=\"Tempo estimado de leitura\" \/>\n\t<meta name=\"twitter:data2\" content=\"4 minutos\" \/>\n<script type=\"application\/ld+json\" class=\"yoast-schema-graph\">{\"@context\":\"https:\\\/\\\/schema.org\",\"@graph\":[{\"@type\":\"Article\",\"@id\":\"https:\\\/\\\/algarve7.pt\\\/index.php\\\/2022\\\/10\\\/monchique-recebe-quinze-parceiros-do-projeto-cilifo\\\/ambiente\\\/16\\\/59\\\/#article\",\"isPartOf\":{\"@id\":\"https:\\\/\\\/algarve7.pt\\\/index.php\\\/2022\\\/10\\\/monchique-recebe-quinze-parceiros-do-projeto-cilifo\\\/ambiente\\\/16\\\/59\\\/\"},\"author\":{\"name\":\"Algarve 7\",\"@id\":\"https:\\\/\\\/algarve7.pt\\\/#\\\/schema\\\/person\\\/23fa70681308e7b319a3204bcea45e0c\"},\"headline\":\"Monchique recebe quinze parceiros do projeto CILIFO\",\"datePublished\":\"2022-10-12T15:59:38+00:00\",\"dateModified\":\"2022-10-12T15:59:57+00:00\",\"mainEntityOfPage\":{\"@id\":\"https:\\\/\\\/algarve7.pt\\\/index.php\\\/2022\\\/10\\\/monchique-recebe-quinze-parceiros-do-projeto-cilifo\\\/ambiente\\\/16\\\/59\\\/\"},\"wordCount\":630,\"publisher\":{\"@id\":\"https:\\\/\\\/algarve7.pt\\\/#organization\"},\"image\":{\"@id\":\"https:\\\/\\\/algarve7.pt\\\/index.php\\\/2022\\\/10\\\/monchique-recebe-quinze-parceiros-do-projeto-cilifo\\\/ambiente\\\/16\\\/59\\\/#primaryimage\"},\"thumbnailUrl\":\"https:\\\/\\\/algarve7.pt\\\/wp-content\\\/uploads\\\/2022\\\/10\\\/Captura-de-ecra\u0303-2022-10-12-a\u0300s-16.57.55.png\",\"keywords\":[\"Algarve\",\"Ambiente\",\"Inc\u00eandio\",\"Monchique\"],\"articleSection\":[\"Ambiente\"],\"inLanguage\":\"pt-PT\"},{\"@type\":\"WebPage\",\"@id\":\"https:\\\/\\\/algarve7.pt\\\/index.php\\\/2022\\\/10\\\/monchique-recebe-quinze-parceiros-do-projeto-cilifo\\\/ambiente\\\/16\\\/59\\\/\",\"url\":\"https:\\\/\\\/algarve7.pt\\\/index.php\\\/2022\\\/10\\\/monchique-recebe-quinze-parceiros-do-projeto-cilifo\\\/ambiente\\\/16\\\/59\\\/\",\"name\":\"Monchique recebe quinze parceiros do projeto CILIFO - Algarve 7\",\"isPartOf\":{\"@id\":\"https:\\\/\\\/algarve7.pt\\\/#website\"},\"primaryImageOfPage\":{\"@id\":\"https:\\\/\\\/algarve7.pt\\\/index.php\\\/2022\\\/10\\\/monchique-recebe-quinze-parceiros-do-projeto-cilifo\\\/ambiente\\\/16\\\/59\\\/#primaryimage\"},\"image\":{\"@id\":\"https:\\\/\\\/algarve7.pt\\\/index.php\\\/2022\\\/10\\\/monchique-recebe-quinze-parceiros-do-projeto-cilifo\\\/ambiente\\\/16\\\/59\\\/#primaryimage\"},\"thumbnailUrl\":\"https:\\\/\\\/algarve7.pt\\\/wp-content\\\/uploads\\\/2022\\\/10\\\/Captura-de-ecra\u0303-2022-10-12-a\u0300s-16.57.55.png\",\"datePublished\":\"2022-10-12T15:59:38+00:00\",\"dateModified\":\"2022-10-12T15:59:57+00:00\",\"description\":\"Monchique recebe quinze parceiros do projeto CILIFO Ambiente\",\"breadcrumb\":{\"@id\":\"https:\\\/\\\/algarve7.pt\\\/index.php\\\/2022\\\/10\\\/monchique-recebe-quinze-parceiros-do-projeto-cilifo\\\/ambiente\\\/16\\\/59\\\/#breadcrumb\"},\"inLanguage\":\"pt-PT\",\"potentialAction\":[{\"@type\":\"ReadAction\",\"target\":[\"https:\\\/\\\/algarve7.pt\\\/index.php\\\/2022\\\/10\\\/monchique-recebe-quinze-parceiros-do-projeto-cilifo\\\/ambiente\\\/16\\\/59\\\/\"]}]},{\"@type\":\"ImageObject\",\"inLanguage\":\"pt-PT\",\"@id\":\"https:\\\/\\\/algarve7.pt\\\/index.php\\\/2022\\\/10\\\/monchique-recebe-quinze-parceiros-do-projeto-cilifo\\\/ambiente\\\/16\\\/59\\\/#primaryimage\",\"url\":\"https:\\\/\\\/algarve7.pt\\\/wp-content\\\/uploads\\\/2022\\\/10\\\/Captura-de-ecra\u0303-2022-10-12-a\u0300s-16.57.55.png\",\"contentUrl\":\"https:\\\/\\\/algarve7.pt\\\/wp-content\\\/uploads\\\/2022\\\/10\\\/Captura-de-ecra\u0303-2022-10-12-a\u0300s-16.57.55.png\",\"width\":1348,\"height\":802},{\"@type\":\"BreadcrumbList\",\"@id\":\"https:\\\/\\\/algarve7.pt\\\/index.php\\\/2022\\\/10\\\/monchique-recebe-quinze-parceiros-do-projeto-cilifo\\\/ambiente\\\/16\\\/59\\\/#breadcrumb\",\"itemListElement\":[{\"@type\":\"ListItem\",\"position\":1,\"name\":\"In\u00edcio\",\"item\":\"https:\\\/\\\/algarve7.pt\\\/\"},{\"@type\":\"ListItem\",\"position\":2,\"name\":\"Monchique recebe quinze parceiros do projeto CILIFO\"}]},{\"@type\":\"WebSite\",\"@id\":\"https:\\\/\\\/algarve7.pt\\\/#website\",\"url\":\"https:\\\/\\\/algarve7.pt\\\/\",\"name\":\"Algarve 7\",\"description\":\"Informa\u00e7\u00e3o sobre o Algarve\",\"publisher\":{\"@id\":\"https:\\\/\\\/algarve7.pt\\\/#organization\"},\"potentialAction\":[{\"@type\":\"SearchAction\",\"target\":{\"@type\":\"EntryPoint\",\"urlTemplate\":\"https:\\\/\\\/algarve7.pt\\\/?s={search_term_string}\"},\"query-input\":{\"@type\":\"PropertyValueSpecification\",\"valueRequired\":true,\"valueName\":\"search_term_string\"}}],\"inLanguage\":\"pt-PT\"},{\"@type\":\"Organization\",\"@id\":\"https:\\\/\\\/algarve7.pt\\\/#organization\",\"name\":\"Algarve 7\",\"url\":\"https:\\\/\\\/algarve7.pt\\\/\",\"logo\":{\"@type\":\"ImageObject\",\"inLanguage\":\"pt-PT\",\"@id\":\"https:\\\/\\\/algarve7.pt\\\/#\\\/schema\\\/logo\\\/image\\\/\",\"url\":\"https:\\\/\\\/algarve7.pt\\\/wp-content\\\/uploads\\\/2020\\\/10\\\/Logo-8.jpg\",\"contentUrl\":\"https:\\\/\\\/algarve7.pt\\\/wp-content\\\/uploads\\\/2020\\\/10\\\/Logo-8.jpg\",\"width\":1680,\"height\":1186,\"caption\":\"Algarve 7\"},\"image\":{\"@id\":\"https:\\\/\\\/algarve7.pt\\\/#\\\/schema\\\/logo\\\/image\\\/\"},\"sameAs\":[\"https:\\\/\\\/www.facebook.com\\\/algarve7\",\"https:\\\/\\\/x.com\\\/Algarvesete\",\"https:\\\/\\\/www.instagram.com\\\/jornalalgarve7\\\/\",\"https:\\\/\\\/www.linkedin.com\\\/company\\\/algarve7\",\"https:\\\/\\\/www.pinterest.pt\\\/geral0939\\\/_created\\\/\"]},{\"@type\":\"Person\",\"@id\":\"https:\\\/\\\/algarve7.pt\\\/#\\\/schema\\\/person\\\/23fa70681308e7b319a3204bcea45e0c\",\"name\":\"Algarve 7\",\"sameAs\":[\"https:\\\/\\\/algarve7.pt\",\"https:\\\/\\\/www.facebook.com\\\/algarve7\"],\"url\":\"https:\\\/\\\/algarve7.pt\\\/index.php\\\/author\\\/geralalgarve7-pt\\\/\"}]}<\/script>\n<!-- \/ Yoast SEO plugin. -->","yoast_head_json":{"title":"Monchique recebe quinze parceiros do projeto CILIFO - Algarve 7","description":"Monchique recebe quinze parceiros do projeto CILIFO Ambiente","robots":{"index":"index","follow":"follow","max-snippet":"max-snippet:-1","max-image-preview":"max-image-preview:large","max-video-preview":"max-video-preview:-1"},"canonical":"https:\/\/algarve7.pt\/index.php\/2022\/10\/monchique-recebe-quinze-parceiros-do-projeto-cilifo\/ambiente\/16\/59\/","og_locale":"pt_PT","og_type":"article","og_title":"Monchique recebe quinze parceiros do projeto CILIFO - Algarve 7","og_description":"Monchique recebe quinze parceiros do projeto CILIFO Ambiente","og_url":"https:\/\/algarve7.pt\/index.php\/2022\/10\/monchique-recebe-quinze-parceiros-do-projeto-cilifo\/ambiente\/16\/59\/","og_site_name":"Algarve 7","article_publisher":"https:\/\/www.facebook.com\/algarve7","article_author":"https:\/\/www.facebook.com\/algarve7","article_published_time":"2022-10-12T15:59:38+00:00","article_modified_time":"2022-10-12T15:59:57+00:00","og_image":[{"width":1348,"height":802,"url":"https:\/\/algarve7.pt\/wp-content\/uploads\/2022\/10\/Captura-de-ecra\u0303-2022-10-12-a\u0300s-16.57.55.png","type":"image\/png"}],"author":"Algarve 7","twitter_card":"summary_large_image","twitter_creator":"@Algarvesete","twitter_site":"@Algarvesete","twitter_misc":{"Escrito por":"Algarve 7","Tempo estimado de leitura":"4 minutos"},"schema":{"@context":"https:\/\/schema.org","@graph":[{"@type":"Article","@id":"https:\/\/algarve7.pt\/index.php\/2022\/10\/monchique-recebe-quinze-parceiros-do-projeto-cilifo\/ambiente\/16\/59\/#article","isPartOf":{"@id":"https:\/\/algarve7.pt\/index.php\/2022\/10\/monchique-recebe-quinze-parceiros-do-projeto-cilifo\/ambiente\/16\/59\/"},"author":{"name":"Algarve 7","@id":"https:\/\/algarve7.pt\/#\/schema\/person\/23fa70681308e7b319a3204bcea45e0c"},"headline":"Monchique recebe quinze parceiros do projeto CILIFO","datePublished":"2022-10-12T15:59:38+00:00","dateModified":"2022-10-12T15:59:57+00:00","mainEntityOfPage":{"@id":"https:\/\/algarve7.pt\/index.php\/2022\/10\/monchique-recebe-quinze-parceiros-do-projeto-cilifo\/ambiente\/16\/59\/"},"wordCount":630,"publisher":{"@id":"https:\/\/algarve7.pt\/#organization"},"image":{"@id":"https:\/\/algarve7.pt\/index.php\/2022\/10\/monchique-recebe-quinze-parceiros-do-projeto-cilifo\/ambiente\/16\/59\/#primaryimage"},"thumbnailUrl":"https:\/\/algarve7.pt\/wp-content\/uploads\/2022\/10\/Captura-de-ecra\u0303-2022-10-12-a\u0300s-16.57.55.png","keywords":["Algarve","Ambiente","Inc\u00eandio","Monchique"],"articleSection":["Ambiente"],"inLanguage":"pt-PT"},{"@type":"WebPage","@id":"https:\/\/algarve7.pt\/index.php\/2022\/10\/monchique-recebe-quinze-parceiros-do-projeto-cilifo\/ambiente\/16\/59\/","url":"https:\/\/algarve7.pt\/index.php\/2022\/10\/monchique-recebe-quinze-parceiros-do-projeto-cilifo\/ambiente\/16\/59\/","name":"Monchique recebe quinze parceiros do projeto CILIFO - Algarve 7","isPartOf":{"@id":"https:\/\/algarve7.pt\/#website"},"primaryImageOfPage":{"@id":"https:\/\/algarve7.pt\/index.php\/2022\/10\/monchique-recebe-quinze-parceiros-do-projeto-cilifo\/ambiente\/16\/59\/#primaryimage"},"image":{"@id":"https:\/\/algarve7.pt\/index.php\/2022\/10\/monchique-recebe-quinze-parceiros-do-projeto-cilifo\/ambiente\/16\/59\/#primaryimage"},"thumbnailUrl":"https:\/\/algarve7.pt\/wp-content\/uploads\/2022\/10\/Captura-de-ecra\u0303-2022-10-12-a\u0300s-16.57.55.png","datePublished":"2022-10-12T15:59:38+00:00","dateModified":"2022-10-12T15:59:57+00:00","description":"Monchique recebe quinze parceiros do projeto CILIFO Ambiente","breadcrumb":{"@id":"https:\/\/algarve7.pt\/index.php\/2022\/10\/monchique-recebe-quinze-parceiros-do-projeto-cilifo\/ambiente\/16\/59\/#breadcrumb"},"inLanguage":"pt-PT","potentialAction":[{"@type":"ReadAction","target":["https:\/\/algarve7.pt\/index.php\/2022\/10\/monchique-recebe-quinze-parceiros-do-projeto-cilifo\/ambiente\/16\/59\/"]}]},{"@type":"ImageObject","inLanguage":"pt-PT","@id":"https:\/\/algarve7.pt\/index.php\/2022\/10\/monchique-recebe-quinze-parceiros-do-projeto-cilifo\/ambiente\/16\/59\/#primaryimage","url":"https:\/\/algarve7.pt\/wp-content\/uploads\/2022\/10\/Captura-de-ecra\u0303-2022-10-12-a\u0300s-16.57.55.png","contentUrl":"https:\/\/algarve7.pt\/wp-content\/uploads\/2022\/10\/Captura-de-ecra\u0303-2022-10-12-a\u0300s-16.57.55.png","width":1348,"height":802},{"@type":"BreadcrumbList","@id":"https:\/\/algarve7.pt\/index.php\/2022\/10\/monchique-recebe-quinze-parceiros-do-projeto-cilifo\/ambiente\/16\/59\/#breadcrumb","itemListElement":[{"@type":"ListItem","position":1,"name":"In\u00edcio","item":"https:\/\/algarve7.pt\/"},{"@type":"ListItem","position":2,"name":"Monchique recebe quinze parceiros do projeto CILIFO"}]},{"@type":"WebSite","@id":"https:\/\/algarve7.pt\/#website","url":"https:\/\/algarve7.pt\/","name":"Algarve 7","description":"Informa\u00e7\u00e3o sobre o Algarve","publisher":{"@id":"https:\/\/algarve7.pt\/#organization"},"potentialAction":[{"@type":"SearchAction","target":{"@type":"EntryPoint","urlTemplate":"https:\/\/algarve7.pt\/?s={search_term_string}"},"query-input":{"@type":"PropertyValueSpecification","valueRequired":true,"valueName":"search_term_string"}}],"inLanguage":"pt-PT"},{"@type":"Organization","@id":"https:\/\/algarve7.pt\/#organization","name":"Algarve 7","url":"https:\/\/algarve7.pt\/","logo":{"@type":"ImageObject","inLanguage":"pt-PT","@id":"https:\/\/algarve7.pt\/#\/schema\/logo\/image\/","url":"https:\/\/algarve7.pt\/wp-content\/uploads\/2020\/10\/Logo-8.jpg","contentUrl":"https:\/\/algarve7.pt\/wp-content\/uploads\/2020\/10\/Logo-8.jpg","width":1680,"height":1186,"caption":"Algarve 7"},"image":{"@id":"https:\/\/algarve7.pt\/#\/schema\/logo\/image\/"},"sameAs":["https:\/\/www.facebook.com\/algarve7","https:\/\/x.com\/Algarvesete","https:\/\/www.instagram.com\/jornalalgarve7\/","https:\/\/www.linkedin.com\/company\/algarve7","https:\/\/www.pinterest.pt\/geral0939\/_created\/"]},{"@type":"Person","@id":"https:\/\/algarve7.pt\/#\/schema\/person\/23fa70681308e7b319a3204bcea45e0c","name":"Algarve 7","sameAs":["https:\/\/algarve7.pt","https:\/\/www.facebook.com\/algarve7"],"url":"https:\/\/algarve7.pt\/index.php\/author\/geralalgarve7-pt\/"}]}},"jetpack_publicize_connections":[],"jetpack_featured_media_url":"https:\/\/algarve7.pt\/wp-content\/uploads\/2022\/10\/Captura-de-ecra\u0303-2022-10-12-a\u0300s-16.57.55.png","jetpack_shortlink":"https:\/\/wp.me\/pcezmW-5P8","jetpack_sharing_enabled":true,"_links":{"self":[{"href":"https:\/\/algarve7.pt\/index.php\/wp-json\/wp\/v2\/posts\/22390","targetHints":{"allow":["GET"]}}],"collection":[{"href":"https:\/\/algarve7.pt\/index.php\/wp-json\/wp\/v2\/posts"}],"about":[{"href":"https:\/\/algarve7.pt\/index.php\/wp-json\/wp\/v2\/types\/post"}],"author":[{"embeddable":true,"href":"https:\/\/algarve7.pt\/index.php\/wp-json\/wp\/v2\/users\/1"}],"replies":[{"embeddable":true,"href":"https:\/\/algarve7.pt\/index.php\/wp-json\/wp\/v2\/comments?post=22390"}],"version-history":[{"count":0,"href":"https:\/\/algarve7.pt\/index.php\/wp-json\/wp\/v2\/posts\/22390\/revisions"}],"wp:featuredmedia":[{"embeddable":true,"href":"https:\/\/algarve7.pt\/index.php\/wp-json\/wp\/v2\/media\/22393"}],"wp:attachment":[{"href":"https:\/\/algarve7.pt\/index.php\/wp-json\/wp\/v2\/media?parent=22390"}],"wp:term":[{"taxonomy":"category","embeddable":true,"href":"https:\/\/algarve7.pt\/index.php\/wp-json\/wp\/v2\/categories?post=22390"},{"taxonomy":"post_tag","embeddable":true,"href":"https:\/\/algarve7.pt\/index.php\/wp-json\/wp\/v2\/tags?post=22390"}],"curies":[{"name":"wp","href":"https:\/\/api.w.org\/{rel}","templated":true}]}}