{"id":22375,"date":"2022-10-12T16:26:14","date_gmt":"2022-10-12T15:26:14","guid":{"rendered":"https:\/\/algarve7.pt\/?p=22375"},"modified":"2022-10-12T16:26:24","modified_gmt":"2022-10-12T15:26:24","slug":"planalto-do-escarpao-uma-joia-da-geologia-ja-em-livro","status":"publish","type":"post","link":"https:\/\/algarve7.pt\/index.php\/2022\/10\/planalto-do-escarpao-uma-joia-da-geologia-ja-em-livro\/ambiente\/16\/26\/","title":{"rendered":"Planalto do escarp\u00e3o, uma \u201cjoia da geologia\u201d j\u00e1 em livro"},"content":{"rendered":"\n<p>Foi ao final da tarde de 6 de outubro, dia em que ao longo de muitos anos as aulas arrancavam em Portugal, que nasceu o livro \u201cUma Hist\u00f3ria com Muitos Milh\u00f5es de Anos \u2013 Do oceano Thetys ao barrocal do Algarve\u201d, decorrente de investiga\u00e7\u00f5es levadas a cabo pela ge\u00f3loga Delminda Moura, da Universidade do Algarve, coadjuvada pela investigadora S\u00f3nia Oliveira. O convite partiu do presidente da C\u00e2mara Municipal de Albufeira, Jos\u00e9 Carlos Rolo, com o compromisso de Cristina Veiga-Pires, diretora cient\u00edfica do Algarvensis \u2013 Loul\u00e9, Silves, Albufeira, aspirante a Geoparque Mundial da UNESCO, e de Lu\u00eds Pereira, coordenador no Munic\u00edpio de Albufeira respons\u00e1vel pela candidatura do Algarvensis \u00e0 UNESCO. O pref\u00e1cio da obra \u00e9 assinado por Nuno Pimentel, ge\u00f3logo e coordenador cient\u00edfico do aspirante Geoparque Oeste.<\/p>\n\n\n\n<p>Como tal, o espa\u00e7o escolhido para o nascimento do livro foi uma sala de aula da antiga Escola do Cerro d\u2019Ouro, em Paderne, que \u00e9 hoje um Centro Educativo e que recria com objetos e imagens o que era a \u201cescola do antigamente\u201d. Neste dia 6 de outubro celebrou-se tamb\u00e9m, pela primeira vez, o Dia Internacional da Geodiversidade. N\u00e3o deixaram de assistir ao nascimento deste livro diversos interessados nomeadamente o Presidente da CCDR Algarve, Jos\u00e9 Apolin\u00e1rio, a vice-reitora da Universidade do Algarve, Ana de Freitas, e o diretor da APA \u2013 Ag\u00eancia Portuguesa do Ambiente\/ ARH \u2013 Administra\u00e7\u00e3o da Regi\u00e3o Hidrogr\u00e1fica do Algarve, Pedro Coelho, entre outros. Presen\u00e7a de excel\u00eancia foi a de duas artes\u00e3s padernenses, No\u00e9mia Domingues e Maria In\u00eas, fazendo \u201cempreita de palma\u201d \u00e0 moda das av\u00f3s, que outrora faziam este trabalho por um pre\u00e7o ajustado \u00e0 \u201cempreitada\u201d, fornecendo recipientes para o transporte e embalamento dos produtos agr\u00edcolas. Desde logo foram convidadas por Cristina Veiga-Pires, a reproduzirem alguns dos f\u00f3sseis dos corais existentes no Planalto. E enquanto entrela\u00e7avam as folhas secas de palmeira an\u00e3, \u00e0 maneira dos antigos ser\u00f5es de inverno, foram ouvindo as hist\u00f3rias que marcaram a vida deste novo livro, que como frisou Delminda Moura, \u201cpermite uma vis\u00e3o integrada desde o tempo que tudo isto era o oceano Thetys, ou seja, desde que a Europa era um conjunto de ilhas, at\u00e9 \u00e0 a\u00e7\u00e3o do homem que fez os muros de pedra seca para despedregar o solo para fins agr\u00edcolas e, deste modo fazerem a divis\u00e3o do territ\u00f3rio\u201d, na constru\u00e7\u00e3o de valados. Um momento alto na interven\u00e7\u00e3o desta cientista prendeu-se com a recorda\u00e7\u00e3o das investiga\u00e7\u00f5es em torno do Planalto do Escarp\u00e3o, \u201cuma joia da Geologia em Portugal\u201d nos anos 80, altura em os alunos da Universidade de Lisboa se deslocavam ao Algarve para pesquisas, acompanhadas pelos seus mestres, nomeadamente, o c\u00e9lebre Miguel Magalh\u00e3es Ramalho, Rog\u00e9rio Rocha e Ant\u00f3nio Augusto Ribeiro, entre outros. \u201cV\u00ednhamos ver o oceano f\u00f3ssil para apresentarmos trabalhos sobre os ecossistemas existentes nesta plataforma de corais, um conjunto imenso de microorganismos, pois este topo, esta dobra resultante da subida das massas de sal, apresenta as \u00faltimas formas dos antigos seres continentais<s>,<\/s> entretanto desaparecidas\u201d.<\/p>\n\n\n\n<p>O presidente da C\u00e2mara Municipal, Jos\u00e9 Carlos Rolo, visivelmente satisfeito com o livro, congratulou os autores e, sem rodeios, afirmou: \u201cqueremos o selo da UNESCO neste territ\u00f3rio\u201d, salientando ainda a tripla resposta que o reconhecimento da UNESCO trar\u00e1 \u00e0 regi\u00e3o, no eixo da ci\u00eancia, no do geoturismo e no da valoriza\u00e7\u00e3o do territ\u00f3rio. \u201c\u00c9 a hora de devolver o poder \u00e0 Terra\u201d, referiu, terminando a sua interven\u00e7\u00e3o dizendo que ao olharmos o atual planalto calc\u00e1rio do Escarp\u00e3o vemos nele o passado do mar e sobre este \u201cn\u00e3o encontramos vest\u00edgios do seu come\u00e7o, mas tamb\u00e9m n\u00e3o temos nenhuma perspetiva do seu fim\u201d, parafraseando James Hutton, considerado por muitos como o pai da geologia moderna.<\/p>\n\n\n\n<p>Lu\u00eds Pereira justificou a exist\u00eancia desta obra nos seus diversos eixos de pertin\u00eancia, afirmando que corresponde ao dealbar de um novo ciclo econ\u00f3mico dos territ\u00f3rios, uma nova postura perante o espa\u00e7o geogr\u00e1fico e geol\u00f3gico, sendo que \u201ceste livro apresenta a evolu\u00e7\u00e3o do tempo geol\u00f3gico, desde h\u00e1 4600 milh\u00f5es de anos, e os conceitos que se foram formando, apresentando assim uma sequ\u00eancia mais completa daquilo que foi o Jur\u00e1ssico superior. Tudo numa linguagem simples e did\u00e1tica, que permite que qualquer pessoa possa ser cientista\u201d. A inten\u00e7\u00e3o \u00e9 que a nova publica\u00e7\u00e3o venha a ser uma presen\u00e7a nas salas de aula e um instrumento de trabalho e de descobertas.<\/p>\n\n\n\n<p>Neste lan\u00e7amento, a boa hospitalidade do Centro Educativo do Cerro d\u2019Ouro brindou os presentes com diversos doces a partir dos produtos aut\u00f3ctones, pontuando a am\u00eandoa e o figo, a laranja e os ch\u00e1s de ervas, tendo sido oferecido um livro a todos os presentes. Em formato de papel, este livro encontra-se j\u00e1 na Biblioteca Municipal L\u00eddia Jorge e bibliotecas escolares de Albufeira, e em breve tamb\u00e9m na Universidade do Algarve, Centros de Ci\u00eancia Viva do Algarve e bibliotecas dos Munic\u00edpios de Loul\u00e9 e Silves. Entretanto, \u00e9 j\u00e1 poss\u00edvel aceder gratuitamente \u00e0 publica\u00e7\u00e3o em suporte digital nos portais:<\/p>\n\n\n\n<p>\u2013 Sapientia da Ualg\u201d (<a href=\"https:\/\/sapientia.ualg.pt\/handle\/10400.1\/17873\" target=\"_blank\" rel=\"noreferrer noopener\">https:\/\/sapientia.ualg.pt\/handle\/10400.1\/17873<\/a>;<\/p>\n\n\n\n<p>\u2013 site do aspirante Geoparque Algarvensis (<a href=\"https:\/\/www.geoparquealgarvensis.pt\/aprender-e-sensibilizar\/recursos-online\" target=\"_blank\" rel=\"noreferrer noopener\">https:\/\/www.geoparquealgarvensis.pt\/aprender-e-sensibilizar\/recursos-online<\/a>)<\/p>\n\n\n\n<p>\u2013 e no \u201cZenodo &#8211; comunidade Algarvensis\u201d (<a href=\"https:\/\/zenodo.org\/record\/7186965#.Y0XosexBw-Q\" target=\"_blank\" rel=\"noreferrer noopener\">https:\/\/zenodo.org\/record\/7186965#.Y0XosexBw-Q<\/a>)<\/p>\n","protected":false},"excerpt":{"rendered":"<p>Foi ao final da tarde de 6 de outubro, dia em que ao longo de muitos anos as aulas arrancavam<\/p>\n","protected":false},"author":1,"featured_media":22376,"comment_status":"closed","ping_status":"open","sticky":false,"template":"","format":"standard","meta":{"colormag_page_container_layout":"default_layout","colormag_page_sidebar_layout":"default_layout","_monsterinsights_skip_tracking":false,"_monsterinsights_sitenote_active":false,"_monsterinsights_sitenote_note":"","_monsterinsights_sitenote_category":0,"jetpack_post_was_ever_published":false,"_jetpack_newsletter_access":"","_jetpack_dont_email_post_to_subs":false,"_jetpack_newsletter_tier_id":0,"_jetpack_memberships_contains_paywalled_content":false,"_jetpack_memberships_contains_paid_content":false,"footnotes":"","jetpack_publicize_message":"","jetpack_publicize_feature_enabled":true,"jetpack_social_post_already_shared":true,"jetpack_social_options":{"image_generator_settings":{"template":"highway","default_image_id":0,"font":"","enabled":false},"version":2}},"categories":[5],"tags":[155,36,32,35,201],"class_list":["post-22375","post","type-post","status-publish","format-standard","has-post-thumbnail","hentry","category-ambiente","tag-albufeira","tag-algarve","tag-ambiente","tag-cultura","tag-livros"],"yoast_head":"<!-- This site is optimized with the Yoast SEO plugin v27.5 - https:\/\/yoast.com\/product\/yoast-seo-wordpress\/ -->\n<title>Planalto do escarp\u00e3o, uma \u201cjoia da geologia\u201d j\u00e1 em livro - Algarve 7<\/title>\n<meta name=\"description\" content=\"Planalto do escarp\u00e3o, uma \u201cjoia da geologia\u201d j\u00e1 em livro Ambiente\" \/>\n<meta name=\"robots\" content=\"index, follow, max-snippet:-1, max-image-preview:large, max-video-preview:-1\" \/>\n<link rel=\"canonical\" href=\"https:\/\/algarve7.pt\/index.php\/2022\/10\/planalto-do-escarpao-uma-joia-da-geologia-ja-em-livro\/ambiente\/16\/26\/\" \/>\n<meta property=\"og:locale\" content=\"pt_PT\" \/>\n<meta property=\"og:type\" content=\"article\" \/>\n<meta property=\"og:title\" content=\"Planalto do escarp\u00e3o, uma \u201cjoia da geologia\u201d j\u00e1 em livro - Algarve 7\" \/>\n<meta property=\"og:description\" content=\"Planalto do escarp\u00e3o, uma \u201cjoia da geologia\u201d j\u00e1 em livro Ambiente\" \/>\n<meta property=\"og:url\" content=\"https:\/\/algarve7.pt\/index.php\/2022\/10\/planalto-do-escarpao-uma-joia-da-geologia-ja-em-livro\/ambiente\/16\/26\/\" \/>\n<meta property=\"og:site_name\" content=\"Algarve 7\" \/>\n<meta property=\"article:publisher\" content=\"https:\/\/www.facebook.com\/algarve7\" \/>\n<meta property=\"article:author\" content=\"https:\/\/www.facebook.com\/algarve7\" \/>\n<meta property=\"article:published_time\" content=\"2022-10-12T15:26:14+00:00\" \/>\n<meta property=\"article:modified_time\" content=\"2022-10-12T15:26:24+00:00\" \/>\n<meta property=\"og:image\" content=\"https:\/\/algarve7.pt\/wp-content\/uploads\/2022\/10\/7-CMA\u00a9RuiGregorio_4278.jpg\" \/>\n\t<meta property=\"og:image:width\" content=\"1024\" \/>\n\t<meta property=\"og:image:height\" content=\"681\" \/>\n\t<meta property=\"og:image:type\" content=\"image\/jpeg\" \/>\n<meta name=\"author\" content=\"Algarve 7\" \/>\n<meta name=\"twitter:card\" content=\"summary_large_image\" \/>\n<meta name=\"twitter:creator\" content=\"@Algarvesete\" \/>\n<meta name=\"twitter:site\" content=\"@Algarvesete\" \/>\n<meta name=\"twitter:label1\" content=\"Escrito por\" \/>\n\t<meta name=\"twitter:data1\" content=\"Algarve 7\" \/>\n\t<meta name=\"twitter:label2\" content=\"Tempo estimado de leitura\" \/>\n\t<meta name=\"twitter:data2\" content=\"5 minutos\" \/>\n<script type=\"application\/ld+json\" class=\"yoast-schema-graph\">{\"@context\":\"https:\\\/\\\/schema.org\",\"@graph\":[{\"@type\":\"Article\",\"@id\":\"https:\\\/\\\/algarve7.pt\\\/index.php\\\/2022\\\/10\\\/planalto-do-escarpao-uma-joia-da-geologia-ja-em-livro\\\/ambiente\\\/16\\\/26\\\/#article\",\"isPartOf\":{\"@id\":\"https:\\\/\\\/algarve7.pt\\\/index.php\\\/2022\\\/10\\\/planalto-do-escarpao-uma-joia-da-geologia-ja-em-livro\\\/ambiente\\\/16\\\/26\\\/\"},\"author\":{\"name\":\"Algarve 7\",\"@id\":\"https:\\\/\\\/algarve7.pt\\\/#\\\/schema\\\/person\\\/23fa70681308e7b319a3204bcea45e0c\"},\"headline\":\"Planalto do escarp\u00e3o, uma \u201cjoia da geologia\u201d j\u00e1 em livro\",\"datePublished\":\"2022-10-12T15:26:14+00:00\",\"dateModified\":\"2022-10-12T15:26:24+00:00\",\"mainEntityOfPage\":{\"@id\":\"https:\\\/\\\/algarve7.pt\\\/index.php\\\/2022\\\/10\\\/planalto-do-escarpao-uma-joia-da-geologia-ja-em-livro\\\/ambiente\\\/16\\\/26\\\/\"},\"wordCount\":914,\"publisher\":{\"@id\":\"https:\\\/\\\/algarve7.pt\\\/#organization\"},\"image\":{\"@id\":\"https:\\\/\\\/algarve7.pt\\\/index.php\\\/2022\\\/10\\\/planalto-do-escarpao-uma-joia-da-geologia-ja-em-livro\\\/ambiente\\\/16\\\/26\\\/#primaryimage\"},\"thumbnailUrl\":\"https:\\\/\\\/algarve7.pt\\\/wp-content\\\/uploads\\\/2022\\\/10\\\/7-CMA\u00a9RuiGregorio_4278.jpg\",\"keywords\":[\"Albufeira\",\"Algarve\",\"Ambiente\",\"Cultura\",\"Livros\"],\"articleSection\":[\"Ambiente\"],\"inLanguage\":\"pt-PT\"},{\"@type\":\"WebPage\",\"@id\":\"https:\\\/\\\/algarve7.pt\\\/index.php\\\/2022\\\/10\\\/planalto-do-escarpao-uma-joia-da-geologia-ja-em-livro\\\/ambiente\\\/16\\\/26\\\/\",\"url\":\"https:\\\/\\\/algarve7.pt\\\/index.php\\\/2022\\\/10\\\/planalto-do-escarpao-uma-joia-da-geologia-ja-em-livro\\\/ambiente\\\/16\\\/26\\\/\",\"name\":\"Planalto do escarp\u00e3o, uma \u201cjoia da geologia\u201d j\u00e1 em livro - Algarve 7\",\"isPartOf\":{\"@id\":\"https:\\\/\\\/algarve7.pt\\\/#website\"},\"primaryImageOfPage\":{\"@id\":\"https:\\\/\\\/algarve7.pt\\\/index.php\\\/2022\\\/10\\\/planalto-do-escarpao-uma-joia-da-geologia-ja-em-livro\\\/ambiente\\\/16\\\/26\\\/#primaryimage\"},\"image\":{\"@id\":\"https:\\\/\\\/algarve7.pt\\\/index.php\\\/2022\\\/10\\\/planalto-do-escarpao-uma-joia-da-geologia-ja-em-livro\\\/ambiente\\\/16\\\/26\\\/#primaryimage\"},\"thumbnailUrl\":\"https:\\\/\\\/algarve7.pt\\\/wp-content\\\/uploads\\\/2022\\\/10\\\/7-CMA\u00a9RuiGregorio_4278.jpg\",\"datePublished\":\"2022-10-12T15:26:14+00:00\",\"dateModified\":\"2022-10-12T15:26:24+00:00\",\"description\":\"Planalto do escarp\u00e3o, uma \u201cjoia da geologia\u201d j\u00e1 em livro Ambiente\",\"breadcrumb\":{\"@id\":\"https:\\\/\\\/algarve7.pt\\\/index.php\\\/2022\\\/10\\\/planalto-do-escarpao-uma-joia-da-geologia-ja-em-livro\\\/ambiente\\\/16\\\/26\\\/#breadcrumb\"},\"inLanguage\":\"pt-PT\",\"potentialAction\":[{\"@type\":\"ReadAction\",\"target\":[\"https:\\\/\\\/algarve7.pt\\\/index.php\\\/2022\\\/10\\\/planalto-do-escarpao-uma-joia-da-geologia-ja-em-livro\\\/ambiente\\\/16\\\/26\\\/\"]}]},{\"@type\":\"ImageObject\",\"inLanguage\":\"pt-PT\",\"@id\":\"https:\\\/\\\/algarve7.pt\\\/index.php\\\/2022\\\/10\\\/planalto-do-escarpao-uma-joia-da-geologia-ja-em-livro\\\/ambiente\\\/16\\\/26\\\/#primaryimage\",\"url\":\"https:\\\/\\\/algarve7.pt\\\/wp-content\\\/uploads\\\/2022\\\/10\\\/7-CMA\u00a9RuiGregorio_4278.jpg\",\"contentUrl\":\"https:\\\/\\\/algarve7.pt\\\/wp-content\\\/uploads\\\/2022\\\/10\\\/7-CMA\u00a9RuiGregorio_4278.jpg\",\"width\":1024,\"height\":681},{\"@type\":\"BreadcrumbList\",\"@id\":\"https:\\\/\\\/algarve7.pt\\\/index.php\\\/2022\\\/10\\\/planalto-do-escarpao-uma-joia-da-geologia-ja-em-livro\\\/ambiente\\\/16\\\/26\\\/#breadcrumb\",\"itemListElement\":[{\"@type\":\"ListItem\",\"position\":1,\"name\":\"In\u00edcio\",\"item\":\"https:\\\/\\\/algarve7.pt\\\/\"},{\"@type\":\"ListItem\",\"position\":2,\"name\":\"Planalto do escarp\u00e3o, uma \u201cjoia da geologia\u201d j\u00e1 em livro\"}]},{\"@type\":\"WebSite\",\"@id\":\"https:\\\/\\\/algarve7.pt\\\/#website\",\"url\":\"https:\\\/\\\/algarve7.pt\\\/\",\"name\":\"Algarve 7\",\"description\":\"Informa\u00e7\u00e3o sobre o Algarve\",\"publisher\":{\"@id\":\"https:\\\/\\\/algarve7.pt\\\/#organization\"},\"potentialAction\":[{\"@type\":\"SearchAction\",\"target\":{\"@type\":\"EntryPoint\",\"urlTemplate\":\"https:\\\/\\\/algarve7.pt\\\/?s={search_term_string}\"},\"query-input\":{\"@type\":\"PropertyValueSpecification\",\"valueRequired\":true,\"valueName\":\"search_term_string\"}}],\"inLanguage\":\"pt-PT\"},{\"@type\":\"Organization\",\"@id\":\"https:\\\/\\\/algarve7.pt\\\/#organization\",\"name\":\"Algarve 7\",\"url\":\"https:\\\/\\\/algarve7.pt\\\/\",\"logo\":{\"@type\":\"ImageObject\",\"inLanguage\":\"pt-PT\",\"@id\":\"https:\\\/\\\/algarve7.pt\\\/#\\\/schema\\\/logo\\\/image\\\/\",\"url\":\"https:\\\/\\\/algarve7.pt\\\/wp-content\\\/uploads\\\/2020\\\/10\\\/Logo-8.jpg\",\"contentUrl\":\"https:\\\/\\\/algarve7.pt\\\/wp-content\\\/uploads\\\/2020\\\/10\\\/Logo-8.jpg\",\"width\":1680,\"height\":1186,\"caption\":\"Algarve 7\"},\"image\":{\"@id\":\"https:\\\/\\\/algarve7.pt\\\/#\\\/schema\\\/logo\\\/image\\\/\"},\"sameAs\":[\"https:\\\/\\\/www.facebook.com\\\/algarve7\",\"https:\\\/\\\/x.com\\\/Algarvesete\",\"https:\\\/\\\/www.instagram.com\\\/jornalalgarve7\\\/\",\"https:\\\/\\\/www.linkedin.com\\\/company\\\/algarve7\",\"https:\\\/\\\/www.pinterest.pt\\\/geral0939\\\/_created\\\/\"]},{\"@type\":\"Person\",\"@id\":\"https:\\\/\\\/algarve7.pt\\\/#\\\/schema\\\/person\\\/23fa70681308e7b319a3204bcea45e0c\",\"name\":\"Algarve 7\",\"sameAs\":[\"https:\\\/\\\/algarve7.pt\",\"https:\\\/\\\/www.facebook.com\\\/algarve7\"],\"url\":\"https:\\\/\\\/algarve7.pt\\\/index.php\\\/author\\\/geralalgarve7-pt\\\/\"}]}<\/script>\n<!-- \/ Yoast SEO plugin. -->","yoast_head_json":{"title":"Planalto do escarp\u00e3o, uma \u201cjoia da geologia\u201d j\u00e1 em livro - Algarve 7","description":"Planalto do escarp\u00e3o, uma \u201cjoia da geologia\u201d j\u00e1 em livro Ambiente","robots":{"index":"index","follow":"follow","max-snippet":"max-snippet:-1","max-image-preview":"max-image-preview:large","max-video-preview":"max-video-preview:-1"},"canonical":"https:\/\/algarve7.pt\/index.php\/2022\/10\/planalto-do-escarpao-uma-joia-da-geologia-ja-em-livro\/ambiente\/16\/26\/","og_locale":"pt_PT","og_type":"article","og_title":"Planalto do escarp\u00e3o, uma \u201cjoia da geologia\u201d j\u00e1 em livro - Algarve 7","og_description":"Planalto do escarp\u00e3o, uma \u201cjoia da geologia\u201d j\u00e1 em livro Ambiente","og_url":"https:\/\/algarve7.pt\/index.php\/2022\/10\/planalto-do-escarpao-uma-joia-da-geologia-ja-em-livro\/ambiente\/16\/26\/","og_site_name":"Algarve 7","article_publisher":"https:\/\/www.facebook.com\/algarve7","article_author":"https:\/\/www.facebook.com\/algarve7","article_published_time":"2022-10-12T15:26:14+00:00","article_modified_time":"2022-10-12T15:26:24+00:00","og_image":[{"width":1024,"height":681,"url":"https:\/\/algarve7.pt\/wp-content\/uploads\/2022\/10\/7-CMA\u00a9RuiGregorio_4278.jpg","type":"image\/jpeg"}],"author":"Algarve 7","twitter_card":"summary_large_image","twitter_creator":"@Algarvesete","twitter_site":"@Algarvesete","twitter_misc":{"Escrito por":"Algarve 7","Tempo estimado de leitura":"5 minutos"},"schema":{"@context":"https:\/\/schema.org","@graph":[{"@type":"Article","@id":"https:\/\/algarve7.pt\/index.php\/2022\/10\/planalto-do-escarpao-uma-joia-da-geologia-ja-em-livro\/ambiente\/16\/26\/#article","isPartOf":{"@id":"https:\/\/algarve7.pt\/index.php\/2022\/10\/planalto-do-escarpao-uma-joia-da-geologia-ja-em-livro\/ambiente\/16\/26\/"},"author":{"name":"Algarve 7","@id":"https:\/\/algarve7.pt\/#\/schema\/person\/23fa70681308e7b319a3204bcea45e0c"},"headline":"Planalto do escarp\u00e3o, uma \u201cjoia da geologia\u201d j\u00e1 em livro","datePublished":"2022-10-12T15:26:14+00:00","dateModified":"2022-10-12T15:26:24+00:00","mainEntityOfPage":{"@id":"https:\/\/algarve7.pt\/index.php\/2022\/10\/planalto-do-escarpao-uma-joia-da-geologia-ja-em-livro\/ambiente\/16\/26\/"},"wordCount":914,"publisher":{"@id":"https:\/\/algarve7.pt\/#organization"},"image":{"@id":"https:\/\/algarve7.pt\/index.php\/2022\/10\/planalto-do-escarpao-uma-joia-da-geologia-ja-em-livro\/ambiente\/16\/26\/#primaryimage"},"thumbnailUrl":"https:\/\/algarve7.pt\/wp-content\/uploads\/2022\/10\/7-CMA\u00a9RuiGregorio_4278.jpg","keywords":["Albufeira","Algarve","Ambiente","Cultura","Livros"],"articleSection":["Ambiente"],"inLanguage":"pt-PT"},{"@type":"WebPage","@id":"https:\/\/algarve7.pt\/index.php\/2022\/10\/planalto-do-escarpao-uma-joia-da-geologia-ja-em-livro\/ambiente\/16\/26\/","url":"https:\/\/algarve7.pt\/index.php\/2022\/10\/planalto-do-escarpao-uma-joia-da-geologia-ja-em-livro\/ambiente\/16\/26\/","name":"Planalto do escarp\u00e3o, uma \u201cjoia da geologia\u201d j\u00e1 em livro - Algarve 7","isPartOf":{"@id":"https:\/\/algarve7.pt\/#website"},"primaryImageOfPage":{"@id":"https:\/\/algarve7.pt\/index.php\/2022\/10\/planalto-do-escarpao-uma-joia-da-geologia-ja-em-livro\/ambiente\/16\/26\/#primaryimage"},"image":{"@id":"https:\/\/algarve7.pt\/index.php\/2022\/10\/planalto-do-escarpao-uma-joia-da-geologia-ja-em-livro\/ambiente\/16\/26\/#primaryimage"},"thumbnailUrl":"https:\/\/algarve7.pt\/wp-content\/uploads\/2022\/10\/7-CMA\u00a9RuiGregorio_4278.jpg","datePublished":"2022-10-12T15:26:14+00:00","dateModified":"2022-10-12T15:26:24+00:00","description":"Planalto do escarp\u00e3o, uma \u201cjoia da geologia\u201d j\u00e1 em livro Ambiente","breadcrumb":{"@id":"https:\/\/algarve7.pt\/index.php\/2022\/10\/planalto-do-escarpao-uma-joia-da-geologia-ja-em-livro\/ambiente\/16\/26\/#breadcrumb"},"inLanguage":"pt-PT","potentialAction":[{"@type":"ReadAction","target":["https:\/\/algarve7.pt\/index.php\/2022\/10\/planalto-do-escarpao-uma-joia-da-geologia-ja-em-livro\/ambiente\/16\/26\/"]}]},{"@type":"ImageObject","inLanguage":"pt-PT","@id":"https:\/\/algarve7.pt\/index.php\/2022\/10\/planalto-do-escarpao-uma-joia-da-geologia-ja-em-livro\/ambiente\/16\/26\/#primaryimage","url":"https:\/\/algarve7.pt\/wp-content\/uploads\/2022\/10\/7-CMA\u00a9RuiGregorio_4278.jpg","contentUrl":"https:\/\/algarve7.pt\/wp-content\/uploads\/2022\/10\/7-CMA\u00a9RuiGregorio_4278.jpg","width":1024,"height":681},{"@type":"BreadcrumbList","@id":"https:\/\/algarve7.pt\/index.php\/2022\/10\/planalto-do-escarpao-uma-joia-da-geologia-ja-em-livro\/ambiente\/16\/26\/#breadcrumb","itemListElement":[{"@type":"ListItem","position":1,"name":"In\u00edcio","item":"https:\/\/algarve7.pt\/"},{"@type":"ListItem","position":2,"name":"Planalto do escarp\u00e3o, uma \u201cjoia da geologia\u201d j\u00e1 em livro"}]},{"@type":"WebSite","@id":"https:\/\/algarve7.pt\/#website","url":"https:\/\/algarve7.pt\/","name":"Algarve 7","description":"Informa\u00e7\u00e3o sobre o Algarve","publisher":{"@id":"https:\/\/algarve7.pt\/#organization"},"potentialAction":[{"@type":"SearchAction","target":{"@type":"EntryPoint","urlTemplate":"https:\/\/algarve7.pt\/?s={search_term_string}"},"query-input":{"@type":"PropertyValueSpecification","valueRequired":true,"valueName":"search_term_string"}}],"inLanguage":"pt-PT"},{"@type":"Organization","@id":"https:\/\/algarve7.pt\/#organization","name":"Algarve 7","url":"https:\/\/algarve7.pt\/","logo":{"@type":"ImageObject","inLanguage":"pt-PT","@id":"https:\/\/algarve7.pt\/#\/schema\/logo\/image\/","url":"https:\/\/algarve7.pt\/wp-content\/uploads\/2020\/10\/Logo-8.jpg","contentUrl":"https:\/\/algarve7.pt\/wp-content\/uploads\/2020\/10\/Logo-8.jpg","width":1680,"height":1186,"caption":"Algarve 7"},"image":{"@id":"https:\/\/algarve7.pt\/#\/schema\/logo\/image\/"},"sameAs":["https:\/\/www.facebook.com\/algarve7","https:\/\/x.com\/Algarvesete","https:\/\/www.instagram.com\/jornalalgarve7\/","https:\/\/www.linkedin.com\/company\/algarve7","https:\/\/www.pinterest.pt\/geral0939\/_created\/"]},{"@type":"Person","@id":"https:\/\/algarve7.pt\/#\/schema\/person\/23fa70681308e7b319a3204bcea45e0c","name":"Algarve 7","sameAs":["https:\/\/algarve7.pt","https:\/\/www.facebook.com\/algarve7"],"url":"https:\/\/algarve7.pt\/index.php\/author\/geralalgarve7-pt\/"}]}},"jetpack_publicize_connections":[],"jetpack_featured_media_url":"https:\/\/algarve7.pt\/wp-content\/uploads\/2022\/10\/7-CMA\u00a9RuiGregorio_4278.jpg","jetpack_shortlink":"https:\/\/wp.me\/pcezmW-5OT","jetpack_sharing_enabled":true,"_links":{"self":[{"href":"https:\/\/algarve7.pt\/index.php\/wp-json\/wp\/v2\/posts\/22375","targetHints":{"allow":["GET"]}}],"collection":[{"href":"https:\/\/algarve7.pt\/index.php\/wp-json\/wp\/v2\/posts"}],"about":[{"href":"https:\/\/algarve7.pt\/index.php\/wp-json\/wp\/v2\/types\/post"}],"author":[{"embeddable":true,"href":"https:\/\/algarve7.pt\/index.php\/wp-json\/wp\/v2\/users\/1"}],"replies":[{"embeddable":true,"href":"https:\/\/algarve7.pt\/index.php\/wp-json\/wp\/v2\/comments?post=22375"}],"version-history":[{"count":0,"href":"https:\/\/algarve7.pt\/index.php\/wp-json\/wp\/v2\/posts\/22375\/revisions"}],"wp:featuredmedia":[{"embeddable":true,"href":"https:\/\/algarve7.pt\/index.php\/wp-json\/wp\/v2\/media\/22376"}],"wp:attachment":[{"href":"https:\/\/algarve7.pt\/index.php\/wp-json\/wp\/v2\/media?parent=22375"}],"wp:term":[{"taxonomy":"category","embeddable":true,"href":"https:\/\/algarve7.pt\/index.php\/wp-json\/wp\/v2\/categories?post=22375"},{"taxonomy":"post_tag","embeddable":true,"href":"https:\/\/algarve7.pt\/index.php\/wp-json\/wp\/v2\/tags?post=22375"}],"curies":[{"name":"wp","href":"https:\/\/api.w.org\/{rel}","templated":true}]}}