{"id":22343,"date":"2022-10-12T09:55:10","date_gmt":"2022-10-12T08:55:10","guid":{"rendered":"https:\/\/algarve7.pt\/?p=22343"},"modified":"2022-10-12T09:55:19","modified_gmt":"2022-10-12T08:55:19","slug":"faro-inaugura-loja-casa-nova-para-atribuicao-de-habitacoes-a-custos-controlados","status":"publish","type":"post","link":"https:\/\/algarve7.pt\/index.php\/2022\/10\/faro-inaugura-loja-casa-nova-para-atribuicao-de-habitacoes-a-custos-controlados\/economia\/09\/55\/","title":{"rendered":"Faro inaugura loja \u201ccasa nova\u201d para atribui\u00e7\u00e3o de habita\u00e7\u00f5es a custos controlados"},"content":{"rendered":"\n<p>O Munic\u00edpio de Faro inaugurou na passada sexta-feira, dia 6 de outubro, a loja Casa Nova Faro, no \u00e2mbito do programa de atribui\u00e7\u00e3o de habita\u00e7\u00f5es a custos controlados em Faro. Ao todo, no \u00e2mbito deste processo, ser\u00e3o postos a concurso um total de 90 fogos em constru\u00e7\u00e3o (18 de tipologia T1, 38 de tipologia T2 e 34 de tipologia T3), dirigidos a diferentes perfis de fam\u00edlias, e que dever\u00e3o estar prontos a habitar at\u00e9 ao final do ano de 2023.<\/p>\n\n\n\n<p>Iniciativa conjunta da Autarquia e do Grupo Ferreira Build Power, respons\u00e1vel pela constru\u00e7\u00e3o destas novas habita\u00e7\u00f5es, o espa\u00e7o Casa Nova, a funcionar desde sexta-feira passada na Rua Lethes, n. \u00ba 42\/ 44, na baixa da cidade de Faro, permite agora que os interessados possam obter toda a informa\u00e7\u00e3o necess\u00e1ria sobre os fogos a concurso e ajuda para formalizar a candidatura.<\/p>\n\n\n\n<p>Dos 90 apartamentos em dois blocos j\u00e1 em constru\u00e7\u00e3o na zona da Lejana de Baixo, junto \u00e0 Estrada da Senhora da Sa\u00fade e Rua Capit\u00e3es de Abril (paralela \u00e0 Avenida Calouste Gulbenkian), 60 por cento dever\u00e3o ser atribu\u00eddos a jovens at\u00e9 aos 35 anos, 20 por cento a pessoas com defici\u00eancia e os restantes 20 por cento ao contingente geral, que abrange o resto da popula\u00e7\u00e3o.<\/p>\n\n\n\n<p>Os fogos a concurso dever\u00e3o ser de tipologia adequada \u00e0 composi\u00e7\u00e3o do agregado familiar, de forma a evitar situa\u00e7\u00f5es de sobreocupa\u00e7\u00e3o ou subocupa\u00e7\u00e3o.<\/p>\n\n\n\n<p>Todos os apartamentos ter\u00e3o varandas e estacionamento e dimens\u00f5es estipuladas pelo Instituto da Habita\u00e7\u00e3o e da Reabilita\u00e7\u00e3o Urbana (IHRU). Os pre\u00e7os das habita\u00e7\u00f5es variam entre os 104.750 euros, no caso dos T1, e os 216.250 euros, no caso dos T3, custos bem abaixo dos pre\u00e7os de mercado e igualmente definidos pelo IHRU, que rondam cerca de 2 mil euros por metro quadrado.<\/p>\n\n\n\n<p>Poder\u00e3o concorrer cidad\u00e3os com idade superior a 18 anos; cidad\u00e3os nacionais ou estrangeiros desde que detentores do t\u00edtulo de resid\u00eancia em territ\u00f3rio nacional, h\u00e1 cinco anos ou mais; residir no concelho de Faro h\u00e1 dois anos ou mais, ininterruptamente, ou nos \u00faltimos dez anos, ter residido, no m\u00ednimo cinco anos no concelho; que nenhum elemento do agregado familiar seja propriet\u00e1rio ou de detentor de outro t\u00edtulo de pr\u00e9dio urbano ou frac\u00e7\u00e3o destinada \u00e0 habita\u00e7\u00e3o; todos os elementos do agregado familiar com mais de 18 anos t\u00eam que ter a sua situa\u00e7\u00e3o regularizada perante a Autoridade Tribut\u00e1ria e Aduaneira e a Seguran\u00e7a Social, bem como perante o Munic\u00edpio de Faro e as suas empresas municipais.<\/p>\n\n\n\n<p>O processo de candidaturas, que ser\u00e1 devidamente anunciado em edital, dever\u00e1 decorrer entre os dias 1 de novembro e 31 de dezembro.<\/p>\n\n\n\n<p>A constru\u00e7\u00e3o de habita\u00e7\u00e3o a custos controlados \u00e9 um dos cinco eixos preconizados na Estrat\u00e9gia Local de Habita\u00e7\u00e3o \u2013 Munic\u00edpio de Faro (2018 \u2013 2025), a par da reabilita\u00e7\u00e3o, realojamento de agregados familiares em grave car\u00eancia habitacional, constru\u00e7\u00e3o de habita\u00e7\u00e3o municipal para arrendamento apoiado e acompanhamento de processos de autopromo\u00e7\u00e3o de solu\u00e7\u00f5es habitacionais.<\/p>\n\n\n\n<p>No \u00e2mbito da inaugura\u00e7\u00e3o da loja Casa Nova Faro, o presidente da C\u00e2mara Municipal de Faro, Rog\u00e9rio Bacalhau, disse esperar \u201cter muita gente a concorrer neste processo\u201d e garantiu que a Autarquia \u201cj\u00e1 est\u00e1 a trabalhar no sentido de ter mais habita\u00e7\u00e3o a custos controlados\u201d.<\/p>\n\n\n\n<p>\u201cJ\u00e1 estamos a desenvolver um loteamento de 275 fogos para habita\u00e7\u00e3o a custos controlados em Estoi e nos Braciais estamos a fazer outro loteamento, que est\u00e1 j\u00e1 na fase final, que ter\u00e1 uma parte de habita\u00e7\u00e3o social para o Munic\u00edpio arrendar, com alguns equipamentos complementares, e noutra parte, 74 fogos a custos controlados. Ao mesmo tempo, estamos j\u00e1 a rever a Estrat\u00e9gia de Habita\u00e7\u00e3o Local para que no futuro possamos ter outras situa\u00e7\u00f5es\u201d, concluiu o autarca.<\/p>\n\n\n\n<p>Para obter mais informa\u00e7\u00f5es sobre este concurso, os interessados podem dirigir-se \u00e0 loja Casa Nova Faro, na Rua Lethes, n. \u00ba 44, nos dias \u00fateis, das 10h00 \u00e0s 18h00, bem como consultar ou inscrever-se no s\u00edtio online criado para o efeito: <a href=\"https:\/\/casanovafaro.com\/\" target=\"_blank\" rel=\"noreferrer noopener\">https:\/\/casanovafaro.com\/<\/a>.<\/p>\n","protected":false},"excerpt":{"rendered":"<p>O Munic\u00edpio de Faro inaugurou na passada sexta-feira, dia 6 de outubro, a loja Casa Nova Faro, no \u00e2mbito do<\/p>\n","protected":false},"author":1,"featured_media":22344,"comment_status":"closed","ping_status":"open","sticky":false,"template":"","format":"standard","meta":{"colormag_page_container_layout":"default_layout","colormag_page_sidebar_layout":"default_layout","_monsterinsights_skip_tracking":false,"_monsterinsights_sitenote_active":false,"_monsterinsights_sitenote_note":"","_monsterinsights_sitenote_category":0,"jetpack_post_was_ever_published":false,"_jetpack_newsletter_access":"","_jetpack_dont_email_post_to_subs":false,"_jetpack_newsletter_tier_id":0,"_jetpack_memberships_contains_paywalled_content":false,"_jetpack_memberships_contains_paid_content":false,"footnotes":"","jetpack_publicize_message":"","jetpack_publicize_feature_enabled":true,"jetpack_social_post_already_shared":true,"jetpack_social_options":{"image_generator_settings":{"template":"highway","default_image_id":0,"font":"","enabled":false},"version":2}},"categories":[151],"tags":[36,153,57,148],"class_list":["post-22343","post","type-post","status-publish","format-standard","has-post-thumbnail","hentry","category-economia","tag-algarve","tag-economia","tag-faro","tag-habitacao"],"yoast_head":"<!-- This site is optimized with the Yoast SEO plugin v27.5 - https:\/\/yoast.com\/product\/yoast-seo-wordpress\/ -->\n<title>Faro inaugura loja \u201ccasa nova\u201d para atribui\u00e7\u00e3o de habita\u00e7\u00f5es a custos controlados - Algarve 7<\/title>\n<meta name=\"description\" content=\"Faro inaugura loja \u201ccasa nova\u201d para atribui\u00e7\u00e3o de habita\u00e7\u00f5es a custos controlados Economia\" \/>\n<meta name=\"robots\" content=\"index, follow, max-snippet:-1, max-image-preview:large, max-video-preview:-1\" \/>\n<link rel=\"canonical\" href=\"https:\/\/algarve7.pt\/index.php\/2022\/10\/faro-inaugura-loja-casa-nova-para-atribuicao-de-habitacoes-a-custos-controlados\/economia\/09\/55\/\" \/>\n<meta property=\"og:locale\" content=\"pt_PT\" \/>\n<meta property=\"og:type\" content=\"article\" \/>\n<meta property=\"og:title\" content=\"Faro inaugura loja \u201ccasa nova\u201d para atribui\u00e7\u00e3o de habita\u00e7\u00f5es a custos controlados - Algarve 7\" \/>\n<meta property=\"og:description\" content=\"Faro inaugura loja \u201ccasa nova\u201d para atribui\u00e7\u00e3o de habita\u00e7\u00f5es a custos controlados Economia\" \/>\n<meta property=\"og:url\" content=\"https:\/\/algarve7.pt\/index.php\/2022\/10\/faro-inaugura-loja-casa-nova-para-atribuicao-de-habitacoes-a-custos-controlados\/economia\/09\/55\/\" \/>\n<meta property=\"og:site_name\" content=\"Algarve 7\" \/>\n<meta property=\"article:publisher\" content=\"https:\/\/www.facebook.com\/algarve7\" \/>\n<meta property=\"article:author\" content=\"https:\/\/www.facebook.com\/algarve7\" \/>\n<meta property=\"article:published_time\" content=\"2022-10-12T08:55:10+00:00\" \/>\n<meta property=\"article:modified_time\" content=\"2022-10-12T08:55:19+00:00\" \/>\n<meta property=\"og:image\" content=\"https:\/\/algarve7.pt\/wp-content\/uploads\/2022\/10\/g.jpg\" \/>\n\t<meta property=\"og:image:width\" content=\"1280\" \/>\n\t<meta property=\"og:image:height\" content=\"720\" \/>\n\t<meta property=\"og:image:type\" content=\"image\/jpeg\" \/>\n<meta name=\"author\" content=\"Algarve 7\" \/>\n<meta name=\"twitter:card\" content=\"summary_large_image\" \/>\n<meta name=\"twitter:creator\" content=\"@Algarvesete\" \/>\n<meta name=\"twitter:site\" content=\"@Algarvesete\" \/>\n<meta name=\"twitter:label1\" content=\"Escrito por\" \/>\n\t<meta name=\"twitter:data1\" content=\"Algarve 7\" \/>\n\t<meta name=\"twitter:label2\" content=\"Tempo estimado de leitura\" \/>\n\t<meta name=\"twitter:data2\" content=\"4 minutos\" \/>\n<script type=\"application\/ld+json\" class=\"yoast-schema-graph\">{\"@context\":\"https:\\\/\\\/schema.org\",\"@graph\":[{\"@type\":\"Article\",\"@id\":\"https:\\\/\\\/algarve7.pt\\\/index.php\\\/2022\\\/10\\\/faro-inaugura-loja-casa-nova-para-atribuicao-de-habitacoes-a-custos-controlados\\\/economia\\\/09\\\/55\\\/#article\",\"isPartOf\":{\"@id\":\"https:\\\/\\\/algarve7.pt\\\/index.php\\\/2022\\\/10\\\/faro-inaugura-loja-casa-nova-para-atribuicao-de-habitacoes-a-custos-controlados\\\/economia\\\/09\\\/55\\\/\"},\"author\":{\"name\":\"Algarve 7\",\"@id\":\"https:\\\/\\\/algarve7.pt\\\/#\\\/schema\\\/person\\\/23fa70681308e7b319a3204bcea45e0c\"},\"headline\":\"Faro inaugura loja \u201ccasa nova\u201d para atribui\u00e7\u00e3o de habita\u00e7\u00f5es a custos controlados\",\"datePublished\":\"2022-10-12T08:55:10+00:00\",\"dateModified\":\"2022-10-12T08:55:19+00:00\",\"mainEntityOfPage\":{\"@id\":\"https:\\\/\\\/algarve7.pt\\\/index.php\\\/2022\\\/10\\\/faro-inaugura-loja-casa-nova-para-atribuicao-de-habitacoes-a-custos-controlados\\\/economia\\\/09\\\/55\\\/\"},\"wordCount\":696,\"publisher\":{\"@id\":\"https:\\\/\\\/algarve7.pt\\\/#organization\"},\"image\":{\"@id\":\"https:\\\/\\\/algarve7.pt\\\/index.php\\\/2022\\\/10\\\/faro-inaugura-loja-casa-nova-para-atribuicao-de-habitacoes-a-custos-controlados\\\/economia\\\/09\\\/55\\\/#primaryimage\"},\"thumbnailUrl\":\"https:\\\/\\\/algarve7.pt\\\/wp-content\\\/uploads\\\/2022\\\/10\\\/g.jpg\",\"keywords\":[\"Algarve\",\"Economia\",\"Faro\",\"Habita\u00e7\u00e3o\"],\"articleSection\":[\"Economia\"],\"inLanguage\":\"pt-PT\"},{\"@type\":\"WebPage\",\"@id\":\"https:\\\/\\\/algarve7.pt\\\/index.php\\\/2022\\\/10\\\/faro-inaugura-loja-casa-nova-para-atribuicao-de-habitacoes-a-custos-controlados\\\/economia\\\/09\\\/55\\\/\",\"url\":\"https:\\\/\\\/algarve7.pt\\\/index.php\\\/2022\\\/10\\\/faro-inaugura-loja-casa-nova-para-atribuicao-de-habitacoes-a-custos-controlados\\\/economia\\\/09\\\/55\\\/\",\"name\":\"Faro inaugura loja \u201ccasa nova\u201d para atribui\u00e7\u00e3o de habita\u00e7\u00f5es a custos controlados - Algarve 7\",\"isPartOf\":{\"@id\":\"https:\\\/\\\/algarve7.pt\\\/#website\"},\"primaryImageOfPage\":{\"@id\":\"https:\\\/\\\/algarve7.pt\\\/index.php\\\/2022\\\/10\\\/faro-inaugura-loja-casa-nova-para-atribuicao-de-habitacoes-a-custos-controlados\\\/economia\\\/09\\\/55\\\/#primaryimage\"},\"image\":{\"@id\":\"https:\\\/\\\/algarve7.pt\\\/index.php\\\/2022\\\/10\\\/faro-inaugura-loja-casa-nova-para-atribuicao-de-habitacoes-a-custos-controlados\\\/economia\\\/09\\\/55\\\/#primaryimage\"},\"thumbnailUrl\":\"https:\\\/\\\/algarve7.pt\\\/wp-content\\\/uploads\\\/2022\\\/10\\\/g.jpg\",\"datePublished\":\"2022-10-12T08:55:10+00:00\",\"dateModified\":\"2022-10-12T08:55:19+00:00\",\"description\":\"Faro inaugura loja \u201ccasa nova\u201d para atribui\u00e7\u00e3o de habita\u00e7\u00f5es a custos controlados Economia\",\"breadcrumb\":{\"@id\":\"https:\\\/\\\/algarve7.pt\\\/index.php\\\/2022\\\/10\\\/faro-inaugura-loja-casa-nova-para-atribuicao-de-habitacoes-a-custos-controlados\\\/economia\\\/09\\\/55\\\/#breadcrumb\"},\"inLanguage\":\"pt-PT\",\"potentialAction\":[{\"@type\":\"ReadAction\",\"target\":[\"https:\\\/\\\/algarve7.pt\\\/index.php\\\/2022\\\/10\\\/faro-inaugura-loja-casa-nova-para-atribuicao-de-habitacoes-a-custos-controlados\\\/economia\\\/09\\\/55\\\/\"]}]},{\"@type\":\"ImageObject\",\"inLanguage\":\"pt-PT\",\"@id\":\"https:\\\/\\\/algarve7.pt\\\/index.php\\\/2022\\\/10\\\/faro-inaugura-loja-casa-nova-para-atribuicao-de-habitacoes-a-custos-controlados\\\/economia\\\/09\\\/55\\\/#primaryimage\",\"url\":\"https:\\\/\\\/algarve7.pt\\\/wp-content\\\/uploads\\\/2022\\\/10\\\/g.jpg\",\"contentUrl\":\"https:\\\/\\\/algarve7.pt\\\/wp-content\\\/uploads\\\/2022\\\/10\\\/g.jpg\",\"width\":1280,\"height\":720},{\"@type\":\"BreadcrumbList\",\"@id\":\"https:\\\/\\\/algarve7.pt\\\/index.php\\\/2022\\\/10\\\/faro-inaugura-loja-casa-nova-para-atribuicao-de-habitacoes-a-custos-controlados\\\/economia\\\/09\\\/55\\\/#breadcrumb\",\"itemListElement\":[{\"@type\":\"ListItem\",\"position\":1,\"name\":\"In\u00edcio\",\"item\":\"https:\\\/\\\/algarve7.pt\\\/\"},{\"@type\":\"ListItem\",\"position\":2,\"name\":\"Faro inaugura loja \u201ccasa nova\u201d para atribui\u00e7\u00e3o de habita\u00e7\u00f5es a custos controlados\"}]},{\"@type\":\"WebSite\",\"@id\":\"https:\\\/\\\/algarve7.pt\\\/#website\",\"url\":\"https:\\\/\\\/algarve7.pt\\\/\",\"name\":\"Algarve 7\",\"description\":\"Informa\u00e7\u00e3o sobre o Algarve\",\"publisher\":{\"@id\":\"https:\\\/\\\/algarve7.pt\\\/#organization\"},\"potentialAction\":[{\"@type\":\"SearchAction\",\"target\":{\"@type\":\"EntryPoint\",\"urlTemplate\":\"https:\\\/\\\/algarve7.pt\\\/?s={search_term_string}\"},\"query-input\":{\"@type\":\"PropertyValueSpecification\",\"valueRequired\":true,\"valueName\":\"search_term_string\"}}],\"inLanguage\":\"pt-PT\"},{\"@type\":\"Organization\",\"@id\":\"https:\\\/\\\/algarve7.pt\\\/#organization\",\"name\":\"Algarve 7\",\"url\":\"https:\\\/\\\/algarve7.pt\\\/\",\"logo\":{\"@type\":\"ImageObject\",\"inLanguage\":\"pt-PT\",\"@id\":\"https:\\\/\\\/algarve7.pt\\\/#\\\/schema\\\/logo\\\/image\\\/\",\"url\":\"https:\\\/\\\/algarve7.pt\\\/wp-content\\\/uploads\\\/2020\\\/10\\\/Logo-8.jpg\",\"contentUrl\":\"https:\\\/\\\/algarve7.pt\\\/wp-content\\\/uploads\\\/2020\\\/10\\\/Logo-8.jpg\",\"width\":1680,\"height\":1186,\"caption\":\"Algarve 7\"},\"image\":{\"@id\":\"https:\\\/\\\/algarve7.pt\\\/#\\\/schema\\\/logo\\\/image\\\/\"},\"sameAs\":[\"https:\\\/\\\/www.facebook.com\\\/algarve7\",\"https:\\\/\\\/x.com\\\/Algarvesete\",\"https:\\\/\\\/www.instagram.com\\\/jornalalgarve7\\\/\",\"https:\\\/\\\/www.linkedin.com\\\/company\\\/algarve7\",\"https:\\\/\\\/www.pinterest.pt\\\/geral0939\\\/_created\\\/\"]},{\"@type\":\"Person\",\"@id\":\"https:\\\/\\\/algarve7.pt\\\/#\\\/schema\\\/person\\\/23fa70681308e7b319a3204bcea45e0c\",\"name\":\"Algarve 7\",\"sameAs\":[\"https:\\\/\\\/algarve7.pt\",\"https:\\\/\\\/www.facebook.com\\\/algarve7\"],\"url\":\"https:\\\/\\\/algarve7.pt\\\/index.php\\\/author\\\/geralalgarve7-pt\\\/\"}]}<\/script>\n<!-- \/ Yoast SEO plugin. -->","yoast_head_json":{"title":"Faro inaugura loja \u201ccasa nova\u201d para atribui\u00e7\u00e3o de habita\u00e7\u00f5es a custos controlados - Algarve 7","description":"Faro inaugura loja \u201ccasa nova\u201d para atribui\u00e7\u00e3o de habita\u00e7\u00f5es a custos controlados Economia","robots":{"index":"index","follow":"follow","max-snippet":"max-snippet:-1","max-image-preview":"max-image-preview:large","max-video-preview":"max-video-preview:-1"},"canonical":"https:\/\/algarve7.pt\/index.php\/2022\/10\/faro-inaugura-loja-casa-nova-para-atribuicao-de-habitacoes-a-custos-controlados\/economia\/09\/55\/","og_locale":"pt_PT","og_type":"article","og_title":"Faro inaugura loja \u201ccasa nova\u201d para atribui\u00e7\u00e3o de habita\u00e7\u00f5es a custos controlados - Algarve 7","og_description":"Faro inaugura loja \u201ccasa nova\u201d para atribui\u00e7\u00e3o de habita\u00e7\u00f5es a custos controlados Economia","og_url":"https:\/\/algarve7.pt\/index.php\/2022\/10\/faro-inaugura-loja-casa-nova-para-atribuicao-de-habitacoes-a-custos-controlados\/economia\/09\/55\/","og_site_name":"Algarve 7","article_publisher":"https:\/\/www.facebook.com\/algarve7","article_author":"https:\/\/www.facebook.com\/algarve7","article_published_time":"2022-10-12T08:55:10+00:00","article_modified_time":"2022-10-12T08:55:19+00:00","og_image":[{"width":1280,"height":720,"url":"https:\/\/algarve7.pt\/wp-content\/uploads\/2022\/10\/g.jpg","type":"image\/jpeg"}],"author":"Algarve 7","twitter_card":"summary_large_image","twitter_creator":"@Algarvesete","twitter_site":"@Algarvesete","twitter_misc":{"Escrito por":"Algarve 7","Tempo estimado de leitura":"4 minutos"},"schema":{"@context":"https:\/\/schema.org","@graph":[{"@type":"Article","@id":"https:\/\/algarve7.pt\/index.php\/2022\/10\/faro-inaugura-loja-casa-nova-para-atribuicao-de-habitacoes-a-custos-controlados\/economia\/09\/55\/#article","isPartOf":{"@id":"https:\/\/algarve7.pt\/index.php\/2022\/10\/faro-inaugura-loja-casa-nova-para-atribuicao-de-habitacoes-a-custos-controlados\/economia\/09\/55\/"},"author":{"name":"Algarve 7","@id":"https:\/\/algarve7.pt\/#\/schema\/person\/23fa70681308e7b319a3204bcea45e0c"},"headline":"Faro inaugura loja \u201ccasa nova\u201d para atribui\u00e7\u00e3o de habita\u00e7\u00f5es a custos controlados","datePublished":"2022-10-12T08:55:10+00:00","dateModified":"2022-10-12T08:55:19+00:00","mainEntityOfPage":{"@id":"https:\/\/algarve7.pt\/index.php\/2022\/10\/faro-inaugura-loja-casa-nova-para-atribuicao-de-habitacoes-a-custos-controlados\/economia\/09\/55\/"},"wordCount":696,"publisher":{"@id":"https:\/\/algarve7.pt\/#organization"},"image":{"@id":"https:\/\/algarve7.pt\/index.php\/2022\/10\/faro-inaugura-loja-casa-nova-para-atribuicao-de-habitacoes-a-custos-controlados\/economia\/09\/55\/#primaryimage"},"thumbnailUrl":"https:\/\/algarve7.pt\/wp-content\/uploads\/2022\/10\/g.jpg","keywords":["Algarve","Economia","Faro","Habita\u00e7\u00e3o"],"articleSection":["Economia"],"inLanguage":"pt-PT"},{"@type":"WebPage","@id":"https:\/\/algarve7.pt\/index.php\/2022\/10\/faro-inaugura-loja-casa-nova-para-atribuicao-de-habitacoes-a-custos-controlados\/economia\/09\/55\/","url":"https:\/\/algarve7.pt\/index.php\/2022\/10\/faro-inaugura-loja-casa-nova-para-atribuicao-de-habitacoes-a-custos-controlados\/economia\/09\/55\/","name":"Faro inaugura loja \u201ccasa nova\u201d para atribui\u00e7\u00e3o de habita\u00e7\u00f5es a custos controlados - Algarve 7","isPartOf":{"@id":"https:\/\/algarve7.pt\/#website"},"primaryImageOfPage":{"@id":"https:\/\/algarve7.pt\/index.php\/2022\/10\/faro-inaugura-loja-casa-nova-para-atribuicao-de-habitacoes-a-custos-controlados\/economia\/09\/55\/#primaryimage"},"image":{"@id":"https:\/\/algarve7.pt\/index.php\/2022\/10\/faro-inaugura-loja-casa-nova-para-atribuicao-de-habitacoes-a-custos-controlados\/economia\/09\/55\/#primaryimage"},"thumbnailUrl":"https:\/\/algarve7.pt\/wp-content\/uploads\/2022\/10\/g.jpg","datePublished":"2022-10-12T08:55:10+00:00","dateModified":"2022-10-12T08:55:19+00:00","description":"Faro inaugura loja \u201ccasa nova\u201d para atribui\u00e7\u00e3o de habita\u00e7\u00f5es a custos controlados Economia","breadcrumb":{"@id":"https:\/\/algarve7.pt\/index.php\/2022\/10\/faro-inaugura-loja-casa-nova-para-atribuicao-de-habitacoes-a-custos-controlados\/economia\/09\/55\/#breadcrumb"},"inLanguage":"pt-PT","potentialAction":[{"@type":"ReadAction","target":["https:\/\/algarve7.pt\/index.php\/2022\/10\/faro-inaugura-loja-casa-nova-para-atribuicao-de-habitacoes-a-custos-controlados\/economia\/09\/55\/"]}]},{"@type":"ImageObject","inLanguage":"pt-PT","@id":"https:\/\/algarve7.pt\/index.php\/2022\/10\/faro-inaugura-loja-casa-nova-para-atribuicao-de-habitacoes-a-custos-controlados\/economia\/09\/55\/#primaryimage","url":"https:\/\/algarve7.pt\/wp-content\/uploads\/2022\/10\/g.jpg","contentUrl":"https:\/\/algarve7.pt\/wp-content\/uploads\/2022\/10\/g.jpg","width":1280,"height":720},{"@type":"BreadcrumbList","@id":"https:\/\/algarve7.pt\/index.php\/2022\/10\/faro-inaugura-loja-casa-nova-para-atribuicao-de-habitacoes-a-custos-controlados\/economia\/09\/55\/#breadcrumb","itemListElement":[{"@type":"ListItem","position":1,"name":"In\u00edcio","item":"https:\/\/algarve7.pt\/"},{"@type":"ListItem","position":2,"name":"Faro inaugura loja \u201ccasa nova\u201d para atribui\u00e7\u00e3o de habita\u00e7\u00f5es a custos controlados"}]},{"@type":"WebSite","@id":"https:\/\/algarve7.pt\/#website","url":"https:\/\/algarve7.pt\/","name":"Algarve 7","description":"Informa\u00e7\u00e3o sobre o Algarve","publisher":{"@id":"https:\/\/algarve7.pt\/#organization"},"potentialAction":[{"@type":"SearchAction","target":{"@type":"EntryPoint","urlTemplate":"https:\/\/algarve7.pt\/?s={search_term_string}"},"query-input":{"@type":"PropertyValueSpecification","valueRequired":true,"valueName":"search_term_string"}}],"inLanguage":"pt-PT"},{"@type":"Organization","@id":"https:\/\/algarve7.pt\/#organization","name":"Algarve 7","url":"https:\/\/algarve7.pt\/","logo":{"@type":"ImageObject","inLanguage":"pt-PT","@id":"https:\/\/algarve7.pt\/#\/schema\/logo\/image\/","url":"https:\/\/algarve7.pt\/wp-content\/uploads\/2020\/10\/Logo-8.jpg","contentUrl":"https:\/\/algarve7.pt\/wp-content\/uploads\/2020\/10\/Logo-8.jpg","width":1680,"height":1186,"caption":"Algarve 7"},"image":{"@id":"https:\/\/algarve7.pt\/#\/schema\/logo\/image\/"},"sameAs":["https:\/\/www.facebook.com\/algarve7","https:\/\/x.com\/Algarvesete","https:\/\/www.instagram.com\/jornalalgarve7\/","https:\/\/www.linkedin.com\/company\/algarve7","https:\/\/www.pinterest.pt\/geral0939\/_created\/"]},{"@type":"Person","@id":"https:\/\/algarve7.pt\/#\/schema\/person\/23fa70681308e7b319a3204bcea45e0c","name":"Algarve 7","sameAs":["https:\/\/algarve7.pt","https:\/\/www.facebook.com\/algarve7"],"url":"https:\/\/algarve7.pt\/index.php\/author\/geralalgarve7-pt\/"}]}},"jetpack_publicize_connections":[],"jetpack_featured_media_url":"https:\/\/algarve7.pt\/wp-content\/uploads\/2022\/10\/g.jpg","jetpack_shortlink":"https:\/\/wp.me\/pcezmW-5On","jetpack_sharing_enabled":true,"_links":{"self":[{"href":"https:\/\/algarve7.pt\/index.php\/wp-json\/wp\/v2\/posts\/22343","targetHints":{"allow":["GET"]}}],"collection":[{"href":"https:\/\/algarve7.pt\/index.php\/wp-json\/wp\/v2\/posts"}],"about":[{"href":"https:\/\/algarve7.pt\/index.php\/wp-json\/wp\/v2\/types\/post"}],"author":[{"embeddable":true,"href":"https:\/\/algarve7.pt\/index.php\/wp-json\/wp\/v2\/users\/1"}],"replies":[{"embeddable":true,"href":"https:\/\/algarve7.pt\/index.php\/wp-json\/wp\/v2\/comments?post=22343"}],"version-history":[{"count":0,"href":"https:\/\/algarve7.pt\/index.php\/wp-json\/wp\/v2\/posts\/22343\/revisions"}],"wp:featuredmedia":[{"embeddable":true,"href":"https:\/\/algarve7.pt\/index.php\/wp-json\/wp\/v2\/media\/22344"}],"wp:attachment":[{"href":"https:\/\/algarve7.pt\/index.php\/wp-json\/wp\/v2\/media?parent=22343"}],"wp:term":[{"taxonomy":"category","embeddable":true,"href":"https:\/\/algarve7.pt\/index.php\/wp-json\/wp\/v2\/categories?post=22343"},{"taxonomy":"post_tag","embeddable":true,"href":"https:\/\/algarve7.pt\/index.php\/wp-json\/wp\/v2\/tags?post=22343"}],"curies":[{"name":"wp","href":"https:\/\/api.w.org\/{rel}","templated":true}]}}