{"id":22335,"date":"2022-10-12T09:31:21","date_gmt":"2022-10-12T08:31:21","guid":{"rendered":"https:\/\/algarve7.pt\/?p=22335"},"modified":"2022-10-12T09:31:30","modified_gmt":"2022-10-12T08:31:30","slug":"albufeira-retoma-programas-de-apoio-a-pessoas-com-deficiencia","status":"publish","type":"post","link":"https:\/\/algarve7.pt\/index.php\/2022\/10\/albufeira-retoma-programas-de-apoio-a-pessoas-com-deficiencia\/atualidade\/09\/31\/","title":{"rendered":"Albufeira retoma programas de apoio a pessoas com defici\u00eancia"},"content":{"rendered":"\n<p>O \u201cEspa\u00e7o Integrar\u201d, da responsabilidade do Munic\u00edpio de Albufeira, vai retomar as suas atividades no pr\u00f3ximo m\u00eas de novembro, nomeadamente o \u201cBrinca Comigo\u201d, \u201cGrupos Terap\u00eauticos\u201d, \u201cVAI\u201d e \u201cYoga Adaptado\u201d.<\/p>\n\n\n\n<p>Trata-se de um conjunto de a\u00e7\u00f5es que visa essencialmente melhorar as compet\u00eancias sensoriomotoras e promover a vida ativa e inclus\u00e3o das pessoas com defici\u00eancia, facilitar a intera\u00e7\u00e3o positiva entre pais e encarregados de educa\u00e7\u00e3o e crian\u00e7as; prevenir a incapacidade de crian\u00e7as com perturba\u00e7\u00e3o da rela\u00e7\u00e3o e comunica\u00e7\u00e3o, desenvolvendo o bem-estar geral e promovendo a autoestima.<\/p>\n\n\n\n<p>Todas as atividades ir\u00e3o decorrer nas instala\u00e7\u00f5es das Piscinas Municipais, com hor\u00e1rios espec\u00edficos. O \u201cBrinca Comigo\u201d, destina-se a pais e filhos com idades compreendidas entre 1 e 5 anos e ir\u00e1 decorrer \u00e0s segundas-feiras, das 08h00 \u00e0s 11h00; os \u201cGrupos Terap\u00eauticos\u201d destinam-se a crian\u00e7as e adolescentes dos 10 aos 18 anos, com perturba\u00e7\u00e3o de coordena\u00e7\u00e3o motora, associada ou n\u00e3o a outras perturba\u00e7\u00f5es do desenvolvimento, e ser\u00e3o \u00e0s segundas ou quartas-feiras, das 14h00 \u00e0s 18h00; o \u201cVAI \u2013 Vida Ativa e Inclus\u00e3o de pessoas com defici\u00eancia\u201d faculta apoio a adultos jovens com defici\u00eancia intelectual e\/ou com autismo (dia e hor\u00e1rio a definir); o \u201cYoga Adaptado\u201d destina-se a alunos que frequentem 1.\u00ba, 2.\u00ba e 3.\u00ba ciclos, a decorrer \u00e0 sexta-feira: 1.\u00ba ciclo das 16h15 \u00e0s 17h15 e 2.\u00ba e 3.\u00ba ciclos das 17h45 \u00e0s 18h45.<\/p>\n\n\n\n<p>Os pais ou encarregados de educa\u00e7\u00e3o com interesse em participar, dever\u00e3o contactar os servi\u00e7os atrav\u00e9s do contacto telef\u00f3nico 289599684\/289246907 ou via e-mail para <a href=\"mailto:integrar@cm-albufeira.pt\" target=\"_blank\" rel=\"noreferrer noopener\">integrar@cm-albufeira.pt<\/a>, cedendo os seguintes dados: nome, idade e problem\u00e1tica da crian\u00e7a; atividade ou atividades pretendidas; disponibilidade de hor\u00e1rio; contacto de e-mail e telef\u00f3nico.<\/p>\n","protected":false},"excerpt":{"rendered":"<p>O \u201cEspa\u00e7o Integrar\u201d, da responsabilidade do Munic\u00edpio de Albufeira, vai retomar as suas atividades no pr\u00f3ximo m\u00eas de novembro, nomeadamente<\/p>\n","protected":false},"author":1,"featured_media":22336,"comment_status":"closed","ping_status":"open","sticky":false,"template":"","format":"standard","meta":{"colormag_page_container_layout":"default_layout","colormag_page_sidebar_layout":"default_layout","_monsterinsights_skip_tracking":false,"_monsterinsights_sitenote_active":false,"_monsterinsights_sitenote_note":"","_monsterinsights_sitenote_category":0,"jetpack_post_was_ever_published":false,"_jetpack_newsletter_access":"","_jetpack_dont_email_post_to_subs":false,"_jetpack_newsletter_tier_id":0,"_jetpack_memberships_contains_paywalled_content":false,"_jetpack_memberships_contains_paid_content":false,"footnotes":"","jetpack_publicize_message":"","jetpack_publicize_feature_enabled":true,"jetpack_social_post_already_shared":true,"jetpack_social_options":{"image_generator_settings":{"template":"highway","default_image_id":0,"font":"","enabled":false},"version":2}},"categories":[11],"tags":[155,36,62],"class_list":["post-22335","post","type-post","status-publish","format-standard","has-post-thumbnail","hentry","category-atualidade","tag-albufeira","tag-algarve","tag-atualidade"],"yoast_head":"<!-- This site is optimized with the Yoast SEO plugin v27.5 - https:\/\/yoast.com\/product\/yoast-seo-wordpress\/ -->\n<title>Albufeira retoma programas de apoio a pessoas com defici\u00eancia - Algarve 7<\/title>\n<meta name=\"description\" content=\"Albufeira retoma programas de apoio a pessoas com defici\u00eancia Atualidade\" \/>\n<meta name=\"robots\" content=\"index, follow, max-snippet:-1, max-image-preview:large, max-video-preview:-1\" \/>\n<link rel=\"canonical\" href=\"https:\/\/algarve7.pt\/index.php\/2022\/10\/albufeira-retoma-programas-de-apoio-a-pessoas-com-deficiencia\/atualidade\/09\/31\/\" \/>\n<meta property=\"og:locale\" content=\"pt_PT\" \/>\n<meta property=\"og:type\" content=\"article\" \/>\n<meta property=\"og:title\" content=\"Albufeira retoma programas de apoio a pessoas com defici\u00eancia - Algarve 7\" \/>\n<meta property=\"og:description\" content=\"Albufeira retoma programas de apoio a pessoas com defici\u00eancia Atualidade\" \/>\n<meta property=\"og:url\" content=\"https:\/\/algarve7.pt\/index.php\/2022\/10\/albufeira-retoma-programas-de-apoio-a-pessoas-com-deficiencia\/atualidade\/09\/31\/\" \/>\n<meta property=\"og:site_name\" content=\"Algarve 7\" \/>\n<meta property=\"article:publisher\" content=\"https:\/\/www.facebook.com\/algarve7\" \/>\n<meta property=\"article:author\" content=\"https:\/\/www.facebook.com\/algarve7\" \/>\n<meta property=\"article:published_time\" content=\"2022-10-12T08:31:21+00:00\" \/>\n<meta property=\"article:modified_time\" content=\"2022-10-12T08:31:30+00:00\" \/>\n<meta property=\"og:image\" content=\"https:\/\/algarve7.pt\/wp-content\/uploads\/2022\/10\/Espac\u0327ointegrar1.png\" \/>\n\t<meta property=\"og:image:width\" content=\"1500\" \/>\n\t<meta property=\"og:image:height\" content=\"843\" \/>\n\t<meta property=\"og:image:type\" content=\"image\/png\" \/>\n<meta name=\"author\" content=\"Algarve 7\" \/>\n<meta name=\"twitter:card\" content=\"summary_large_image\" \/>\n<meta name=\"twitter:creator\" content=\"@Algarvesete\" \/>\n<meta name=\"twitter:site\" content=\"@Algarvesete\" \/>\n<meta name=\"twitter:label1\" content=\"Escrito por\" \/>\n\t<meta name=\"twitter:data1\" content=\"Algarve 7\" \/>\n\t<meta name=\"twitter:label2\" content=\"Tempo estimado de leitura\" \/>\n\t<meta name=\"twitter:data2\" content=\"2 minutos\" \/>\n<script type=\"application\/ld+json\" class=\"yoast-schema-graph\">{\"@context\":\"https:\\\/\\\/schema.org\",\"@graph\":[{\"@type\":\"Article\",\"@id\":\"https:\\\/\\\/algarve7.pt\\\/index.php\\\/2022\\\/10\\\/albufeira-retoma-programas-de-apoio-a-pessoas-com-deficiencia\\\/atualidade\\\/09\\\/31\\\/#article\",\"isPartOf\":{\"@id\":\"https:\\\/\\\/algarve7.pt\\\/index.php\\\/2022\\\/10\\\/albufeira-retoma-programas-de-apoio-a-pessoas-com-deficiencia\\\/atualidade\\\/09\\\/31\\\/\"},\"author\":{\"name\":\"Algarve 7\",\"@id\":\"https:\\\/\\\/algarve7.pt\\\/#\\\/schema\\\/person\\\/23fa70681308e7b319a3204bcea45e0c\"},\"headline\":\"Albufeira retoma programas de apoio a pessoas com defici\u00eancia\",\"datePublished\":\"2022-10-12T08:31:21+00:00\",\"dateModified\":\"2022-10-12T08:31:30+00:00\",\"mainEntityOfPage\":{\"@id\":\"https:\\\/\\\/algarve7.pt\\\/index.php\\\/2022\\\/10\\\/albufeira-retoma-programas-de-apoio-a-pessoas-com-deficiencia\\\/atualidade\\\/09\\\/31\\\/\"},\"wordCount\":303,\"publisher\":{\"@id\":\"https:\\\/\\\/algarve7.pt\\\/#organization\"},\"image\":{\"@id\":\"https:\\\/\\\/algarve7.pt\\\/index.php\\\/2022\\\/10\\\/albufeira-retoma-programas-de-apoio-a-pessoas-com-deficiencia\\\/atualidade\\\/09\\\/31\\\/#primaryimage\"},\"thumbnailUrl\":\"https:\\\/\\\/algarve7.pt\\\/wp-content\\\/uploads\\\/2022\\\/10\\\/Espac\u0327ointegrar1.png\",\"keywords\":[\"Albufeira\",\"Algarve\",\"Atualidade\"],\"articleSection\":[\"Atualidade\"],\"inLanguage\":\"pt-PT\"},{\"@type\":\"WebPage\",\"@id\":\"https:\\\/\\\/algarve7.pt\\\/index.php\\\/2022\\\/10\\\/albufeira-retoma-programas-de-apoio-a-pessoas-com-deficiencia\\\/atualidade\\\/09\\\/31\\\/\",\"url\":\"https:\\\/\\\/algarve7.pt\\\/index.php\\\/2022\\\/10\\\/albufeira-retoma-programas-de-apoio-a-pessoas-com-deficiencia\\\/atualidade\\\/09\\\/31\\\/\",\"name\":\"Albufeira retoma programas de apoio a pessoas com defici\u00eancia - Algarve 7\",\"isPartOf\":{\"@id\":\"https:\\\/\\\/algarve7.pt\\\/#website\"},\"primaryImageOfPage\":{\"@id\":\"https:\\\/\\\/algarve7.pt\\\/index.php\\\/2022\\\/10\\\/albufeira-retoma-programas-de-apoio-a-pessoas-com-deficiencia\\\/atualidade\\\/09\\\/31\\\/#primaryimage\"},\"image\":{\"@id\":\"https:\\\/\\\/algarve7.pt\\\/index.php\\\/2022\\\/10\\\/albufeira-retoma-programas-de-apoio-a-pessoas-com-deficiencia\\\/atualidade\\\/09\\\/31\\\/#primaryimage\"},\"thumbnailUrl\":\"https:\\\/\\\/algarve7.pt\\\/wp-content\\\/uploads\\\/2022\\\/10\\\/Espac\u0327ointegrar1.png\",\"datePublished\":\"2022-10-12T08:31:21+00:00\",\"dateModified\":\"2022-10-12T08:31:30+00:00\",\"description\":\"Albufeira retoma programas de apoio a pessoas com defici\u00eancia Atualidade\",\"breadcrumb\":{\"@id\":\"https:\\\/\\\/algarve7.pt\\\/index.php\\\/2022\\\/10\\\/albufeira-retoma-programas-de-apoio-a-pessoas-com-deficiencia\\\/atualidade\\\/09\\\/31\\\/#breadcrumb\"},\"inLanguage\":\"pt-PT\",\"potentialAction\":[{\"@type\":\"ReadAction\",\"target\":[\"https:\\\/\\\/algarve7.pt\\\/index.php\\\/2022\\\/10\\\/albufeira-retoma-programas-de-apoio-a-pessoas-com-deficiencia\\\/atualidade\\\/09\\\/31\\\/\"]}]},{\"@type\":\"ImageObject\",\"inLanguage\":\"pt-PT\",\"@id\":\"https:\\\/\\\/algarve7.pt\\\/index.php\\\/2022\\\/10\\\/albufeira-retoma-programas-de-apoio-a-pessoas-com-deficiencia\\\/atualidade\\\/09\\\/31\\\/#primaryimage\",\"url\":\"https:\\\/\\\/algarve7.pt\\\/wp-content\\\/uploads\\\/2022\\\/10\\\/Espac\u0327ointegrar1.png\",\"contentUrl\":\"https:\\\/\\\/algarve7.pt\\\/wp-content\\\/uploads\\\/2022\\\/10\\\/Espac\u0327ointegrar1.png\",\"width\":1500,\"height\":843},{\"@type\":\"BreadcrumbList\",\"@id\":\"https:\\\/\\\/algarve7.pt\\\/index.php\\\/2022\\\/10\\\/albufeira-retoma-programas-de-apoio-a-pessoas-com-deficiencia\\\/atualidade\\\/09\\\/31\\\/#breadcrumb\",\"itemListElement\":[{\"@type\":\"ListItem\",\"position\":1,\"name\":\"In\u00edcio\",\"item\":\"https:\\\/\\\/algarve7.pt\\\/\"},{\"@type\":\"ListItem\",\"position\":2,\"name\":\"Albufeira retoma programas de apoio a pessoas com defici\u00eancia\"}]},{\"@type\":\"WebSite\",\"@id\":\"https:\\\/\\\/algarve7.pt\\\/#website\",\"url\":\"https:\\\/\\\/algarve7.pt\\\/\",\"name\":\"Algarve 7\",\"description\":\"Informa\u00e7\u00e3o sobre o Algarve\",\"publisher\":{\"@id\":\"https:\\\/\\\/algarve7.pt\\\/#organization\"},\"potentialAction\":[{\"@type\":\"SearchAction\",\"target\":{\"@type\":\"EntryPoint\",\"urlTemplate\":\"https:\\\/\\\/algarve7.pt\\\/?s={search_term_string}\"},\"query-input\":{\"@type\":\"PropertyValueSpecification\",\"valueRequired\":true,\"valueName\":\"search_term_string\"}}],\"inLanguage\":\"pt-PT\"},{\"@type\":\"Organization\",\"@id\":\"https:\\\/\\\/algarve7.pt\\\/#organization\",\"name\":\"Algarve 7\",\"url\":\"https:\\\/\\\/algarve7.pt\\\/\",\"logo\":{\"@type\":\"ImageObject\",\"inLanguage\":\"pt-PT\",\"@id\":\"https:\\\/\\\/algarve7.pt\\\/#\\\/schema\\\/logo\\\/image\\\/\",\"url\":\"https:\\\/\\\/algarve7.pt\\\/wp-content\\\/uploads\\\/2020\\\/10\\\/Logo-8.jpg\",\"contentUrl\":\"https:\\\/\\\/algarve7.pt\\\/wp-content\\\/uploads\\\/2020\\\/10\\\/Logo-8.jpg\",\"width\":1680,\"height\":1186,\"caption\":\"Algarve 7\"},\"image\":{\"@id\":\"https:\\\/\\\/algarve7.pt\\\/#\\\/schema\\\/logo\\\/image\\\/\"},\"sameAs\":[\"https:\\\/\\\/www.facebook.com\\\/algarve7\",\"https:\\\/\\\/x.com\\\/Algarvesete\",\"https:\\\/\\\/www.instagram.com\\\/jornalalgarve7\\\/\",\"https:\\\/\\\/www.linkedin.com\\\/company\\\/algarve7\",\"https:\\\/\\\/www.pinterest.pt\\\/geral0939\\\/_created\\\/\"]},{\"@type\":\"Person\",\"@id\":\"https:\\\/\\\/algarve7.pt\\\/#\\\/schema\\\/person\\\/23fa70681308e7b319a3204bcea45e0c\",\"name\":\"Algarve 7\",\"sameAs\":[\"https:\\\/\\\/algarve7.pt\",\"https:\\\/\\\/www.facebook.com\\\/algarve7\"],\"url\":\"https:\\\/\\\/algarve7.pt\\\/index.php\\\/author\\\/geralalgarve7-pt\\\/\"}]}<\/script>\n<!-- \/ Yoast SEO plugin. -->","yoast_head_json":{"title":"Albufeira retoma programas de apoio a pessoas com defici\u00eancia - Algarve 7","description":"Albufeira retoma programas de apoio a pessoas com defici\u00eancia Atualidade","robots":{"index":"index","follow":"follow","max-snippet":"max-snippet:-1","max-image-preview":"max-image-preview:large","max-video-preview":"max-video-preview:-1"},"canonical":"https:\/\/algarve7.pt\/index.php\/2022\/10\/albufeira-retoma-programas-de-apoio-a-pessoas-com-deficiencia\/atualidade\/09\/31\/","og_locale":"pt_PT","og_type":"article","og_title":"Albufeira retoma programas de apoio a pessoas com defici\u00eancia - Algarve 7","og_description":"Albufeira retoma programas de apoio a pessoas com defici\u00eancia Atualidade","og_url":"https:\/\/algarve7.pt\/index.php\/2022\/10\/albufeira-retoma-programas-de-apoio-a-pessoas-com-deficiencia\/atualidade\/09\/31\/","og_site_name":"Algarve 7","article_publisher":"https:\/\/www.facebook.com\/algarve7","article_author":"https:\/\/www.facebook.com\/algarve7","article_published_time":"2022-10-12T08:31:21+00:00","article_modified_time":"2022-10-12T08:31:30+00:00","og_image":[{"width":1500,"height":843,"url":"https:\/\/algarve7.pt\/wp-content\/uploads\/2022\/10\/Espac\u0327ointegrar1.png","type":"image\/png"}],"author":"Algarve 7","twitter_card":"summary_large_image","twitter_creator":"@Algarvesete","twitter_site":"@Algarvesete","twitter_misc":{"Escrito por":"Algarve 7","Tempo estimado de leitura":"2 minutos"},"schema":{"@context":"https:\/\/schema.org","@graph":[{"@type":"Article","@id":"https:\/\/algarve7.pt\/index.php\/2022\/10\/albufeira-retoma-programas-de-apoio-a-pessoas-com-deficiencia\/atualidade\/09\/31\/#article","isPartOf":{"@id":"https:\/\/algarve7.pt\/index.php\/2022\/10\/albufeira-retoma-programas-de-apoio-a-pessoas-com-deficiencia\/atualidade\/09\/31\/"},"author":{"name":"Algarve 7","@id":"https:\/\/algarve7.pt\/#\/schema\/person\/23fa70681308e7b319a3204bcea45e0c"},"headline":"Albufeira retoma programas de apoio a pessoas com defici\u00eancia","datePublished":"2022-10-12T08:31:21+00:00","dateModified":"2022-10-12T08:31:30+00:00","mainEntityOfPage":{"@id":"https:\/\/algarve7.pt\/index.php\/2022\/10\/albufeira-retoma-programas-de-apoio-a-pessoas-com-deficiencia\/atualidade\/09\/31\/"},"wordCount":303,"publisher":{"@id":"https:\/\/algarve7.pt\/#organization"},"image":{"@id":"https:\/\/algarve7.pt\/index.php\/2022\/10\/albufeira-retoma-programas-de-apoio-a-pessoas-com-deficiencia\/atualidade\/09\/31\/#primaryimage"},"thumbnailUrl":"https:\/\/algarve7.pt\/wp-content\/uploads\/2022\/10\/Espac\u0327ointegrar1.png","keywords":["Albufeira","Algarve","Atualidade"],"articleSection":["Atualidade"],"inLanguage":"pt-PT"},{"@type":"WebPage","@id":"https:\/\/algarve7.pt\/index.php\/2022\/10\/albufeira-retoma-programas-de-apoio-a-pessoas-com-deficiencia\/atualidade\/09\/31\/","url":"https:\/\/algarve7.pt\/index.php\/2022\/10\/albufeira-retoma-programas-de-apoio-a-pessoas-com-deficiencia\/atualidade\/09\/31\/","name":"Albufeira retoma programas de apoio a pessoas com defici\u00eancia - Algarve 7","isPartOf":{"@id":"https:\/\/algarve7.pt\/#website"},"primaryImageOfPage":{"@id":"https:\/\/algarve7.pt\/index.php\/2022\/10\/albufeira-retoma-programas-de-apoio-a-pessoas-com-deficiencia\/atualidade\/09\/31\/#primaryimage"},"image":{"@id":"https:\/\/algarve7.pt\/index.php\/2022\/10\/albufeira-retoma-programas-de-apoio-a-pessoas-com-deficiencia\/atualidade\/09\/31\/#primaryimage"},"thumbnailUrl":"https:\/\/algarve7.pt\/wp-content\/uploads\/2022\/10\/Espac\u0327ointegrar1.png","datePublished":"2022-10-12T08:31:21+00:00","dateModified":"2022-10-12T08:31:30+00:00","description":"Albufeira retoma programas de apoio a pessoas com defici\u00eancia Atualidade","breadcrumb":{"@id":"https:\/\/algarve7.pt\/index.php\/2022\/10\/albufeira-retoma-programas-de-apoio-a-pessoas-com-deficiencia\/atualidade\/09\/31\/#breadcrumb"},"inLanguage":"pt-PT","potentialAction":[{"@type":"ReadAction","target":["https:\/\/algarve7.pt\/index.php\/2022\/10\/albufeira-retoma-programas-de-apoio-a-pessoas-com-deficiencia\/atualidade\/09\/31\/"]}]},{"@type":"ImageObject","inLanguage":"pt-PT","@id":"https:\/\/algarve7.pt\/index.php\/2022\/10\/albufeira-retoma-programas-de-apoio-a-pessoas-com-deficiencia\/atualidade\/09\/31\/#primaryimage","url":"https:\/\/algarve7.pt\/wp-content\/uploads\/2022\/10\/Espac\u0327ointegrar1.png","contentUrl":"https:\/\/algarve7.pt\/wp-content\/uploads\/2022\/10\/Espac\u0327ointegrar1.png","width":1500,"height":843},{"@type":"BreadcrumbList","@id":"https:\/\/algarve7.pt\/index.php\/2022\/10\/albufeira-retoma-programas-de-apoio-a-pessoas-com-deficiencia\/atualidade\/09\/31\/#breadcrumb","itemListElement":[{"@type":"ListItem","position":1,"name":"In\u00edcio","item":"https:\/\/algarve7.pt\/"},{"@type":"ListItem","position":2,"name":"Albufeira retoma programas de apoio a pessoas com defici\u00eancia"}]},{"@type":"WebSite","@id":"https:\/\/algarve7.pt\/#website","url":"https:\/\/algarve7.pt\/","name":"Algarve 7","description":"Informa\u00e7\u00e3o sobre o Algarve","publisher":{"@id":"https:\/\/algarve7.pt\/#organization"},"potentialAction":[{"@type":"SearchAction","target":{"@type":"EntryPoint","urlTemplate":"https:\/\/algarve7.pt\/?s={search_term_string}"},"query-input":{"@type":"PropertyValueSpecification","valueRequired":true,"valueName":"search_term_string"}}],"inLanguage":"pt-PT"},{"@type":"Organization","@id":"https:\/\/algarve7.pt\/#organization","name":"Algarve 7","url":"https:\/\/algarve7.pt\/","logo":{"@type":"ImageObject","inLanguage":"pt-PT","@id":"https:\/\/algarve7.pt\/#\/schema\/logo\/image\/","url":"https:\/\/algarve7.pt\/wp-content\/uploads\/2020\/10\/Logo-8.jpg","contentUrl":"https:\/\/algarve7.pt\/wp-content\/uploads\/2020\/10\/Logo-8.jpg","width":1680,"height":1186,"caption":"Algarve 7"},"image":{"@id":"https:\/\/algarve7.pt\/#\/schema\/logo\/image\/"},"sameAs":["https:\/\/www.facebook.com\/algarve7","https:\/\/x.com\/Algarvesete","https:\/\/www.instagram.com\/jornalalgarve7\/","https:\/\/www.linkedin.com\/company\/algarve7","https:\/\/www.pinterest.pt\/geral0939\/_created\/"]},{"@type":"Person","@id":"https:\/\/algarve7.pt\/#\/schema\/person\/23fa70681308e7b319a3204bcea45e0c","name":"Algarve 7","sameAs":["https:\/\/algarve7.pt","https:\/\/www.facebook.com\/algarve7"],"url":"https:\/\/algarve7.pt\/index.php\/author\/geralalgarve7-pt\/"}]}},"jetpack_publicize_connections":[],"jetpack_featured_media_url":"https:\/\/algarve7.pt\/wp-content\/uploads\/2022\/10\/Espac\u0327ointegrar1.png","jetpack_shortlink":"https:\/\/wp.me\/pcezmW-5Of","jetpack_sharing_enabled":true,"_links":{"self":[{"href":"https:\/\/algarve7.pt\/index.php\/wp-json\/wp\/v2\/posts\/22335","targetHints":{"allow":["GET"]}}],"collection":[{"href":"https:\/\/algarve7.pt\/index.php\/wp-json\/wp\/v2\/posts"}],"about":[{"href":"https:\/\/algarve7.pt\/index.php\/wp-json\/wp\/v2\/types\/post"}],"author":[{"embeddable":true,"href":"https:\/\/algarve7.pt\/index.php\/wp-json\/wp\/v2\/users\/1"}],"replies":[{"embeddable":true,"href":"https:\/\/algarve7.pt\/index.php\/wp-json\/wp\/v2\/comments?post=22335"}],"version-history":[{"count":0,"href":"https:\/\/algarve7.pt\/index.php\/wp-json\/wp\/v2\/posts\/22335\/revisions"}],"wp:featuredmedia":[{"embeddable":true,"href":"https:\/\/algarve7.pt\/index.php\/wp-json\/wp\/v2\/media\/22336"}],"wp:attachment":[{"href":"https:\/\/algarve7.pt\/index.php\/wp-json\/wp\/v2\/media?parent=22335"}],"wp:term":[{"taxonomy":"category","embeddable":true,"href":"https:\/\/algarve7.pt\/index.php\/wp-json\/wp\/v2\/categories?post=22335"},{"taxonomy":"post_tag","embeddable":true,"href":"https:\/\/algarve7.pt\/index.php\/wp-json\/wp\/v2\/tags?post=22335"}],"curies":[{"name":"wp","href":"https:\/\/api.w.org\/{rel}","templated":true}]}}