{"id":22321,"date":"2022-10-10T18:56:28","date_gmt":"2022-10-10T17:56:28","guid":{"rendered":"https:\/\/algarve7.pt\/?p=22321"},"modified":"2022-10-10T18:57:23","modified_gmt":"2022-10-10T17:57:23","slug":"magallanes_icc-ciclo-de-historia-encerra-em-silves","status":"publish","type":"post","link":"https:\/\/algarve7.pt\/index.php\/2022\/10\/magallanes_icc-ciclo-de-historia-encerra-em-silves\/cultura\/18\/56\/","title":{"rendered":"Magallanes_ICC: Ciclo de Hist\u00f3ria encerra em Silves"},"content":{"rendered":"\n<p><strong>O Ciclo de Hist\u00f3ria promovido pela Dire\u00e7\u00e3o Regional de Cultura, no \u00e2mbito do projeto Magallanes_ICC, encerra com alguns dos segredos da arte da guerra nos s\u00e9culos XV e XVI, dia&nbsp;14 de outubro, em Silves, no Museu Municipal de Arqueologia. As oficinas continuam at\u00e9 dia&nbsp;20 de outubro.<\/strong><\/p>\n\n\n\n<p>&nbsp;<\/p>\n\n\n\n<p>Esta \u00faltima confer\u00eancia do Ciclo de Hist\u00f3ria, organizado no \u00e2mbito do projeto Magallanes_ICC, intitulada \u201cEntre o a\u00e7o e a p\u00f3lvora: a arte da guerra no tempo dos descobrimentos\u201d,<strong><\/strong>est\u00e1 a cargo dos investigadores Ant\u00f3nio Conduto Oliveira e Roger Lee de Jesus, e ter\u00e1 lugar no Museu Municipal de Arqueologia de Silves, entre&nbsp;as 17h30&nbsp;e&nbsp;as 19h30. A proposta \u00e9 dar a conhecer o armamento utilizado em terra e no mar, assim como outros elementos associados \u00e0 tecnologia militar da \u00e9poca, reconhecendo a sua import\u00e2ncia fundamental para compreender a hist\u00f3ria da forma\u00e7\u00e3o do imp\u00e9rio portugu\u00eas, atrav\u00e9s da expans\u00e3o mar\u00edtima dos s\u00e9culos XV e XVI.<strong>&nbsp;<\/strong>As estrat\u00e9gias de defesa e de ataque e o modo como eram manuseadas e funcionavam as armas usadas nos diferentes contextos, mar\u00edtimos e terrestres, ser\u00e3o alguns dos segredos a partilhar pelos autores durante esta sess\u00e3o, tendo presente que foi, em boa parte, este dom\u00ednio tecnol\u00f3gico que permitiu o desenvolvimento deste empreendimento de globaliza\u00e7\u00e3o.<\/p>\n\n\n\n<p><strong>&nbsp;<\/strong><\/p>\n\n\n\n<p>Com esta atividade de divulga\u00e7\u00e3o hist\u00f3rica, a Dire\u00e7\u00e3o Regional de&nbsp;Cultura do Algarve&nbsp;pretende atrair um sector alargado das ind\u00fastrias culturais e criativas que poder\u00e3o vir a inspirar-se e utilizar estes conhecimentos no desenvolvimento das suas atividades, nomeadamente no campo das artes performativas, produ\u00e7\u00e3o liter\u00e1ria, artesanato ou artes visuais, entre outros.<\/p>\n\n\n\n<p>&nbsp;<\/p>\n\n\n\n<p>Nesse sentido, a comunidade cultural e criativa ter\u00e1 ainda durante este m\u00eas de outubro, a oportunidade de participar em tr\u00eas oficinas de design territorial, promovidas pela Dire\u00e7\u00e3o Regional de&nbsp;Cultura do Algarve e&nbsp;dinamizadas pela&nbsp;<em>designer<\/em>&nbsp;Alexandra Santos, que ir\u00e3o explorar caminhos e possibilidades para recorrer \u00e0 hist\u00f3ria, enquanto elemento ativo num processo criativo de constru\u00e7\u00e3o de produtos culturais e criativos ligados \u00e0 identidade do territ\u00f3rio. Produtos estes que beneficiam de potencial de valoriza\u00e7\u00e3o, ao fazer uso destes elementos, tornando-se mais atrativos, originais e diferenciadores.<\/p>\n\n\n\n<p>&nbsp;<\/p>\n\n\n\n<p>Nas pr\u00f3ximas oficinas, o tema da cria\u00e7\u00e3o destes produtos com planeamento de design ser\u00e1 mais aprofundado face \u00e0s experi\u00eancias anteriores, onde, al\u00e9m da componente de desenvolvimento de ideias, ser\u00e3o essencialmente trabalhados os t\u00f3picos da adequa\u00e7\u00e3o dos produtos culturais a p\u00fablicos-alvo, respondendo \u00e0s quest\u00f5es: como planear? Como executar? Como comunicar? Como vender?<\/p>\n\n\n\n<p>&nbsp;<\/p>\n\n\n\n<p>A primeira destas sess\u00f5es de trabalho ter\u00e1 lugar no dia&nbsp;20 de outubro, na Esta\u00e7\u00e3o de Alcantarilha, na sede da Associa\u00e7\u00e3o Resmalhar,&nbsp;\u00e0s 18h30.<\/p>\n\n\n\n<p>&nbsp;<\/p>\n\n\n\n<p>Esta transfer\u00eancia de conhecimento cient\u00edfico para o setor cultural e criativo procura impulsionar a cria\u00e7\u00e3o de uma oferta cultural inovadora, ligada ao tema da &#8220;participa\u00e7\u00e3o algarvia no empreendimento da expans\u00e3o mar\u00edtima dos s\u00e9culos XV e XVI&#8221;, no territ\u00f3rio dos Lugares de Globaliza\u00e7\u00e3o (concelhos de Lagos, Monchique, Vila do Bispo, Aljezur e Silves), valorizando os recursos do seu patrim\u00f3nio cultural.<\/p>\n\n\n\n<p>&nbsp;<\/p>\n\n\n\n<p>O projeto Magallanes_ICC \u00e9 um projeto de coopera\u00e7\u00e3o transfronteiri\u00e7a, cofinanciado pelo Fundo Europeu de Desenvolvimento Regional (FEDER), atrav\u00e9s do Programa Interreg V-A Espa\u00f1a-Portugal (POCTEP) 2014-2020.<\/p>\n\n\n\n<p>&nbsp;<\/p>\n\n\n\n<p>Esta confer\u00eancia conta igualmente com a parceria e apoio log\u00edstico da&nbsp;C\u00e2mara Municipal de Silves.<\/p>\n\n\n\n<p>&nbsp;<\/p>\n\n\n\n<p>A participa\u00e7\u00e3o na confer\u00eancia \u00e9 gratuita, mas aconselha-se a inscri\u00e7\u00e3o pr\u00e9via para efeitos de gest\u00e3o da atividade.<\/p>\n\n\n\n<p>&nbsp;<\/p>\n\n\n\n<p>No caso das oficinas criativas, a inscri\u00e7\u00e3o \u00e9 obrigat\u00f3ria. Em qualquer dos casos, os interessados podem contactar a organiza\u00e7\u00e3o<strong> <\/strong>atrav\u00e9s do endere\u00e7o <a rel=\"noreferrer noopener\" href=\"mailto:algarve.magallanesicc@gmail.com\" target=\"_blank\">algarve.magallanesicc@gmail.com<\/a> ou do n\u00ba 964 782 462.<\/p>\n","protected":false},"excerpt":{"rendered":"<p>O Ciclo de Hist\u00f3ria promovido pela Dire\u00e7\u00e3o Regional de Cultura, no \u00e2mbito do projeto Magallanes_ICC, encerra com alguns dos segredos<\/p>\n","protected":false},"author":1,"featured_media":22320,"comment_status":"open","ping_status":"open","sticky":false,"template":"","format":"standard","meta":{"colormag_page_container_layout":"default_layout","colormag_page_sidebar_layout":"default_layout","_monsterinsights_skip_tracking":false,"_monsterinsights_sitenote_active":false,"_monsterinsights_sitenote_note":"","_monsterinsights_sitenote_category":0,"jetpack_post_was_ever_published":false,"_jetpack_newsletter_access":"","_jetpack_dont_email_post_to_subs":false,"_jetpack_newsletter_tier_id":0,"_jetpack_memberships_contains_paywalled_content":false,"_jetpack_memberships_contains_paid_content":false,"footnotes":"","jetpack_publicize_message":"","jetpack_publicize_feature_enabled":true,"jetpack_social_post_already_shared":true,"jetpack_social_options":{"image_generator_settings":{"template":"highway","default_image_id":0,"font":"","enabled":false},"version":2}},"categories":[14],"tags":[36,35,42],"class_list":["post-22321","post","type-post","status-publish","format-standard","has-post-thumbnail","hentry","category-cultura","tag-algarve","tag-cultura","tag-silves"],"yoast_head":"<!-- This site is optimized with the Yoast SEO plugin v27.5 - https:\/\/yoast.com\/product\/yoast-seo-wordpress\/ -->\n<title>Magallanes_ICC: Ciclo de Hist\u00f3ria encerra em Silves - Algarve 7<\/title>\n<meta name=\"description\" content=\"Magallanes_ICC: Ciclo de Hist\u00f3ria encerra em Silves\" \/>\n<meta name=\"robots\" content=\"index, follow, max-snippet:-1, max-image-preview:large, max-video-preview:-1\" \/>\n<link rel=\"canonical\" href=\"https:\/\/algarve7.pt\/index.php\/2022\/10\/magallanes_icc-ciclo-de-historia-encerra-em-silves\/cultura\/18\/56\/\" \/>\n<meta property=\"og:locale\" content=\"pt_PT\" \/>\n<meta property=\"og:type\" content=\"article\" \/>\n<meta property=\"og:title\" content=\"Magallanes_ICC: Ciclo de Hist\u00f3ria encerra em Silves - Algarve 7\" \/>\n<meta property=\"og:description\" content=\"Magallanes_ICC: Ciclo de Hist\u00f3ria encerra em Silves\" \/>\n<meta property=\"og:url\" content=\"https:\/\/algarve7.pt\/index.php\/2022\/10\/magallanes_icc-ciclo-de-historia-encerra-em-silves\/cultura\/18\/56\/\" \/>\n<meta property=\"og:site_name\" content=\"Algarve 7\" \/>\n<meta property=\"article:publisher\" content=\"https:\/\/www.facebook.com\/algarve7\" \/>\n<meta property=\"article:author\" content=\"https:\/\/www.facebook.com\/algarve7\" \/>\n<meta property=\"article:published_time\" content=\"2022-10-10T17:56:28+00:00\" \/>\n<meta property=\"article:modified_time\" content=\"2022-10-10T17:57:23+00:00\" \/>\n<meta property=\"og:image\" content=\"https:\/\/algarve7.pt\/wp-content\/uploads\/2022\/10\/cartaz-6-a-arte-da-guerra_1-scaled.jpg\" \/>\n\t<meta property=\"og:image:width\" content=\"2560\" \/>\n\t<meta property=\"og:image:height\" content=\"1810\" \/>\n\t<meta property=\"og:image:type\" content=\"image\/jpeg\" \/>\n<meta name=\"author\" content=\"Algarve 7\" \/>\n<meta name=\"twitter:card\" content=\"summary_large_image\" \/>\n<meta name=\"twitter:creator\" content=\"@Algarvesete\" \/>\n<meta name=\"twitter:site\" content=\"@Algarvesete\" \/>\n<meta name=\"twitter:label1\" content=\"Escrito por\" \/>\n\t<meta name=\"twitter:data1\" content=\"Algarve 7\" \/>\n\t<meta name=\"twitter:label2\" content=\"Tempo estimado de leitura\" \/>\n\t<meta name=\"twitter:data2\" content=\"3 minutos\" \/>\n<script type=\"application\/ld+json\" class=\"yoast-schema-graph\">{\"@context\":\"https:\\\/\\\/schema.org\",\"@graph\":[{\"@type\":\"Article\",\"@id\":\"https:\\\/\\\/algarve7.pt\\\/index.php\\\/2022\\\/10\\\/magallanes_icc-ciclo-de-historia-encerra-em-silves\\\/cultura\\\/18\\\/56\\\/#article\",\"isPartOf\":{\"@id\":\"https:\\\/\\\/algarve7.pt\\\/index.php\\\/2022\\\/10\\\/magallanes_icc-ciclo-de-historia-encerra-em-silves\\\/cultura\\\/18\\\/56\\\/\"},\"author\":{\"name\":\"Algarve 7\",\"@id\":\"https:\\\/\\\/algarve7.pt\\\/#\\\/schema\\\/person\\\/23fa70681308e7b319a3204bcea45e0c\"},\"headline\":\"Magallanes_ICC: Ciclo de Hist\u00f3ria encerra em Silves\",\"datePublished\":\"2022-10-10T17:56:28+00:00\",\"dateModified\":\"2022-10-10T17:57:23+00:00\",\"mainEntityOfPage\":{\"@id\":\"https:\\\/\\\/algarve7.pt\\\/index.php\\\/2022\\\/10\\\/magallanes_icc-ciclo-de-historia-encerra-em-silves\\\/cultura\\\/18\\\/56\\\/\"},\"wordCount\":666,\"commentCount\":0,\"publisher\":{\"@id\":\"https:\\\/\\\/algarve7.pt\\\/#organization\"},\"image\":{\"@id\":\"https:\\\/\\\/algarve7.pt\\\/index.php\\\/2022\\\/10\\\/magallanes_icc-ciclo-de-historia-encerra-em-silves\\\/cultura\\\/18\\\/56\\\/#primaryimage\"},\"thumbnailUrl\":\"https:\\\/\\\/algarve7.pt\\\/wp-content\\\/uploads\\\/2022\\\/10\\\/cartaz-6-a-arte-da-guerra_1-scaled.jpg\",\"keywords\":[\"Algarve\",\"Cultura\",\"Silves\"],\"articleSection\":[\"Cultura\"],\"inLanguage\":\"pt-PT\",\"potentialAction\":[{\"@type\":\"CommentAction\",\"name\":\"Comment\",\"target\":[\"https:\\\/\\\/algarve7.pt\\\/index.php\\\/2022\\\/10\\\/magallanes_icc-ciclo-de-historia-encerra-em-silves\\\/cultura\\\/18\\\/56\\\/#respond\"]}]},{\"@type\":\"WebPage\",\"@id\":\"https:\\\/\\\/algarve7.pt\\\/index.php\\\/2022\\\/10\\\/magallanes_icc-ciclo-de-historia-encerra-em-silves\\\/cultura\\\/18\\\/56\\\/\",\"url\":\"https:\\\/\\\/algarve7.pt\\\/index.php\\\/2022\\\/10\\\/magallanes_icc-ciclo-de-historia-encerra-em-silves\\\/cultura\\\/18\\\/56\\\/\",\"name\":\"Magallanes_ICC: Ciclo de Hist\u00f3ria encerra em Silves - Algarve 7\",\"isPartOf\":{\"@id\":\"https:\\\/\\\/algarve7.pt\\\/#website\"},\"primaryImageOfPage\":{\"@id\":\"https:\\\/\\\/algarve7.pt\\\/index.php\\\/2022\\\/10\\\/magallanes_icc-ciclo-de-historia-encerra-em-silves\\\/cultura\\\/18\\\/56\\\/#primaryimage\"},\"image\":{\"@id\":\"https:\\\/\\\/algarve7.pt\\\/index.php\\\/2022\\\/10\\\/magallanes_icc-ciclo-de-historia-encerra-em-silves\\\/cultura\\\/18\\\/56\\\/#primaryimage\"},\"thumbnailUrl\":\"https:\\\/\\\/algarve7.pt\\\/wp-content\\\/uploads\\\/2022\\\/10\\\/cartaz-6-a-arte-da-guerra_1-scaled.jpg\",\"datePublished\":\"2022-10-10T17:56:28+00:00\",\"dateModified\":\"2022-10-10T17:57:23+00:00\",\"description\":\"Magallanes_ICC: Ciclo de Hist\u00f3ria encerra em Silves\",\"breadcrumb\":{\"@id\":\"https:\\\/\\\/algarve7.pt\\\/index.php\\\/2022\\\/10\\\/magallanes_icc-ciclo-de-historia-encerra-em-silves\\\/cultura\\\/18\\\/56\\\/#breadcrumb\"},\"inLanguage\":\"pt-PT\",\"potentialAction\":[{\"@type\":\"ReadAction\",\"target\":[\"https:\\\/\\\/algarve7.pt\\\/index.php\\\/2022\\\/10\\\/magallanes_icc-ciclo-de-historia-encerra-em-silves\\\/cultura\\\/18\\\/56\\\/\"]}]},{\"@type\":\"ImageObject\",\"inLanguage\":\"pt-PT\",\"@id\":\"https:\\\/\\\/algarve7.pt\\\/index.php\\\/2022\\\/10\\\/magallanes_icc-ciclo-de-historia-encerra-em-silves\\\/cultura\\\/18\\\/56\\\/#primaryimage\",\"url\":\"https:\\\/\\\/algarve7.pt\\\/wp-content\\\/uploads\\\/2022\\\/10\\\/cartaz-6-a-arte-da-guerra_1-scaled.jpg\",\"contentUrl\":\"https:\\\/\\\/algarve7.pt\\\/wp-content\\\/uploads\\\/2022\\\/10\\\/cartaz-6-a-arte-da-guerra_1-scaled.jpg\",\"width\":2560,\"height\":1810},{\"@type\":\"BreadcrumbList\",\"@id\":\"https:\\\/\\\/algarve7.pt\\\/index.php\\\/2022\\\/10\\\/magallanes_icc-ciclo-de-historia-encerra-em-silves\\\/cultura\\\/18\\\/56\\\/#breadcrumb\",\"itemListElement\":[{\"@type\":\"ListItem\",\"position\":1,\"name\":\"In\u00edcio\",\"item\":\"https:\\\/\\\/algarve7.pt\\\/\"},{\"@type\":\"ListItem\",\"position\":2,\"name\":\"Magallanes_ICC: Ciclo de Hist\u00f3ria encerra em Silves\"}]},{\"@type\":\"WebSite\",\"@id\":\"https:\\\/\\\/algarve7.pt\\\/#website\",\"url\":\"https:\\\/\\\/algarve7.pt\\\/\",\"name\":\"Algarve 7\",\"description\":\"Informa\u00e7\u00e3o sobre o Algarve\",\"publisher\":{\"@id\":\"https:\\\/\\\/algarve7.pt\\\/#organization\"},\"potentialAction\":[{\"@type\":\"SearchAction\",\"target\":{\"@type\":\"EntryPoint\",\"urlTemplate\":\"https:\\\/\\\/algarve7.pt\\\/?s={search_term_string}\"},\"query-input\":{\"@type\":\"PropertyValueSpecification\",\"valueRequired\":true,\"valueName\":\"search_term_string\"}}],\"inLanguage\":\"pt-PT\"},{\"@type\":\"Organization\",\"@id\":\"https:\\\/\\\/algarve7.pt\\\/#organization\",\"name\":\"Algarve 7\",\"url\":\"https:\\\/\\\/algarve7.pt\\\/\",\"logo\":{\"@type\":\"ImageObject\",\"inLanguage\":\"pt-PT\",\"@id\":\"https:\\\/\\\/algarve7.pt\\\/#\\\/schema\\\/logo\\\/image\\\/\",\"url\":\"https:\\\/\\\/algarve7.pt\\\/wp-content\\\/uploads\\\/2020\\\/10\\\/Logo-8.jpg\",\"contentUrl\":\"https:\\\/\\\/algarve7.pt\\\/wp-content\\\/uploads\\\/2020\\\/10\\\/Logo-8.jpg\",\"width\":1680,\"height\":1186,\"caption\":\"Algarve 7\"},\"image\":{\"@id\":\"https:\\\/\\\/algarve7.pt\\\/#\\\/schema\\\/logo\\\/image\\\/\"},\"sameAs\":[\"https:\\\/\\\/www.facebook.com\\\/algarve7\",\"https:\\\/\\\/x.com\\\/Algarvesete\",\"https:\\\/\\\/www.instagram.com\\\/jornalalgarve7\\\/\",\"https:\\\/\\\/www.linkedin.com\\\/company\\\/algarve7\",\"https:\\\/\\\/www.pinterest.pt\\\/geral0939\\\/_created\\\/\"]},{\"@type\":\"Person\",\"@id\":\"https:\\\/\\\/algarve7.pt\\\/#\\\/schema\\\/person\\\/23fa70681308e7b319a3204bcea45e0c\",\"name\":\"Algarve 7\",\"sameAs\":[\"https:\\\/\\\/algarve7.pt\",\"https:\\\/\\\/www.facebook.com\\\/algarve7\"],\"url\":\"https:\\\/\\\/algarve7.pt\\\/index.php\\\/author\\\/geralalgarve7-pt\\\/\"}]}<\/script>\n<!-- \/ Yoast SEO plugin. -->","yoast_head_json":{"title":"Magallanes_ICC: Ciclo de Hist\u00f3ria encerra em Silves - Algarve 7","description":"Magallanes_ICC: Ciclo de Hist\u00f3ria encerra em Silves","robots":{"index":"index","follow":"follow","max-snippet":"max-snippet:-1","max-image-preview":"max-image-preview:large","max-video-preview":"max-video-preview:-1"},"canonical":"https:\/\/algarve7.pt\/index.php\/2022\/10\/magallanes_icc-ciclo-de-historia-encerra-em-silves\/cultura\/18\/56\/","og_locale":"pt_PT","og_type":"article","og_title":"Magallanes_ICC: Ciclo de Hist\u00f3ria encerra em Silves - Algarve 7","og_description":"Magallanes_ICC: Ciclo de Hist\u00f3ria encerra em Silves","og_url":"https:\/\/algarve7.pt\/index.php\/2022\/10\/magallanes_icc-ciclo-de-historia-encerra-em-silves\/cultura\/18\/56\/","og_site_name":"Algarve 7","article_publisher":"https:\/\/www.facebook.com\/algarve7","article_author":"https:\/\/www.facebook.com\/algarve7","article_published_time":"2022-10-10T17:56:28+00:00","article_modified_time":"2022-10-10T17:57:23+00:00","og_image":[{"width":2560,"height":1810,"url":"https:\/\/algarve7.pt\/wp-content\/uploads\/2022\/10\/cartaz-6-a-arte-da-guerra_1-scaled.jpg","type":"image\/jpeg"}],"author":"Algarve 7","twitter_card":"summary_large_image","twitter_creator":"@Algarvesete","twitter_site":"@Algarvesete","twitter_misc":{"Escrito por":"Algarve 7","Tempo estimado de leitura":"3 minutos"},"schema":{"@context":"https:\/\/schema.org","@graph":[{"@type":"Article","@id":"https:\/\/algarve7.pt\/index.php\/2022\/10\/magallanes_icc-ciclo-de-historia-encerra-em-silves\/cultura\/18\/56\/#article","isPartOf":{"@id":"https:\/\/algarve7.pt\/index.php\/2022\/10\/magallanes_icc-ciclo-de-historia-encerra-em-silves\/cultura\/18\/56\/"},"author":{"name":"Algarve 7","@id":"https:\/\/algarve7.pt\/#\/schema\/person\/23fa70681308e7b319a3204bcea45e0c"},"headline":"Magallanes_ICC: Ciclo de Hist\u00f3ria encerra em Silves","datePublished":"2022-10-10T17:56:28+00:00","dateModified":"2022-10-10T17:57:23+00:00","mainEntityOfPage":{"@id":"https:\/\/algarve7.pt\/index.php\/2022\/10\/magallanes_icc-ciclo-de-historia-encerra-em-silves\/cultura\/18\/56\/"},"wordCount":666,"commentCount":0,"publisher":{"@id":"https:\/\/algarve7.pt\/#organization"},"image":{"@id":"https:\/\/algarve7.pt\/index.php\/2022\/10\/magallanes_icc-ciclo-de-historia-encerra-em-silves\/cultura\/18\/56\/#primaryimage"},"thumbnailUrl":"https:\/\/algarve7.pt\/wp-content\/uploads\/2022\/10\/cartaz-6-a-arte-da-guerra_1-scaled.jpg","keywords":["Algarve","Cultura","Silves"],"articleSection":["Cultura"],"inLanguage":"pt-PT","potentialAction":[{"@type":"CommentAction","name":"Comment","target":["https:\/\/algarve7.pt\/index.php\/2022\/10\/magallanes_icc-ciclo-de-historia-encerra-em-silves\/cultura\/18\/56\/#respond"]}]},{"@type":"WebPage","@id":"https:\/\/algarve7.pt\/index.php\/2022\/10\/magallanes_icc-ciclo-de-historia-encerra-em-silves\/cultura\/18\/56\/","url":"https:\/\/algarve7.pt\/index.php\/2022\/10\/magallanes_icc-ciclo-de-historia-encerra-em-silves\/cultura\/18\/56\/","name":"Magallanes_ICC: Ciclo de Hist\u00f3ria encerra em Silves - Algarve 7","isPartOf":{"@id":"https:\/\/algarve7.pt\/#website"},"primaryImageOfPage":{"@id":"https:\/\/algarve7.pt\/index.php\/2022\/10\/magallanes_icc-ciclo-de-historia-encerra-em-silves\/cultura\/18\/56\/#primaryimage"},"image":{"@id":"https:\/\/algarve7.pt\/index.php\/2022\/10\/magallanes_icc-ciclo-de-historia-encerra-em-silves\/cultura\/18\/56\/#primaryimage"},"thumbnailUrl":"https:\/\/algarve7.pt\/wp-content\/uploads\/2022\/10\/cartaz-6-a-arte-da-guerra_1-scaled.jpg","datePublished":"2022-10-10T17:56:28+00:00","dateModified":"2022-10-10T17:57:23+00:00","description":"Magallanes_ICC: Ciclo de Hist\u00f3ria encerra em Silves","breadcrumb":{"@id":"https:\/\/algarve7.pt\/index.php\/2022\/10\/magallanes_icc-ciclo-de-historia-encerra-em-silves\/cultura\/18\/56\/#breadcrumb"},"inLanguage":"pt-PT","potentialAction":[{"@type":"ReadAction","target":["https:\/\/algarve7.pt\/index.php\/2022\/10\/magallanes_icc-ciclo-de-historia-encerra-em-silves\/cultura\/18\/56\/"]}]},{"@type":"ImageObject","inLanguage":"pt-PT","@id":"https:\/\/algarve7.pt\/index.php\/2022\/10\/magallanes_icc-ciclo-de-historia-encerra-em-silves\/cultura\/18\/56\/#primaryimage","url":"https:\/\/algarve7.pt\/wp-content\/uploads\/2022\/10\/cartaz-6-a-arte-da-guerra_1-scaled.jpg","contentUrl":"https:\/\/algarve7.pt\/wp-content\/uploads\/2022\/10\/cartaz-6-a-arte-da-guerra_1-scaled.jpg","width":2560,"height":1810},{"@type":"BreadcrumbList","@id":"https:\/\/algarve7.pt\/index.php\/2022\/10\/magallanes_icc-ciclo-de-historia-encerra-em-silves\/cultura\/18\/56\/#breadcrumb","itemListElement":[{"@type":"ListItem","position":1,"name":"In\u00edcio","item":"https:\/\/algarve7.pt\/"},{"@type":"ListItem","position":2,"name":"Magallanes_ICC: Ciclo de Hist\u00f3ria encerra em Silves"}]},{"@type":"WebSite","@id":"https:\/\/algarve7.pt\/#website","url":"https:\/\/algarve7.pt\/","name":"Algarve 7","description":"Informa\u00e7\u00e3o sobre o Algarve","publisher":{"@id":"https:\/\/algarve7.pt\/#organization"},"potentialAction":[{"@type":"SearchAction","target":{"@type":"EntryPoint","urlTemplate":"https:\/\/algarve7.pt\/?s={search_term_string}"},"query-input":{"@type":"PropertyValueSpecification","valueRequired":true,"valueName":"search_term_string"}}],"inLanguage":"pt-PT"},{"@type":"Organization","@id":"https:\/\/algarve7.pt\/#organization","name":"Algarve 7","url":"https:\/\/algarve7.pt\/","logo":{"@type":"ImageObject","inLanguage":"pt-PT","@id":"https:\/\/algarve7.pt\/#\/schema\/logo\/image\/","url":"https:\/\/algarve7.pt\/wp-content\/uploads\/2020\/10\/Logo-8.jpg","contentUrl":"https:\/\/algarve7.pt\/wp-content\/uploads\/2020\/10\/Logo-8.jpg","width":1680,"height":1186,"caption":"Algarve 7"},"image":{"@id":"https:\/\/algarve7.pt\/#\/schema\/logo\/image\/"},"sameAs":["https:\/\/www.facebook.com\/algarve7","https:\/\/x.com\/Algarvesete","https:\/\/www.instagram.com\/jornalalgarve7\/","https:\/\/www.linkedin.com\/company\/algarve7","https:\/\/www.pinterest.pt\/geral0939\/_created\/"]},{"@type":"Person","@id":"https:\/\/algarve7.pt\/#\/schema\/person\/23fa70681308e7b319a3204bcea45e0c","name":"Algarve 7","sameAs":["https:\/\/algarve7.pt","https:\/\/www.facebook.com\/algarve7"],"url":"https:\/\/algarve7.pt\/index.php\/author\/geralalgarve7-pt\/"}]}},"jetpack_publicize_connections":[],"jetpack_featured_media_url":"https:\/\/algarve7.pt\/wp-content\/uploads\/2022\/10\/cartaz-6-a-arte-da-guerra_1-scaled.jpg","jetpack_shortlink":"https:\/\/wp.me\/pcezmW-5O1","jetpack_sharing_enabled":true,"_links":{"self":[{"href":"https:\/\/algarve7.pt\/index.php\/wp-json\/wp\/v2\/posts\/22321","targetHints":{"allow":["GET"]}}],"collection":[{"href":"https:\/\/algarve7.pt\/index.php\/wp-json\/wp\/v2\/posts"}],"about":[{"href":"https:\/\/algarve7.pt\/index.php\/wp-json\/wp\/v2\/types\/post"}],"author":[{"embeddable":true,"href":"https:\/\/algarve7.pt\/index.php\/wp-json\/wp\/v2\/users\/1"}],"replies":[{"embeddable":true,"href":"https:\/\/algarve7.pt\/index.php\/wp-json\/wp\/v2\/comments?post=22321"}],"version-history":[{"count":0,"href":"https:\/\/algarve7.pt\/index.php\/wp-json\/wp\/v2\/posts\/22321\/revisions"}],"wp:featuredmedia":[{"embeddable":true,"href":"https:\/\/algarve7.pt\/index.php\/wp-json\/wp\/v2\/media\/22320"}],"wp:attachment":[{"href":"https:\/\/algarve7.pt\/index.php\/wp-json\/wp\/v2\/media?parent=22321"}],"wp:term":[{"taxonomy":"category","embeddable":true,"href":"https:\/\/algarve7.pt\/index.php\/wp-json\/wp\/v2\/categories?post=22321"},{"taxonomy":"post_tag","embeddable":true,"href":"https:\/\/algarve7.pt\/index.php\/wp-json\/wp\/v2\/tags?post=22321"}],"curies":[{"name":"wp","href":"https:\/\/api.w.org\/{rel}","templated":true}]}}