{"id":22278,"date":"2022-10-08T14:23:00","date_gmt":"2022-10-08T13:23:00","guid":{"rendered":"https:\/\/algarve7.pt\/?p=22278"},"modified":"2022-10-07T19:26:45","modified_gmt":"2022-10-07T18:26:45","slug":"lagoa-do-algarve-recebe-uma-comitiva-de-lagoa-dos-acores","status":"publish","type":"post","link":"https:\/\/algarve7.pt\/index.php\/2022\/10\/lagoa-do-algarve-recebe-uma-comitiva-de-lagoa-dos-acores\/atualidade\/14\/23\/","title":{"rendered":"Lagoa do Algarve recebe uma comitiva de Lagoa dos A\u00e7ores"},"content":{"rendered":"\n<p>Lagoa do Algarve recebe, entre os dias 05 e 09 de outubro, uma comitiva vinda de Lagoa dos A\u00e7ores, nomeadamente a equipa de veteranos do Santiago Futebol Clube, de Vila de \u00c1gua de Pau, no \u00e2mbito do protoloco de gemina\u00e7\u00e3o existente entre as duas cidades, para participarem no torneio triangular de futebol de 11.<\/p>\n\n\n\n<p>Depois de dois anos de interregno, devido \u00e0 pandemia covid-19, foram retomadas as atividades de intercambio entre Lagoa do Algarve e Lagoa dos A\u00e7ores, nomeadamente a participa\u00e7\u00e3o de Lagoa do Algarve nas celebra\u00e7\u00f5es do Divino Esp\u00edrito Santo, este ano, tamb\u00e9m, comemoradas em Lagoa do Algarve, em maio de 2022, bem como o intercambio desportivo, que acontece de dois em dois anos, entre os veteranos do Grupo Desportivo de Lagoa e uma equipa de veteranos de Lagoa dos A\u00e7ores.<\/p>\n\n\n\n<p>Assim, est\u00e1 desde o passado dia 05 de outubro, uma comitiva composta por 24 elementos de Lagoa dos A\u00e7ores que, acompanhados pelos t\u00e9cnicos do Munic\u00edpio, ir\u00e3o visitar o concelho de Lagoa Algarve, com um programa vasto, onde Lagoa do Algarve ir\u00e1 promover o concelho com o melhor que tem para oferecer, a quem nos visita.<\/p>\n\n\n\n<p>O Torneio triangular contar\u00e1 com a participa\u00e7\u00e3o da equipa de veteranos da Sociedade Recreativa Capricho Estombarense, para al\u00e9m da equipa de veteranos do Grupo Desportivo de Lagoa e da equipa do Santiago Futebol Clube.<\/p>\n\n\n\n<p>Recorde-se que em 2019 foi a vez de uma comitiva composta pelo Presidente da C\u00e2mara Municipal de Lagoa, Lu\u00eds Encarna\u00e7\u00e3o, por t\u00e9cnicos da autarquia e pela equipa de veteranos do Grupo Desportivo de Lagoa, serem recebidos em Lagoa dos A\u00e7ores, no \u00e2mbito da referida gemina\u00e7\u00e3o existente entre as duas cidades desde o ano de 2008. &nbsp;&nbsp;<\/p>\n\n\n\n<p>\u201c\u00c9 uma honra recebermos, mais uma vez, os nossos cong\u00e9neres de Lagoa dos A\u00e7ores e promover esta importante partilha de culturas, promovendo, tamb\u00e9m, o nosso territ\u00f3rio\u201d, afirma Lu\u00eds Encarna\u00e7\u00e3o, Presidente ca C\u00e2mara Municipal de Lagoa.<\/p>\n","protected":false},"excerpt":{"rendered":"<p>Lagoa do Algarve recebe, entre os dias 05 e 09 de outubro, uma comitiva vinda de Lagoa dos A\u00e7ores, nomeadamente<\/p>\n","protected":false},"author":1,"featured_media":22279,"comment_status":"closed","ping_status":"open","sticky":false,"template":"","format":"standard","meta":{"colormag_page_container_layout":"default_layout","colormag_page_sidebar_layout":"default_layout","_monsterinsights_skip_tracking":false,"_monsterinsights_sitenote_active":false,"_monsterinsights_sitenote_note":"","_monsterinsights_sitenote_category":0,"jetpack_post_was_ever_published":false,"_jetpack_newsletter_access":"","_jetpack_dont_email_post_to_subs":false,"_jetpack_newsletter_tier_id":0,"_jetpack_memberships_contains_paywalled_content":false,"_jetpack_memberships_contains_paid_content":false,"footnotes":"","jetpack_publicize_message":"","jetpack_publicize_feature_enabled":true,"jetpack_social_post_already_shared":true,"jetpack_social_options":{"image_generator_settings":{"template":"highway","default_image_id":0,"font":"","enabled":false},"version":2}},"categories":[11],"tags":[36,62,48],"class_list":["post-22278","post","type-post","status-publish","format-standard","has-post-thumbnail","hentry","category-atualidade","tag-algarve","tag-atualidade","tag-lagoa"],"yoast_head":"<!-- This site is optimized with the Yoast SEO plugin v27.5 - https:\/\/yoast.com\/product\/yoast-seo-wordpress\/ -->\n<title>Lagoa do Algarve recebe uma comitiva de Lagoa dos A\u00e7ores - Algarve 7<\/title>\n<meta name=\"description\" content=\"Lagoa do Algarve recebe uma comitiva de Lagoa dos A\u00e7ores Atualidade\" \/>\n<meta name=\"robots\" content=\"index, follow, max-snippet:-1, max-image-preview:large, max-video-preview:-1\" \/>\n<link rel=\"canonical\" href=\"https:\/\/algarve7.pt\/index.php\/2022\/10\/lagoa-do-algarve-recebe-uma-comitiva-de-lagoa-dos-acores\/atualidade\/14\/23\/\" \/>\n<meta property=\"og:locale\" content=\"pt_PT\" \/>\n<meta property=\"og:type\" content=\"article\" \/>\n<meta property=\"og:title\" content=\"Lagoa do Algarve recebe uma comitiva de Lagoa dos A\u00e7ores - Algarve 7\" \/>\n<meta property=\"og:description\" content=\"Lagoa do Algarve recebe uma comitiva de Lagoa dos A\u00e7ores Atualidade\" \/>\n<meta property=\"og:url\" content=\"https:\/\/algarve7.pt\/index.php\/2022\/10\/lagoa-do-algarve-recebe-uma-comitiva-de-lagoa-dos-acores\/atualidade\/14\/23\/\" \/>\n<meta property=\"og:site_name\" content=\"Algarve 7\" \/>\n<meta property=\"article:publisher\" content=\"https:\/\/www.facebook.com\/algarve7\" \/>\n<meta property=\"article:author\" content=\"https:\/\/www.facebook.com\/algarve7\" \/>\n<meta property=\"article:published_time\" content=\"2022-10-08T13:23:00+00:00\" \/>\n<meta property=\"og:image\" content=\"https:\/\/algarve7.pt\/wp-content\/uploads\/2022\/10\/DSC06792-1024x683.jpg\" \/>\n\t<meta property=\"og:image:width\" content=\"1024\" \/>\n\t<meta property=\"og:image:height\" content=\"683\" \/>\n\t<meta property=\"og:image:type\" content=\"image\/jpeg\" \/>\n<meta name=\"author\" content=\"Algarve 7\" \/>\n<meta name=\"twitter:card\" content=\"summary_large_image\" \/>\n<meta name=\"twitter:creator\" content=\"@Algarvesete\" \/>\n<meta name=\"twitter:site\" content=\"@Algarvesete\" \/>\n<meta name=\"twitter:label1\" content=\"Escrito por\" \/>\n\t<meta name=\"twitter:data1\" content=\"Algarve 7\" \/>\n\t<meta name=\"twitter:label2\" content=\"Tempo estimado de leitura\" \/>\n\t<meta name=\"twitter:data2\" content=\"2 minutos\" \/>\n<script type=\"application\/ld+json\" class=\"yoast-schema-graph\">{\"@context\":\"https:\\\/\\\/schema.org\",\"@graph\":[{\"@type\":\"Article\",\"@id\":\"https:\\\/\\\/algarve7.pt\\\/index.php\\\/2022\\\/10\\\/lagoa-do-algarve-recebe-uma-comitiva-de-lagoa-dos-acores\\\/atualidade\\\/14\\\/23\\\/#article\",\"isPartOf\":{\"@id\":\"https:\\\/\\\/algarve7.pt\\\/index.php\\\/2022\\\/10\\\/lagoa-do-algarve-recebe-uma-comitiva-de-lagoa-dos-acores\\\/atualidade\\\/14\\\/23\\\/\"},\"author\":{\"name\":\"Algarve 7\",\"@id\":\"https:\\\/\\\/algarve7.pt\\\/#\\\/schema\\\/person\\\/23fa70681308e7b319a3204bcea45e0c\"},\"headline\":\"Lagoa do Algarve recebe uma comitiva de Lagoa dos A\u00e7ores\",\"datePublished\":\"2022-10-08T13:23:00+00:00\",\"mainEntityOfPage\":{\"@id\":\"https:\\\/\\\/algarve7.pt\\\/index.php\\\/2022\\\/10\\\/lagoa-do-algarve-recebe-uma-comitiva-de-lagoa-dos-acores\\\/atualidade\\\/14\\\/23\\\/\"},\"wordCount\":341,\"publisher\":{\"@id\":\"https:\\\/\\\/algarve7.pt\\\/#organization\"},\"image\":{\"@id\":\"https:\\\/\\\/algarve7.pt\\\/index.php\\\/2022\\\/10\\\/lagoa-do-algarve-recebe-uma-comitiva-de-lagoa-dos-acores\\\/atualidade\\\/14\\\/23\\\/#primaryimage\"},\"thumbnailUrl\":\"https:\\\/\\\/algarve7.pt\\\/wp-content\\\/uploads\\\/2022\\\/10\\\/DSC06792.jpg\",\"keywords\":[\"Algarve\",\"Atualidade\",\"Lagoa\"],\"articleSection\":[\"Atualidade\"],\"inLanguage\":\"pt-PT\"},{\"@type\":\"WebPage\",\"@id\":\"https:\\\/\\\/algarve7.pt\\\/index.php\\\/2022\\\/10\\\/lagoa-do-algarve-recebe-uma-comitiva-de-lagoa-dos-acores\\\/atualidade\\\/14\\\/23\\\/\",\"url\":\"https:\\\/\\\/algarve7.pt\\\/index.php\\\/2022\\\/10\\\/lagoa-do-algarve-recebe-uma-comitiva-de-lagoa-dos-acores\\\/atualidade\\\/14\\\/23\\\/\",\"name\":\"Lagoa do Algarve recebe uma comitiva de Lagoa dos A\u00e7ores - Algarve 7\",\"isPartOf\":{\"@id\":\"https:\\\/\\\/algarve7.pt\\\/#website\"},\"primaryImageOfPage\":{\"@id\":\"https:\\\/\\\/algarve7.pt\\\/index.php\\\/2022\\\/10\\\/lagoa-do-algarve-recebe-uma-comitiva-de-lagoa-dos-acores\\\/atualidade\\\/14\\\/23\\\/#primaryimage\"},\"image\":{\"@id\":\"https:\\\/\\\/algarve7.pt\\\/index.php\\\/2022\\\/10\\\/lagoa-do-algarve-recebe-uma-comitiva-de-lagoa-dos-acores\\\/atualidade\\\/14\\\/23\\\/#primaryimage\"},\"thumbnailUrl\":\"https:\\\/\\\/algarve7.pt\\\/wp-content\\\/uploads\\\/2022\\\/10\\\/DSC06792.jpg\",\"datePublished\":\"2022-10-08T13:23:00+00:00\",\"description\":\"Lagoa do Algarve recebe uma comitiva de Lagoa dos A\u00e7ores Atualidade\",\"breadcrumb\":{\"@id\":\"https:\\\/\\\/algarve7.pt\\\/index.php\\\/2022\\\/10\\\/lagoa-do-algarve-recebe-uma-comitiva-de-lagoa-dos-acores\\\/atualidade\\\/14\\\/23\\\/#breadcrumb\"},\"inLanguage\":\"pt-PT\",\"potentialAction\":[{\"@type\":\"ReadAction\",\"target\":[\"https:\\\/\\\/algarve7.pt\\\/index.php\\\/2022\\\/10\\\/lagoa-do-algarve-recebe-uma-comitiva-de-lagoa-dos-acores\\\/atualidade\\\/14\\\/23\\\/\"]}]},{\"@type\":\"ImageObject\",\"inLanguage\":\"pt-PT\",\"@id\":\"https:\\\/\\\/algarve7.pt\\\/index.php\\\/2022\\\/10\\\/lagoa-do-algarve-recebe-uma-comitiva-de-lagoa-dos-acores\\\/atualidade\\\/14\\\/23\\\/#primaryimage\",\"url\":\"https:\\\/\\\/algarve7.pt\\\/wp-content\\\/uploads\\\/2022\\\/10\\\/DSC06792.jpg\",\"contentUrl\":\"https:\\\/\\\/algarve7.pt\\\/wp-content\\\/uploads\\\/2022\\\/10\\\/DSC06792.jpg\",\"width\":2048,\"height\":1365},{\"@type\":\"BreadcrumbList\",\"@id\":\"https:\\\/\\\/algarve7.pt\\\/index.php\\\/2022\\\/10\\\/lagoa-do-algarve-recebe-uma-comitiva-de-lagoa-dos-acores\\\/atualidade\\\/14\\\/23\\\/#breadcrumb\",\"itemListElement\":[{\"@type\":\"ListItem\",\"position\":1,\"name\":\"In\u00edcio\",\"item\":\"https:\\\/\\\/algarve7.pt\\\/\"},{\"@type\":\"ListItem\",\"position\":2,\"name\":\"Lagoa do Algarve recebe uma comitiva de Lagoa dos A\u00e7ores\"}]},{\"@type\":\"WebSite\",\"@id\":\"https:\\\/\\\/algarve7.pt\\\/#website\",\"url\":\"https:\\\/\\\/algarve7.pt\\\/\",\"name\":\"Algarve 7\",\"description\":\"Informa\u00e7\u00e3o sobre o Algarve\",\"publisher\":{\"@id\":\"https:\\\/\\\/algarve7.pt\\\/#organization\"},\"potentialAction\":[{\"@type\":\"SearchAction\",\"target\":{\"@type\":\"EntryPoint\",\"urlTemplate\":\"https:\\\/\\\/algarve7.pt\\\/?s={search_term_string}\"},\"query-input\":{\"@type\":\"PropertyValueSpecification\",\"valueRequired\":true,\"valueName\":\"search_term_string\"}}],\"inLanguage\":\"pt-PT\"},{\"@type\":\"Organization\",\"@id\":\"https:\\\/\\\/algarve7.pt\\\/#organization\",\"name\":\"Algarve 7\",\"url\":\"https:\\\/\\\/algarve7.pt\\\/\",\"logo\":{\"@type\":\"ImageObject\",\"inLanguage\":\"pt-PT\",\"@id\":\"https:\\\/\\\/algarve7.pt\\\/#\\\/schema\\\/logo\\\/image\\\/\",\"url\":\"https:\\\/\\\/algarve7.pt\\\/wp-content\\\/uploads\\\/2020\\\/10\\\/Logo-8.jpg\",\"contentUrl\":\"https:\\\/\\\/algarve7.pt\\\/wp-content\\\/uploads\\\/2020\\\/10\\\/Logo-8.jpg\",\"width\":1680,\"height\":1186,\"caption\":\"Algarve 7\"},\"image\":{\"@id\":\"https:\\\/\\\/algarve7.pt\\\/#\\\/schema\\\/logo\\\/image\\\/\"},\"sameAs\":[\"https:\\\/\\\/www.facebook.com\\\/algarve7\",\"https:\\\/\\\/x.com\\\/Algarvesete\",\"https:\\\/\\\/www.instagram.com\\\/jornalalgarve7\\\/\",\"https:\\\/\\\/www.linkedin.com\\\/company\\\/algarve7\",\"https:\\\/\\\/www.pinterest.pt\\\/geral0939\\\/_created\\\/\"]},{\"@type\":\"Person\",\"@id\":\"https:\\\/\\\/algarve7.pt\\\/#\\\/schema\\\/person\\\/23fa70681308e7b319a3204bcea45e0c\",\"name\":\"Algarve 7\",\"sameAs\":[\"https:\\\/\\\/algarve7.pt\",\"https:\\\/\\\/www.facebook.com\\\/algarve7\"],\"url\":\"https:\\\/\\\/algarve7.pt\\\/index.php\\\/author\\\/geralalgarve7-pt\\\/\"}]}<\/script>\n<!-- \/ Yoast SEO plugin. -->","yoast_head_json":{"title":"Lagoa do Algarve recebe uma comitiva de Lagoa dos A\u00e7ores - Algarve 7","description":"Lagoa do Algarve recebe uma comitiva de Lagoa dos A\u00e7ores Atualidade","robots":{"index":"index","follow":"follow","max-snippet":"max-snippet:-1","max-image-preview":"max-image-preview:large","max-video-preview":"max-video-preview:-1"},"canonical":"https:\/\/algarve7.pt\/index.php\/2022\/10\/lagoa-do-algarve-recebe-uma-comitiva-de-lagoa-dos-acores\/atualidade\/14\/23\/","og_locale":"pt_PT","og_type":"article","og_title":"Lagoa do Algarve recebe uma comitiva de Lagoa dos A\u00e7ores - Algarve 7","og_description":"Lagoa do Algarve recebe uma comitiva de Lagoa dos A\u00e7ores Atualidade","og_url":"https:\/\/algarve7.pt\/index.php\/2022\/10\/lagoa-do-algarve-recebe-uma-comitiva-de-lagoa-dos-acores\/atualidade\/14\/23\/","og_site_name":"Algarve 7","article_publisher":"https:\/\/www.facebook.com\/algarve7","article_author":"https:\/\/www.facebook.com\/algarve7","article_published_time":"2022-10-08T13:23:00+00:00","og_image":[{"width":1024,"height":683,"url":"https:\/\/algarve7.pt\/wp-content\/uploads\/2022\/10\/DSC06792-1024x683.jpg","type":"image\/jpeg"}],"author":"Algarve 7","twitter_card":"summary_large_image","twitter_creator":"@Algarvesete","twitter_site":"@Algarvesete","twitter_misc":{"Escrito por":"Algarve 7","Tempo estimado de leitura":"2 minutos"},"schema":{"@context":"https:\/\/schema.org","@graph":[{"@type":"Article","@id":"https:\/\/algarve7.pt\/index.php\/2022\/10\/lagoa-do-algarve-recebe-uma-comitiva-de-lagoa-dos-acores\/atualidade\/14\/23\/#article","isPartOf":{"@id":"https:\/\/algarve7.pt\/index.php\/2022\/10\/lagoa-do-algarve-recebe-uma-comitiva-de-lagoa-dos-acores\/atualidade\/14\/23\/"},"author":{"name":"Algarve 7","@id":"https:\/\/algarve7.pt\/#\/schema\/person\/23fa70681308e7b319a3204bcea45e0c"},"headline":"Lagoa do Algarve recebe uma comitiva de Lagoa dos A\u00e7ores","datePublished":"2022-10-08T13:23:00+00:00","mainEntityOfPage":{"@id":"https:\/\/algarve7.pt\/index.php\/2022\/10\/lagoa-do-algarve-recebe-uma-comitiva-de-lagoa-dos-acores\/atualidade\/14\/23\/"},"wordCount":341,"publisher":{"@id":"https:\/\/algarve7.pt\/#organization"},"image":{"@id":"https:\/\/algarve7.pt\/index.php\/2022\/10\/lagoa-do-algarve-recebe-uma-comitiva-de-lagoa-dos-acores\/atualidade\/14\/23\/#primaryimage"},"thumbnailUrl":"https:\/\/algarve7.pt\/wp-content\/uploads\/2022\/10\/DSC06792.jpg","keywords":["Algarve","Atualidade","Lagoa"],"articleSection":["Atualidade"],"inLanguage":"pt-PT"},{"@type":"WebPage","@id":"https:\/\/algarve7.pt\/index.php\/2022\/10\/lagoa-do-algarve-recebe-uma-comitiva-de-lagoa-dos-acores\/atualidade\/14\/23\/","url":"https:\/\/algarve7.pt\/index.php\/2022\/10\/lagoa-do-algarve-recebe-uma-comitiva-de-lagoa-dos-acores\/atualidade\/14\/23\/","name":"Lagoa do Algarve recebe uma comitiva de Lagoa dos A\u00e7ores - Algarve 7","isPartOf":{"@id":"https:\/\/algarve7.pt\/#website"},"primaryImageOfPage":{"@id":"https:\/\/algarve7.pt\/index.php\/2022\/10\/lagoa-do-algarve-recebe-uma-comitiva-de-lagoa-dos-acores\/atualidade\/14\/23\/#primaryimage"},"image":{"@id":"https:\/\/algarve7.pt\/index.php\/2022\/10\/lagoa-do-algarve-recebe-uma-comitiva-de-lagoa-dos-acores\/atualidade\/14\/23\/#primaryimage"},"thumbnailUrl":"https:\/\/algarve7.pt\/wp-content\/uploads\/2022\/10\/DSC06792.jpg","datePublished":"2022-10-08T13:23:00+00:00","description":"Lagoa do Algarve recebe uma comitiva de Lagoa dos A\u00e7ores Atualidade","breadcrumb":{"@id":"https:\/\/algarve7.pt\/index.php\/2022\/10\/lagoa-do-algarve-recebe-uma-comitiva-de-lagoa-dos-acores\/atualidade\/14\/23\/#breadcrumb"},"inLanguage":"pt-PT","potentialAction":[{"@type":"ReadAction","target":["https:\/\/algarve7.pt\/index.php\/2022\/10\/lagoa-do-algarve-recebe-uma-comitiva-de-lagoa-dos-acores\/atualidade\/14\/23\/"]}]},{"@type":"ImageObject","inLanguage":"pt-PT","@id":"https:\/\/algarve7.pt\/index.php\/2022\/10\/lagoa-do-algarve-recebe-uma-comitiva-de-lagoa-dos-acores\/atualidade\/14\/23\/#primaryimage","url":"https:\/\/algarve7.pt\/wp-content\/uploads\/2022\/10\/DSC06792.jpg","contentUrl":"https:\/\/algarve7.pt\/wp-content\/uploads\/2022\/10\/DSC06792.jpg","width":2048,"height":1365},{"@type":"BreadcrumbList","@id":"https:\/\/algarve7.pt\/index.php\/2022\/10\/lagoa-do-algarve-recebe-uma-comitiva-de-lagoa-dos-acores\/atualidade\/14\/23\/#breadcrumb","itemListElement":[{"@type":"ListItem","position":1,"name":"In\u00edcio","item":"https:\/\/algarve7.pt\/"},{"@type":"ListItem","position":2,"name":"Lagoa do Algarve recebe uma comitiva de Lagoa dos A\u00e7ores"}]},{"@type":"WebSite","@id":"https:\/\/algarve7.pt\/#website","url":"https:\/\/algarve7.pt\/","name":"Algarve 7","description":"Informa\u00e7\u00e3o sobre o Algarve","publisher":{"@id":"https:\/\/algarve7.pt\/#organization"},"potentialAction":[{"@type":"SearchAction","target":{"@type":"EntryPoint","urlTemplate":"https:\/\/algarve7.pt\/?s={search_term_string}"},"query-input":{"@type":"PropertyValueSpecification","valueRequired":true,"valueName":"search_term_string"}}],"inLanguage":"pt-PT"},{"@type":"Organization","@id":"https:\/\/algarve7.pt\/#organization","name":"Algarve 7","url":"https:\/\/algarve7.pt\/","logo":{"@type":"ImageObject","inLanguage":"pt-PT","@id":"https:\/\/algarve7.pt\/#\/schema\/logo\/image\/","url":"https:\/\/algarve7.pt\/wp-content\/uploads\/2020\/10\/Logo-8.jpg","contentUrl":"https:\/\/algarve7.pt\/wp-content\/uploads\/2020\/10\/Logo-8.jpg","width":1680,"height":1186,"caption":"Algarve 7"},"image":{"@id":"https:\/\/algarve7.pt\/#\/schema\/logo\/image\/"},"sameAs":["https:\/\/www.facebook.com\/algarve7","https:\/\/x.com\/Algarvesete","https:\/\/www.instagram.com\/jornalalgarve7\/","https:\/\/www.linkedin.com\/company\/algarve7","https:\/\/www.pinterest.pt\/geral0939\/_created\/"]},{"@type":"Person","@id":"https:\/\/algarve7.pt\/#\/schema\/person\/23fa70681308e7b319a3204bcea45e0c","name":"Algarve 7","sameAs":["https:\/\/algarve7.pt","https:\/\/www.facebook.com\/algarve7"],"url":"https:\/\/algarve7.pt\/index.php\/author\/geralalgarve7-pt\/"}]}},"jetpack_publicize_connections":[],"jetpack_featured_media_url":"https:\/\/algarve7.pt\/wp-content\/uploads\/2022\/10\/DSC06792.jpg","jetpack_shortlink":"https:\/\/wp.me\/pcezmW-5Nk","jetpack_sharing_enabled":true,"_links":{"self":[{"href":"https:\/\/algarve7.pt\/index.php\/wp-json\/wp\/v2\/posts\/22278","targetHints":{"allow":["GET"]}}],"collection":[{"href":"https:\/\/algarve7.pt\/index.php\/wp-json\/wp\/v2\/posts"}],"about":[{"href":"https:\/\/algarve7.pt\/index.php\/wp-json\/wp\/v2\/types\/post"}],"author":[{"embeddable":true,"href":"https:\/\/algarve7.pt\/index.php\/wp-json\/wp\/v2\/users\/1"}],"replies":[{"embeddable":true,"href":"https:\/\/algarve7.pt\/index.php\/wp-json\/wp\/v2\/comments?post=22278"}],"version-history":[{"count":0,"href":"https:\/\/algarve7.pt\/index.php\/wp-json\/wp\/v2\/posts\/22278\/revisions"}],"wp:featuredmedia":[{"embeddable":true,"href":"https:\/\/algarve7.pt\/index.php\/wp-json\/wp\/v2\/media\/22279"}],"wp:attachment":[{"href":"https:\/\/algarve7.pt\/index.php\/wp-json\/wp\/v2\/media?parent=22278"}],"wp:term":[{"taxonomy":"category","embeddable":true,"href":"https:\/\/algarve7.pt\/index.php\/wp-json\/wp\/v2\/categories?post=22278"},{"taxonomy":"post_tag","embeddable":true,"href":"https:\/\/algarve7.pt\/index.php\/wp-json\/wp\/v2\/tags?post=22278"}],"curies":[{"name":"wp","href":"https:\/\/api.w.org\/{rel}","templated":true}]}}