{"id":22268,"date":"2022-10-08T13:16:00","date_gmt":"2022-10-08T12:16:00","guid":{"rendered":"https:\/\/algarve7.pt\/?p=22268"},"modified":"2022-10-07T17:17:52","modified_gmt":"2022-10-07T16:17:52","slug":"designer-outlet-algarve-da-vida-ao-simbolo-da-luta-contra-o-cancro-da-mama-em-laco-humano-solidario","status":"publish","type":"post","link":"https:\/\/algarve7.pt\/index.php\/2022\/10\/designer-outlet-algarve-da-vida-ao-simbolo-da-luta-contra-o-cancro-da-mama-em-laco-humano-solidario\/atualidade\/13\/16\/","title":{"rendered":"Designer Outlet Algarve d\u00e1 vida ao s\u00edmbolo da luta contra o cancro da mama em La\u00e7o Humano Solid\u00e1rio"},"content":{"rendered":"\n<p>Para al\u00e9m desta a\u00e7\u00e3o<strong>,<\/strong>\u00a0o<strong>\u00a0Designer Outlet Algarve convida\u00a0 todas e todos para se juntarem e realizarem um dos maiores\u00a0<\/strong><a href=\"https:\/\/www.designeroutletalgarve.com\/noticias\/ultimas-noticias\/outubro-rosa\/\" target=\"_blank\" rel=\"noreferrer noopener\"><strong>la\u00e7os humano solid\u00e1rio<\/strong><\/a>, em refer\u00eancia ao s\u00edmbolo da luta contra um dos cancros mais comuns entre a popula\u00e7\u00e3o feminina em Portugal, o da mama. A partir de dia 10 de outubro at\u00e9 dia 22 de outubro as inscri\u00e7\u00f5es est\u00e3o abertas para a participa\u00e7\u00e3o neste la\u00e7o humano, que ter\u00e1 lugar\u00a0<strong>no dia 23 de outubro, \u00e0s 10h00 no Designer Outlet Algarve<\/strong>.\u00a0<\/p>\n\n\n\n<p>O kit de participa\u00e7\u00e3o, dispon\u00edvel a partir do dia 10 de outubro&nbsp;no centro de informa\u00e7\u00f5es do centro, conta com um bon\u00e9 e um saco alusivo ao tema, assim como uma sombrinha cor de rosa que ser\u00e1 aberta pelos participantes para criar o efeito visual do la\u00e7o humano de uma perspetiva a\u00e9rea.&nbsp; Est\u00e3o previstas v\u00e1rias surpresas e muita anima\u00e7\u00e3o para todos os participantes do evento de dia 23 de outubro.<\/p>\n\n\n\n<p>Para se associar \u00e0 iniciativa basta dirigir-se diretamente junto ao Centro de Informa\u00e7\u00f5es do Designer Outlet Algarve para adquirir o kit de participa\u00e7\u00e3o com valor simb\u00f3lico de 15\u20ac dos quais os lucros ser\u00e3o revertidos \u00e0 favor da Associa\u00e7\u00e3o Partilhas e Cuidados que apoia doentes oncol\u00f3gicos no Algarve.<\/p>\n\n\n\n<p>A a\u00e7\u00e3o faz parte de um conjunto de outras a\u00e7\u00f5es que o Designer Outlet Algarve est\u00e1 a dinamizar no \u00e2mbito do outubro Rosa e da consciencializa\u00e7\u00e3o para a preven\u00e7\u00e3o do cancro da mama. Outro exemplo dessas iniciativas \u00e9 a exposi\u00e7\u00e3o ao p\u00fablico do len\u00e7o exclusivamente desenhado e&nbsp;assinado pela artista Gabriela Grave, pe\u00e7a que lembra que a doen\u00e7a n\u00e3o atinge unicamente mulheres, mas tamb\u00e9m 1% de homens.&nbsp;<\/p>\n\n\n\n<p>De real\u00e7ar ainda, que na landing page do website do Designer Outlet Algarve encontra-se uma a\u00e7\u00e3o de angaria\u00e7\u00e3o de donativos para as tr\u00eas institui\u00e7\u00f5es: LPCC, AOA e associa\u00e7\u00e3o Partilhas e Cuidados.&nbsp;<\/p>\n\n\n\n<p>Esta doen\u00e7a \u00e9 o tipo de cancro mais comum entre o sexo feminino e a segunda doen\u00e7a que mais afeta as mulheres. Apesar disso, e de ser a primeira causa na taxa de mortalidade em mulheres no mundo, os&nbsp;<strong>\u00edndices de cura rondam os 95%<\/strong>, desde que descoberto precocemente. O Algarve, \u00e9 a regi\u00e3o com maior taxa de mortalidade padronizada por cancro de mama antes dos 65 anos de idade.<\/p>\n\n\n\n<p>\u201cTodos os anos a nossa equipa mobiliza-se em torno desta causa, que \u00e9 de todos. Sabemos que a batalha contra o cancro da mama \u00e9 permanente, seja na preven\u00e7\u00e3o, seja em apoiar quem passa por este momento t\u00e3o delicado. Por isso participar ativamente na causa do Outubro Rosa \u00e9 um compromisso assumido pelo Designer Outlet Algarve desde a sua abertura.\u201d, refere Miguel Para\u00edso Guerreiro, Diretor de centro do Designer Outlet Algarve.<\/p>\n\n\n\n<p>O respons\u00e1vel refere ainda que pelo facto de o Algarve ser a regi\u00e3o com maior taxa de mortalidade padronizada por cancro de mama antes dos 65 anos de idade \u201c\u00e9 muito importante juntarmo-nos a este movimento e sensibilizar a popula\u00e7\u00e3o para a preven\u00e7\u00e3o e apoiar todas as mulheres e homens j\u00e1 diagnosticados, no Algarve e n\u00e3o s\u00f3. Existe uma vida al\u00e9m do cancro e no dia 23 de outubro estaremos todos no Designer Outlet Algarve para mostrar que juntos somos mais fortes\u201d, finaliza.<\/p>\n","protected":false},"excerpt":{"rendered":"<p>Para al\u00e9m desta a\u00e7\u00e3o,\u00a0o\u00a0Designer Outlet Algarve convida\u00a0 todas e todos para se juntarem e realizarem um dos maiores\u00a0la\u00e7os humano solid\u00e1rio,<\/p>\n","protected":false},"author":1,"featured_media":22269,"comment_status":"closed","ping_status":"open","sticky":false,"template":"","format":"standard","meta":{"colormag_page_container_layout":"default_layout","colormag_page_sidebar_layout":"default_layout","_monsterinsights_skip_tracking":false,"_monsterinsights_sitenote_active":false,"_monsterinsights_sitenote_note":"","_monsterinsights_sitenote_category":0,"jetpack_post_was_ever_published":false,"_jetpack_newsletter_access":"","_jetpack_dont_email_post_to_subs":false,"_jetpack_newsletter_tier_id":0,"_jetpack_memberships_contains_paywalled_content":false,"_jetpack_memberships_contains_paid_content":false,"footnotes":"","jetpack_publicize_message":"","jetpack_publicize_feature_enabled":true,"jetpack_social_post_already_shared":true,"jetpack_social_options":{"image_generator_settings":{"template":"highway","default_image_id":0,"font":"","enabled":false},"version":2}},"categories":[11],"tags":[36,62,724,31],"class_list":["post-22268","post","type-post","status-publish","format-standard","has-post-thumbnail","hentry","category-atualidade","tag-algarve","tag-atualidade","tag-designer-outlet-algarve","tag-loule"],"yoast_head":"<!-- This site is optimized with the Yoast SEO plugin v27.5 - https:\/\/yoast.com\/product\/yoast-seo-wordpress\/ -->\n<title>Designer Outlet Algarve d\u00e1 vida ao s\u00edmbolo da luta contra o cancro da mama em La\u00e7o Humano Solid\u00e1rio - Algarve 7<\/title>\n<meta name=\"description\" content=\"Designer Outlet Algarve d\u00e1 vida ao s\u00edmbolo da luta contra o cancro da mama em La\u00e7o Humano Solid\u00e1rio Atualidade\" \/>\n<meta name=\"robots\" content=\"index, follow, max-snippet:-1, max-image-preview:large, max-video-preview:-1\" \/>\n<link rel=\"canonical\" href=\"https:\/\/algarve7.pt\/index.php\/2022\/10\/designer-outlet-algarve-da-vida-ao-simbolo-da-luta-contra-o-cancro-da-mama-em-laco-humano-solidario\/atualidade\/13\/16\/\" \/>\n<meta property=\"og:locale\" content=\"pt_PT\" \/>\n<meta property=\"og:type\" content=\"article\" \/>\n<meta property=\"og:title\" content=\"Designer Outlet Algarve d\u00e1 vida ao s\u00edmbolo da luta contra o cancro da mama em La\u00e7o Humano Solid\u00e1rio - Algarve 7\" \/>\n<meta property=\"og:description\" content=\"Designer Outlet Algarve d\u00e1 vida ao s\u00edmbolo da luta contra o cancro da mama em La\u00e7o Humano Solid\u00e1rio Atualidade\" \/>\n<meta property=\"og:url\" content=\"https:\/\/algarve7.pt\/index.php\/2022\/10\/designer-outlet-algarve-da-vida-ao-simbolo-da-luta-contra-o-cancro-da-mama-em-laco-humano-solidario\/atualidade\/13\/16\/\" \/>\n<meta property=\"og:site_name\" content=\"Algarve 7\" \/>\n<meta property=\"article:publisher\" content=\"https:\/\/www.facebook.com\/algarve7\" \/>\n<meta property=\"article:author\" content=\"https:\/\/www.facebook.com\/algarve7\" \/>\n<meta property=\"article:published_time\" content=\"2022-10-08T12:16:00+00:00\" \/>\n<meta property=\"og:image\" content=\"https:\/\/algarve7.pt\/wp-content\/uploads\/2022\/10\/outubro-rosa-1.png\" \/>\n\t<meta property=\"og:image:width\" content=\"2001\" \/>\n\t<meta property=\"og:image:height\" content=\"1020\" \/>\n\t<meta property=\"og:image:type\" content=\"image\/png\" \/>\n<meta name=\"author\" content=\"Algarve 7\" \/>\n<meta name=\"twitter:card\" content=\"summary_large_image\" \/>\n<meta name=\"twitter:creator\" content=\"@Algarvesete\" \/>\n<meta name=\"twitter:site\" content=\"@Algarvesete\" \/>\n<meta name=\"twitter:label1\" content=\"Escrito por\" \/>\n\t<meta name=\"twitter:data1\" content=\"Algarve 7\" \/>\n\t<meta name=\"twitter:label2\" content=\"Tempo estimado de leitura\" \/>\n\t<meta name=\"twitter:data2\" content=\"3 minutos\" \/>\n<script type=\"application\/ld+json\" class=\"yoast-schema-graph\">{\"@context\":\"https:\\\/\\\/schema.org\",\"@graph\":[{\"@type\":\"Article\",\"@id\":\"https:\\\/\\\/algarve7.pt\\\/index.php\\\/2022\\\/10\\\/designer-outlet-algarve-da-vida-ao-simbolo-da-luta-contra-o-cancro-da-mama-em-laco-humano-solidario\\\/atualidade\\\/13\\\/16\\\/#article\",\"isPartOf\":{\"@id\":\"https:\\\/\\\/algarve7.pt\\\/index.php\\\/2022\\\/10\\\/designer-outlet-algarve-da-vida-ao-simbolo-da-luta-contra-o-cancro-da-mama-em-laco-humano-solidario\\\/atualidade\\\/13\\\/16\\\/\"},\"author\":{\"name\":\"Algarve 7\",\"@id\":\"https:\\\/\\\/algarve7.pt\\\/#\\\/schema\\\/person\\\/23fa70681308e7b319a3204bcea45e0c\"},\"headline\":\"Designer Outlet Algarve d\u00e1 vida ao s\u00edmbolo da luta contra o cancro da mama em La\u00e7o Humano Solid\u00e1rio\",\"datePublished\":\"2022-10-08T12:16:00+00:00\",\"mainEntityOfPage\":{\"@id\":\"https:\\\/\\\/algarve7.pt\\\/index.php\\\/2022\\\/10\\\/designer-outlet-algarve-da-vida-ao-simbolo-da-luta-contra-o-cancro-da-mama-em-laco-humano-solidario\\\/atualidade\\\/13\\\/16\\\/\"},\"wordCount\":580,\"publisher\":{\"@id\":\"https:\\\/\\\/algarve7.pt\\\/#organization\"},\"image\":{\"@id\":\"https:\\\/\\\/algarve7.pt\\\/index.php\\\/2022\\\/10\\\/designer-outlet-algarve-da-vida-ao-simbolo-da-luta-contra-o-cancro-da-mama-em-laco-humano-solidario\\\/atualidade\\\/13\\\/16\\\/#primaryimage\"},\"thumbnailUrl\":\"https:\\\/\\\/algarve7.pt\\\/wp-content\\\/uploads\\\/2022\\\/10\\\/outubro-rosa-1.png\",\"keywords\":[\"Algarve\",\"Atualidade\",\"Designer Outlet Algarve\",\"Loul\u00e9\"],\"articleSection\":[\"Atualidade\"],\"inLanguage\":\"pt-PT\"},{\"@type\":\"WebPage\",\"@id\":\"https:\\\/\\\/algarve7.pt\\\/index.php\\\/2022\\\/10\\\/designer-outlet-algarve-da-vida-ao-simbolo-da-luta-contra-o-cancro-da-mama-em-laco-humano-solidario\\\/atualidade\\\/13\\\/16\\\/\",\"url\":\"https:\\\/\\\/algarve7.pt\\\/index.php\\\/2022\\\/10\\\/designer-outlet-algarve-da-vida-ao-simbolo-da-luta-contra-o-cancro-da-mama-em-laco-humano-solidario\\\/atualidade\\\/13\\\/16\\\/\",\"name\":\"Designer Outlet Algarve d\u00e1 vida ao s\u00edmbolo da luta contra o cancro da mama em La\u00e7o Humano Solid\u00e1rio - Algarve 7\",\"isPartOf\":{\"@id\":\"https:\\\/\\\/algarve7.pt\\\/#website\"},\"primaryImageOfPage\":{\"@id\":\"https:\\\/\\\/algarve7.pt\\\/index.php\\\/2022\\\/10\\\/designer-outlet-algarve-da-vida-ao-simbolo-da-luta-contra-o-cancro-da-mama-em-laco-humano-solidario\\\/atualidade\\\/13\\\/16\\\/#primaryimage\"},\"image\":{\"@id\":\"https:\\\/\\\/algarve7.pt\\\/index.php\\\/2022\\\/10\\\/designer-outlet-algarve-da-vida-ao-simbolo-da-luta-contra-o-cancro-da-mama-em-laco-humano-solidario\\\/atualidade\\\/13\\\/16\\\/#primaryimage\"},\"thumbnailUrl\":\"https:\\\/\\\/algarve7.pt\\\/wp-content\\\/uploads\\\/2022\\\/10\\\/outubro-rosa-1.png\",\"datePublished\":\"2022-10-08T12:16:00+00:00\",\"description\":\"Designer Outlet Algarve d\u00e1 vida ao s\u00edmbolo da luta contra o cancro da mama em La\u00e7o Humano Solid\u00e1rio Atualidade\",\"breadcrumb\":{\"@id\":\"https:\\\/\\\/algarve7.pt\\\/index.php\\\/2022\\\/10\\\/designer-outlet-algarve-da-vida-ao-simbolo-da-luta-contra-o-cancro-da-mama-em-laco-humano-solidario\\\/atualidade\\\/13\\\/16\\\/#breadcrumb\"},\"inLanguage\":\"pt-PT\",\"potentialAction\":[{\"@type\":\"ReadAction\",\"target\":[\"https:\\\/\\\/algarve7.pt\\\/index.php\\\/2022\\\/10\\\/designer-outlet-algarve-da-vida-ao-simbolo-da-luta-contra-o-cancro-da-mama-em-laco-humano-solidario\\\/atualidade\\\/13\\\/16\\\/\"]}]},{\"@type\":\"ImageObject\",\"inLanguage\":\"pt-PT\",\"@id\":\"https:\\\/\\\/algarve7.pt\\\/index.php\\\/2022\\\/10\\\/designer-outlet-algarve-da-vida-ao-simbolo-da-luta-contra-o-cancro-da-mama-em-laco-humano-solidario\\\/atualidade\\\/13\\\/16\\\/#primaryimage\",\"url\":\"https:\\\/\\\/algarve7.pt\\\/wp-content\\\/uploads\\\/2022\\\/10\\\/outubro-rosa-1.png\",\"contentUrl\":\"https:\\\/\\\/algarve7.pt\\\/wp-content\\\/uploads\\\/2022\\\/10\\\/outubro-rosa-1.png\",\"width\":2001,\"height\":1020},{\"@type\":\"BreadcrumbList\",\"@id\":\"https:\\\/\\\/algarve7.pt\\\/index.php\\\/2022\\\/10\\\/designer-outlet-algarve-da-vida-ao-simbolo-da-luta-contra-o-cancro-da-mama-em-laco-humano-solidario\\\/atualidade\\\/13\\\/16\\\/#breadcrumb\",\"itemListElement\":[{\"@type\":\"ListItem\",\"position\":1,\"name\":\"In\u00edcio\",\"item\":\"https:\\\/\\\/algarve7.pt\\\/\"},{\"@type\":\"ListItem\",\"position\":2,\"name\":\"Designer Outlet Algarve d\u00e1 vida ao s\u00edmbolo da luta contra o cancro da mama em La\u00e7o Humano Solid\u00e1rio\"}]},{\"@type\":\"WebSite\",\"@id\":\"https:\\\/\\\/algarve7.pt\\\/#website\",\"url\":\"https:\\\/\\\/algarve7.pt\\\/\",\"name\":\"Algarve 7\",\"description\":\"Informa\u00e7\u00e3o sobre o Algarve\",\"publisher\":{\"@id\":\"https:\\\/\\\/algarve7.pt\\\/#organization\"},\"potentialAction\":[{\"@type\":\"SearchAction\",\"target\":{\"@type\":\"EntryPoint\",\"urlTemplate\":\"https:\\\/\\\/algarve7.pt\\\/?s={search_term_string}\"},\"query-input\":{\"@type\":\"PropertyValueSpecification\",\"valueRequired\":true,\"valueName\":\"search_term_string\"}}],\"inLanguage\":\"pt-PT\"},{\"@type\":\"Organization\",\"@id\":\"https:\\\/\\\/algarve7.pt\\\/#organization\",\"name\":\"Algarve 7\",\"url\":\"https:\\\/\\\/algarve7.pt\\\/\",\"logo\":{\"@type\":\"ImageObject\",\"inLanguage\":\"pt-PT\",\"@id\":\"https:\\\/\\\/algarve7.pt\\\/#\\\/schema\\\/logo\\\/image\\\/\",\"url\":\"https:\\\/\\\/algarve7.pt\\\/wp-content\\\/uploads\\\/2020\\\/10\\\/Logo-8.jpg\",\"contentUrl\":\"https:\\\/\\\/algarve7.pt\\\/wp-content\\\/uploads\\\/2020\\\/10\\\/Logo-8.jpg\",\"width\":1680,\"height\":1186,\"caption\":\"Algarve 7\"},\"image\":{\"@id\":\"https:\\\/\\\/algarve7.pt\\\/#\\\/schema\\\/logo\\\/image\\\/\"},\"sameAs\":[\"https:\\\/\\\/www.facebook.com\\\/algarve7\",\"https:\\\/\\\/x.com\\\/Algarvesete\",\"https:\\\/\\\/www.instagram.com\\\/jornalalgarve7\\\/\",\"https:\\\/\\\/www.linkedin.com\\\/company\\\/algarve7\",\"https:\\\/\\\/www.pinterest.pt\\\/geral0939\\\/_created\\\/\"]},{\"@type\":\"Person\",\"@id\":\"https:\\\/\\\/algarve7.pt\\\/#\\\/schema\\\/person\\\/23fa70681308e7b319a3204bcea45e0c\",\"name\":\"Algarve 7\",\"sameAs\":[\"https:\\\/\\\/algarve7.pt\",\"https:\\\/\\\/www.facebook.com\\\/algarve7\"],\"url\":\"https:\\\/\\\/algarve7.pt\\\/index.php\\\/author\\\/geralalgarve7-pt\\\/\"}]}<\/script>\n<!-- \/ Yoast SEO plugin. -->","yoast_head_json":{"title":"Designer Outlet Algarve d\u00e1 vida ao s\u00edmbolo da luta contra o cancro da mama em La\u00e7o Humano Solid\u00e1rio - Algarve 7","description":"Designer Outlet Algarve d\u00e1 vida ao s\u00edmbolo da luta contra o cancro da mama em La\u00e7o Humano Solid\u00e1rio Atualidade","robots":{"index":"index","follow":"follow","max-snippet":"max-snippet:-1","max-image-preview":"max-image-preview:large","max-video-preview":"max-video-preview:-1"},"canonical":"https:\/\/algarve7.pt\/index.php\/2022\/10\/designer-outlet-algarve-da-vida-ao-simbolo-da-luta-contra-o-cancro-da-mama-em-laco-humano-solidario\/atualidade\/13\/16\/","og_locale":"pt_PT","og_type":"article","og_title":"Designer Outlet Algarve d\u00e1 vida ao s\u00edmbolo da luta contra o cancro da mama em La\u00e7o Humano Solid\u00e1rio - Algarve 7","og_description":"Designer Outlet Algarve d\u00e1 vida ao s\u00edmbolo da luta contra o cancro da mama em La\u00e7o Humano Solid\u00e1rio Atualidade","og_url":"https:\/\/algarve7.pt\/index.php\/2022\/10\/designer-outlet-algarve-da-vida-ao-simbolo-da-luta-contra-o-cancro-da-mama-em-laco-humano-solidario\/atualidade\/13\/16\/","og_site_name":"Algarve 7","article_publisher":"https:\/\/www.facebook.com\/algarve7","article_author":"https:\/\/www.facebook.com\/algarve7","article_published_time":"2022-10-08T12:16:00+00:00","og_image":[{"width":2001,"height":1020,"url":"https:\/\/algarve7.pt\/wp-content\/uploads\/2022\/10\/outubro-rosa-1.png","type":"image\/png"}],"author":"Algarve 7","twitter_card":"summary_large_image","twitter_creator":"@Algarvesete","twitter_site":"@Algarvesete","twitter_misc":{"Escrito por":"Algarve 7","Tempo estimado de leitura":"3 minutos"},"schema":{"@context":"https:\/\/schema.org","@graph":[{"@type":"Article","@id":"https:\/\/algarve7.pt\/index.php\/2022\/10\/designer-outlet-algarve-da-vida-ao-simbolo-da-luta-contra-o-cancro-da-mama-em-laco-humano-solidario\/atualidade\/13\/16\/#article","isPartOf":{"@id":"https:\/\/algarve7.pt\/index.php\/2022\/10\/designer-outlet-algarve-da-vida-ao-simbolo-da-luta-contra-o-cancro-da-mama-em-laco-humano-solidario\/atualidade\/13\/16\/"},"author":{"name":"Algarve 7","@id":"https:\/\/algarve7.pt\/#\/schema\/person\/23fa70681308e7b319a3204bcea45e0c"},"headline":"Designer Outlet Algarve d\u00e1 vida ao s\u00edmbolo da luta contra o cancro da mama em La\u00e7o Humano Solid\u00e1rio","datePublished":"2022-10-08T12:16:00+00:00","mainEntityOfPage":{"@id":"https:\/\/algarve7.pt\/index.php\/2022\/10\/designer-outlet-algarve-da-vida-ao-simbolo-da-luta-contra-o-cancro-da-mama-em-laco-humano-solidario\/atualidade\/13\/16\/"},"wordCount":580,"publisher":{"@id":"https:\/\/algarve7.pt\/#organization"},"image":{"@id":"https:\/\/algarve7.pt\/index.php\/2022\/10\/designer-outlet-algarve-da-vida-ao-simbolo-da-luta-contra-o-cancro-da-mama-em-laco-humano-solidario\/atualidade\/13\/16\/#primaryimage"},"thumbnailUrl":"https:\/\/algarve7.pt\/wp-content\/uploads\/2022\/10\/outubro-rosa-1.png","keywords":["Algarve","Atualidade","Designer Outlet Algarve","Loul\u00e9"],"articleSection":["Atualidade"],"inLanguage":"pt-PT"},{"@type":"WebPage","@id":"https:\/\/algarve7.pt\/index.php\/2022\/10\/designer-outlet-algarve-da-vida-ao-simbolo-da-luta-contra-o-cancro-da-mama-em-laco-humano-solidario\/atualidade\/13\/16\/","url":"https:\/\/algarve7.pt\/index.php\/2022\/10\/designer-outlet-algarve-da-vida-ao-simbolo-da-luta-contra-o-cancro-da-mama-em-laco-humano-solidario\/atualidade\/13\/16\/","name":"Designer Outlet Algarve d\u00e1 vida ao s\u00edmbolo da luta contra o cancro da mama em La\u00e7o Humano Solid\u00e1rio - Algarve 7","isPartOf":{"@id":"https:\/\/algarve7.pt\/#website"},"primaryImageOfPage":{"@id":"https:\/\/algarve7.pt\/index.php\/2022\/10\/designer-outlet-algarve-da-vida-ao-simbolo-da-luta-contra-o-cancro-da-mama-em-laco-humano-solidario\/atualidade\/13\/16\/#primaryimage"},"image":{"@id":"https:\/\/algarve7.pt\/index.php\/2022\/10\/designer-outlet-algarve-da-vida-ao-simbolo-da-luta-contra-o-cancro-da-mama-em-laco-humano-solidario\/atualidade\/13\/16\/#primaryimage"},"thumbnailUrl":"https:\/\/algarve7.pt\/wp-content\/uploads\/2022\/10\/outubro-rosa-1.png","datePublished":"2022-10-08T12:16:00+00:00","description":"Designer Outlet Algarve d\u00e1 vida ao s\u00edmbolo da luta contra o cancro da mama em La\u00e7o Humano Solid\u00e1rio Atualidade","breadcrumb":{"@id":"https:\/\/algarve7.pt\/index.php\/2022\/10\/designer-outlet-algarve-da-vida-ao-simbolo-da-luta-contra-o-cancro-da-mama-em-laco-humano-solidario\/atualidade\/13\/16\/#breadcrumb"},"inLanguage":"pt-PT","potentialAction":[{"@type":"ReadAction","target":["https:\/\/algarve7.pt\/index.php\/2022\/10\/designer-outlet-algarve-da-vida-ao-simbolo-da-luta-contra-o-cancro-da-mama-em-laco-humano-solidario\/atualidade\/13\/16\/"]}]},{"@type":"ImageObject","inLanguage":"pt-PT","@id":"https:\/\/algarve7.pt\/index.php\/2022\/10\/designer-outlet-algarve-da-vida-ao-simbolo-da-luta-contra-o-cancro-da-mama-em-laco-humano-solidario\/atualidade\/13\/16\/#primaryimage","url":"https:\/\/algarve7.pt\/wp-content\/uploads\/2022\/10\/outubro-rosa-1.png","contentUrl":"https:\/\/algarve7.pt\/wp-content\/uploads\/2022\/10\/outubro-rosa-1.png","width":2001,"height":1020},{"@type":"BreadcrumbList","@id":"https:\/\/algarve7.pt\/index.php\/2022\/10\/designer-outlet-algarve-da-vida-ao-simbolo-da-luta-contra-o-cancro-da-mama-em-laco-humano-solidario\/atualidade\/13\/16\/#breadcrumb","itemListElement":[{"@type":"ListItem","position":1,"name":"In\u00edcio","item":"https:\/\/algarve7.pt\/"},{"@type":"ListItem","position":2,"name":"Designer Outlet Algarve d\u00e1 vida ao s\u00edmbolo da luta contra o cancro da mama em La\u00e7o Humano Solid\u00e1rio"}]},{"@type":"WebSite","@id":"https:\/\/algarve7.pt\/#website","url":"https:\/\/algarve7.pt\/","name":"Algarve 7","description":"Informa\u00e7\u00e3o sobre o Algarve","publisher":{"@id":"https:\/\/algarve7.pt\/#organization"},"potentialAction":[{"@type":"SearchAction","target":{"@type":"EntryPoint","urlTemplate":"https:\/\/algarve7.pt\/?s={search_term_string}"},"query-input":{"@type":"PropertyValueSpecification","valueRequired":true,"valueName":"search_term_string"}}],"inLanguage":"pt-PT"},{"@type":"Organization","@id":"https:\/\/algarve7.pt\/#organization","name":"Algarve 7","url":"https:\/\/algarve7.pt\/","logo":{"@type":"ImageObject","inLanguage":"pt-PT","@id":"https:\/\/algarve7.pt\/#\/schema\/logo\/image\/","url":"https:\/\/algarve7.pt\/wp-content\/uploads\/2020\/10\/Logo-8.jpg","contentUrl":"https:\/\/algarve7.pt\/wp-content\/uploads\/2020\/10\/Logo-8.jpg","width":1680,"height":1186,"caption":"Algarve 7"},"image":{"@id":"https:\/\/algarve7.pt\/#\/schema\/logo\/image\/"},"sameAs":["https:\/\/www.facebook.com\/algarve7","https:\/\/x.com\/Algarvesete","https:\/\/www.instagram.com\/jornalalgarve7\/","https:\/\/www.linkedin.com\/company\/algarve7","https:\/\/www.pinterest.pt\/geral0939\/_created\/"]},{"@type":"Person","@id":"https:\/\/algarve7.pt\/#\/schema\/person\/23fa70681308e7b319a3204bcea45e0c","name":"Algarve 7","sameAs":["https:\/\/algarve7.pt","https:\/\/www.facebook.com\/algarve7"],"url":"https:\/\/algarve7.pt\/index.php\/author\/geralalgarve7-pt\/"}]}},"jetpack_publicize_connections":[],"jetpack_featured_media_url":"https:\/\/algarve7.pt\/wp-content\/uploads\/2022\/10\/outubro-rosa-1.png","jetpack_shortlink":"https:\/\/wp.me\/pcezmW-5Na","jetpack_sharing_enabled":true,"_links":{"self":[{"href":"https:\/\/algarve7.pt\/index.php\/wp-json\/wp\/v2\/posts\/22268","targetHints":{"allow":["GET"]}}],"collection":[{"href":"https:\/\/algarve7.pt\/index.php\/wp-json\/wp\/v2\/posts"}],"about":[{"href":"https:\/\/algarve7.pt\/index.php\/wp-json\/wp\/v2\/types\/post"}],"author":[{"embeddable":true,"href":"https:\/\/algarve7.pt\/index.php\/wp-json\/wp\/v2\/users\/1"}],"replies":[{"embeddable":true,"href":"https:\/\/algarve7.pt\/index.php\/wp-json\/wp\/v2\/comments?post=22268"}],"version-history":[{"count":0,"href":"https:\/\/algarve7.pt\/index.php\/wp-json\/wp\/v2\/posts\/22268\/revisions"}],"wp:featuredmedia":[{"embeddable":true,"href":"https:\/\/algarve7.pt\/index.php\/wp-json\/wp\/v2\/media\/22269"}],"wp:attachment":[{"href":"https:\/\/algarve7.pt\/index.php\/wp-json\/wp\/v2\/media?parent=22268"}],"wp:term":[{"taxonomy":"category","embeddable":true,"href":"https:\/\/algarve7.pt\/index.php\/wp-json\/wp\/v2\/categories?post=22268"},{"taxonomy":"post_tag","embeddable":true,"href":"https:\/\/algarve7.pt\/index.php\/wp-json\/wp\/v2\/tags?post=22268"}],"curies":[{"name":"wp","href":"https:\/\/api.w.org\/{rel}","templated":true}]}}