{"id":22222,"date":"2022-10-07T08:30:22","date_gmt":"2022-10-07T07:30:22","guid":{"rendered":"https:\/\/algarve7.pt\/?p=22222"},"modified":"2022-10-07T08:30:31","modified_gmt":"2022-10-07T07:30:31","slug":"portimao-promove-cultura-teatral-junto-de-criancas-e-jovens","status":"publish","type":"post","link":"https:\/\/algarve7.pt\/index.php\/2022\/10\/portimao-promove-cultura-teatral-junto-de-criancas-e-jovens\/cultura\/08\/30\/","title":{"rendered":"Portim\u00e3o promove cultura teatral junto de crian\u00e7as e jovens"},"content":{"rendered":"\n<p>De 8 a 15 de outubro, o TEMPO \u2013 Teatro Municipal de Portim\u00e3o recebe a segunda edi\u00e7\u00e3o dos \u201cOutonitos de Teatro\u201d, uma organiza\u00e7\u00e3o do TIPO &#8211; Teatro Infantil de Portim\u00e3o em parceria com a C\u00e2mara Municipal de Portim\u00e3o.<\/p>\n\n\n\n<p>A iniciativa, cuja primeira edi\u00e7\u00e3o teve lugar no Museu de Portim\u00e3o em 2019, visa dinamizar e promover a cultura teatral para as crian\u00e7as e jovens, assim como a inter-rela\u00e7\u00e3o entre os grupos e companhias de teatro, estimulando em paralelo a anima\u00e7\u00e3o social da cidade.<\/p>\n\n\n\n<p>Tamb\u00e9m \u00e9 objetivo dos organizadores preencher a lacuna que se verifica desde o fim dos Outonos de Teatro, possibilitando ao p\u00fablico infantojuvenil e suas fam\u00edlias a oportunidade de assistirem a pe\u00e7as de teatro destinadas a esta faixa et\u00e1ria.<\/p>\n\n\n\n<p><br>O programa arranca j\u00e1 este s\u00e1bado, 8 de outubro, com a pe\u00e7a \u201cO burro teimoso\u201d, que a Companhia Bonecos de Almar leva ao palco do Pequeno Audit\u00f3rio a partir das 16h00, numa sess\u00e3o para fam\u00edlias.<\/p>\n\n\n\n<p>A pe\u00e7a faz parte do repert\u00f3rio tradicional de Teatro Dom Roberto, ou Teatro de Robertos, forma tradicional portuguesa de teatro de marionetas cuja origem remonta ao s\u00e9c. XVII.<\/p>\n\n\n\n<p>Apresentado tradicionalmente em feiras, romarias e ruas, esta express\u00e3o teatral \u00e9 caracterizada pelos pequenos bonecos de madeira e trapo que d\u00e3o vida a hist\u00f3rias simples da realidade portuguesa, marcadas pelo som estridente da palhete colocada na boca do bonecreiro e pela inevit\u00e1vel cena de pancadaria.<\/p>\n\n\n\n<p>Segue-se no dia 11 de outubro a Companhia Era Uma Vez Marionetas, com a pe\u00e7a \u201cO Lixo do Sr. Bernardo\u201d, que ser\u00e1 interpretada a partir das 11h00 no Pequeno Audit\u00f3rio, numa sess\u00e3o dirigida a crian\u00e7as dos jardins-de-inf\u00e2ncia e do 1\u00ba Ciclo do Ensino B\u00e1sico.<strong><\/strong><\/p>\n\n\n\n<p>Em mais este espet\u00e1culo de marionetas, aborda-se as viv\u00eancias do senhor Bartolomeu, t\u00edpico cidad\u00e3o mal-educado e porcalh\u00e3o, a quem o duende Zacarias, com a ajuda do p\u00fablico, ensinar\u00e1 a fazer a reciclagem dos lixos e a ter boas maneiras.<\/p>\n\n\n\n<p>Nos dias 12 e 13 de outubro ser\u00e1 a vez de o TIPO encenar \u201cO Circo D\u2019el Cordel\u201d, em espet\u00e1culos agendados para as 11h00 na Black Box do TEMPO e igualmente destinados a crian\u00e7as de jardins-de-inf\u00e2ncia e do 1\u00ba Ciclo.<\/p>\n\n\n\n<p>A hist\u00f3ria, da autoria de Jo\u00e3o Cunha e de Jo\u00e3o Bota, que a encenou, gira em torno do imagin\u00e1rio de bonecos de corda ou de cordel, entre diversos trapezistas, uma foca malabarista e um tigre-de-bengala, passando pela apresenta\u00e7\u00e3o de um mini circo de \u2018pulgas\u2019.<\/p>\n\n\n\n<p>Esta pan\u00f3plia de brinquedos de corda e de cordel ter\u00e1 um apresentador n\u00e3o menos exc\u00eantrico, interpretado pelo pr\u00f3prio Jo\u00e3o Bota, que domar\u00e1 todas as personagens, contando a hist\u00f3ria \u00e0 medida de diferentes momentos.<\/p>\n\n\n\n<p>Por fim, nos dias 14 e 15 de outubro, a Vicenteatro &#8211; Associa\u00e7\u00e3o de Anima\u00e7\u00e3o Cultural protagonizar\u00e1 no Grande Audit\u00f3rio a pe\u00e7a \u201cTrinta mil reis e uma carga de presuntos\u201d, que resulta de uma reflex\u00e3o sobre as famosas e fant\u00e1sticas hist\u00f3rias de Faj\u00e3o, aldeia do concelho de Pampilhosa da Serra.<\/p>\n\n\n\n<p>Os textos teatralizados, cuja origem se perde nos tempos, s\u00e3o de uma grande riqueza hist\u00f3rica, etnogr\u00e1fica e antropol\u00f3gica e chegaram at\u00e9 aos nossos dias atrav\u00e9s da oralidade, dando origem a recolhas, reflex\u00f5es universit\u00e1rias e v\u00e1rios trabalhos art\u00edsticos.<\/p>\n\n\n\n<p><br>No dia 14, a sess\u00e3o acontece \u00e0s 11h00, sendo dedicada aos alunos do 1\u00ba Ciclo, enquanto a sess\u00e3o de dia 15 est\u00e1 marcada para as 16h00 e dirige-se \u00e0s fam\u00edlias.<\/p>\n\n\n\n<p>As inscri\u00e7\u00f5es para escolas dever\u00e3o ser feitas atrav\u00e9s do email <a href=\"mailto:tipoteatroinfantil@gmail.com\" target=\"_blank\" rel=\"noreferrer noopener\">tipoteatroinfantil@gmail.com<\/a>, ao passo que os bilhetes relativos \u00e0s sess\u00f5es para fam\u00edlias est\u00e3o \u00e0 venda em\u00a0<a href=\"https:\/\/l.facebook.com\/l.php?u=https%3A%2F%2Ftempo.bol.pt%2F%3Ffbclid%3DIwAR2_FTdi5-u7YntVqWYX3Q6p6LEkcmBPK3g-YTugkuxYbujXUM_pxvcgrJk&amp;h=AT3suzcRbo-2cMtwJyjifaUyamgK0DkYlM9xHplmjBkRQha6MCzQaaGzfGFwdlX5IWoAUn4wIVyCFyJxGBj2uKF79BuYdVsCT52bUlJzZ91X7o4gzqzWU5PeTx61PfEt4Q&amp;__tn__=-UK*F&amp;c%5b0%5d=AT1NfR6xHlWigVYudQ5XE0sPj9GCR9DTo45oN9chAXRBRXRStsBI4qbAzEsol-38kmsD-S_hgmwQrmjGA81QAOHpRl1S6BwpVawrha-Hm4CoI726L12348sQbqSs5CgBaKB5VRkiR8JAUiMSMwUaf0KarE5i_lFE69Kx-qjNz0d4_3cNWkCU7384DOrTdTP5eyHeExv-Dw6Cmg\" target=\"_blank\" rel=\"noreferrer noopener\">https:\/\/tempo.bol.pt<\/a> ao pre\u00e7o unit\u00e1rio de<br>5 euros, ou de 3 euros em caso de menores de 18 anos.<\/p>\n","protected":false},"excerpt":{"rendered":"<p>De 8 a 15 de outubro, o TEMPO \u2013 Teatro Municipal de Portim\u00e3o recebe a segunda edi\u00e7\u00e3o dos \u201cOutonitos de<\/p>\n","protected":false},"author":1,"featured_media":22223,"comment_status":"closed","ping_status":"open","sticky":false,"template":"","format":"standard","meta":{"colormag_page_container_layout":"default_layout","colormag_page_sidebar_layout":"default_layout","_monsterinsights_skip_tracking":false,"_monsterinsights_sitenote_active":false,"_monsterinsights_sitenote_note":"","_monsterinsights_sitenote_category":0,"jetpack_post_was_ever_published":false,"_jetpack_newsletter_access":"","_jetpack_dont_email_post_to_subs":false,"_jetpack_newsletter_tier_id":0,"_jetpack_memberships_contains_paywalled_content":false,"_jetpack_memberships_contains_paid_content":false,"footnotes":"","jetpack_publicize_message":"","jetpack_publicize_feature_enabled":true,"jetpack_social_post_already_shared":true,"jetpack_social_options":{"image_generator_settings":{"template":"highway","default_image_id":0,"font":"","enabled":false},"version":2}},"categories":[14],"tags":[36,35,72,101,142],"class_list":["post-22222","post","type-post","status-publish","format-standard","has-post-thumbnail","hentry","category-cultura","tag-algarve","tag-cultura","tag-portimao","tag-teatro","tag-teatro-tempo"],"yoast_head":"<!-- This site is optimized with the Yoast SEO plugin v27.5 - https:\/\/yoast.com\/product\/yoast-seo-wordpress\/ -->\n<title>Portim\u00e3o promove cultura teatral junto de crian\u00e7as e jovens - Algarve 7<\/title>\n<meta name=\"description\" content=\"Portim\u00e3o promove cultura teatral junto de crian\u00e7as e jovens Cultura\" \/>\n<meta name=\"robots\" content=\"index, follow, max-snippet:-1, max-image-preview:large, max-video-preview:-1\" \/>\n<link rel=\"canonical\" href=\"https:\/\/algarve7.pt\/index.php\/2022\/10\/portimao-promove-cultura-teatral-junto-de-criancas-e-jovens\/cultura\/08\/30\/\" \/>\n<meta property=\"og:locale\" content=\"pt_PT\" \/>\n<meta property=\"og:type\" content=\"article\" \/>\n<meta property=\"og:title\" content=\"Portim\u00e3o promove cultura teatral junto de crian\u00e7as e jovens - Algarve 7\" \/>\n<meta property=\"og:description\" content=\"Portim\u00e3o promove cultura teatral junto de crian\u00e7as e jovens Cultura\" \/>\n<meta property=\"og:url\" content=\"https:\/\/algarve7.pt\/index.php\/2022\/10\/portimao-promove-cultura-teatral-junto-de-criancas-e-jovens\/cultura\/08\/30\/\" \/>\n<meta property=\"og:site_name\" content=\"Algarve 7\" \/>\n<meta property=\"article:publisher\" content=\"https:\/\/www.facebook.com\/algarve7\" \/>\n<meta property=\"article:author\" content=\"https:\/\/www.facebook.com\/algarve7\" \/>\n<meta property=\"article:published_time\" content=\"2022-10-07T07:30:22+00:00\" \/>\n<meta property=\"article:modified_time\" content=\"2022-10-07T07:30:31+00:00\" \/>\n<meta property=\"og:image\" content=\"https:\/\/algarve7.pt\/wp-content\/uploads\/2022\/10\/O-Lixo-do-Senhor-Bartolomeu.jpg\" \/>\n\t<meta property=\"og:image:width\" content=\"1772\" \/>\n\t<meta property=\"og:image:height\" content=\"1181\" \/>\n\t<meta property=\"og:image:type\" content=\"image\/jpeg\" \/>\n<meta name=\"author\" content=\"Algarve 7\" \/>\n<meta name=\"twitter:card\" content=\"summary_large_image\" \/>\n<meta name=\"twitter:creator\" content=\"@Algarvesete\" \/>\n<meta name=\"twitter:site\" content=\"@Algarvesete\" \/>\n<meta name=\"twitter:label1\" content=\"Escrito por\" \/>\n\t<meta name=\"twitter:data1\" content=\"Algarve 7\" \/>\n\t<meta name=\"twitter:label2\" content=\"Tempo estimado de leitura\" \/>\n\t<meta name=\"twitter:data2\" content=\"4 minutos\" \/>\n<script type=\"application\/ld+json\" class=\"yoast-schema-graph\">{\"@context\":\"https:\\\/\\\/schema.org\",\"@graph\":[{\"@type\":\"Article\",\"@id\":\"https:\\\/\\\/algarve7.pt\\\/index.php\\\/2022\\\/10\\\/portimao-promove-cultura-teatral-junto-de-criancas-e-jovens\\\/cultura\\\/08\\\/30\\\/#article\",\"isPartOf\":{\"@id\":\"https:\\\/\\\/algarve7.pt\\\/index.php\\\/2022\\\/10\\\/portimao-promove-cultura-teatral-junto-de-criancas-e-jovens\\\/cultura\\\/08\\\/30\\\/\"},\"author\":{\"name\":\"Algarve 7\",\"@id\":\"https:\\\/\\\/algarve7.pt\\\/#\\\/schema\\\/person\\\/23fa70681308e7b319a3204bcea45e0c\"},\"headline\":\"Portim\u00e3o promove cultura teatral junto de crian\u00e7as e jovens\",\"datePublished\":\"2022-10-07T07:30:22+00:00\",\"dateModified\":\"2022-10-07T07:30:31+00:00\",\"mainEntityOfPage\":{\"@id\":\"https:\\\/\\\/algarve7.pt\\\/index.php\\\/2022\\\/10\\\/portimao-promove-cultura-teatral-junto-de-criancas-e-jovens\\\/cultura\\\/08\\\/30\\\/\"},\"wordCount\":665,\"publisher\":{\"@id\":\"https:\\\/\\\/algarve7.pt\\\/#organization\"},\"image\":{\"@id\":\"https:\\\/\\\/algarve7.pt\\\/index.php\\\/2022\\\/10\\\/portimao-promove-cultura-teatral-junto-de-criancas-e-jovens\\\/cultura\\\/08\\\/30\\\/#primaryimage\"},\"thumbnailUrl\":\"https:\\\/\\\/algarve7.pt\\\/wp-content\\\/uploads\\\/2022\\\/10\\\/O-Lixo-do-Senhor-Bartolomeu.jpg\",\"keywords\":[\"Algarve\",\"Cultura\",\"Portim\u00e3o\",\"Teatro\",\"Teatro Tempo\"],\"articleSection\":[\"Cultura\"],\"inLanguage\":\"pt-PT\"},{\"@type\":\"WebPage\",\"@id\":\"https:\\\/\\\/algarve7.pt\\\/index.php\\\/2022\\\/10\\\/portimao-promove-cultura-teatral-junto-de-criancas-e-jovens\\\/cultura\\\/08\\\/30\\\/\",\"url\":\"https:\\\/\\\/algarve7.pt\\\/index.php\\\/2022\\\/10\\\/portimao-promove-cultura-teatral-junto-de-criancas-e-jovens\\\/cultura\\\/08\\\/30\\\/\",\"name\":\"Portim\u00e3o promove cultura teatral junto de crian\u00e7as e jovens - Algarve 7\",\"isPartOf\":{\"@id\":\"https:\\\/\\\/algarve7.pt\\\/#website\"},\"primaryImageOfPage\":{\"@id\":\"https:\\\/\\\/algarve7.pt\\\/index.php\\\/2022\\\/10\\\/portimao-promove-cultura-teatral-junto-de-criancas-e-jovens\\\/cultura\\\/08\\\/30\\\/#primaryimage\"},\"image\":{\"@id\":\"https:\\\/\\\/algarve7.pt\\\/index.php\\\/2022\\\/10\\\/portimao-promove-cultura-teatral-junto-de-criancas-e-jovens\\\/cultura\\\/08\\\/30\\\/#primaryimage\"},\"thumbnailUrl\":\"https:\\\/\\\/algarve7.pt\\\/wp-content\\\/uploads\\\/2022\\\/10\\\/O-Lixo-do-Senhor-Bartolomeu.jpg\",\"datePublished\":\"2022-10-07T07:30:22+00:00\",\"dateModified\":\"2022-10-07T07:30:31+00:00\",\"description\":\"Portim\u00e3o promove cultura teatral junto de crian\u00e7as e jovens Cultura\",\"breadcrumb\":{\"@id\":\"https:\\\/\\\/algarve7.pt\\\/index.php\\\/2022\\\/10\\\/portimao-promove-cultura-teatral-junto-de-criancas-e-jovens\\\/cultura\\\/08\\\/30\\\/#breadcrumb\"},\"inLanguage\":\"pt-PT\",\"potentialAction\":[{\"@type\":\"ReadAction\",\"target\":[\"https:\\\/\\\/algarve7.pt\\\/index.php\\\/2022\\\/10\\\/portimao-promove-cultura-teatral-junto-de-criancas-e-jovens\\\/cultura\\\/08\\\/30\\\/\"]}]},{\"@type\":\"ImageObject\",\"inLanguage\":\"pt-PT\",\"@id\":\"https:\\\/\\\/algarve7.pt\\\/index.php\\\/2022\\\/10\\\/portimao-promove-cultura-teatral-junto-de-criancas-e-jovens\\\/cultura\\\/08\\\/30\\\/#primaryimage\",\"url\":\"https:\\\/\\\/algarve7.pt\\\/wp-content\\\/uploads\\\/2022\\\/10\\\/O-Lixo-do-Senhor-Bartolomeu.jpg\",\"contentUrl\":\"https:\\\/\\\/algarve7.pt\\\/wp-content\\\/uploads\\\/2022\\\/10\\\/O-Lixo-do-Senhor-Bartolomeu.jpg\",\"width\":1772,\"height\":1181},{\"@type\":\"BreadcrumbList\",\"@id\":\"https:\\\/\\\/algarve7.pt\\\/index.php\\\/2022\\\/10\\\/portimao-promove-cultura-teatral-junto-de-criancas-e-jovens\\\/cultura\\\/08\\\/30\\\/#breadcrumb\",\"itemListElement\":[{\"@type\":\"ListItem\",\"position\":1,\"name\":\"In\u00edcio\",\"item\":\"https:\\\/\\\/algarve7.pt\\\/\"},{\"@type\":\"ListItem\",\"position\":2,\"name\":\"Portim\u00e3o promove cultura teatral junto de crian\u00e7as e jovens\"}]},{\"@type\":\"WebSite\",\"@id\":\"https:\\\/\\\/algarve7.pt\\\/#website\",\"url\":\"https:\\\/\\\/algarve7.pt\\\/\",\"name\":\"Algarve 7\",\"description\":\"Informa\u00e7\u00e3o sobre o Algarve\",\"publisher\":{\"@id\":\"https:\\\/\\\/algarve7.pt\\\/#organization\"},\"potentialAction\":[{\"@type\":\"SearchAction\",\"target\":{\"@type\":\"EntryPoint\",\"urlTemplate\":\"https:\\\/\\\/algarve7.pt\\\/?s={search_term_string}\"},\"query-input\":{\"@type\":\"PropertyValueSpecification\",\"valueRequired\":true,\"valueName\":\"search_term_string\"}}],\"inLanguage\":\"pt-PT\"},{\"@type\":\"Organization\",\"@id\":\"https:\\\/\\\/algarve7.pt\\\/#organization\",\"name\":\"Algarve 7\",\"url\":\"https:\\\/\\\/algarve7.pt\\\/\",\"logo\":{\"@type\":\"ImageObject\",\"inLanguage\":\"pt-PT\",\"@id\":\"https:\\\/\\\/algarve7.pt\\\/#\\\/schema\\\/logo\\\/image\\\/\",\"url\":\"https:\\\/\\\/algarve7.pt\\\/wp-content\\\/uploads\\\/2020\\\/10\\\/Logo-8.jpg\",\"contentUrl\":\"https:\\\/\\\/algarve7.pt\\\/wp-content\\\/uploads\\\/2020\\\/10\\\/Logo-8.jpg\",\"width\":1680,\"height\":1186,\"caption\":\"Algarve 7\"},\"image\":{\"@id\":\"https:\\\/\\\/algarve7.pt\\\/#\\\/schema\\\/logo\\\/image\\\/\"},\"sameAs\":[\"https:\\\/\\\/www.facebook.com\\\/algarve7\",\"https:\\\/\\\/x.com\\\/Algarvesete\",\"https:\\\/\\\/www.instagram.com\\\/jornalalgarve7\\\/\",\"https:\\\/\\\/www.linkedin.com\\\/company\\\/algarve7\",\"https:\\\/\\\/www.pinterest.pt\\\/geral0939\\\/_created\\\/\"]},{\"@type\":\"Person\",\"@id\":\"https:\\\/\\\/algarve7.pt\\\/#\\\/schema\\\/person\\\/23fa70681308e7b319a3204bcea45e0c\",\"name\":\"Algarve 7\",\"sameAs\":[\"https:\\\/\\\/algarve7.pt\",\"https:\\\/\\\/www.facebook.com\\\/algarve7\"],\"url\":\"https:\\\/\\\/algarve7.pt\\\/index.php\\\/author\\\/geralalgarve7-pt\\\/\"}]}<\/script>\n<!-- \/ Yoast SEO plugin. -->","yoast_head_json":{"title":"Portim\u00e3o promove cultura teatral junto de crian\u00e7as e jovens - Algarve 7","description":"Portim\u00e3o promove cultura teatral junto de crian\u00e7as e jovens Cultura","robots":{"index":"index","follow":"follow","max-snippet":"max-snippet:-1","max-image-preview":"max-image-preview:large","max-video-preview":"max-video-preview:-1"},"canonical":"https:\/\/algarve7.pt\/index.php\/2022\/10\/portimao-promove-cultura-teatral-junto-de-criancas-e-jovens\/cultura\/08\/30\/","og_locale":"pt_PT","og_type":"article","og_title":"Portim\u00e3o promove cultura teatral junto de crian\u00e7as e jovens - Algarve 7","og_description":"Portim\u00e3o promove cultura teatral junto de crian\u00e7as e jovens Cultura","og_url":"https:\/\/algarve7.pt\/index.php\/2022\/10\/portimao-promove-cultura-teatral-junto-de-criancas-e-jovens\/cultura\/08\/30\/","og_site_name":"Algarve 7","article_publisher":"https:\/\/www.facebook.com\/algarve7","article_author":"https:\/\/www.facebook.com\/algarve7","article_published_time":"2022-10-07T07:30:22+00:00","article_modified_time":"2022-10-07T07:30:31+00:00","og_image":[{"width":1772,"height":1181,"url":"https:\/\/algarve7.pt\/wp-content\/uploads\/2022\/10\/O-Lixo-do-Senhor-Bartolomeu.jpg","type":"image\/jpeg"}],"author":"Algarve 7","twitter_card":"summary_large_image","twitter_creator":"@Algarvesete","twitter_site":"@Algarvesete","twitter_misc":{"Escrito por":"Algarve 7","Tempo estimado de leitura":"4 minutos"},"schema":{"@context":"https:\/\/schema.org","@graph":[{"@type":"Article","@id":"https:\/\/algarve7.pt\/index.php\/2022\/10\/portimao-promove-cultura-teatral-junto-de-criancas-e-jovens\/cultura\/08\/30\/#article","isPartOf":{"@id":"https:\/\/algarve7.pt\/index.php\/2022\/10\/portimao-promove-cultura-teatral-junto-de-criancas-e-jovens\/cultura\/08\/30\/"},"author":{"name":"Algarve 7","@id":"https:\/\/algarve7.pt\/#\/schema\/person\/23fa70681308e7b319a3204bcea45e0c"},"headline":"Portim\u00e3o promove cultura teatral junto de crian\u00e7as e jovens","datePublished":"2022-10-07T07:30:22+00:00","dateModified":"2022-10-07T07:30:31+00:00","mainEntityOfPage":{"@id":"https:\/\/algarve7.pt\/index.php\/2022\/10\/portimao-promove-cultura-teatral-junto-de-criancas-e-jovens\/cultura\/08\/30\/"},"wordCount":665,"publisher":{"@id":"https:\/\/algarve7.pt\/#organization"},"image":{"@id":"https:\/\/algarve7.pt\/index.php\/2022\/10\/portimao-promove-cultura-teatral-junto-de-criancas-e-jovens\/cultura\/08\/30\/#primaryimage"},"thumbnailUrl":"https:\/\/algarve7.pt\/wp-content\/uploads\/2022\/10\/O-Lixo-do-Senhor-Bartolomeu.jpg","keywords":["Algarve","Cultura","Portim\u00e3o","Teatro","Teatro Tempo"],"articleSection":["Cultura"],"inLanguage":"pt-PT"},{"@type":"WebPage","@id":"https:\/\/algarve7.pt\/index.php\/2022\/10\/portimao-promove-cultura-teatral-junto-de-criancas-e-jovens\/cultura\/08\/30\/","url":"https:\/\/algarve7.pt\/index.php\/2022\/10\/portimao-promove-cultura-teatral-junto-de-criancas-e-jovens\/cultura\/08\/30\/","name":"Portim\u00e3o promove cultura teatral junto de crian\u00e7as e jovens - Algarve 7","isPartOf":{"@id":"https:\/\/algarve7.pt\/#website"},"primaryImageOfPage":{"@id":"https:\/\/algarve7.pt\/index.php\/2022\/10\/portimao-promove-cultura-teatral-junto-de-criancas-e-jovens\/cultura\/08\/30\/#primaryimage"},"image":{"@id":"https:\/\/algarve7.pt\/index.php\/2022\/10\/portimao-promove-cultura-teatral-junto-de-criancas-e-jovens\/cultura\/08\/30\/#primaryimage"},"thumbnailUrl":"https:\/\/algarve7.pt\/wp-content\/uploads\/2022\/10\/O-Lixo-do-Senhor-Bartolomeu.jpg","datePublished":"2022-10-07T07:30:22+00:00","dateModified":"2022-10-07T07:30:31+00:00","description":"Portim\u00e3o promove cultura teatral junto de crian\u00e7as e jovens Cultura","breadcrumb":{"@id":"https:\/\/algarve7.pt\/index.php\/2022\/10\/portimao-promove-cultura-teatral-junto-de-criancas-e-jovens\/cultura\/08\/30\/#breadcrumb"},"inLanguage":"pt-PT","potentialAction":[{"@type":"ReadAction","target":["https:\/\/algarve7.pt\/index.php\/2022\/10\/portimao-promove-cultura-teatral-junto-de-criancas-e-jovens\/cultura\/08\/30\/"]}]},{"@type":"ImageObject","inLanguage":"pt-PT","@id":"https:\/\/algarve7.pt\/index.php\/2022\/10\/portimao-promove-cultura-teatral-junto-de-criancas-e-jovens\/cultura\/08\/30\/#primaryimage","url":"https:\/\/algarve7.pt\/wp-content\/uploads\/2022\/10\/O-Lixo-do-Senhor-Bartolomeu.jpg","contentUrl":"https:\/\/algarve7.pt\/wp-content\/uploads\/2022\/10\/O-Lixo-do-Senhor-Bartolomeu.jpg","width":1772,"height":1181},{"@type":"BreadcrumbList","@id":"https:\/\/algarve7.pt\/index.php\/2022\/10\/portimao-promove-cultura-teatral-junto-de-criancas-e-jovens\/cultura\/08\/30\/#breadcrumb","itemListElement":[{"@type":"ListItem","position":1,"name":"In\u00edcio","item":"https:\/\/algarve7.pt\/"},{"@type":"ListItem","position":2,"name":"Portim\u00e3o promove cultura teatral junto de crian\u00e7as e jovens"}]},{"@type":"WebSite","@id":"https:\/\/algarve7.pt\/#website","url":"https:\/\/algarve7.pt\/","name":"Algarve 7","description":"Informa\u00e7\u00e3o sobre o Algarve","publisher":{"@id":"https:\/\/algarve7.pt\/#organization"},"potentialAction":[{"@type":"SearchAction","target":{"@type":"EntryPoint","urlTemplate":"https:\/\/algarve7.pt\/?s={search_term_string}"},"query-input":{"@type":"PropertyValueSpecification","valueRequired":true,"valueName":"search_term_string"}}],"inLanguage":"pt-PT"},{"@type":"Organization","@id":"https:\/\/algarve7.pt\/#organization","name":"Algarve 7","url":"https:\/\/algarve7.pt\/","logo":{"@type":"ImageObject","inLanguage":"pt-PT","@id":"https:\/\/algarve7.pt\/#\/schema\/logo\/image\/","url":"https:\/\/algarve7.pt\/wp-content\/uploads\/2020\/10\/Logo-8.jpg","contentUrl":"https:\/\/algarve7.pt\/wp-content\/uploads\/2020\/10\/Logo-8.jpg","width":1680,"height":1186,"caption":"Algarve 7"},"image":{"@id":"https:\/\/algarve7.pt\/#\/schema\/logo\/image\/"},"sameAs":["https:\/\/www.facebook.com\/algarve7","https:\/\/x.com\/Algarvesete","https:\/\/www.instagram.com\/jornalalgarve7\/","https:\/\/www.linkedin.com\/company\/algarve7","https:\/\/www.pinterest.pt\/geral0939\/_created\/"]},{"@type":"Person","@id":"https:\/\/algarve7.pt\/#\/schema\/person\/23fa70681308e7b319a3204bcea45e0c","name":"Algarve 7","sameAs":["https:\/\/algarve7.pt","https:\/\/www.facebook.com\/algarve7"],"url":"https:\/\/algarve7.pt\/index.php\/author\/geralalgarve7-pt\/"}]}},"jetpack_publicize_connections":[],"jetpack_featured_media_url":"https:\/\/algarve7.pt\/wp-content\/uploads\/2022\/10\/O-Lixo-do-Senhor-Bartolomeu.jpg","jetpack_shortlink":"https:\/\/wp.me\/pcezmW-5Mq","jetpack_sharing_enabled":true,"_links":{"self":[{"href":"https:\/\/algarve7.pt\/index.php\/wp-json\/wp\/v2\/posts\/22222","targetHints":{"allow":["GET"]}}],"collection":[{"href":"https:\/\/algarve7.pt\/index.php\/wp-json\/wp\/v2\/posts"}],"about":[{"href":"https:\/\/algarve7.pt\/index.php\/wp-json\/wp\/v2\/types\/post"}],"author":[{"embeddable":true,"href":"https:\/\/algarve7.pt\/index.php\/wp-json\/wp\/v2\/users\/1"}],"replies":[{"embeddable":true,"href":"https:\/\/algarve7.pt\/index.php\/wp-json\/wp\/v2\/comments?post=22222"}],"version-history":[{"count":0,"href":"https:\/\/algarve7.pt\/index.php\/wp-json\/wp\/v2\/posts\/22222\/revisions"}],"wp:featuredmedia":[{"embeddable":true,"href":"https:\/\/algarve7.pt\/index.php\/wp-json\/wp\/v2\/media\/22223"}],"wp:attachment":[{"href":"https:\/\/algarve7.pt\/index.php\/wp-json\/wp\/v2\/media?parent=22222"}],"wp:term":[{"taxonomy":"category","embeddable":true,"href":"https:\/\/algarve7.pt\/index.php\/wp-json\/wp\/v2\/categories?post=22222"},{"taxonomy":"post_tag","embeddable":true,"href":"https:\/\/algarve7.pt\/index.php\/wp-json\/wp\/v2\/tags?post=22222"}],"curies":[{"name":"wp","href":"https:\/\/api.w.org\/{rel}","templated":true}]}}