{"id":22151,"date":"2022-10-06T08:46:00","date_gmt":"2022-10-06T07:46:00","guid":{"rendered":"https:\/\/algarve7.pt\/?p=22151"},"modified":"2022-10-05T17:48:41","modified_gmt":"2022-10-05T16:48:41","slug":"lado-b-traz-o-grupo-paus-ao-auditorio-francisco-vargas-mogo","status":"publish","type":"post","link":"https:\/\/algarve7.pt\/index.php\/2022\/10\/lado-b-traz-o-grupo-paus-ao-auditorio-francisco-vargas-mogo\/cultura\/08\/46\/","title":{"rendered":"Lado B traz o grupo Paus ao audit\u00f3rio Francisco Vargas Mogo"},"content":{"rendered":"\n<p>O LADO B da C\u00e2mara Municipal de Silves, regressa no dia 14 de outubro pelas 21h30, com o grupo PAUS no Audit\u00f3rio Francisco Vargas Mogo.<\/p>\n\n\n\n<p>O grupo PAUS tem quatro discos editados, tr\u00eas EPs e m\u00faltiplas tours por v\u00e1rios continentes. O novo disco \u201cYESS\u201d junta o sabor de uma visita inspiradora a S\u00e3o Paulo e v\u00e1rias experi\u00eancias de colabora\u00e7\u00e3o e mistura. Conta com a colabora\u00e7\u00e3o nos arranjos para sintetizadores modulares do brasileiro Grass Mass. Este trabalho de texturas eletr\u00f4nicas ajudou o som de \u201cYESS\u201d a expandir o imagin\u00e1rio do que pode ser um disco do grupo PAUS das pistas de dan\u00e7a aos escuros clubes de punk rock, das rodas de batuque das ruas de S\u00e3o Paulo \u00e0s raves de Berlim.<\/p>\n\n\n\n<p>A banda, ap\u00f3s 10 anos, continua sem medo de arriscar, de se rir de si pr\u00f3pria e de mudar.<\/p>\n\n\n\n<p>Os ingressos para o espet\u00e1culo podem ser adquiridos atrav\u00e9s da bilheteira online BOL em:&nbsp;<a href=\"https:\/\/cmsilves.bol.pt\/\" target=\"_blank\" rel=\"noreferrer noopener\">https:\/\/cmsilves.bol.pt\/&nbsp;<\/a>e nos locais habituais de venda (FNAC, Worten, CTT,EI Corte Ingl\u00eas e Pousadas de Juventude), com o custo associado de 10 euros. Podem, ainda, ser adquiridos no pr\u00f3prio dia do espet\u00e1culo, no local, a partir das 20h00, caso haja disponibilidade de bilheteira.<\/p>\n\n\n\n<p>Relembramos que a r\u00fabrica Lado B, promovida pelo Munic\u00edpio de Silves, procura apresentar ao p\u00fablico uma vers\u00e3o mais descontra\u00edda e intimista dos artistas. Ao concerto, por norma, associa-se uma breve conversa como forma de aproximar o p\u00fablico ao artista.<\/p>\n\n\n\n<p>Classifica\u00e7\u00e3o et\u00e1ria: M\/6<\/p>\n","protected":false},"excerpt":{"rendered":"<p>O LADO B da C\u00e2mara Municipal de Silves, regressa no dia 14 de outubro pelas 21h30, com o grupo PAUS<\/p>\n","protected":false},"author":1,"featured_media":22152,"comment_status":"closed","ping_status":"open","sticky":false,"template":"","format":"standard","meta":{"colormag_page_container_layout":"default_layout","colormag_page_sidebar_layout":"default_layout","_monsterinsights_skip_tracking":false,"_monsterinsights_sitenote_active":false,"_monsterinsights_sitenote_note":"","_monsterinsights_sitenote_category":0,"jetpack_post_was_ever_published":false,"_jetpack_newsletter_access":"","_jetpack_dont_email_post_to_subs":false,"_jetpack_newsletter_tier_id":0,"_jetpack_memberships_contains_paywalled_content":false,"_jetpack_memberships_contains_paid_content":false,"footnotes":"","jetpack_publicize_message":"","jetpack_publicize_feature_enabled":true,"jetpack_social_post_already_shared":true,"jetpack_social_options":{"image_generator_settings":{"template":"highway","default_image_id":0,"font":"","enabled":false},"version":2}},"categories":[14],"tags":[36,52,35,42],"class_list":["post-22151","post","type-post","status-publish","format-standard","has-post-thumbnail","hentry","category-cultura","tag-algarve","tag-concerto","tag-cultura","tag-silves"],"yoast_head":"<!-- This site is optimized with the Yoast SEO plugin v27.5 - https:\/\/yoast.com\/product\/yoast-seo-wordpress\/ -->\n<title>Lado B traz o grupo Paus ao audit\u00f3rio Francisco Vargas Mogo - Algarve 7<\/title>\n<meta name=\"description\" content=\"Lado B traz o grupo Paus ao audit\u00f3rio Francisco Vargas Mogo Cultura\" \/>\n<meta name=\"robots\" content=\"index, follow, max-snippet:-1, max-image-preview:large, max-video-preview:-1\" \/>\n<link rel=\"canonical\" href=\"https:\/\/algarve7.pt\/index.php\/2022\/10\/lado-b-traz-o-grupo-paus-ao-auditorio-francisco-vargas-mogo\/cultura\/08\/46\/\" \/>\n<meta property=\"og:locale\" content=\"pt_PT\" \/>\n<meta property=\"og:type\" content=\"article\" \/>\n<meta property=\"og:title\" content=\"Lado B traz o grupo Paus ao audit\u00f3rio Francisco Vargas Mogo - Algarve 7\" \/>\n<meta property=\"og:description\" content=\"Lado B traz o grupo Paus ao audit\u00f3rio Francisco Vargas Mogo Cultura\" \/>\n<meta property=\"og:url\" content=\"https:\/\/algarve7.pt\/index.php\/2022\/10\/lado-b-traz-o-grupo-paus-ao-auditorio-francisco-vargas-mogo\/cultura\/08\/46\/\" \/>\n<meta property=\"og:site_name\" content=\"Algarve 7\" \/>\n<meta property=\"article:publisher\" content=\"https:\/\/www.facebook.com\/algarve7\" \/>\n<meta property=\"article:author\" content=\"https:\/\/www.facebook.com\/algarve7\" \/>\n<meta property=\"article:published_time\" content=\"2022-10-06T07:46:00+00:00\" \/>\n<meta property=\"og:image\" content=\"https:\/\/algarve7.pt\/wp-content\/uploads\/2022\/10\/309131150_478324734332526_3656662977746373740_n-e1664988369773.jpg\" \/>\n\t<meta property=\"og:image:width\" content=\"1500\" \/>\n\t<meta property=\"og:image:height\" content=\"1102\" \/>\n\t<meta property=\"og:image:type\" content=\"image\/jpeg\" \/>\n<meta name=\"author\" content=\"Algarve 7\" \/>\n<meta name=\"twitter:card\" content=\"summary_large_image\" \/>\n<meta name=\"twitter:creator\" content=\"@Algarvesete\" \/>\n<meta name=\"twitter:site\" content=\"@Algarvesete\" \/>\n<meta name=\"twitter:label1\" content=\"Escrito por\" \/>\n\t<meta name=\"twitter:data1\" content=\"Algarve 7\" \/>\n\t<meta name=\"twitter:label2\" content=\"Tempo estimado de leitura\" \/>\n\t<meta name=\"twitter:data2\" content=\"2 minutos\" \/>\n<script type=\"application\/ld+json\" class=\"yoast-schema-graph\">{\"@context\":\"https:\\\/\\\/schema.org\",\"@graph\":[{\"@type\":\"Article\",\"@id\":\"https:\\\/\\\/algarve7.pt\\\/index.php\\\/2022\\\/10\\\/lado-b-traz-o-grupo-paus-ao-auditorio-francisco-vargas-mogo\\\/cultura\\\/08\\\/46\\\/#article\",\"isPartOf\":{\"@id\":\"https:\\\/\\\/algarve7.pt\\\/index.php\\\/2022\\\/10\\\/lado-b-traz-o-grupo-paus-ao-auditorio-francisco-vargas-mogo\\\/cultura\\\/08\\\/46\\\/\"},\"author\":{\"name\":\"Algarve 7\",\"@id\":\"https:\\\/\\\/algarve7.pt\\\/#\\\/schema\\\/person\\\/23fa70681308e7b319a3204bcea45e0c\"},\"headline\":\"Lado B traz o grupo Paus ao audit\u00f3rio Francisco Vargas Mogo\",\"datePublished\":\"2022-10-06T07:46:00+00:00\",\"mainEntityOfPage\":{\"@id\":\"https:\\\/\\\/algarve7.pt\\\/index.php\\\/2022\\\/10\\\/lado-b-traz-o-grupo-paus-ao-auditorio-francisco-vargas-mogo\\\/cultura\\\/08\\\/46\\\/\"},\"wordCount\":282,\"publisher\":{\"@id\":\"https:\\\/\\\/algarve7.pt\\\/#organization\"},\"image\":{\"@id\":\"https:\\\/\\\/algarve7.pt\\\/index.php\\\/2022\\\/10\\\/lado-b-traz-o-grupo-paus-ao-auditorio-francisco-vargas-mogo\\\/cultura\\\/08\\\/46\\\/#primaryimage\"},\"thumbnailUrl\":\"https:\\\/\\\/algarve7.pt\\\/wp-content\\\/uploads\\\/2022\\\/10\\\/309131150_478324734332526_3656662977746373740_n-e1664988369773.jpg\",\"keywords\":[\"Algarve\",\"Concerto\",\"Cultura\",\"Silves\"],\"articleSection\":[\"Cultura\"],\"inLanguage\":\"pt-PT\"},{\"@type\":\"WebPage\",\"@id\":\"https:\\\/\\\/algarve7.pt\\\/index.php\\\/2022\\\/10\\\/lado-b-traz-o-grupo-paus-ao-auditorio-francisco-vargas-mogo\\\/cultura\\\/08\\\/46\\\/\",\"url\":\"https:\\\/\\\/algarve7.pt\\\/index.php\\\/2022\\\/10\\\/lado-b-traz-o-grupo-paus-ao-auditorio-francisco-vargas-mogo\\\/cultura\\\/08\\\/46\\\/\",\"name\":\"Lado B traz o grupo Paus ao audit\u00f3rio Francisco Vargas Mogo - Algarve 7\",\"isPartOf\":{\"@id\":\"https:\\\/\\\/algarve7.pt\\\/#website\"},\"primaryImageOfPage\":{\"@id\":\"https:\\\/\\\/algarve7.pt\\\/index.php\\\/2022\\\/10\\\/lado-b-traz-o-grupo-paus-ao-auditorio-francisco-vargas-mogo\\\/cultura\\\/08\\\/46\\\/#primaryimage\"},\"image\":{\"@id\":\"https:\\\/\\\/algarve7.pt\\\/index.php\\\/2022\\\/10\\\/lado-b-traz-o-grupo-paus-ao-auditorio-francisco-vargas-mogo\\\/cultura\\\/08\\\/46\\\/#primaryimage\"},\"thumbnailUrl\":\"https:\\\/\\\/algarve7.pt\\\/wp-content\\\/uploads\\\/2022\\\/10\\\/309131150_478324734332526_3656662977746373740_n-e1664988369773.jpg\",\"datePublished\":\"2022-10-06T07:46:00+00:00\",\"description\":\"Lado B traz o grupo Paus ao audit\u00f3rio Francisco Vargas Mogo Cultura\",\"breadcrumb\":{\"@id\":\"https:\\\/\\\/algarve7.pt\\\/index.php\\\/2022\\\/10\\\/lado-b-traz-o-grupo-paus-ao-auditorio-francisco-vargas-mogo\\\/cultura\\\/08\\\/46\\\/#breadcrumb\"},\"inLanguage\":\"pt-PT\",\"potentialAction\":[{\"@type\":\"ReadAction\",\"target\":[\"https:\\\/\\\/algarve7.pt\\\/index.php\\\/2022\\\/10\\\/lado-b-traz-o-grupo-paus-ao-auditorio-francisco-vargas-mogo\\\/cultura\\\/08\\\/46\\\/\"]}]},{\"@type\":\"ImageObject\",\"inLanguage\":\"pt-PT\",\"@id\":\"https:\\\/\\\/algarve7.pt\\\/index.php\\\/2022\\\/10\\\/lado-b-traz-o-grupo-paus-ao-auditorio-francisco-vargas-mogo\\\/cultura\\\/08\\\/46\\\/#primaryimage\",\"url\":\"https:\\\/\\\/algarve7.pt\\\/wp-content\\\/uploads\\\/2022\\\/10\\\/309131150_478324734332526_3656662977746373740_n-e1664988369773.jpg\",\"contentUrl\":\"https:\\\/\\\/algarve7.pt\\\/wp-content\\\/uploads\\\/2022\\\/10\\\/309131150_478324734332526_3656662977746373740_n-e1664988369773.jpg\",\"width\":1500,\"height\":1102},{\"@type\":\"BreadcrumbList\",\"@id\":\"https:\\\/\\\/algarve7.pt\\\/index.php\\\/2022\\\/10\\\/lado-b-traz-o-grupo-paus-ao-auditorio-francisco-vargas-mogo\\\/cultura\\\/08\\\/46\\\/#breadcrumb\",\"itemListElement\":[{\"@type\":\"ListItem\",\"position\":1,\"name\":\"In\u00edcio\",\"item\":\"https:\\\/\\\/algarve7.pt\\\/\"},{\"@type\":\"ListItem\",\"position\":2,\"name\":\"Lado B traz o grupo Paus ao audit\u00f3rio Francisco Vargas Mogo\"}]},{\"@type\":\"WebSite\",\"@id\":\"https:\\\/\\\/algarve7.pt\\\/#website\",\"url\":\"https:\\\/\\\/algarve7.pt\\\/\",\"name\":\"Algarve 7\",\"description\":\"Informa\u00e7\u00e3o sobre o Algarve\",\"publisher\":{\"@id\":\"https:\\\/\\\/algarve7.pt\\\/#organization\"},\"potentialAction\":[{\"@type\":\"SearchAction\",\"target\":{\"@type\":\"EntryPoint\",\"urlTemplate\":\"https:\\\/\\\/algarve7.pt\\\/?s={search_term_string}\"},\"query-input\":{\"@type\":\"PropertyValueSpecification\",\"valueRequired\":true,\"valueName\":\"search_term_string\"}}],\"inLanguage\":\"pt-PT\"},{\"@type\":\"Organization\",\"@id\":\"https:\\\/\\\/algarve7.pt\\\/#organization\",\"name\":\"Algarve 7\",\"url\":\"https:\\\/\\\/algarve7.pt\\\/\",\"logo\":{\"@type\":\"ImageObject\",\"inLanguage\":\"pt-PT\",\"@id\":\"https:\\\/\\\/algarve7.pt\\\/#\\\/schema\\\/logo\\\/image\\\/\",\"url\":\"https:\\\/\\\/algarve7.pt\\\/wp-content\\\/uploads\\\/2020\\\/10\\\/Logo-8.jpg\",\"contentUrl\":\"https:\\\/\\\/algarve7.pt\\\/wp-content\\\/uploads\\\/2020\\\/10\\\/Logo-8.jpg\",\"width\":1680,\"height\":1186,\"caption\":\"Algarve 7\"},\"image\":{\"@id\":\"https:\\\/\\\/algarve7.pt\\\/#\\\/schema\\\/logo\\\/image\\\/\"},\"sameAs\":[\"https:\\\/\\\/www.facebook.com\\\/algarve7\",\"https:\\\/\\\/x.com\\\/Algarvesete\",\"https:\\\/\\\/www.instagram.com\\\/jornalalgarve7\\\/\",\"https:\\\/\\\/www.linkedin.com\\\/company\\\/algarve7\",\"https:\\\/\\\/www.pinterest.pt\\\/geral0939\\\/_created\\\/\"]},{\"@type\":\"Person\",\"@id\":\"https:\\\/\\\/algarve7.pt\\\/#\\\/schema\\\/person\\\/23fa70681308e7b319a3204bcea45e0c\",\"name\":\"Algarve 7\",\"sameAs\":[\"https:\\\/\\\/algarve7.pt\",\"https:\\\/\\\/www.facebook.com\\\/algarve7\"],\"url\":\"https:\\\/\\\/algarve7.pt\\\/index.php\\\/author\\\/geralalgarve7-pt\\\/\"}]}<\/script>\n<!-- \/ Yoast SEO plugin. -->","yoast_head_json":{"title":"Lado B traz o grupo Paus ao audit\u00f3rio Francisco Vargas Mogo - Algarve 7","description":"Lado B traz o grupo Paus ao audit\u00f3rio Francisco Vargas Mogo Cultura","robots":{"index":"index","follow":"follow","max-snippet":"max-snippet:-1","max-image-preview":"max-image-preview:large","max-video-preview":"max-video-preview:-1"},"canonical":"https:\/\/algarve7.pt\/index.php\/2022\/10\/lado-b-traz-o-grupo-paus-ao-auditorio-francisco-vargas-mogo\/cultura\/08\/46\/","og_locale":"pt_PT","og_type":"article","og_title":"Lado B traz o grupo Paus ao audit\u00f3rio Francisco Vargas Mogo - Algarve 7","og_description":"Lado B traz o grupo Paus ao audit\u00f3rio Francisco Vargas Mogo Cultura","og_url":"https:\/\/algarve7.pt\/index.php\/2022\/10\/lado-b-traz-o-grupo-paus-ao-auditorio-francisco-vargas-mogo\/cultura\/08\/46\/","og_site_name":"Algarve 7","article_publisher":"https:\/\/www.facebook.com\/algarve7","article_author":"https:\/\/www.facebook.com\/algarve7","article_published_time":"2022-10-06T07:46:00+00:00","og_image":[{"width":1500,"height":1102,"url":"https:\/\/algarve7.pt\/wp-content\/uploads\/2022\/10\/309131150_478324734332526_3656662977746373740_n-e1664988369773.jpg","type":"image\/jpeg"}],"author":"Algarve 7","twitter_card":"summary_large_image","twitter_creator":"@Algarvesete","twitter_site":"@Algarvesete","twitter_misc":{"Escrito por":"Algarve 7","Tempo estimado de leitura":"2 minutos"},"schema":{"@context":"https:\/\/schema.org","@graph":[{"@type":"Article","@id":"https:\/\/algarve7.pt\/index.php\/2022\/10\/lado-b-traz-o-grupo-paus-ao-auditorio-francisco-vargas-mogo\/cultura\/08\/46\/#article","isPartOf":{"@id":"https:\/\/algarve7.pt\/index.php\/2022\/10\/lado-b-traz-o-grupo-paus-ao-auditorio-francisco-vargas-mogo\/cultura\/08\/46\/"},"author":{"name":"Algarve 7","@id":"https:\/\/algarve7.pt\/#\/schema\/person\/23fa70681308e7b319a3204bcea45e0c"},"headline":"Lado B traz o grupo Paus ao audit\u00f3rio Francisco Vargas Mogo","datePublished":"2022-10-06T07:46:00+00:00","mainEntityOfPage":{"@id":"https:\/\/algarve7.pt\/index.php\/2022\/10\/lado-b-traz-o-grupo-paus-ao-auditorio-francisco-vargas-mogo\/cultura\/08\/46\/"},"wordCount":282,"publisher":{"@id":"https:\/\/algarve7.pt\/#organization"},"image":{"@id":"https:\/\/algarve7.pt\/index.php\/2022\/10\/lado-b-traz-o-grupo-paus-ao-auditorio-francisco-vargas-mogo\/cultura\/08\/46\/#primaryimage"},"thumbnailUrl":"https:\/\/algarve7.pt\/wp-content\/uploads\/2022\/10\/309131150_478324734332526_3656662977746373740_n-e1664988369773.jpg","keywords":["Algarve","Concerto","Cultura","Silves"],"articleSection":["Cultura"],"inLanguage":"pt-PT"},{"@type":"WebPage","@id":"https:\/\/algarve7.pt\/index.php\/2022\/10\/lado-b-traz-o-grupo-paus-ao-auditorio-francisco-vargas-mogo\/cultura\/08\/46\/","url":"https:\/\/algarve7.pt\/index.php\/2022\/10\/lado-b-traz-o-grupo-paus-ao-auditorio-francisco-vargas-mogo\/cultura\/08\/46\/","name":"Lado B traz o grupo Paus ao audit\u00f3rio Francisco Vargas Mogo - Algarve 7","isPartOf":{"@id":"https:\/\/algarve7.pt\/#website"},"primaryImageOfPage":{"@id":"https:\/\/algarve7.pt\/index.php\/2022\/10\/lado-b-traz-o-grupo-paus-ao-auditorio-francisco-vargas-mogo\/cultura\/08\/46\/#primaryimage"},"image":{"@id":"https:\/\/algarve7.pt\/index.php\/2022\/10\/lado-b-traz-o-grupo-paus-ao-auditorio-francisco-vargas-mogo\/cultura\/08\/46\/#primaryimage"},"thumbnailUrl":"https:\/\/algarve7.pt\/wp-content\/uploads\/2022\/10\/309131150_478324734332526_3656662977746373740_n-e1664988369773.jpg","datePublished":"2022-10-06T07:46:00+00:00","description":"Lado B traz o grupo Paus ao audit\u00f3rio Francisco Vargas Mogo Cultura","breadcrumb":{"@id":"https:\/\/algarve7.pt\/index.php\/2022\/10\/lado-b-traz-o-grupo-paus-ao-auditorio-francisco-vargas-mogo\/cultura\/08\/46\/#breadcrumb"},"inLanguage":"pt-PT","potentialAction":[{"@type":"ReadAction","target":["https:\/\/algarve7.pt\/index.php\/2022\/10\/lado-b-traz-o-grupo-paus-ao-auditorio-francisco-vargas-mogo\/cultura\/08\/46\/"]}]},{"@type":"ImageObject","inLanguage":"pt-PT","@id":"https:\/\/algarve7.pt\/index.php\/2022\/10\/lado-b-traz-o-grupo-paus-ao-auditorio-francisco-vargas-mogo\/cultura\/08\/46\/#primaryimage","url":"https:\/\/algarve7.pt\/wp-content\/uploads\/2022\/10\/309131150_478324734332526_3656662977746373740_n-e1664988369773.jpg","contentUrl":"https:\/\/algarve7.pt\/wp-content\/uploads\/2022\/10\/309131150_478324734332526_3656662977746373740_n-e1664988369773.jpg","width":1500,"height":1102},{"@type":"BreadcrumbList","@id":"https:\/\/algarve7.pt\/index.php\/2022\/10\/lado-b-traz-o-grupo-paus-ao-auditorio-francisco-vargas-mogo\/cultura\/08\/46\/#breadcrumb","itemListElement":[{"@type":"ListItem","position":1,"name":"In\u00edcio","item":"https:\/\/algarve7.pt\/"},{"@type":"ListItem","position":2,"name":"Lado B traz o grupo Paus ao audit\u00f3rio Francisco Vargas Mogo"}]},{"@type":"WebSite","@id":"https:\/\/algarve7.pt\/#website","url":"https:\/\/algarve7.pt\/","name":"Algarve 7","description":"Informa\u00e7\u00e3o sobre o Algarve","publisher":{"@id":"https:\/\/algarve7.pt\/#organization"},"potentialAction":[{"@type":"SearchAction","target":{"@type":"EntryPoint","urlTemplate":"https:\/\/algarve7.pt\/?s={search_term_string}"},"query-input":{"@type":"PropertyValueSpecification","valueRequired":true,"valueName":"search_term_string"}}],"inLanguage":"pt-PT"},{"@type":"Organization","@id":"https:\/\/algarve7.pt\/#organization","name":"Algarve 7","url":"https:\/\/algarve7.pt\/","logo":{"@type":"ImageObject","inLanguage":"pt-PT","@id":"https:\/\/algarve7.pt\/#\/schema\/logo\/image\/","url":"https:\/\/algarve7.pt\/wp-content\/uploads\/2020\/10\/Logo-8.jpg","contentUrl":"https:\/\/algarve7.pt\/wp-content\/uploads\/2020\/10\/Logo-8.jpg","width":1680,"height":1186,"caption":"Algarve 7"},"image":{"@id":"https:\/\/algarve7.pt\/#\/schema\/logo\/image\/"},"sameAs":["https:\/\/www.facebook.com\/algarve7","https:\/\/x.com\/Algarvesete","https:\/\/www.instagram.com\/jornalalgarve7\/","https:\/\/www.linkedin.com\/company\/algarve7","https:\/\/www.pinterest.pt\/geral0939\/_created\/"]},{"@type":"Person","@id":"https:\/\/algarve7.pt\/#\/schema\/person\/23fa70681308e7b319a3204bcea45e0c","name":"Algarve 7","sameAs":["https:\/\/algarve7.pt","https:\/\/www.facebook.com\/algarve7"],"url":"https:\/\/algarve7.pt\/index.php\/author\/geralalgarve7-pt\/"}]}},"jetpack_publicize_connections":[],"jetpack_featured_media_url":"https:\/\/algarve7.pt\/wp-content\/uploads\/2022\/10\/309131150_478324734332526_3656662977746373740_n-e1664988369773.jpg","jetpack_shortlink":"https:\/\/wp.me\/pcezmW-5Lh","jetpack_sharing_enabled":true,"_links":{"self":[{"href":"https:\/\/algarve7.pt\/index.php\/wp-json\/wp\/v2\/posts\/22151","targetHints":{"allow":["GET"]}}],"collection":[{"href":"https:\/\/algarve7.pt\/index.php\/wp-json\/wp\/v2\/posts"}],"about":[{"href":"https:\/\/algarve7.pt\/index.php\/wp-json\/wp\/v2\/types\/post"}],"author":[{"embeddable":true,"href":"https:\/\/algarve7.pt\/index.php\/wp-json\/wp\/v2\/users\/1"}],"replies":[{"embeddable":true,"href":"https:\/\/algarve7.pt\/index.php\/wp-json\/wp\/v2\/comments?post=22151"}],"version-history":[{"count":0,"href":"https:\/\/algarve7.pt\/index.php\/wp-json\/wp\/v2\/posts\/22151\/revisions"}],"wp:featuredmedia":[{"embeddable":true,"href":"https:\/\/algarve7.pt\/index.php\/wp-json\/wp\/v2\/media\/22152"}],"wp:attachment":[{"href":"https:\/\/algarve7.pt\/index.php\/wp-json\/wp\/v2\/media?parent=22151"}],"wp:term":[{"taxonomy":"category","embeddable":true,"href":"https:\/\/algarve7.pt\/index.php\/wp-json\/wp\/v2\/categories?post=22151"},{"taxonomy":"post_tag","embeddable":true,"href":"https:\/\/algarve7.pt\/index.php\/wp-json\/wp\/v2\/tags?post=22151"}],"curies":[{"name":"wp","href":"https:\/\/api.w.org\/{rel}","templated":true}]}}