{"id":2212,"date":"2020-10-08T13:30:36","date_gmt":"2020-10-08T12:30:36","guid":{"rendered":"https:\/\/algarve7.pt\/?p=2212"},"modified":"2020-10-08T12:23:03","modified_gmt":"2020-10-08T11:23:03","slug":"municipio-de-monchique-foi-distinguido-com-o-selo-comunidades-pro-envelhecimento","status":"publish","type":"post","link":"https:\/\/algarve7.pt\/index.php\/2020\/10\/municipio-de-monchique-foi-distinguido-com-o-selo-comunidades-pro-envelhecimento\/saude\/13\/30\/","title":{"rendered":"Munic\u00edpio de Monchique foi distinguido com o selo \u201cComunidades Pr\u00f3-Envelhecimento\u201d"},"content":{"rendered":"\n<p>O Munic\u00edpio de Monchique foi distinguido com o selo \u201cComunidades Pr\u00f3-Envelhecimento\u201d pela Ordem dos Psic\u00f3logos Portugueses. Esta distin\u00e7\u00e3o pretende reconhecer as comunidades portuguesas cujas pol\u00edticas, programas, planos estrat\u00e9gicos e pr\u00e1ticas demonstram um compromisso forte e efetivo com a promo\u00e7\u00e3o do envelhecimento saud\u00e1vel e bem-sucedido ao longo de todo o ciclo de vida.<\/p>\n\n\n\n<p>Rui Andr\u00e9, presidente da C\u00e2mara Municipal de Monchique, referiu que \u201ca atribui\u00e7\u00e3o deste selo e deste reconhecimento do trabalho municipal, constitui um orgulho para toda a Comunidade de Monchique, sobretudo porque evidencia um \u00e1rduo trabalho em rede e com a colabora\u00e7\u00e3o de v\u00e1rios Parceiros locais. Trata-se de um investimento material e humano ao n\u00edvel do envelhecimento saud\u00e1vel e uma constante preocupa\u00e7\u00e3o na procura de novos projetos, novas ideias e solu\u00e7\u00f5es para uma franja muito vulner\u00e1vel da nossa Sociedade. Uma op\u00e7\u00e3o estrat\u00e9gica cujas prioridades s\u00e3o h\u00e1 muito acolhidas com entusiasmo pela popula\u00e7\u00e3o e s\u00e3o agora reconhecidas como boas pr\u00e1ticas. Acresce por isso a enorme responsabilidade desta distin\u00e7\u00e3o, que aceitamos com todo o empenho, por ser atribu\u00edda por uma respeitada ordem profissional, como \u00e9 o caso da Ordem dos Psic\u00f3logos Portugueses\u201d.<\/p>\n\n\n\n<p>Recorde-se que o Munic\u00edpio de Monchique foi dos primeiros do Pa\u00eds, a criar um Plano Estrat\u00e9gico para o Envelhecimento Ativo, tendo a execu\u00e7\u00e3o do seu \u201cPlano Gerontol\u00f3gico\u201d criado, desde o ano 2012, um conjunto de pol\u00edticas sociais que t\u00eam promovido um envelhecimento ativo e de qualidade no concelho. Esta estrat\u00e9gia constituiu-se mesmo como um marco identit\u00e1rio do concelho de Monchique, onde o inevit\u00e1vel cen\u00e1rio de envelhecimento populacional ganhou relevo nas pol\u00edticas p\u00fablicas, resultando da\u00ed um vasto conjunto de iniciativas e programas direcionados para esta popula\u00e7\u00e3o, assentes em quatro grandes eixos: 1. Promo\u00e7\u00e3o do envelhecimento bem-sucedido\/promo\u00e7\u00e3o da sa\u00fade; 2. Valoriza\u00e7\u00e3o da imagem e participa\u00e7\u00e3o social da pessoa idosa; 3. Vulnerabilidade funcional e social; 4. Turismo s\u00e9nior.<\/p>\n\n\n\n<p>Todos os programas, iniciativas e val\u00eancias sociais criadas com base nestas premissas, refor\u00e7am todas as estrat\u00e9gias direcionadas e criadas para esta franja da sociedade, motivando tamb\u00e9m outras din\u00e2micas com destaque para a cria\u00e7\u00e3o de postos de trabalho nesta \u00e1rea, como s\u00e3o exemplos as respostas sociais de Lar, Centro de Dia, Apoio domicili\u00e1rio, cujas parcerias com o Munic\u00edpio t\u00eam assegurado mais qualidade de vida e respostas para os idosos institucionalizados, para al\u00e9m dos in\u00fameros programas destinados \u00e0 popula\u00e7\u00e3o S\u00e9nior em geral, com destaque para as atividades culturais, desportivas, assim como toda a din\u00e2mica ao n\u00edvel da Academia S\u00e9nior de Monchique. Os cuidados e a literacia de sa\u00fade junto desta popula\u00e7\u00e3o tamb\u00e9m tem merecido especial destaque e resulta da parceria do Munic\u00edpio com as Unidades de Sa\u00fade no concelho (UCC e UCSP).&nbsp;&nbsp;<\/p>\n\n\n\n<p>A Ordem dos Psic\u00f3logos refere em nota enviada \u00e0s comunidades distinguidas que ficou evidenciado, at\u00e9 pela situa\u00e7\u00e3o pand\u00e9mica que o pais tem vivido, que apesar das dificuldades e dos problemas, estas entidades \u201ctrabalham de forma sist\u00e9mica de modo a que o envelhecimento dos cidad\u00e3os seja feito com mais bem-estar e sa\u00fade\u201d. Refor\u00e7a ainda que esta iniciativa e este reconhecimento \u201c\u00e9 ainda mais premente nesta altura, uma vez que refor\u00e7a a necessidade de se perspetivar as Comunidades como contextos de vida de excel\u00eancia para a promo\u00e7\u00e3o do envelhecimento saud\u00e1vel e bem-sucedido, com o objetivo de construir uma sociedade coesa, equitativa, inclusiva, saud\u00e1vel e segura, que promova o bem-estar e a contribui\u00e7\u00e3o c\u00edvica de todos os cidad\u00e3os\u201d.<\/p>\n","protected":false},"excerpt":{"rendered":"<p>O Munic\u00edpio de Monchique foi distinguido com o selo \u201cComunidades Pr\u00f3-Envelhecimento\u201d pela Ordem dos Psic\u00f3logos Portugueses. Esta distin\u00e7\u00e3o pretende reconhecer<\/p>\n","protected":false},"author":1,"featured_media":2213,"comment_status":"open","ping_status":"open","sticky":false,"template":"","format":"standard","meta":{"colormag_page_container_layout":"default_layout","colormag_page_sidebar_layout":"default_layout","_monsterinsights_skip_tracking":false,"_monsterinsights_sitenote_active":false,"_monsterinsights_sitenote_note":"","_monsterinsights_sitenote_category":0,"jetpack_post_was_ever_published":false,"_jetpack_newsletter_access":"","_jetpack_dont_email_post_to_subs":false,"_jetpack_newsletter_tier_id":0,"_jetpack_memberships_contains_paywalled_content":false,"_jetpack_memberships_contains_paid_content":false,"footnotes":"","jetpack_publicize_message":"","jetpack_publicize_feature_enabled":true,"jetpack_social_post_already_shared":true,"jetpack_social_options":{"image_generator_settings":{"template":"highway","default_image_id":0,"font":"","enabled":false},"version":2}},"categories":[59],"tags":[36,171,58],"class_list":["post-2212","post","type-post","status-publish","format-standard","has-post-thumbnail","hentry","category-saude","tag-algarve","tag-monchique","tag-saude"],"yoast_head":"<!-- This site is optimized with the Yoast SEO plugin v27.5 - https:\/\/yoast.com\/product\/yoast-seo-wordpress\/ -->\n<title>Munic\u00edpio de Monchique foi distinguido com o selo \u201cComunidades Pr\u00f3-Envelhecimento\u201d - Algarve 7<\/title>\n<meta name=\"description\" content=\"Munic\u00edpio de Monchique foi distinguido com o selo \u201cComunidades Pr\u00f3-Envelhecimento\u201d\" \/>\n<meta name=\"robots\" content=\"index, follow, max-snippet:-1, max-image-preview:large, max-video-preview:-1\" \/>\n<link rel=\"canonical\" href=\"https:\/\/algarve7.pt\/index.php\/2020\/10\/municipio-de-monchique-foi-distinguido-com-o-selo-comunidades-pro-envelhecimento\/saude\/13\/30\/\" \/>\n<meta property=\"og:locale\" content=\"pt_PT\" \/>\n<meta property=\"og:type\" content=\"article\" \/>\n<meta property=\"og:title\" content=\"Munic\u00edpio de Monchique foi distinguido com o selo \u201cComunidades Pr\u00f3-Envelhecimento\u201d - Algarve 7\" \/>\n<meta property=\"og:description\" content=\"Munic\u00edpio de Monchique foi distinguido com o selo \u201cComunidades Pr\u00f3-Envelhecimento\u201d\" \/>\n<meta property=\"og:url\" content=\"https:\/\/algarve7.pt\/index.php\/2020\/10\/municipio-de-monchique-foi-distinguido-com-o-selo-comunidades-pro-envelhecimento\/saude\/13\/30\/\" \/>\n<meta property=\"og:site_name\" content=\"Algarve 7\" \/>\n<meta property=\"article:publisher\" content=\"https:\/\/www.facebook.com\/algarve7\" \/>\n<meta property=\"article:author\" content=\"https:\/\/www.facebook.com\/algarve7\" \/>\n<meta property=\"article:published_time\" content=\"2020-10-08T12:30:36+00:00\" \/>\n<meta property=\"og:image\" content=\"https:\/\/algarve7.pt\/wp-content\/uploads\/2020\/10\/Foto.2Mcq.jpg\" \/>\n\t<meta property=\"og:image:width\" content=\"1920\" \/>\n\t<meta property=\"og:image:height\" content=\"1245\" \/>\n\t<meta property=\"og:image:type\" content=\"image\/jpeg\" \/>\n<meta name=\"author\" content=\"Algarve 7\" \/>\n<meta name=\"twitter:card\" content=\"summary_large_image\" \/>\n<meta name=\"twitter:creator\" content=\"@Algarvesete\" \/>\n<meta name=\"twitter:site\" content=\"@Algarvesete\" \/>\n<meta name=\"twitter:label1\" content=\"Escrito por\" \/>\n\t<meta name=\"twitter:data1\" content=\"Algarve 7\" \/>\n\t<meta name=\"twitter:label2\" content=\"Tempo estimado de leitura\" \/>\n\t<meta name=\"twitter:data2\" content=\"3 minutos\" \/>\n<script type=\"application\/ld+json\" class=\"yoast-schema-graph\">{\"@context\":\"https:\\\/\\\/schema.org\",\"@graph\":[{\"@type\":\"Article\",\"@id\":\"https:\\\/\\\/algarve7.pt\\\/index.php\\\/2020\\\/10\\\/municipio-de-monchique-foi-distinguido-com-o-selo-comunidades-pro-envelhecimento\\\/saude\\\/13\\\/30\\\/#article\",\"isPartOf\":{\"@id\":\"https:\\\/\\\/algarve7.pt\\\/index.php\\\/2020\\\/10\\\/municipio-de-monchique-foi-distinguido-com-o-selo-comunidades-pro-envelhecimento\\\/saude\\\/13\\\/30\\\/\"},\"author\":{\"name\":\"Algarve 7\",\"@id\":\"https:\\\/\\\/algarve7.pt\\\/#\\\/schema\\\/person\\\/23fa70681308e7b319a3204bcea45e0c\"},\"headline\":\"Munic\u00edpio de Monchique foi distinguido com o selo \u201cComunidades Pr\u00f3-Envelhecimento\u201d\",\"datePublished\":\"2020-10-08T12:30:36+00:00\",\"mainEntityOfPage\":{\"@id\":\"https:\\\/\\\/algarve7.pt\\\/index.php\\\/2020\\\/10\\\/municipio-de-monchique-foi-distinguido-com-o-selo-comunidades-pro-envelhecimento\\\/saude\\\/13\\\/30\\\/\"},\"wordCount\":632,\"commentCount\":0,\"publisher\":{\"@id\":\"https:\\\/\\\/algarve7.pt\\\/#organization\"},\"image\":{\"@id\":\"https:\\\/\\\/algarve7.pt\\\/index.php\\\/2020\\\/10\\\/municipio-de-monchique-foi-distinguido-com-o-selo-comunidades-pro-envelhecimento\\\/saude\\\/13\\\/30\\\/#primaryimage\"},\"thumbnailUrl\":\"https:\\\/\\\/algarve7.pt\\\/wp-content\\\/uploads\\\/2020\\\/10\\\/Foto.2Mcq.jpg\",\"keywords\":[\"Algarve\",\"Monchique\",\"Sa\u00fade\"],\"articleSection\":[\"Sa\u00fade\"],\"inLanguage\":\"pt-PT\",\"potentialAction\":[{\"@type\":\"CommentAction\",\"name\":\"Comment\",\"target\":[\"https:\\\/\\\/algarve7.pt\\\/index.php\\\/2020\\\/10\\\/municipio-de-monchique-foi-distinguido-com-o-selo-comunidades-pro-envelhecimento\\\/saude\\\/13\\\/30\\\/#respond\"]}]},{\"@type\":\"WebPage\",\"@id\":\"https:\\\/\\\/algarve7.pt\\\/index.php\\\/2020\\\/10\\\/municipio-de-monchique-foi-distinguido-com-o-selo-comunidades-pro-envelhecimento\\\/saude\\\/13\\\/30\\\/\",\"url\":\"https:\\\/\\\/algarve7.pt\\\/index.php\\\/2020\\\/10\\\/municipio-de-monchique-foi-distinguido-com-o-selo-comunidades-pro-envelhecimento\\\/saude\\\/13\\\/30\\\/\",\"name\":\"Munic\u00edpio de Monchique foi distinguido com o selo \u201cComunidades Pr\u00f3-Envelhecimento\u201d - Algarve 7\",\"isPartOf\":{\"@id\":\"https:\\\/\\\/algarve7.pt\\\/#website\"},\"primaryImageOfPage\":{\"@id\":\"https:\\\/\\\/algarve7.pt\\\/index.php\\\/2020\\\/10\\\/municipio-de-monchique-foi-distinguido-com-o-selo-comunidades-pro-envelhecimento\\\/saude\\\/13\\\/30\\\/#primaryimage\"},\"image\":{\"@id\":\"https:\\\/\\\/algarve7.pt\\\/index.php\\\/2020\\\/10\\\/municipio-de-monchique-foi-distinguido-com-o-selo-comunidades-pro-envelhecimento\\\/saude\\\/13\\\/30\\\/#primaryimage\"},\"thumbnailUrl\":\"https:\\\/\\\/algarve7.pt\\\/wp-content\\\/uploads\\\/2020\\\/10\\\/Foto.2Mcq.jpg\",\"datePublished\":\"2020-10-08T12:30:36+00:00\",\"description\":\"Munic\u00edpio de Monchique foi distinguido com o selo \u201cComunidades Pr\u00f3-Envelhecimento\u201d\",\"breadcrumb\":{\"@id\":\"https:\\\/\\\/algarve7.pt\\\/index.php\\\/2020\\\/10\\\/municipio-de-monchique-foi-distinguido-com-o-selo-comunidades-pro-envelhecimento\\\/saude\\\/13\\\/30\\\/#breadcrumb\"},\"inLanguage\":\"pt-PT\",\"potentialAction\":[{\"@type\":\"ReadAction\",\"target\":[\"https:\\\/\\\/algarve7.pt\\\/index.php\\\/2020\\\/10\\\/municipio-de-monchique-foi-distinguido-com-o-selo-comunidades-pro-envelhecimento\\\/saude\\\/13\\\/30\\\/\"]}]},{\"@type\":\"ImageObject\",\"inLanguage\":\"pt-PT\",\"@id\":\"https:\\\/\\\/algarve7.pt\\\/index.php\\\/2020\\\/10\\\/municipio-de-monchique-foi-distinguido-com-o-selo-comunidades-pro-envelhecimento\\\/saude\\\/13\\\/30\\\/#primaryimage\",\"url\":\"https:\\\/\\\/algarve7.pt\\\/wp-content\\\/uploads\\\/2020\\\/10\\\/Foto.2Mcq.jpg\",\"contentUrl\":\"https:\\\/\\\/algarve7.pt\\\/wp-content\\\/uploads\\\/2020\\\/10\\\/Foto.2Mcq.jpg\",\"width\":1920,\"height\":1245},{\"@type\":\"BreadcrumbList\",\"@id\":\"https:\\\/\\\/algarve7.pt\\\/index.php\\\/2020\\\/10\\\/municipio-de-monchique-foi-distinguido-com-o-selo-comunidades-pro-envelhecimento\\\/saude\\\/13\\\/30\\\/#breadcrumb\",\"itemListElement\":[{\"@type\":\"ListItem\",\"position\":1,\"name\":\"In\u00edcio\",\"item\":\"https:\\\/\\\/algarve7.pt\\\/\"},{\"@type\":\"ListItem\",\"position\":2,\"name\":\"Munic\u00edpio de Monchique foi distinguido com o selo \u201cComunidades Pr\u00f3-Envelhecimento\u201d\"}]},{\"@type\":\"WebSite\",\"@id\":\"https:\\\/\\\/algarve7.pt\\\/#website\",\"url\":\"https:\\\/\\\/algarve7.pt\\\/\",\"name\":\"Algarve 7\",\"description\":\"Informa\u00e7\u00e3o sobre o Algarve\",\"publisher\":{\"@id\":\"https:\\\/\\\/algarve7.pt\\\/#organization\"},\"potentialAction\":[{\"@type\":\"SearchAction\",\"target\":{\"@type\":\"EntryPoint\",\"urlTemplate\":\"https:\\\/\\\/algarve7.pt\\\/?s={search_term_string}\"},\"query-input\":{\"@type\":\"PropertyValueSpecification\",\"valueRequired\":true,\"valueName\":\"search_term_string\"}}],\"inLanguage\":\"pt-PT\"},{\"@type\":\"Organization\",\"@id\":\"https:\\\/\\\/algarve7.pt\\\/#organization\",\"name\":\"Algarve 7\",\"url\":\"https:\\\/\\\/algarve7.pt\\\/\",\"logo\":{\"@type\":\"ImageObject\",\"inLanguage\":\"pt-PT\",\"@id\":\"https:\\\/\\\/algarve7.pt\\\/#\\\/schema\\\/logo\\\/image\\\/\",\"url\":\"https:\\\/\\\/algarve7.pt\\\/wp-content\\\/uploads\\\/2020\\\/10\\\/Logo-8.jpg\",\"contentUrl\":\"https:\\\/\\\/algarve7.pt\\\/wp-content\\\/uploads\\\/2020\\\/10\\\/Logo-8.jpg\",\"width\":1680,\"height\":1186,\"caption\":\"Algarve 7\"},\"image\":{\"@id\":\"https:\\\/\\\/algarve7.pt\\\/#\\\/schema\\\/logo\\\/image\\\/\"},\"sameAs\":[\"https:\\\/\\\/www.facebook.com\\\/algarve7\",\"https:\\\/\\\/x.com\\\/Algarvesete\",\"https:\\\/\\\/www.instagram.com\\\/jornalalgarve7\\\/\",\"https:\\\/\\\/www.linkedin.com\\\/company\\\/algarve7\",\"https:\\\/\\\/www.pinterest.pt\\\/geral0939\\\/_created\\\/\"]},{\"@type\":\"Person\",\"@id\":\"https:\\\/\\\/algarve7.pt\\\/#\\\/schema\\\/person\\\/23fa70681308e7b319a3204bcea45e0c\",\"name\":\"Algarve 7\",\"sameAs\":[\"https:\\\/\\\/algarve7.pt\",\"https:\\\/\\\/www.facebook.com\\\/algarve7\"],\"url\":\"https:\\\/\\\/algarve7.pt\\\/index.php\\\/author\\\/geralalgarve7-pt\\\/\"}]}<\/script>\n<!-- \/ Yoast SEO plugin. -->","yoast_head_json":{"title":"Munic\u00edpio de Monchique foi distinguido com o selo \u201cComunidades Pr\u00f3-Envelhecimento\u201d - Algarve 7","description":"Munic\u00edpio de Monchique foi distinguido com o selo \u201cComunidades Pr\u00f3-Envelhecimento\u201d","robots":{"index":"index","follow":"follow","max-snippet":"max-snippet:-1","max-image-preview":"max-image-preview:large","max-video-preview":"max-video-preview:-1"},"canonical":"https:\/\/algarve7.pt\/index.php\/2020\/10\/municipio-de-monchique-foi-distinguido-com-o-selo-comunidades-pro-envelhecimento\/saude\/13\/30\/","og_locale":"pt_PT","og_type":"article","og_title":"Munic\u00edpio de Monchique foi distinguido com o selo \u201cComunidades Pr\u00f3-Envelhecimento\u201d - Algarve 7","og_description":"Munic\u00edpio de Monchique foi distinguido com o selo \u201cComunidades Pr\u00f3-Envelhecimento\u201d","og_url":"https:\/\/algarve7.pt\/index.php\/2020\/10\/municipio-de-monchique-foi-distinguido-com-o-selo-comunidades-pro-envelhecimento\/saude\/13\/30\/","og_site_name":"Algarve 7","article_publisher":"https:\/\/www.facebook.com\/algarve7","article_author":"https:\/\/www.facebook.com\/algarve7","article_published_time":"2020-10-08T12:30:36+00:00","og_image":[{"width":1920,"height":1245,"url":"https:\/\/algarve7.pt\/wp-content\/uploads\/2020\/10\/Foto.2Mcq.jpg","type":"image\/jpeg"}],"author":"Algarve 7","twitter_card":"summary_large_image","twitter_creator":"@Algarvesete","twitter_site":"@Algarvesete","twitter_misc":{"Escrito por":"Algarve 7","Tempo estimado de leitura":"3 minutos"},"schema":{"@context":"https:\/\/schema.org","@graph":[{"@type":"Article","@id":"https:\/\/algarve7.pt\/index.php\/2020\/10\/municipio-de-monchique-foi-distinguido-com-o-selo-comunidades-pro-envelhecimento\/saude\/13\/30\/#article","isPartOf":{"@id":"https:\/\/algarve7.pt\/index.php\/2020\/10\/municipio-de-monchique-foi-distinguido-com-o-selo-comunidades-pro-envelhecimento\/saude\/13\/30\/"},"author":{"name":"Algarve 7","@id":"https:\/\/algarve7.pt\/#\/schema\/person\/23fa70681308e7b319a3204bcea45e0c"},"headline":"Munic\u00edpio de Monchique foi distinguido com o selo \u201cComunidades Pr\u00f3-Envelhecimento\u201d","datePublished":"2020-10-08T12:30:36+00:00","mainEntityOfPage":{"@id":"https:\/\/algarve7.pt\/index.php\/2020\/10\/municipio-de-monchique-foi-distinguido-com-o-selo-comunidades-pro-envelhecimento\/saude\/13\/30\/"},"wordCount":632,"commentCount":0,"publisher":{"@id":"https:\/\/algarve7.pt\/#organization"},"image":{"@id":"https:\/\/algarve7.pt\/index.php\/2020\/10\/municipio-de-monchique-foi-distinguido-com-o-selo-comunidades-pro-envelhecimento\/saude\/13\/30\/#primaryimage"},"thumbnailUrl":"https:\/\/algarve7.pt\/wp-content\/uploads\/2020\/10\/Foto.2Mcq.jpg","keywords":["Algarve","Monchique","Sa\u00fade"],"articleSection":["Sa\u00fade"],"inLanguage":"pt-PT","potentialAction":[{"@type":"CommentAction","name":"Comment","target":["https:\/\/algarve7.pt\/index.php\/2020\/10\/municipio-de-monchique-foi-distinguido-com-o-selo-comunidades-pro-envelhecimento\/saude\/13\/30\/#respond"]}]},{"@type":"WebPage","@id":"https:\/\/algarve7.pt\/index.php\/2020\/10\/municipio-de-monchique-foi-distinguido-com-o-selo-comunidades-pro-envelhecimento\/saude\/13\/30\/","url":"https:\/\/algarve7.pt\/index.php\/2020\/10\/municipio-de-monchique-foi-distinguido-com-o-selo-comunidades-pro-envelhecimento\/saude\/13\/30\/","name":"Munic\u00edpio de Monchique foi distinguido com o selo \u201cComunidades Pr\u00f3-Envelhecimento\u201d - Algarve 7","isPartOf":{"@id":"https:\/\/algarve7.pt\/#website"},"primaryImageOfPage":{"@id":"https:\/\/algarve7.pt\/index.php\/2020\/10\/municipio-de-monchique-foi-distinguido-com-o-selo-comunidades-pro-envelhecimento\/saude\/13\/30\/#primaryimage"},"image":{"@id":"https:\/\/algarve7.pt\/index.php\/2020\/10\/municipio-de-monchique-foi-distinguido-com-o-selo-comunidades-pro-envelhecimento\/saude\/13\/30\/#primaryimage"},"thumbnailUrl":"https:\/\/algarve7.pt\/wp-content\/uploads\/2020\/10\/Foto.2Mcq.jpg","datePublished":"2020-10-08T12:30:36+00:00","description":"Munic\u00edpio de Monchique foi distinguido com o selo \u201cComunidades Pr\u00f3-Envelhecimento\u201d","breadcrumb":{"@id":"https:\/\/algarve7.pt\/index.php\/2020\/10\/municipio-de-monchique-foi-distinguido-com-o-selo-comunidades-pro-envelhecimento\/saude\/13\/30\/#breadcrumb"},"inLanguage":"pt-PT","potentialAction":[{"@type":"ReadAction","target":["https:\/\/algarve7.pt\/index.php\/2020\/10\/municipio-de-monchique-foi-distinguido-com-o-selo-comunidades-pro-envelhecimento\/saude\/13\/30\/"]}]},{"@type":"ImageObject","inLanguage":"pt-PT","@id":"https:\/\/algarve7.pt\/index.php\/2020\/10\/municipio-de-monchique-foi-distinguido-com-o-selo-comunidades-pro-envelhecimento\/saude\/13\/30\/#primaryimage","url":"https:\/\/algarve7.pt\/wp-content\/uploads\/2020\/10\/Foto.2Mcq.jpg","contentUrl":"https:\/\/algarve7.pt\/wp-content\/uploads\/2020\/10\/Foto.2Mcq.jpg","width":1920,"height":1245},{"@type":"BreadcrumbList","@id":"https:\/\/algarve7.pt\/index.php\/2020\/10\/municipio-de-monchique-foi-distinguido-com-o-selo-comunidades-pro-envelhecimento\/saude\/13\/30\/#breadcrumb","itemListElement":[{"@type":"ListItem","position":1,"name":"In\u00edcio","item":"https:\/\/algarve7.pt\/"},{"@type":"ListItem","position":2,"name":"Munic\u00edpio de Monchique foi distinguido com o selo \u201cComunidades Pr\u00f3-Envelhecimento\u201d"}]},{"@type":"WebSite","@id":"https:\/\/algarve7.pt\/#website","url":"https:\/\/algarve7.pt\/","name":"Algarve 7","description":"Informa\u00e7\u00e3o sobre o Algarve","publisher":{"@id":"https:\/\/algarve7.pt\/#organization"},"potentialAction":[{"@type":"SearchAction","target":{"@type":"EntryPoint","urlTemplate":"https:\/\/algarve7.pt\/?s={search_term_string}"},"query-input":{"@type":"PropertyValueSpecification","valueRequired":true,"valueName":"search_term_string"}}],"inLanguage":"pt-PT"},{"@type":"Organization","@id":"https:\/\/algarve7.pt\/#organization","name":"Algarve 7","url":"https:\/\/algarve7.pt\/","logo":{"@type":"ImageObject","inLanguage":"pt-PT","@id":"https:\/\/algarve7.pt\/#\/schema\/logo\/image\/","url":"https:\/\/algarve7.pt\/wp-content\/uploads\/2020\/10\/Logo-8.jpg","contentUrl":"https:\/\/algarve7.pt\/wp-content\/uploads\/2020\/10\/Logo-8.jpg","width":1680,"height":1186,"caption":"Algarve 7"},"image":{"@id":"https:\/\/algarve7.pt\/#\/schema\/logo\/image\/"},"sameAs":["https:\/\/www.facebook.com\/algarve7","https:\/\/x.com\/Algarvesete","https:\/\/www.instagram.com\/jornalalgarve7\/","https:\/\/www.linkedin.com\/company\/algarve7","https:\/\/www.pinterest.pt\/geral0939\/_created\/"]},{"@type":"Person","@id":"https:\/\/algarve7.pt\/#\/schema\/person\/23fa70681308e7b319a3204bcea45e0c","name":"Algarve 7","sameAs":["https:\/\/algarve7.pt","https:\/\/www.facebook.com\/algarve7"],"url":"https:\/\/algarve7.pt\/index.php\/author\/geralalgarve7-pt\/"}]}},"jetpack_publicize_connections":[],"jetpack_featured_media_url":"https:\/\/algarve7.pt\/wp-content\/uploads\/2020\/10\/Foto.2Mcq.jpg","jetpack_shortlink":"https:\/\/wp.me\/pcezmW-zG","jetpack_sharing_enabled":true,"_links":{"self":[{"href":"https:\/\/algarve7.pt\/index.php\/wp-json\/wp\/v2\/posts\/2212","targetHints":{"allow":["GET"]}}],"collection":[{"href":"https:\/\/algarve7.pt\/index.php\/wp-json\/wp\/v2\/posts"}],"about":[{"href":"https:\/\/algarve7.pt\/index.php\/wp-json\/wp\/v2\/types\/post"}],"author":[{"embeddable":true,"href":"https:\/\/algarve7.pt\/index.php\/wp-json\/wp\/v2\/users\/1"}],"replies":[{"embeddable":true,"href":"https:\/\/algarve7.pt\/index.php\/wp-json\/wp\/v2\/comments?post=2212"}],"version-history":[{"count":0,"href":"https:\/\/algarve7.pt\/index.php\/wp-json\/wp\/v2\/posts\/2212\/revisions"}],"wp:featuredmedia":[{"embeddable":true,"href":"https:\/\/algarve7.pt\/index.php\/wp-json\/wp\/v2\/media\/2213"}],"wp:attachment":[{"href":"https:\/\/algarve7.pt\/index.php\/wp-json\/wp\/v2\/media?parent=2212"}],"wp:term":[{"taxonomy":"category","embeddable":true,"href":"https:\/\/algarve7.pt\/index.php\/wp-json\/wp\/v2\/categories?post=2212"},{"taxonomy":"post_tag","embeddable":true,"href":"https:\/\/algarve7.pt\/index.php\/wp-json\/wp\/v2\/tags?post=2212"}],"curies":[{"name":"wp","href":"https:\/\/api.w.org\/{rel}","templated":true}]}}