{"id":22119,"date":"2022-10-04T16:42:07","date_gmt":"2022-10-04T15:42:07","guid":{"rendered":"https:\/\/algarve7.pt\/?p=22119"},"modified":"2022-10-04T16:42:08","modified_gmt":"2022-10-04T15:42:08","slug":"jose-carlos-rolo-quer-hospital-central-do-algarve-em-albufeira","status":"publish","type":"post","link":"https:\/\/algarve7.pt\/index.php\/2022\/10\/jose-carlos-rolo-quer-hospital-central-do-algarve-em-albufeira\/saude\/16\/42\/","title":{"rendered":"Jos\u00e9 Carlos Rolo quer hospital central do algarve em Albufeira"},"content":{"rendered":"\n<p>Entre os v\u00e1rios motivos para esta tomada de posi\u00e7\u00e3o, est\u00e3o fatores como a localiza\u00e7\u00e3o, a grande aflu\u00eancia tur\u00edstica e o constante trabalho de proporcionar as melhores condi\u00e7\u00f5es educativas, bem como para a pr\u00e1tica desportiva.<\/p>\n\n\n\n<p>O autarca salienta a import\u00e2ncia da localiza\u00e7\u00e3o, referindo-se ao Munic\u00edpio de Albufeira como o centro do Algarve, com \u00f3timos acessos ao n\u00edvel da mobilidade quer para a EN 125, quer para a A22, bem como um bom acesso ferrovi\u00e1rio. \u201cEste ponto \u00e9 de extrema import\u00e2ncia, porque proporciona uma igualdade de circunst\u00e2ncias no acesso \u00e0 sa\u00fade, inclusivamente para quem reside nos Munic\u00edpios localizados nas extremidades da regi\u00e3o\u201d, salienta.<\/p>\n\n\n\n<p>A aflu\u00eancia tur\u00edstica \u00e9 outro dos fatores estrat\u00e9gicos, pois Albufeira \u201cano ap\u00f3s ano, retirando como \u00e9 \u00f3bvio o per\u00edodo no qual imperaram as medidas de combate \u00e0 pandemia, foi sempre o Munic\u00edpio de refer\u00eancia a n\u00edvel nacional, com um incremento populacional exponencial em \u00e9poca alta, pelo que a constru\u00e7\u00e3o do novo Hospital Central do Algarve, at\u00e9 pela sua centraliza\u00e7\u00e3o, poderia tamb\u00e9m neste \u00e2mbito, ser um bal\u00e3o de oxig\u00e9nio para os servi\u00e7os de sa\u00fade locais, bem como para os servi\u00e7os de sa\u00fade dos concelhos vizinhos\u201d, refere o edil.<\/p>\n\n\n\n<p>O autarca aborda tamb\u00e9m, atrav\u00e9s de uma vis\u00e3o transversal, outras vertentes que sustentam a instala\u00e7\u00e3o do novo Hospital Central do Algarve em Albufeira, nomeadamente, um aumento da qualidade de vida no concelho, atrav\u00e9s de uma estrat\u00e9gia global a m\u00e9dio-longo prazo, com um investimento sustent\u00e1vel em \u00e1reas consideradas fulcrais para a reten\u00e7\u00e3o de meios humanos. \u00c9 o caso da habita\u00e7\u00e3o, \u00e1rea na qual \u201cest\u00e3o a ser desenvolvidos projetos para a constru\u00e7\u00e3o de novos fogos que ir\u00e3o estar dispon\u00edveis a custos controlados e considerados numa pol\u00edtica de habita\u00e7\u00e3o sustent\u00e1vel e social\u201d. Na \u00e1rea da educa\u00e7\u00e3o, Albufeira \u00e9 uma refer\u00eancia, estando enquadrada do projeto das Cidades Educadoras, \u201ccom o processo de transfer\u00eancia de compet\u00eancias j\u00e1 finalizado e com um investimento muito grande no que toca \u00e0 constru\u00e7\u00e3o, manuten\u00e7\u00e3o e reabilita\u00e7\u00e3o de infraestruturas, de modo a que estas se adaptem \u00e0s crescentes necessidades da nossa popula\u00e7\u00e3o mais jovem, proporcionando os melhores meios para uma melhor educa\u00e7\u00e3o para todos\u201d. Por fim no \u00e2mbito desportivo, Jos\u00e9 Carlos Rolo avan\u00e7a que \u201csempre fomos um concelho muito din\u00e2mico, quer na oferta de atividades que os clubes e associa\u00e7\u00f5es desportivas proporcionam a todas as faixas et\u00e1rias, quer nos eventos que acolhemos e organizamos, sejam eles de menor ou maior dimens\u00e3o, quer tamb\u00e9m na oferta que o Munic\u00edpio tem dispon\u00edvel para a pr\u00e1tica desportiva ao ar livre, nas Piscinas Municipais e nas Pistas de Atletismo do Est\u00e1dio Municipal e das A\u00e7oteias. Tudo isto s\u00e3o pontos de abordagem importantes e que consideramos que facilitam sobremaneira a reten\u00e7\u00e3o de recursos humanos na regi\u00e3o\u201d.<\/p>\n\n\n\n<p>Assim, o autarca defende que pelos motivos evocados, a localiza\u00e7\u00e3o do novo Hospital Central do Algarve, dever\u00e1 ser no concelho de Albufeira, contrariando aa localiza\u00e7\u00e3o inicialmente definida, isto \u00e9, no Parque das Cidades, entre os concelhos de Faro e Loul\u00e9.<\/p>\n","protected":false},"excerpt":{"rendered":"<p>Entre os v\u00e1rios motivos para esta tomada de posi\u00e7\u00e3o, est\u00e3o fatores como a localiza\u00e7\u00e3o, a grande aflu\u00eancia tur\u00edstica e o<\/p>\n","protected":false},"author":1,"featured_media":22120,"comment_status":"closed","ping_status":"open","sticky":false,"template":"","format":"standard","meta":{"colormag_page_container_layout":"default_layout","colormag_page_sidebar_layout":"default_layout","_monsterinsights_skip_tracking":false,"_monsterinsights_sitenote_active":false,"_monsterinsights_sitenote_note":"","_monsterinsights_sitenote_category":0,"jetpack_post_was_ever_published":false,"_jetpack_newsletter_access":"","_jetpack_dont_email_post_to_subs":false,"_jetpack_newsletter_tier_id":0,"_jetpack_memberships_contains_paywalled_content":false,"_jetpack_memberships_contains_paid_content":false,"footnotes":"","jetpack_publicize_message":"","jetpack_publicize_feature_enabled":true,"jetpack_social_post_already_shared":true,"jetpack_social_options":{"image_generator_settings":{"template":"highway","default_image_id":0,"font":"","enabled":false},"version":2}},"categories":[59],"tags":[155,36,200,58],"class_list":["post-22119","post","type-post","status-publish","format-standard","has-post-thumbnail","hentry","category-saude","tag-albufeira","tag-algarve","tag-hospital","tag-saude"],"yoast_head":"<!-- This site is optimized with the Yoast SEO plugin v27.5 - https:\/\/yoast.com\/product\/yoast-seo-wordpress\/ -->\n<title>Jos\u00e9 Carlos Rolo quer hospital central do algarve em Albufeira - Algarve 7<\/title>\n<meta name=\"description\" content=\"Jos\u00e9 Carlos Rolo quer hospital central do algarve em Albufeira Sa\u00fade\" \/>\n<meta name=\"robots\" content=\"index, follow, max-snippet:-1, max-image-preview:large, max-video-preview:-1\" \/>\n<link rel=\"canonical\" href=\"https:\/\/algarve7.pt\/index.php\/2022\/10\/jose-carlos-rolo-quer-hospital-central-do-algarve-em-albufeira\/saude\/16\/42\/\" \/>\n<meta property=\"og:locale\" content=\"pt_PT\" \/>\n<meta property=\"og:type\" content=\"article\" \/>\n<meta property=\"og:title\" content=\"Jos\u00e9 Carlos Rolo quer hospital central do algarve em Albufeira - Algarve 7\" \/>\n<meta property=\"og:description\" content=\"Jos\u00e9 Carlos Rolo quer hospital central do algarve em Albufeira Sa\u00fade\" \/>\n<meta property=\"og:url\" content=\"https:\/\/algarve7.pt\/index.php\/2022\/10\/jose-carlos-rolo-quer-hospital-central-do-algarve-em-albufeira\/saude\/16\/42\/\" \/>\n<meta property=\"og:site_name\" content=\"Algarve 7\" \/>\n<meta property=\"article:publisher\" content=\"https:\/\/www.facebook.com\/algarve7\" \/>\n<meta property=\"article:author\" content=\"https:\/\/www.facebook.com\/algarve7\" \/>\n<meta property=\"article:published_time\" content=\"2022-10-04T15:42:07+00:00\" \/>\n<meta property=\"article:modified_time\" content=\"2022-10-04T15:42:08+00:00\" \/>\n<meta property=\"og:image\" content=\"https:\/\/algarve7.pt\/wp-content\/uploads\/2022\/10\/Presidente-Jose\u0301-Carlos-Rolo-scaled.jpg\" \/>\n\t<meta property=\"og:image:width\" content=\"1811\" \/>\n\t<meta property=\"og:image:height\" content=\"2560\" \/>\n\t<meta property=\"og:image:type\" content=\"image\/jpeg\" \/>\n<meta name=\"author\" content=\"Algarve 7\" \/>\n<meta name=\"twitter:card\" content=\"summary_large_image\" \/>\n<meta name=\"twitter:creator\" content=\"@Algarvesete\" \/>\n<meta name=\"twitter:site\" content=\"@Algarvesete\" \/>\n<meta name=\"twitter:label1\" content=\"Escrito por\" \/>\n\t<meta name=\"twitter:data1\" content=\"Algarve 7\" \/>\n\t<meta name=\"twitter:label2\" content=\"Tempo estimado de leitura\" \/>\n\t<meta name=\"twitter:data2\" content=\"3 minutos\" \/>\n<script type=\"application\/ld+json\" class=\"yoast-schema-graph\">{\"@context\":\"https:\\\/\\\/schema.org\",\"@graph\":[{\"@type\":\"Article\",\"@id\":\"https:\\\/\\\/algarve7.pt\\\/index.php\\\/2022\\\/10\\\/jose-carlos-rolo-quer-hospital-central-do-algarve-em-albufeira\\\/saude\\\/16\\\/42\\\/#article\",\"isPartOf\":{\"@id\":\"https:\\\/\\\/algarve7.pt\\\/index.php\\\/2022\\\/10\\\/jose-carlos-rolo-quer-hospital-central-do-algarve-em-albufeira\\\/saude\\\/16\\\/42\\\/\"},\"author\":{\"name\":\"Algarve 7\",\"@id\":\"https:\\\/\\\/algarve7.pt\\\/#\\\/schema\\\/person\\\/23fa70681308e7b319a3204bcea45e0c\"},\"headline\":\"Jos\u00e9 Carlos Rolo quer hospital central do algarve em Albufeira\",\"datePublished\":\"2022-10-04T15:42:07+00:00\",\"dateModified\":\"2022-10-04T15:42:08+00:00\",\"mainEntityOfPage\":{\"@id\":\"https:\\\/\\\/algarve7.pt\\\/index.php\\\/2022\\\/10\\\/jose-carlos-rolo-quer-hospital-central-do-algarve-em-albufeira\\\/saude\\\/16\\\/42\\\/\"},\"wordCount\":556,\"publisher\":{\"@id\":\"https:\\\/\\\/algarve7.pt\\\/#organization\"},\"image\":{\"@id\":\"https:\\\/\\\/algarve7.pt\\\/index.php\\\/2022\\\/10\\\/jose-carlos-rolo-quer-hospital-central-do-algarve-em-albufeira\\\/saude\\\/16\\\/42\\\/#primaryimage\"},\"thumbnailUrl\":\"https:\\\/\\\/algarve7.pt\\\/wp-content\\\/uploads\\\/2022\\\/10\\\/Presidente-Jose\u0301-Carlos-Rolo-scaled.jpg\",\"keywords\":[\"Albufeira\",\"Algarve\",\"Hospital\",\"Sa\u00fade\"],\"articleSection\":[\"Sa\u00fade\"],\"inLanguage\":\"pt-PT\"},{\"@type\":\"WebPage\",\"@id\":\"https:\\\/\\\/algarve7.pt\\\/index.php\\\/2022\\\/10\\\/jose-carlos-rolo-quer-hospital-central-do-algarve-em-albufeira\\\/saude\\\/16\\\/42\\\/\",\"url\":\"https:\\\/\\\/algarve7.pt\\\/index.php\\\/2022\\\/10\\\/jose-carlos-rolo-quer-hospital-central-do-algarve-em-albufeira\\\/saude\\\/16\\\/42\\\/\",\"name\":\"Jos\u00e9 Carlos Rolo quer hospital central do algarve em Albufeira - Algarve 7\",\"isPartOf\":{\"@id\":\"https:\\\/\\\/algarve7.pt\\\/#website\"},\"primaryImageOfPage\":{\"@id\":\"https:\\\/\\\/algarve7.pt\\\/index.php\\\/2022\\\/10\\\/jose-carlos-rolo-quer-hospital-central-do-algarve-em-albufeira\\\/saude\\\/16\\\/42\\\/#primaryimage\"},\"image\":{\"@id\":\"https:\\\/\\\/algarve7.pt\\\/index.php\\\/2022\\\/10\\\/jose-carlos-rolo-quer-hospital-central-do-algarve-em-albufeira\\\/saude\\\/16\\\/42\\\/#primaryimage\"},\"thumbnailUrl\":\"https:\\\/\\\/algarve7.pt\\\/wp-content\\\/uploads\\\/2022\\\/10\\\/Presidente-Jose\u0301-Carlos-Rolo-scaled.jpg\",\"datePublished\":\"2022-10-04T15:42:07+00:00\",\"dateModified\":\"2022-10-04T15:42:08+00:00\",\"description\":\"Jos\u00e9 Carlos Rolo quer hospital central do algarve em Albufeira Sa\u00fade\",\"breadcrumb\":{\"@id\":\"https:\\\/\\\/algarve7.pt\\\/index.php\\\/2022\\\/10\\\/jose-carlos-rolo-quer-hospital-central-do-algarve-em-albufeira\\\/saude\\\/16\\\/42\\\/#breadcrumb\"},\"inLanguage\":\"pt-PT\",\"potentialAction\":[{\"@type\":\"ReadAction\",\"target\":[\"https:\\\/\\\/algarve7.pt\\\/index.php\\\/2022\\\/10\\\/jose-carlos-rolo-quer-hospital-central-do-algarve-em-albufeira\\\/saude\\\/16\\\/42\\\/\"]}]},{\"@type\":\"ImageObject\",\"inLanguage\":\"pt-PT\",\"@id\":\"https:\\\/\\\/algarve7.pt\\\/index.php\\\/2022\\\/10\\\/jose-carlos-rolo-quer-hospital-central-do-algarve-em-albufeira\\\/saude\\\/16\\\/42\\\/#primaryimage\",\"url\":\"https:\\\/\\\/algarve7.pt\\\/wp-content\\\/uploads\\\/2022\\\/10\\\/Presidente-Jose\u0301-Carlos-Rolo-scaled.jpg\",\"contentUrl\":\"https:\\\/\\\/algarve7.pt\\\/wp-content\\\/uploads\\\/2022\\\/10\\\/Presidente-Jose\u0301-Carlos-Rolo-scaled.jpg\",\"width\":1811,\"height\":2560},{\"@type\":\"BreadcrumbList\",\"@id\":\"https:\\\/\\\/algarve7.pt\\\/index.php\\\/2022\\\/10\\\/jose-carlos-rolo-quer-hospital-central-do-algarve-em-albufeira\\\/saude\\\/16\\\/42\\\/#breadcrumb\",\"itemListElement\":[{\"@type\":\"ListItem\",\"position\":1,\"name\":\"In\u00edcio\",\"item\":\"https:\\\/\\\/algarve7.pt\\\/\"},{\"@type\":\"ListItem\",\"position\":2,\"name\":\"Jos\u00e9 Carlos Rolo quer hospital central do algarve em Albufeira\"}]},{\"@type\":\"WebSite\",\"@id\":\"https:\\\/\\\/algarve7.pt\\\/#website\",\"url\":\"https:\\\/\\\/algarve7.pt\\\/\",\"name\":\"Algarve 7\",\"description\":\"Informa\u00e7\u00e3o sobre o Algarve\",\"publisher\":{\"@id\":\"https:\\\/\\\/algarve7.pt\\\/#organization\"},\"potentialAction\":[{\"@type\":\"SearchAction\",\"target\":{\"@type\":\"EntryPoint\",\"urlTemplate\":\"https:\\\/\\\/algarve7.pt\\\/?s={search_term_string}\"},\"query-input\":{\"@type\":\"PropertyValueSpecification\",\"valueRequired\":true,\"valueName\":\"search_term_string\"}}],\"inLanguage\":\"pt-PT\"},{\"@type\":\"Organization\",\"@id\":\"https:\\\/\\\/algarve7.pt\\\/#organization\",\"name\":\"Algarve 7\",\"url\":\"https:\\\/\\\/algarve7.pt\\\/\",\"logo\":{\"@type\":\"ImageObject\",\"inLanguage\":\"pt-PT\",\"@id\":\"https:\\\/\\\/algarve7.pt\\\/#\\\/schema\\\/logo\\\/image\\\/\",\"url\":\"https:\\\/\\\/algarve7.pt\\\/wp-content\\\/uploads\\\/2020\\\/10\\\/Logo-8.jpg\",\"contentUrl\":\"https:\\\/\\\/algarve7.pt\\\/wp-content\\\/uploads\\\/2020\\\/10\\\/Logo-8.jpg\",\"width\":1680,\"height\":1186,\"caption\":\"Algarve 7\"},\"image\":{\"@id\":\"https:\\\/\\\/algarve7.pt\\\/#\\\/schema\\\/logo\\\/image\\\/\"},\"sameAs\":[\"https:\\\/\\\/www.facebook.com\\\/algarve7\",\"https:\\\/\\\/x.com\\\/Algarvesete\",\"https:\\\/\\\/www.instagram.com\\\/jornalalgarve7\\\/\",\"https:\\\/\\\/www.linkedin.com\\\/company\\\/algarve7\",\"https:\\\/\\\/www.pinterest.pt\\\/geral0939\\\/_created\\\/\"]},{\"@type\":\"Person\",\"@id\":\"https:\\\/\\\/algarve7.pt\\\/#\\\/schema\\\/person\\\/23fa70681308e7b319a3204bcea45e0c\",\"name\":\"Algarve 7\",\"sameAs\":[\"https:\\\/\\\/algarve7.pt\",\"https:\\\/\\\/www.facebook.com\\\/algarve7\"],\"url\":\"https:\\\/\\\/algarve7.pt\\\/index.php\\\/author\\\/geralalgarve7-pt\\\/\"}]}<\/script>\n<!-- \/ Yoast SEO plugin. -->","yoast_head_json":{"title":"Jos\u00e9 Carlos Rolo quer hospital central do algarve em Albufeira - Algarve 7","description":"Jos\u00e9 Carlos Rolo quer hospital central do algarve em Albufeira Sa\u00fade","robots":{"index":"index","follow":"follow","max-snippet":"max-snippet:-1","max-image-preview":"max-image-preview:large","max-video-preview":"max-video-preview:-1"},"canonical":"https:\/\/algarve7.pt\/index.php\/2022\/10\/jose-carlos-rolo-quer-hospital-central-do-algarve-em-albufeira\/saude\/16\/42\/","og_locale":"pt_PT","og_type":"article","og_title":"Jos\u00e9 Carlos Rolo quer hospital central do algarve em Albufeira - Algarve 7","og_description":"Jos\u00e9 Carlos Rolo quer hospital central do algarve em Albufeira Sa\u00fade","og_url":"https:\/\/algarve7.pt\/index.php\/2022\/10\/jose-carlos-rolo-quer-hospital-central-do-algarve-em-albufeira\/saude\/16\/42\/","og_site_name":"Algarve 7","article_publisher":"https:\/\/www.facebook.com\/algarve7","article_author":"https:\/\/www.facebook.com\/algarve7","article_published_time":"2022-10-04T15:42:07+00:00","article_modified_time":"2022-10-04T15:42:08+00:00","og_image":[{"width":1811,"height":2560,"url":"https:\/\/algarve7.pt\/wp-content\/uploads\/2022\/10\/Presidente-Jose\u0301-Carlos-Rolo-scaled.jpg","type":"image\/jpeg"}],"author":"Algarve 7","twitter_card":"summary_large_image","twitter_creator":"@Algarvesete","twitter_site":"@Algarvesete","twitter_misc":{"Escrito por":"Algarve 7","Tempo estimado de leitura":"3 minutos"},"schema":{"@context":"https:\/\/schema.org","@graph":[{"@type":"Article","@id":"https:\/\/algarve7.pt\/index.php\/2022\/10\/jose-carlos-rolo-quer-hospital-central-do-algarve-em-albufeira\/saude\/16\/42\/#article","isPartOf":{"@id":"https:\/\/algarve7.pt\/index.php\/2022\/10\/jose-carlos-rolo-quer-hospital-central-do-algarve-em-albufeira\/saude\/16\/42\/"},"author":{"name":"Algarve 7","@id":"https:\/\/algarve7.pt\/#\/schema\/person\/23fa70681308e7b319a3204bcea45e0c"},"headline":"Jos\u00e9 Carlos Rolo quer hospital central do algarve em Albufeira","datePublished":"2022-10-04T15:42:07+00:00","dateModified":"2022-10-04T15:42:08+00:00","mainEntityOfPage":{"@id":"https:\/\/algarve7.pt\/index.php\/2022\/10\/jose-carlos-rolo-quer-hospital-central-do-algarve-em-albufeira\/saude\/16\/42\/"},"wordCount":556,"publisher":{"@id":"https:\/\/algarve7.pt\/#organization"},"image":{"@id":"https:\/\/algarve7.pt\/index.php\/2022\/10\/jose-carlos-rolo-quer-hospital-central-do-algarve-em-albufeira\/saude\/16\/42\/#primaryimage"},"thumbnailUrl":"https:\/\/algarve7.pt\/wp-content\/uploads\/2022\/10\/Presidente-Jose\u0301-Carlos-Rolo-scaled.jpg","keywords":["Albufeira","Algarve","Hospital","Sa\u00fade"],"articleSection":["Sa\u00fade"],"inLanguage":"pt-PT"},{"@type":"WebPage","@id":"https:\/\/algarve7.pt\/index.php\/2022\/10\/jose-carlos-rolo-quer-hospital-central-do-algarve-em-albufeira\/saude\/16\/42\/","url":"https:\/\/algarve7.pt\/index.php\/2022\/10\/jose-carlos-rolo-quer-hospital-central-do-algarve-em-albufeira\/saude\/16\/42\/","name":"Jos\u00e9 Carlos Rolo quer hospital central do algarve em Albufeira - Algarve 7","isPartOf":{"@id":"https:\/\/algarve7.pt\/#website"},"primaryImageOfPage":{"@id":"https:\/\/algarve7.pt\/index.php\/2022\/10\/jose-carlos-rolo-quer-hospital-central-do-algarve-em-albufeira\/saude\/16\/42\/#primaryimage"},"image":{"@id":"https:\/\/algarve7.pt\/index.php\/2022\/10\/jose-carlos-rolo-quer-hospital-central-do-algarve-em-albufeira\/saude\/16\/42\/#primaryimage"},"thumbnailUrl":"https:\/\/algarve7.pt\/wp-content\/uploads\/2022\/10\/Presidente-Jose\u0301-Carlos-Rolo-scaled.jpg","datePublished":"2022-10-04T15:42:07+00:00","dateModified":"2022-10-04T15:42:08+00:00","description":"Jos\u00e9 Carlos Rolo quer hospital central do algarve em Albufeira Sa\u00fade","breadcrumb":{"@id":"https:\/\/algarve7.pt\/index.php\/2022\/10\/jose-carlos-rolo-quer-hospital-central-do-algarve-em-albufeira\/saude\/16\/42\/#breadcrumb"},"inLanguage":"pt-PT","potentialAction":[{"@type":"ReadAction","target":["https:\/\/algarve7.pt\/index.php\/2022\/10\/jose-carlos-rolo-quer-hospital-central-do-algarve-em-albufeira\/saude\/16\/42\/"]}]},{"@type":"ImageObject","inLanguage":"pt-PT","@id":"https:\/\/algarve7.pt\/index.php\/2022\/10\/jose-carlos-rolo-quer-hospital-central-do-algarve-em-albufeira\/saude\/16\/42\/#primaryimage","url":"https:\/\/algarve7.pt\/wp-content\/uploads\/2022\/10\/Presidente-Jose\u0301-Carlos-Rolo-scaled.jpg","contentUrl":"https:\/\/algarve7.pt\/wp-content\/uploads\/2022\/10\/Presidente-Jose\u0301-Carlos-Rolo-scaled.jpg","width":1811,"height":2560},{"@type":"BreadcrumbList","@id":"https:\/\/algarve7.pt\/index.php\/2022\/10\/jose-carlos-rolo-quer-hospital-central-do-algarve-em-albufeira\/saude\/16\/42\/#breadcrumb","itemListElement":[{"@type":"ListItem","position":1,"name":"In\u00edcio","item":"https:\/\/algarve7.pt\/"},{"@type":"ListItem","position":2,"name":"Jos\u00e9 Carlos Rolo quer hospital central do algarve em Albufeira"}]},{"@type":"WebSite","@id":"https:\/\/algarve7.pt\/#website","url":"https:\/\/algarve7.pt\/","name":"Algarve 7","description":"Informa\u00e7\u00e3o sobre o Algarve","publisher":{"@id":"https:\/\/algarve7.pt\/#organization"},"potentialAction":[{"@type":"SearchAction","target":{"@type":"EntryPoint","urlTemplate":"https:\/\/algarve7.pt\/?s={search_term_string}"},"query-input":{"@type":"PropertyValueSpecification","valueRequired":true,"valueName":"search_term_string"}}],"inLanguage":"pt-PT"},{"@type":"Organization","@id":"https:\/\/algarve7.pt\/#organization","name":"Algarve 7","url":"https:\/\/algarve7.pt\/","logo":{"@type":"ImageObject","inLanguage":"pt-PT","@id":"https:\/\/algarve7.pt\/#\/schema\/logo\/image\/","url":"https:\/\/algarve7.pt\/wp-content\/uploads\/2020\/10\/Logo-8.jpg","contentUrl":"https:\/\/algarve7.pt\/wp-content\/uploads\/2020\/10\/Logo-8.jpg","width":1680,"height":1186,"caption":"Algarve 7"},"image":{"@id":"https:\/\/algarve7.pt\/#\/schema\/logo\/image\/"},"sameAs":["https:\/\/www.facebook.com\/algarve7","https:\/\/x.com\/Algarvesete","https:\/\/www.instagram.com\/jornalalgarve7\/","https:\/\/www.linkedin.com\/company\/algarve7","https:\/\/www.pinterest.pt\/geral0939\/_created\/"]},{"@type":"Person","@id":"https:\/\/algarve7.pt\/#\/schema\/person\/23fa70681308e7b319a3204bcea45e0c","name":"Algarve 7","sameAs":["https:\/\/algarve7.pt","https:\/\/www.facebook.com\/algarve7"],"url":"https:\/\/algarve7.pt\/index.php\/author\/geralalgarve7-pt\/"}]}},"jetpack_publicize_connections":[],"jetpack_featured_media_url":"https:\/\/algarve7.pt\/wp-content\/uploads\/2022\/10\/Presidente-Jose\u0301-Carlos-Rolo-scaled.jpg","jetpack_shortlink":"https:\/\/wp.me\/pcezmW-5KL","jetpack_sharing_enabled":true,"_links":{"self":[{"href":"https:\/\/algarve7.pt\/index.php\/wp-json\/wp\/v2\/posts\/22119","targetHints":{"allow":["GET"]}}],"collection":[{"href":"https:\/\/algarve7.pt\/index.php\/wp-json\/wp\/v2\/posts"}],"about":[{"href":"https:\/\/algarve7.pt\/index.php\/wp-json\/wp\/v2\/types\/post"}],"author":[{"embeddable":true,"href":"https:\/\/algarve7.pt\/index.php\/wp-json\/wp\/v2\/users\/1"}],"replies":[{"embeddable":true,"href":"https:\/\/algarve7.pt\/index.php\/wp-json\/wp\/v2\/comments?post=22119"}],"version-history":[{"count":0,"href":"https:\/\/algarve7.pt\/index.php\/wp-json\/wp\/v2\/posts\/22119\/revisions"}],"wp:featuredmedia":[{"embeddable":true,"href":"https:\/\/algarve7.pt\/index.php\/wp-json\/wp\/v2\/media\/22120"}],"wp:attachment":[{"href":"https:\/\/algarve7.pt\/index.php\/wp-json\/wp\/v2\/media?parent=22119"}],"wp:term":[{"taxonomy":"category","embeddable":true,"href":"https:\/\/algarve7.pt\/index.php\/wp-json\/wp\/v2\/categories?post=22119"},{"taxonomy":"post_tag","embeddable":true,"href":"https:\/\/algarve7.pt\/index.php\/wp-json\/wp\/v2\/tags?post=22119"}],"curies":[{"name":"wp","href":"https:\/\/api.w.org\/{rel}","templated":true}]}}