{"id":22116,"date":"2022-10-04T15:44:17","date_gmt":"2022-10-04T14:44:17","guid":{"rendered":"https:\/\/algarve7.pt\/?p=22116"},"modified":"2022-10-04T15:44:18","modified_gmt":"2022-10-04T14:44:18","slug":"eficiencia-energetica-com-nova-iluminacao-do-pavilhao-municipal-de-castro-marim","status":"publish","type":"post","link":"https:\/\/algarve7.pt\/index.php\/2022\/10\/eficiencia-energetica-com-nova-iluminacao-do-pavilhao-municipal-de-castro-marim\/ambiente\/15\/44\/","title":{"rendered":"+ Efici\u00eancia energ\u00e9tica com nova Ilumina\u00e7\u00e3o do Pavilh\u00e3o Municipal de Castro Marim"},"content":{"rendered":"\n<p>Tendo a sustentabilidade ambiental e energ\u00e9tica como eixo priorit\u00e1rio da gest\u00e3o aut\u00e1rquica, o Munic\u00edpio de Castro Marim avan\u00e7ou recentemente com a substitui\u00e7\u00e3o de toda a lumin\u00e1ria do campo de jogos e gin\u00e1sio do Pavilh\u00e3o Municipal.<\/p>\n\n\n\n<p>Representando um investimento de cerca de 10.000 euros, as lumin\u00e1rias LED agora instaladas representam uma redu\u00e7\u00e3o de consumo de aproximadamente 60%, traduzindo-se numa poupan\u00e7a anual de cerca de 3.000 euros, tendo por refer\u00eancia os valores agora praticados.<\/p>\n\n\n\n<p>Para al\u00e9m da substitui\u00e7\u00e3o das lumin\u00e1rias, foram integrados interruptores crepusculares comandados por controlo remoto, que permitem adequar a luminosidade \u00e0s condi\u00e7\u00f5es do dia e \u00e0s diferentes modalidades desportivas.&nbsp;<\/p>\n\n\n\n<p>No mesmo \u00e2mbito da otimiza\u00e7\u00e3o do consumo de energia, est\u00e3o tamb\u00e9m previstas interven\u00e7\u00f5es na Piscina Municipal e na ilumina\u00e7\u00e3o p\u00fablica de algumas urbaniza\u00e7\u00f5es de Castro Marim e de Altura. Paralelamente decorrer\u00e1 a execu\u00e7\u00e3o de Ilumina\u00e7\u00e3o Solar da Ciclovia da Lez\u00edria, uma interven\u00e7\u00e3o avaliada em 310,000.00 euros ao abrigo do PO CRESC Algarve 2020, no \u00e2mbito do plano de a\u00e7\u00e3o PADRE, aprovado para o Baixo Guadiana na opera\u00e7\u00e3o READY, apoiada por Portugal e Uni\u00e3o Europeia, cofinanciado a 70% pelo FEDER.<\/p>\n","protected":false},"excerpt":{"rendered":"<p>Tendo a sustentabilidade ambiental e energ\u00e9tica como eixo priorit\u00e1rio da gest\u00e3o aut\u00e1rquica, o Munic\u00edpio de Castro Marim avan\u00e7ou recentemente com<\/p>\n","protected":false},"author":1,"featured_media":22117,"comment_status":"closed","ping_status":"open","sticky":false,"template":"","format":"standard","meta":{"colormag_page_container_layout":"default_layout","colormag_page_sidebar_layout":"default_layout","_monsterinsights_skip_tracking":false,"_monsterinsights_sitenote_active":false,"_monsterinsights_sitenote_note":"","_monsterinsights_sitenote_category":0,"jetpack_post_was_ever_published":false,"_jetpack_newsletter_access":"","_jetpack_dont_email_post_to_subs":false,"_jetpack_newsletter_tier_id":0,"_jetpack_memberships_contains_paywalled_content":false,"_jetpack_memberships_contains_paid_content":false,"footnotes":"","jetpack_publicize_message":"","jetpack_publicize_feature_enabled":true,"jetpack_social_post_already_shared":true,"jetpack_social_options":{"image_generator_settings":{"template":"highway","default_image_id":0,"font":"","enabled":false},"version":2}},"categories":[5],"tags":[36,32,136],"class_list":["post-22116","post","type-post","status-publish","format-standard","has-post-thumbnail","hentry","category-ambiente","tag-algarve","tag-ambiente","tag-castro-marim"],"yoast_head":"<!-- This site is optimized with the Yoast SEO plugin v27.5 - https:\/\/yoast.com\/product\/yoast-seo-wordpress\/ -->\n<title>+ Efici\u00eancia energ\u00e9tica com nova Ilumina\u00e7\u00e3o do Pavilh\u00e3o Municipal de Castro Marim - Algarve 7<\/title>\n<meta name=\"description\" content=\"+ Efici\u00eancia energ\u00e9tica com nova Ilumina\u00e7\u00e3o do Pavilh\u00e3o Municipal de Castro Marim Ambiente\" \/>\n<meta name=\"robots\" content=\"index, follow, max-snippet:-1, max-image-preview:large, max-video-preview:-1\" \/>\n<link rel=\"canonical\" href=\"https:\/\/algarve7.pt\/index.php\/2022\/10\/eficiencia-energetica-com-nova-iluminacao-do-pavilhao-municipal-de-castro-marim\/ambiente\/15\/44\/\" \/>\n<meta property=\"og:locale\" content=\"pt_PT\" \/>\n<meta property=\"og:type\" content=\"article\" \/>\n<meta property=\"og:title\" content=\"+ Efici\u00eancia energ\u00e9tica com nova Ilumina\u00e7\u00e3o do Pavilh\u00e3o Municipal de Castro Marim - Algarve 7\" \/>\n<meta property=\"og:description\" content=\"+ Efici\u00eancia energ\u00e9tica com nova Ilumina\u00e7\u00e3o do Pavilh\u00e3o Municipal de Castro Marim Ambiente\" \/>\n<meta property=\"og:url\" content=\"https:\/\/algarve7.pt\/index.php\/2022\/10\/eficiencia-energetica-com-nova-iluminacao-do-pavilhao-municipal-de-castro-marim\/ambiente\/15\/44\/\" \/>\n<meta property=\"og:site_name\" content=\"Algarve 7\" \/>\n<meta property=\"article:publisher\" content=\"https:\/\/www.facebook.com\/algarve7\" \/>\n<meta property=\"article:author\" content=\"https:\/\/www.facebook.com\/algarve7\" \/>\n<meta property=\"article:published_time\" content=\"2022-10-04T14:44:17+00:00\" \/>\n<meta property=\"article:modified_time\" content=\"2022-10-04T14:44:18+00:00\" \/>\n<meta property=\"og:image\" content=\"https:\/\/algarve7.pt\/wp-content\/uploads\/2022\/10\/Iluminacao_PavilhaoMunicipal_CM-3.jpg\" \/>\n\t<meta property=\"og:image:width\" content=\"1007\" \/>\n\t<meta property=\"og:image:height\" content=\"657\" \/>\n\t<meta property=\"og:image:type\" content=\"image\/jpeg\" \/>\n<meta name=\"author\" content=\"Algarve 7\" \/>\n<meta name=\"twitter:card\" content=\"summary_large_image\" \/>\n<meta name=\"twitter:creator\" content=\"@Algarvesete\" \/>\n<meta name=\"twitter:site\" content=\"@Algarvesete\" \/>\n<meta name=\"twitter:label1\" content=\"Escrito por\" \/>\n\t<meta name=\"twitter:data1\" content=\"Algarve 7\" \/>\n\t<meta name=\"twitter:label2\" content=\"Tempo estimado de leitura\" \/>\n\t<meta name=\"twitter:data2\" content=\"1 minuto\" \/>\n<script type=\"application\/ld+json\" class=\"yoast-schema-graph\">{\"@context\":\"https:\\\/\\\/schema.org\",\"@graph\":[{\"@type\":\"Article\",\"@id\":\"https:\\\/\\\/algarve7.pt\\\/index.php\\\/2022\\\/10\\\/eficiencia-energetica-com-nova-iluminacao-do-pavilhao-municipal-de-castro-marim\\\/ambiente\\\/15\\\/44\\\/#article\",\"isPartOf\":{\"@id\":\"https:\\\/\\\/algarve7.pt\\\/index.php\\\/2022\\\/10\\\/eficiencia-energetica-com-nova-iluminacao-do-pavilhao-municipal-de-castro-marim\\\/ambiente\\\/15\\\/44\\\/\"},\"author\":{\"name\":\"Algarve 7\",\"@id\":\"https:\\\/\\\/algarve7.pt\\\/#\\\/schema\\\/person\\\/23fa70681308e7b319a3204bcea45e0c\"},\"headline\":\"+ Efici\u00eancia energ\u00e9tica com nova Ilumina\u00e7\u00e3o do Pavilh\u00e3o Municipal de Castro Marim\",\"datePublished\":\"2022-10-04T14:44:17+00:00\",\"dateModified\":\"2022-10-04T14:44:18+00:00\",\"mainEntityOfPage\":{\"@id\":\"https:\\\/\\\/algarve7.pt\\\/index.php\\\/2022\\\/10\\\/eficiencia-energetica-com-nova-iluminacao-do-pavilhao-municipal-de-castro-marim\\\/ambiente\\\/15\\\/44\\\/\"},\"wordCount\":221,\"publisher\":{\"@id\":\"https:\\\/\\\/algarve7.pt\\\/#organization\"},\"image\":{\"@id\":\"https:\\\/\\\/algarve7.pt\\\/index.php\\\/2022\\\/10\\\/eficiencia-energetica-com-nova-iluminacao-do-pavilhao-municipal-de-castro-marim\\\/ambiente\\\/15\\\/44\\\/#primaryimage\"},\"thumbnailUrl\":\"https:\\\/\\\/algarve7.pt\\\/wp-content\\\/uploads\\\/2022\\\/10\\\/Iluminacao_PavilhaoMunicipal_CM-3.jpg\",\"keywords\":[\"Algarve\",\"Ambiente\",\"Castro Marim\"],\"articleSection\":[\"Ambiente\"],\"inLanguage\":\"pt-PT\"},{\"@type\":\"WebPage\",\"@id\":\"https:\\\/\\\/algarve7.pt\\\/index.php\\\/2022\\\/10\\\/eficiencia-energetica-com-nova-iluminacao-do-pavilhao-municipal-de-castro-marim\\\/ambiente\\\/15\\\/44\\\/\",\"url\":\"https:\\\/\\\/algarve7.pt\\\/index.php\\\/2022\\\/10\\\/eficiencia-energetica-com-nova-iluminacao-do-pavilhao-municipal-de-castro-marim\\\/ambiente\\\/15\\\/44\\\/\",\"name\":\"+ Efici\u00eancia energ\u00e9tica com nova Ilumina\u00e7\u00e3o do Pavilh\u00e3o Municipal de Castro Marim - Algarve 7\",\"isPartOf\":{\"@id\":\"https:\\\/\\\/algarve7.pt\\\/#website\"},\"primaryImageOfPage\":{\"@id\":\"https:\\\/\\\/algarve7.pt\\\/index.php\\\/2022\\\/10\\\/eficiencia-energetica-com-nova-iluminacao-do-pavilhao-municipal-de-castro-marim\\\/ambiente\\\/15\\\/44\\\/#primaryimage\"},\"image\":{\"@id\":\"https:\\\/\\\/algarve7.pt\\\/index.php\\\/2022\\\/10\\\/eficiencia-energetica-com-nova-iluminacao-do-pavilhao-municipal-de-castro-marim\\\/ambiente\\\/15\\\/44\\\/#primaryimage\"},\"thumbnailUrl\":\"https:\\\/\\\/algarve7.pt\\\/wp-content\\\/uploads\\\/2022\\\/10\\\/Iluminacao_PavilhaoMunicipal_CM-3.jpg\",\"datePublished\":\"2022-10-04T14:44:17+00:00\",\"dateModified\":\"2022-10-04T14:44:18+00:00\",\"description\":\"+ Efici\u00eancia energ\u00e9tica com nova Ilumina\u00e7\u00e3o do Pavilh\u00e3o Municipal de Castro Marim Ambiente\",\"breadcrumb\":{\"@id\":\"https:\\\/\\\/algarve7.pt\\\/index.php\\\/2022\\\/10\\\/eficiencia-energetica-com-nova-iluminacao-do-pavilhao-municipal-de-castro-marim\\\/ambiente\\\/15\\\/44\\\/#breadcrumb\"},\"inLanguage\":\"pt-PT\",\"potentialAction\":[{\"@type\":\"ReadAction\",\"target\":[\"https:\\\/\\\/algarve7.pt\\\/index.php\\\/2022\\\/10\\\/eficiencia-energetica-com-nova-iluminacao-do-pavilhao-municipal-de-castro-marim\\\/ambiente\\\/15\\\/44\\\/\"]}]},{\"@type\":\"ImageObject\",\"inLanguage\":\"pt-PT\",\"@id\":\"https:\\\/\\\/algarve7.pt\\\/index.php\\\/2022\\\/10\\\/eficiencia-energetica-com-nova-iluminacao-do-pavilhao-municipal-de-castro-marim\\\/ambiente\\\/15\\\/44\\\/#primaryimage\",\"url\":\"https:\\\/\\\/algarve7.pt\\\/wp-content\\\/uploads\\\/2022\\\/10\\\/Iluminacao_PavilhaoMunicipal_CM-3.jpg\",\"contentUrl\":\"https:\\\/\\\/algarve7.pt\\\/wp-content\\\/uploads\\\/2022\\\/10\\\/Iluminacao_PavilhaoMunicipal_CM-3.jpg\",\"width\":1007,\"height\":657},{\"@type\":\"BreadcrumbList\",\"@id\":\"https:\\\/\\\/algarve7.pt\\\/index.php\\\/2022\\\/10\\\/eficiencia-energetica-com-nova-iluminacao-do-pavilhao-municipal-de-castro-marim\\\/ambiente\\\/15\\\/44\\\/#breadcrumb\",\"itemListElement\":[{\"@type\":\"ListItem\",\"position\":1,\"name\":\"In\u00edcio\",\"item\":\"https:\\\/\\\/algarve7.pt\\\/\"},{\"@type\":\"ListItem\",\"position\":2,\"name\":\"+ Efici\u00eancia energ\u00e9tica com nova Ilumina\u00e7\u00e3o do Pavilh\u00e3o Municipal de Castro Marim\"}]},{\"@type\":\"WebSite\",\"@id\":\"https:\\\/\\\/algarve7.pt\\\/#website\",\"url\":\"https:\\\/\\\/algarve7.pt\\\/\",\"name\":\"Algarve 7\",\"description\":\"Informa\u00e7\u00e3o sobre o Algarve\",\"publisher\":{\"@id\":\"https:\\\/\\\/algarve7.pt\\\/#organization\"},\"potentialAction\":[{\"@type\":\"SearchAction\",\"target\":{\"@type\":\"EntryPoint\",\"urlTemplate\":\"https:\\\/\\\/algarve7.pt\\\/?s={search_term_string}\"},\"query-input\":{\"@type\":\"PropertyValueSpecification\",\"valueRequired\":true,\"valueName\":\"search_term_string\"}}],\"inLanguage\":\"pt-PT\"},{\"@type\":\"Organization\",\"@id\":\"https:\\\/\\\/algarve7.pt\\\/#organization\",\"name\":\"Algarve 7\",\"url\":\"https:\\\/\\\/algarve7.pt\\\/\",\"logo\":{\"@type\":\"ImageObject\",\"inLanguage\":\"pt-PT\",\"@id\":\"https:\\\/\\\/algarve7.pt\\\/#\\\/schema\\\/logo\\\/image\\\/\",\"url\":\"https:\\\/\\\/algarve7.pt\\\/wp-content\\\/uploads\\\/2020\\\/10\\\/Logo-8.jpg\",\"contentUrl\":\"https:\\\/\\\/algarve7.pt\\\/wp-content\\\/uploads\\\/2020\\\/10\\\/Logo-8.jpg\",\"width\":1680,\"height\":1186,\"caption\":\"Algarve 7\"},\"image\":{\"@id\":\"https:\\\/\\\/algarve7.pt\\\/#\\\/schema\\\/logo\\\/image\\\/\"},\"sameAs\":[\"https:\\\/\\\/www.facebook.com\\\/algarve7\",\"https:\\\/\\\/x.com\\\/Algarvesete\",\"https:\\\/\\\/www.instagram.com\\\/jornalalgarve7\\\/\",\"https:\\\/\\\/www.linkedin.com\\\/company\\\/algarve7\",\"https:\\\/\\\/www.pinterest.pt\\\/geral0939\\\/_created\\\/\"]},{\"@type\":\"Person\",\"@id\":\"https:\\\/\\\/algarve7.pt\\\/#\\\/schema\\\/person\\\/23fa70681308e7b319a3204bcea45e0c\",\"name\":\"Algarve 7\",\"sameAs\":[\"https:\\\/\\\/algarve7.pt\",\"https:\\\/\\\/www.facebook.com\\\/algarve7\"],\"url\":\"https:\\\/\\\/algarve7.pt\\\/index.php\\\/author\\\/geralalgarve7-pt\\\/\"}]}<\/script>\n<!-- \/ Yoast SEO plugin. -->","yoast_head_json":{"title":"+ Efici\u00eancia energ\u00e9tica com nova Ilumina\u00e7\u00e3o do Pavilh\u00e3o Municipal de Castro Marim - Algarve 7","description":"+ Efici\u00eancia energ\u00e9tica com nova Ilumina\u00e7\u00e3o do Pavilh\u00e3o Municipal de Castro Marim Ambiente","robots":{"index":"index","follow":"follow","max-snippet":"max-snippet:-1","max-image-preview":"max-image-preview:large","max-video-preview":"max-video-preview:-1"},"canonical":"https:\/\/algarve7.pt\/index.php\/2022\/10\/eficiencia-energetica-com-nova-iluminacao-do-pavilhao-municipal-de-castro-marim\/ambiente\/15\/44\/","og_locale":"pt_PT","og_type":"article","og_title":"+ Efici\u00eancia energ\u00e9tica com nova Ilumina\u00e7\u00e3o do Pavilh\u00e3o Municipal de Castro Marim - Algarve 7","og_description":"+ Efici\u00eancia energ\u00e9tica com nova Ilumina\u00e7\u00e3o do Pavilh\u00e3o Municipal de Castro Marim Ambiente","og_url":"https:\/\/algarve7.pt\/index.php\/2022\/10\/eficiencia-energetica-com-nova-iluminacao-do-pavilhao-municipal-de-castro-marim\/ambiente\/15\/44\/","og_site_name":"Algarve 7","article_publisher":"https:\/\/www.facebook.com\/algarve7","article_author":"https:\/\/www.facebook.com\/algarve7","article_published_time":"2022-10-04T14:44:17+00:00","article_modified_time":"2022-10-04T14:44:18+00:00","og_image":[{"width":1007,"height":657,"url":"https:\/\/algarve7.pt\/wp-content\/uploads\/2022\/10\/Iluminacao_PavilhaoMunicipal_CM-3.jpg","type":"image\/jpeg"}],"author":"Algarve 7","twitter_card":"summary_large_image","twitter_creator":"@Algarvesete","twitter_site":"@Algarvesete","twitter_misc":{"Escrito por":"Algarve 7","Tempo estimado de leitura":"1 minuto"},"schema":{"@context":"https:\/\/schema.org","@graph":[{"@type":"Article","@id":"https:\/\/algarve7.pt\/index.php\/2022\/10\/eficiencia-energetica-com-nova-iluminacao-do-pavilhao-municipal-de-castro-marim\/ambiente\/15\/44\/#article","isPartOf":{"@id":"https:\/\/algarve7.pt\/index.php\/2022\/10\/eficiencia-energetica-com-nova-iluminacao-do-pavilhao-municipal-de-castro-marim\/ambiente\/15\/44\/"},"author":{"name":"Algarve 7","@id":"https:\/\/algarve7.pt\/#\/schema\/person\/23fa70681308e7b319a3204bcea45e0c"},"headline":"+ Efici\u00eancia energ\u00e9tica com nova Ilumina\u00e7\u00e3o do Pavilh\u00e3o Municipal de Castro Marim","datePublished":"2022-10-04T14:44:17+00:00","dateModified":"2022-10-04T14:44:18+00:00","mainEntityOfPage":{"@id":"https:\/\/algarve7.pt\/index.php\/2022\/10\/eficiencia-energetica-com-nova-iluminacao-do-pavilhao-municipal-de-castro-marim\/ambiente\/15\/44\/"},"wordCount":221,"publisher":{"@id":"https:\/\/algarve7.pt\/#organization"},"image":{"@id":"https:\/\/algarve7.pt\/index.php\/2022\/10\/eficiencia-energetica-com-nova-iluminacao-do-pavilhao-municipal-de-castro-marim\/ambiente\/15\/44\/#primaryimage"},"thumbnailUrl":"https:\/\/algarve7.pt\/wp-content\/uploads\/2022\/10\/Iluminacao_PavilhaoMunicipal_CM-3.jpg","keywords":["Algarve","Ambiente","Castro Marim"],"articleSection":["Ambiente"],"inLanguage":"pt-PT"},{"@type":"WebPage","@id":"https:\/\/algarve7.pt\/index.php\/2022\/10\/eficiencia-energetica-com-nova-iluminacao-do-pavilhao-municipal-de-castro-marim\/ambiente\/15\/44\/","url":"https:\/\/algarve7.pt\/index.php\/2022\/10\/eficiencia-energetica-com-nova-iluminacao-do-pavilhao-municipal-de-castro-marim\/ambiente\/15\/44\/","name":"+ Efici\u00eancia energ\u00e9tica com nova Ilumina\u00e7\u00e3o do Pavilh\u00e3o Municipal de Castro Marim - Algarve 7","isPartOf":{"@id":"https:\/\/algarve7.pt\/#website"},"primaryImageOfPage":{"@id":"https:\/\/algarve7.pt\/index.php\/2022\/10\/eficiencia-energetica-com-nova-iluminacao-do-pavilhao-municipal-de-castro-marim\/ambiente\/15\/44\/#primaryimage"},"image":{"@id":"https:\/\/algarve7.pt\/index.php\/2022\/10\/eficiencia-energetica-com-nova-iluminacao-do-pavilhao-municipal-de-castro-marim\/ambiente\/15\/44\/#primaryimage"},"thumbnailUrl":"https:\/\/algarve7.pt\/wp-content\/uploads\/2022\/10\/Iluminacao_PavilhaoMunicipal_CM-3.jpg","datePublished":"2022-10-04T14:44:17+00:00","dateModified":"2022-10-04T14:44:18+00:00","description":"+ Efici\u00eancia energ\u00e9tica com nova Ilumina\u00e7\u00e3o do Pavilh\u00e3o Municipal de Castro Marim Ambiente","breadcrumb":{"@id":"https:\/\/algarve7.pt\/index.php\/2022\/10\/eficiencia-energetica-com-nova-iluminacao-do-pavilhao-municipal-de-castro-marim\/ambiente\/15\/44\/#breadcrumb"},"inLanguage":"pt-PT","potentialAction":[{"@type":"ReadAction","target":["https:\/\/algarve7.pt\/index.php\/2022\/10\/eficiencia-energetica-com-nova-iluminacao-do-pavilhao-municipal-de-castro-marim\/ambiente\/15\/44\/"]}]},{"@type":"ImageObject","inLanguage":"pt-PT","@id":"https:\/\/algarve7.pt\/index.php\/2022\/10\/eficiencia-energetica-com-nova-iluminacao-do-pavilhao-municipal-de-castro-marim\/ambiente\/15\/44\/#primaryimage","url":"https:\/\/algarve7.pt\/wp-content\/uploads\/2022\/10\/Iluminacao_PavilhaoMunicipal_CM-3.jpg","contentUrl":"https:\/\/algarve7.pt\/wp-content\/uploads\/2022\/10\/Iluminacao_PavilhaoMunicipal_CM-3.jpg","width":1007,"height":657},{"@type":"BreadcrumbList","@id":"https:\/\/algarve7.pt\/index.php\/2022\/10\/eficiencia-energetica-com-nova-iluminacao-do-pavilhao-municipal-de-castro-marim\/ambiente\/15\/44\/#breadcrumb","itemListElement":[{"@type":"ListItem","position":1,"name":"In\u00edcio","item":"https:\/\/algarve7.pt\/"},{"@type":"ListItem","position":2,"name":"+ Efici\u00eancia energ\u00e9tica com nova Ilumina\u00e7\u00e3o do Pavilh\u00e3o Municipal de Castro Marim"}]},{"@type":"WebSite","@id":"https:\/\/algarve7.pt\/#website","url":"https:\/\/algarve7.pt\/","name":"Algarve 7","description":"Informa\u00e7\u00e3o sobre o Algarve","publisher":{"@id":"https:\/\/algarve7.pt\/#organization"},"potentialAction":[{"@type":"SearchAction","target":{"@type":"EntryPoint","urlTemplate":"https:\/\/algarve7.pt\/?s={search_term_string}"},"query-input":{"@type":"PropertyValueSpecification","valueRequired":true,"valueName":"search_term_string"}}],"inLanguage":"pt-PT"},{"@type":"Organization","@id":"https:\/\/algarve7.pt\/#organization","name":"Algarve 7","url":"https:\/\/algarve7.pt\/","logo":{"@type":"ImageObject","inLanguage":"pt-PT","@id":"https:\/\/algarve7.pt\/#\/schema\/logo\/image\/","url":"https:\/\/algarve7.pt\/wp-content\/uploads\/2020\/10\/Logo-8.jpg","contentUrl":"https:\/\/algarve7.pt\/wp-content\/uploads\/2020\/10\/Logo-8.jpg","width":1680,"height":1186,"caption":"Algarve 7"},"image":{"@id":"https:\/\/algarve7.pt\/#\/schema\/logo\/image\/"},"sameAs":["https:\/\/www.facebook.com\/algarve7","https:\/\/x.com\/Algarvesete","https:\/\/www.instagram.com\/jornalalgarve7\/","https:\/\/www.linkedin.com\/company\/algarve7","https:\/\/www.pinterest.pt\/geral0939\/_created\/"]},{"@type":"Person","@id":"https:\/\/algarve7.pt\/#\/schema\/person\/23fa70681308e7b319a3204bcea45e0c","name":"Algarve 7","sameAs":["https:\/\/algarve7.pt","https:\/\/www.facebook.com\/algarve7"],"url":"https:\/\/algarve7.pt\/index.php\/author\/geralalgarve7-pt\/"}]}},"jetpack_publicize_connections":[],"jetpack_featured_media_url":"https:\/\/algarve7.pt\/wp-content\/uploads\/2022\/10\/Iluminacao_PavilhaoMunicipal_CM-3.jpg","jetpack_shortlink":"https:\/\/wp.me\/pcezmW-5KI","jetpack_sharing_enabled":true,"_links":{"self":[{"href":"https:\/\/algarve7.pt\/index.php\/wp-json\/wp\/v2\/posts\/22116","targetHints":{"allow":["GET"]}}],"collection":[{"href":"https:\/\/algarve7.pt\/index.php\/wp-json\/wp\/v2\/posts"}],"about":[{"href":"https:\/\/algarve7.pt\/index.php\/wp-json\/wp\/v2\/types\/post"}],"author":[{"embeddable":true,"href":"https:\/\/algarve7.pt\/index.php\/wp-json\/wp\/v2\/users\/1"}],"replies":[{"embeddable":true,"href":"https:\/\/algarve7.pt\/index.php\/wp-json\/wp\/v2\/comments?post=22116"}],"version-history":[{"count":0,"href":"https:\/\/algarve7.pt\/index.php\/wp-json\/wp\/v2\/posts\/22116\/revisions"}],"wp:featuredmedia":[{"embeddable":true,"href":"https:\/\/algarve7.pt\/index.php\/wp-json\/wp\/v2\/media\/22117"}],"wp:attachment":[{"href":"https:\/\/algarve7.pt\/index.php\/wp-json\/wp\/v2\/media?parent=22116"}],"wp:term":[{"taxonomy":"category","embeddable":true,"href":"https:\/\/algarve7.pt\/index.php\/wp-json\/wp\/v2\/categories?post=22116"},{"taxonomy":"post_tag","embeddable":true,"href":"https:\/\/algarve7.pt\/index.php\/wp-json\/wp\/v2\/tags?post=22116"}],"curies":[{"name":"wp","href":"https:\/\/api.w.org\/{rel}","templated":true}]}}