{"id":22110,"date":"2022-10-04T14:29:27","date_gmt":"2022-10-04T13:29:27","guid":{"rendered":"https:\/\/algarve7.pt\/?p=22110"},"modified":"2022-10-04T14:29:29","modified_gmt":"2022-10-04T13:29:29","slug":"uma-historia-com-muitos-milhoes-de-anos-do-oceano-thetys-ao-barrocal-do-algarve","status":"publish","type":"post","link":"https:\/\/algarve7.pt\/index.php\/2022\/10\/uma-historia-com-muitos-milhoes-de-anos-do-oceano-thetys-ao-barrocal-do-algarve\/cultura\/14\/29\/","title":{"rendered":"Uma hist\u00f3ria com muitos milh\u00f5es de anos \u2013 do oceano thetys ao barrocal do Algarve"},"content":{"rendered":"\n<p>O presidente da C\u00e2mara Municipal de Albufeira sente-se muito orgulhoso com a sa\u00edda desta publica\u00e7\u00e3o \u201c\u00e0 luz do dia\u201d por ser mais uma forma de dar a conhecer uma parte do territ\u00f3rio do aspirante a Geoparque Mundial da UNESCO.<\/p>\n\n\n\n<p>\u201cO nosso Escarp\u00e3o bem merece a publica\u00e7\u00e3o deste livro, este estudo louv\u00e1vel sobre uma \u00e1rea \u00fanica e de interesse incomensur\u00e1vel para compreendermos a evolu\u00e7\u00e3o do Planeta Terra. E isto significa devolver o poder \u00e0s pedras, ao longo do dorso de calc\u00e1rio que avistamos quando voltamos as costas ao mar para ver o seu passado no presente\u201d, destaca Jos\u00e9 Carlos Rolo. \u201cEste conhecimento \u00e9 determinante para o futuro. E n\u00e3o \u00e9 segredo para ningu\u00e9m, j\u00e1 o dissemos noutras ocasi\u00f5es, paralelamente ao conhecimento cient\u00edfico, pretendemos aliar uma economia sustent\u00e1vel, fomentando o geoturismo com destaque para a paisagem, a hist\u00f3ria, os saberes e as tradi\u00e7\u00f5es, a cultura, o patrim\u00f3nio edificado, ajudando, desta forma, a fixar a popula\u00e7\u00e3o numa freguesia que se encontra envelhecida e apoiando a economia local\u201d, disse, ainda, refor\u00e7ando a ideia de que \u201ctodos somos embaixadores desta heran\u00e7a, rica em diversidade, em hist\u00f3ria e em promessa de futuro\u201d.<\/p>\n\n\n\n<p>\u201cEste \u00e9 um trabalho pouco habitual, por procurar contar a longa hist\u00f3ria geol\u00f3gica de um lugar espec\u00edfico, com uma abordagem ao mesmo tempo cient\u00edfica e de divulga\u00e7\u00e3o\u201d, refere Nuno Pimentel no pref\u00e1cio da publica\u00e7\u00e3o.<\/p>\n\n\n\n<p>Um livro que conta a hist\u00f3ria geol\u00f3gica do Planalto do Escarp\u00e3o e regi\u00f5es envolventes, agora um dos 10 principais geoss\u00edtios a integrarem a candidatura do aspirante a Geoparque Algarvensis \u00e0 Rede Mundial da UNESCO, mas que, em simult\u00e2neo, evidencia a hist\u00f3ria geol\u00f3gica da bacia do Algarve nascida h\u00e1 milh\u00f5es de anos no Oceano Thetys. A interpreta\u00e7\u00e3o da paisagem tal como presentemente a percecionamos n\u00e3o ficou esquecida e contribuir\u00e1 para olhares mais atentos do Barrocal do Algarve.<\/p>\n\n\n\n<p>Cristina Veiga-Pires, diretora cient\u00edfica do projeto, refor\u00e7a a import\u00e2ncia da obra, sublinhando que \u201cao ler esta obra, o Planalto do Escarp\u00e3o aparece naturalmente como um dos geoss\u00edtios de maior relev\u00e2ncia do territ\u00f3rio do aspirante a Geoparque Algarvensis. Percebe-se a import\u00e2ncia cient\u00edfica da sua hist\u00f3ria geol\u00f3gica, o interesse educacional das suas rochas e f\u00f3sseis, a relev\u00e2ncia cultural da sua paisagem, que, em conjunto integram um novo potencial tur\u00edstico\u201d. Real\u00e7a, ainda, que \u201cno caso do Planalto do Escarp\u00e3o, este potencial assumiu a forma de um novo percurso pedestre: o PR4 \u2013 Um Mergulho pelo mar Jur\u00e1ssico\u201d. \u00c9 o primeiro percurso pensado de raiz para o aspirante Algarvensis, tendo sido desenhado a partir do conhecimento apresentado neste livro, salientou. &nbsp;&nbsp;<\/p>\n","protected":false},"excerpt":{"rendered":"<p>O presidente da C\u00e2mara Municipal de Albufeira sente-se muito orgulhoso com a sa\u00edda desta publica\u00e7\u00e3o \u201c\u00e0 luz do dia\u201d por<\/p>\n","protected":false},"author":1,"featured_media":22111,"comment_status":"closed","ping_status":"open","sticky":false,"template":"","format":"standard","meta":{"colormag_page_container_layout":"default_layout","colormag_page_sidebar_layout":"default_layout","_monsterinsights_skip_tracking":false,"_monsterinsights_sitenote_active":false,"_monsterinsights_sitenote_note":"","_monsterinsights_sitenote_category":0,"jetpack_post_was_ever_published":false,"_jetpack_newsletter_access":"","_jetpack_dont_email_post_to_subs":false,"_jetpack_newsletter_tier_id":0,"_jetpack_memberships_contains_paywalled_content":false,"_jetpack_memberships_contains_paid_content":false,"footnotes":"","jetpack_publicize_message":"","jetpack_publicize_feature_enabled":true,"jetpack_social_post_already_shared":true,"jetpack_social_options":{"image_generator_settings":{"template":"highway","default_image_id":0,"font":"","enabled":false},"version":2}},"categories":[14],"tags":[155,36,35,201],"class_list":["post-22110","post","type-post","status-publish","format-standard","has-post-thumbnail","hentry","category-cultura","tag-albufeira","tag-algarve","tag-cultura","tag-livros"],"yoast_head":"<!-- This site is optimized with the Yoast SEO plugin v27.5 - https:\/\/yoast.com\/product\/yoast-seo-wordpress\/ -->\n<title>Uma hist\u00f3ria com muitos milh\u00f5es de anos \u2013 do oceano thetys ao barrocal do Algarve - Algarve 7<\/title>\n<meta name=\"description\" content=\"Uma hist\u00f3ria com muitos milh\u00f5es de anos \u2013 do oceano thetys ao barrocal do Algarve Cultura\" \/>\n<meta name=\"robots\" content=\"index, follow, max-snippet:-1, max-image-preview:large, max-video-preview:-1\" \/>\n<link rel=\"canonical\" href=\"https:\/\/algarve7.pt\/index.php\/2022\/10\/uma-historia-com-muitos-milhoes-de-anos-do-oceano-thetys-ao-barrocal-do-algarve\/cultura\/14\/29\/\" \/>\n<meta property=\"og:locale\" content=\"pt_PT\" \/>\n<meta property=\"og:type\" content=\"article\" \/>\n<meta property=\"og:title\" content=\"Uma hist\u00f3ria com muitos milh\u00f5es de anos \u2013 do oceano thetys ao barrocal do Algarve - Algarve 7\" \/>\n<meta property=\"og:description\" content=\"Uma hist\u00f3ria com muitos milh\u00f5es de anos \u2013 do oceano thetys ao barrocal do Algarve Cultura\" \/>\n<meta property=\"og:url\" content=\"https:\/\/algarve7.pt\/index.php\/2022\/10\/uma-historia-com-muitos-milhoes-de-anos-do-oceano-thetys-ao-barrocal-do-algarve\/cultura\/14\/29\/\" \/>\n<meta property=\"og:site_name\" content=\"Algarve 7\" \/>\n<meta property=\"article:publisher\" content=\"https:\/\/www.facebook.com\/algarve7\" \/>\n<meta property=\"article:author\" content=\"https:\/\/www.facebook.com\/algarve7\" \/>\n<meta property=\"article:published_time\" content=\"2022-10-04T13:29:27+00:00\" \/>\n<meta property=\"article:modified_time\" content=\"2022-10-04T13:29:29+00:00\" \/>\n<meta property=\"og:image\" content=\"https:\/\/algarve7.pt\/wp-content\/uploads\/2022\/10\/CMA\u00a9RuiGregorio_4254.jpg\" \/>\n\t<meta property=\"og:image:width\" content=\"576\" \/>\n\t<meta property=\"og:image:height\" content=\"768\" \/>\n\t<meta property=\"og:image:type\" content=\"image\/jpeg\" \/>\n<meta name=\"author\" content=\"Algarve 7\" \/>\n<meta name=\"twitter:card\" content=\"summary_large_image\" \/>\n<meta name=\"twitter:creator\" content=\"@Algarvesete\" \/>\n<meta name=\"twitter:site\" content=\"@Algarvesete\" \/>\n<meta name=\"twitter:label1\" content=\"Escrito por\" \/>\n\t<meta name=\"twitter:data1\" content=\"Algarve 7\" \/>\n\t<meta name=\"twitter:label2\" content=\"Tempo estimado de leitura\" \/>\n\t<meta name=\"twitter:data2\" content=\"3 minutos\" \/>\n<script type=\"application\/ld+json\" class=\"yoast-schema-graph\">{\"@context\":\"https:\\\/\\\/schema.org\",\"@graph\":[{\"@type\":\"Article\",\"@id\":\"https:\\\/\\\/algarve7.pt\\\/index.php\\\/2022\\\/10\\\/uma-historia-com-muitos-milhoes-de-anos-do-oceano-thetys-ao-barrocal-do-algarve\\\/cultura\\\/14\\\/29\\\/#article\",\"isPartOf\":{\"@id\":\"https:\\\/\\\/algarve7.pt\\\/index.php\\\/2022\\\/10\\\/uma-historia-com-muitos-milhoes-de-anos-do-oceano-thetys-ao-barrocal-do-algarve\\\/cultura\\\/14\\\/29\\\/\"},\"author\":{\"name\":\"Algarve 7\",\"@id\":\"https:\\\/\\\/algarve7.pt\\\/#\\\/schema\\\/person\\\/23fa70681308e7b319a3204bcea45e0c\"},\"headline\":\"Uma hist\u00f3ria com muitos milh\u00f5es de anos \u2013 do oceano thetys ao barrocal do Algarve\",\"datePublished\":\"2022-10-04T13:29:27+00:00\",\"dateModified\":\"2022-10-04T13:29:29+00:00\",\"mainEntityOfPage\":{\"@id\":\"https:\\\/\\\/algarve7.pt\\\/index.php\\\/2022\\\/10\\\/uma-historia-com-muitos-milhoes-de-anos-do-oceano-thetys-ao-barrocal-do-algarve\\\/cultura\\\/14\\\/29\\\/\"},\"wordCount\":479,\"publisher\":{\"@id\":\"https:\\\/\\\/algarve7.pt\\\/#organization\"},\"image\":{\"@id\":\"https:\\\/\\\/algarve7.pt\\\/index.php\\\/2022\\\/10\\\/uma-historia-com-muitos-milhoes-de-anos-do-oceano-thetys-ao-barrocal-do-algarve\\\/cultura\\\/14\\\/29\\\/#primaryimage\"},\"thumbnailUrl\":\"https:\\\/\\\/algarve7.pt\\\/wp-content\\\/uploads\\\/2022\\\/10\\\/CMA\u00a9RuiGregorio_4254.jpg\",\"keywords\":[\"Albufeira\",\"Algarve\",\"Cultura\",\"Livros\"],\"articleSection\":[\"Cultura\"],\"inLanguage\":\"pt-PT\"},{\"@type\":\"WebPage\",\"@id\":\"https:\\\/\\\/algarve7.pt\\\/index.php\\\/2022\\\/10\\\/uma-historia-com-muitos-milhoes-de-anos-do-oceano-thetys-ao-barrocal-do-algarve\\\/cultura\\\/14\\\/29\\\/\",\"url\":\"https:\\\/\\\/algarve7.pt\\\/index.php\\\/2022\\\/10\\\/uma-historia-com-muitos-milhoes-de-anos-do-oceano-thetys-ao-barrocal-do-algarve\\\/cultura\\\/14\\\/29\\\/\",\"name\":\"Uma hist\u00f3ria com muitos milh\u00f5es de anos \u2013 do oceano thetys ao barrocal do Algarve - Algarve 7\",\"isPartOf\":{\"@id\":\"https:\\\/\\\/algarve7.pt\\\/#website\"},\"primaryImageOfPage\":{\"@id\":\"https:\\\/\\\/algarve7.pt\\\/index.php\\\/2022\\\/10\\\/uma-historia-com-muitos-milhoes-de-anos-do-oceano-thetys-ao-barrocal-do-algarve\\\/cultura\\\/14\\\/29\\\/#primaryimage\"},\"image\":{\"@id\":\"https:\\\/\\\/algarve7.pt\\\/index.php\\\/2022\\\/10\\\/uma-historia-com-muitos-milhoes-de-anos-do-oceano-thetys-ao-barrocal-do-algarve\\\/cultura\\\/14\\\/29\\\/#primaryimage\"},\"thumbnailUrl\":\"https:\\\/\\\/algarve7.pt\\\/wp-content\\\/uploads\\\/2022\\\/10\\\/CMA\u00a9RuiGregorio_4254.jpg\",\"datePublished\":\"2022-10-04T13:29:27+00:00\",\"dateModified\":\"2022-10-04T13:29:29+00:00\",\"description\":\"Uma hist\u00f3ria com muitos milh\u00f5es de anos \u2013 do oceano thetys ao barrocal do Algarve Cultura\",\"breadcrumb\":{\"@id\":\"https:\\\/\\\/algarve7.pt\\\/index.php\\\/2022\\\/10\\\/uma-historia-com-muitos-milhoes-de-anos-do-oceano-thetys-ao-barrocal-do-algarve\\\/cultura\\\/14\\\/29\\\/#breadcrumb\"},\"inLanguage\":\"pt-PT\",\"potentialAction\":[{\"@type\":\"ReadAction\",\"target\":[\"https:\\\/\\\/algarve7.pt\\\/index.php\\\/2022\\\/10\\\/uma-historia-com-muitos-milhoes-de-anos-do-oceano-thetys-ao-barrocal-do-algarve\\\/cultura\\\/14\\\/29\\\/\"]}]},{\"@type\":\"ImageObject\",\"inLanguage\":\"pt-PT\",\"@id\":\"https:\\\/\\\/algarve7.pt\\\/index.php\\\/2022\\\/10\\\/uma-historia-com-muitos-milhoes-de-anos-do-oceano-thetys-ao-barrocal-do-algarve\\\/cultura\\\/14\\\/29\\\/#primaryimage\",\"url\":\"https:\\\/\\\/algarve7.pt\\\/wp-content\\\/uploads\\\/2022\\\/10\\\/CMA\u00a9RuiGregorio_4254.jpg\",\"contentUrl\":\"https:\\\/\\\/algarve7.pt\\\/wp-content\\\/uploads\\\/2022\\\/10\\\/CMA\u00a9RuiGregorio_4254.jpg\",\"width\":576,\"height\":768},{\"@type\":\"BreadcrumbList\",\"@id\":\"https:\\\/\\\/algarve7.pt\\\/index.php\\\/2022\\\/10\\\/uma-historia-com-muitos-milhoes-de-anos-do-oceano-thetys-ao-barrocal-do-algarve\\\/cultura\\\/14\\\/29\\\/#breadcrumb\",\"itemListElement\":[{\"@type\":\"ListItem\",\"position\":1,\"name\":\"In\u00edcio\",\"item\":\"https:\\\/\\\/algarve7.pt\\\/\"},{\"@type\":\"ListItem\",\"position\":2,\"name\":\"Uma hist\u00f3ria com muitos milh\u00f5es de anos \u2013 do oceano thetys ao barrocal do Algarve\"}]},{\"@type\":\"WebSite\",\"@id\":\"https:\\\/\\\/algarve7.pt\\\/#website\",\"url\":\"https:\\\/\\\/algarve7.pt\\\/\",\"name\":\"Algarve 7\",\"description\":\"Informa\u00e7\u00e3o sobre o Algarve\",\"publisher\":{\"@id\":\"https:\\\/\\\/algarve7.pt\\\/#organization\"},\"potentialAction\":[{\"@type\":\"SearchAction\",\"target\":{\"@type\":\"EntryPoint\",\"urlTemplate\":\"https:\\\/\\\/algarve7.pt\\\/?s={search_term_string}\"},\"query-input\":{\"@type\":\"PropertyValueSpecification\",\"valueRequired\":true,\"valueName\":\"search_term_string\"}}],\"inLanguage\":\"pt-PT\"},{\"@type\":\"Organization\",\"@id\":\"https:\\\/\\\/algarve7.pt\\\/#organization\",\"name\":\"Algarve 7\",\"url\":\"https:\\\/\\\/algarve7.pt\\\/\",\"logo\":{\"@type\":\"ImageObject\",\"inLanguage\":\"pt-PT\",\"@id\":\"https:\\\/\\\/algarve7.pt\\\/#\\\/schema\\\/logo\\\/image\\\/\",\"url\":\"https:\\\/\\\/algarve7.pt\\\/wp-content\\\/uploads\\\/2020\\\/10\\\/Logo-8.jpg\",\"contentUrl\":\"https:\\\/\\\/algarve7.pt\\\/wp-content\\\/uploads\\\/2020\\\/10\\\/Logo-8.jpg\",\"width\":1680,\"height\":1186,\"caption\":\"Algarve 7\"},\"image\":{\"@id\":\"https:\\\/\\\/algarve7.pt\\\/#\\\/schema\\\/logo\\\/image\\\/\"},\"sameAs\":[\"https:\\\/\\\/www.facebook.com\\\/algarve7\",\"https:\\\/\\\/x.com\\\/Algarvesete\",\"https:\\\/\\\/www.instagram.com\\\/jornalalgarve7\\\/\",\"https:\\\/\\\/www.linkedin.com\\\/company\\\/algarve7\",\"https:\\\/\\\/www.pinterest.pt\\\/geral0939\\\/_created\\\/\"]},{\"@type\":\"Person\",\"@id\":\"https:\\\/\\\/algarve7.pt\\\/#\\\/schema\\\/person\\\/23fa70681308e7b319a3204bcea45e0c\",\"name\":\"Algarve 7\",\"sameAs\":[\"https:\\\/\\\/algarve7.pt\",\"https:\\\/\\\/www.facebook.com\\\/algarve7\"],\"url\":\"https:\\\/\\\/algarve7.pt\\\/index.php\\\/author\\\/geralalgarve7-pt\\\/\"}]}<\/script>\n<!-- \/ Yoast SEO plugin. -->","yoast_head_json":{"title":"Uma hist\u00f3ria com muitos milh\u00f5es de anos \u2013 do oceano thetys ao barrocal do Algarve - Algarve 7","description":"Uma hist\u00f3ria com muitos milh\u00f5es de anos \u2013 do oceano thetys ao barrocal do Algarve Cultura","robots":{"index":"index","follow":"follow","max-snippet":"max-snippet:-1","max-image-preview":"max-image-preview:large","max-video-preview":"max-video-preview:-1"},"canonical":"https:\/\/algarve7.pt\/index.php\/2022\/10\/uma-historia-com-muitos-milhoes-de-anos-do-oceano-thetys-ao-barrocal-do-algarve\/cultura\/14\/29\/","og_locale":"pt_PT","og_type":"article","og_title":"Uma hist\u00f3ria com muitos milh\u00f5es de anos \u2013 do oceano thetys ao barrocal do Algarve - Algarve 7","og_description":"Uma hist\u00f3ria com muitos milh\u00f5es de anos \u2013 do oceano thetys ao barrocal do Algarve Cultura","og_url":"https:\/\/algarve7.pt\/index.php\/2022\/10\/uma-historia-com-muitos-milhoes-de-anos-do-oceano-thetys-ao-barrocal-do-algarve\/cultura\/14\/29\/","og_site_name":"Algarve 7","article_publisher":"https:\/\/www.facebook.com\/algarve7","article_author":"https:\/\/www.facebook.com\/algarve7","article_published_time":"2022-10-04T13:29:27+00:00","article_modified_time":"2022-10-04T13:29:29+00:00","og_image":[{"width":576,"height":768,"url":"https:\/\/algarve7.pt\/wp-content\/uploads\/2022\/10\/CMA\u00a9RuiGregorio_4254.jpg","type":"image\/jpeg"}],"author":"Algarve 7","twitter_card":"summary_large_image","twitter_creator":"@Algarvesete","twitter_site":"@Algarvesete","twitter_misc":{"Escrito por":"Algarve 7","Tempo estimado de leitura":"3 minutos"},"schema":{"@context":"https:\/\/schema.org","@graph":[{"@type":"Article","@id":"https:\/\/algarve7.pt\/index.php\/2022\/10\/uma-historia-com-muitos-milhoes-de-anos-do-oceano-thetys-ao-barrocal-do-algarve\/cultura\/14\/29\/#article","isPartOf":{"@id":"https:\/\/algarve7.pt\/index.php\/2022\/10\/uma-historia-com-muitos-milhoes-de-anos-do-oceano-thetys-ao-barrocal-do-algarve\/cultura\/14\/29\/"},"author":{"name":"Algarve 7","@id":"https:\/\/algarve7.pt\/#\/schema\/person\/23fa70681308e7b319a3204bcea45e0c"},"headline":"Uma hist\u00f3ria com muitos milh\u00f5es de anos \u2013 do oceano thetys ao barrocal do Algarve","datePublished":"2022-10-04T13:29:27+00:00","dateModified":"2022-10-04T13:29:29+00:00","mainEntityOfPage":{"@id":"https:\/\/algarve7.pt\/index.php\/2022\/10\/uma-historia-com-muitos-milhoes-de-anos-do-oceano-thetys-ao-barrocal-do-algarve\/cultura\/14\/29\/"},"wordCount":479,"publisher":{"@id":"https:\/\/algarve7.pt\/#organization"},"image":{"@id":"https:\/\/algarve7.pt\/index.php\/2022\/10\/uma-historia-com-muitos-milhoes-de-anos-do-oceano-thetys-ao-barrocal-do-algarve\/cultura\/14\/29\/#primaryimage"},"thumbnailUrl":"https:\/\/algarve7.pt\/wp-content\/uploads\/2022\/10\/CMA\u00a9RuiGregorio_4254.jpg","keywords":["Albufeira","Algarve","Cultura","Livros"],"articleSection":["Cultura"],"inLanguage":"pt-PT"},{"@type":"WebPage","@id":"https:\/\/algarve7.pt\/index.php\/2022\/10\/uma-historia-com-muitos-milhoes-de-anos-do-oceano-thetys-ao-barrocal-do-algarve\/cultura\/14\/29\/","url":"https:\/\/algarve7.pt\/index.php\/2022\/10\/uma-historia-com-muitos-milhoes-de-anos-do-oceano-thetys-ao-barrocal-do-algarve\/cultura\/14\/29\/","name":"Uma hist\u00f3ria com muitos milh\u00f5es de anos \u2013 do oceano thetys ao barrocal do Algarve - Algarve 7","isPartOf":{"@id":"https:\/\/algarve7.pt\/#website"},"primaryImageOfPage":{"@id":"https:\/\/algarve7.pt\/index.php\/2022\/10\/uma-historia-com-muitos-milhoes-de-anos-do-oceano-thetys-ao-barrocal-do-algarve\/cultura\/14\/29\/#primaryimage"},"image":{"@id":"https:\/\/algarve7.pt\/index.php\/2022\/10\/uma-historia-com-muitos-milhoes-de-anos-do-oceano-thetys-ao-barrocal-do-algarve\/cultura\/14\/29\/#primaryimage"},"thumbnailUrl":"https:\/\/algarve7.pt\/wp-content\/uploads\/2022\/10\/CMA\u00a9RuiGregorio_4254.jpg","datePublished":"2022-10-04T13:29:27+00:00","dateModified":"2022-10-04T13:29:29+00:00","description":"Uma hist\u00f3ria com muitos milh\u00f5es de anos \u2013 do oceano thetys ao barrocal do Algarve Cultura","breadcrumb":{"@id":"https:\/\/algarve7.pt\/index.php\/2022\/10\/uma-historia-com-muitos-milhoes-de-anos-do-oceano-thetys-ao-barrocal-do-algarve\/cultura\/14\/29\/#breadcrumb"},"inLanguage":"pt-PT","potentialAction":[{"@type":"ReadAction","target":["https:\/\/algarve7.pt\/index.php\/2022\/10\/uma-historia-com-muitos-milhoes-de-anos-do-oceano-thetys-ao-barrocal-do-algarve\/cultura\/14\/29\/"]}]},{"@type":"ImageObject","inLanguage":"pt-PT","@id":"https:\/\/algarve7.pt\/index.php\/2022\/10\/uma-historia-com-muitos-milhoes-de-anos-do-oceano-thetys-ao-barrocal-do-algarve\/cultura\/14\/29\/#primaryimage","url":"https:\/\/algarve7.pt\/wp-content\/uploads\/2022\/10\/CMA\u00a9RuiGregorio_4254.jpg","contentUrl":"https:\/\/algarve7.pt\/wp-content\/uploads\/2022\/10\/CMA\u00a9RuiGregorio_4254.jpg","width":576,"height":768},{"@type":"BreadcrumbList","@id":"https:\/\/algarve7.pt\/index.php\/2022\/10\/uma-historia-com-muitos-milhoes-de-anos-do-oceano-thetys-ao-barrocal-do-algarve\/cultura\/14\/29\/#breadcrumb","itemListElement":[{"@type":"ListItem","position":1,"name":"In\u00edcio","item":"https:\/\/algarve7.pt\/"},{"@type":"ListItem","position":2,"name":"Uma hist\u00f3ria com muitos milh\u00f5es de anos \u2013 do oceano thetys ao barrocal do Algarve"}]},{"@type":"WebSite","@id":"https:\/\/algarve7.pt\/#website","url":"https:\/\/algarve7.pt\/","name":"Algarve 7","description":"Informa\u00e7\u00e3o sobre o Algarve","publisher":{"@id":"https:\/\/algarve7.pt\/#organization"},"potentialAction":[{"@type":"SearchAction","target":{"@type":"EntryPoint","urlTemplate":"https:\/\/algarve7.pt\/?s={search_term_string}"},"query-input":{"@type":"PropertyValueSpecification","valueRequired":true,"valueName":"search_term_string"}}],"inLanguage":"pt-PT"},{"@type":"Organization","@id":"https:\/\/algarve7.pt\/#organization","name":"Algarve 7","url":"https:\/\/algarve7.pt\/","logo":{"@type":"ImageObject","inLanguage":"pt-PT","@id":"https:\/\/algarve7.pt\/#\/schema\/logo\/image\/","url":"https:\/\/algarve7.pt\/wp-content\/uploads\/2020\/10\/Logo-8.jpg","contentUrl":"https:\/\/algarve7.pt\/wp-content\/uploads\/2020\/10\/Logo-8.jpg","width":1680,"height":1186,"caption":"Algarve 7"},"image":{"@id":"https:\/\/algarve7.pt\/#\/schema\/logo\/image\/"},"sameAs":["https:\/\/www.facebook.com\/algarve7","https:\/\/x.com\/Algarvesete","https:\/\/www.instagram.com\/jornalalgarve7\/","https:\/\/www.linkedin.com\/company\/algarve7","https:\/\/www.pinterest.pt\/geral0939\/_created\/"]},{"@type":"Person","@id":"https:\/\/algarve7.pt\/#\/schema\/person\/23fa70681308e7b319a3204bcea45e0c","name":"Algarve 7","sameAs":["https:\/\/algarve7.pt","https:\/\/www.facebook.com\/algarve7"],"url":"https:\/\/algarve7.pt\/index.php\/author\/geralalgarve7-pt\/"}]}},"jetpack_publicize_connections":[],"jetpack_featured_media_url":"https:\/\/algarve7.pt\/wp-content\/uploads\/2022\/10\/CMA\u00a9RuiGregorio_4254.jpg","jetpack_shortlink":"https:\/\/wp.me\/pcezmW-5KC","jetpack_sharing_enabled":true,"_links":{"self":[{"href":"https:\/\/algarve7.pt\/index.php\/wp-json\/wp\/v2\/posts\/22110","targetHints":{"allow":["GET"]}}],"collection":[{"href":"https:\/\/algarve7.pt\/index.php\/wp-json\/wp\/v2\/posts"}],"about":[{"href":"https:\/\/algarve7.pt\/index.php\/wp-json\/wp\/v2\/types\/post"}],"author":[{"embeddable":true,"href":"https:\/\/algarve7.pt\/index.php\/wp-json\/wp\/v2\/users\/1"}],"replies":[{"embeddable":true,"href":"https:\/\/algarve7.pt\/index.php\/wp-json\/wp\/v2\/comments?post=22110"}],"version-history":[{"count":0,"href":"https:\/\/algarve7.pt\/index.php\/wp-json\/wp\/v2\/posts\/22110\/revisions"}],"wp:featuredmedia":[{"embeddable":true,"href":"https:\/\/algarve7.pt\/index.php\/wp-json\/wp\/v2\/media\/22111"}],"wp:attachment":[{"href":"https:\/\/algarve7.pt\/index.php\/wp-json\/wp\/v2\/media?parent=22110"}],"wp:term":[{"taxonomy":"category","embeddable":true,"href":"https:\/\/algarve7.pt\/index.php\/wp-json\/wp\/v2\/categories?post=22110"},{"taxonomy":"post_tag","embeddable":true,"href":"https:\/\/algarve7.pt\/index.php\/wp-json\/wp\/v2\/tags?post=22110"}],"curies":[{"name":"wp","href":"https:\/\/api.w.org\/{rel}","templated":true}]}}