{"id":22103,"date":"2022-10-04T11:00:00","date_gmt":"2022-10-04T10:00:00","guid":{"rendered":"https:\/\/algarve7.pt\/?p=22103"},"modified":"2022-10-04T08:25:35","modified_gmt":"2022-10-04T07:25:35","slug":"municipio-de-loule-volta-ao-mercado-para-encontrar-imoveis-para-habitacao-publica","status":"publish","type":"post","link":"https:\/\/algarve7.pt\/index.php\/2022\/10\/municipio-de-loule-volta-ao-mercado-para-encontrar-imoveis-para-habitacao-publica\/economia\/11\/00\/","title":{"rendered":"Munic\u00edpio de Loul\u00e9 volta ao mercado para encontrar im\u00f3veis para habita\u00e7\u00e3o p\u00fablica"},"content":{"rendered":"\n<p>Pela quarta vez, a C\u00e2mara Municipal de Loul\u00e9 volta a consultar o mercado imobili\u00e1rio para tentar encontrar im\u00f3veis para aquisi\u00e7\u00e3o e arrendamento, destinados \u00e0 habita\u00e7\u00e3o p\u00fablica.<\/p>\n\n\n\n<p>No \u00e2mbito da Estrat\u00e9gia Local de Habita\u00e7\u00e3o 2019-2030, esta consulta far-se-\u00e1 sem compromisso, sendo poss\u00edvel os interessados apresentarem propostas at\u00e9 ao dia 31 de outubro.<\/p>\n\n\n\n<p>As propostas dever\u00e3o destinar-se exclusivamente a fins habitacionais, respeitando apenas a im\u00f3veis localizados no concelho de Loul\u00e9, nas tipologias de T1 a T4, com condi\u00e7\u00f5es de habitabilidade e que n\u00e3o care\u00e7am de obras de reabilita\u00e7\u00e3o, conserva\u00e7\u00e3o ou remodela\u00e7\u00e3o.<\/p>\n\n\n\n<p>Al\u00e9m disso, os im\u00f3veis devem dispor de todas as redes de infraestruturas em funcionamento, designadamente, \u00e1gua, saneamento, drenagem, eletricidade e telecomunica\u00e7\u00f5es, al\u00e9m da necess\u00e1ria documenta\u00e7\u00e3o atualizada.<\/p>\n\n\n\n<p>A entrega das propostas poder\u00e1 ser realizada atrav\u00e9s do e-mail <a href=\"mailto:habita@cm-loule.pt\" target=\"_blank\" rel=\"noreferrer noopener\">habita@cm-loule.pt<\/a>, com men\u00e7\u00e3o do assunto \u201cHabita\u00e7\u00e3o &#8211; Consulta ao Mercado de setembro de 2022\u201d. Poder\u00e3o, ainda, ser entregues diretamente no servi\u00e7o de expediente do Munic\u00edpio ou atrav\u00e9s de via postal. Os interessados poder\u00e3o obter mais informa\u00e7\u00f5es atrav\u00e9s do Gabinete de Estrat\u00e9gia Local de Habita\u00e7\u00e3o (telefone 289 400 714).<\/p>\n\n\n\n<p>Com esta iniciativa pretende a Autarquia de Loul\u00e9 refor\u00e7ar o conjunto de a\u00e7\u00f5es que permitam cimentar as solu\u00e7\u00f5es habitacionais no concelho de Loul\u00e9, e que tiveram recentemente mais um avan\u00e7o com o in\u00edcio do procedimento de concurso para a constru\u00e7\u00e3o de 64 fogos de habita\u00e7\u00e3o no Loteamento da Clona, na cidade de Loul\u00e9.<\/p>\n\n\n\n<p>Recorde-se que, at\u00e9 2030, o objetivo \u00e9 apoiar cerca de 1400 fam\u00edlias ao abrigo da Estrat\u00e9gia Local de Habita\u00e7\u00e3o.<\/p>\n","protected":false},"excerpt":{"rendered":"<p>Pela quarta vez, a C\u00e2mara Municipal de Loul\u00e9 volta a consultar o mercado imobili\u00e1rio para tentar encontrar im\u00f3veis para aquisi\u00e7\u00e3o<\/p>\n","protected":false},"author":1,"featured_media":22104,"comment_status":"closed","ping_status":"open","sticky":false,"template":"","format":"standard","meta":{"colormag_page_container_layout":"default_layout","colormag_page_sidebar_layout":"default_layout","_monsterinsights_skip_tracking":false,"_monsterinsights_sitenote_active":false,"_monsterinsights_sitenote_note":"","_monsterinsights_sitenote_category":0,"jetpack_post_was_ever_published":false,"_jetpack_newsletter_access":"","_jetpack_dont_email_post_to_subs":false,"_jetpack_newsletter_tier_id":0,"_jetpack_memberships_contains_paywalled_content":false,"_jetpack_memberships_contains_paid_content":false,"footnotes":"","jetpack_publicize_message":"","jetpack_publicize_feature_enabled":true,"jetpack_social_post_already_shared":true,"jetpack_social_options":{"image_generator_settings":{"template":"highway","default_image_id":0,"font":"","enabled":false},"version":2}},"categories":[151],"tags":[36,153,148,31],"class_list":["post-22103","post","type-post","status-publish","format-standard","has-post-thumbnail","hentry","category-economia","tag-algarve","tag-economia","tag-habitacao","tag-loule"],"yoast_head":"<!-- This site is optimized with the Yoast SEO plugin v27.5 - https:\/\/yoast.com\/product\/yoast-seo-wordpress\/ -->\n<title>Munic\u00edpio de Loul\u00e9 volta ao mercado para encontrar im\u00f3veis para habita\u00e7\u00e3o p\u00fablica - Algarve 7<\/title>\n<meta name=\"description\" content=\"Munic\u00edpio de Loul\u00e9 volta ao mercado para encontrar im\u00f3veis para habita\u00e7\u00e3o p\u00fablica Economia\" \/>\n<meta name=\"robots\" content=\"index, follow, max-snippet:-1, max-image-preview:large, max-video-preview:-1\" \/>\n<link rel=\"canonical\" href=\"https:\/\/algarve7.pt\/index.php\/2022\/10\/municipio-de-loule-volta-ao-mercado-para-encontrar-imoveis-para-habitacao-publica\/economia\/11\/00\/\" \/>\n<meta property=\"og:locale\" content=\"pt_PT\" \/>\n<meta property=\"og:type\" content=\"article\" \/>\n<meta property=\"og:title\" content=\"Munic\u00edpio de Loul\u00e9 volta ao mercado para encontrar im\u00f3veis para habita\u00e7\u00e3o p\u00fablica - Algarve 7\" \/>\n<meta property=\"og:description\" content=\"Munic\u00edpio de Loul\u00e9 volta ao mercado para encontrar im\u00f3veis para habita\u00e7\u00e3o p\u00fablica Economia\" \/>\n<meta property=\"og:url\" content=\"https:\/\/algarve7.pt\/index.php\/2022\/10\/municipio-de-loule-volta-ao-mercado-para-encontrar-imoveis-para-habitacao-publica\/economia\/11\/00\/\" \/>\n<meta property=\"og:site_name\" content=\"Algarve 7\" \/>\n<meta property=\"article:publisher\" content=\"https:\/\/www.facebook.com\/algarve7\" \/>\n<meta property=\"article:author\" content=\"https:\/\/www.facebook.com\/algarve7\" \/>\n<meta property=\"article:published_time\" content=\"2022-10-04T10:00:00+00:00\" \/>\n<meta property=\"og:image\" content=\"https:\/\/algarve7.pt\/wp-content\/uploads\/2022\/10\/Habitac\u0327a\u0303o2.jpg\" \/>\n\t<meta property=\"og:image:width\" content=\"2121\" \/>\n\t<meta property=\"og:image:height\" content=\"1414\" \/>\n\t<meta property=\"og:image:type\" content=\"image\/jpeg\" \/>\n<meta name=\"author\" content=\"Algarve 7\" \/>\n<meta name=\"twitter:card\" content=\"summary_large_image\" \/>\n<meta name=\"twitter:creator\" content=\"@Algarvesete\" \/>\n<meta name=\"twitter:site\" content=\"@Algarvesete\" \/>\n<meta name=\"twitter:label1\" content=\"Escrito por\" \/>\n\t<meta name=\"twitter:data1\" content=\"Algarve 7\" \/>\n\t<meta name=\"twitter:label2\" content=\"Tempo estimado de leitura\" \/>\n\t<meta name=\"twitter:data2\" content=\"2 minutos\" \/>\n<script type=\"application\/ld+json\" class=\"yoast-schema-graph\">{\"@context\":\"https:\\\/\\\/schema.org\",\"@graph\":[{\"@type\":\"Article\",\"@id\":\"https:\\\/\\\/algarve7.pt\\\/index.php\\\/2022\\\/10\\\/municipio-de-loule-volta-ao-mercado-para-encontrar-imoveis-para-habitacao-publica\\\/economia\\\/11\\\/00\\\/#article\",\"isPartOf\":{\"@id\":\"https:\\\/\\\/algarve7.pt\\\/index.php\\\/2022\\\/10\\\/municipio-de-loule-volta-ao-mercado-para-encontrar-imoveis-para-habitacao-publica\\\/economia\\\/11\\\/00\\\/\"},\"author\":{\"name\":\"Algarve 7\",\"@id\":\"https:\\\/\\\/algarve7.pt\\\/#\\\/schema\\\/person\\\/23fa70681308e7b319a3204bcea45e0c\"},\"headline\":\"Munic\u00edpio de Loul\u00e9 volta ao mercado para encontrar im\u00f3veis para habita\u00e7\u00e3o p\u00fablica\",\"datePublished\":\"2022-10-04T10:00:00+00:00\",\"mainEntityOfPage\":{\"@id\":\"https:\\\/\\\/algarve7.pt\\\/index.php\\\/2022\\\/10\\\/municipio-de-loule-volta-ao-mercado-para-encontrar-imoveis-para-habitacao-publica\\\/economia\\\/11\\\/00\\\/\"},\"wordCount\":298,\"publisher\":{\"@id\":\"https:\\\/\\\/algarve7.pt\\\/#organization\"},\"image\":{\"@id\":\"https:\\\/\\\/algarve7.pt\\\/index.php\\\/2022\\\/10\\\/municipio-de-loule-volta-ao-mercado-para-encontrar-imoveis-para-habitacao-publica\\\/economia\\\/11\\\/00\\\/#primaryimage\"},\"thumbnailUrl\":\"https:\\\/\\\/algarve7.pt\\\/wp-content\\\/uploads\\\/2022\\\/10\\\/Habitac\u0327a\u0303o2.jpg\",\"keywords\":[\"Algarve\",\"Economia\",\"Habita\u00e7\u00e3o\",\"Loul\u00e9\"],\"articleSection\":[\"Economia\"],\"inLanguage\":\"pt-PT\"},{\"@type\":\"WebPage\",\"@id\":\"https:\\\/\\\/algarve7.pt\\\/index.php\\\/2022\\\/10\\\/municipio-de-loule-volta-ao-mercado-para-encontrar-imoveis-para-habitacao-publica\\\/economia\\\/11\\\/00\\\/\",\"url\":\"https:\\\/\\\/algarve7.pt\\\/index.php\\\/2022\\\/10\\\/municipio-de-loule-volta-ao-mercado-para-encontrar-imoveis-para-habitacao-publica\\\/economia\\\/11\\\/00\\\/\",\"name\":\"Munic\u00edpio de Loul\u00e9 volta ao mercado para encontrar im\u00f3veis para habita\u00e7\u00e3o p\u00fablica - Algarve 7\",\"isPartOf\":{\"@id\":\"https:\\\/\\\/algarve7.pt\\\/#website\"},\"primaryImageOfPage\":{\"@id\":\"https:\\\/\\\/algarve7.pt\\\/index.php\\\/2022\\\/10\\\/municipio-de-loule-volta-ao-mercado-para-encontrar-imoveis-para-habitacao-publica\\\/economia\\\/11\\\/00\\\/#primaryimage\"},\"image\":{\"@id\":\"https:\\\/\\\/algarve7.pt\\\/index.php\\\/2022\\\/10\\\/municipio-de-loule-volta-ao-mercado-para-encontrar-imoveis-para-habitacao-publica\\\/economia\\\/11\\\/00\\\/#primaryimage\"},\"thumbnailUrl\":\"https:\\\/\\\/algarve7.pt\\\/wp-content\\\/uploads\\\/2022\\\/10\\\/Habitac\u0327a\u0303o2.jpg\",\"datePublished\":\"2022-10-04T10:00:00+00:00\",\"description\":\"Munic\u00edpio de Loul\u00e9 volta ao mercado para encontrar im\u00f3veis para habita\u00e7\u00e3o p\u00fablica Economia\",\"breadcrumb\":{\"@id\":\"https:\\\/\\\/algarve7.pt\\\/index.php\\\/2022\\\/10\\\/municipio-de-loule-volta-ao-mercado-para-encontrar-imoveis-para-habitacao-publica\\\/economia\\\/11\\\/00\\\/#breadcrumb\"},\"inLanguage\":\"pt-PT\",\"potentialAction\":[{\"@type\":\"ReadAction\",\"target\":[\"https:\\\/\\\/algarve7.pt\\\/index.php\\\/2022\\\/10\\\/municipio-de-loule-volta-ao-mercado-para-encontrar-imoveis-para-habitacao-publica\\\/economia\\\/11\\\/00\\\/\"]}]},{\"@type\":\"ImageObject\",\"inLanguage\":\"pt-PT\",\"@id\":\"https:\\\/\\\/algarve7.pt\\\/index.php\\\/2022\\\/10\\\/municipio-de-loule-volta-ao-mercado-para-encontrar-imoveis-para-habitacao-publica\\\/economia\\\/11\\\/00\\\/#primaryimage\",\"url\":\"https:\\\/\\\/algarve7.pt\\\/wp-content\\\/uploads\\\/2022\\\/10\\\/Habitac\u0327a\u0303o2.jpg\",\"contentUrl\":\"https:\\\/\\\/algarve7.pt\\\/wp-content\\\/uploads\\\/2022\\\/10\\\/Habitac\u0327a\u0303o2.jpg\",\"width\":2121,\"height\":1414,\"caption\":\"Adult and child hands holding paper house, family home and real estate concept\"},{\"@type\":\"BreadcrumbList\",\"@id\":\"https:\\\/\\\/algarve7.pt\\\/index.php\\\/2022\\\/10\\\/municipio-de-loule-volta-ao-mercado-para-encontrar-imoveis-para-habitacao-publica\\\/economia\\\/11\\\/00\\\/#breadcrumb\",\"itemListElement\":[{\"@type\":\"ListItem\",\"position\":1,\"name\":\"In\u00edcio\",\"item\":\"https:\\\/\\\/algarve7.pt\\\/\"},{\"@type\":\"ListItem\",\"position\":2,\"name\":\"Munic\u00edpio de Loul\u00e9 volta ao mercado para encontrar im\u00f3veis para habita\u00e7\u00e3o p\u00fablica\"}]},{\"@type\":\"WebSite\",\"@id\":\"https:\\\/\\\/algarve7.pt\\\/#website\",\"url\":\"https:\\\/\\\/algarve7.pt\\\/\",\"name\":\"Algarve 7\",\"description\":\"Informa\u00e7\u00e3o sobre o Algarve\",\"publisher\":{\"@id\":\"https:\\\/\\\/algarve7.pt\\\/#organization\"},\"potentialAction\":[{\"@type\":\"SearchAction\",\"target\":{\"@type\":\"EntryPoint\",\"urlTemplate\":\"https:\\\/\\\/algarve7.pt\\\/?s={search_term_string}\"},\"query-input\":{\"@type\":\"PropertyValueSpecification\",\"valueRequired\":true,\"valueName\":\"search_term_string\"}}],\"inLanguage\":\"pt-PT\"},{\"@type\":\"Organization\",\"@id\":\"https:\\\/\\\/algarve7.pt\\\/#organization\",\"name\":\"Algarve 7\",\"url\":\"https:\\\/\\\/algarve7.pt\\\/\",\"logo\":{\"@type\":\"ImageObject\",\"inLanguage\":\"pt-PT\",\"@id\":\"https:\\\/\\\/algarve7.pt\\\/#\\\/schema\\\/logo\\\/image\\\/\",\"url\":\"https:\\\/\\\/algarve7.pt\\\/wp-content\\\/uploads\\\/2020\\\/10\\\/Logo-8.jpg\",\"contentUrl\":\"https:\\\/\\\/algarve7.pt\\\/wp-content\\\/uploads\\\/2020\\\/10\\\/Logo-8.jpg\",\"width\":1680,\"height\":1186,\"caption\":\"Algarve 7\"},\"image\":{\"@id\":\"https:\\\/\\\/algarve7.pt\\\/#\\\/schema\\\/logo\\\/image\\\/\"},\"sameAs\":[\"https:\\\/\\\/www.facebook.com\\\/algarve7\",\"https:\\\/\\\/x.com\\\/Algarvesete\",\"https:\\\/\\\/www.instagram.com\\\/jornalalgarve7\\\/\",\"https:\\\/\\\/www.linkedin.com\\\/company\\\/algarve7\",\"https:\\\/\\\/www.pinterest.pt\\\/geral0939\\\/_created\\\/\"]},{\"@type\":\"Person\",\"@id\":\"https:\\\/\\\/algarve7.pt\\\/#\\\/schema\\\/person\\\/23fa70681308e7b319a3204bcea45e0c\",\"name\":\"Algarve 7\",\"sameAs\":[\"https:\\\/\\\/algarve7.pt\",\"https:\\\/\\\/www.facebook.com\\\/algarve7\"],\"url\":\"https:\\\/\\\/algarve7.pt\\\/index.php\\\/author\\\/geralalgarve7-pt\\\/\"}]}<\/script>\n<!-- \/ Yoast SEO plugin. -->","yoast_head_json":{"title":"Munic\u00edpio de Loul\u00e9 volta ao mercado para encontrar im\u00f3veis para habita\u00e7\u00e3o p\u00fablica - Algarve 7","description":"Munic\u00edpio de Loul\u00e9 volta ao mercado para encontrar im\u00f3veis para habita\u00e7\u00e3o p\u00fablica Economia","robots":{"index":"index","follow":"follow","max-snippet":"max-snippet:-1","max-image-preview":"max-image-preview:large","max-video-preview":"max-video-preview:-1"},"canonical":"https:\/\/algarve7.pt\/index.php\/2022\/10\/municipio-de-loule-volta-ao-mercado-para-encontrar-imoveis-para-habitacao-publica\/economia\/11\/00\/","og_locale":"pt_PT","og_type":"article","og_title":"Munic\u00edpio de Loul\u00e9 volta ao mercado para encontrar im\u00f3veis para habita\u00e7\u00e3o p\u00fablica - Algarve 7","og_description":"Munic\u00edpio de Loul\u00e9 volta ao mercado para encontrar im\u00f3veis para habita\u00e7\u00e3o p\u00fablica Economia","og_url":"https:\/\/algarve7.pt\/index.php\/2022\/10\/municipio-de-loule-volta-ao-mercado-para-encontrar-imoveis-para-habitacao-publica\/economia\/11\/00\/","og_site_name":"Algarve 7","article_publisher":"https:\/\/www.facebook.com\/algarve7","article_author":"https:\/\/www.facebook.com\/algarve7","article_published_time":"2022-10-04T10:00:00+00:00","og_image":[{"width":2121,"height":1414,"url":"https:\/\/algarve7.pt\/wp-content\/uploads\/2022\/10\/Habitac\u0327a\u0303o2.jpg","type":"image\/jpeg"}],"author":"Algarve 7","twitter_card":"summary_large_image","twitter_creator":"@Algarvesete","twitter_site":"@Algarvesete","twitter_misc":{"Escrito por":"Algarve 7","Tempo estimado de leitura":"2 minutos"},"schema":{"@context":"https:\/\/schema.org","@graph":[{"@type":"Article","@id":"https:\/\/algarve7.pt\/index.php\/2022\/10\/municipio-de-loule-volta-ao-mercado-para-encontrar-imoveis-para-habitacao-publica\/economia\/11\/00\/#article","isPartOf":{"@id":"https:\/\/algarve7.pt\/index.php\/2022\/10\/municipio-de-loule-volta-ao-mercado-para-encontrar-imoveis-para-habitacao-publica\/economia\/11\/00\/"},"author":{"name":"Algarve 7","@id":"https:\/\/algarve7.pt\/#\/schema\/person\/23fa70681308e7b319a3204bcea45e0c"},"headline":"Munic\u00edpio de Loul\u00e9 volta ao mercado para encontrar im\u00f3veis para habita\u00e7\u00e3o p\u00fablica","datePublished":"2022-10-04T10:00:00+00:00","mainEntityOfPage":{"@id":"https:\/\/algarve7.pt\/index.php\/2022\/10\/municipio-de-loule-volta-ao-mercado-para-encontrar-imoveis-para-habitacao-publica\/economia\/11\/00\/"},"wordCount":298,"publisher":{"@id":"https:\/\/algarve7.pt\/#organization"},"image":{"@id":"https:\/\/algarve7.pt\/index.php\/2022\/10\/municipio-de-loule-volta-ao-mercado-para-encontrar-imoveis-para-habitacao-publica\/economia\/11\/00\/#primaryimage"},"thumbnailUrl":"https:\/\/algarve7.pt\/wp-content\/uploads\/2022\/10\/Habitac\u0327a\u0303o2.jpg","keywords":["Algarve","Economia","Habita\u00e7\u00e3o","Loul\u00e9"],"articleSection":["Economia"],"inLanguage":"pt-PT"},{"@type":"WebPage","@id":"https:\/\/algarve7.pt\/index.php\/2022\/10\/municipio-de-loule-volta-ao-mercado-para-encontrar-imoveis-para-habitacao-publica\/economia\/11\/00\/","url":"https:\/\/algarve7.pt\/index.php\/2022\/10\/municipio-de-loule-volta-ao-mercado-para-encontrar-imoveis-para-habitacao-publica\/economia\/11\/00\/","name":"Munic\u00edpio de Loul\u00e9 volta ao mercado para encontrar im\u00f3veis para habita\u00e7\u00e3o p\u00fablica - Algarve 7","isPartOf":{"@id":"https:\/\/algarve7.pt\/#website"},"primaryImageOfPage":{"@id":"https:\/\/algarve7.pt\/index.php\/2022\/10\/municipio-de-loule-volta-ao-mercado-para-encontrar-imoveis-para-habitacao-publica\/economia\/11\/00\/#primaryimage"},"image":{"@id":"https:\/\/algarve7.pt\/index.php\/2022\/10\/municipio-de-loule-volta-ao-mercado-para-encontrar-imoveis-para-habitacao-publica\/economia\/11\/00\/#primaryimage"},"thumbnailUrl":"https:\/\/algarve7.pt\/wp-content\/uploads\/2022\/10\/Habitac\u0327a\u0303o2.jpg","datePublished":"2022-10-04T10:00:00+00:00","description":"Munic\u00edpio de Loul\u00e9 volta ao mercado para encontrar im\u00f3veis para habita\u00e7\u00e3o p\u00fablica Economia","breadcrumb":{"@id":"https:\/\/algarve7.pt\/index.php\/2022\/10\/municipio-de-loule-volta-ao-mercado-para-encontrar-imoveis-para-habitacao-publica\/economia\/11\/00\/#breadcrumb"},"inLanguage":"pt-PT","potentialAction":[{"@type":"ReadAction","target":["https:\/\/algarve7.pt\/index.php\/2022\/10\/municipio-de-loule-volta-ao-mercado-para-encontrar-imoveis-para-habitacao-publica\/economia\/11\/00\/"]}]},{"@type":"ImageObject","inLanguage":"pt-PT","@id":"https:\/\/algarve7.pt\/index.php\/2022\/10\/municipio-de-loule-volta-ao-mercado-para-encontrar-imoveis-para-habitacao-publica\/economia\/11\/00\/#primaryimage","url":"https:\/\/algarve7.pt\/wp-content\/uploads\/2022\/10\/Habitac\u0327a\u0303o2.jpg","contentUrl":"https:\/\/algarve7.pt\/wp-content\/uploads\/2022\/10\/Habitac\u0327a\u0303o2.jpg","width":2121,"height":1414,"caption":"Adult and child hands holding paper house, family home and real estate concept"},{"@type":"BreadcrumbList","@id":"https:\/\/algarve7.pt\/index.php\/2022\/10\/municipio-de-loule-volta-ao-mercado-para-encontrar-imoveis-para-habitacao-publica\/economia\/11\/00\/#breadcrumb","itemListElement":[{"@type":"ListItem","position":1,"name":"In\u00edcio","item":"https:\/\/algarve7.pt\/"},{"@type":"ListItem","position":2,"name":"Munic\u00edpio de Loul\u00e9 volta ao mercado para encontrar im\u00f3veis para habita\u00e7\u00e3o p\u00fablica"}]},{"@type":"WebSite","@id":"https:\/\/algarve7.pt\/#website","url":"https:\/\/algarve7.pt\/","name":"Algarve 7","description":"Informa\u00e7\u00e3o sobre o Algarve","publisher":{"@id":"https:\/\/algarve7.pt\/#organization"},"potentialAction":[{"@type":"SearchAction","target":{"@type":"EntryPoint","urlTemplate":"https:\/\/algarve7.pt\/?s={search_term_string}"},"query-input":{"@type":"PropertyValueSpecification","valueRequired":true,"valueName":"search_term_string"}}],"inLanguage":"pt-PT"},{"@type":"Organization","@id":"https:\/\/algarve7.pt\/#organization","name":"Algarve 7","url":"https:\/\/algarve7.pt\/","logo":{"@type":"ImageObject","inLanguage":"pt-PT","@id":"https:\/\/algarve7.pt\/#\/schema\/logo\/image\/","url":"https:\/\/algarve7.pt\/wp-content\/uploads\/2020\/10\/Logo-8.jpg","contentUrl":"https:\/\/algarve7.pt\/wp-content\/uploads\/2020\/10\/Logo-8.jpg","width":1680,"height":1186,"caption":"Algarve 7"},"image":{"@id":"https:\/\/algarve7.pt\/#\/schema\/logo\/image\/"},"sameAs":["https:\/\/www.facebook.com\/algarve7","https:\/\/x.com\/Algarvesete","https:\/\/www.instagram.com\/jornalalgarve7\/","https:\/\/www.linkedin.com\/company\/algarve7","https:\/\/www.pinterest.pt\/geral0939\/_created\/"]},{"@type":"Person","@id":"https:\/\/algarve7.pt\/#\/schema\/person\/23fa70681308e7b319a3204bcea45e0c","name":"Algarve 7","sameAs":["https:\/\/algarve7.pt","https:\/\/www.facebook.com\/algarve7"],"url":"https:\/\/algarve7.pt\/index.php\/author\/geralalgarve7-pt\/"}]}},"jetpack_publicize_connections":[],"jetpack_featured_media_url":"https:\/\/algarve7.pt\/wp-content\/uploads\/2022\/10\/Habitac\u0327a\u0303o2.jpg","jetpack_shortlink":"https:\/\/wp.me\/pcezmW-5Kv","jetpack_sharing_enabled":true,"_links":{"self":[{"href":"https:\/\/algarve7.pt\/index.php\/wp-json\/wp\/v2\/posts\/22103","targetHints":{"allow":["GET"]}}],"collection":[{"href":"https:\/\/algarve7.pt\/index.php\/wp-json\/wp\/v2\/posts"}],"about":[{"href":"https:\/\/algarve7.pt\/index.php\/wp-json\/wp\/v2\/types\/post"}],"author":[{"embeddable":true,"href":"https:\/\/algarve7.pt\/index.php\/wp-json\/wp\/v2\/users\/1"}],"replies":[{"embeddable":true,"href":"https:\/\/algarve7.pt\/index.php\/wp-json\/wp\/v2\/comments?post=22103"}],"version-history":[{"count":0,"href":"https:\/\/algarve7.pt\/index.php\/wp-json\/wp\/v2\/posts\/22103\/revisions"}],"wp:featuredmedia":[{"embeddable":true,"href":"https:\/\/algarve7.pt\/index.php\/wp-json\/wp\/v2\/media\/22104"}],"wp:attachment":[{"href":"https:\/\/algarve7.pt\/index.php\/wp-json\/wp\/v2\/media?parent=22103"}],"wp:term":[{"taxonomy":"category","embeddable":true,"href":"https:\/\/algarve7.pt\/index.php\/wp-json\/wp\/v2\/categories?post=22103"},{"taxonomy":"post_tag","embeddable":true,"href":"https:\/\/algarve7.pt\/index.php\/wp-json\/wp\/v2\/tags?post=22103"}],"curies":[{"name":"wp","href":"https:\/\/api.w.org\/{rel}","templated":true}]}}