{"id":21908,"date":"2022-09-27T10:45:00","date_gmt":"2022-09-27T09:45:00","guid":{"rendered":"https:\/\/algarve7.pt\/?p=21908"},"modified":"2022-09-26T22:58:09","modified_gmt":"2022-09-26T21:58:09","slug":"novos-estudantes-da-ualg-percorrem-8-km-em-atividade-de-integracao-saudavel","status":"publish","type":"post","link":"https:\/\/algarve7.pt\/index.php\/2022\/09\/novos-estudantes-da-ualg-percorrem-8-km-em-atividade-de-integracao-saudavel\/educacao\/10\/45\/","title":{"rendered":"Novos estudantes da UAlg percorrem 8 Km em atividade de integra\u00e7\u00e3o saud\u00e1vel"},"content":{"rendered":"\n<p>A vice-reitora para a Internacionaliza\u00e7\u00e3o e Desenvolvimento Sustent\u00e1vel, Alexandra Teod\u00f3sio, sublinha a import\u00e2ncia deste tipo de atividades, que promovem uma integra\u00e7\u00e3o saud\u00e1vel e sustent\u00e1vel dos estudantes na Academia. \u201cTrata-se de criar alternativas na UAlg a uma inclus\u00e3o mais solid\u00e1ria e democr\u00e1tica dos rec\u00e9m-chegados \u00e0 regi\u00e3o, ou apenas rec\u00e9m-chegados \u00e0 nossa Universidade. Desta forma, beneficiam da possibilidade de conhecer melhor os&nbsp;<em>campi<\/em>, fazer amizade com colegas de cursos distintos e em ambiente multilingu\u00edstico, tudo em prol da sustentabilidade ambiental e social no futuro\u201d.&nbsp;<\/p>\n\n\n\n<p>Esta iniciativa, inserida num conjunto alargado de atividades promovidas pela UAlg para acolher e integrar os novos estudantes, contou ainda com a participa\u00e7\u00e3o de alguns docentes, investigadores e funcion\u00e1rios da UAlg.&nbsp; A Dire\u00e7\u00e3o Regional da Conserva\u00e7\u00e3o da Natureza e Florestas do Algarve tamb\u00e9m se fez representar por Ana Margarida Leal Magalh\u00e3es. Ao longo de cinco pain\u00e9is, entre o&nbsp;<em>Campus<\/em>&nbsp;de Gambelas-Ludo-Praia de Faro (assinados por QR Code), os participantes puderam realizar uma profunda reflex\u00e3o sobre esta esp\u00e9cie amea\u00e7ada, o seu habitat e a sua enorme sensibilidade aos impactos clim\u00e1ticos e antropog\u00e9nicos na Ria Formosa. Esta a\u00e7\u00e3o tamb\u00e9m contribuiu para a limpeza do trilho, onde foram recolhidos itens, sobretudo de pl\u00e1stico, o mesmo material usado por Bordalo II nos apontamentos que fez nas obras do Cavalo Marinho, quer em Gambelas, quer no parque de campismo da Praia de Faro, ou seja, pl\u00e1stico e artes de pesca ilegal que haviam sido abandonados.&nbsp;<\/p>\n\n\n\n<p>O itiner\u00e1rio pela preserva\u00e7\u00e3o do cavalo-marinho pretende ser um lugar de encontro de estudantes, cientistas, residentes, e turistas, atrav\u00e9s do qual,&nbsp;durante a realiza\u00e7\u00e3o de exerc\u00edcio f\u00edsico e atividades saud\u00e1veis ao ar livre, \u00e9 poss\u00edvel a observa\u00e7\u00e3o do belo e sustent\u00e1vel das obras do Bordalo II \u201cBig trash Animal colection\u201d, ao alcance de todos (Nova Bauhaus Europeia- belo, sustent\u00e1vel para todos). Atrav\u00e9s do itiner\u00e1rio \u00e9 tamb\u00e9m poss\u00edvel ter&nbsp;a perce\u00e7\u00e3o do ciclo de vida desta esp\u00e9cie&nbsp;dependente da Ria e das suas pradarias marinhas, bem como das&nbsp;amea\u00e7as presentes. Este percurso elucida ainda sobre de que forma podemos TODOS contribuir para usufruir de um planeta mais saud\u00e1vel.&nbsp;<\/p>\n\n\n\n<p>Integrado no UAlg Hippocampus\u00a0encontram-se, com especial relev\u00e2ncia, os projetos\u00a0Hipposave\u00a0e\u00a0Alimar, cujos principais objetivos passam pelo conhecimento, prote\u00e7\u00e3o e conserva\u00e7\u00e3o da esp\u00e9cie, bem como a consciencializa\u00e7\u00e3o do p\u00fablico em geral e escolar\u00a0para a problem\u00e1tica e impacto do Pl\u00e1stico no Oceano, e necessidade da sua redu\u00e7\u00e3o atrav\u00e9s de a\u00e7\u00f5es coletivas e individuais de responsabiliza\u00e7\u00e3o.<\/p>\n\n\n\n<p>Esta a\u00e7\u00e3o visa tamb\u00e9m assinalar o in\u00edcio do projeto Sustainable Horizons, coordenado pela UAlg e financiado pela Comiss\u00e3o Europeia, que visa, entre outros aspetos, aproximar os cidad\u00e3os dos investigadores e da Academia, sendo uma forma de promover atividades de ci\u00eancia-cidad\u00e3 na \u00e1rea da sustentabilidade. Estas atividades juntam a arte, o lixo, a ci\u00eancia e atividades f\u00edsicas saud\u00e1veis que podem ser realizadas no futuro, por todos, de forma autoguiada, iniciando-se nos&nbsp;<em>campi<\/em>&nbsp;da UAlg e terminando nas \u00e1reas envolventes da cidade ou \u00e1reas naturais.<\/p>\n","protected":false},"excerpt":{"rendered":"<p>A vice-reitora para a Internacionaliza\u00e7\u00e3o e Desenvolvimento Sustent\u00e1vel, Alexandra Teod\u00f3sio, sublinha a import\u00e2ncia deste tipo de atividades, que promovem uma<\/p>\n","protected":false},"author":1,"featured_media":21909,"comment_status":"closed","ping_status":"open","sticky":false,"template":"","format":"standard","meta":{"colormag_page_container_layout":"default_layout","colormag_page_sidebar_layout":"default_layout","_monsterinsights_skip_tracking":false,"_monsterinsights_sitenote_active":false,"_monsterinsights_sitenote_note":"","_monsterinsights_sitenote_category":0,"jetpack_post_was_ever_published":false,"_jetpack_newsletter_access":"","_jetpack_dont_email_post_to_subs":false,"_jetpack_newsletter_tier_id":0,"_jetpack_memberships_contains_paywalled_content":false,"_jetpack_memberships_contains_paid_content":false,"footnotes":"","jetpack_publicize_message":"","jetpack_publicize_feature_enabled":true,"jetpack_social_post_already_shared":true,"jetpack_social_options":{"image_generator_settings":{"template":"highway","default_image_id":0,"font":"","enabled":false},"version":2}},"categories":[93],"tags":[36,74,182],"class_list":["post-21908","post","type-post","status-publish","format-standard","has-post-thumbnail","hentry","category-educacao","tag-algarve","tag-educacao","tag-ualg"],"yoast_head":"<!-- This site is optimized with the Yoast SEO plugin v27.5 - https:\/\/yoast.com\/product\/yoast-seo-wordpress\/ -->\n<title>Novos estudantes da UAlg percorrem 8 Km em atividade de integra\u00e7\u00e3o saud\u00e1vel - Algarve 7<\/title>\n<meta name=\"description\" content=\"Novos estudantes da UAlg percorrem 8 Km em atividade de integra\u00e7\u00e3o saud\u00e1vel Educa\u00e7\u00e3o\" \/>\n<meta name=\"robots\" content=\"index, follow, max-snippet:-1, max-image-preview:large, max-video-preview:-1\" \/>\n<link rel=\"canonical\" href=\"https:\/\/algarve7.pt\/index.php\/2022\/09\/novos-estudantes-da-ualg-percorrem-8-km-em-atividade-de-integracao-saudavel\/educacao\/10\/45\/\" \/>\n<meta property=\"og:locale\" content=\"pt_PT\" \/>\n<meta property=\"og:type\" content=\"article\" \/>\n<meta property=\"og:title\" content=\"Novos estudantes da UAlg percorrem 8 Km em atividade de integra\u00e7\u00e3o saud\u00e1vel - Algarve 7\" \/>\n<meta property=\"og:description\" content=\"Novos estudantes da UAlg percorrem 8 Km em atividade de integra\u00e7\u00e3o saud\u00e1vel Educa\u00e7\u00e3o\" \/>\n<meta property=\"og:url\" content=\"https:\/\/algarve7.pt\/index.php\/2022\/09\/novos-estudantes-da-ualg-percorrem-8-km-em-atividade-de-integracao-saudavel\/educacao\/10\/45\/\" \/>\n<meta property=\"og:site_name\" content=\"Algarve 7\" \/>\n<meta property=\"article:publisher\" content=\"https:\/\/www.facebook.com\/algarve7\" \/>\n<meta property=\"article:author\" content=\"https:\/\/www.facebook.com\/algarve7\" \/>\n<meta property=\"article:published_time\" content=\"2022-09-27T09:45:00+00:00\" \/>\n<meta property=\"og:image\" content=\"https:\/\/algarve7.pt\/wp-content\/uploads\/2022\/09\/primage_63863.jpg\" \/>\n\t<meta property=\"og:image:width\" content=\"1024\" \/>\n\t<meta property=\"og:image:height\" content=\"557\" \/>\n\t<meta property=\"og:image:type\" content=\"image\/jpeg\" \/>\n<meta name=\"author\" content=\"Algarve 7\" \/>\n<meta name=\"twitter:card\" content=\"summary_large_image\" \/>\n<meta name=\"twitter:creator\" content=\"@Algarvesete\" \/>\n<meta name=\"twitter:site\" content=\"@Algarvesete\" \/>\n<meta name=\"twitter:label1\" content=\"Escrito por\" \/>\n\t<meta name=\"twitter:data1\" content=\"Algarve 7\" \/>\n\t<meta name=\"twitter:label2\" content=\"Tempo estimado de leitura\" \/>\n\t<meta name=\"twitter:data2\" content=\"3 minutos\" \/>\n<script type=\"application\/ld+json\" class=\"yoast-schema-graph\">{\"@context\":\"https:\\\/\\\/schema.org\",\"@graph\":[{\"@type\":\"Article\",\"@id\":\"https:\\\/\\\/algarve7.pt\\\/index.php\\\/2022\\\/09\\\/novos-estudantes-da-ualg-percorrem-8-km-em-atividade-de-integracao-saudavel\\\/educacao\\\/10\\\/45\\\/#article\",\"isPartOf\":{\"@id\":\"https:\\\/\\\/algarve7.pt\\\/index.php\\\/2022\\\/09\\\/novos-estudantes-da-ualg-percorrem-8-km-em-atividade-de-integracao-saudavel\\\/educacao\\\/10\\\/45\\\/\"},\"author\":{\"name\":\"Algarve 7\",\"@id\":\"https:\\\/\\\/algarve7.pt\\\/#\\\/schema\\\/person\\\/23fa70681308e7b319a3204bcea45e0c\"},\"headline\":\"Novos estudantes da UAlg percorrem 8 Km em atividade de integra\u00e7\u00e3o saud\u00e1vel\",\"datePublished\":\"2022-09-27T09:45:00+00:00\",\"mainEntityOfPage\":{\"@id\":\"https:\\\/\\\/algarve7.pt\\\/index.php\\\/2022\\\/09\\\/novos-estudantes-da-ualg-percorrem-8-km-em-atividade-de-integracao-saudavel\\\/educacao\\\/10\\\/45\\\/\"},\"wordCount\":570,\"publisher\":{\"@id\":\"https:\\\/\\\/algarve7.pt\\\/#organization\"},\"image\":{\"@id\":\"https:\\\/\\\/algarve7.pt\\\/index.php\\\/2022\\\/09\\\/novos-estudantes-da-ualg-percorrem-8-km-em-atividade-de-integracao-saudavel\\\/educacao\\\/10\\\/45\\\/#primaryimage\"},\"thumbnailUrl\":\"https:\\\/\\\/algarve7.pt\\\/wp-content\\\/uploads\\\/2022\\\/09\\\/primage_63863.jpg\",\"keywords\":[\"Algarve\",\"Educa\u00e7\u00e3o\",\"UALG\"],\"articleSection\":[\"Educa\u00e7\u00e3o\"],\"inLanguage\":\"pt-PT\"},{\"@type\":\"WebPage\",\"@id\":\"https:\\\/\\\/algarve7.pt\\\/index.php\\\/2022\\\/09\\\/novos-estudantes-da-ualg-percorrem-8-km-em-atividade-de-integracao-saudavel\\\/educacao\\\/10\\\/45\\\/\",\"url\":\"https:\\\/\\\/algarve7.pt\\\/index.php\\\/2022\\\/09\\\/novos-estudantes-da-ualg-percorrem-8-km-em-atividade-de-integracao-saudavel\\\/educacao\\\/10\\\/45\\\/\",\"name\":\"Novos estudantes da UAlg percorrem 8 Km em atividade de integra\u00e7\u00e3o saud\u00e1vel - Algarve 7\",\"isPartOf\":{\"@id\":\"https:\\\/\\\/algarve7.pt\\\/#website\"},\"primaryImageOfPage\":{\"@id\":\"https:\\\/\\\/algarve7.pt\\\/index.php\\\/2022\\\/09\\\/novos-estudantes-da-ualg-percorrem-8-km-em-atividade-de-integracao-saudavel\\\/educacao\\\/10\\\/45\\\/#primaryimage\"},\"image\":{\"@id\":\"https:\\\/\\\/algarve7.pt\\\/index.php\\\/2022\\\/09\\\/novos-estudantes-da-ualg-percorrem-8-km-em-atividade-de-integracao-saudavel\\\/educacao\\\/10\\\/45\\\/#primaryimage\"},\"thumbnailUrl\":\"https:\\\/\\\/algarve7.pt\\\/wp-content\\\/uploads\\\/2022\\\/09\\\/primage_63863.jpg\",\"datePublished\":\"2022-09-27T09:45:00+00:00\",\"description\":\"Novos estudantes da UAlg percorrem 8 Km em atividade de integra\u00e7\u00e3o saud\u00e1vel Educa\u00e7\u00e3o\",\"breadcrumb\":{\"@id\":\"https:\\\/\\\/algarve7.pt\\\/index.php\\\/2022\\\/09\\\/novos-estudantes-da-ualg-percorrem-8-km-em-atividade-de-integracao-saudavel\\\/educacao\\\/10\\\/45\\\/#breadcrumb\"},\"inLanguage\":\"pt-PT\",\"potentialAction\":[{\"@type\":\"ReadAction\",\"target\":[\"https:\\\/\\\/algarve7.pt\\\/index.php\\\/2022\\\/09\\\/novos-estudantes-da-ualg-percorrem-8-km-em-atividade-de-integracao-saudavel\\\/educacao\\\/10\\\/45\\\/\"]}]},{\"@type\":\"ImageObject\",\"inLanguage\":\"pt-PT\",\"@id\":\"https:\\\/\\\/algarve7.pt\\\/index.php\\\/2022\\\/09\\\/novos-estudantes-da-ualg-percorrem-8-km-em-atividade-de-integracao-saudavel\\\/educacao\\\/10\\\/45\\\/#primaryimage\",\"url\":\"https:\\\/\\\/algarve7.pt\\\/wp-content\\\/uploads\\\/2022\\\/09\\\/primage_63863.jpg\",\"contentUrl\":\"https:\\\/\\\/algarve7.pt\\\/wp-content\\\/uploads\\\/2022\\\/09\\\/primage_63863.jpg\",\"width\":1024,\"height\":557},{\"@type\":\"BreadcrumbList\",\"@id\":\"https:\\\/\\\/algarve7.pt\\\/index.php\\\/2022\\\/09\\\/novos-estudantes-da-ualg-percorrem-8-km-em-atividade-de-integracao-saudavel\\\/educacao\\\/10\\\/45\\\/#breadcrumb\",\"itemListElement\":[{\"@type\":\"ListItem\",\"position\":1,\"name\":\"In\u00edcio\",\"item\":\"https:\\\/\\\/algarve7.pt\\\/\"},{\"@type\":\"ListItem\",\"position\":2,\"name\":\"Novos estudantes da UAlg percorrem 8 Km em atividade de integra\u00e7\u00e3o saud\u00e1vel\"}]},{\"@type\":\"WebSite\",\"@id\":\"https:\\\/\\\/algarve7.pt\\\/#website\",\"url\":\"https:\\\/\\\/algarve7.pt\\\/\",\"name\":\"Algarve 7\",\"description\":\"Informa\u00e7\u00e3o sobre o Algarve\",\"publisher\":{\"@id\":\"https:\\\/\\\/algarve7.pt\\\/#organization\"},\"potentialAction\":[{\"@type\":\"SearchAction\",\"target\":{\"@type\":\"EntryPoint\",\"urlTemplate\":\"https:\\\/\\\/algarve7.pt\\\/?s={search_term_string}\"},\"query-input\":{\"@type\":\"PropertyValueSpecification\",\"valueRequired\":true,\"valueName\":\"search_term_string\"}}],\"inLanguage\":\"pt-PT\"},{\"@type\":\"Organization\",\"@id\":\"https:\\\/\\\/algarve7.pt\\\/#organization\",\"name\":\"Algarve 7\",\"url\":\"https:\\\/\\\/algarve7.pt\\\/\",\"logo\":{\"@type\":\"ImageObject\",\"inLanguage\":\"pt-PT\",\"@id\":\"https:\\\/\\\/algarve7.pt\\\/#\\\/schema\\\/logo\\\/image\\\/\",\"url\":\"https:\\\/\\\/algarve7.pt\\\/wp-content\\\/uploads\\\/2020\\\/10\\\/Logo-8.jpg\",\"contentUrl\":\"https:\\\/\\\/algarve7.pt\\\/wp-content\\\/uploads\\\/2020\\\/10\\\/Logo-8.jpg\",\"width\":1680,\"height\":1186,\"caption\":\"Algarve 7\"},\"image\":{\"@id\":\"https:\\\/\\\/algarve7.pt\\\/#\\\/schema\\\/logo\\\/image\\\/\"},\"sameAs\":[\"https:\\\/\\\/www.facebook.com\\\/algarve7\",\"https:\\\/\\\/x.com\\\/Algarvesete\",\"https:\\\/\\\/www.instagram.com\\\/jornalalgarve7\\\/\",\"https:\\\/\\\/www.linkedin.com\\\/company\\\/algarve7\",\"https:\\\/\\\/www.pinterest.pt\\\/geral0939\\\/_created\\\/\"]},{\"@type\":\"Person\",\"@id\":\"https:\\\/\\\/algarve7.pt\\\/#\\\/schema\\\/person\\\/23fa70681308e7b319a3204bcea45e0c\",\"name\":\"Algarve 7\",\"sameAs\":[\"https:\\\/\\\/algarve7.pt\",\"https:\\\/\\\/www.facebook.com\\\/algarve7\"],\"url\":\"https:\\\/\\\/algarve7.pt\\\/index.php\\\/author\\\/geralalgarve7-pt\\\/\"}]}<\/script>\n<!-- \/ Yoast SEO plugin. -->","yoast_head_json":{"title":"Novos estudantes da UAlg percorrem 8 Km em atividade de integra\u00e7\u00e3o saud\u00e1vel - Algarve 7","description":"Novos estudantes da UAlg percorrem 8 Km em atividade de integra\u00e7\u00e3o saud\u00e1vel Educa\u00e7\u00e3o","robots":{"index":"index","follow":"follow","max-snippet":"max-snippet:-1","max-image-preview":"max-image-preview:large","max-video-preview":"max-video-preview:-1"},"canonical":"https:\/\/algarve7.pt\/index.php\/2022\/09\/novos-estudantes-da-ualg-percorrem-8-km-em-atividade-de-integracao-saudavel\/educacao\/10\/45\/","og_locale":"pt_PT","og_type":"article","og_title":"Novos estudantes da UAlg percorrem 8 Km em atividade de integra\u00e7\u00e3o saud\u00e1vel - Algarve 7","og_description":"Novos estudantes da UAlg percorrem 8 Km em atividade de integra\u00e7\u00e3o saud\u00e1vel Educa\u00e7\u00e3o","og_url":"https:\/\/algarve7.pt\/index.php\/2022\/09\/novos-estudantes-da-ualg-percorrem-8-km-em-atividade-de-integracao-saudavel\/educacao\/10\/45\/","og_site_name":"Algarve 7","article_publisher":"https:\/\/www.facebook.com\/algarve7","article_author":"https:\/\/www.facebook.com\/algarve7","article_published_time":"2022-09-27T09:45:00+00:00","og_image":[{"width":1024,"height":557,"url":"https:\/\/algarve7.pt\/wp-content\/uploads\/2022\/09\/primage_63863.jpg","type":"image\/jpeg"}],"author":"Algarve 7","twitter_card":"summary_large_image","twitter_creator":"@Algarvesete","twitter_site":"@Algarvesete","twitter_misc":{"Escrito por":"Algarve 7","Tempo estimado de leitura":"3 minutos"},"schema":{"@context":"https:\/\/schema.org","@graph":[{"@type":"Article","@id":"https:\/\/algarve7.pt\/index.php\/2022\/09\/novos-estudantes-da-ualg-percorrem-8-km-em-atividade-de-integracao-saudavel\/educacao\/10\/45\/#article","isPartOf":{"@id":"https:\/\/algarve7.pt\/index.php\/2022\/09\/novos-estudantes-da-ualg-percorrem-8-km-em-atividade-de-integracao-saudavel\/educacao\/10\/45\/"},"author":{"name":"Algarve 7","@id":"https:\/\/algarve7.pt\/#\/schema\/person\/23fa70681308e7b319a3204bcea45e0c"},"headline":"Novos estudantes da UAlg percorrem 8 Km em atividade de integra\u00e7\u00e3o saud\u00e1vel","datePublished":"2022-09-27T09:45:00+00:00","mainEntityOfPage":{"@id":"https:\/\/algarve7.pt\/index.php\/2022\/09\/novos-estudantes-da-ualg-percorrem-8-km-em-atividade-de-integracao-saudavel\/educacao\/10\/45\/"},"wordCount":570,"publisher":{"@id":"https:\/\/algarve7.pt\/#organization"},"image":{"@id":"https:\/\/algarve7.pt\/index.php\/2022\/09\/novos-estudantes-da-ualg-percorrem-8-km-em-atividade-de-integracao-saudavel\/educacao\/10\/45\/#primaryimage"},"thumbnailUrl":"https:\/\/algarve7.pt\/wp-content\/uploads\/2022\/09\/primage_63863.jpg","keywords":["Algarve","Educa\u00e7\u00e3o","UALG"],"articleSection":["Educa\u00e7\u00e3o"],"inLanguage":"pt-PT"},{"@type":"WebPage","@id":"https:\/\/algarve7.pt\/index.php\/2022\/09\/novos-estudantes-da-ualg-percorrem-8-km-em-atividade-de-integracao-saudavel\/educacao\/10\/45\/","url":"https:\/\/algarve7.pt\/index.php\/2022\/09\/novos-estudantes-da-ualg-percorrem-8-km-em-atividade-de-integracao-saudavel\/educacao\/10\/45\/","name":"Novos estudantes da UAlg percorrem 8 Km em atividade de integra\u00e7\u00e3o saud\u00e1vel - Algarve 7","isPartOf":{"@id":"https:\/\/algarve7.pt\/#website"},"primaryImageOfPage":{"@id":"https:\/\/algarve7.pt\/index.php\/2022\/09\/novos-estudantes-da-ualg-percorrem-8-km-em-atividade-de-integracao-saudavel\/educacao\/10\/45\/#primaryimage"},"image":{"@id":"https:\/\/algarve7.pt\/index.php\/2022\/09\/novos-estudantes-da-ualg-percorrem-8-km-em-atividade-de-integracao-saudavel\/educacao\/10\/45\/#primaryimage"},"thumbnailUrl":"https:\/\/algarve7.pt\/wp-content\/uploads\/2022\/09\/primage_63863.jpg","datePublished":"2022-09-27T09:45:00+00:00","description":"Novos estudantes da UAlg percorrem 8 Km em atividade de integra\u00e7\u00e3o saud\u00e1vel Educa\u00e7\u00e3o","breadcrumb":{"@id":"https:\/\/algarve7.pt\/index.php\/2022\/09\/novos-estudantes-da-ualg-percorrem-8-km-em-atividade-de-integracao-saudavel\/educacao\/10\/45\/#breadcrumb"},"inLanguage":"pt-PT","potentialAction":[{"@type":"ReadAction","target":["https:\/\/algarve7.pt\/index.php\/2022\/09\/novos-estudantes-da-ualg-percorrem-8-km-em-atividade-de-integracao-saudavel\/educacao\/10\/45\/"]}]},{"@type":"ImageObject","inLanguage":"pt-PT","@id":"https:\/\/algarve7.pt\/index.php\/2022\/09\/novos-estudantes-da-ualg-percorrem-8-km-em-atividade-de-integracao-saudavel\/educacao\/10\/45\/#primaryimage","url":"https:\/\/algarve7.pt\/wp-content\/uploads\/2022\/09\/primage_63863.jpg","contentUrl":"https:\/\/algarve7.pt\/wp-content\/uploads\/2022\/09\/primage_63863.jpg","width":1024,"height":557},{"@type":"BreadcrumbList","@id":"https:\/\/algarve7.pt\/index.php\/2022\/09\/novos-estudantes-da-ualg-percorrem-8-km-em-atividade-de-integracao-saudavel\/educacao\/10\/45\/#breadcrumb","itemListElement":[{"@type":"ListItem","position":1,"name":"In\u00edcio","item":"https:\/\/algarve7.pt\/"},{"@type":"ListItem","position":2,"name":"Novos estudantes da UAlg percorrem 8 Km em atividade de integra\u00e7\u00e3o saud\u00e1vel"}]},{"@type":"WebSite","@id":"https:\/\/algarve7.pt\/#website","url":"https:\/\/algarve7.pt\/","name":"Algarve 7","description":"Informa\u00e7\u00e3o sobre o Algarve","publisher":{"@id":"https:\/\/algarve7.pt\/#organization"},"potentialAction":[{"@type":"SearchAction","target":{"@type":"EntryPoint","urlTemplate":"https:\/\/algarve7.pt\/?s={search_term_string}"},"query-input":{"@type":"PropertyValueSpecification","valueRequired":true,"valueName":"search_term_string"}}],"inLanguage":"pt-PT"},{"@type":"Organization","@id":"https:\/\/algarve7.pt\/#organization","name":"Algarve 7","url":"https:\/\/algarve7.pt\/","logo":{"@type":"ImageObject","inLanguage":"pt-PT","@id":"https:\/\/algarve7.pt\/#\/schema\/logo\/image\/","url":"https:\/\/algarve7.pt\/wp-content\/uploads\/2020\/10\/Logo-8.jpg","contentUrl":"https:\/\/algarve7.pt\/wp-content\/uploads\/2020\/10\/Logo-8.jpg","width":1680,"height":1186,"caption":"Algarve 7"},"image":{"@id":"https:\/\/algarve7.pt\/#\/schema\/logo\/image\/"},"sameAs":["https:\/\/www.facebook.com\/algarve7","https:\/\/x.com\/Algarvesete","https:\/\/www.instagram.com\/jornalalgarve7\/","https:\/\/www.linkedin.com\/company\/algarve7","https:\/\/www.pinterest.pt\/geral0939\/_created\/"]},{"@type":"Person","@id":"https:\/\/algarve7.pt\/#\/schema\/person\/23fa70681308e7b319a3204bcea45e0c","name":"Algarve 7","sameAs":["https:\/\/algarve7.pt","https:\/\/www.facebook.com\/algarve7"],"url":"https:\/\/algarve7.pt\/index.php\/author\/geralalgarve7-pt\/"}]}},"jetpack_publicize_connections":[],"jetpack_featured_media_url":"https:\/\/algarve7.pt\/wp-content\/uploads\/2022\/09\/primage_63863.jpg","jetpack_shortlink":"https:\/\/wp.me\/pcezmW-5Hm","jetpack_sharing_enabled":true,"_links":{"self":[{"href":"https:\/\/algarve7.pt\/index.php\/wp-json\/wp\/v2\/posts\/21908","targetHints":{"allow":["GET"]}}],"collection":[{"href":"https:\/\/algarve7.pt\/index.php\/wp-json\/wp\/v2\/posts"}],"about":[{"href":"https:\/\/algarve7.pt\/index.php\/wp-json\/wp\/v2\/types\/post"}],"author":[{"embeddable":true,"href":"https:\/\/algarve7.pt\/index.php\/wp-json\/wp\/v2\/users\/1"}],"replies":[{"embeddable":true,"href":"https:\/\/algarve7.pt\/index.php\/wp-json\/wp\/v2\/comments?post=21908"}],"version-history":[{"count":0,"href":"https:\/\/algarve7.pt\/index.php\/wp-json\/wp\/v2\/posts\/21908\/revisions"}],"wp:featuredmedia":[{"embeddable":true,"href":"https:\/\/algarve7.pt\/index.php\/wp-json\/wp\/v2\/media\/21909"}],"wp:attachment":[{"href":"https:\/\/algarve7.pt\/index.php\/wp-json\/wp\/v2\/media?parent=21908"}],"wp:term":[{"taxonomy":"category","embeddable":true,"href":"https:\/\/algarve7.pt\/index.php\/wp-json\/wp\/v2\/categories?post=21908"},{"taxonomy":"post_tag","embeddable":true,"href":"https:\/\/algarve7.pt\/index.php\/wp-json\/wp\/v2\/tags?post=21908"}],"curies":[{"name":"wp","href":"https:\/\/api.w.org\/{rel}","templated":true}]}}