{"id":21850,"date":"2022-09-23T08:33:02","date_gmt":"2022-09-23T07:33:02","guid":{"rendered":"https:\/\/algarve7.pt\/?p=21850"},"modified":"2022-09-23T08:33:04","modified_gmt":"2022-09-23T07:33:04","slug":"faro-recebe-premio-nacional-mobilidade-em-bicicleta","status":"publish","type":"post","link":"https:\/\/algarve7.pt\/index.php\/2022\/09\/faro-recebe-premio-nacional-mobilidade-em-bicicleta\/atualidade\/08\/33\/","title":{"rendered":"Faro recebe pr\u00e9mio nacional \u201cmobilidade em bicicleta\u201d"},"content":{"rendered":"\n<p class=\"wp-block-paragraph\">O Munic\u00edpio de Faro foi na ter\u00e7a-feira, dia 20 de setembro, distinguido com o Pr\u00e9mio Nacional \u201cMobilidade em Bicicleta\u201d no \u00e2mbito da 17.\u00aa edi\u00e7\u00e3o deste galard\u00e3o promovido pela Federa\u00e7\u00e3o Nacional de Cicloturismo e Utilizadores de Bicicleta (FNCUB), entidade parceira da Autarquia na Semana Europeia da Mobilidade desde o seu in\u00edcio.<\/p>\n\n\n\n<p class=\"wp-block-paragraph\">A cerim\u00f3nia aconteceu no audit\u00f3rio da Biblioteca Municipal Orlando Ribeiro \u2013 Telheiras, em Lisboa, e contou com a presen\u00e7a do Presidente da C\u00e2mara Municipal de Faro, Rog\u00e9rio Bacalhau, da vereadora Sophie Matias e do secret\u00e1rio de Estado da Mobilidade Urbana, Jorge Delgado, representantes da FNCUP, entre v\u00e1rias outras personalidades ligadas \u00e0 \u00e1rea da mobilidade.<\/p>\n\n\n\n<p class=\"wp-block-paragraph\">Al\u00e9m do Munic\u00edpio de Faro, foram ainda distinguidas a C\u00e2mara Municipal de Vila Nova de Poiares e a C\u00e2mara Municipal de Almeirim; a Associa\u00e7\u00e3o de Pais e Encarregados de Educa\u00e7\u00e3o da EB\/ JI Padre Manuel de Castro S. Mamede de Infesta; a Dire\u00e7\u00e3o de Gest\u00e3o de Sistemas de Mobilidade da EMEL (empresas); Paula Sofia Luz (Di\u00e1rio de Not\u00edcias), na \u00e1rea da Comunica\u00e7\u00e3o Social, Alfragide Sobre Rodas, Fernando Neves, Kidical Mass em Portugal e Sandra May na \u00e1rea de Ativismo e Interven\u00e7\u00e3o Social, e Carlos Neto, Manuel Barros e Laure de Witte, na \u00e1rea de Cidadania.<\/p>\n\n\n\n<p class=\"wp-block-paragraph\">Este pr\u00e9mio, criado em 2007 pela FPCUB, pretende reconhecer publicamente o contributo de entidades ou pessoas que tenham promovido a utiliza\u00e7\u00e3o da bicicleta nas suas m\u00faltiplas vertentes, atrav\u00e9s da cria\u00e7\u00e3o ou melhoria de condi\u00e7\u00f5es ou da promo\u00e7\u00e3o de iniciativas para incentivo do uso deste modo de transporte sustent\u00e1vel.<\/p>\n","protected":false},"excerpt":{"rendered":"<p>O Munic\u00edpio de Faro foi na ter\u00e7a-feira, dia 20 de setembro, distinguido com o Pr\u00e9mio Nacional \u201cMobilidade em Bicicleta\u201d no<\/p>\n","protected":false},"author":1,"featured_media":21851,"comment_status":"closed","ping_status":"open","sticky":false,"template":"","format":"standard","meta":{"colormag_page_container_layout":"default_layout","colormag_page_sidebar_layout":"default_layout","_monsterinsights_skip_tracking":false,"_jetpack_newsletter_access":"","_jetpack_dont_email_post_to_subs":false,"_jetpack_newsletter_tier_id":0,"_jetpack_memberships_contains_paywalled_content":false,"_jetpack_feature_clip_id":0,"_jetpack_memberships_contains_paid_content":false,"footnotes":"","jetpack_publicize_message":"","jetpack_publicize_feature_enabled":true,"jetpack_social_post_already_shared":true,"jetpack_social_options":{"image_generator_settings":{"template":"highway","default_image_id":0,"font":"","enabled":false},"version":2},"jetpack_post_was_ever_published":false},"categories":[11],"tags":[36,32,62,675,57],"class_list":["post-21850","post","type-post","status-publish","format-standard","has-post-thumbnail","hentry","category-atualidade","tag-algarve","tag-ambiente","tag-atualidade","tag-bicicletas","tag-faro"],"yoast_head":"<!-- This site is optimized with the Yoast SEO plugin v28.3 - https:\/\/yoast.com\/product\/yoast-seo-wordpress\/ -->\n<title>Faro recebe pr\u00e9mio nacional \u201cmobilidade em bicicleta\u201d - Algarve 7<\/title>\n<meta name=\"description\" content=\"Faro recebe pr\u00e9mio nacional \u201cmobilidade em bicicleta\u201d Atualidade\" \/>\n<meta name=\"robots\" content=\"index, follow, max-snippet:-1, max-image-preview:large, max-video-preview:-1\" \/>\n<link rel=\"canonical\" href=\"https:\/\/algarve7.pt\/index.php\/2022\/09\/faro-recebe-premio-nacional-mobilidade-em-bicicleta\/atualidade\/08\/33\/\" \/>\n<meta property=\"og:locale\" content=\"pt_PT\" \/>\n<meta property=\"og:type\" content=\"article\" \/>\n<meta property=\"og:title\" content=\"Faro recebe pr\u00e9mio nacional \u201cmobilidade em bicicleta\u201d - Algarve 7\" \/>\n<meta property=\"og:description\" content=\"Faro recebe pr\u00e9mio nacional \u201cmobilidade em bicicleta\u201d Atualidade\" \/>\n<meta property=\"og:url\" content=\"https:\/\/algarve7.pt\/index.php\/2022\/09\/faro-recebe-premio-nacional-mobilidade-em-bicicleta\/atualidade\/08\/33\/\" \/>\n<meta property=\"og:site_name\" content=\"Algarve 7\" \/>\n<meta property=\"article:publisher\" content=\"https:\/\/www.facebook.com\/algarve7\" \/>\n<meta property=\"article:author\" content=\"https:\/\/www.facebook.com\/algarve7\" \/>\n<meta property=\"article:published_time\" content=\"2022-09-23T07:33:02+00:00\" \/>\n<meta property=\"article:modified_time\" content=\"2022-09-23T07:33:04+00:00\" \/>\n<meta property=\"og:image\" content=\"https:\/\/algarve7.pt\/wp-content\/uploads\/2022\/09\/Captura-de-ecra\u0303-2022-09-23-a\u0300s-08.29.51-1024x728.png\" \/>\n\t<meta property=\"og:image:width\" content=\"1024\" \/>\n\t<meta property=\"og:image:height\" content=\"728\" \/>\n\t<meta property=\"og:image:type\" content=\"image\/png\" \/>\n<meta name=\"author\" content=\"Algarve 7\" \/>\n<meta name=\"twitter:card\" content=\"summary_large_image\" \/>\n<meta name=\"twitter:creator\" content=\"@Algarvesete\" \/>\n<meta name=\"twitter:site\" content=\"@Algarvesete\" \/>\n<meta name=\"twitter:label1\" content=\"Escrito por\" \/>\n\t<meta name=\"twitter:data1\" content=\"Algarve 7\" \/>\n\t<meta name=\"twitter:label2\" content=\"Tempo estimado de leitura\" \/>\n\t<meta name=\"twitter:data2\" content=\"2 minutos\" \/>\n<script type=\"application\/ld+json\" class=\"yoast-schema-graph\">{\"@context\":\"https:\\\/\\\/schema.org\",\"@graph\":[{\"@type\":\"Article\",\"@id\":\"https:\\\/\\\/algarve7.pt\\\/index.php\\\/2022\\\/09\\\/faro-recebe-premio-nacional-mobilidade-em-bicicleta\\\/atualidade\\\/08\\\/33\\\/#article\",\"isPartOf\":{\"@id\":\"https:\\\/\\\/algarve7.pt\\\/index.php\\\/2022\\\/09\\\/faro-recebe-premio-nacional-mobilidade-em-bicicleta\\\/atualidade\\\/08\\\/33\\\/\"},\"author\":{\"name\":\"Algarve 7\",\"@id\":\"https:\\\/\\\/algarve7.pt\\\/#\\\/schema\\\/person\\\/23fa70681308e7b319a3204bcea45e0c\"},\"headline\":\"Faro recebe pr\u00e9mio nacional \u201cmobilidade em bicicleta\u201d\",\"datePublished\":\"2022-09-23T07:33:02+00:00\",\"dateModified\":\"2022-09-23T07:33:04+00:00\",\"mainEntityOfPage\":{\"@id\":\"https:\\\/\\\/algarve7.pt\\\/index.php\\\/2022\\\/09\\\/faro-recebe-premio-nacional-mobilidade-em-bicicleta\\\/atualidade\\\/08\\\/33\\\/\"},\"wordCount\":284,\"publisher\":{\"@id\":\"https:\\\/\\\/algarve7.pt\\\/#organization\"},\"image\":{\"@id\":\"https:\\\/\\\/algarve7.pt\\\/index.php\\\/2022\\\/09\\\/faro-recebe-premio-nacional-mobilidade-em-bicicleta\\\/atualidade\\\/08\\\/33\\\/#primaryimage\"},\"thumbnailUrl\":\"https:\\\/\\\/algarve7.pt\\\/wp-content\\\/uploads\\\/2022\\\/09\\\/Captura-de-ecra\u0303-2022-09-23-a\u0300s-08.29.51.png\",\"keywords\":[\"Algarve\",\"Ambiente\",\"Atualidade\",\"Bicicletas\",\"Faro\"],\"articleSection\":[\"Atualidade\"],\"inLanguage\":\"pt-PT\"},{\"@type\":\"WebPage\",\"@id\":\"https:\\\/\\\/algarve7.pt\\\/index.php\\\/2022\\\/09\\\/faro-recebe-premio-nacional-mobilidade-em-bicicleta\\\/atualidade\\\/08\\\/33\\\/\",\"url\":\"https:\\\/\\\/algarve7.pt\\\/index.php\\\/2022\\\/09\\\/faro-recebe-premio-nacional-mobilidade-em-bicicleta\\\/atualidade\\\/08\\\/33\\\/\",\"name\":\"Faro recebe pr\u00e9mio nacional \u201cmobilidade em bicicleta\u201d - Algarve 7\",\"isPartOf\":{\"@id\":\"https:\\\/\\\/algarve7.pt\\\/#website\"},\"primaryImageOfPage\":{\"@id\":\"https:\\\/\\\/algarve7.pt\\\/index.php\\\/2022\\\/09\\\/faro-recebe-premio-nacional-mobilidade-em-bicicleta\\\/atualidade\\\/08\\\/33\\\/#primaryimage\"},\"image\":{\"@id\":\"https:\\\/\\\/algarve7.pt\\\/index.php\\\/2022\\\/09\\\/faro-recebe-premio-nacional-mobilidade-em-bicicleta\\\/atualidade\\\/08\\\/33\\\/#primaryimage\"},\"thumbnailUrl\":\"https:\\\/\\\/algarve7.pt\\\/wp-content\\\/uploads\\\/2022\\\/09\\\/Captura-de-ecra\u0303-2022-09-23-a\u0300s-08.29.51.png\",\"datePublished\":\"2022-09-23T07:33:02+00:00\",\"dateModified\":\"2022-09-23T07:33:04+00:00\",\"description\":\"Faro recebe pr\u00e9mio nacional \u201cmobilidade em bicicleta\u201d Atualidade\",\"breadcrumb\":{\"@id\":\"https:\\\/\\\/algarve7.pt\\\/index.php\\\/2022\\\/09\\\/faro-recebe-premio-nacional-mobilidade-em-bicicleta\\\/atualidade\\\/08\\\/33\\\/#breadcrumb\"},\"inLanguage\":\"pt-PT\",\"potentialAction\":[{\"@type\":\"ReadAction\",\"target\":[\"https:\\\/\\\/algarve7.pt\\\/index.php\\\/2022\\\/09\\\/faro-recebe-premio-nacional-mobilidade-em-bicicleta\\\/atualidade\\\/08\\\/33\\\/\"]}]},{\"@type\":\"ImageObject\",\"inLanguage\":\"pt-PT\",\"@id\":\"https:\\\/\\\/algarve7.pt\\\/index.php\\\/2022\\\/09\\\/faro-recebe-premio-nacional-mobilidade-em-bicicleta\\\/atualidade\\\/08\\\/33\\\/#primaryimage\",\"url\":\"https:\\\/\\\/algarve7.pt\\\/wp-content\\\/uploads\\\/2022\\\/09\\\/Captura-de-ecra\u0303-2022-09-23-a\u0300s-08.29.51.png\",\"contentUrl\":\"https:\\\/\\\/algarve7.pt\\\/wp-content\\\/uploads\\\/2022\\\/09\\\/Captura-de-ecra\u0303-2022-09-23-a\u0300s-08.29.51.png\",\"width\":2082,\"height\":1480},{\"@type\":\"BreadcrumbList\",\"@id\":\"https:\\\/\\\/algarve7.pt\\\/index.php\\\/2022\\\/09\\\/faro-recebe-premio-nacional-mobilidade-em-bicicleta\\\/atualidade\\\/08\\\/33\\\/#breadcrumb\",\"itemListElement\":[{\"@type\":\"ListItem\",\"position\":1,\"name\":\"In\u00edcio\",\"item\":\"https:\\\/\\\/algarve7.pt\\\/\"},{\"@type\":\"ListItem\",\"position\":2,\"name\":\"Faro recebe pr\u00e9mio nacional \u201cmobilidade em bicicleta\u201d\"}]},{\"@type\":\"WebSite\",\"@id\":\"https:\\\/\\\/algarve7.pt\\\/#website\",\"url\":\"https:\\\/\\\/algarve7.pt\\\/\",\"name\":\"Algarve 7\",\"description\":\"Informa\u00e7\u00e3o sobre o Algarve\",\"publisher\":{\"@id\":\"https:\\\/\\\/algarve7.pt\\\/#organization\"},\"potentialAction\":[{\"@type\":\"SearchAction\",\"target\":{\"@type\":\"EntryPoint\",\"urlTemplate\":\"https:\\\/\\\/algarve7.pt\\\/?s={search_term_string}\"},\"query-input\":{\"@type\":\"PropertyValueSpecification\",\"valueRequired\":true,\"valueName\":\"search_term_string\"}}],\"inLanguage\":\"pt-PT\"},{\"@type\":\"Organization\",\"@id\":\"https:\\\/\\\/algarve7.pt\\\/#organization\",\"name\":\"Algarve 7\",\"url\":\"https:\\\/\\\/algarve7.pt\\\/\",\"logo\":{\"@type\":\"ImageObject\",\"inLanguage\":\"pt-PT\",\"@id\":\"https:\\\/\\\/algarve7.pt\\\/#\\\/schema\\\/logo\\\/image\\\/\",\"url\":\"https:\\\/\\\/algarve7.pt\\\/wp-content\\\/uploads\\\/2020\\\/10\\\/Logo-8.jpg\",\"contentUrl\":\"https:\\\/\\\/algarve7.pt\\\/wp-content\\\/uploads\\\/2020\\\/10\\\/Logo-8.jpg\",\"width\":1680,\"height\":1186,\"caption\":\"Algarve 7\"},\"image\":{\"@id\":\"https:\\\/\\\/algarve7.pt\\\/#\\\/schema\\\/logo\\\/image\\\/\"},\"sameAs\":[\"https:\\\/\\\/www.facebook.com\\\/algarve7\",\"https:\\\/\\\/x.com\\\/Algarvesete\",\"https:\\\/\\\/www.instagram.com\\\/jornalalgarve7\\\/\",\"https:\\\/\\\/www.linkedin.com\\\/company\\\/algarve7\",\"https:\\\/\\\/www.pinterest.pt\\\/geral0939\\\/_created\\\/\"]},{\"@type\":\"Person\",\"@id\":\"https:\\\/\\\/algarve7.pt\\\/#\\\/schema\\\/person\\\/23fa70681308e7b319a3204bcea45e0c\",\"name\":\"Algarve 7\",\"sameAs\":[\"https:\\\/\\\/algarve7.pt\",\"https:\\\/\\\/www.facebook.com\\\/algarve7\"],\"url\":\"https:\\\/\\\/algarve7.pt\\\/index.php\\\/author\\\/geralalgarve7-pt\\\/\"}]}<\/script>\n<!-- \/ Yoast SEO plugin. -->","yoast_head_json":{"title":"Faro recebe pr\u00e9mio nacional \u201cmobilidade em bicicleta\u201d - Algarve 7","description":"Faro recebe pr\u00e9mio nacional \u201cmobilidade em bicicleta\u201d Atualidade","robots":{"index":"index","follow":"follow","max-snippet":"max-snippet:-1","max-image-preview":"max-image-preview:large","max-video-preview":"max-video-preview:-1"},"canonical":"https:\/\/algarve7.pt\/index.php\/2022\/09\/faro-recebe-premio-nacional-mobilidade-em-bicicleta\/atualidade\/08\/33\/","og_locale":"pt_PT","og_type":"article","og_title":"Faro recebe pr\u00e9mio nacional \u201cmobilidade em bicicleta\u201d - Algarve 7","og_description":"Faro recebe pr\u00e9mio nacional \u201cmobilidade em bicicleta\u201d Atualidade","og_url":"https:\/\/algarve7.pt\/index.php\/2022\/09\/faro-recebe-premio-nacional-mobilidade-em-bicicleta\/atualidade\/08\/33\/","og_site_name":"Algarve 7","article_publisher":"https:\/\/www.facebook.com\/algarve7","article_author":"https:\/\/www.facebook.com\/algarve7","article_published_time":"2022-09-23T07:33:02+00:00","article_modified_time":"2022-09-23T07:33:04+00:00","og_image":[{"width":1024,"height":728,"url":"https:\/\/algarve7.pt\/wp-content\/uploads\/2022\/09\/Captura-de-ecra\u0303-2022-09-23-a\u0300s-08.29.51-1024x728.png","type":"image\/png"}],"author":"Algarve 7","twitter_card":"summary_large_image","twitter_creator":"@Algarvesete","twitter_site":"@Algarvesete","twitter_misc":{"Escrito por":"Algarve 7","Tempo estimado de leitura":"2 minutos"},"schema":{"@context":"https:\/\/schema.org","@graph":[{"@type":"Article","@id":"https:\/\/algarve7.pt\/index.php\/2022\/09\/faro-recebe-premio-nacional-mobilidade-em-bicicleta\/atualidade\/08\/33\/#article","isPartOf":{"@id":"https:\/\/algarve7.pt\/index.php\/2022\/09\/faro-recebe-premio-nacional-mobilidade-em-bicicleta\/atualidade\/08\/33\/"},"author":{"name":"Algarve 7","@id":"https:\/\/algarve7.pt\/#\/schema\/person\/23fa70681308e7b319a3204bcea45e0c"},"headline":"Faro recebe pr\u00e9mio nacional \u201cmobilidade em bicicleta\u201d","datePublished":"2022-09-23T07:33:02+00:00","dateModified":"2022-09-23T07:33:04+00:00","mainEntityOfPage":{"@id":"https:\/\/algarve7.pt\/index.php\/2022\/09\/faro-recebe-premio-nacional-mobilidade-em-bicicleta\/atualidade\/08\/33\/"},"wordCount":284,"publisher":{"@id":"https:\/\/algarve7.pt\/#organization"},"image":{"@id":"https:\/\/algarve7.pt\/index.php\/2022\/09\/faro-recebe-premio-nacional-mobilidade-em-bicicleta\/atualidade\/08\/33\/#primaryimage"},"thumbnailUrl":"https:\/\/algarve7.pt\/wp-content\/uploads\/2022\/09\/Captura-de-ecra\u0303-2022-09-23-a\u0300s-08.29.51.png","keywords":["Algarve","Ambiente","Atualidade","Bicicletas","Faro"],"articleSection":["Atualidade"],"inLanguage":"pt-PT"},{"@type":"WebPage","@id":"https:\/\/algarve7.pt\/index.php\/2022\/09\/faro-recebe-premio-nacional-mobilidade-em-bicicleta\/atualidade\/08\/33\/","url":"https:\/\/algarve7.pt\/index.php\/2022\/09\/faro-recebe-premio-nacional-mobilidade-em-bicicleta\/atualidade\/08\/33\/","name":"Faro recebe pr\u00e9mio nacional \u201cmobilidade em bicicleta\u201d - Algarve 7","isPartOf":{"@id":"https:\/\/algarve7.pt\/#website"},"primaryImageOfPage":{"@id":"https:\/\/algarve7.pt\/index.php\/2022\/09\/faro-recebe-premio-nacional-mobilidade-em-bicicleta\/atualidade\/08\/33\/#primaryimage"},"image":{"@id":"https:\/\/algarve7.pt\/index.php\/2022\/09\/faro-recebe-premio-nacional-mobilidade-em-bicicleta\/atualidade\/08\/33\/#primaryimage"},"thumbnailUrl":"https:\/\/algarve7.pt\/wp-content\/uploads\/2022\/09\/Captura-de-ecra\u0303-2022-09-23-a\u0300s-08.29.51.png","datePublished":"2022-09-23T07:33:02+00:00","dateModified":"2022-09-23T07:33:04+00:00","description":"Faro recebe pr\u00e9mio nacional \u201cmobilidade em bicicleta\u201d Atualidade","breadcrumb":{"@id":"https:\/\/algarve7.pt\/index.php\/2022\/09\/faro-recebe-premio-nacional-mobilidade-em-bicicleta\/atualidade\/08\/33\/#breadcrumb"},"inLanguage":"pt-PT","potentialAction":[{"@type":"ReadAction","target":["https:\/\/algarve7.pt\/index.php\/2022\/09\/faro-recebe-premio-nacional-mobilidade-em-bicicleta\/atualidade\/08\/33\/"]}]},{"@type":"ImageObject","inLanguage":"pt-PT","@id":"https:\/\/algarve7.pt\/index.php\/2022\/09\/faro-recebe-premio-nacional-mobilidade-em-bicicleta\/atualidade\/08\/33\/#primaryimage","url":"https:\/\/algarve7.pt\/wp-content\/uploads\/2022\/09\/Captura-de-ecra\u0303-2022-09-23-a\u0300s-08.29.51.png","contentUrl":"https:\/\/algarve7.pt\/wp-content\/uploads\/2022\/09\/Captura-de-ecra\u0303-2022-09-23-a\u0300s-08.29.51.png","width":2082,"height":1480},{"@type":"BreadcrumbList","@id":"https:\/\/algarve7.pt\/index.php\/2022\/09\/faro-recebe-premio-nacional-mobilidade-em-bicicleta\/atualidade\/08\/33\/#breadcrumb","itemListElement":[{"@type":"ListItem","position":1,"name":"In\u00edcio","item":"https:\/\/algarve7.pt\/"},{"@type":"ListItem","position":2,"name":"Faro recebe pr\u00e9mio nacional \u201cmobilidade em bicicleta\u201d"}]},{"@type":"WebSite","@id":"https:\/\/algarve7.pt\/#website","url":"https:\/\/algarve7.pt\/","name":"Algarve 7","description":"Informa\u00e7\u00e3o sobre o Algarve","publisher":{"@id":"https:\/\/algarve7.pt\/#organization"},"potentialAction":[{"@type":"SearchAction","target":{"@type":"EntryPoint","urlTemplate":"https:\/\/algarve7.pt\/?s={search_term_string}"},"query-input":{"@type":"PropertyValueSpecification","valueRequired":true,"valueName":"search_term_string"}}],"inLanguage":"pt-PT"},{"@type":"Organization","@id":"https:\/\/algarve7.pt\/#organization","name":"Algarve 7","url":"https:\/\/algarve7.pt\/","logo":{"@type":"ImageObject","inLanguage":"pt-PT","@id":"https:\/\/algarve7.pt\/#\/schema\/logo\/image\/","url":"https:\/\/algarve7.pt\/wp-content\/uploads\/2020\/10\/Logo-8.jpg","contentUrl":"https:\/\/algarve7.pt\/wp-content\/uploads\/2020\/10\/Logo-8.jpg","width":1680,"height":1186,"caption":"Algarve 7"},"image":{"@id":"https:\/\/algarve7.pt\/#\/schema\/logo\/image\/"},"sameAs":["https:\/\/www.facebook.com\/algarve7","https:\/\/x.com\/Algarvesete","https:\/\/www.instagram.com\/jornalalgarve7\/","https:\/\/www.linkedin.com\/company\/algarve7","https:\/\/www.pinterest.pt\/geral0939\/_created\/"]},{"@type":"Person","@id":"https:\/\/algarve7.pt\/#\/schema\/person\/23fa70681308e7b319a3204bcea45e0c","name":"Algarve 7","sameAs":["https:\/\/algarve7.pt","https:\/\/www.facebook.com\/algarve7"],"url":"https:\/\/algarve7.pt\/index.php\/author\/geralalgarve7-pt\/"}]}},"jetpack_publicize_connections":[],"jetpack_shortlink":"https:\/\/wp.me\/pcezmW-5Gq","jetpack_sharing_enabled":true,"jetpack_featured_media_url":"https:\/\/algarve7.pt\/wp-content\/uploads\/2022\/09\/Captura-de-ecra\u0303-2022-09-23-a\u0300s-08.29.51.png","_links":{"self":[{"href":"https:\/\/algarve7.pt\/index.php\/wp-json\/wp\/v2\/posts\/21850","targetHints":{"allow":["GET"]}}],"collection":[{"href":"https:\/\/algarve7.pt\/index.php\/wp-json\/wp\/v2\/posts"}],"about":[{"href":"https:\/\/algarve7.pt\/index.php\/wp-json\/wp\/v2\/types\/post"}],"author":[{"embeddable":true,"href":"https:\/\/algarve7.pt\/index.php\/wp-json\/wp\/v2\/users\/1"}],"replies":[{"embeddable":true,"href":"https:\/\/algarve7.pt\/index.php\/wp-json\/wp\/v2\/comments?post=21850"}],"version-history":[{"count":0,"href":"https:\/\/algarve7.pt\/index.php\/wp-json\/wp\/v2\/posts\/21850\/revisions"}],"wp:featuredmedia":[{"embeddable":true,"href":"https:\/\/algarve7.pt\/index.php\/wp-json\/wp\/v2\/media\/21851"}],"wp:attachment":[{"href":"https:\/\/algarve7.pt\/index.php\/wp-json\/wp\/v2\/media?parent=21850"}],"wp:term":[{"taxonomy":"category","embeddable":true,"href":"https:\/\/algarve7.pt\/index.php\/wp-json\/wp\/v2\/categories?post=21850"},{"taxonomy":"post_tag","embeddable":true,"href":"https:\/\/algarve7.pt\/index.php\/wp-json\/wp\/v2\/tags?post=21850"}],"curies":[{"name":"wp","href":"https:\/\/api.w.org\/{rel}","templated":true}]}}