{"id":21847,"date":"2022-09-23T07:55:54","date_gmt":"2022-09-23T06:55:54","guid":{"rendered":"https:\/\/algarve7.pt\/?p=21847"},"modified":"2022-09-23T07:55:55","modified_gmt":"2022-09-23T06:55:55","slug":"centro-ciencia-viva-do-algarve-aposta-no-mar-digital","status":"publish","type":"post","link":"https:\/\/algarve7.pt\/index.php\/2022\/09\/centro-ciencia-viva-do-algarve-aposta-no-mar-digital\/ambiente\/07\/55\/","title":{"rendered":"Centro Ci\u00eancia Viva do Algarve aposta no \u201cMar Digital\u201d"},"content":{"rendered":"\n<p>Hoje dia 23 de Setembro o Centro Ci\u00eancia Viva do Algarve celebra o Dia Mundial do Mar com recurso \u00e0 transforma\u00e7\u00e3o digital\u00a0\u00a0promovendo um filme de anima\u00e7\u00e3o em Realidade Virtual e\u00a0\u00a0Recursos Did\u00e1ticos na aplica\u00e7\u00e3o MILAGE Aprender+.<\/p>\n\n\n\n<p>\u201cUm Mergulho na Ria Formosa\u201d e \u201cPr\u2019Oceano \u2013 Proteger o Oceano, porqu\u00ea e como?\u201d s\u00e3o dois produtos digitais completamente distintos que a equipa do Centro Ci\u00eancia Viva do Algarve desenvolveu neste \u00faltimo ano no \u00e2mbito de projetos internacionais ou nacionais.<\/p>\n\n\n\n<p>O primeiro consiste na cria\u00e7\u00e3o de um v\u00eddeo realizado em imagens de s\u00edntese em ambiente 3D que representa um \u201cMergulho na Ria Formosa\u201d e que foca alguns temas cient\u00edficos e de investiga\u00e7\u00e3o atuais como os cavalos marinhos, as pradarias marinhas e os micropl\u00e1sticos marinhos. Trata-se de uma nova experi\u00eancia imersiva em Realidade Virtual dispon\u00edvel na exposi\u00e7\u00e3o permanente do Centro Ci\u00eancia Viva do Algarve que resulta de uma colabora\u00e7\u00e3o com a empresa dinamarquesa Khora no \u00e2mbito do projeto europeu Digitraining.<\/p>\n\n\n\n<p>O segundo corresponde a recursos digitais inovadores desenvolvidos para o Ensino Profissional que ir\u00e3o permitir abordar cerca de 36 temas&nbsp;&nbsp;e dar a conhecer o Oceano feito de \u00e1gua e rochas, que nos alimenta, nos protege, nos une, um Oceano que ocupamos, colocamos em perigo e que precisamos de legar em boas condi\u00e7\u00f5es para um futuro sustent\u00e1vel. Desenvolvidos em colabora\u00e7\u00e3o com a Universidade do Algarve e o Agrupamento Tomas Cabreira, no \u00e2mbito do projeto \u201cPr\u2019Oceano \u2013 Proteger o Oceano, porqu\u00ea e como?\u201d financiado pela Comiss\u00e3o de Coordena\u00e7\u00e3o e Desenvolvimento Regional (CCDR) do Algarve atrav\u00e9s do programa CRESC Algarve 2020, alguns destes recursos encontram-se desde j\u00e1 dispon\u00edveis na app MILAGE Aprender+ desenvolvida pela Universidade do Algarve.<\/p>\n\n\n\n<p>O \u201cMar Digital\u201d \u00e9 uma aposta estrat\u00e9gica do Centro Ci\u00eancia Viva do Algarve para comunicar ci\u00eancia e aumentar a literacia digital e a literacia do mar junto da comunidade, permitindo igualmente caminhar para uma maior justi\u00e7a social onde o acesso \u00e0 cultura e \u00e0 ci\u00eancia \u00e9 realizado de uma forma inclusiva, equitativa e diversa. Lembramos que a exposi\u00e7\u00e3o permanente tem entrada gratuita aos domingos para os moradores dos concelhos de Faro, Albufeira e Loul\u00e9.<\/p>\n","protected":false},"excerpt":{"rendered":"<p>Hoje dia 23 de Setembro o Centro Ci\u00eancia Viva do Algarve celebra o Dia Mundial do Mar com recurso \u00e0<\/p>\n","protected":false},"author":1,"featured_media":21848,"comment_status":"closed","ping_status":"open","sticky":false,"template":"","format":"standard","meta":{"colormag_page_container_layout":"default_layout","colormag_page_sidebar_layout":"default_layout","_monsterinsights_skip_tracking":false,"_monsterinsights_sitenote_active":false,"_monsterinsights_sitenote_note":"","_monsterinsights_sitenote_category":0,"jetpack_post_was_ever_published":false,"_jetpack_newsletter_access":"","_jetpack_dont_email_post_to_subs":false,"_jetpack_newsletter_tier_id":0,"_jetpack_memberships_contains_paywalled_content":false,"_jetpack_memberships_contains_paid_content":false,"footnotes":"","jetpack_publicize_message":"","jetpack_publicize_feature_enabled":true,"jetpack_social_post_already_shared":true,"jetpack_social_options":{"image_generator_settings":{"template":"highway","default_image_id":0,"font":"","enabled":false},"version":2}},"categories":[5],"tags":[36,32,715,57],"class_list":["post-21847","post","type-post","status-publish","format-standard","has-post-thumbnail","hentry","category-ambiente","tag-algarve","tag-ambiente","tag-centro-ciencia-viva-do-algarve","tag-faro"],"yoast_head":"<!-- This site is optimized with the Yoast SEO plugin v27.5 - https:\/\/yoast.com\/product\/yoast-seo-wordpress\/ -->\n<title>Centro Ci\u00eancia Viva do Algarve aposta no \u201cMar Digital\u201d - Algarve 7<\/title>\n<meta name=\"description\" content=\"Centro Ci\u00eancia Viva do Algarve aposta no \u201cMar Digital\u201d Ambiente\" \/>\n<meta name=\"robots\" content=\"index, follow, max-snippet:-1, max-image-preview:large, max-video-preview:-1\" \/>\n<link rel=\"canonical\" href=\"https:\/\/algarve7.pt\/index.php\/2022\/09\/centro-ciencia-viva-do-algarve-aposta-no-mar-digital\/ambiente\/07\/55\/\" \/>\n<meta property=\"og:locale\" content=\"pt_PT\" \/>\n<meta property=\"og:type\" content=\"article\" \/>\n<meta property=\"og:title\" content=\"Centro Ci\u00eancia Viva do Algarve aposta no \u201cMar Digital\u201d - Algarve 7\" \/>\n<meta property=\"og:description\" content=\"Centro Ci\u00eancia Viva do Algarve aposta no \u201cMar Digital\u201d Ambiente\" \/>\n<meta property=\"og:url\" content=\"https:\/\/algarve7.pt\/index.php\/2022\/09\/centro-ciencia-viva-do-algarve-aposta-no-mar-digital\/ambiente\/07\/55\/\" \/>\n<meta property=\"og:site_name\" content=\"Algarve 7\" \/>\n<meta property=\"article:publisher\" content=\"https:\/\/www.facebook.com\/algarve7\" \/>\n<meta property=\"article:author\" content=\"https:\/\/www.facebook.com\/algarve7\" \/>\n<meta property=\"article:published_time\" content=\"2022-09-23T06:55:54+00:00\" \/>\n<meta property=\"article:modified_time\" content=\"2022-09-23T06:55:55+00:00\" \/>\n<meta property=\"og:image\" content=\"https:\/\/algarve7.pt\/wp-content\/uploads\/2022\/09\/signal-2022-09-20-124824_011.jpeg\" \/>\n\t<meta property=\"og:image:width\" content=\"1600\" \/>\n\t<meta property=\"og:image:height\" content=\"900\" \/>\n\t<meta property=\"og:image:type\" content=\"image\/jpeg\" \/>\n<meta name=\"author\" content=\"Algarve 7\" \/>\n<meta name=\"twitter:card\" content=\"summary_large_image\" \/>\n<meta name=\"twitter:creator\" content=\"@Algarvesete\" \/>\n<meta name=\"twitter:site\" content=\"@Algarvesete\" \/>\n<meta name=\"twitter:label1\" content=\"Escrito por\" \/>\n\t<meta name=\"twitter:data1\" content=\"Algarve 7\" \/>\n\t<meta name=\"twitter:label2\" content=\"Tempo estimado de leitura\" \/>\n\t<meta name=\"twitter:data2\" content=\"2 minutos\" \/>\n<script type=\"application\/ld+json\" class=\"yoast-schema-graph\">{\"@context\":\"https:\\\/\\\/schema.org\",\"@graph\":[{\"@type\":\"Article\",\"@id\":\"https:\\\/\\\/algarve7.pt\\\/index.php\\\/2022\\\/09\\\/centro-ciencia-viva-do-algarve-aposta-no-mar-digital\\\/ambiente\\\/07\\\/55\\\/#article\",\"isPartOf\":{\"@id\":\"https:\\\/\\\/algarve7.pt\\\/index.php\\\/2022\\\/09\\\/centro-ciencia-viva-do-algarve-aposta-no-mar-digital\\\/ambiente\\\/07\\\/55\\\/\"},\"author\":{\"name\":\"Algarve 7\",\"@id\":\"https:\\\/\\\/algarve7.pt\\\/#\\\/schema\\\/person\\\/23fa70681308e7b319a3204bcea45e0c\"},\"headline\":\"Centro Ci\u00eancia Viva do Algarve aposta no \u201cMar Digital\u201d\",\"datePublished\":\"2022-09-23T06:55:54+00:00\",\"dateModified\":\"2022-09-23T06:55:55+00:00\",\"mainEntityOfPage\":{\"@id\":\"https:\\\/\\\/algarve7.pt\\\/index.php\\\/2022\\\/09\\\/centro-ciencia-viva-do-algarve-aposta-no-mar-digital\\\/ambiente\\\/07\\\/55\\\/\"},\"wordCount\":381,\"publisher\":{\"@id\":\"https:\\\/\\\/algarve7.pt\\\/#organization\"},\"image\":{\"@id\":\"https:\\\/\\\/algarve7.pt\\\/index.php\\\/2022\\\/09\\\/centro-ciencia-viva-do-algarve-aposta-no-mar-digital\\\/ambiente\\\/07\\\/55\\\/#primaryimage\"},\"thumbnailUrl\":\"https:\\\/\\\/algarve7.pt\\\/wp-content\\\/uploads\\\/2022\\\/09\\\/signal-2022-09-20-124824_011.jpeg\",\"keywords\":[\"Algarve\",\"Ambiente\",\"Centro Ci\u00eancia Viva do Algarve\",\"Faro\"],\"articleSection\":[\"Ambiente\"],\"inLanguage\":\"pt-PT\"},{\"@type\":\"WebPage\",\"@id\":\"https:\\\/\\\/algarve7.pt\\\/index.php\\\/2022\\\/09\\\/centro-ciencia-viva-do-algarve-aposta-no-mar-digital\\\/ambiente\\\/07\\\/55\\\/\",\"url\":\"https:\\\/\\\/algarve7.pt\\\/index.php\\\/2022\\\/09\\\/centro-ciencia-viva-do-algarve-aposta-no-mar-digital\\\/ambiente\\\/07\\\/55\\\/\",\"name\":\"Centro Ci\u00eancia Viva do Algarve aposta no \u201cMar Digital\u201d - Algarve 7\",\"isPartOf\":{\"@id\":\"https:\\\/\\\/algarve7.pt\\\/#website\"},\"primaryImageOfPage\":{\"@id\":\"https:\\\/\\\/algarve7.pt\\\/index.php\\\/2022\\\/09\\\/centro-ciencia-viva-do-algarve-aposta-no-mar-digital\\\/ambiente\\\/07\\\/55\\\/#primaryimage\"},\"image\":{\"@id\":\"https:\\\/\\\/algarve7.pt\\\/index.php\\\/2022\\\/09\\\/centro-ciencia-viva-do-algarve-aposta-no-mar-digital\\\/ambiente\\\/07\\\/55\\\/#primaryimage\"},\"thumbnailUrl\":\"https:\\\/\\\/algarve7.pt\\\/wp-content\\\/uploads\\\/2022\\\/09\\\/signal-2022-09-20-124824_011.jpeg\",\"datePublished\":\"2022-09-23T06:55:54+00:00\",\"dateModified\":\"2022-09-23T06:55:55+00:00\",\"description\":\"Centro Ci\u00eancia Viva do Algarve aposta no \u201cMar Digital\u201d Ambiente\",\"breadcrumb\":{\"@id\":\"https:\\\/\\\/algarve7.pt\\\/index.php\\\/2022\\\/09\\\/centro-ciencia-viva-do-algarve-aposta-no-mar-digital\\\/ambiente\\\/07\\\/55\\\/#breadcrumb\"},\"inLanguage\":\"pt-PT\",\"potentialAction\":[{\"@type\":\"ReadAction\",\"target\":[\"https:\\\/\\\/algarve7.pt\\\/index.php\\\/2022\\\/09\\\/centro-ciencia-viva-do-algarve-aposta-no-mar-digital\\\/ambiente\\\/07\\\/55\\\/\"]}]},{\"@type\":\"ImageObject\",\"inLanguage\":\"pt-PT\",\"@id\":\"https:\\\/\\\/algarve7.pt\\\/index.php\\\/2022\\\/09\\\/centro-ciencia-viva-do-algarve-aposta-no-mar-digital\\\/ambiente\\\/07\\\/55\\\/#primaryimage\",\"url\":\"https:\\\/\\\/algarve7.pt\\\/wp-content\\\/uploads\\\/2022\\\/09\\\/signal-2022-09-20-124824_011.jpeg\",\"contentUrl\":\"https:\\\/\\\/algarve7.pt\\\/wp-content\\\/uploads\\\/2022\\\/09\\\/signal-2022-09-20-124824_011.jpeg\",\"width\":1600,\"height\":900},{\"@type\":\"BreadcrumbList\",\"@id\":\"https:\\\/\\\/algarve7.pt\\\/index.php\\\/2022\\\/09\\\/centro-ciencia-viva-do-algarve-aposta-no-mar-digital\\\/ambiente\\\/07\\\/55\\\/#breadcrumb\",\"itemListElement\":[{\"@type\":\"ListItem\",\"position\":1,\"name\":\"In\u00edcio\",\"item\":\"https:\\\/\\\/algarve7.pt\\\/\"},{\"@type\":\"ListItem\",\"position\":2,\"name\":\"Centro Ci\u00eancia Viva do Algarve aposta no \u201cMar Digital\u201d\"}]},{\"@type\":\"WebSite\",\"@id\":\"https:\\\/\\\/algarve7.pt\\\/#website\",\"url\":\"https:\\\/\\\/algarve7.pt\\\/\",\"name\":\"Algarve 7\",\"description\":\"Informa\u00e7\u00e3o sobre o Algarve\",\"publisher\":{\"@id\":\"https:\\\/\\\/algarve7.pt\\\/#organization\"},\"potentialAction\":[{\"@type\":\"SearchAction\",\"target\":{\"@type\":\"EntryPoint\",\"urlTemplate\":\"https:\\\/\\\/algarve7.pt\\\/?s={search_term_string}\"},\"query-input\":{\"@type\":\"PropertyValueSpecification\",\"valueRequired\":true,\"valueName\":\"search_term_string\"}}],\"inLanguage\":\"pt-PT\"},{\"@type\":\"Organization\",\"@id\":\"https:\\\/\\\/algarve7.pt\\\/#organization\",\"name\":\"Algarve 7\",\"url\":\"https:\\\/\\\/algarve7.pt\\\/\",\"logo\":{\"@type\":\"ImageObject\",\"inLanguage\":\"pt-PT\",\"@id\":\"https:\\\/\\\/algarve7.pt\\\/#\\\/schema\\\/logo\\\/image\\\/\",\"url\":\"https:\\\/\\\/algarve7.pt\\\/wp-content\\\/uploads\\\/2020\\\/10\\\/Logo-8.jpg\",\"contentUrl\":\"https:\\\/\\\/algarve7.pt\\\/wp-content\\\/uploads\\\/2020\\\/10\\\/Logo-8.jpg\",\"width\":1680,\"height\":1186,\"caption\":\"Algarve 7\"},\"image\":{\"@id\":\"https:\\\/\\\/algarve7.pt\\\/#\\\/schema\\\/logo\\\/image\\\/\"},\"sameAs\":[\"https:\\\/\\\/www.facebook.com\\\/algarve7\",\"https:\\\/\\\/x.com\\\/Algarvesete\",\"https:\\\/\\\/www.instagram.com\\\/jornalalgarve7\\\/\",\"https:\\\/\\\/www.linkedin.com\\\/company\\\/algarve7\",\"https:\\\/\\\/www.pinterest.pt\\\/geral0939\\\/_created\\\/\"]},{\"@type\":\"Person\",\"@id\":\"https:\\\/\\\/algarve7.pt\\\/#\\\/schema\\\/person\\\/23fa70681308e7b319a3204bcea45e0c\",\"name\":\"Algarve 7\",\"sameAs\":[\"https:\\\/\\\/algarve7.pt\",\"https:\\\/\\\/www.facebook.com\\\/algarve7\"],\"url\":\"https:\\\/\\\/algarve7.pt\\\/index.php\\\/author\\\/geralalgarve7-pt\\\/\"}]}<\/script>\n<!-- \/ Yoast SEO plugin. -->","yoast_head_json":{"title":"Centro Ci\u00eancia Viva do Algarve aposta no \u201cMar Digital\u201d - Algarve 7","description":"Centro Ci\u00eancia Viva do Algarve aposta no \u201cMar Digital\u201d Ambiente","robots":{"index":"index","follow":"follow","max-snippet":"max-snippet:-1","max-image-preview":"max-image-preview:large","max-video-preview":"max-video-preview:-1"},"canonical":"https:\/\/algarve7.pt\/index.php\/2022\/09\/centro-ciencia-viva-do-algarve-aposta-no-mar-digital\/ambiente\/07\/55\/","og_locale":"pt_PT","og_type":"article","og_title":"Centro Ci\u00eancia Viva do Algarve aposta no \u201cMar Digital\u201d - Algarve 7","og_description":"Centro Ci\u00eancia Viva do Algarve aposta no \u201cMar Digital\u201d Ambiente","og_url":"https:\/\/algarve7.pt\/index.php\/2022\/09\/centro-ciencia-viva-do-algarve-aposta-no-mar-digital\/ambiente\/07\/55\/","og_site_name":"Algarve 7","article_publisher":"https:\/\/www.facebook.com\/algarve7","article_author":"https:\/\/www.facebook.com\/algarve7","article_published_time":"2022-09-23T06:55:54+00:00","article_modified_time":"2022-09-23T06:55:55+00:00","og_image":[{"width":1600,"height":900,"url":"https:\/\/algarve7.pt\/wp-content\/uploads\/2022\/09\/signal-2022-09-20-124824_011.jpeg","type":"image\/jpeg"}],"author":"Algarve 7","twitter_card":"summary_large_image","twitter_creator":"@Algarvesete","twitter_site":"@Algarvesete","twitter_misc":{"Escrito por":"Algarve 7","Tempo estimado de leitura":"2 minutos"},"schema":{"@context":"https:\/\/schema.org","@graph":[{"@type":"Article","@id":"https:\/\/algarve7.pt\/index.php\/2022\/09\/centro-ciencia-viva-do-algarve-aposta-no-mar-digital\/ambiente\/07\/55\/#article","isPartOf":{"@id":"https:\/\/algarve7.pt\/index.php\/2022\/09\/centro-ciencia-viva-do-algarve-aposta-no-mar-digital\/ambiente\/07\/55\/"},"author":{"name":"Algarve 7","@id":"https:\/\/algarve7.pt\/#\/schema\/person\/23fa70681308e7b319a3204bcea45e0c"},"headline":"Centro Ci\u00eancia Viva do Algarve aposta no \u201cMar Digital\u201d","datePublished":"2022-09-23T06:55:54+00:00","dateModified":"2022-09-23T06:55:55+00:00","mainEntityOfPage":{"@id":"https:\/\/algarve7.pt\/index.php\/2022\/09\/centro-ciencia-viva-do-algarve-aposta-no-mar-digital\/ambiente\/07\/55\/"},"wordCount":381,"publisher":{"@id":"https:\/\/algarve7.pt\/#organization"},"image":{"@id":"https:\/\/algarve7.pt\/index.php\/2022\/09\/centro-ciencia-viva-do-algarve-aposta-no-mar-digital\/ambiente\/07\/55\/#primaryimage"},"thumbnailUrl":"https:\/\/algarve7.pt\/wp-content\/uploads\/2022\/09\/signal-2022-09-20-124824_011.jpeg","keywords":["Algarve","Ambiente","Centro Ci\u00eancia Viva do Algarve","Faro"],"articleSection":["Ambiente"],"inLanguage":"pt-PT"},{"@type":"WebPage","@id":"https:\/\/algarve7.pt\/index.php\/2022\/09\/centro-ciencia-viva-do-algarve-aposta-no-mar-digital\/ambiente\/07\/55\/","url":"https:\/\/algarve7.pt\/index.php\/2022\/09\/centro-ciencia-viva-do-algarve-aposta-no-mar-digital\/ambiente\/07\/55\/","name":"Centro Ci\u00eancia Viva do Algarve aposta no \u201cMar Digital\u201d - Algarve 7","isPartOf":{"@id":"https:\/\/algarve7.pt\/#website"},"primaryImageOfPage":{"@id":"https:\/\/algarve7.pt\/index.php\/2022\/09\/centro-ciencia-viva-do-algarve-aposta-no-mar-digital\/ambiente\/07\/55\/#primaryimage"},"image":{"@id":"https:\/\/algarve7.pt\/index.php\/2022\/09\/centro-ciencia-viva-do-algarve-aposta-no-mar-digital\/ambiente\/07\/55\/#primaryimage"},"thumbnailUrl":"https:\/\/algarve7.pt\/wp-content\/uploads\/2022\/09\/signal-2022-09-20-124824_011.jpeg","datePublished":"2022-09-23T06:55:54+00:00","dateModified":"2022-09-23T06:55:55+00:00","description":"Centro Ci\u00eancia Viva do Algarve aposta no \u201cMar Digital\u201d Ambiente","breadcrumb":{"@id":"https:\/\/algarve7.pt\/index.php\/2022\/09\/centro-ciencia-viva-do-algarve-aposta-no-mar-digital\/ambiente\/07\/55\/#breadcrumb"},"inLanguage":"pt-PT","potentialAction":[{"@type":"ReadAction","target":["https:\/\/algarve7.pt\/index.php\/2022\/09\/centro-ciencia-viva-do-algarve-aposta-no-mar-digital\/ambiente\/07\/55\/"]}]},{"@type":"ImageObject","inLanguage":"pt-PT","@id":"https:\/\/algarve7.pt\/index.php\/2022\/09\/centro-ciencia-viva-do-algarve-aposta-no-mar-digital\/ambiente\/07\/55\/#primaryimage","url":"https:\/\/algarve7.pt\/wp-content\/uploads\/2022\/09\/signal-2022-09-20-124824_011.jpeg","contentUrl":"https:\/\/algarve7.pt\/wp-content\/uploads\/2022\/09\/signal-2022-09-20-124824_011.jpeg","width":1600,"height":900},{"@type":"BreadcrumbList","@id":"https:\/\/algarve7.pt\/index.php\/2022\/09\/centro-ciencia-viva-do-algarve-aposta-no-mar-digital\/ambiente\/07\/55\/#breadcrumb","itemListElement":[{"@type":"ListItem","position":1,"name":"In\u00edcio","item":"https:\/\/algarve7.pt\/"},{"@type":"ListItem","position":2,"name":"Centro Ci\u00eancia Viva do Algarve aposta no \u201cMar Digital\u201d"}]},{"@type":"WebSite","@id":"https:\/\/algarve7.pt\/#website","url":"https:\/\/algarve7.pt\/","name":"Algarve 7","description":"Informa\u00e7\u00e3o sobre o Algarve","publisher":{"@id":"https:\/\/algarve7.pt\/#organization"},"potentialAction":[{"@type":"SearchAction","target":{"@type":"EntryPoint","urlTemplate":"https:\/\/algarve7.pt\/?s={search_term_string}"},"query-input":{"@type":"PropertyValueSpecification","valueRequired":true,"valueName":"search_term_string"}}],"inLanguage":"pt-PT"},{"@type":"Organization","@id":"https:\/\/algarve7.pt\/#organization","name":"Algarve 7","url":"https:\/\/algarve7.pt\/","logo":{"@type":"ImageObject","inLanguage":"pt-PT","@id":"https:\/\/algarve7.pt\/#\/schema\/logo\/image\/","url":"https:\/\/algarve7.pt\/wp-content\/uploads\/2020\/10\/Logo-8.jpg","contentUrl":"https:\/\/algarve7.pt\/wp-content\/uploads\/2020\/10\/Logo-8.jpg","width":1680,"height":1186,"caption":"Algarve 7"},"image":{"@id":"https:\/\/algarve7.pt\/#\/schema\/logo\/image\/"},"sameAs":["https:\/\/www.facebook.com\/algarve7","https:\/\/x.com\/Algarvesete","https:\/\/www.instagram.com\/jornalalgarve7\/","https:\/\/www.linkedin.com\/company\/algarve7","https:\/\/www.pinterest.pt\/geral0939\/_created\/"]},{"@type":"Person","@id":"https:\/\/algarve7.pt\/#\/schema\/person\/23fa70681308e7b319a3204bcea45e0c","name":"Algarve 7","sameAs":["https:\/\/algarve7.pt","https:\/\/www.facebook.com\/algarve7"],"url":"https:\/\/algarve7.pt\/index.php\/author\/geralalgarve7-pt\/"}]}},"jetpack_publicize_connections":[],"jetpack_featured_media_url":"https:\/\/algarve7.pt\/wp-content\/uploads\/2022\/09\/signal-2022-09-20-124824_011.jpeg","jetpack_shortlink":"https:\/\/wp.me\/pcezmW-5Gn","jetpack_sharing_enabled":true,"_links":{"self":[{"href":"https:\/\/algarve7.pt\/index.php\/wp-json\/wp\/v2\/posts\/21847","targetHints":{"allow":["GET"]}}],"collection":[{"href":"https:\/\/algarve7.pt\/index.php\/wp-json\/wp\/v2\/posts"}],"about":[{"href":"https:\/\/algarve7.pt\/index.php\/wp-json\/wp\/v2\/types\/post"}],"author":[{"embeddable":true,"href":"https:\/\/algarve7.pt\/index.php\/wp-json\/wp\/v2\/users\/1"}],"replies":[{"embeddable":true,"href":"https:\/\/algarve7.pt\/index.php\/wp-json\/wp\/v2\/comments?post=21847"}],"version-history":[{"count":0,"href":"https:\/\/algarve7.pt\/index.php\/wp-json\/wp\/v2\/posts\/21847\/revisions"}],"wp:featuredmedia":[{"embeddable":true,"href":"https:\/\/algarve7.pt\/index.php\/wp-json\/wp\/v2\/media\/21848"}],"wp:attachment":[{"href":"https:\/\/algarve7.pt\/index.php\/wp-json\/wp\/v2\/media?parent=21847"}],"wp:term":[{"taxonomy":"category","embeddable":true,"href":"https:\/\/algarve7.pt\/index.php\/wp-json\/wp\/v2\/categories?post=21847"},{"taxonomy":"post_tag","embeddable":true,"href":"https:\/\/algarve7.pt\/index.php\/wp-json\/wp\/v2\/tags?post=21847"}],"curies":[{"name":"wp","href":"https:\/\/api.w.org\/{rel}","templated":true}]}}