{"id":21807,"date":"2022-09-21T13:02:34","date_gmt":"2022-09-21T12:02:34","guid":{"rendered":"https:\/\/algarve7.pt\/?p=21807"},"modified":"2022-09-21T13:02:36","modified_gmt":"2022-09-21T12:02:36","slug":"municipio-de-lagoa-promove-formacao-para-a-inclusao-em-contexto-escolar","status":"publish","type":"post","link":"https:\/\/algarve7.pt\/index.php\/2022\/09\/municipio-de-lagoa-promove-formacao-para-a-inclusao-em-contexto-escolar\/educacao\/13\/02\/","title":{"rendered":"Munic\u00edpio de Lagoa promove forma\u00e7\u00e3o para a \u201cInclus\u00e3o em Contexto Escolar\u201d"},"content":{"rendered":"\n<p>O Munic\u00edpio de Lagoa de Lagoa realizou, na primeira metade do m\u00eas de setembro, uma forma\u00e7\u00e3o para as assistentes operacionais que exercem fun\u00e7\u00f5es nas escolas da rede p\u00fablica do Concelho e que trabalham, direta ou indiretamente, com crian\u00e7as com necessidade educativas especiais.<\/p>\n\n\n\n<p>No seguimento da aposta que o Munic\u00edpio de Lagoa tem vindo a desenvolver no \u00e2mbito da Educa\u00e7\u00e3o, realizou-se a forma\u00e7\u00e3o \u201cInclus\u00e3o em Contexto Escolar\u201d que decorreu em formato online nos dias 5, 6 e 9 de setembro e em formato presencial nos dias 13 e 14 do mesmo m\u00eas, contando com 30 participantes, 15 do Agrupamento de Escolas ESPAMOL e 15 do Agrupamento de Escolas Rio Arade.<\/p>\n\n\n\n<p>Esta forma\u00e7\u00e3o teve como objetivos dotar estas profissionais de estrat\u00e9gias e ferramentas para que possam promover a comunica\u00e7\u00e3o e funcionalidade dessas crian\u00e7as em contexto escolar, contribuindo, assim, para uma escola, cada vez mais inclusiva. Esta iniciativa contou com dois terapeutas da fala e uma psicomotricista como formadores, pertencentes \u00e0 Associa\u00e7\u00e3o para a Recupera\u00e7\u00e3o de Cidad\u00e3os Inadaptados da Lous\u00e3 (ARCIL).<\/p>\n\n\n\n<p>Uma vez que a forma\u00e7\u00e3o superou todas as expetativas do Munic\u00edpio e dos participantes, o Munic\u00edpio de Lagoa pondera repetir a forma\u00e7\u00e3o e alarga-la a mais assistentes operacionais, uma vez que a mesma era limitada a 30 participantes.<\/p>\n\n\n\n<p>\u201cAcolher e incluir todos os lagoenses e n\u00e3o deixar ningu\u00e9m para tr\u00e1s \u00e9 um objetivo claro deste munic\u00edpio e do qual o executivo liderado por mim n\u00e3o abdica. E a inclus\u00e3o tem que come\u00e7ar logo nas escolas, independentemente da origem, da classe social, da condi\u00e7\u00e3o f\u00edsica ou ps\u00edquica de cada aluno. Desta forma \u00e9 fundamental dotar os nossos funcion\u00e1rios de ferramentas necess\u00e1rias \u00e0 integra\u00e7\u00e3o de todos.\u201d, referiu Lu\u00eds Encarna\u00e7\u00e3o, Presidente da C\u00e2mara Municipal de Lagoa.&nbsp;&nbsp;<\/p>\n","protected":false},"excerpt":{"rendered":"<p>O Munic\u00edpio de Lagoa de Lagoa realizou, na primeira metade do m\u00eas de setembro, uma forma\u00e7\u00e3o para as assistentes operacionais<\/p>\n","protected":false},"author":1,"featured_media":21808,"comment_status":"closed","ping_status":"open","sticky":false,"template":"","format":"standard","meta":{"colormag_page_container_layout":"default_layout","colormag_page_sidebar_layout":"default_layout","_monsterinsights_skip_tracking":false,"_monsterinsights_sitenote_active":false,"_monsterinsights_sitenote_note":"","_monsterinsights_sitenote_category":0,"jetpack_post_was_ever_published":false,"_jetpack_newsletter_access":"","_jetpack_dont_email_post_to_subs":false,"_jetpack_newsletter_tier_id":0,"_jetpack_memberships_contains_paywalled_content":false,"_jetpack_memberships_contains_paid_content":false,"footnotes":"","jetpack_publicize_message":"","jetpack_publicize_feature_enabled":true,"jetpack_social_post_already_shared":true,"jetpack_social_options":{"image_generator_settings":{"template":"highway","default_image_id":0,"font":"","enabled":false},"version":2}},"categories":[93],"tags":[36,74,138,48],"class_list":["post-21807","post","type-post","status-publish","format-standard","has-post-thumbnail","hentry","category-educacao","tag-algarve","tag-educacao","tag-escola","tag-lagoa"],"yoast_head":"<!-- This site is optimized with the Yoast SEO plugin v27.5 - https:\/\/yoast.com\/product\/yoast-seo-wordpress\/ -->\n<title>Munic\u00edpio de Lagoa promove forma\u00e7\u00e3o para a \u201cInclus\u00e3o em Contexto Escolar\u201d - Algarve 7<\/title>\n<meta name=\"description\" content=\"Munic\u00edpio de Lagoa promove forma\u00e7\u00e3o para a \u201cInclus\u00e3o em Contexto Escolar\u201d Educa\u00e7\u00e3o\" \/>\n<meta name=\"robots\" content=\"index, follow, max-snippet:-1, max-image-preview:large, max-video-preview:-1\" \/>\n<link rel=\"canonical\" href=\"https:\/\/algarve7.pt\/index.php\/2022\/09\/municipio-de-lagoa-promove-formacao-para-a-inclusao-em-contexto-escolar\/educacao\/13\/02\/\" \/>\n<meta property=\"og:locale\" content=\"pt_PT\" \/>\n<meta property=\"og:type\" content=\"article\" \/>\n<meta property=\"og:title\" content=\"Munic\u00edpio de Lagoa promove forma\u00e7\u00e3o para a \u201cInclus\u00e3o em Contexto Escolar\u201d - Algarve 7\" \/>\n<meta property=\"og:description\" content=\"Munic\u00edpio de Lagoa promove forma\u00e7\u00e3o para a \u201cInclus\u00e3o em Contexto Escolar\u201d Educa\u00e7\u00e3o\" \/>\n<meta property=\"og:url\" content=\"https:\/\/algarve7.pt\/index.php\/2022\/09\/municipio-de-lagoa-promove-formacao-para-a-inclusao-em-contexto-escolar\/educacao\/13\/02\/\" \/>\n<meta property=\"og:site_name\" content=\"Algarve 7\" \/>\n<meta property=\"article:publisher\" content=\"https:\/\/www.facebook.com\/algarve7\" \/>\n<meta property=\"article:author\" content=\"https:\/\/www.facebook.com\/algarve7\" \/>\n<meta property=\"article:published_time\" content=\"2022-09-21T12:02:34+00:00\" \/>\n<meta property=\"article:modified_time\" content=\"2022-09-21T12:02:36+00:00\" \/>\n<meta property=\"og:image\" content=\"https:\/\/algarve7.pt\/wp-content\/uploads\/2022\/09\/banner-post_FICE22_1200x1200px-e1663761721252.png\" \/>\n\t<meta property=\"og:image:width\" content=\"1200\" \/>\n\t<meta property=\"og:image:height\" content=\"909\" \/>\n\t<meta property=\"og:image:type\" content=\"image\/png\" \/>\n<meta name=\"author\" content=\"Algarve 7\" \/>\n<meta name=\"twitter:card\" content=\"summary_large_image\" \/>\n<meta name=\"twitter:creator\" content=\"@Algarvesete\" \/>\n<meta name=\"twitter:site\" content=\"@Algarvesete\" \/>\n<meta name=\"twitter:label1\" content=\"Escrito por\" \/>\n\t<meta name=\"twitter:data1\" content=\"Algarve 7\" \/>\n\t<meta name=\"twitter:label2\" content=\"Tempo estimado de leitura\" \/>\n\t<meta name=\"twitter:data2\" content=\"2 minutos\" \/>\n<script type=\"application\/ld+json\" class=\"yoast-schema-graph\">{\"@context\":\"https:\\\/\\\/schema.org\",\"@graph\":[{\"@type\":\"Article\",\"@id\":\"https:\\\/\\\/algarve7.pt\\\/index.php\\\/2022\\\/09\\\/municipio-de-lagoa-promove-formacao-para-a-inclusao-em-contexto-escolar\\\/educacao\\\/13\\\/02\\\/#article\",\"isPartOf\":{\"@id\":\"https:\\\/\\\/algarve7.pt\\\/index.php\\\/2022\\\/09\\\/municipio-de-lagoa-promove-formacao-para-a-inclusao-em-contexto-escolar\\\/educacao\\\/13\\\/02\\\/\"},\"author\":{\"name\":\"Algarve 7\",\"@id\":\"https:\\\/\\\/algarve7.pt\\\/#\\\/schema\\\/person\\\/23fa70681308e7b319a3204bcea45e0c\"},\"headline\":\"Munic\u00edpio de Lagoa promove forma\u00e7\u00e3o para a \u201cInclus\u00e3o em Contexto Escolar\u201d\",\"datePublished\":\"2022-09-21T12:02:34+00:00\",\"dateModified\":\"2022-09-21T12:02:36+00:00\",\"mainEntityOfPage\":{\"@id\":\"https:\\\/\\\/algarve7.pt\\\/index.php\\\/2022\\\/09\\\/municipio-de-lagoa-promove-formacao-para-a-inclusao-em-contexto-escolar\\\/educacao\\\/13\\\/02\\\/\"},\"wordCount\":322,\"publisher\":{\"@id\":\"https:\\\/\\\/algarve7.pt\\\/#organization\"},\"image\":{\"@id\":\"https:\\\/\\\/algarve7.pt\\\/index.php\\\/2022\\\/09\\\/municipio-de-lagoa-promove-formacao-para-a-inclusao-em-contexto-escolar\\\/educacao\\\/13\\\/02\\\/#primaryimage\"},\"thumbnailUrl\":\"https:\\\/\\\/algarve7.pt\\\/wp-content\\\/uploads\\\/2022\\\/09\\\/banner-post_FICE22_1200x1200px-e1663761721252.png\",\"keywords\":[\"Algarve\",\"Educa\u00e7\u00e3o\",\"Escola\",\"Lagoa\"],\"articleSection\":[\"Educa\u00e7\u00e3o\"],\"inLanguage\":\"pt-PT\"},{\"@type\":\"WebPage\",\"@id\":\"https:\\\/\\\/algarve7.pt\\\/index.php\\\/2022\\\/09\\\/municipio-de-lagoa-promove-formacao-para-a-inclusao-em-contexto-escolar\\\/educacao\\\/13\\\/02\\\/\",\"url\":\"https:\\\/\\\/algarve7.pt\\\/index.php\\\/2022\\\/09\\\/municipio-de-lagoa-promove-formacao-para-a-inclusao-em-contexto-escolar\\\/educacao\\\/13\\\/02\\\/\",\"name\":\"Munic\u00edpio de Lagoa promove forma\u00e7\u00e3o para a \u201cInclus\u00e3o em Contexto Escolar\u201d - Algarve 7\",\"isPartOf\":{\"@id\":\"https:\\\/\\\/algarve7.pt\\\/#website\"},\"primaryImageOfPage\":{\"@id\":\"https:\\\/\\\/algarve7.pt\\\/index.php\\\/2022\\\/09\\\/municipio-de-lagoa-promove-formacao-para-a-inclusao-em-contexto-escolar\\\/educacao\\\/13\\\/02\\\/#primaryimage\"},\"image\":{\"@id\":\"https:\\\/\\\/algarve7.pt\\\/index.php\\\/2022\\\/09\\\/municipio-de-lagoa-promove-formacao-para-a-inclusao-em-contexto-escolar\\\/educacao\\\/13\\\/02\\\/#primaryimage\"},\"thumbnailUrl\":\"https:\\\/\\\/algarve7.pt\\\/wp-content\\\/uploads\\\/2022\\\/09\\\/banner-post_FICE22_1200x1200px-e1663761721252.png\",\"datePublished\":\"2022-09-21T12:02:34+00:00\",\"dateModified\":\"2022-09-21T12:02:36+00:00\",\"description\":\"Munic\u00edpio de Lagoa promove forma\u00e7\u00e3o para a \u201cInclus\u00e3o em Contexto Escolar\u201d Educa\u00e7\u00e3o\",\"breadcrumb\":{\"@id\":\"https:\\\/\\\/algarve7.pt\\\/index.php\\\/2022\\\/09\\\/municipio-de-lagoa-promove-formacao-para-a-inclusao-em-contexto-escolar\\\/educacao\\\/13\\\/02\\\/#breadcrumb\"},\"inLanguage\":\"pt-PT\",\"potentialAction\":[{\"@type\":\"ReadAction\",\"target\":[\"https:\\\/\\\/algarve7.pt\\\/index.php\\\/2022\\\/09\\\/municipio-de-lagoa-promove-formacao-para-a-inclusao-em-contexto-escolar\\\/educacao\\\/13\\\/02\\\/\"]}]},{\"@type\":\"ImageObject\",\"inLanguage\":\"pt-PT\",\"@id\":\"https:\\\/\\\/algarve7.pt\\\/index.php\\\/2022\\\/09\\\/municipio-de-lagoa-promove-formacao-para-a-inclusao-em-contexto-escolar\\\/educacao\\\/13\\\/02\\\/#primaryimage\",\"url\":\"https:\\\/\\\/algarve7.pt\\\/wp-content\\\/uploads\\\/2022\\\/09\\\/banner-post_FICE22_1200x1200px-e1663761721252.png\",\"contentUrl\":\"https:\\\/\\\/algarve7.pt\\\/wp-content\\\/uploads\\\/2022\\\/09\\\/banner-post_FICE22_1200x1200px-e1663761721252.png\",\"width\":1200,\"height\":909},{\"@type\":\"BreadcrumbList\",\"@id\":\"https:\\\/\\\/algarve7.pt\\\/index.php\\\/2022\\\/09\\\/municipio-de-lagoa-promove-formacao-para-a-inclusao-em-contexto-escolar\\\/educacao\\\/13\\\/02\\\/#breadcrumb\",\"itemListElement\":[{\"@type\":\"ListItem\",\"position\":1,\"name\":\"In\u00edcio\",\"item\":\"https:\\\/\\\/algarve7.pt\\\/\"},{\"@type\":\"ListItem\",\"position\":2,\"name\":\"Munic\u00edpio de Lagoa promove forma\u00e7\u00e3o para a \u201cInclus\u00e3o em Contexto Escolar\u201d\"}]},{\"@type\":\"WebSite\",\"@id\":\"https:\\\/\\\/algarve7.pt\\\/#website\",\"url\":\"https:\\\/\\\/algarve7.pt\\\/\",\"name\":\"Algarve 7\",\"description\":\"Informa\u00e7\u00e3o sobre o Algarve\",\"publisher\":{\"@id\":\"https:\\\/\\\/algarve7.pt\\\/#organization\"},\"potentialAction\":[{\"@type\":\"SearchAction\",\"target\":{\"@type\":\"EntryPoint\",\"urlTemplate\":\"https:\\\/\\\/algarve7.pt\\\/?s={search_term_string}\"},\"query-input\":{\"@type\":\"PropertyValueSpecification\",\"valueRequired\":true,\"valueName\":\"search_term_string\"}}],\"inLanguage\":\"pt-PT\"},{\"@type\":\"Organization\",\"@id\":\"https:\\\/\\\/algarve7.pt\\\/#organization\",\"name\":\"Algarve 7\",\"url\":\"https:\\\/\\\/algarve7.pt\\\/\",\"logo\":{\"@type\":\"ImageObject\",\"inLanguage\":\"pt-PT\",\"@id\":\"https:\\\/\\\/algarve7.pt\\\/#\\\/schema\\\/logo\\\/image\\\/\",\"url\":\"https:\\\/\\\/algarve7.pt\\\/wp-content\\\/uploads\\\/2020\\\/10\\\/Logo-8.jpg\",\"contentUrl\":\"https:\\\/\\\/algarve7.pt\\\/wp-content\\\/uploads\\\/2020\\\/10\\\/Logo-8.jpg\",\"width\":1680,\"height\":1186,\"caption\":\"Algarve 7\"},\"image\":{\"@id\":\"https:\\\/\\\/algarve7.pt\\\/#\\\/schema\\\/logo\\\/image\\\/\"},\"sameAs\":[\"https:\\\/\\\/www.facebook.com\\\/algarve7\",\"https:\\\/\\\/x.com\\\/Algarvesete\",\"https:\\\/\\\/www.instagram.com\\\/jornalalgarve7\\\/\",\"https:\\\/\\\/www.linkedin.com\\\/company\\\/algarve7\",\"https:\\\/\\\/www.pinterest.pt\\\/geral0939\\\/_created\\\/\"]},{\"@type\":\"Person\",\"@id\":\"https:\\\/\\\/algarve7.pt\\\/#\\\/schema\\\/person\\\/23fa70681308e7b319a3204bcea45e0c\",\"name\":\"Algarve 7\",\"sameAs\":[\"https:\\\/\\\/algarve7.pt\",\"https:\\\/\\\/www.facebook.com\\\/algarve7\"],\"url\":\"https:\\\/\\\/algarve7.pt\\\/index.php\\\/author\\\/geralalgarve7-pt\\\/\"}]}<\/script>\n<!-- \/ Yoast SEO plugin. -->","yoast_head_json":{"title":"Munic\u00edpio de Lagoa promove forma\u00e7\u00e3o para a \u201cInclus\u00e3o em Contexto Escolar\u201d - Algarve 7","description":"Munic\u00edpio de Lagoa promove forma\u00e7\u00e3o para a \u201cInclus\u00e3o em Contexto Escolar\u201d Educa\u00e7\u00e3o","robots":{"index":"index","follow":"follow","max-snippet":"max-snippet:-1","max-image-preview":"max-image-preview:large","max-video-preview":"max-video-preview:-1"},"canonical":"https:\/\/algarve7.pt\/index.php\/2022\/09\/municipio-de-lagoa-promove-formacao-para-a-inclusao-em-contexto-escolar\/educacao\/13\/02\/","og_locale":"pt_PT","og_type":"article","og_title":"Munic\u00edpio de Lagoa promove forma\u00e7\u00e3o para a \u201cInclus\u00e3o em Contexto Escolar\u201d - Algarve 7","og_description":"Munic\u00edpio de Lagoa promove forma\u00e7\u00e3o para a \u201cInclus\u00e3o em Contexto Escolar\u201d Educa\u00e7\u00e3o","og_url":"https:\/\/algarve7.pt\/index.php\/2022\/09\/municipio-de-lagoa-promove-formacao-para-a-inclusao-em-contexto-escolar\/educacao\/13\/02\/","og_site_name":"Algarve 7","article_publisher":"https:\/\/www.facebook.com\/algarve7","article_author":"https:\/\/www.facebook.com\/algarve7","article_published_time":"2022-09-21T12:02:34+00:00","article_modified_time":"2022-09-21T12:02:36+00:00","og_image":[{"width":1200,"height":909,"url":"https:\/\/algarve7.pt\/wp-content\/uploads\/2022\/09\/banner-post_FICE22_1200x1200px-e1663761721252.png","type":"image\/png"}],"author":"Algarve 7","twitter_card":"summary_large_image","twitter_creator":"@Algarvesete","twitter_site":"@Algarvesete","twitter_misc":{"Escrito por":"Algarve 7","Tempo estimado de leitura":"2 minutos"},"schema":{"@context":"https:\/\/schema.org","@graph":[{"@type":"Article","@id":"https:\/\/algarve7.pt\/index.php\/2022\/09\/municipio-de-lagoa-promove-formacao-para-a-inclusao-em-contexto-escolar\/educacao\/13\/02\/#article","isPartOf":{"@id":"https:\/\/algarve7.pt\/index.php\/2022\/09\/municipio-de-lagoa-promove-formacao-para-a-inclusao-em-contexto-escolar\/educacao\/13\/02\/"},"author":{"name":"Algarve 7","@id":"https:\/\/algarve7.pt\/#\/schema\/person\/23fa70681308e7b319a3204bcea45e0c"},"headline":"Munic\u00edpio de Lagoa promove forma\u00e7\u00e3o para a \u201cInclus\u00e3o em Contexto Escolar\u201d","datePublished":"2022-09-21T12:02:34+00:00","dateModified":"2022-09-21T12:02:36+00:00","mainEntityOfPage":{"@id":"https:\/\/algarve7.pt\/index.php\/2022\/09\/municipio-de-lagoa-promove-formacao-para-a-inclusao-em-contexto-escolar\/educacao\/13\/02\/"},"wordCount":322,"publisher":{"@id":"https:\/\/algarve7.pt\/#organization"},"image":{"@id":"https:\/\/algarve7.pt\/index.php\/2022\/09\/municipio-de-lagoa-promove-formacao-para-a-inclusao-em-contexto-escolar\/educacao\/13\/02\/#primaryimage"},"thumbnailUrl":"https:\/\/algarve7.pt\/wp-content\/uploads\/2022\/09\/banner-post_FICE22_1200x1200px-e1663761721252.png","keywords":["Algarve","Educa\u00e7\u00e3o","Escola","Lagoa"],"articleSection":["Educa\u00e7\u00e3o"],"inLanguage":"pt-PT"},{"@type":"WebPage","@id":"https:\/\/algarve7.pt\/index.php\/2022\/09\/municipio-de-lagoa-promove-formacao-para-a-inclusao-em-contexto-escolar\/educacao\/13\/02\/","url":"https:\/\/algarve7.pt\/index.php\/2022\/09\/municipio-de-lagoa-promove-formacao-para-a-inclusao-em-contexto-escolar\/educacao\/13\/02\/","name":"Munic\u00edpio de Lagoa promove forma\u00e7\u00e3o para a \u201cInclus\u00e3o em Contexto Escolar\u201d - Algarve 7","isPartOf":{"@id":"https:\/\/algarve7.pt\/#website"},"primaryImageOfPage":{"@id":"https:\/\/algarve7.pt\/index.php\/2022\/09\/municipio-de-lagoa-promove-formacao-para-a-inclusao-em-contexto-escolar\/educacao\/13\/02\/#primaryimage"},"image":{"@id":"https:\/\/algarve7.pt\/index.php\/2022\/09\/municipio-de-lagoa-promove-formacao-para-a-inclusao-em-contexto-escolar\/educacao\/13\/02\/#primaryimage"},"thumbnailUrl":"https:\/\/algarve7.pt\/wp-content\/uploads\/2022\/09\/banner-post_FICE22_1200x1200px-e1663761721252.png","datePublished":"2022-09-21T12:02:34+00:00","dateModified":"2022-09-21T12:02:36+00:00","description":"Munic\u00edpio de Lagoa promove forma\u00e7\u00e3o para a \u201cInclus\u00e3o em Contexto Escolar\u201d Educa\u00e7\u00e3o","breadcrumb":{"@id":"https:\/\/algarve7.pt\/index.php\/2022\/09\/municipio-de-lagoa-promove-formacao-para-a-inclusao-em-contexto-escolar\/educacao\/13\/02\/#breadcrumb"},"inLanguage":"pt-PT","potentialAction":[{"@type":"ReadAction","target":["https:\/\/algarve7.pt\/index.php\/2022\/09\/municipio-de-lagoa-promove-formacao-para-a-inclusao-em-contexto-escolar\/educacao\/13\/02\/"]}]},{"@type":"ImageObject","inLanguage":"pt-PT","@id":"https:\/\/algarve7.pt\/index.php\/2022\/09\/municipio-de-lagoa-promove-formacao-para-a-inclusao-em-contexto-escolar\/educacao\/13\/02\/#primaryimage","url":"https:\/\/algarve7.pt\/wp-content\/uploads\/2022\/09\/banner-post_FICE22_1200x1200px-e1663761721252.png","contentUrl":"https:\/\/algarve7.pt\/wp-content\/uploads\/2022\/09\/banner-post_FICE22_1200x1200px-e1663761721252.png","width":1200,"height":909},{"@type":"BreadcrumbList","@id":"https:\/\/algarve7.pt\/index.php\/2022\/09\/municipio-de-lagoa-promove-formacao-para-a-inclusao-em-contexto-escolar\/educacao\/13\/02\/#breadcrumb","itemListElement":[{"@type":"ListItem","position":1,"name":"In\u00edcio","item":"https:\/\/algarve7.pt\/"},{"@type":"ListItem","position":2,"name":"Munic\u00edpio de Lagoa promove forma\u00e7\u00e3o para a \u201cInclus\u00e3o em Contexto Escolar\u201d"}]},{"@type":"WebSite","@id":"https:\/\/algarve7.pt\/#website","url":"https:\/\/algarve7.pt\/","name":"Algarve 7","description":"Informa\u00e7\u00e3o sobre o Algarve","publisher":{"@id":"https:\/\/algarve7.pt\/#organization"},"potentialAction":[{"@type":"SearchAction","target":{"@type":"EntryPoint","urlTemplate":"https:\/\/algarve7.pt\/?s={search_term_string}"},"query-input":{"@type":"PropertyValueSpecification","valueRequired":true,"valueName":"search_term_string"}}],"inLanguage":"pt-PT"},{"@type":"Organization","@id":"https:\/\/algarve7.pt\/#organization","name":"Algarve 7","url":"https:\/\/algarve7.pt\/","logo":{"@type":"ImageObject","inLanguage":"pt-PT","@id":"https:\/\/algarve7.pt\/#\/schema\/logo\/image\/","url":"https:\/\/algarve7.pt\/wp-content\/uploads\/2020\/10\/Logo-8.jpg","contentUrl":"https:\/\/algarve7.pt\/wp-content\/uploads\/2020\/10\/Logo-8.jpg","width":1680,"height":1186,"caption":"Algarve 7"},"image":{"@id":"https:\/\/algarve7.pt\/#\/schema\/logo\/image\/"},"sameAs":["https:\/\/www.facebook.com\/algarve7","https:\/\/x.com\/Algarvesete","https:\/\/www.instagram.com\/jornalalgarve7\/","https:\/\/www.linkedin.com\/company\/algarve7","https:\/\/www.pinterest.pt\/geral0939\/_created\/"]},{"@type":"Person","@id":"https:\/\/algarve7.pt\/#\/schema\/person\/23fa70681308e7b319a3204bcea45e0c","name":"Algarve 7","sameAs":["https:\/\/algarve7.pt","https:\/\/www.facebook.com\/algarve7"],"url":"https:\/\/algarve7.pt\/index.php\/author\/geralalgarve7-pt\/"}]}},"jetpack_publicize_connections":[],"jetpack_featured_media_url":"https:\/\/algarve7.pt\/wp-content\/uploads\/2022\/09\/banner-post_FICE22_1200x1200px-e1663761721252.png","jetpack_shortlink":"https:\/\/wp.me\/pcezmW-5FJ","jetpack_sharing_enabled":true,"_links":{"self":[{"href":"https:\/\/algarve7.pt\/index.php\/wp-json\/wp\/v2\/posts\/21807","targetHints":{"allow":["GET"]}}],"collection":[{"href":"https:\/\/algarve7.pt\/index.php\/wp-json\/wp\/v2\/posts"}],"about":[{"href":"https:\/\/algarve7.pt\/index.php\/wp-json\/wp\/v2\/types\/post"}],"author":[{"embeddable":true,"href":"https:\/\/algarve7.pt\/index.php\/wp-json\/wp\/v2\/users\/1"}],"replies":[{"embeddable":true,"href":"https:\/\/algarve7.pt\/index.php\/wp-json\/wp\/v2\/comments?post=21807"}],"version-history":[{"count":0,"href":"https:\/\/algarve7.pt\/index.php\/wp-json\/wp\/v2\/posts\/21807\/revisions"}],"wp:featuredmedia":[{"embeddable":true,"href":"https:\/\/algarve7.pt\/index.php\/wp-json\/wp\/v2\/media\/21808"}],"wp:attachment":[{"href":"https:\/\/algarve7.pt\/index.php\/wp-json\/wp\/v2\/media?parent=21807"}],"wp:term":[{"taxonomy":"category","embeddable":true,"href":"https:\/\/algarve7.pt\/index.php\/wp-json\/wp\/v2\/categories?post=21807"},{"taxonomy":"post_tag","embeddable":true,"href":"https:\/\/algarve7.pt\/index.php\/wp-json\/wp\/v2\/tags?post=21807"}],"curies":[{"name":"wp","href":"https:\/\/api.w.org\/{rel}","templated":true}]}}