{"id":21801,"date":"2022-09-21T07:38:18","date_gmt":"2022-09-21T06:38:18","guid":{"rendered":"https:\/\/algarve7.pt\/?p=21801"},"modified":"2022-09-21T07:38:20","modified_gmt":"2022-09-21T06:38:20","slug":"torre-da-horta-dos-caes-sera-atracao-das-jornadas-europeias-do-patrimonio-em-faro","status":"publish","type":"post","link":"https:\/\/algarve7.pt\/index.php\/2022\/09\/torre-da-horta-dos-caes-sera-atracao-das-jornadas-europeias-do-patrimonio-em-faro\/cultura\/07\/38\/","title":{"rendered":"\u201cTorre da horta dos c\u00e3es\u201d ser\u00e1 atra\u00e7\u00e3o das jornadas europeias do patrim\u00f3nio, em Faro\u00a0"},"content":{"rendered":"\n<p>A C\u00e2mara Municipal de Faro (CMF) associa-se, no pr\u00f3ximo dia 24 de setembro, \u00e0s Jornadas Europeias do Patrim\u00f3nio, promovendo diversas atividades que permitir\u00e3o um maior conhecimento sobre o edif\u00edcio da Torre da Horta dos C\u00e3es, conhecido como Celeiro de S\u00e3o Francisco.<\/p>\n\n\n\n<p>O historiador de arte Daniel Santana e a conservadora-restauradora Susana Pat\u00e9 (ambos t\u00e9cnicos do Museu Municipal de Faro), proporcionar\u00e3o aos visitantes um conjunto de esclarecimentos sobre quest\u00f5es hist\u00f3ricas e art\u00edsticas desta enigm\u00e1tica constru\u00e7\u00e3o, bem como sobre o tratamento dado \u00e0s figuras e ao revestimento da Torre, durante uma uma visita orientada, que ter\u00e1 lugar pelas 17h00. O percurso ser\u00e1, ainda, enriquecido pelas interven\u00e7\u00f5es teatrais e musicais do Grupo DoisMaisUm e do Grupo Coral Oss\u00f3noba.<\/p>\n\n\n\n<p>O programa destas comemora\u00e7\u00f5es terminar\u00e1 pelas 22h00, transformando-se a Torre no cen\u00e1rio de um concerto de fado, com Lu\u00eds Manhita (voz), Jorge Franco (guitarra portuguesa) e Manuel da Av\u00f3 (viola).&nbsp;<\/p>\n\n\n\n<p>A Torre da Horta dos C\u00e3es, edif\u00edcio not\u00e1vel da arquitetura barroca urbana, \u00e9 atribu\u00eddo ao famoso arquiteto Diogo Tavares e Ata\u00edde (1711-1765). Pertenceu a uma das fam\u00edlias nobres da cidade, os Mascarenhas de Figueiredo e foi recentemente restaurado pela equipa de conserva\u00e7\u00e3o do Museu, depois de adquirido pela autarquia.<\/p>\n\n\n\n<p>Com estas atividades, a CMF associa-se, mais uma vez, \u00e0s Jornadas Europeias do Patrim\u00f3nio, que decorrem nos dias 23, 24 e 25 de setembro, tendo como tema a \u201cSustentabilidade\u201d. Esta iniciativa comemora-se desde 1985, sendo organizada pelo Conselho da Europa e pela Uni\u00e3o Europeia, com o objetivo de refletir sobre a salvaguarda do patrim\u00f3nio e a proximidade das comunidades aos seus testemunhos culturais. O Munic\u00edpio de Faro, atrav\u00e9s do Museu Municipal, tem vindo a celebrar esta efem\u00e9ride, em anos anteriores, junto de edif\u00edcios emblem\u00e1ticos da cidade, como a ermida de S\u00e3o Sebasti\u00e3o, o pal\u00e1cio Guerreiro, o col\u00e9gio do Alto ou o pal\u00e1cio de Estoi. Para esclarecimentos e inscri\u00e7\u00f5es, os interessados devem entrar em contacto com o Museu Municipal de Faro, pelo telefone 289870829, ou pelo email <a href=\"mailto:museu.municipal@cm-faro.pt\" target=\"_blank\" rel=\"noreferrer noopener\">museu.municipal@cm-faro.pt<\/a>.\u00a0\u00a0\u00a0\u00a0\u00a0\u00a0\u00a0<\/p>\n","protected":false},"excerpt":{"rendered":"<p>A C\u00e2mara Municipal de Faro (CMF) associa-se, no pr\u00f3ximo dia 24 de setembro, \u00e0s Jornadas Europeias do Patrim\u00f3nio, promovendo diversas<\/p>\n","protected":false},"author":1,"featured_media":21802,"comment_status":"closed","ping_status":"open","sticky":false,"template":"","format":"standard","meta":{"colormag_page_container_layout":"default_layout","colormag_page_sidebar_layout":"default_layout","_monsterinsights_skip_tracking":false,"_monsterinsights_sitenote_active":false,"_monsterinsights_sitenote_note":"","_monsterinsights_sitenote_category":0,"jetpack_post_was_ever_published":false,"_jetpack_newsletter_access":"","_jetpack_dont_email_post_to_subs":false,"_jetpack_newsletter_tier_id":0,"_jetpack_memberships_contains_paywalled_content":false,"_jetpack_memberships_contains_paid_content":false,"footnotes":"","jetpack_publicize_message":"","jetpack_publicize_feature_enabled":true,"jetpack_social_post_already_shared":true,"jetpack_social_options":{"image_generator_settings":{"template":"highway","default_image_id":0,"font":"","enabled":false},"version":2}},"categories":[14],"tags":[36,35,57,710],"class_list":["post-21801","post","type-post","status-publish","format-standard","has-post-thumbnail","hentry","category-cultura","tag-algarve","tag-cultura","tag-faro","tag-jornadas-europeias-do-patrimonio"],"yoast_head":"<!-- This site is optimized with the Yoast SEO plugin v27.4 - https:\/\/yoast.com\/product\/yoast-seo-wordpress\/ -->\n<title>\u201cTorre da horta dos c\u00e3es\u201d ser\u00e1 atra\u00e7\u00e3o das jornadas europeias do patrim\u00f3nio, em Faro\u00a0 - Algarve 7<\/title>\n<meta name=\"description\" content=\"\u201cTorre da horta dos c\u00e3es\u201d ser\u00e1 atra\u00e7\u00e3o das jornadas europeias do patrim\u00f3nio, em Faro\u00a0 Cultura\" \/>\n<meta name=\"robots\" content=\"index, follow, max-snippet:-1, max-image-preview:large, max-video-preview:-1\" \/>\n<link rel=\"canonical\" href=\"https:\/\/algarve7.pt\/index.php\/2022\/09\/torre-da-horta-dos-caes-sera-atracao-das-jornadas-europeias-do-patrimonio-em-faro\/cultura\/07\/38\/\" \/>\n<meta property=\"og:locale\" content=\"pt_PT\" \/>\n<meta property=\"og:type\" content=\"article\" \/>\n<meta property=\"og:title\" content=\"\u201cTorre da horta dos c\u00e3es\u201d ser\u00e1 atra\u00e7\u00e3o das jornadas europeias do patrim\u00f3nio, em Faro\u00a0 - Algarve 7\" \/>\n<meta property=\"og:description\" content=\"\u201cTorre da horta dos c\u00e3es\u201d ser\u00e1 atra\u00e7\u00e3o das jornadas europeias do patrim\u00f3nio, em Faro\u00a0 Cultura\" \/>\n<meta property=\"og:url\" content=\"https:\/\/algarve7.pt\/index.php\/2022\/09\/torre-da-horta-dos-caes-sera-atracao-das-jornadas-europeias-do-patrimonio-em-faro\/cultura\/07\/38\/\" \/>\n<meta property=\"og:site_name\" content=\"Algarve 7\" \/>\n<meta property=\"article:publisher\" content=\"https:\/\/www.facebook.com\/algarve7\" \/>\n<meta property=\"article:author\" content=\"https:\/\/www.facebook.com\/algarve7\" \/>\n<meta property=\"article:published_time\" content=\"2022-09-21T06:38:18+00:00\" \/>\n<meta property=\"article:modified_time\" content=\"2022-09-21T06:38:20+00:00\" \/>\n<meta property=\"og:image\" content=\"https:\/\/algarve7.pt\/wp-content\/uploads\/2022\/09\/cartaz_JEP2022-ultimo-scaled.jpg\" \/>\n\t<meta property=\"og:image:width\" content=\"2560\" \/>\n\t<meta property=\"og:image:height\" content=\"1810\" \/>\n\t<meta property=\"og:image:type\" content=\"image\/jpeg\" \/>\n<meta name=\"author\" content=\"Algarve 7\" \/>\n<meta name=\"twitter:card\" content=\"summary_large_image\" \/>\n<meta name=\"twitter:creator\" content=\"@Algarvesete\" \/>\n<meta name=\"twitter:site\" content=\"@Algarvesete\" \/>\n<meta name=\"twitter:label1\" content=\"Escrito por\" \/>\n\t<meta name=\"twitter:data1\" content=\"Algarve 7\" \/>\n\t<meta name=\"twitter:label2\" content=\"Tempo estimado de leitura\" \/>\n\t<meta name=\"twitter:data2\" content=\"2 minutos\" \/>\n<script type=\"application\/ld+json\" class=\"yoast-schema-graph\">{\"@context\":\"https:\\\/\\\/schema.org\",\"@graph\":[{\"@type\":\"Article\",\"@id\":\"https:\\\/\\\/algarve7.pt\\\/index.php\\\/2022\\\/09\\\/torre-da-horta-dos-caes-sera-atracao-das-jornadas-europeias-do-patrimonio-em-faro\\\/cultura\\\/07\\\/38\\\/#article\",\"isPartOf\":{\"@id\":\"https:\\\/\\\/algarve7.pt\\\/index.php\\\/2022\\\/09\\\/torre-da-horta-dos-caes-sera-atracao-das-jornadas-europeias-do-patrimonio-em-faro\\\/cultura\\\/07\\\/38\\\/\"},\"author\":{\"name\":\"Algarve 7\",\"@id\":\"https:\\\/\\\/algarve7.pt\\\/#\\\/schema\\\/person\\\/23fa70681308e7b319a3204bcea45e0c\"},\"headline\":\"\u201cTorre da horta dos c\u00e3es\u201d ser\u00e1 atra\u00e7\u00e3o das jornadas europeias do patrim\u00f3nio, em Faro\u00a0\",\"datePublished\":\"2022-09-21T06:38:18+00:00\",\"dateModified\":\"2022-09-21T06:38:20+00:00\",\"mainEntityOfPage\":{\"@id\":\"https:\\\/\\\/algarve7.pt\\\/index.php\\\/2022\\\/09\\\/torre-da-horta-dos-caes-sera-atracao-das-jornadas-europeias-do-patrimonio-em-faro\\\/cultura\\\/07\\\/38\\\/\"},\"wordCount\":375,\"publisher\":{\"@id\":\"https:\\\/\\\/algarve7.pt\\\/#organization\"},\"image\":{\"@id\":\"https:\\\/\\\/algarve7.pt\\\/index.php\\\/2022\\\/09\\\/torre-da-horta-dos-caes-sera-atracao-das-jornadas-europeias-do-patrimonio-em-faro\\\/cultura\\\/07\\\/38\\\/#primaryimage\"},\"thumbnailUrl\":\"https:\\\/\\\/algarve7.pt\\\/wp-content\\\/uploads\\\/2022\\\/09\\\/cartaz_JEP2022-ultimo-scaled.jpg\",\"keywords\":[\"Algarve\",\"Cultura\",\"Faro\",\"Jornadas Europeias do Patrim\u00f3nio\"],\"articleSection\":[\"Cultura\"],\"inLanguage\":\"pt-PT\"},{\"@type\":\"WebPage\",\"@id\":\"https:\\\/\\\/algarve7.pt\\\/index.php\\\/2022\\\/09\\\/torre-da-horta-dos-caes-sera-atracao-das-jornadas-europeias-do-patrimonio-em-faro\\\/cultura\\\/07\\\/38\\\/\",\"url\":\"https:\\\/\\\/algarve7.pt\\\/index.php\\\/2022\\\/09\\\/torre-da-horta-dos-caes-sera-atracao-das-jornadas-europeias-do-patrimonio-em-faro\\\/cultura\\\/07\\\/38\\\/\",\"name\":\"\u201cTorre da horta dos c\u00e3es\u201d ser\u00e1 atra\u00e7\u00e3o das jornadas europeias do patrim\u00f3nio, em Faro\u00a0 - Algarve 7\",\"isPartOf\":{\"@id\":\"https:\\\/\\\/algarve7.pt\\\/#website\"},\"primaryImageOfPage\":{\"@id\":\"https:\\\/\\\/algarve7.pt\\\/index.php\\\/2022\\\/09\\\/torre-da-horta-dos-caes-sera-atracao-das-jornadas-europeias-do-patrimonio-em-faro\\\/cultura\\\/07\\\/38\\\/#primaryimage\"},\"image\":{\"@id\":\"https:\\\/\\\/algarve7.pt\\\/index.php\\\/2022\\\/09\\\/torre-da-horta-dos-caes-sera-atracao-das-jornadas-europeias-do-patrimonio-em-faro\\\/cultura\\\/07\\\/38\\\/#primaryimage\"},\"thumbnailUrl\":\"https:\\\/\\\/algarve7.pt\\\/wp-content\\\/uploads\\\/2022\\\/09\\\/cartaz_JEP2022-ultimo-scaled.jpg\",\"datePublished\":\"2022-09-21T06:38:18+00:00\",\"dateModified\":\"2022-09-21T06:38:20+00:00\",\"description\":\"\u201cTorre da horta dos c\u00e3es\u201d ser\u00e1 atra\u00e7\u00e3o das jornadas europeias do patrim\u00f3nio, em Faro\u00a0 Cultura\",\"breadcrumb\":{\"@id\":\"https:\\\/\\\/algarve7.pt\\\/index.php\\\/2022\\\/09\\\/torre-da-horta-dos-caes-sera-atracao-das-jornadas-europeias-do-patrimonio-em-faro\\\/cultura\\\/07\\\/38\\\/#breadcrumb\"},\"inLanguage\":\"pt-PT\",\"potentialAction\":[{\"@type\":\"ReadAction\",\"target\":[\"https:\\\/\\\/algarve7.pt\\\/index.php\\\/2022\\\/09\\\/torre-da-horta-dos-caes-sera-atracao-das-jornadas-europeias-do-patrimonio-em-faro\\\/cultura\\\/07\\\/38\\\/\"]}]},{\"@type\":\"ImageObject\",\"inLanguage\":\"pt-PT\",\"@id\":\"https:\\\/\\\/algarve7.pt\\\/index.php\\\/2022\\\/09\\\/torre-da-horta-dos-caes-sera-atracao-das-jornadas-europeias-do-patrimonio-em-faro\\\/cultura\\\/07\\\/38\\\/#primaryimage\",\"url\":\"https:\\\/\\\/algarve7.pt\\\/wp-content\\\/uploads\\\/2022\\\/09\\\/cartaz_JEP2022-ultimo-scaled.jpg\",\"contentUrl\":\"https:\\\/\\\/algarve7.pt\\\/wp-content\\\/uploads\\\/2022\\\/09\\\/cartaz_JEP2022-ultimo-scaled.jpg\",\"width\":2560,\"height\":1810},{\"@type\":\"BreadcrumbList\",\"@id\":\"https:\\\/\\\/algarve7.pt\\\/index.php\\\/2022\\\/09\\\/torre-da-horta-dos-caes-sera-atracao-das-jornadas-europeias-do-patrimonio-em-faro\\\/cultura\\\/07\\\/38\\\/#breadcrumb\",\"itemListElement\":[{\"@type\":\"ListItem\",\"position\":1,\"name\":\"In\u00edcio\",\"item\":\"https:\\\/\\\/algarve7.pt\\\/\"},{\"@type\":\"ListItem\",\"position\":2,\"name\":\"\u201cTorre da horta dos c\u00e3es\u201d ser\u00e1 atra\u00e7\u00e3o das jornadas europeias do patrim\u00f3nio, em Faro\u00a0\"}]},{\"@type\":\"WebSite\",\"@id\":\"https:\\\/\\\/algarve7.pt\\\/#website\",\"url\":\"https:\\\/\\\/algarve7.pt\\\/\",\"name\":\"Algarve 7\",\"description\":\"Informa\u00e7\u00e3o sobre o Algarve\",\"publisher\":{\"@id\":\"https:\\\/\\\/algarve7.pt\\\/#organization\"},\"potentialAction\":[{\"@type\":\"SearchAction\",\"target\":{\"@type\":\"EntryPoint\",\"urlTemplate\":\"https:\\\/\\\/algarve7.pt\\\/?s={search_term_string}\"},\"query-input\":{\"@type\":\"PropertyValueSpecification\",\"valueRequired\":true,\"valueName\":\"search_term_string\"}}],\"inLanguage\":\"pt-PT\"},{\"@type\":\"Organization\",\"@id\":\"https:\\\/\\\/algarve7.pt\\\/#organization\",\"name\":\"Algarve 7\",\"url\":\"https:\\\/\\\/algarve7.pt\\\/\",\"logo\":{\"@type\":\"ImageObject\",\"inLanguage\":\"pt-PT\",\"@id\":\"https:\\\/\\\/algarve7.pt\\\/#\\\/schema\\\/logo\\\/image\\\/\",\"url\":\"https:\\\/\\\/algarve7.pt\\\/wp-content\\\/uploads\\\/2020\\\/10\\\/Logo-8.jpg\",\"contentUrl\":\"https:\\\/\\\/algarve7.pt\\\/wp-content\\\/uploads\\\/2020\\\/10\\\/Logo-8.jpg\",\"width\":1680,\"height\":1186,\"caption\":\"Algarve 7\"},\"image\":{\"@id\":\"https:\\\/\\\/algarve7.pt\\\/#\\\/schema\\\/logo\\\/image\\\/\"},\"sameAs\":[\"https:\\\/\\\/www.facebook.com\\\/algarve7\",\"https:\\\/\\\/x.com\\\/Algarvesete\",\"https:\\\/\\\/www.instagram.com\\\/jornalalgarve7\\\/\",\"https:\\\/\\\/www.linkedin.com\\\/company\\\/algarve7\",\"https:\\\/\\\/www.pinterest.pt\\\/geral0939\\\/_created\\\/\"]},{\"@type\":\"Person\",\"@id\":\"https:\\\/\\\/algarve7.pt\\\/#\\\/schema\\\/person\\\/23fa70681308e7b319a3204bcea45e0c\",\"name\":\"Algarve 7\",\"sameAs\":[\"https:\\\/\\\/algarve7.pt\",\"https:\\\/\\\/www.facebook.com\\\/algarve7\"],\"url\":\"https:\\\/\\\/algarve7.pt\\\/index.php\\\/author\\\/geralalgarve7-pt\\\/\"}]}<\/script>\n<!-- \/ Yoast SEO plugin. -->","yoast_head_json":{"title":"\u201cTorre da horta dos c\u00e3es\u201d ser\u00e1 atra\u00e7\u00e3o das jornadas europeias do patrim\u00f3nio, em Faro\u00a0 - Algarve 7","description":"\u201cTorre da horta dos c\u00e3es\u201d ser\u00e1 atra\u00e7\u00e3o das jornadas europeias do patrim\u00f3nio, em Faro\u00a0 Cultura","robots":{"index":"index","follow":"follow","max-snippet":"max-snippet:-1","max-image-preview":"max-image-preview:large","max-video-preview":"max-video-preview:-1"},"canonical":"https:\/\/algarve7.pt\/index.php\/2022\/09\/torre-da-horta-dos-caes-sera-atracao-das-jornadas-europeias-do-patrimonio-em-faro\/cultura\/07\/38\/","og_locale":"pt_PT","og_type":"article","og_title":"\u201cTorre da horta dos c\u00e3es\u201d ser\u00e1 atra\u00e7\u00e3o das jornadas europeias do patrim\u00f3nio, em Faro\u00a0 - Algarve 7","og_description":"\u201cTorre da horta dos c\u00e3es\u201d ser\u00e1 atra\u00e7\u00e3o das jornadas europeias do patrim\u00f3nio, em Faro\u00a0 Cultura","og_url":"https:\/\/algarve7.pt\/index.php\/2022\/09\/torre-da-horta-dos-caes-sera-atracao-das-jornadas-europeias-do-patrimonio-em-faro\/cultura\/07\/38\/","og_site_name":"Algarve 7","article_publisher":"https:\/\/www.facebook.com\/algarve7","article_author":"https:\/\/www.facebook.com\/algarve7","article_published_time":"2022-09-21T06:38:18+00:00","article_modified_time":"2022-09-21T06:38:20+00:00","og_image":[{"width":2560,"height":1810,"url":"https:\/\/algarve7.pt\/wp-content\/uploads\/2022\/09\/cartaz_JEP2022-ultimo-scaled.jpg","type":"image\/jpeg"}],"author":"Algarve 7","twitter_card":"summary_large_image","twitter_creator":"@Algarvesete","twitter_site":"@Algarvesete","twitter_misc":{"Escrito por":"Algarve 7","Tempo estimado de leitura":"2 minutos"},"schema":{"@context":"https:\/\/schema.org","@graph":[{"@type":"Article","@id":"https:\/\/algarve7.pt\/index.php\/2022\/09\/torre-da-horta-dos-caes-sera-atracao-das-jornadas-europeias-do-patrimonio-em-faro\/cultura\/07\/38\/#article","isPartOf":{"@id":"https:\/\/algarve7.pt\/index.php\/2022\/09\/torre-da-horta-dos-caes-sera-atracao-das-jornadas-europeias-do-patrimonio-em-faro\/cultura\/07\/38\/"},"author":{"name":"Algarve 7","@id":"https:\/\/algarve7.pt\/#\/schema\/person\/23fa70681308e7b319a3204bcea45e0c"},"headline":"\u201cTorre da horta dos c\u00e3es\u201d ser\u00e1 atra\u00e7\u00e3o das jornadas europeias do patrim\u00f3nio, em Faro\u00a0","datePublished":"2022-09-21T06:38:18+00:00","dateModified":"2022-09-21T06:38:20+00:00","mainEntityOfPage":{"@id":"https:\/\/algarve7.pt\/index.php\/2022\/09\/torre-da-horta-dos-caes-sera-atracao-das-jornadas-europeias-do-patrimonio-em-faro\/cultura\/07\/38\/"},"wordCount":375,"publisher":{"@id":"https:\/\/algarve7.pt\/#organization"},"image":{"@id":"https:\/\/algarve7.pt\/index.php\/2022\/09\/torre-da-horta-dos-caes-sera-atracao-das-jornadas-europeias-do-patrimonio-em-faro\/cultura\/07\/38\/#primaryimage"},"thumbnailUrl":"https:\/\/algarve7.pt\/wp-content\/uploads\/2022\/09\/cartaz_JEP2022-ultimo-scaled.jpg","keywords":["Algarve","Cultura","Faro","Jornadas Europeias do Patrim\u00f3nio"],"articleSection":["Cultura"],"inLanguage":"pt-PT"},{"@type":"WebPage","@id":"https:\/\/algarve7.pt\/index.php\/2022\/09\/torre-da-horta-dos-caes-sera-atracao-das-jornadas-europeias-do-patrimonio-em-faro\/cultura\/07\/38\/","url":"https:\/\/algarve7.pt\/index.php\/2022\/09\/torre-da-horta-dos-caes-sera-atracao-das-jornadas-europeias-do-patrimonio-em-faro\/cultura\/07\/38\/","name":"\u201cTorre da horta dos c\u00e3es\u201d ser\u00e1 atra\u00e7\u00e3o das jornadas europeias do patrim\u00f3nio, em Faro\u00a0 - Algarve 7","isPartOf":{"@id":"https:\/\/algarve7.pt\/#website"},"primaryImageOfPage":{"@id":"https:\/\/algarve7.pt\/index.php\/2022\/09\/torre-da-horta-dos-caes-sera-atracao-das-jornadas-europeias-do-patrimonio-em-faro\/cultura\/07\/38\/#primaryimage"},"image":{"@id":"https:\/\/algarve7.pt\/index.php\/2022\/09\/torre-da-horta-dos-caes-sera-atracao-das-jornadas-europeias-do-patrimonio-em-faro\/cultura\/07\/38\/#primaryimage"},"thumbnailUrl":"https:\/\/algarve7.pt\/wp-content\/uploads\/2022\/09\/cartaz_JEP2022-ultimo-scaled.jpg","datePublished":"2022-09-21T06:38:18+00:00","dateModified":"2022-09-21T06:38:20+00:00","description":"\u201cTorre da horta dos c\u00e3es\u201d ser\u00e1 atra\u00e7\u00e3o das jornadas europeias do patrim\u00f3nio, em Faro\u00a0 Cultura","breadcrumb":{"@id":"https:\/\/algarve7.pt\/index.php\/2022\/09\/torre-da-horta-dos-caes-sera-atracao-das-jornadas-europeias-do-patrimonio-em-faro\/cultura\/07\/38\/#breadcrumb"},"inLanguage":"pt-PT","potentialAction":[{"@type":"ReadAction","target":["https:\/\/algarve7.pt\/index.php\/2022\/09\/torre-da-horta-dos-caes-sera-atracao-das-jornadas-europeias-do-patrimonio-em-faro\/cultura\/07\/38\/"]}]},{"@type":"ImageObject","inLanguage":"pt-PT","@id":"https:\/\/algarve7.pt\/index.php\/2022\/09\/torre-da-horta-dos-caes-sera-atracao-das-jornadas-europeias-do-patrimonio-em-faro\/cultura\/07\/38\/#primaryimage","url":"https:\/\/algarve7.pt\/wp-content\/uploads\/2022\/09\/cartaz_JEP2022-ultimo-scaled.jpg","contentUrl":"https:\/\/algarve7.pt\/wp-content\/uploads\/2022\/09\/cartaz_JEP2022-ultimo-scaled.jpg","width":2560,"height":1810},{"@type":"BreadcrumbList","@id":"https:\/\/algarve7.pt\/index.php\/2022\/09\/torre-da-horta-dos-caes-sera-atracao-das-jornadas-europeias-do-patrimonio-em-faro\/cultura\/07\/38\/#breadcrumb","itemListElement":[{"@type":"ListItem","position":1,"name":"In\u00edcio","item":"https:\/\/algarve7.pt\/"},{"@type":"ListItem","position":2,"name":"\u201cTorre da horta dos c\u00e3es\u201d ser\u00e1 atra\u00e7\u00e3o das jornadas europeias do patrim\u00f3nio, em Faro\u00a0"}]},{"@type":"WebSite","@id":"https:\/\/algarve7.pt\/#website","url":"https:\/\/algarve7.pt\/","name":"Algarve 7","description":"Informa\u00e7\u00e3o sobre o Algarve","publisher":{"@id":"https:\/\/algarve7.pt\/#organization"},"potentialAction":[{"@type":"SearchAction","target":{"@type":"EntryPoint","urlTemplate":"https:\/\/algarve7.pt\/?s={search_term_string}"},"query-input":{"@type":"PropertyValueSpecification","valueRequired":true,"valueName":"search_term_string"}}],"inLanguage":"pt-PT"},{"@type":"Organization","@id":"https:\/\/algarve7.pt\/#organization","name":"Algarve 7","url":"https:\/\/algarve7.pt\/","logo":{"@type":"ImageObject","inLanguage":"pt-PT","@id":"https:\/\/algarve7.pt\/#\/schema\/logo\/image\/","url":"https:\/\/algarve7.pt\/wp-content\/uploads\/2020\/10\/Logo-8.jpg","contentUrl":"https:\/\/algarve7.pt\/wp-content\/uploads\/2020\/10\/Logo-8.jpg","width":1680,"height":1186,"caption":"Algarve 7"},"image":{"@id":"https:\/\/algarve7.pt\/#\/schema\/logo\/image\/"},"sameAs":["https:\/\/www.facebook.com\/algarve7","https:\/\/x.com\/Algarvesete","https:\/\/www.instagram.com\/jornalalgarve7\/","https:\/\/www.linkedin.com\/company\/algarve7","https:\/\/www.pinterest.pt\/geral0939\/_created\/"]},{"@type":"Person","@id":"https:\/\/algarve7.pt\/#\/schema\/person\/23fa70681308e7b319a3204bcea45e0c","name":"Algarve 7","sameAs":["https:\/\/algarve7.pt","https:\/\/www.facebook.com\/algarve7"],"url":"https:\/\/algarve7.pt\/index.php\/author\/geralalgarve7-pt\/"}]}},"jetpack_publicize_connections":[],"jetpack_featured_media_url":"https:\/\/algarve7.pt\/wp-content\/uploads\/2022\/09\/cartaz_JEP2022-ultimo-scaled.jpg","jetpack_shortlink":"https:\/\/wp.me\/pcezmW-5FD","jetpack_sharing_enabled":true,"_links":{"self":[{"href":"https:\/\/algarve7.pt\/index.php\/wp-json\/wp\/v2\/posts\/21801","targetHints":{"allow":["GET"]}}],"collection":[{"href":"https:\/\/algarve7.pt\/index.php\/wp-json\/wp\/v2\/posts"}],"about":[{"href":"https:\/\/algarve7.pt\/index.php\/wp-json\/wp\/v2\/types\/post"}],"author":[{"embeddable":true,"href":"https:\/\/algarve7.pt\/index.php\/wp-json\/wp\/v2\/users\/1"}],"replies":[{"embeddable":true,"href":"https:\/\/algarve7.pt\/index.php\/wp-json\/wp\/v2\/comments?post=21801"}],"version-history":[{"count":0,"href":"https:\/\/algarve7.pt\/index.php\/wp-json\/wp\/v2\/posts\/21801\/revisions"}],"wp:featuredmedia":[{"embeddable":true,"href":"https:\/\/algarve7.pt\/index.php\/wp-json\/wp\/v2\/media\/21802"}],"wp:attachment":[{"href":"https:\/\/algarve7.pt\/index.php\/wp-json\/wp\/v2\/media?parent=21801"}],"wp:term":[{"taxonomy":"category","embeddable":true,"href":"https:\/\/algarve7.pt\/index.php\/wp-json\/wp\/v2\/categories?post=21801"},{"taxonomy":"post_tag","embeddable":true,"href":"https:\/\/algarve7.pt\/index.php\/wp-json\/wp\/v2\/tags?post=21801"}],"curies":[{"name":"wp","href":"https:\/\/api.w.org\/{rel}","templated":true}]}}