{"id":21779,"date":"2022-09-20T15:18:06","date_gmt":"2022-09-20T14:18:06","guid":{"rendered":"https:\/\/algarve7.pt\/?p=21779"},"modified":"2022-09-20T15:18:07","modified_gmt":"2022-09-20T14:18:07","slug":"albufeira-footvolley-cup-2022-recebe-os-melhores-atletas-europeus-na-praia-dos-pescadores","status":"publish","type":"post","link":"https:\/\/algarve7.pt\/index.php\/2022\/09\/albufeira-footvolley-cup-2022-recebe-os-melhores-atletas-europeus-na-praia-dos-pescadores\/desporto\/15\/18\/","title":{"rendered":"\u201cAlbufeira\u00a0Footvolley\u00a0Cup\u00a02022\u201d recebe os melhores atletas europeus na praia dos pescadores"},"content":{"rendered":"\n<p>Depois do Campeonato Nacional de Futevolei, que passou pela Praia dos Pescadores no passado m\u00eas de agosto, o Munic\u00edpio de Albufeira aposta uma vez mais nesta modalidade desportiva.<\/p>\n\n\n\n<p>A realiza\u00e7\u00e3o da primeira edi\u00e7\u00e3o do \u201cAlbufeira Footvolley&nbsp;Cup&nbsp;2022\u201d acontece de 23 a 25 de setembro e traz at\u00e9 ao concelho os melhores atletas da modalidade, a n\u00edvel nacional e internacional. Para al\u00e9m das seis equipas portuguesas, o areal da Praia dos Pescadores, recebe mais seis equipas em representa\u00e7\u00e3o de Espanha (duas equipas), Israel, \u00c1ustria, Fran\u00e7a e It\u00e1lia.<\/p>\n\n\n\n<p>Paralelamente, \u00e0 competi\u00e7\u00e3o principal, realiza-se, tamb\u00e9m pela primeira vez em Albufeira, o \u201cAlgarve Cup 4&#215;4\u201d, uma iniciativa que pretende promover a pr\u00e1tica do Futev\u00f3lei na regi\u00e3o e que conta com a participa\u00e7\u00e3o de duas equipas albufeirense, o Imortal DC e o FC Ferreiras.<\/p>\n\n\n\n<p>\u201cEste \u00e9 17.\u00ba ano que Albufeira acolhe eventos de Futev\u00f3lei, sejam eles nacionais ou internacionais\u201d, referiu Jos\u00e9 Carlos Rolo. Para al\u00e9m da realiza\u00e7\u00e3o do Campeonato Nacional durante o ver\u00e3o, o presidente da C\u00e2mara Municipal de Albufeira destacou, ainda, \u201ca realiza\u00e7\u00e3o da 3\u00aa etapa da \u201cEuropean Footvolley League 2019 \u2013 Albufeira, Portugal, em que o nosso Pa\u00eds subiu ao primeiro lugar do p\u00f3dio em masculinos e o Campeonato Europeu de Futev\u00f3lei 2017, em que Portugal conquistou o t\u00edtulo de Campe\u00e3o Europeu, ao derrotar a dupla francesa que detinha o t\u00edtulo\u201d.<\/p>\n\n\n\n<p>O evento come\u00e7a durante a tarde do dia 23 de setembro, com os jogos de qualifica\u00e7\u00e3o do \u201cAlgarve Cup 4&#215;4\u201d. As equipas algarvias defrontam-se com o objetivo de apurar os finalistas que regressam \u00e0 praia, no \u00faltimo dia do evento, para os jogos finais.<\/p>\n\n\n\n<p>Os melhores atletas nacionais e internacionais, em competi\u00e7\u00e3o, no \u201cAlbufeira Footvolley Cup 2022\u201d, entram em campo no dia 24 de setembro. Os jogos de grupo e as fases qualificativas decorrem durante todo o dia, com vista a apurar para a final, de dia 25, as melhores duplas do Campeonato.<\/p>\n\n\n\n<p>Jos\u00e9 Carlos Rolo salientou a import\u00e2ncia do evento para a promo\u00e7\u00e3o de Albufeira enquanto destino tur\u00edstico de excel\u00eancia para a pr\u00e1tica desta modalidade desportiva. \u201cA Praia dos Pescadores tem servido de palco a v\u00e1rios eventos de Futev\u00f3lei, naquele que \u00e9 um cen\u00e1rio privilegiado para a realiza\u00e7\u00e3o de grandes eventos desportivos ao ar livre. Temos todas as condi\u00e7\u00f5es para receber este tipo de eventos ao longo de todo o ano, um clima ameno, sol, bonitas praias, capacidade hoteleira, gastronomia de qualidade e experi\u00eancia confirmada a n\u00edvel organizativo\u201d, sublinhou. O p\u00fablico, residentes e turistas que em todos os eventos que por aqui t\u00eam passado, enche as bancadas para aplaudir os melhores atletas da modalidade, n\u00e3o deixa qualquer d\u00favida sobre a import\u00e2ncia destes eventos, o que associado \u00e0 proje\u00e7\u00e3o dos jogos em livestream, permite levar a imagem e o nome de Albufeira a milh\u00f5es de pessoas, o que constitui um \u00f3timo cart\u00e3o-de-visita.<\/p>\n\n\n\n<p>Refira-se que o \u201cAlbufeira Footvolley Cup 2022\u201d tem um prize-money no valor global de \u20ac1.800. Os melhores classificados recebem um pr\u00e9mio monet\u00e1rio no valor de \u20ac 1.000 (1\u00ba pr\u00e9mio); \u20ac 500,00 (2\u00ba pr\u00e9mio); \u20ac 200,00 (3\u00ba pr\u00e9mio) e \u20ac 100,00 (4\u00ba pr\u00e9mio).<\/p>\n","protected":false},"excerpt":{"rendered":"<p>Depois do Campeonato Nacional de Futevolei, que passou pela Praia dos Pescadores no passado m\u00eas de agosto, o Munic\u00edpio de<\/p>\n","protected":false},"author":1,"featured_media":21780,"comment_status":"closed","ping_status":"open","sticky":false,"template":"","format":"standard","meta":{"colormag_page_container_layout":"default_layout","colormag_page_sidebar_layout":"default_layout","_monsterinsights_skip_tracking":false,"_monsterinsights_sitenote_active":false,"_monsterinsights_sitenote_note":"","_monsterinsights_sitenote_category":0,"jetpack_post_was_ever_published":false,"_jetpack_newsletter_access":"","_jetpack_dont_email_post_to_subs":false,"_jetpack_newsletter_tier_id":0,"_jetpack_memberships_contains_paywalled_content":false,"_jetpack_memberships_contains_paid_content":false,"footnotes":"","jetpack_publicize_message":"","jetpack_publicize_feature_enabled":true,"jetpack_social_post_already_shared":true,"jetpack_social_options":{"image_generator_settings":{"template":"highway","default_image_id":0,"font":"","enabled":false},"version":2}},"categories":[15],"tags":[155,36,40,712],"class_list":["post-21779","post","type-post","status-publish","format-standard","has-post-thumbnail","hentry","category-desporto","tag-albufeira","tag-algarve","tag-desporto","tag-footvolley"],"yoast_head":"<!-- This site is optimized with the Yoast SEO plugin v27.4 - https:\/\/yoast.com\/product\/yoast-seo-wordpress\/ -->\n<title>\u201cAlbufeira\u00a0Footvolley\u00a0Cup\u00a02022\u201d recebe os melhores atletas europeus na praia dos pescadores - Algarve 7<\/title>\n<meta name=\"description\" content=\"\u201cAlbufeira\u00a0Footvolley\u00a0Cup\u00a02022\u201d recebe os melhores atletas europeus na praia dos pescadores Desporto\" \/>\n<meta name=\"robots\" content=\"index, follow, max-snippet:-1, max-image-preview:large, max-video-preview:-1\" \/>\n<link rel=\"canonical\" href=\"https:\/\/algarve7.pt\/index.php\/2022\/09\/albufeira-footvolley-cup-2022-recebe-os-melhores-atletas-europeus-na-praia-dos-pescadores\/desporto\/15\/18\/\" \/>\n<meta property=\"og:locale\" content=\"pt_PT\" \/>\n<meta property=\"og:type\" content=\"article\" \/>\n<meta property=\"og:title\" content=\"\u201cAlbufeira\u00a0Footvolley\u00a0Cup\u00a02022\u201d recebe os melhores atletas europeus na praia dos pescadores - Algarve 7\" \/>\n<meta property=\"og:description\" content=\"\u201cAlbufeira\u00a0Footvolley\u00a0Cup\u00a02022\u201d recebe os melhores atletas europeus na praia dos pescadores Desporto\" \/>\n<meta property=\"og:url\" content=\"https:\/\/algarve7.pt\/index.php\/2022\/09\/albufeira-footvolley-cup-2022-recebe-os-melhores-atletas-europeus-na-praia-dos-pescadores\/desporto\/15\/18\/\" \/>\n<meta property=\"og:site_name\" content=\"Algarve 7\" \/>\n<meta property=\"article:publisher\" content=\"https:\/\/www.facebook.com\/algarve7\" \/>\n<meta property=\"article:author\" content=\"https:\/\/www.facebook.com\/algarve7\" \/>\n<meta property=\"article:published_time\" content=\"2022-09-20T14:18:06+00:00\" \/>\n<meta property=\"article:modified_time\" content=\"2022-09-20T14:18:07+00:00\" \/>\n<meta property=\"og:image\" content=\"https:\/\/algarve7.pt\/wp-content\/uploads\/2022\/09\/LED_CMA-FOOTVOLLEY-CUP.jpg\" \/>\n\t<meta property=\"og:image:width\" content=\"1024\" \/>\n\t<meta property=\"og:image:height\" content=\"768\" \/>\n\t<meta property=\"og:image:type\" content=\"image\/jpeg\" \/>\n<meta name=\"author\" content=\"Algarve 7\" \/>\n<meta name=\"twitter:card\" content=\"summary_large_image\" \/>\n<meta name=\"twitter:creator\" content=\"@Algarvesete\" \/>\n<meta name=\"twitter:site\" content=\"@Algarvesete\" \/>\n<meta name=\"twitter:label1\" content=\"Escrito por\" \/>\n\t<meta name=\"twitter:data1\" content=\"Algarve 7\" \/>\n\t<meta name=\"twitter:label2\" content=\"Tempo estimado de leitura\" \/>\n\t<meta name=\"twitter:data2\" content=\"3 minutos\" \/>\n<script type=\"application\/ld+json\" class=\"yoast-schema-graph\">{\"@context\":\"https:\\\/\\\/schema.org\",\"@graph\":[{\"@type\":\"Article\",\"@id\":\"https:\\\/\\\/algarve7.pt\\\/index.php\\\/2022\\\/09\\\/albufeira-footvolley-cup-2022-recebe-os-melhores-atletas-europeus-na-praia-dos-pescadores\\\/desporto\\\/15\\\/18\\\/#article\",\"isPartOf\":{\"@id\":\"https:\\\/\\\/algarve7.pt\\\/index.php\\\/2022\\\/09\\\/albufeira-footvolley-cup-2022-recebe-os-melhores-atletas-europeus-na-praia-dos-pescadores\\\/desporto\\\/15\\\/18\\\/\"},\"author\":{\"name\":\"Algarve 7\",\"@id\":\"https:\\\/\\\/algarve7.pt\\\/#\\\/schema\\\/person\\\/23fa70681308e7b319a3204bcea45e0c\"},\"headline\":\"\u201cAlbufeira\u00a0Footvolley\u00a0Cup\u00a02022\u201d recebe os melhores atletas europeus na praia dos pescadores\",\"datePublished\":\"2022-09-20T14:18:06+00:00\",\"dateModified\":\"2022-09-20T14:18:07+00:00\",\"mainEntityOfPage\":{\"@id\":\"https:\\\/\\\/algarve7.pt\\\/index.php\\\/2022\\\/09\\\/albufeira-footvolley-cup-2022-recebe-os-melhores-atletas-europeus-na-praia-dos-pescadores\\\/desporto\\\/15\\\/18\\\/\"},\"wordCount\":542,\"publisher\":{\"@id\":\"https:\\\/\\\/algarve7.pt\\\/#organization\"},\"image\":{\"@id\":\"https:\\\/\\\/algarve7.pt\\\/index.php\\\/2022\\\/09\\\/albufeira-footvolley-cup-2022-recebe-os-melhores-atletas-europeus-na-praia-dos-pescadores\\\/desporto\\\/15\\\/18\\\/#primaryimage\"},\"thumbnailUrl\":\"https:\\\/\\\/algarve7.pt\\\/wp-content\\\/uploads\\\/2022\\\/09\\\/LED_CMA-FOOTVOLLEY-CUP.jpg\",\"keywords\":[\"Albufeira\",\"Algarve\",\"Desporto\",\"Footvolley\"],\"articleSection\":[\"Desporto\"],\"inLanguage\":\"pt-PT\"},{\"@type\":\"WebPage\",\"@id\":\"https:\\\/\\\/algarve7.pt\\\/index.php\\\/2022\\\/09\\\/albufeira-footvolley-cup-2022-recebe-os-melhores-atletas-europeus-na-praia-dos-pescadores\\\/desporto\\\/15\\\/18\\\/\",\"url\":\"https:\\\/\\\/algarve7.pt\\\/index.php\\\/2022\\\/09\\\/albufeira-footvolley-cup-2022-recebe-os-melhores-atletas-europeus-na-praia-dos-pescadores\\\/desporto\\\/15\\\/18\\\/\",\"name\":\"\u201cAlbufeira\u00a0Footvolley\u00a0Cup\u00a02022\u201d recebe os melhores atletas europeus na praia dos pescadores - Algarve 7\",\"isPartOf\":{\"@id\":\"https:\\\/\\\/algarve7.pt\\\/#website\"},\"primaryImageOfPage\":{\"@id\":\"https:\\\/\\\/algarve7.pt\\\/index.php\\\/2022\\\/09\\\/albufeira-footvolley-cup-2022-recebe-os-melhores-atletas-europeus-na-praia-dos-pescadores\\\/desporto\\\/15\\\/18\\\/#primaryimage\"},\"image\":{\"@id\":\"https:\\\/\\\/algarve7.pt\\\/index.php\\\/2022\\\/09\\\/albufeira-footvolley-cup-2022-recebe-os-melhores-atletas-europeus-na-praia-dos-pescadores\\\/desporto\\\/15\\\/18\\\/#primaryimage\"},\"thumbnailUrl\":\"https:\\\/\\\/algarve7.pt\\\/wp-content\\\/uploads\\\/2022\\\/09\\\/LED_CMA-FOOTVOLLEY-CUP.jpg\",\"datePublished\":\"2022-09-20T14:18:06+00:00\",\"dateModified\":\"2022-09-20T14:18:07+00:00\",\"description\":\"\u201cAlbufeira\u00a0Footvolley\u00a0Cup\u00a02022\u201d recebe os melhores atletas europeus na praia dos pescadores Desporto\",\"breadcrumb\":{\"@id\":\"https:\\\/\\\/algarve7.pt\\\/index.php\\\/2022\\\/09\\\/albufeira-footvolley-cup-2022-recebe-os-melhores-atletas-europeus-na-praia-dos-pescadores\\\/desporto\\\/15\\\/18\\\/#breadcrumb\"},\"inLanguage\":\"pt-PT\",\"potentialAction\":[{\"@type\":\"ReadAction\",\"target\":[\"https:\\\/\\\/algarve7.pt\\\/index.php\\\/2022\\\/09\\\/albufeira-footvolley-cup-2022-recebe-os-melhores-atletas-europeus-na-praia-dos-pescadores\\\/desporto\\\/15\\\/18\\\/\"]}]},{\"@type\":\"ImageObject\",\"inLanguage\":\"pt-PT\",\"@id\":\"https:\\\/\\\/algarve7.pt\\\/index.php\\\/2022\\\/09\\\/albufeira-footvolley-cup-2022-recebe-os-melhores-atletas-europeus-na-praia-dos-pescadores\\\/desporto\\\/15\\\/18\\\/#primaryimage\",\"url\":\"https:\\\/\\\/algarve7.pt\\\/wp-content\\\/uploads\\\/2022\\\/09\\\/LED_CMA-FOOTVOLLEY-CUP.jpg\",\"contentUrl\":\"https:\\\/\\\/algarve7.pt\\\/wp-content\\\/uploads\\\/2022\\\/09\\\/LED_CMA-FOOTVOLLEY-CUP.jpg\",\"width\":1024,\"height\":768},{\"@type\":\"BreadcrumbList\",\"@id\":\"https:\\\/\\\/algarve7.pt\\\/index.php\\\/2022\\\/09\\\/albufeira-footvolley-cup-2022-recebe-os-melhores-atletas-europeus-na-praia-dos-pescadores\\\/desporto\\\/15\\\/18\\\/#breadcrumb\",\"itemListElement\":[{\"@type\":\"ListItem\",\"position\":1,\"name\":\"In\u00edcio\",\"item\":\"https:\\\/\\\/algarve7.pt\\\/\"},{\"@type\":\"ListItem\",\"position\":2,\"name\":\"\u201cAlbufeira\u00a0Footvolley\u00a0Cup\u00a02022\u201d recebe os melhores atletas europeus na praia dos pescadores\"}]},{\"@type\":\"WebSite\",\"@id\":\"https:\\\/\\\/algarve7.pt\\\/#website\",\"url\":\"https:\\\/\\\/algarve7.pt\\\/\",\"name\":\"Algarve 7\",\"description\":\"Informa\u00e7\u00e3o sobre o Algarve\",\"publisher\":{\"@id\":\"https:\\\/\\\/algarve7.pt\\\/#organization\"},\"potentialAction\":[{\"@type\":\"SearchAction\",\"target\":{\"@type\":\"EntryPoint\",\"urlTemplate\":\"https:\\\/\\\/algarve7.pt\\\/?s={search_term_string}\"},\"query-input\":{\"@type\":\"PropertyValueSpecification\",\"valueRequired\":true,\"valueName\":\"search_term_string\"}}],\"inLanguage\":\"pt-PT\"},{\"@type\":\"Organization\",\"@id\":\"https:\\\/\\\/algarve7.pt\\\/#organization\",\"name\":\"Algarve 7\",\"url\":\"https:\\\/\\\/algarve7.pt\\\/\",\"logo\":{\"@type\":\"ImageObject\",\"inLanguage\":\"pt-PT\",\"@id\":\"https:\\\/\\\/algarve7.pt\\\/#\\\/schema\\\/logo\\\/image\\\/\",\"url\":\"https:\\\/\\\/algarve7.pt\\\/wp-content\\\/uploads\\\/2020\\\/10\\\/Logo-8.jpg\",\"contentUrl\":\"https:\\\/\\\/algarve7.pt\\\/wp-content\\\/uploads\\\/2020\\\/10\\\/Logo-8.jpg\",\"width\":1680,\"height\":1186,\"caption\":\"Algarve 7\"},\"image\":{\"@id\":\"https:\\\/\\\/algarve7.pt\\\/#\\\/schema\\\/logo\\\/image\\\/\"},\"sameAs\":[\"https:\\\/\\\/www.facebook.com\\\/algarve7\",\"https:\\\/\\\/x.com\\\/Algarvesete\",\"https:\\\/\\\/www.instagram.com\\\/jornalalgarve7\\\/\",\"https:\\\/\\\/www.linkedin.com\\\/company\\\/algarve7\",\"https:\\\/\\\/www.pinterest.pt\\\/geral0939\\\/_created\\\/\"]},{\"@type\":\"Person\",\"@id\":\"https:\\\/\\\/algarve7.pt\\\/#\\\/schema\\\/person\\\/23fa70681308e7b319a3204bcea45e0c\",\"name\":\"Algarve 7\",\"sameAs\":[\"https:\\\/\\\/algarve7.pt\",\"https:\\\/\\\/www.facebook.com\\\/algarve7\"],\"url\":\"https:\\\/\\\/algarve7.pt\\\/index.php\\\/author\\\/geralalgarve7-pt\\\/\"}]}<\/script>\n<!-- \/ Yoast SEO plugin. -->","yoast_head_json":{"title":"\u201cAlbufeira\u00a0Footvolley\u00a0Cup\u00a02022\u201d recebe os melhores atletas europeus na praia dos pescadores - Algarve 7","description":"\u201cAlbufeira\u00a0Footvolley\u00a0Cup\u00a02022\u201d recebe os melhores atletas europeus na praia dos pescadores Desporto","robots":{"index":"index","follow":"follow","max-snippet":"max-snippet:-1","max-image-preview":"max-image-preview:large","max-video-preview":"max-video-preview:-1"},"canonical":"https:\/\/algarve7.pt\/index.php\/2022\/09\/albufeira-footvolley-cup-2022-recebe-os-melhores-atletas-europeus-na-praia-dos-pescadores\/desporto\/15\/18\/","og_locale":"pt_PT","og_type":"article","og_title":"\u201cAlbufeira\u00a0Footvolley\u00a0Cup\u00a02022\u201d recebe os melhores atletas europeus na praia dos pescadores - Algarve 7","og_description":"\u201cAlbufeira\u00a0Footvolley\u00a0Cup\u00a02022\u201d recebe os melhores atletas europeus na praia dos pescadores Desporto","og_url":"https:\/\/algarve7.pt\/index.php\/2022\/09\/albufeira-footvolley-cup-2022-recebe-os-melhores-atletas-europeus-na-praia-dos-pescadores\/desporto\/15\/18\/","og_site_name":"Algarve 7","article_publisher":"https:\/\/www.facebook.com\/algarve7","article_author":"https:\/\/www.facebook.com\/algarve7","article_published_time":"2022-09-20T14:18:06+00:00","article_modified_time":"2022-09-20T14:18:07+00:00","og_image":[{"width":1024,"height":768,"url":"https:\/\/algarve7.pt\/wp-content\/uploads\/2022\/09\/LED_CMA-FOOTVOLLEY-CUP.jpg","type":"image\/jpeg"}],"author":"Algarve 7","twitter_card":"summary_large_image","twitter_creator":"@Algarvesete","twitter_site":"@Algarvesete","twitter_misc":{"Escrito por":"Algarve 7","Tempo estimado de leitura":"3 minutos"},"schema":{"@context":"https:\/\/schema.org","@graph":[{"@type":"Article","@id":"https:\/\/algarve7.pt\/index.php\/2022\/09\/albufeira-footvolley-cup-2022-recebe-os-melhores-atletas-europeus-na-praia-dos-pescadores\/desporto\/15\/18\/#article","isPartOf":{"@id":"https:\/\/algarve7.pt\/index.php\/2022\/09\/albufeira-footvolley-cup-2022-recebe-os-melhores-atletas-europeus-na-praia-dos-pescadores\/desporto\/15\/18\/"},"author":{"name":"Algarve 7","@id":"https:\/\/algarve7.pt\/#\/schema\/person\/23fa70681308e7b319a3204bcea45e0c"},"headline":"\u201cAlbufeira\u00a0Footvolley\u00a0Cup\u00a02022\u201d recebe os melhores atletas europeus na praia dos pescadores","datePublished":"2022-09-20T14:18:06+00:00","dateModified":"2022-09-20T14:18:07+00:00","mainEntityOfPage":{"@id":"https:\/\/algarve7.pt\/index.php\/2022\/09\/albufeira-footvolley-cup-2022-recebe-os-melhores-atletas-europeus-na-praia-dos-pescadores\/desporto\/15\/18\/"},"wordCount":542,"publisher":{"@id":"https:\/\/algarve7.pt\/#organization"},"image":{"@id":"https:\/\/algarve7.pt\/index.php\/2022\/09\/albufeira-footvolley-cup-2022-recebe-os-melhores-atletas-europeus-na-praia-dos-pescadores\/desporto\/15\/18\/#primaryimage"},"thumbnailUrl":"https:\/\/algarve7.pt\/wp-content\/uploads\/2022\/09\/LED_CMA-FOOTVOLLEY-CUP.jpg","keywords":["Albufeira","Algarve","Desporto","Footvolley"],"articleSection":["Desporto"],"inLanguage":"pt-PT"},{"@type":"WebPage","@id":"https:\/\/algarve7.pt\/index.php\/2022\/09\/albufeira-footvolley-cup-2022-recebe-os-melhores-atletas-europeus-na-praia-dos-pescadores\/desporto\/15\/18\/","url":"https:\/\/algarve7.pt\/index.php\/2022\/09\/albufeira-footvolley-cup-2022-recebe-os-melhores-atletas-europeus-na-praia-dos-pescadores\/desporto\/15\/18\/","name":"\u201cAlbufeira\u00a0Footvolley\u00a0Cup\u00a02022\u201d recebe os melhores atletas europeus na praia dos pescadores - Algarve 7","isPartOf":{"@id":"https:\/\/algarve7.pt\/#website"},"primaryImageOfPage":{"@id":"https:\/\/algarve7.pt\/index.php\/2022\/09\/albufeira-footvolley-cup-2022-recebe-os-melhores-atletas-europeus-na-praia-dos-pescadores\/desporto\/15\/18\/#primaryimage"},"image":{"@id":"https:\/\/algarve7.pt\/index.php\/2022\/09\/albufeira-footvolley-cup-2022-recebe-os-melhores-atletas-europeus-na-praia-dos-pescadores\/desporto\/15\/18\/#primaryimage"},"thumbnailUrl":"https:\/\/algarve7.pt\/wp-content\/uploads\/2022\/09\/LED_CMA-FOOTVOLLEY-CUP.jpg","datePublished":"2022-09-20T14:18:06+00:00","dateModified":"2022-09-20T14:18:07+00:00","description":"\u201cAlbufeira\u00a0Footvolley\u00a0Cup\u00a02022\u201d recebe os melhores atletas europeus na praia dos pescadores Desporto","breadcrumb":{"@id":"https:\/\/algarve7.pt\/index.php\/2022\/09\/albufeira-footvolley-cup-2022-recebe-os-melhores-atletas-europeus-na-praia-dos-pescadores\/desporto\/15\/18\/#breadcrumb"},"inLanguage":"pt-PT","potentialAction":[{"@type":"ReadAction","target":["https:\/\/algarve7.pt\/index.php\/2022\/09\/albufeira-footvolley-cup-2022-recebe-os-melhores-atletas-europeus-na-praia-dos-pescadores\/desporto\/15\/18\/"]}]},{"@type":"ImageObject","inLanguage":"pt-PT","@id":"https:\/\/algarve7.pt\/index.php\/2022\/09\/albufeira-footvolley-cup-2022-recebe-os-melhores-atletas-europeus-na-praia-dos-pescadores\/desporto\/15\/18\/#primaryimage","url":"https:\/\/algarve7.pt\/wp-content\/uploads\/2022\/09\/LED_CMA-FOOTVOLLEY-CUP.jpg","contentUrl":"https:\/\/algarve7.pt\/wp-content\/uploads\/2022\/09\/LED_CMA-FOOTVOLLEY-CUP.jpg","width":1024,"height":768},{"@type":"BreadcrumbList","@id":"https:\/\/algarve7.pt\/index.php\/2022\/09\/albufeira-footvolley-cup-2022-recebe-os-melhores-atletas-europeus-na-praia-dos-pescadores\/desporto\/15\/18\/#breadcrumb","itemListElement":[{"@type":"ListItem","position":1,"name":"In\u00edcio","item":"https:\/\/algarve7.pt\/"},{"@type":"ListItem","position":2,"name":"\u201cAlbufeira\u00a0Footvolley\u00a0Cup\u00a02022\u201d recebe os melhores atletas europeus na praia dos pescadores"}]},{"@type":"WebSite","@id":"https:\/\/algarve7.pt\/#website","url":"https:\/\/algarve7.pt\/","name":"Algarve 7","description":"Informa\u00e7\u00e3o sobre o Algarve","publisher":{"@id":"https:\/\/algarve7.pt\/#organization"},"potentialAction":[{"@type":"SearchAction","target":{"@type":"EntryPoint","urlTemplate":"https:\/\/algarve7.pt\/?s={search_term_string}"},"query-input":{"@type":"PropertyValueSpecification","valueRequired":true,"valueName":"search_term_string"}}],"inLanguage":"pt-PT"},{"@type":"Organization","@id":"https:\/\/algarve7.pt\/#organization","name":"Algarve 7","url":"https:\/\/algarve7.pt\/","logo":{"@type":"ImageObject","inLanguage":"pt-PT","@id":"https:\/\/algarve7.pt\/#\/schema\/logo\/image\/","url":"https:\/\/algarve7.pt\/wp-content\/uploads\/2020\/10\/Logo-8.jpg","contentUrl":"https:\/\/algarve7.pt\/wp-content\/uploads\/2020\/10\/Logo-8.jpg","width":1680,"height":1186,"caption":"Algarve 7"},"image":{"@id":"https:\/\/algarve7.pt\/#\/schema\/logo\/image\/"},"sameAs":["https:\/\/www.facebook.com\/algarve7","https:\/\/x.com\/Algarvesete","https:\/\/www.instagram.com\/jornalalgarve7\/","https:\/\/www.linkedin.com\/company\/algarve7","https:\/\/www.pinterest.pt\/geral0939\/_created\/"]},{"@type":"Person","@id":"https:\/\/algarve7.pt\/#\/schema\/person\/23fa70681308e7b319a3204bcea45e0c","name":"Algarve 7","sameAs":["https:\/\/algarve7.pt","https:\/\/www.facebook.com\/algarve7"],"url":"https:\/\/algarve7.pt\/index.php\/author\/geralalgarve7-pt\/"}]}},"jetpack_publicize_connections":[],"jetpack_featured_media_url":"https:\/\/algarve7.pt\/wp-content\/uploads\/2022\/09\/LED_CMA-FOOTVOLLEY-CUP.jpg","jetpack_shortlink":"https:\/\/wp.me\/pcezmW-5Fh","jetpack_sharing_enabled":true,"_links":{"self":[{"href":"https:\/\/algarve7.pt\/index.php\/wp-json\/wp\/v2\/posts\/21779","targetHints":{"allow":["GET"]}}],"collection":[{"href":"https:\/\/algarve7.pt\/index.php\/wp-json\/wp\/v2\/posts"}],"about":[{"href":"https:\/\/algarve7.pt\/index.php\/wp-json\/wp\/v2\/types\/post"}],"author":[{"embeddable":true,"href":"https:\/\/algarve7.pt\/index.php\/wp-json\/wp\/v2\/users\/1"}],"replies":[{"embeddable":true,"href":"https:\/\/algarve7.pt\/index.php\/wp-json\/wp\/v2\/comments?post=21779"}],"version-history":[{"count":0,"href":"https:\/\/algarve7.pt\/index.php\/wp-json\/wp\/v2\/posts\/21779\/revisions"}],"wp:featuredmedia":[{"embeddable":true,"href":"https:\/\/algarve7.pt\/index.php\/wp-json\/wp\/v2\/media\/21780"}],"wp:attachment":[{"href":"https:\/\/algarve7.pt\/index.php\/wp-json\/wp\/v2\/media?parent=21779"}],"wp:term":[{"taxonomy":"category","embeddable":true,"href":"https:\/\/algarve7.pt\/index.php\/wp-json\/wp\/v2\/categories?post=21779"},{"taxonomy":"post_tag","embeddable":true,"href":"https:\/\/algarve7.pt\/index.php\/wp-json\/wp\/v2\/tags?post=21779"}],"curies":[{"name":"wp","href":"https:\/\/api.w.org\/{rel}","templated":true}]}}