{"id":21773,"date":"2022-09-20T14:39:33","date_gmt":"2022-09-20T13:39:33","guid":{"rendered":"https:\/\/algarve7.pt\/?p=21773"},"modified":"2022-09-20T14:39:35","modified_gmt":"2022-09-20T13:39:35","slug":"historia-investigacao-e-uma-viagem-ao-tempo-dos-romandos-assinalam-jornadas-europeias-do-patrimonio-em-sao-bras-de-alportel","status":"publish","type":"post","link":"https:\/\/algarve7.pt\/index.php\/2022\/09\/historia-investigacao-e-uma-viagem-ao-tempo-dos-romandos-assinalam-jornadas-europeias-do-patrimonio-em-sao-bras-de-alportel\/cultura\/14\/39\/","title":{"rendered":"Hist\u00f3ria, investiga\u00e7\u00e3o e uma viagem ao tempo dos romandos assinalam Jornadas Europeias do Patrim\u00f3nio em S\u00e3o Br\u00e1s de Alportel"},"content":{"rendered":"\n<p>O Munic\u00edpio de S\u00e3o Br\u00e1s de Alportel associa-se mais uma vez \u00e0s Jornadas Europeias do Patrim\u00f3nio com um programa que d\u00e1 a conhecer o patrim\u00f3nio material e imaterial do concelho at\u00e9 13 de outubro.<\/p>\n\n\n\n<p>O programa teve in\u00edcio a 10 de setembro com a confer\u00eancia: &#8220;A prop\u00f3sito de Romance Hist\u00f3rico&#8221;. Um encontro especial em que o escritor e m\u00e9dico Renato Santos revelou alguns dos ingredientes essenciais para a constru\u00e7\u00e3o de um romance hist\u00f3rico e a raz\u00e3o porque este \u00e9 o tipo de romance mais complexo e at\u00e9 a origem da palavra &#8220;romance&#8221;!<\/p>\n\n\n\n<p>Renato Santos, \u00e9 tamb\u00e9m o orientador do Ciclo de Conversas com Hist\u00f3ria que tem lugar marcado no Museu do Traje, esta sexta-feira, dia 23, pelas 18h00 e vai debru\u00e7ar-se sobre o tema: \u201cMu\u00e7ulmanos e Crist\u00e3os em S\u00e3o Br\u00e1s de Alportel: vida e obra de Ibn Amm\u00e2r\u201d.<\/p>\n\n\n\n<p>No s\u00e1bado, 24 de setembro, mi\u00fados e gra\u00fados est\u00e3o convidados para \u201cUma viagem ao Tempo dos Romanos\u201d, no Jardim da Verbena, em pleno Centro Hist\u00f3rico. Entre as 15h00 e as 19h00 vai ser poss\u00edvel participar em jogos tem\u00e1ticos e workshops e assistir a espet\u00e1culos de dan\u00e7a do ventre, construir gl\u00e1dios e tiaras, entre muitas outras surpresas.<\/p>\n\n\n\n<p>Tamb\u00e9m neste dia, ser\u00e1 poss\u00edvel visitar gratuitamente v\u00e1rios espa\u00e7os do concelho como o Espa\u00e7o Mem\u00f3ria, localizado no 1.\u00ba andar do edif\u00edcio da C\u00e2mara Municipal, o Centro de Artes e Of\u00edcios, a Casa do Artes\u00e3o, a Casa Mem\u00f3ria da Estrada Nacional 2 e o Museu do Traje que vai ainda proporcionar visitas guiadas \u00e0s exposi\u00e7\u00f5es e uma visita especial \u00e0s reservas do Museu.<\/p>\n\n\n\n<p>O domingo, 25 de setembro, come\u00e7a com um convite para um passeio \u201cPelos itiner\u00e1rios da \u00e1gua: entre fontes, po\u00e7os, noras e hortas\u201d. Formas arquitet\u00f3nicas que marcam e identificam, ainda hoje, a paisagem do barrocal algarvio, em geral, e a s\u00e3o-brasense em particular. Testemunhos vivos do modo como o Homem, durante s\u00e9culos, se relacionou com o territ\u00f3rio utilizando o seu engenho e arte no aproveitamento da \u00e1gua.<\/p>\n\n\n\n<p>O passeio tem o Terminal Rodovi\u00e1rio como ponto de encontro e partida que est\u00e1 marcada para as 9h00.<\/p>\n\n\n\n<p>Uma iniciativa de participa\u00e7\u00e3o gratuita mas de inscri\u00e7\u00e3o obrigat\u00f3ria atrav\u00e9s dos contactos:289 840\u00a0004 ou <a href=\"mailto:municipe@cm-sbras.pt\" target=\"_blank\" rel=\"noreferrer noopener\">municipe@cm-sbras.pt<\/a>.<\/p>\n\n\n\n<p>\u201cA pr\u00e9-hist\u00f3ria em S\u00e3o Br\u00e1s de Alportel\u201d \u00e9 o tema da confer\u00eancia de encerramento do programa s\u00e3o-brasense das Jornadas Europeias do Patrim\u00f3nio 2022 e tem lugar no Espa\u00e7o Mem\u00f3ria do Munic\u00edpio no dia 13 de outubro, pelas 18h00. Os arque\u00f3logos e investigadores Ant\u00f3nio F. Carvalho e Angelina Pereira v\u00e3o abordar esta tem\u00e1tica.<\/p>\n","protected":false},"excerpt":{"rendered":"<p>O Munic\u00edpio de S\u00e3o Br\u00e1s de Alportel associa-se mais uma vez \u00e0s Jornadas Europeias do Patrim\u00f3nio com um programa que<\/p>\n","protected":false},"author":1,"featured_media":21774,"comment_status":"closed","ping_status":"open","sticky":false,"template":"","format":"standard","meta":{"colormag_page_container_layout":"default_layout","colormag_page_sidebar_layout":"default_layout","_monsterinsights_skip_tracking":false,"_monsterinsights_sitenote_active":false,"_monsterinsights_sitenote_note":"","_monsterinsights_sitenote_category":0,"jetpack_post_was_ever_published":false,"_jetpack_newsletter_access":"","_jetpack_dont_email_post_to_subs":false,"_jetpack_newsletter_tier_id":0,"_jetpack_memberships_contains_paywalled_content":false,"_jetpack_memberships_contains_paid_content":false,"footnotes":"","jetpack_publicize_message":"","jetpack_publicize_feature_enabled":true,"jetpack_social_post_already_shared":true,"jetpack_social_options":{"image_generator_settings":{"template":"highway","default_image_id":0,"font":"","enabled":false},"version":2}},"categories":[14],"tags":[36,35,710,63],"class_list":["post-21773","post","type-post","status-publish","format-standard","has-post-thumbnail","hentry","category-cultura","tag-algarve","tag-cultura","tag-jornadas-europeias-do-patrimonio","tag-sao-bras-de-alportel"],"yoast_head":"<!-- This site is optimized with the Yoast SEO plugin v27.4 - https:\/\/yoast.com\/product\/yoast-seo-wordpress\/ -->\n<title>Hist\u00f3ria, investiga\u00e7\u00e3o e uma viagem ao tempo dos romandos assinalam Jornadas Europeias do Patrim\u00f3nio em S\u00e3o Br\u00e1s de Alportel - Algarve 7<\/title>\n<meta name=\"description\" content=\"Hist\u00f3ria, investiga\u00e7\u00e3o e uma viagem ao tempo dos romandos assinalam Jornadas Europeias do Patrim\u00f3nio em S\u00e3o Br\u00e1s de Alportel Cultura\" \/>\n<meta name=\"robots\" content=\"index, follow, max-snippet:-1, max-image-preview:large, max-video-preview:-1\" \/>\n<link rel=\"canonical\" href=\"https:\/\/algarve7.pt\/index.php\/2022\/09\/historia-investigacao-e-uma-viagem-ao-tempo-dos-romandos-assinalam-jornadas-europeias-do-patrimonio-em-sao-bras-de-alportel\/cultura\/14\/39\/\" \/>\n<meta property=\"og:locale\" content=\"pt_PT\" \/>\n<meta property=\"og:type\" content=\"article\" \/>\n<meta property=\"og:title\" content=\"Hist\u00f3ria, investiga\u00e7\u00e3o e uma viagem ao tempo dos romandos assinalam Jornadas Europeias do Patrim\u00f3nio em S\u00e3o Br\u00e1s de Alportel - Algarve 7\" \/>\n<meta property=\"og:description\" content=\"Hist\u00f3ria, investiga\u00e7\u00e3o e uma viagem ao tempo dos romandos assinalam Jornadas Europeias do Patrim\u00f3nio em S\u00e3o Br\u00e1s de Alportel Cultura\" \/>\n<meta property=\"og:url\" content=\"https:\/\/algarve7.pt\/index.php\/2022\/09\/historia-investigacao-e-uma-viagem-ao-tempo-dos-romandos-assinalam-jornadas-europeias-do-patrimonio-em-sao-bras-de-alportel\/cultura\/14\/39\/\" \/>\n<meta property=\"og:site_name\" content=\"Algarve 7\" \/>\n<meta property=\"article:publisher\" content=\"https:\/\/www.facebook.com\/algarve7\" \/>\n<meta property=\"article:author\" content=\"https:\/\/www.facebook.com\/algarve7\" \/>\n<meta property=\"article:published_time\" content=\"2022-09-20T13:39:33+00:00\" \/>\n<meta property=\"article:modified_time\" content=\"2022-09-20T13:39:35+00:00\" \/>\n<meta property=\"og:image\" content=\"https:\/\/algarve7.pt\/wp-content\/uploads\/2022\/09\/viagem_tempo_romanos-2-Medium.jpg\" \/>\n\t<meta property=\"og:image:width\" content=\"1152\" \/>\n\t<meta property=\"og:image:height\" content=\"768\" \/>\n\t<meta property=\"og:image:type\" content=\"image\/jpeg\" \/>\n<meta name=\"author\" content=\"Algarve 7\" \/>\n<meta name=\"twitter:card\" content=\"summary_large_image\" \/>\n<meta name=\"twitter:creator\" content=\"@Algarvesete\" \/>\n<meta name=\"twitter:site\" content=\"@Algarvesete\" \/>\n<meta name=\"twitter:label1\" content=\"Escrito por\" \/>\n\t<meta name=\"twitter:data1\" content=\"Algarve 7\" \/>\n\t<meta name=\"twitter:label2\" content=\"Tempo estimado de leitura\" \/>\n\t<meta name=\"twitter:data2\" content=\"3 minutos\" \/>\n<script type=\"application\/ld+json\" class=\"yoast-schema-graph\">{\"@context\":\"https:\\\/\\\/schema.org\",\"@graph\":[{\"@type\":\"Article\",\"@id\":\"https:\\\/\\\/algarve7.pt\\\/index.php\\\/2022\\\/09\\\/historia-investigacao-e-uma-viagem-ao-tempo-dos-romandos-assinalam-jornadas-europeias-do-patrimonio-em-sao-bras-de-alportel\\\/cultura\\\/14\\\/39\\\/#article\",\"isPartOf\":{\"@id\":\"https:\\\/\\\/algarve7.pt\\\/index.php\\\/2022\\\/09\\\/historia-investigacao-e-uma-viagem-ao-tempo-dos-romandos-assinalam-jornadas-europeias-do-patrimonio-em-sao-bras-de-alportel\\\/cultura\\\/14\\\/39\\\/\"},\"author\":{\"name\":\"Algarve 7\",\"@id\":\"https:\\\/\\\/algarve7.pt\\\/#\\\/schema\\\/person\\\/23fa70681308e7b319a3204bcea45e0c\"},\"headline\":\"Hist\u00f3ria, investiga\u00e7\u00e3o e uma viagem ao tempo dos romandos assinalam Jornadas Europeias do Patrim\u00f3nio em S\u00e3o Br\u00e1s de Alportel\",\"datePublished\":\"2022-09-20T13:39:33+00:00\",\"dateModified\":\"2022-09-20T13:39:35+00:00\",\"mainEntityOfPage\":{\"@id\":\"https:\\\/\\\/algarve7.pt\\\/index.php\\\/2022\\\/09\\\/historia-investigacao-e-uma-viagem-ao-tempo-dos-romandos-assinalam-jornadas-europeias-do-patrimonio-em-sao-bras-de-alportel\\\/cultura\\\/14\\\/39\\\/\"},\"wordCount\":489,\"publisher\":{\"@id\":\"https:\\\/\\\/algarve7.pt\\\/#organization\"},\"image\":{\"@id\":\"https:\\\/\\\/algarve7.pt\\\/index.php\\\/2022\\\/09\\\/historia-investigacao-e-uma-viagem-ao-tempo-dos-romandos-assinalam-jornadas-europeias-do-patrimonio-em-sao-bras-de-alportel\\\/cultura\\\/14\\\/39\\\/#primaryimage\"},\"thumbnailUrl\":\"https:\\\/\\\/algarve7.pt\\\/wp-content\\\/uploads\\\/2022\\\/09\\\/viagem_tempo_romanos-2-Medium.jpg\",\"keywords\":[\"Algarve\",\"Cultura\",\"Jornadas Europeias do Patrim\u00f3nio\",\"S\u00e3o Br\u00e1s de Alportel\"],\"articleSection\":[\"Cultura\"],\"inLanguage\":\"pt-PT\"},{\"@type\":\"WebPage\",\"@id\":\"https:\\\/\\\/algarve7.pt\\\/index.php\\\/2022\\\/09\\\/historia-investigacao-e-uma-viagem-ao-tempo-dos-romandos-assinalam-jornadas-europeias-do-patrimonio-em-sao-bras-de-alportel\\\/cultura\\\/14\\\/39\\\/\",\"url\":\"https:\\\/\\\/algarve7.pt\\\/index.php\\\/2022\\\/09\\\/historia-investigacao-e-uma-viagem-ao-tempo-dos-romandos-assinalam-jornadas-europeias-do-patrimonio-em-sao-bras-de-alportel\\\/cultura\\\/14\\\/39\\\/\",\"name\":\"Hist\u00f3ria, investiga\u00e7\u00e3o e uma viagem ao tempo dos romandos assinalam Jornadas Europeias do Patrim\u00f3nio em S\u00e3o Br\u00e1s de Alportel - Algarve 7\",\"isPartOf\":{\"@id\":\"https:\\\/\\\/algarve7.pt\\\/#website\"},\"primaryImageOfPage\":{\"@id\":\"https:\\\/\\\/algarve7.pt\\\/index.php\\\/2022\\\/09\\\/historia-investigacao-e-uma-viagem-ao-tempo-dos-romandos-assinalam-jornadas-europeias-do-patrimonio-em-sao-bras-de-alportel\\\/cultura\\\/14\\\/39\\\/#primaryimage\"},\"image\":{\"@id\":\"https:\\\/\\\/algarve7.pt\\\/index.php\\\/2022\\\/09\\\/historia-investigacao-e-uma-viagem-ao-tempo-dos-romandos-assinalam-jornadas-europeias-do-patrimonio-em-sao-bras-de-alportel\\\/cultura\\\/14\\\/39\\\/#primaryimage\"},\"thumbnailUrl\":\"https:\\\/\\\/algarve7.pt\\\/wp-content\\\/uploads\\\/2022\\\/09\\\/viagem_tempo_romanos-2-Medium.jpg\",\"datePublished\":\"2022-09-20T13:39:33+00:00\",\"dateModified\":\"2022-09-20T13:39:35+00:00\",\"description\":\"Hist\u00f3ria, investiga\u00e7\u00e3o e uma viagem ao tempo dos romandos assinalam Jornadas Europeias do Patrim\u00f3nio em S\u00e3o Br\u00e1s de Alportel Cultura\",\"breadcrumb\":{\"@id\":\"https:\\\/\\\/algarve7.pt\\\/index.php\\\/2022\\\/09\\\/historia-investigacao-e-uma-viagem-ao-tempo-dos-romandos-assinalam-jornadas-europeias-do-patrimonio-em-sao-bras-de-alportel\\\/cultura\\\/14\\\/39\\\/#breadcrumb\"},\"inLanguage\":\"pt-PT\",\"potentialAction\":[{\"@type\":\"ReadAction\",\"target\":[\"https:\\\/\\\/algarve7.pt\\\/index.php\\\/2022\\\/09\\\/historia-investigacao-e-uma-viagem-ao-tempo-dos-romandos-assinalam-jornadas-europeias-do-patrimonio-em-sao-bras-de-alportel\\\/cultura\\\/14\\\/39\\\/\"]}]},{\"@type\":\"ImageObject\",\"inLanguage\":\"pt-PT\",\"@id\":\"https:\\\/\\\/algarve7.pt\\\/index.php\\\/2022\\\/09\\\/historia-investigacao-e-uma-viagem-ao-tempo-dos-romandos-assinalam-jornadas-europeias-do-patrimonio-em-sao-bras-de-alportel\\\/cultura\\\/14\\\/39\\\/#primaryimage\",\"url\":\"https:\\\/\\\/algarve7.pt\\\/wp-content\\\/uploads\\\/2022\\\/09\\\/viagem_tempo_romanos-2-Medium.jpg\",\"contentUrl\":\"https:\\\/\\\/algarve7.pt\\\/wp-content\\\/uploads\\\/2022\\\/09\\\/viagem_tempo_romanos-2-Medium.jpg\",\"width\":1152,\"height\":768},{\"@type\":\"BreadcrumbList\",\"@id\":\"https:\\\/\\\/algarve7.pt\\\/index.php\\\/2022\\\/09\\\/historia-investigacao-e-uma-viagem-ao-tempo-dos-romandos-assinalam-jornadas-europeias-do-patrimonio-em-sao-bras-de-alportel\\\/cultura\\\/14\\\/39\\\/#breadcrumb\",\"itemListElement\":[{\"@type\":\"ListItem\",\"position\":1,\"name\":\"In\u00edcio\",\"item\":\"https:\\\/\\\/algarve7.pt\\\/\"},{\"@type\":\"ListItem\",\"position\":2,\"name\":\"Hist\u00f3ria, investiga\u00e7\u00e3o e uma viagem ao tempo dos romandos assinalam Jornadas Europeias do Patrim\u00f3nio em S\u00e3o Br\u00e1s de Alportel\"}]},{\"@type\":\"WebSite\",\"@id\":\"https:\\\/\\\/algarve7.pt\\\/#website\",\"url\":\"https:\\\/\\\/algarve7.pt\\\/\",\"name\":\"Algarve 7\",\"description\":\"Informa\u00e7\u00e3o sobre o Algarve\",\"publisher\":{\"@id\":\"https:\\\/\\\/algarve7.pt\\\/#organization\"},\"potentialAction\":[{\"@type\":\"SearchAction\",\"target\":{\"@type\":\"EntryPoint\",\"urlTemplate\":\"https:\\\/\\\/algarve7.pt\\\/?s={search_term_string}\"},\"query-input\":{\"@type\":\"PropertyValueSpecification\",\"valueRequired\":true,\"valueName\":\"search_term_string\"}}],\"inLanguage\":\"pt-PT\"},{\"@type\":\"Organization\",\"@id\":\"https:\\\/\\\/algarve7.pt\\\/#organization\",\"name\":\"Algarve 7\",\"url\":\"https:\\\/\\\/algarve7.pt\\\/\",\"logo\":{\"@type\":\"ImageObject\",\"inLanguage\":\"pt-PT\",\"@id\":\"https:\\\/\\\/algarve7.pt\\\/#\\\/schema\\\/logo\\\/image\\\/\",\"url\":\"https:\\\/\\\/algarve7.pt\\\/wp-content\\\/uploads\\\/2020\\\/10\\\/Logo-8.jpg\",\"contentUrl\":\"https:\\\/\\\/algarve7.pt\\\/wp-content\\\/uploads\\\/2020\\\/10\\\/Logo-8.jpg\",\"width\":1680,\"height\":1186,\"caption\":\"Algarve 7\"},\"image\":{\"@id\":\"https:\\\/\\\/algarve7.pt\\\/#\\\/schema\\\/logo\\\/image\\\/\"},\"sameAs\":[\"https:\\\/\\\/www.facebook.com\\\/algarve7\",\"https:\\\/\\\/x.com\\\/Algarvesete\",\"https:\\\/\\\/www.instagram.com\\\/jornalalgarve7\\\/\",\"https:\\\/\\\/www.linkedin.com\\\/company\\\/algarve7\",\"https:\\\/\\\/www.pinterest.pt\\\/geral0939\\\/_created\\\/\"]},{\"@type\":\"Person\",\"@id\":\"https:\\\/\\\/algarve7.pt\\\/#\\\/schema\\\/person\\\/23fa70681308e7b319a3204bcea45e0c\",\"name\":\"Algarve 7\",\"sameAs\":[\"https:\\\/\\\/algarve7.pt\",\"https:\\\/\\\/www.facebook.com\\\/algarve7\"],\"url\":\"https:\\\/\\\/algarve7.pt\\\/index.php\\\/author\\\/geralalgarve7-pt\\\/\"}]}<\/script>\n<!-- \/ Yoast SEO plugin. -->","yoast_head_json":{"title":"Hist\u00f3ria, investiga\u00e7\u00e3o e uma viagem ao tempo dos romandos assinalam Jornadas Europeias do Patrim\u00f3nio em S\u00e3o Br\u00e1s de Alportel - Algarve 7","description":"Hist\u00f3ria, investiga\u00e7\u00e3o e uma viagem ao tempo dos romandos assinalam Jornadas Europeias do Patrim\u00f3nio em S\u00e3o Br\u00e1s de Alportel Cultura","robots":{"index":"index","follow":"follow","max-snippet":"max-snippet:-1","max-image-preview":"max-image-preview:large","max-video-preview":"max-video-preview:-1"},"canonical":"https:\/\/algarve7.pt\/index.php\/2022\/09\/historia-investigacao-e-uma-viagem-ao-tempo-dos-romandos-assinalam-jornadas-europeias-do-patrimonio-em-sao-bras-de-alportel\/cultura\/14\/39\/","og_locale":"pt_PT","og_type":"article","og_title":"Hist\u00f3ria, investiga\u00e7\u00e3o e uma viagem ao tempo dos romandos assinalam Jornadas Europeias do Patrim\u00f3nio em S\u00e3o Br\u00e1s de Alportel - Algarve 7","og_description":"Hist\u00f3ria, investiga\u00e7\u00e3o e uma viagem ao tempo dos romandos assinalam Jornadas Europeias do Patrim\u00f3nio em S\u00e3o Br\u00e1s de Alportel Cultura","og_url":"https:\/\/algarve7.pt\/index.php\/2022\/09\/historia-investigacao-e-uma-viagem-ao-tempo-dos-romandos-assinalam-jornadas-europeias-do-patrimonio-em-sao-bras-de-alportel\/cultura\/14\/39\/","og_site_name":"Algarve 7","article_publisher":"https:\/\/www.facebook.com\/algarve7","article_author":"https:\/\/www.facebook.com\/algarve7","article_published_time":"2022-09-20T13:39:33+00:00","article_modified_time":"2022-09-20T13:39:35+00:00","og_image":[{"width":1152,"height":768,"url":"https:\/\/algarve7.pt\/wp-content\/uploads\/2022\/09\/viagem_tempo_romanos-2-Medium.jpg","type":"image\/jpeg"}],"author":"Algarve 7","twitter_card":"summary_large_image","twitter_creator":"@Algarvesete","twitter_site":"@Algarvesete","twitter_misc":{"Escrito por":"Algarve 7","Tempo estimado de leitura":"3 minutos"},"schema":{"@context":"https:\/\/schema.org","@graph":[{"@type":"Article","@id":"https:\/\/algarve7.pt\/index.php\/2022\/09\/historia-investigacao-e-uma-viagem-ao-tempo-dos-romandos-assinalam-jornadas-europeias-do-patrimonio-em-sao-bras-de-alportel\/cultura\/14\/39\/#article","isPartOf":{"@id":"https:\/\/algarve7.pt\/index.php\/2022\/09\/historia-investigacao-e-uma-viagem-ao-tempo-dos-romandos-assinalam-jornadas-europeias-do-patrimonio-em-sao-bras-de-alportel\/cultura\/14\/39\/"},"author":{"name":"Algarve 7","@id":"https:\/\/algarve7.pt\/#\/schema\/person\/23fa70681308e7b319a3204bcea45e0c"},"headline":"Hist\u00f3ria, investiga\u00e7\u00e3o e uma viagem ao tempo dos romandos assinalam Jornadas Europeias do Patrim\u00f3nio em S\u00e3o Br\u00e1s de Alportel","datePublished":"2022-09-20T13:39:33+00:00","dateModified":"2022-09-20T13:39:35+00:00","mainEntityOfPage":{"@id":"https:\/\/algarve7.pt\/index.php\/2022\/09\/historia-investigacao-e-uma-viagem-ao-tempo-dos-romandos-assinalam-jornadas-europeias-do-patrimonio-em-sao-bras-de-alportel\/cultura\/14\/39\/"},"wordCount":489,"publisher":{"@id":"https:\/\/algarve7.pt\/#organization"},"image":{"@id":"https:\/\/algarve7.pt\/index.php\/2022\/09\/historia-investigacao-e-uma-viagem-ao-tempo-dos-romandos-assinalam-jornadas-europeias-do-patrimonio-em-sao-bras-de-alportel\/cultura\/14\/39\/#primaryimage"},"thumbnailUrl":"https:\/\/algarve7.pt\/wp-content\/uploads\/2022\/09\/viagem_tempo_romanos-2-Medium.jpg","keywords":["Algarve","Cultura","Jornadas Europeias do Patrim\u00f3nio","S\u00e3o Br\u00e1s de Alportel"],"articleSection":["Cultura"],"inLanguage":"pt-PT"},{"@type":"WebPage","@id":"https:\/\/algarve7.pt\/index.php\/2022\/09\/historia-investigacao-e-uma-viagem-ao-tempo-dos-romandos-assinalam-jornadas-europeias-do-patrimonio-em-sao-bras-de-alportel\/cultura\/14\/39\/","url":"https:\/\/algarve7.pt\/index.php\/2022\/09\/historia-investigacao-e-uma-viagem-ao-tempo-dos-romandos-assinalam-jornadas-europeias-do-patrimonio-em-sao-bras-de-alportel\/cultura\/14\/39\/","name":"Hist\u00f3ria, investiga\u00e7\u00e3o e uma viagem ao tempo dos romandos assinalam Jornadas Europeias do Patrim\u00f3nio em S\u00e3o Br\u00e1s de Alportel - Algarve 7","isPartOf":{"@id":"https:\/\/algarve7.pt\/#website"},"primaryImageOfPage":{"@id":"https:\/\/algarve7.pt\/index.php\/2022\/09\/historia-investigacao-e-uma-viagem-ao-tempo-dos-romandos-assinalam-jornadas-europeias-do-patrimonio-em-sao-bras-de-alportel\/cultura\/14\/39\/#primaryimage"},"image":{"@id":"https:\/\/algarve7.pt\/index.php\/2022\/09\/historia-investigacao-e-uma-viagem-ao-tempo-dos-romandos-assinalam-jornadas-europeias-do-patrimonio-em-sao-bras-de-alportel\/cultura\/14\/39\/#primaryimage"},"thumbnailUrl":"https:\/\/algarve7.pt\/wp-content\/uploads\/2022\/09\/viagem_tempo_romanos-2-Medium.jpg","datePublished":"2022-09-20T13:39:33+00:00","dateModified":"2022-09-20T13:39:35+00:00","description":"Hist\u00f3ria, investiga\u00e7\u00e3o e uma viagem ao tempo dos romandos assinalam Jornadas Europeias do Patrim\u00f3nio em S\u00e3o Br\u00e1s de Alportel Cultura","breadcrumb":{"@id":"https:\/\/algarve7.pt\/index.php\/2022\/09\/historia-investigacao-e-uma-viagem-ao-tempo-dos-romandos-assinalam-jornadas-europeias-do-patrimonio-em-sao-bras-de-alportel\/cultura\/14\/39\/#breadcrumb"},"inLanguage":"pt-PT","potentialAction":[{"@type":"ReadAction","target":["https:\/\/algarve7.pt\/index.php\/2022\/09\/historia-investigacao-e-uma-viagem-ao-tempo-dos-romandos-assinalam-jornadas-europeias-do-patrimonio-em-sao-bras-de-alportel\/cultura\/14\/39\/"]}]},{"@type":"ImageObject","inLanguage":"pt-PT","@id":"https:\/\/algarve7.pt\/index.php\/2022\/09\/historia-investigacao-e-uma-viagem-ao-tempo-dos-romandos-assinalam-jornadas-europeias-do-patrimonio-em-sao-bras-de-alportel\/cultura\/14\/39\/#primaryimage","url":"https:\/\/algarve7.pt\/wp-content\/uploads\/2022\/09\/viagem_tempo_romanos-2-Medium.jpg","contentUrl":"https:\/\/algarve7.pt\/wp-content\/uploads\/2022\/09\/viagem_tempo_romanos-2-Medium.jpg","width":1152,"height":768},{"@type":"BreadcrumbList","@id":"https:\/\/algarve7.pt\/index.php\/2022\/09\/historia-investigacao-e-uma-viagem-ao-tempo-dos-romandos-assinalam-jornadas-europeias-do-patrimonio-em-sao-bras-de-alportel\/cultura\/14\/39\/#breadcrumb","itemListElement":[{"@type":"ListItem","position":1,"name":"In\u00edcio","item":"https:\/\/algarve7.pt\/"},{"@type":"ListItem","position":2,"name":"Hist\u00f3ria, investiga\u00e7\u00e3o e uma viagem ao tempo dos romandos assinalam Jornadas Europeias do Patrim\u00f3nio em S\u00e3o Br\u00e1s de Alportel"}]},{"@type":"WebSite","@id":"https:\/\/algarve7.pt\/#website","url":"https:\/\/algarve7.pt\/","name":"Algarve 7","description":"Informa\u00e7\u00e3o sobre o Algarve","publisher":{"@id":"https:\/\/algarve7.pt\/#organization"},"potentialAction":[{"@type":"SearchAction","target":{"@type":"EntryPoint","urlTemplate":"https:\/\/algarve7.pt\/?s={search_term_string}"},"query-input":{"@type":"PropertyValueSpecification","valueRequired":true,"valueName":"search_term_string"}}],"inLanguage":"pt-PT"},{"@type":"Organization","@id":"https:\/\/algarve7.pt\/#organization","name":"Algarve 7","url":"https:\/\/algarve7.pt\/","logo":{"@type":"ImageObject","inLanguage":"pt-PT","@id":"https:\/\/algarve7.pt\/#\/schema\/logo\/image\/","url":"https:\/\/algarve7.pt\/wp-content\/uploads\/2020\/10\/Logo-8.jpg","contentUrl":"https:\/\/algarve7.pt\/wp-content\/uploads\/2020\/10\/Logo-8.jpg","width":1680,"height":1186,"caption":"Algarve 7"},"image":{"@id":"https:\/\/algarve7.pt\/#\/schema\/logo\/image\/"},"sameAs":["https:\/\/www.facebook.com\/algarve7","https:\/\/x.com\/Algarvesete","https:\/\/www.instagram.com\/jornalalgarve7\/","https:\/\/www.linkedin.com\/company\/algarve7","https:\/\/www.pinterest.pt\/geral0939\/_created\/"]},{"@type":"Person","@id":"https:\/\/algarve7.pt\/#\/schema\/person\/23fa70681308e7b319a3204bcea45e0c","name":"Algarve 7","sameAs":["https:\/\/algarve7.pt","https:\/\/www.facebook.com\/algarve7"],"url":"https:\/\/algarve7.pt\/index.php\/author\/geralalgarve7-pt\/"}]}},"jetpack_publicize_connections":[],"jetpack_featured_media_url":"https:\/\/algarve7.pt\/wp-content\/uploads\/2022\/09\/viagem_tempo_romanos-2-Medium.jpg","jetpack_shortlink":"https:\/\/wp.me\/pcezmW-5Fb","jetpack_sharing_enabled":true,"_links":{"self":[{"href":"https:\/\/algarve7.pt\/index.php\/wp-json\/wp\/v2\/posts\/21773","targetHints":{"allow":["GET"]}}],"collection":[{"href":"https:\/\/algarve7.pt\/index.php\/wp-json\/wp\/v2\/posts"}],"about":[{"href":"https:\/\/algarve7.pt\/index.php\/wp-json\/wp\/v2\/types\/post"}],"author":[{"embeddable":true,"href":"https:\/\/algarve7.pt\/index.php\/wp-json\/wp\/v2\/users\/1"}],"replies":[{"embeddable":true,"href":"https:\/\/algarve7.pt\/index.php\/wp-json\/wp\/v2\/comments?post=21773"}],"version-history":[{"count":0,"href":"https:\/\/algarve7.pt\/index.php\/wp-json\/wp\/v2\/posts\/21773\/revisions"}],"wp:featuredmedia":[{"embeddable":true,"href":"https:\/\/algarve7.pt\/index.php\/wp-json\/wp\/v2\/media\/21774"}],"wp:attachment":[{"href":"https:\/\/algarve7.pt\/index.php\/wp-json\/wp\/v2\/media?parent=21773"}],"wp:term":[{"taxonomy":"category","embeddable":true,"href":"https:\/\/algarve7.pt\/index.php\/wp-json\/wp\/v2\/categories?post=21773"},{"taxonomy":"post_tag","embeddable":true,"href":"https:\/\/algarve7.pt\/index.php\/wp-json\/wp\/v2\/tags?post=21773"}],"curies":[{"name":"wp","href":"https:\/\/api.w.org\/{rel}","templated":true}]}}