{"id":21721,"date":"2022-09-18T10:30:00","date_gmt":"2022-09-18T09:30:00","guid":{"rendered":"https:\/\/algarve7.pt\/?p=21721"},"modified":"2022-09-16T23:31:49","modified_gmt":"2022-09-16T22:31:49","slug":"ualg-da-as-boas-vindas-aos-novos-estudantes-no-pavilhao-municipal-da-penha","status":"publish","type":"post","link":"https:\/\/algarve7.pt\/index.php\/2022\/09\/ualg-da-as-boas-vindas-aos-novos-estudantes-no-pavilhao-municipal-da-penha\/educacao\/10\/30\/","title":{"rendered":"UAlg d\u00e1 as boas-vindas aos novos estudantes no Pavilh\u00e3o Municipal da Penha"},"content":{"rendered":"\n<p>A Universidade do Algarve vai realizar uma sess\u00e3o de boas-vindas para os novos estudantes, no pr\u00f3ximo dia 19 de setembro, pelas 8h45, no Pavilh\u00e3o Municipal da Penha, em Faro.<\/p>\n\n\n\n<p>Al\u00e9m do acolhimento e das boas-vindas aos novos estudantes nacionais e internacionais, a iniciativa pretende ainda contribuir para a sua plena integra\u00e7\u00e3o, n\u00e3o s\u00f3 na vida universit\u00e1ria, mas tamb\u00e9m na cidade e na regi\u00e3o que os acolhe.<\/p>\n\n\n\n<p>A cerim\u00f3nia inicia-se com as interven\u00e7\u00f5es do presidente da C\u00e2mara Municipal de Faro, Rog\u00e9rio Bacalhau, seguindo-se o presidente da Associa\u00e7\u00e3o Acad\u00e9mica, F\u00e1bio Zacarias, e o reitor da Universidade do Algarve, Paulo \u00c1guas, que encerrar\u00e1 a sess\u00e3o.<\/p>\n\n\n\n<p>Convidam-se ainda as fam\u00edlias e amigos a assistir em direto a esta sess\u00e3o atrav\u00e9s dos canais de\u00a0YouTube\u00a0e\u00a0Facebook<\/p>\n\n\n\n<p>Depois desta sess\u00e3o conjunta de boas-vindas, os novos estudantes ser\u00e3o tamb\u00e9m acolhidos nas respetivas Unidade Org\u00e2nicas, onde receber\u00e3o informa\u00e7\u00f5es mais pormenorizadas sobre o funcionamento das mesmas.<\/p>\n\n\n\n<p>Para melhor acolher e integrar os novos estudantes, proporcionando-lhe experi\u00eancias \u00fanicas e enriquecedoras, de 15 a 24 de setembro v\u00e3o realizar-se v\u00e1rias atividades solid\u00e1rias, sociais, culturais e desportivas.&nbsp;<\/p>\n\n\n\n<p>Todas as atividades s\u00e3o gratuitas, mas de inscri\u00e7\u00e3o obrigat\u00f3ria em:\u00a0<a href=\"https:\/\/www.ualg.pt\/ualg-promove-atividades-de-integracao-aos-novos-estudantes\" target=\"_blank\" rel=\"noreferrer noopener\">https:\/\/www.ualg.pt\/ualg-promove-atividades-de-integracao-aos-novos-estudantes<\/a><\/p>\n","protected":false},"excerpt":{"rendered":"<p>A Universidade do Algarve vai realizar uma sess\u00e3o de boas-vindas para os novos estudantes, no pr\u00f3ximo dia 19 de setembro,<\/p>\n","protected":false},"author":1,"featured_media":21722,"comment_status":"closed","ping_status":"open","sticky":false,"template":"","format":"standard","meta":{"colormag_page_container_layout":"default_layout","colormag_page_sidebar_layout":"default_layout","_monsterinsights_skip_tracking":false,"_monsterinsights_sitenote_active":false,"_monsterinsights_sitenote_note":"","_monsterinsights_sitenote_category":0,"jetpack_post_was_ever_published":false,"_jetpack_newsletter_access":"","_jetpack_dont_email_post_to_subs":false,"_jetpack_newsletter_tier_id":0,"_jetpack_memberships_contains_paywalled_content":false,"_jetpack_memberships_contains_paid_content":false,"footnotes":"","jetpack_publicize_message":"","jetpack_publicize_feature_enabled":true,"jetpack_social_post_already_shared":true,"jetpack_social_options":{"image_generator_settings":{"template":"highway","default_image_id":0,"font":"","enabled":false},"version":2}},"categories":[93],"tags":[36,74,57,182],"class_list":["post-21721","post","type-post","status-publish","format-standard","has-post-thumbnail","hentry","category-educacao","tag-algarve","tag-educacao","tag-faro","tag-ualg"],"yoast_head":"<!-- This site is optimized with the Yoast SEO plugin v27.5 - https:\/\/yoast.com\/product\/yoast-seo-wordpress\/ -->\n<title>UAlg d\u00e1 as boas-vindas aos novos estudantes no Pavilh\u00e3o Municipal da Penha - Algarve 7<\/title>\n<meta name=\"description\" content=\"UAlg d\u00e1 as boas-vindas aos novos estudantes no Pavilh\u00e3o Municipal da Penha Educa\u00e7\u00e3o\" \/>\n<meta name=\"robots\" content=\"index, follow, max-snippet:-1, max-image-preview:large, max-video-preview:-1\" \/>\n<link rel=\"canonical\" href=\"https:\/\/algarve7.pt\/index.php\/2022\/09\/ualg-da-as-boas-vindas-aos-novos-estudantes-no-pavilhao-municipal-da-penha\/educacao\/10\/30\/\" \/>\n<meta property=\"og:locale\" content=\"pt_PT\" \/>\n<meta property=\"og:type\" content=\"article\" \/>\n<meta property=\"og:title\" content=\"UAlg d\u00e1 as boas-vindas aos novos estudantes no Pavilh\u00e3o Municipal da Penha - Algarve 7\" \/>\n<meta property=\"og:description\" content=\"UAlg d\u00e1 as boas-vindas aos novos estudantes no Pavilh\u00e3o Municipal da Penha Educa\u00e7\u00e3o\" \/>\n<meta property=\"og:url\" content=\"https:\/\/algarve7.pt\/index.php\/2022\/09\/ualg-da-as-boas-vindas-aos-novos-estudantes-no-pavilhao-municipal-da-penha\/educacao\/10\/30\/\" \/>\n<meta property=\"og:site_name\" content=\"Algarve 7\" \/>\n<meta property=\"article:publisher\" content=\"https:\/\/www.facebook.com\/algarve7\" \/>\n<meta property=\"article:author\" content=\"https:\/\/www.facebook.com\/algarve7\" \/>\n<meta property=\"article:published_time\" content=\"2022-09-18T09:30:00+00:00\" \/>\n<meta property=\"og:image\" content=\"https:\/\/algarve7.pt\/wp-content\/uploads\/2022\/09\/primage_63689.jpg\" \/>\n\t<meta property=\"og:image:width\" content=\"1659\" \/>\n\t<meta property=\"og:image:height\" content=\"1080\" \/>\n\t<meta property=\"og:image:type\" content=\"image\/jpeg\" \/>\n<meta name=\"author\" content=\"Algarve 7\" \/>\n<meta name=\"twitter:card\" content=\"summary_large_image\" \/>\n<meta name=\"twitter:creator\" content=\"@Algarvesete\" \/>\n<meta name=\"twitter:site\" content=\"@Algarvesete\" \/>\n<meta name=\"twitter:label1\" content=\"Escrito por\" \/>\n\t<meta name=\"twitter:data1\" content=\"Algarve 7\" \/>\n\t<meta name=\"twitter:label2\" content=\"Tempo estimado de leitura\" \/>\n\t<meta name=\"twitter:data2\" content=\"2 minutos\" \/>\n<script type=\"application\/ld+json\" class=\"yoast-schema-graph\">{\"@context\":\"https:\\\/\\\/schema.org\",\"@graph\":[{\"@type\":\"Article\",\"@id\":\"https:\\\/\\\/algarve7.pt\\\/index.php\\\/2022\\\/09\\\/ualg-da-as-boas-vindas-aos-novos-estudantes-no-pavilhao-municipal-da-penha\\\/educacao\\\/10\\\/30\\\/#article\",\"isPartOf\":{\"@id\":\"https:\\\/\\\/algarve7.pt\\\/index.php\\\/2022\\\/09\\\/ualg-da-as-boas-vindas-aos-novos-estudantes-no-pavilhao-municipal-da-penha\\\/educacao\\\/10\\\/30\\\/\"},\"author\":{\"name\":\"Algarve 7\",\"@id\":\"https:\\\/\\\/algarve7.pt\\\/#\\\/schema\\\/person\\\/23fa70681308e7b319a3204bcea45e0c\"},\"headline\":\"UAlg d\u00e1 as boas-vindas aos novos estudantes no Pavilh\u00e3o Municipal da Penha\",\"datePublished\":\"2022-09-18T09:30:00+00:00\",\"mainEntityOfPage\":{\"@id\":\"https:\\\/\\\/algarve7.pt\\\/index.php\\\/2022\\\/09\\\/ualg-da-as-boas-vindas-aos-novos-estudantes-no-pavilhao-municipal-da-penha\\\/educacao\\\/10\\\/30\\\/\"},\"wordCount\":235,\"publisher\":{\"@id\":\"https:\\\/\\\/algarve7.pt\\\/#organization\"},\"image\":{\"@id\":\"https:\\\/\\\/algarve7.pt\\\/index.php\\\/2022\\\/09\\\/ualg-da-as-boas-vindas-aos-novos-estudantes-no-pavilhao-municipal-da-penha\\\/educacao\\\/10\\\/30\\\/#primaryimage\"},\"thumbnailUrl\":\"https:\\\/\\\/algarve7.pt\\\/wp-content\\\/uploads\\\/2022\\\/09\\\/primage_63689.jpg\",\"keywords\":[\"Algarve\",\"Educa\u00e7\u00e3o\",\"Faro\",\"UALG\"],\"articleSection\":[\"Educa\u00e7\u00e3o\"],\"inLanguage\":\"pt-PT\"},{\"@type\":\"WebPage\",\"@id\":\"https:\\\/\\\/algarve7.pt\\\/index.php\\\/2022\\\/09\\\/ualg-da-as-boas-vindas-aos-novos-estudantes-no-pavilhao-municipal-da-penha\\\/educacao\\\/10\\\/30\\\/\",\"url\":\"https:\\\/\\\/algarve7.pt\\\/index.php\\\/2022\\\/09\\\/ualg-da-as-boas-vindas-aos-novos-estudantes-no-pavilhao-municipal-da-penha\\\/educacao\\\/10\\\/30\\\/\",\"name\":\"UAlg d\u00e1 as boas-vindas aos novos estudantes no Pavilh\u00e3o Municipal da Penha - Algarve 7\",\"isPartOf\":{\"@id\":\"https:\\\/\\\/algarve7.pt\\\/#website\"},\"primaryImageOfPage\":{\"@id\":\"https:\\\/\\\/algarve7.pt\\\/index.php\\\/2022\\\/09\\\/ualg-da-as-boas-vindas-aos-novos-estudantes-no-pavilhao-municipal-da-penha\\\/educacao\\\/10\\\/30\\\/#primaryimage\"},\"image\":{\"@id\":\"https:\\\/\\\/algarve7.pt\\\/index.php\\\/2022\\\/09\\\/ualg-da-as-boas-vindas-aos-novos-estudantes-no-pavilhao-municipal-da-penha\\\/educacao\\\/10\\\/30\\\/#primaryimage\"},\"thumbnailUrl\":\"https:\\\/\\\/algarve7.pt\\\/wp-content\\\/uploads\\\/2022\\\/09\\\/primage_63689.jpg\",\"datePublished\":\"2022-09-18T09:30:00+00:00\",\"description\":\"UAlg d\u00e1 as boas-vindas aos novos estudantes no Pavilh\u00e3o Municipal da Penha Educa\u00e7\u00e3o\",\"breadcrumb\":{\"@id\":\"https:\\\/\\\/algarve7.pt\\\/index.php\\\/2022\\\/09\\\/ualg-da-as-boas-vindas-aos-novos-estudantes-no-pavilhao-municipal-da-penha\\\/educacao\\\/10\\\/30\\\/#breadcrumb\"},\"inLanguage\":\"pt-PT\",\"potentialAction\":[{\"@type\":\"ReadAction\",\"target\":[\"https:\\\/\\\/algarve7.pt\\\/index.php\\\/2022\\\/09\\\/ualg-da-as-boas-vindas-aos-novos-estudantes-no-pavilhao-municipal-da-penha\\\/educacao\\\/10\\\/30\\\/\"]}]},{\"@type\":\"ImageObject\",\"inLanguage\":\"pt-PT\",\"@id\":\"https:\\\/\\\/algarve7.pt\\\/index.php\\\/2022\\\/09\\\/ualg-da-as-boas-vindas-aos-novos-estudantes-no-pavilhao-municipal-da-penha\\\/educacao\\\/10\\\/30\\\/#primaryimage\",\"url\":\"https:\\\/\\\/algarve7.pt\\\/wp-content\\\/uploads\\\/2022\\\/09\\\/primage_63689.jpg\",\"contentUrl\":\"https:\\\/\\\/algarve7.pt\\\/wp-content\\\/uploads\\\/2022\\\/09\\\/primage_63689.jpg\",\"width\":1659,\"height\":1080},{\"@type\":\"BreadcrumbList\",\"@id\":\"https:\\\/\\\/algarve7.pt\\\/index.php\\\/2022\\\/09\\\/ualg-da-as-boas-vindas-aos-novos-estudantes-no-pavilhao-municipal-da-penha\\\/educacao\\\/10\\\/30\\\/#breadcrumb\",\"itemListElement\":[{\"@type\":\"ListItem\",\"position\":1,\"name\":\"In\u00edcio\",\"item\":\"https:\\\/\\\/algarve7.pt\\\/\"},{\"@type\":\"ListItem\",\"position\":2,\"name\":\"UAlg d\u00e1 as boas-vindas aos novos estudantes no Pavilh\u00e3o Municipal da Penha\"}]},{\"@type\":\"WebSite\",\"@id\":\"https:\\\/\\\/algarve7.pt\\\/#website\",\"url\":\"https:\\\/\\\/algarve7.pt\\\/\",\"name\":\"Algarve 7\",\"description\":\"Informa\u00e7\u00e3o sobre o Algarve\",\"publisher\":{\"@id\":\"https:\\\/\\\/algarve7.pt\\\/#organization\"},\"potentialAction\":[{\"@type\":\"SearchAction\",\"target\":{\"@type\":\"EntryPoint\",\"urlTemplate\":\"https:\\\/\\\/algarve7.pt\\\/?s={search_term_string}\"},\"query-input\":{\"@type\":\"PropertyValueSpecification\",\"valueRequired\":true,\"valueName\":\"search_term_string\"}}],\"inLanguage\":\"pt-PT\"},{\"@type\":\"Organization\",\"@id\":\"https:\\\/\\\/algarve7.pt\\\/#organization\",\"name\":\"Algarve 7\",\"url\":\"https:\\\/\\\/algarve7.pt\\\/\",\"logo\":{\"@type\":\"ImageObject\",\"inLanguage\":\"pt-PT\",\"@id\":\"https:\\\/\\\/algarve7.pt\\\/#\\\/schema\\\/logo\\\/image\\\/\",\"url\":\"https:\\\/\\\/algarve7.pt\\\/wp-content\\\/uploads\\\/2020\\\/10\\\/Logo-8.jpg\",\"contentUrl\":\"https:\\\/\\\/algarve7.pt\\\/wp-content\\\/uploads\\\/2020\\\/10\\\/Logo-8.jpg\",\"width\":1680,\"height\":1186,\"caption\":\"Algarve 7\"},\"image\":{\"@id\":\"https:\\\/\\\/algarve7.pt\\\/#\\\/schema\\\/logo\\\/image\\\/\"},\"sameAs\":[\"https:\\\/\\\/www.facebook.com\\\/algarve7\",\"https:\\\/\\\/x.com\\\/Algarvesete\",\"https:\\\/\\\/www.instagram.com\\\/jornalalgarve7\\\/\",\"https:\\\/\\\/www.linkedin.com\\\/company\\\/algarve7\",\"https:\\\/\\\/www.pinterest.pt\\\/geral0939\\\/_created\\\/\"]},{\"@type\":\"Person\",\"@id\":\"https:\\\/\\\/algarve7.pt\\\/#\\\/schema\\\/person\\\/23fa70681308e7b319a3204bcea45e0c\",\"name\":\"Algarve 7\",\"sameAs\":[\"https:\\\/\\\/algarve7.pt\",\"https:\\\/\\\/www.facebook.com\\\/algarve7\"],\"url\":\"https:\\\/\\\/algarve7.pt\\\/index.php\\\/author\\\/geralalgarve7-pt\\\/\"}]}<\/script>\n<!-- \/ Yoast SEO plugin. -->","yoast_head_json":{"title":"UAlg d\u00e1 as boas-vindas aos novos estudantes no Pavilh\u00e3o Municipal da Penha - Algarve 7","description":"UAlg d\u00e1 as boas-vindas aos novos estudantes no Pavilh\u00e3o Municipal da Penha Educa\u00e7\u00e3o","robots":{"index":"index","follow":"follow","max-snippet":"max-snippet:-1","max-image-preview":"max-image-preview:large","max-video-preview":"max-video-preview:-1"},"canonical":"https:\/\/algarve7.pt\/index.php\/2022\/09\/ualg-da-as-boas-vindas-aos-novos-estudantes-no-pavilhao-municipal-da-penha\/educacao\/10\/30\/","og_locale":"pt_PT","og_type":"article","og_title":"UAlg d\u00e1 as boas-vindas aos novos estudantes no Pavilh\u00e3o Municipal da Penha - Algarve 7","og_description":"UAlg d\u00e1 as boas-vindas aos novos estudantes no Pavilh\u00e3o Municipal da Penha Educa\u00e7\u00e3o","og_url":"https:\/\/algarve7.pt\/index.php\/2022\/09\/ualg-da-as-boas-vindas-aos-novos-estudantes-no-pavilhao-municipal-da-penha\/educacao\/10\/30\/","og_site_name":"Algarve 7","article_publisher":"https:\/\/www.facebook.com\/algarve7","article_author":"https:\/\/www.facebook.com\/algarve7","article_published_time":"2022-09-18T09:30:00+00:00","og_image":[{"width":1659,"height":1080,"url":"https:\/\/algarve7.pt\/wp-content\/uploads\/2022\/09\/primage_63689.jpg","type":"image\/jpeg"}],"author":"Algarve 7","twitter_card":"summary_large_image","twitter_creator":"@Algarvesete","twitter_site":"@Algarvesete","twitter_misc":{"Escrito por":"Algarve 7","Tempo estimado de leitura":"2 minutos"},"schema":{"@context":"https:\/\/schema.org","@graph":[{"@type":"Article","@id":"https:\/\/algarve7.pt\/index.php\/2022\/09\/ualg-da-as-boas-vindas-aos-novos-estudantes-no-pavilhao-municipal-da-penha\/educacao\/10\/30\/#article","isPartOf":{"@id":"https:\/\/algarve7.pt\/index.php\/2022\/09\/ualg-da-as-boas-vindas-aos-novos-estudantes-no-pavilhao-municipal-da-penha\/educacao\/10\/30\/"},"author":{"name":"Algarve 7","@id":"https:\/\/algarve7.pt\/#\/schema\/person\/23fa70681308e7b319a3204bcea45e0c"},"headline":"UAlg d\u00e1 as boas-vindas aos novos estudantes no Pavilh\u00e3o Municipal da Penha","datePublished":"2022-09-18T09:30:00+00:00","mainEntityOfPage":{"@id":"https:\/\/algarve7.pt\/index.php\/2022\/09\/ualg-da-as-boas-vindas-aos-novos-estudantes-no-pavilhao-municipal-da-penha\/educacao\/10\/30\/"},"wordCount":235,"publisher":{"@id":"https:\/\/algarve7.pt\/#organization"},"image":{"@id":"https:\/\/algarve7.pt\/index.php\/2022\/09\/ualg-da-as-boas-vindas-aos-novos-estudantes-no-pavilhao-municipal-da-penha\/educacao\/10\/30\/#primaryimage"},"thumbnailUrl":"https:\/\/algarve7.pt\/wp-content\/uploads\/2022\/09\/primage_63689.jpg","keywords":["Algarve","Educa\u00e7\u00e3o","Faro","UALG"],"articleSection":["Educa\u00e7\u00e3o"],"inLanguage":"pt-PT"},{"@type":"WebPage","@id":"https:\/\/algarve7.pt\/index.php\/2022\/09\/ualg-da-as-boas-vindas-aos-novos-estudantes-no-pavilhao-municipal-da-penha\/educacao\/10\/30\/","url":"https:\/\/algarve7.pt\/index.php\/2022\/09\/ualg-da-as-boas-vindas-aos-novos-estudantes-no-pavilhao-municipal-da-penha\/educacao\/10\/30\/","name":"UAlg d\u00e1 as boas-vindas aos novos estudantes no Pavilh\u00e3o Municipal da Penha - Algarve 7","isPartOf":{"@id":"https:\/\/algarve7.pt\/#website"},"primaryImageOfPage":{"@id":"https:\/\/algarve7.pt\/index.php\/2022\/09\/ualg-da-as-boas-vindas-aos-novos-estudantes-no-pavilhao-municipal-da-penha\/educacao\/10\/30\/#primaryimage"},"image":{"@id":"https:\/\/algarve7.pt\/index.php\/2022\/09\/ualg-da-as-boas-vindas-aos-novos-estudantes-no-pavilhao-municipal-da-penha\/educacao\/10\/30\/#primaryimage"},"thumbnailUrl":"https:\/\/algarve7.pt\/wp-content\/uploads\/2022\/09\/primage_63689.jpg","datePublished":"2022-09-18T09:30:00+00:00","description":"UAlg d\u00e1 as boas-vindas aos novos estudantes no Pavilh\u00e3o Municipal da Penha Educa\u00e7\u00e3o","breadcrumb":{"@id":"https:\/\/algarve7.pt\/index.php\/2022\/09\/ualg-da-as-boas-vindas-aos-novos-estudantes-no-pavilhao-municipal-da-penha\/educacao\/10\/30\/#breadcrumb"},"inLanguage":"pt-PT","potentialAction":[{"@type":"ReadAction","target":["https:\/\/algarve7.pt\/index.php\/2022\/09\/ualg-da-as-boas-vindas-aos-novos-estudantes-no-pavilhao-municipal-da-penha\/educacao\/10\/30\/"]}]},{"@type":"ImageObject","inLanguage":"pt-PT","@id":"https:\/\/algarve7.pt\/index.php\/2022\/09\/ualg-da-as-boas-vindas-aos-novos-estudantes-no-pavilhao-municipal-da-penha\/educacao\/10\/30\/#primaryimage","url":"https:\/\/algarve7.pt\/wp-content\/uploads\/2022\/09\/primage_63689.jpg","contentUrl":"https:\/\/algarve7.pt\/wp-content\/uploads\/2022\/09\/primage_63689.jpg","width":1659,"height":1080},{"@type":"BreadcrumbList","@id":"https:\/\/algarve7.pt\/index.php\/2022\/09\/ualg-da-as-boas-vindas-aos-novos-estudantes-no-pavilhao-municipal-da-penha\/educacao\/10\/30\/#breadcrumb","itemListElement":[{"@type":"ListItem","position":1,"name":"In\u00edcio","item":"https:\/\/algarve7.pt\/"},{"@type":"ListItem","position":2,"name":"UAlg d\u00e1 as boas-vindas aos novos estudantes no Pavilh\u00e3o Municipal da Penha"}]},{"@type":"WebSite","@id":"https:\/\/algarve7.pt\/#website","url":"https:\/\/algarve7.pt\/","name":"Algarve 7","description":"Informa\u00e7\u00e3o sobre o Algarve","publisher":{"@id":"https:\/\/algarve7.pt\/#organization"},"potentialAction":[{"@type":"SearchAction","target":{"@type":"EntryPoint","urlTemplate":"https:\/\/algarve7.pt\/?s={search_term_string}"},"query-input":{"@type":"PropertyValueSpecification","valueRequired":true,"valueName":"search_term_string"}}],"inLanguage":"pt-PT"},{"@type":"Organization","@id":"https:\/\/algarve7.pt\/#organization","name":"Algarve 7","url":"https:\/\/algarve7.pt\/","logo":{"@type":"ImageObject","inLanguage":"pt-PT","@id":"https:\/\/algarve7.pt\/#\/schema\/logo\/image\/","url":"https:\/\/algarve7.pt\/wp-content\/uploads\/2020\/10\/Logo-8.jpg","contentUrl":"https:\/\/algarve7.pt\/wp-content\/uploads\/2020\/10\/Logo-8.jpg","width":1680,"height":1186,"caption":"Algarve 7"},"image":{"@id":"https:\/\/algarve7.pt\/#\/schema\/logo\/image\/"},"sameAs":["https:\/\/www.facebook.com\/algarve7","https:\/\/x.com\/Algarvesete","https:\/\/www.instagram.com\/jornalalgarve7\/","https:\/\/www.linkedin.com\/company\/algarve7","https:\/\/www.pinterest.pt\/geral0939\/_created\/"]},{"@type":"Person","@id":"https:\/\/algarve7.pt\/#\/schema\/person\/23fa70681308e7b319a3204bcea45e0c","name":"Algarve 7","sameAs":["https:\/\/algarve7.pt","https:\/\/www.facebook.com\/algarve7"],"url":"https:\/\/algarve7.pt\/index.php\/author\/geralalgarve7-pt\/"}]}},"jetpack_publicize_connections":[],"jetpack_featured_media_url":"https:\/\/algarve7.pt\/wp-content\/uploads\/2022\/09\/primage_63689.jpg","jetpack_shortlink":"https:\/\/wp.me\/pcezmW-5El","jetpack_sharing_enabled":true,"_links":{"self":[{"href":"https:\/\/algarve7.pt\/index.php\/wp-json\/wp\/v2\/posts\/21721","targetHints":{"allow":["GET"]}}],"collection":[{"href":"https:\/\/algarve7.pt\/index.php\/wp-json\/wp\/v2\/posts"}],"about":[{"href":"https:\/\/algarve7.pt\/index.php\/wp-json\/wp\/v2\/types\/post"}],"author":[{"embeddable":true,"href":"https:\/\/algarve7.pt\/index.php\/wp-json\/wp\/v2\/users\/1"}],"replies":[{"embeddable":true,"href":"https:\/\/algarve7.pt\/index.php\/wp-json\/wp\/v2\/comments?post=21721"}],"version-history":[{"count":0,"href":"https:\/\/algarve7.pt\/index.php\/wp-json\/wp\/v2\/posts\/21721\/revisions"}],"wp:featuredmedia":[{"embeddable":true,"href":"https:\/\/algarve7.pt\/index.php\/wp-json\/wp\/v2\/media\/21722"}],"wp:attachment":[{"href":"https:\/\/algarve7.pt\/index.php\/wp-json\/wp\/v2\/media?parent=21721"}],"wp:term":[{"taxonomy":"category","embeddable":true,"href":"https:\/\/algarve7.pt\/index.php\/wp-json\/wp\/v2\/categories?post=21721"},{"taxonomy":"post_tag","embeddable":true,"href":"https:\/\/algarve7.pt\/index.php\/wp-json\/wp\/v2\/tags?post=21721"}],"curies":[{"name":"wp","href":"https:\/\/api.w.org\/{rel}","templated":true}]}}