{"id":21712,"date":"2022-09-17T09:17:00","date_gmt":"2022-09-17T08:17:00","guid":{"rendered":"https:\/\/algarve7.pt\/?p=21712"},"modified":"2022-09-16T23:17:56","modified_gmt":"2022-09-16T22:17:56","slug":"dia-mundial-do-turismo-traz-animacao-e-experiencias-gratuitas-ao-concelho-de-silves","status":"publish","type":"post","link":"https:\/\/algarve7.pt\/index.php\/2022\/09\/dia-mundial-do-turismo-traz-animacao-e-experiencias-gratuitas-ao-concelho-de-silves\/turismo\/09\/17\/","title":{"rendered":"Dia mundial do turismo traz anima\u00e7\u00e3o e experi\u00eancias gratuitas ao concelho de Silves"},"content":{"rendered":"\n<p>A C\u00e2mara Municipal de Silves assinala o Dia Mundial do Turismo, associando-se \u00e0 Organiza\u00e7\u00e3o Mundial do Turismo, que dedica o dia 27 de setembro 2022 \u00e0 reflex\u00e3o sobre o tema \u201cRepensar o Turismo\u201d.<\/p>\n\n\n\n<p>As comemora\u00e7\u00f5es decorrer\u00e3o, com a anima\u00e7\u00e3o musical do Grupo 5 Elementos, entre as 10h00 e as 12h30, pelas ruas hist\u00f3ricas da cidade de Silves, e proporcionar\u00e1 a residentes e visitantes a oportunidade de vivenciar diversas experi\u00eancias disponibilizadas no concelho, em colabora\u00e7\u00e3o com produtores, artes\u00e3os e agentes tur\u00edsticos.<\/p>\n\n\n\n<p>As experi\u00eancias s\u00e3o gratuitas, estando ligadas a diversos produtos identit\u00e1rios de Silves, tais como o vinho, frutos, artesanato, anima\u00e7\u00e3o tur\u00edstica e workshops. Poder\u00e1 consultar o programa completo no final desta p\u00e1gina<\/p>\n\n\n\n<p>A participa\u00e7\u00e3o nestas atividades, est\u00e1 sujeita a inscri\u00e7\u00e3o pr\u00e9via online, em <a href=\"https:\/\/www.cm-silves.pt\/Preview.aspx?pageID=9338&amp;ver=17946\" target=\"_blank\" rel=\"noreferrer noopener\">https:\/\/www.cm-silves.pt\/Preview.aspx?pageID=9338&amp;ver=17946<\/a> , de 16 a 22 de setembro, com lota\u00e7\u00f5es limitadas.<\/p>\n\n\n\n<p>O programa poder\u00e1 ser alvo de altera\u00e7\u00f5es, e algumas experi\u00eancias poder\u00e3o ser canceladas devido \u00e0s condi\u00e7\u00f5es climat\u00e9ricas.<\/p>\n\n\n\n<p>Recordamos que, desde a sua cria\u00e7\u00e3o, o Dia Mundial do Turismo visa consciencializar a comunidade internacional sobre a import\u00e2ncia do turismo e seu valor social, cultural, pol\u00edtico e econ\u00f3mico, sublinhando o vasto potencial do sector do turismo como agente de mudan\u00e7a positiva nos pa\u00edses e comunidades de todo o mundo. Este ano em particular, \u00e0 medida que o setor demonstra estar em recupera\u00e7\u00e3o, a organiza\u00e7\u00e3o mundial do turismo foca a sua aten\u00e7\u00e3o no futuro, com o tema \u2018repensar o turismo\u2019. de acordo com a omt, pretende-se assim \u201ccolocar as pessoas e o planeta em primeiro lugar e reunir todos, desde governos e empresas at\u00e9 comunidades locais, em torno de uma vis\u00e3o partilhada para um setor mais sustent\u00e1vel, inclusivo e resiliente\u201d.<\/p>\n\n\n\n<p>O telefone 282 440\u00a0800 (ext.2723) ou email <a href=\"mailto:turismo@cm-silves.pt\" target=\"_blank\" rel=\"noreferrer noopener\">turismo@cm-silves.pt<\/a> s\u00e3o os contactos do Setor de Turismo da CMS, dispon\u00edveis para o esclarecimento de informa\u00e7\u00f5es adicionais.<\/p>\n","protected":false},"excerpt":{"rendered":"<p>A C\u00e2mara Municipal de Silves assinala o Dia Mundial do Turismo, associando-se \u00e0 Organiza\u00e7\u00e3o Mundial do Turismo, que dedica o<\/p>\n","protected":false},"author":1,"featured_media":21713,"comment_status":"closed","ping_status":"open","sticky":false,"template":"","format":"standard","meta":{"colormag_page_container_layout":"default_layout","colormag_page_sidebar_layout":"default_layout","_monsterinsights_skip_tracking":false,"_monsterinsights_sitenote_active":false,"_monsterinsights_sitenote_note":"","_monsterinsights_sitenote_category":0,"jetpack_post_was_ever_published":false,"_jetpack_newsletter_access":"","_jetpack_dont_email_post_to_subs":false,"_jetpack_newsletter_tier_id":0,"_jetpack_memberships_contains_paywalled_content":false,"_jetpack_memberships_contains_paid_content":false,"footnotes":"","jetpack_publicize_message":"","jetpack_publicize_feature_enabled":true,"jetpack_social_post_already_shared":true,"jetpack_social_options":{"image_generator_settings":{"template":"highway","default_image_id":0,"font":"","enabled":false},"version":2}},"categories":[17],"tags":[36,42,45],"class_list":["post-21712","post","type-post","status-publish","format-standard","has-post-thumbnail","hentry","category-turismo","tag-algarve","tag-silves","tag-turismo"],"yoast_head":"<!-- This site is optimized with the Yoast SEO plugin v27.5 - https:\/\/yoast.com\/product\/yoast-seo-wordpress\/ -->\n<title>Dia mundial do turismo traz anima\u00e7\u00e3o e experi\u00eancias gratuitas ao concelho de Silves - Algarve 7<\/title>\n<meta name=\"description\" content=\"Dia mundial do turismo traz anima\u00e7\u00e3o e experi\u00eancias gratuitas ao concelho de Silves Turismo\" \/>\n<meta name=\"robots\" content=\"index, follow, max-snippet:-1, max-image-preview:large, max-video-preview:-1\" \/>\n<link rel=\"canonical\" href=\"https:\/\/algarve7.pt\/index.php\/2022\/09\/dia-mundial-do-turismo-traz-animacao-e-experiencias-gratuitas-ao-concelho-de-silves\/turismo\/09\/17\/\" \/>\n<meta property=\"og:locale\" content=\"pt_PT\" \/>\n<meta property=\"og:type\" content=\"article\" \/>\n<meta property=\"og:title\" content=\"Dia mundial do turismo traz anima\u00e7\u00e3o e experi\u00eancias gratuitas ao concelho de Silves - Algarve 7\" \/>\n<meta property=\"og:description\" content=\"Dia mundial do turismo traz anima\u00e7\u00e3o e experi\u00eancias gratuitas ao concelho de Silves Turismo\" \/>\n<meta property=\"og:url\" content=\"https:\/\/algarve7.pt\/index.php\/2022\/09\/dia-mundial-do-turismo-traz-animacao-e-experiencias-gratuitas-ao-concelho-de-silves\/turismo\/09\/17\/\" \/>\n<meta property=\"og:site_name\" content=\"Algarve 7\" \/>\n<meta property=\"article:publisher\" content=\"https:\/\/www.facebook.com\/algarve7\" \/>\n<meta property=\"article:author\" content=\"https:\/\/www.facebook.com\/algarve7\" \/>\n<meta property=\"article:published_time\" content=\"2022-09-17T08:17:00+00:00\" \/>\n<meta property=\"og:image\" content=\"https:\/\/algarve7.pt\/wp-content\/uploads\/2022\/09\/NOTICIA_Dia-Mundial-do-Turismo-2022.jpg\" \/>\n\t<meta property=\"og:image:width\" content=\"1280\" \/>\n\t<meta property=\"og:image:height\" content=\"620\" \/>\n\t<meta property=\"og:image:type\" content=\"image\/jpeg\" \/>\n<meta name=\"author\" content=\"Algarve 7\" \/>\n<meta name=\"twitter:card\" content=\"summary_large_image\" \/>\n<meta name=\"twitter:creator\" content=\"@Algarvesete\" \/>\n<meta name=\"twitter:site\" content=\"@Algarvesete\" \/>\n<meta name=\"twitter:label1\" content=\"Escrito por\" \/>\n\t<meta name=\"twitter:data1\" content=\"Algarve 7\" \/>\n\t<meta name=\"twitter:label2\" content=\"Tempo estimado de leitura\" \/>\n\t<meta name=\"twitter:data2\" content=\"2 minutos\" \/>\n<script type=\"application\/ld+json\" class=\"yoast-schema-graph\">{\"@context\":\"https:\\\/\\\/schema.org\",\"@graph\":[{\"@type\":\"Article\",\"@id\":\"https:\\\/\\\/algarve7.pt\\\/index.php\\\/2022\\\/09\\\/dia-mundial-do-turismo-traz-animacao-e-experiencias-gratuitas-ao-concelho-de-silves\\\/turismo\\\/09\\\/17\\\/#article\",\"isPartOf\":{\"@id\":\"https:\\\/\\\/algarve7.pt\\\/index.php\\\/2022\\\/09\\\/dia-mundial-do-turismo-traz-animacao-e-experiencias-gratuitas-ao-concelho-de-silves\\\/turismo\\\/09\\\/17\\\/\"},\"author\":{\"name\":\"Algarve 7\",\"@id\":\"https:\\\/\\\/algarve7.pt\\\/#\\\/schema\\\/person\\\/23fa70681308e7b319a3204bcea45e0c\"},\"headline\":\"Dia mundial do turismo traz anima\u00e7\u00e3o e experi\u00eancias gratuitas ao concelho de Silves\",\"datePublished\":\"2022-09-17T08:17:00+00:00\",\"mainEntityOfPage\":{\"@id\":\"https:\\\/\\\/algarve7.pt\\\/index.php\\\/2022\\\/09\\\/dia-mundial-do-turismo-traz-animacao-e-experiencias-gratuitas-ao-concelho-de-silves\\\/turismo\\\/09\\\/17\\\/\"},\"wordCount\":348,\"publisher\":{\"@id\":\"https:\\\/\\\/algarve7.pt\\\/#organization\"},\"image\":{\"@id\":\"https:\\\/\\\/algarve7.pt\\\/index.php\\\/2022\\\/09\\\/dia-mundial-do-turismo-traz-animacao-e-experiencias-gratuitas-ao-concelho-de-silves\\\/turismo\\\/09\\\/17\\\/#primaryimage\"},\"thumbnailUrl\":\"https:\\\/\\\/algarve7.pt\\\/wp-content\\\/uploads\\\/2022\\\/09\\\/NOTICIA_Dia-Mundial-do-Turismo-2022.jpg\",\"keywords\":[\"Algarve\",\"Silves\",\"Turismo\"],\"articleSection\":[\"Turismo\"],\"inLanguage\":\"pt-PT\"},{\"@type\":\"WebPage\",\"@id\":\"https:\\\/\\\/algarve7.pt\\\/index.php\\\/2022\\\/09\\\/dia-mundial-do-turismo-traz-animacao-e-experiencias-gratuitas-ao-concelho-de-silves\\\/turismo\\\/09\\\/17\\\/\",\"url\":\"https:\\\/\\\/algarve7.pt\\\/index.php\\\/2022\\\/09\\\/dia-mundial-do-turismo-traz-animacao-e-experiencias-gratuitas-ao-concelho-de-silves\\\/turismo\\\/09\\\/17\\\/\",\"name\":\"Dia mundial do turismo traz anima\u00e7\u00e3o e experi\u00eancias gratuitas ao concelho de Silves - Algarve 7\",\"isPartOf\":{\"@id\":\"https:\\\/\\\/algarve7.pt\\\/#website\"},\"primaryImageOfPage\":{\"@id\":\"https:\\\/\\\/algarve7.pt\\\/index.php\\\/2022\\\/09\\\/dia-mundial-do-turismo-traz-animacao-e-experiencias-gratuitas-ao-concelho-de-silves\\\/turismo\\\/09\\\/17\\\/#primaryimage\"},\"image\":{\"@id\":\"https:\\\/\\\/algarve7.pt\\\/index.php\\\/2022\\\/09\\\/dia-mundial-do-turismo-traz-animacao-e-experiencias-gratuitas-ao-concelho-de-silves\\\/turismo\\\/09\\\/17\\\/#primaryimage\"},\"thumbnailUrl\":\"https:\\\/\\\/algarve7.pt\\\/wp-content\\\/uploads\\\/2022\\\/09\\\/NOTICIA_Dia-Mundial-do-Turismo-2022.jpg\",\"datePublished\":\"2022-09-17T08:17:00+00:00\",\"description\":\"Dia mundial do turismo traz anima\u00e7\u00e3o e experi\u00eancias gratuitas ao concelho de Silves Turismo\",\"breadcrumb\":{\"@id\":\"https:\\\/\\\/algarve7.pt\\\/index.php\\\/2022\\\/09\\\/dia-mundial-do-turismo-traz-animacao-e-experiencias-gratuitas-ao-concelho-de-silves\\\/turismo\\\/09\\\/17\\\/#breadcrumb\"},\"inLanguage\":\"pt-PT\",\"potentialAction\":[{\"@type\":\"ReadAction\",\"target\":[\"https:\\\/\\\/algarve7.pt\\\/index.php\\\/2022\\\/09\\\/dia-mundial-do-turismo-traz-animacao-e-experiencias-gratuitas-ao-concelho-de-silves\\\/turismo\\\/09\\\/17\\\/\"]}]},{\"@type\":\"ImageObject\",\"inLanguage\":\"pt-PT\",\"@id\":\"https:\\\/\\\/algarve7.pt\\\/index.php\\\/2022\\\/09\\\/dia-mundial-do-turismo-traz-animacao-e-experiencias-gratuitas-ao-concelho-de-silves\\\/turismo\\\/09\\\/17\\\/#primaryimage\",\"url\":\"https:\\\/\\\/algarve7.pt\\\/wp-content\\\/uploads\\\/2022\\\/09\\\/NOTICIA_Dia-Mundial-do-Turismo-2022.jpg\",\"contentUrl\":\"https:\\\/\\\/algarve7.pt\\\/wp-content\\\/uploads\\\/2022\\\/09\\\/NOTICIA_Dia-Mundial-do-Turismo-2022.jpg\",\"width\":1280,\"height\":620},{\"@type\":\"BreadcrumbList\",\"@id\":\"https:\\\/\\\/algarve7.pt\\\/index.php\\\/2022\\\/09\\\/dia-mundial-do-turismo-traz-animacao-e-experiencias-gratuitas-ao-concelho-de-silves\\\/turismo\\\/09\\\/17\\\/#breadcrumb\",\"itemListElement\":[{\"@type\":\"ListItem\",\"position\":1,\"name\":\"In\u00edcio\",\"item\":\"https:\\\/\\\/algarve7.pt\\\/\"},{\"@type\":\"ListItem\",\"position\":2,\"name\":\"Dia mundial do turismo traz anima\u00e7\u00e3o e experi\u00eancias gratuitas ao concelho de Silves\"}]},{\"@type\":\"WebSite\",\"@id\":\"https:\\\/\\\/algarve7.pt\\\/#website\",\"url\":\"https:\\\/\\\/algarve7.pt\\\/\",\"name\":\"Algarve 7\",\"description\":\"Informa\u00e7\u00e3o sobre o Algarve\",\"publisher\":{\"@id\":\"https:\\\/\\\/algarve7.pt\\\/#organization\"},\"potentialAction\":[{\"@type\":\"SearchAction\",\"target\":{\"@type\":\"EntryPoint\",\"urlTemplate\":\"https:\\\/\\\/algarve7.pt\\\/?s={search_term_string}\"},\"query-input\":{\"@type\":\"PropertyValueSpecification\",\"valueRequired\":true,\"valueName\":\"search_term_string\"}}],\"inLanguage\":\"pt-PT\"},{\"@type\":\"Organization\",\"@id\":\"https:\\\/\\\/algarve7.pt\\\/#organization\",\"name\":\"Algarve 7\",\"url\":\"https:\\\/\\\/algarve7.pt\\\/\",\"logo\":{\"@type\":\"ImageObject\",\"inLanguage\":\"pt-PT\",\"@id\":\"https:\\\/\\\/algarve7.pt\\\/#\\\/schema\\\/logo\\\/image\\\/\",\"url\":\"https:\\\/\\\/algarve7.pt\\\/wp-content\\\/uploads\\\/2020\\\/10\\\/Logo-8.jpg\",\"contentUrl\":\"https:\\\/\\\/algarve7.pt\\\/wp-content\\\/uploads\\\/2020\\\/10\\\/Logo-8.jpg\",\"width\":1680,\"height\":1186,\"caption\":\"Algarve 7\"},\"image\":{\"@id\":\"https:\\\/\\\/algarve7.pt\\\/#\\\/schema\\\/logo\\\/image\\\/\"},\"sameAs\":[\"https:\\\/\\\/www.facebook.com\\\/algarve7\",\"https:\\\/\\\/x.com\\\/Algarvesete\",\"https:\\\/\\\/www.instagram.com\\\/jornalalgarve7\\\/\",\"https:\\\/\\\/www.linkedin.com\\\/company\\\/algarve7\",\"https:\\\/\\\/www.pinterest.pt\\\/geral0939\\\/_created\\\/\"]},{\"@type\":\"Person\",\"@id\":\"https:\\\/\\\/algarve7.pt\\\/#\\\/schema\\\/person\\\/23fa70681308e7b319a3204bcea45e0c\",\"name\":\"Algarve 7\",\"sameAs\":[\"https:\\\/\\\/algarve7.pt\",\"https:\\\/\\\/www.facebook.com\\\/algarve7\"],\"url\":\"https:\\\/\\\/algarve7.pt\\\/index.php\\\/author\\\/geralalgarve7-pt\\\/\"}]}<\/script>\n<!-- \/ Yoast SEO plugin. -->","yoast_head_json":{"title":"Dia mundial do turismo traz anima\u00e7\u00e3o e experi\u00eancias gratuitas ao concelho de Silves - Algarve 7","description":"Dia mundial do turismo traz anima\u00e7\u00e3o e experi\u00eancias gratuitas ao concelho de Silves Turismo","robots":{"index":"index","follow":"follow","max-snippet":"max-snippet:-1","max-image-preview":"max-image-preview:large","max-video-preview":"max-video-preview:-1"},"canonical":"https:\/\/algarve7.pt\/index.php\/2022\/09\/dia-mundial-do-turismo-traz-animacao-e-experiencias-gratuitas-ao-concelho-de-silves\/turismo\/09\/17\/","og_locale":"pt_PT","og_type":"article","og_title":"Dia mundial do turismo traz anima\u00e7\u00e3o e experi\u00eancias gratuitas ao concelho de Silves - Algarve 7","og_description":"Dia mundial do turismo traz anima\u00e7\u00e3o e experi\u00eancias gratuitas ao concelho de Silves Turismo","og_url":"https:\/\/algarve7.pt\/index.php\/2022\/09\/dia-mundial-do-turismo-traz-animacao-e-experiencias-gratuitas-ao-concelho-de-silves\/turismo\/09\/17\/","og_site_name":"Algarve 7","article_publisher":"https:\/\/www.facebook.com\/algarve7","article_author":"https:\/\/www.facebook.com\/algarve7","article_published_time":"2022-09-17T08:17:00+00:00","og_image":[{"width":1280,"height":620,"url":"https:\/\/algarve7.pt\/wp-content\/uploads\/2022\/09\/NOTICIA_Dia-Mundial-do-Turismo-2022.jpg","type":"image\/jpeg"}],"author":"Algarve 7","twitter_card":"summary_large_image","twitter_creator":"@Algarvesete","twitter_site":"@Algarvesete","twitter_misc":{"Escrito por":"Algarve 7","Tempo estimado de leitura":"2 minutos"},"schema":{"@context":"https:\/\/schema.org","@graph":[{"@type":"Article","@id":"https:\/\/algarve7.pt\/index.php\/2022\/09\/dia-mundial-do-turismo-traz-animacao-e-experiencias-gratuitas-ao-concelho-de-silves\/turismo\/09\/17\/#article","isPartOf":{"@id":"https:\/\/algarve7.pt\/index.php\/2022\/09\/dia-mundial-do-turismo-traz-animacao-e-experiencias-gratuitas-ao-concelho-de-silves\/turismo\/09\/17\/"},"author":{"name":"Algarve 7","@id":"https:\/\/algarve7.pt\/#\/schema\/person\/23fa70681308e7b319a3204bcea45e0c"},"headline":"Dia mundial do turismo traz anima\u00e7\u00e3o e experi\u00eancias gratuitas ao concelho de Silves","datePublished":"2022-09-17T08:17:00+00:00","mainEntityOfPage":{"@id":"https:\/\/algarve7.pt\/index.php\/2022\/09\/dia-mundial-do-turismo-traz-animacao-e-experiencias-gratuitas-ao-concelho-de-silves\/turismo\/09\/17\/"},"wordCount":348,"publisher":{"@id":"https:\/\/algarve7.pt\/#organization"},"image":{"@id":"https:\/\/algarve7.pt\/index.php\/2022\/09\/dia-mundial-do-turismo-traz-animacao-e-experiencias-gratuitas-ao-concelho-de-silves\/turismo\/09\/17\/#primaryimage"},"thumbnailUrl":"https:\/\/algarve7.pt\/wp-content\/uploads\/2022\/09\/NOTICIA_Dia-Mundial-do-Turismo-2022.jpg","keywords":["Algarve","Silves","Turismo"],"articleSection":["Turismo"],"inLanguage":"pt-PT"},{"@type":"WebPage","@id":"https:\/\/algarve7.pt\/index.php\/2022\/09\/dia-mundial-do-turismo-traz-animacao-e-experiencias-gratuitas-ao-concelho-de-silves\/turismo\/09\/17\/","url":"https:\/\/algarve7.pt\/index.php\/2022\/09\/dia-mundial-do-turismo-traz-animacao-e-experiencias-gratuitas-ao-concelho-de-silves\/turismo\/09\/17\/","name":"Dia mundial do turismo traz anima\u00e7\u00e3o e experi\u00eancias gratuitas ao concelho de Silves - Algarve 7","isPartOf":{"@id":"https:\/\/algarve7.pt\/#website"},"primaryImageOfPage":{"@id":"https:\/\/algarve7.pt\/index.php\/2022\/09\/dia-mundial-do-turismo-traz-animacao-e-experiencias-gratuitas-ao-concelho-de-silves\/turismo\/09\/17\/#primaryimage"},"image":{"@id":"https:\/\/algarve7.pt\/index.php\/2022\/09\/dia-mundial-do-turismo-traz-animacao-e-experiencias-gratuitas-ao-concelho-de-silves\/turismo\/09\/17\/#primaryimage"},"thumbnailUrl":"https:\/\/algarve7.pt\/wp-content\/uploads\/2022\/09\/NOTICIA_Dia-Mundial-do-Turismo-2022.jpg","datePublished":"2022-09-17T08:17:00+00:00","description":"Dia mundial do turismo traz anima\u00e7\u00e3o e experi\u00eancias gratuitas ao concelho de Silves Turismo","breadcrumb":{"@id":"https:\/\/algarve7.pt\/index.php\/2022\/09\/dia-mundial-do-turismo-traz-animacao-e-experiencias-gratuitas-ao-concelho-de-silves\/turismo\/09\/17\/#breadcrumb"},"inLanguage":"pt-PT","potentialAction":[{"@type":"ReadAction","target":["https:\/\/algarve7.pt\/index.php\/2022\/09\/dia-mundial-do-turismo-traz-animacao-e-experiencias-gratuitas-ao-concelho-de-silves\/turismo\/09\/17\/"]}]},{"@type":"ImageObject","inLanguage":"pt-PT","@id":"https:\/\/algarve7.pt\/index.php\/2022\/09\/dia-mundial-do-turismo-traz-animacao-e-experiencias-gratuitas-ao-concelho-de-silves\/turismo\/09\/17\/#primaryimage","url":"https:\/\/algarve7.pt\/wp-content\/uploads\/2022\/09\/NOTICIA_Dia-Mundial-do-Turismo-2022.jpg","contentUrl":"https:\/\/algarve7.pt\/wp-content\/uploads\/2022\/09\/NOTICIA_Dia-Mundial-do-Turismo-2022.jpg","width":1280,"height":620},{"@type":"BreadcrumbList","@id":"https:\/\/algarve7.pt\/index.php\/2022\/09\/dia-mundial-do-turismo-traz-animacao-e-experiencias-gratuitas-ao-concelho-de-silves\/turismo\/09\/17\/#breadcrumb","itemListElement":[{"@type":"ListItem","position":1,"name":"In\u00edcio","item":"https:\/\/algarve7.pt\/"},{"@type":"ListItem","position":2,"name":"Dia mundial do turismo traz anima\u00e7\u00e3o e experi\u00eancias gratuitas ao concelho de Silves"}]},{"@type":"WebSite","@id":"https:\/\/algarve7.pt\/#website","url":"https:\/\/algarve7.pt\/","name":"Algarve 7","description":"Informa\u00e7\u00e3o sobre o Algarve","publisher":{"@id":"https:\/\/algarve7.pt\/#organization"},"potentialAction":[{"@type":"SearchAction","target":{"@type":"EntryPoint","urlTemplate":"https:\/\/algarve7.pt\/?s={search_term_string}"},"query-input":{"@type":"PropertyValueSpecification","valueRequired":true,"valueName":"search_term_string"}}],"inLanguage":"pt-PT"},{"@type":"Organization","@id":"https:\/\/algarve7.pt\/#organization","name":"Algarve 7","url":"https:\/\/algarve7.pt\/","logo":{"@type":"ImageObject","inLanguage":"pt-PT","@id":"https:\/\/algarve7.pt\/#\/schema\/logo\/image\/","url":"https:\/\/algarve7.pt\/wp-content\/uploads\/2020\/10\/Logo-8.jpg","contentUrl":"https:\/\/algarve7.pt\/wp-content\/uploads\/2020\/10\/Logo-8.jpg","width":1680,"height":1186,"caption":"Algarve 7"},"image":{"@id":"https:\/\/algarve7.pt\/#\/schema\/logo\/image\/"},"sameAs":["https:\/\/www.facebook.com\/algarve7","https:\/\/x.com\/Algarvesete","https:\/\/www.instagram.com\/jornalalgarve7\/","https:\/\/www.linkedin.com\/company\/algarve7","https:\/\/www.pinterest.pt\/geral0939\/_created\/"]},{"@type":"Person","@id":"https:\/\/algarve7.pt\/#\/schema\/person\/23fa70681308e7b319a3204bcea45e0c","name":"Algarve 7","sameAs":["https:\/\/algarve7.pt","https:\/\/www.facebook.com\/algarve7"],"url":"https:\/\/algarve7.pt\/index.php\/author\/geralalgarve7-pt\/"}]}},"jetpack_publicize_connections":[],"jetpack_featured_media_url":"https:\/\/algarve7.pt\/wp-content\/uploads\/2022\/09\/NOTICIA_Dia-Mundial-do-Turismo-2022.jpg","jetpack_shortlink":"https:\/\/wp.me\/pcezmW-5Ec","jetpack_sharing_enabled":true,"_links":{"self":[{"href":"https:\/\/algarve7.pt\/index.php\/wp-json\/wp\/v2\/posts\/21712","targetHints":{"allow":["GET"]}}],"collection":[{"href":"https:\/\/algarve7.pt\/index.php\/wp-json\/wp\/v2\/posts"}],"about":[{"href":"https:\/\/algarve7.pt\/index.php\/wp-json\/wp\/v2\/types\/post"}],"author":[{"embeddable":true,"href":"https:\/\/algarve7.pt\/index.php\/wp-json\/wp\/v2\/users\/1"}],"replies":[{"embeddable":true,"href":"https:\/\/algarve7.pt\/index.php\/wp-json\/wp\/v2\/comments?post=21712"}],"version-history":[{"count":0,"href":"https:\/\/algarve7.pt\/index.php\/wp-json\/wp\/v2\/posts\/21712\/revisions"}],"wp:featuredmedia":[{"embeddable":true,"href":"https:\/\/algarve7.pt\/index.php\/wp-json\/wp\/v2\/media\/21713"}],"wp:attachment":[{"href":"https:\/\/algarve7.pt\/index.php\/wp-json\/wp\/v2\/media?parent=21712"}],"wp:term":[{"taxonomy":"category","embeddable":true,"href":"https:\/\/algarve7.pt\/index.php\/wp-json\/wp\/v2\/categories?post=21712"},{"taxonomy":"post_tag","embeddable":true,"href":"https:\/\/algarve7.pt\/index.php\/wp-json\/wp\/v2\/tags?post=21712"}],"curies":[{"name":"wp","href":"https:\/\/api.w.org\/{rel}","templated":true}]}}