{"id":21706,"date":"2022-09-16T15:19:31","date_gmt":"2022-09-16T14:19:31","guid":{"rendered":"https:\/\/algarve7.pt\/?p=21706"},"modified":"2022-09-16T15:19:33","modified_gmt":"2022-09-16T14:19:33","slug":"festa-de-abertura-da-12-a-rota-do-petisco-decorreu-em-lagos","status":"publish","type":"post","link":"https:\/\/algarve7.pt\/index.php\/2022\/09\/festa-de-abertura-da-12-a-rota-do-petisco-decorreu-em-lagos\/atualidade\/15\/19\/","title":{"rendered":"Festa de abertura da 12.\u00aa Rota do Petisco decorreu em Lagos"},"content":{"rendered":"\n<p>O Forte Ponta da Bandeira foi o local escolhido para a cerim\u00f3nia oficial de abertura da nova edi\u00e7\u00e3o desta que \u00e9 a maior odisseia gastron\u00f3mica do Algarve. Entre entidades e parceiros convidados, foram apresentados algumas das dezenas de petiscos e doces dispon\u00edveis nos 220 estabelecimentos aderentes deste ano, numa iniciativa que decorre at\u00e9 16 de outubro em 11 munic\u00edpios algarvios.<\/p>\n\n\n\n<p>Para al\u00e9m da anima\u00e7\u00e3o musical, os presentes tiveram oportunidade de degustar alguns bons exemplos de petiscos e doces de estabelecimentos aderentes, assim como alguns dos melhores vinhos de produtores algarvios. Este momento de degusta\u00e7\u00e3o foi antecedido pelos discursos de Lu\u00eds Gon\u00e7alves, presidente da associa\u00e7\u00e3o Teia d\u2019Impulsos (entidade organizadora), Rui Parreira, diretor de servi\u00e7os dos&nbsp;<em>bens culturais da Dire\u00e7\u00e3o Regional de Cultura do Algarve, Sara Silva, <\/em>presidente da dire\u00e7\u00e3o da Comiss\u00e3o Vitivin\u00edcola do Algarve, Pedro Pescadinha, gestor de vendas no Grupo Entreposto\/JAP (patrocinador do evento) e Hugo Pereira, presidente da C\u00e2mara Municipal de Lagos, tendo sido un\u00e2nimes no enaltecimento e agradecimento por esta iniciativa que tanto valoriza a gastronomia algarvia.<\/p>\n\n\n\n<p>Pela beleza da sua ba\u00eda, t\u00e3o ligada aos sabores do mar fortemente presentes nos petiscos que fazem parte desta 12.\u00aa edi\u00e7\u00e3o, Lagos foi o local escolhido pela Teia d\u2019Impulsos para dar in\u00edcio a esta nova aventura pelos sabores algarvios, mais especificamente no ic\u00f3nico Forte Ponta da Bandeira. Ali\u00e1s, foi isso mesmo que referiu Hugo Pereira, presidente da autarquia lacobrigense, recordando a import\u00e2ncia do mar na gastronomia algarvia. Esta iniciativa mereceu ainda as suas palavras de elogio pela \u201cdinamiza\u00e7\u00e3o do Algarve fora da \u00e9poca alta e o lado solid\u00e1rio garantido pela sua componente de apoio social\u201d. O munic\u00edpio de Lagos est\u00e1 presente na Rota do Petisco desde 2016 e \u201cdesde a\u00ed nunca parou, tendo crescido na quantidade de estabelecimentos aderentes, mas tamb\u00e9m nas iniciativas culturais que acompanham a iniciativa\u201d. Prova disso \u00e9 o espet\u00e1culo da banda Orf\u00e9lia na Pra\u00e7a Gil Eanes no dia 1 de outubro (Dia Mundial da M\u00fasica), surgindo para enriquecer a experi\u00eancia dos petiscadores que passarem por Lagos.<\/p>\n\n\n\n<p>A 12.\u00aa Rota do Petisco decorre at\u00e9 16 de outubro em 11 munic\u00edpios do Algarve, sendo que Lagos tem \u00e0 disposi\u00e7\u00e3o 29 petiscos (3,5 \u20ac) ou doces (2,5 \u20ac). Os passaportes est\u00e3o \u00e0 venda nos estabelecimentos aderentes, C\u00e2mara Municipal e Centro Cultural (1,5 \u20ac revertidos na totalidade para projetos sociais dedicados \u00e0 juventude).<\/p>\n\n\n\n<p>Visite o <a href=\"https:\/\/www.rotadopetisco.com\/\" target=\"_blank\" rel=\"noreferrer noopener\">site oficial<\/a> da Rota do Petisco e fique a conhecer os petiscos e doces deste ano.<\/p>\n","protected":false},"excerpt":{"rendered":"<p>O Forte Ponta da Bandeira foi o local escolhido para a cerim\u00f3nia oficial de abertura da nova edi\u00e7\u00e3o desta que<\/p>\n","protected":false},"author":1,"featured_media":21707,"comment_status":"closed","ping_status":"open","sticky":false,"template":"","format":"standard","meta":{"colormag_page_container_layout":"default_layout","colormag_page_sidebar_layout":"default_layout","_monsterinsights_skip_tracking":false,"_monsterinsights_sitenote_active":false,"_monsterinsights_sitenote_note":"","_monsterinsights_sitenote_category":0,"jetpack_post_was_ever_published":false,"_jetpack_newsletter_access":"","_jetpack_dont_email_post_to_subs":false,"_jetpack_newsletter_tier_id":0,"_jetpack_memberships_contains_paywalled_content":false,"_jetpack_memberships_contains_paid_content":false,"footnotes":"","jetpack_publicize_message":"","jetpack_publicize_feature_enabled":true,"jetpack_social_post_already_shared":true,"jetpack_social_options":{"image_generator_settings":{"template":"highway","default_image_id":0,"font":"","enabled":false},"version":2}},"categories":[11],"tags":[36,62,68,129],"class_list":["post-21706","post","type-post","status-publish","format-standard","has-post-thumbnail","hentry","category-atualidade","tag-algarve","tag-atualidade","tag-lagos","tag-rota-do-petisco"],"yoast_head":"<!-- This site is optimized with the Yoast SEO plugin v27.5 - https:\/\/yoast.com\/product\/yoast-seo-wordpress\/ -->\n<title>Festa de abertura da 12.\u00aa Rota do Petisco decorreu em Lagos - Algarve 7<\/title>\n<meta name=\"description\" content=\"Festa de abertura da 12.\u00aa Rota do Petisco decorreu em Lagos Atualidade\" \/>\n<meta name=\"robots\" content=\"index, follow, max-snippet:-1, max-image-preview:large, max-video-preview:-1\" \/>\n<link rel=\"canonical\" href=\"https:\/\/algarve7.pt\/index.php\/2022\/09\/festa-de-abertura-da-12-a-rota-do-petisco-decorreu-em-lagos\/atualidade\/15\/19\/\" \/>\n<meta property=\"og:locale\" content=\"pt_PT\" \/>\n<meta property=\"og:type\" content=\"article\" \/>\n<meta property=\"og:title\" content=\"Festa de abertura da 12.\u00aa Rota do Petisco decorreu em Lagos - Algarve 7\" \/>\n<meta property=\"og:description\" content=\"Festa de abertura da 12.\u00aa Rota do Petisco decorreu em Lagos Atualidade\" \/>\n<meta property=\"og:url\" content=\"https:\/\/algarve7.pt\/index.php\/2022\/09\/festa-de-abertura-da-12-a-rota-do-petisco-decorreu-em-lagos\/atualidade\/15\/19\/\" \/>\n<meta property=\"og:site_name\" content=\"Algarve 7\" \/>\n<meta property=\"article:publisher\" content=\"https:\/\/www.facebook.com\/algarve7\" \/>\n<meta property=\"article:author\" content=\"https:\/\/www.facebook.com\/algarve7\" \/>\n<meta property=\"article:published_time\" content=\"2022-09-16T14:19:31+00:00\" \/>\n<meta property=\"article:modified_time\" content=\"2022-09-16T14:19:33+00:00\" \/>\n<meta property=\"og:image\" content=\"https:\/\/algarve7.pt\/wp-content\/uploads\/2022\/09\/rota-do-petisco-3_OCS.jpg\" \/>\n\t<meta property=\"og:image:width\" content=\"1200\" \/>\n\t<meta property=\"og:image:height\" content=\"806\" \/>\n\t<meta property=\"og:image:type\" content=\"image\/jpeg\" \/>\n<meta name=\"author\" content=\"Algarve 7\" \/>\n<meta name=\"twitter:card\" content=\"summary_large_image\" \/>\n<meta name=\"twitter:creator\" content=\"@Algarvesete\" \/>\n<meta name=\"twitter:site\" content=\"@Algarvesete\" \/>\n<meta name=\"twitter:label1\" content=\"Escrito por\" \/>\n\t<meta name=\"twitter:data1\" content=\"Algarve 7\" \/>\n\t<meta name=\"twitter:label2\" content=\"Tempo estimado de leitura\" \/>\n\t<meta name=\"twitter:data2\" content=\"3 minutos\" \/>\n<script type=\"application\/ld+json\" class=\"yoast-schema-graph\">{\"@context\":\"https:\\\/\\\/schema.org\",\"@graph\":[{\"@type\":\"Article\",\"@id\":\"https:\\\/\\\/algarve7.pt\\\/index.php\\\/2022\\\/09\\\/festa-de-abertura-da-12-a-rota-do-petisco-decorreu-em-lagos\\\/atualidade\\\/15\\\/19\\\/#article\",\"isPartOf\":{\"@id\":\"https:\\\/\\\/algarve7.pt\\\/index.php\\\/2022\\\/09\\\/festa-de-abertura-da-12-a-rota-do-petisco-decorreu-em-lagos\\\/atualidade\\\/15\\\/19\\\/\"},\"author\":{\"name\":\"Algarve 7\",\"@id\":\"https:\\\/\\\/algarve7.pt\\\/#\\\/schema\\\/person\\\/23fa70681308e7b319a3204bcea45e0c\"},\"headline\":\"Festa de abertura da 12.\u00aa Rota do Petisco decorreu em Lagos\",\"datePublished\":\"2022-09-16T14:19:31+00:00\",\"dateModified\":\"2022-09-16T14:19:33+00:00\",\"mainEntityOfPage\":{\"@id\":\"https:\\\/\\\/algarve7.pt\\\/index.php\\\/2022\\\/09\\\/festa-de-abertura-da-12-a-rota-do-petisco-decorreu-em-lagos\\\/atualidade\\\/15\\\/19\\\/\"},\"wordCount\":431,\"publisher\":{\"@id\":\"https:\\\/\\\/algarve7.pt\\\/#organization\"},\"image\":{\"@id\":\"https:\\\/\\\/algarve7.pt\\\/index.php\\\/2022\\\/09\\\/festa-de-abertura-da-12-a-rota-do-petisco-decorreu-em-lagos\\\/atualidade\\\/15\\\/19\\\/#primaryimage\"},\"thumbnailUrl\":\"https:\\\/\\\/algarve7.pt\\\/wp-content\\\/uploads\\\/2022\\\/09\\\/rota-do-petisco-3_OCS.jpg\",\"keywords\":[\"Algarve\",\"Atualidade\",\"Lagos\",\"Rota do Petisco\"],\"articleSection\":[\"Atualidade\"],\"inLanguage\":\"pt-PT\"},{\"@type\":\"WebPage\",\"@id\":\"https:\\\/\\\/algarve7.pt\\\/index.php\\\/2022\\\/09\\\/festa-de-abertura-da-12-a-rota-do-petisco-decorreu-em-lagos\\\/atualidade\\\/15\\\/19\\\/\",\"url\":\"https:\\\/\\\/algarve7.pt\\\/index.php\\\/2022\\\/09\\\/festa-de-abertura-da-12-a-rota-do-petisco-decorreu-em-lagos\\\/atualidade\\\/15\\\/19\\\/\",\"name\":\"Festa de abertura da 12.\u00aa Rota do Petisco decorreu em Lagos - Algarve 7\",\"isPartOf\":{\"@id\":\"https:\\\/\\\/algarve7.pt\\\/#website\"},\"primaryImageOfPage\":{\"@id\":\"https:\\\/\\\/algarve7.pt\\\/index.php\\\/2022\\\/09\\\/festa-de-abertura-da-12-a-rota-do-petisco-decorreu-em-lagos\\\/atualidade\\\/15\\\/19\\\/#primaryimage\"},\"image\":{\"@id\":\"https:\\\/\\\/algarve7.pt\\\/index.php\\\/2022\\\/09\\\/festa-de-abertura-da-12-a-rota-do-petisco-decorreu-em-lagos\\\/atualidade\\\/15\\\/19\\\/#primaryimage\"},\"thumbnailUrl\":\"https:\\\/\\\/algarve7.pt\\\/wp-content\\\/uploads\\\/2022\\\/09\\\/rota-do-petisco-3_OCS.jpg\",\"datePublished\":\"2022-09-16T14:19:31+00:00\",\"dateModified\":\"2022-09-16T14:19:33+00:00\",\"description\":\"Festa de abertura da 12.\u00aa Rota do Petisco decorreu em Lagos Atualidade\",\"breadcrumb\":{\"@id\":\"https:\\\/\\\/algarve7.pt\\\/index.php\\\/2022\\\/09\\\/festa-de-abertura-da-12-a-rota-do-petisco-decorreu-em-lagos\\\/atualidade\\\/15\\\/19\\\/#breadcrumb\"},\"inLanguage\":\"pt-PT\",\"potentialAction\":[{\"@type\":\"ReadAction\",\"target\":[\"https:\\\/\\\/algarve7.pt\\\/index.php\\\/2022\\\/09\\\/festa-de-abertura-da-12-a-rota-do-petisco-decorreu-em-lagos\\\/atualidade\\\/15\\\/19\\\/\"]}]},{\"@type\":\"ImageObject\",\"inLanguage\":\"pt-PT\",\"@id\":\"https:\\\/\\\/algarve7.pt\\\/index.php\\\/2022\\\/09\\\/festa-de-abertura-da-12-a-rota-do-petisco-decorreu-em-lagos\\\/atualidade\\\/15\\\/19\\\/#primaryimage\",\"url\":\"https:\\\/\\\/algarve7.pt\\\/wp-content\\\/uploads\\\/2022\\\/09\\\/rota-do-petisco-3_OCS.jpg\",\"contentUrl\":\"https:\\\/\\\/algarve7.pt\\\/wp-content\\\/uploads\\\/2022\\\/09\\\/rota-do-petisco-3_OCS.jpg\",\"width\":1200,\"height\":806},{\"@type\":\"BreadcrumbList\",\"@id\":\"https:\\\/\\\/algarve7.pt\\\/index.php\\\/2022\\\/09\\\/festa-de-abertura-da-12-a-rota-do-petisco-decorreu-em-lagos\\\/atualidade\\\/15\\\/19\\\/#breadcrumb\",\"itemListElement\":[{\"@type\":\"ListItem\",\"position\":1,\"name\":\"In\u00edcio\",\"item\":\"https:\\\/\\\/algarve7.pt\\\/\"},{\"@type\":\"ListItem\",\"position\":2,\"name\":\"Festa de abertura da 12.\u00aa Rota do Petisco decorreu em Lagos\"}]},{\"@type\":\"WebSite\",\"@id\":\"https:\\\/\\\/algarve7.pt\\\/#website\",\"url\":\"https:\\\/\\\/algarve7.pt\\\/\",\"name\":\"Algarve 7\",\"description\":\"Informa\u00e7\u00e3o sobre o Algarve\",\"publisher\":{\"@id\":\"https:\\\/\\\/algarve7.pt\\\/#organization\"},\"potentialAction\":[{\"@type\":\"SearchAction\",\"target\":{\"@type\":\"EntryPoint\",\"urlTemplate\":\"https:\\\/\\\/algarve7.pt\\\/?s={search_term_string}\"},\"query-input\":{\"@type\":\"PropertyValueSpecification\",\"valueRequired\":true,\"valueName\":\"search_term_string\"}}],\"inLanguage\":\"pt-PT\"},{\"@type\":\"Organization\",\"@id\":\"https:\\\/\\\/algarve7.pt\\\/#organization\",\"name\":\"Algarve 7\",\"url\":\"https:\\\/\\\/algarve7.pt\\\/\",\"logo\":{\"@type\":\"ImageObject\",\"inLanguage\":\"pt-PT\",\"@id\":\"https:\\\/\\\/algarve7.pt\\\/#\\\/schema\\\/logo\\\/image\\\/\",\"url\":\"https:\\\/\\\/algarve7.pt\\\/wp-content\\\/uploads\\\/2020\\\/10\\\/Logo-8.jpg\",\"contentUrl\":\"https:\\\/\\\/algarve7.pt\\\/wp-content\\\/uploads\\\/2020\\\/10\\\/Logo-8.jpg\",\"width\":1680,\"height\":1186,\"caption\":\"Algarve 7\"},\"image\":{\"@id\":\"https:\\\/\\\/algarve7.pt\\\/#\\\/schema\\\/logo\\\/image\\\/\"},\"sameAs\":[\"https:\\\/\\\/www.facebook.com\\\/algarve7\",\"https:\\\/\\\/x.com\\\/Algarvesete\",\"https:\\\/\\\/www.instagram.com\\\/jornalalgarve7\\\/\",\"https:\\\/\\\/www.linkedin.com\\\/company\\\/algarve7\",\"https:\\\/\\\/www.pinterest.pt\\\/geral0939\\\/_created\\\/\"]},{\"@type\":\"Person\",\"@id\":\"https:\\\/\\\/algarve7.pt\\\/#\\\/schema\\\/person\\\/23fa70681308e7b319a3204bcea45e0c\",\"name\":\"Algarve 7\",\"sameAs\":[\"https:\\\/\\\/algarve7.pt\",\"https:\\\/\\\/www.facebook.com\\\/algarve7\"],\"url\":\"https:\\\/\\\/algarve7.pt\\\/index.php\\\/author\\\/geralalgarve7-pt\\\/\"}]}<\/script>\n<!-- \/ Yoast SEO plugin. -->","yoast_head_json":{"title":"Festa de abertura da 12.\u00aa Rota do Petisco decorreu em Lagos - Algarve 7","description":"Festa de abertura da 12.\u00aa Rota do Petisco decorreu em Lagos Atualidade","robots":{"index":"index","follow":"follow","max-snippet":"max-snippet:-1","max-image-preview":"max-image-preview:large","max-video-preview":"max-video-preview:-1"},"canonical":"https:\/\/algarve7.pt\/index.php\/2022\/09\/festa-de-abertura-da-12-a-rota-do-petisco-decorreu-em-lagos\/atualidade\/15\/19\/","og_locale":"pt_PT","og_type":"article","og_title":"Festa de abertura da 12.\u00aa Rota do Petisco decorreu em Lagos - Algarve 7","og_description":"Festa de abertura da 12.\u00aa Rota do Petisco decorreu em Lagos Atualidade","og_url":"https:\/\/algarve7.pt\/index.php\/2022\/09\/festa-de-abertura-da-12-a-rota-do-petisco-decorreu-em-lagos\/atualidade\/15\/19\/","og_site_name":"Algarve 7","article_publisher":"https:\/\/www.facebook.com\/algarve7","article_author":"https:\/\/www.facebook.com\/algarve7","article_published_time":"2022-09-16T14:19:31+00:00","article_modified_time":"2022-09-16T14:19:33+00:00","og_image":[{"width":1200,"height":806,"url":"https:\/\/algarve7.pt\/wp-content\/uploads\/2022\/09\/rota-do-petisco-3_OCS.jpg","type":"image\/jpeg"}],"author":"Algarve 7","twitter_card":"summary_large_image","twitter_creator":"@Algarvesete","twitter_site":"@Algarvesete","twitter_misc":{"Escrito por":"Algarve 7","Tempo estimado de leitura":"3 minutos"},"schema":{"@context":"https:\/\/schema.org","@graph":[{"@type":"Article","@id":"https:\/\/algarve7.pt\/index.php\/2022\/09\/festa-de-abertura-da-12-a-rota-do-petisco-decorreu-em-lagos\/atualidade\/15\/19\/#article","isPartOf":{"@id":"https:\/\/algarve7.pt\/index.php\/2022\/09\/festa-de-abertura-da-12-a-rota-do-petisco-decorreu-em-lagos\/atualidade\/15\/19\/"},"author":{"name":"Algarve 7","@id":"https:\/\/algarve7.pt\/#\/schema\/person\/23fa70681308e7b319a3204bcea45e0c"},"headline":"Festa de abertura da 12.\u00aa Rota do Petisco decorreu em Lagos","datePublished":"2022-09-16T14:19:31+00:00","dateModified":"2022-09-16T14:19:33+00:00","mainEntityOfPage":{"@id":"https:\/\/algarve7.pt\/index.php\/2022\/09\/festa-de-abertura-da-12-a-rota-do-petisco-decorreu-em-lagos\/atualidade\/15\/19\/"},"wordCount":431,"publisher":{"@id":"https:\/\/algarve7.pt\/#organization"},"image":{"@id":"https:\/\/algarve7.pt\/index.php\/2022\/09\/festa-de-abertura-da-12-a-rota-do-petisco-decorreu-em-lagos\/atualidade\/15\/19\/#primaryimage"},"thumbnailUrl":"https:\/\/algarve7.pt\/wp-content\/uploads\/2022\/09\/rota-do-petisco-3_OCS.jpg","keywords":["Algarve","Atualidade","Lagos","Rota do Petisco"],"articleSection":["Atualidade"],"inLanguage":"pt-PT"},{"@type":"WebPage","@id":"https:\/\/algarve7.pt\/index.php\/2022\/09\/festa-de-abertura-da-12-a-rota-do-petisco-decorreu-em-lagos\/atualidade\/15\/19\/","url":"https:\/\/algarve7.pt\/index.php\/2022\/09\/festa-de-abertura-da-12-a-rota-do-petisco-decorreu-em-lagos\/atualidade\/15\/19\/","name":"Festa de abertura da 12.\u00aa Rota do Petisco decorreu em Lagos - Algarve 7","isPartOf":{"@id":"https:\/\/algarve7.pt\/#website"},"primaryImageOfPage":{"@id":"https:\/\/algarve7.pt\/index.php\/2022\/09\/festa-de-abertura-da-12-a-rota-do-petisco-decorreu-em-lagos\/atualidade\/15\/19\/#primaryimage"},"image":{"@id":"https:\/\/algarve7.pt\/index.php\/2022\/09\/festa-de-abertura-da-12-a-rota-do-petisco-decorreu-em-lagos\/atualidade\/15\/19\/#primaryimage"},"thumbnailUrl":"https:\/\/algarve7.pt\/wp-content\/uploads\/2022\/09\/rota-do-petisco-3_OCS.jpg","datePublished":"2022-09-16T14:19:31+00:00","dateModified":"2022-09-16T14:19:33+00:00","description":"Festa de abertura da 12.\u00aa Rota do Petisco decorreu em Lagos Atualidade","breadcrumb":{"@id":"https:\/\/algarve7.pt\/index.php\/2022\/09\/festa-de-abertura-da-12-a-rota-do-petisco-decorreu-em-lagos\/atualidade\/15\/19\/#breadcrumb"},"inLanguage":"pt-PT","potentialAction":[{"@type":"ReadAction","target":["https:\/\/algarve7.pt\/index.php\/2022\/09\/festa-de-abertura-da-12-a-rota-do-petisco-decorreu-em-lagos\/atualidade\/15\/19\/"]}]},{"@type":"ImageObject","inLanguage":"pt-PT","@id":"https:\/\/algarve7.pt\/index.php\/2022\/09\/festa-de-abertura-da-12-a-rota-do-petisco-decorreu-em-lagos\/atualidade\/15\/19\/#primaryimage","url":"https:\/\/algarve7.pt\/wp-content\/uploads\/2022\/09\/rota-do-petisco-3_OCS.jpg","contentUrl":"https:\/\/algarve7.pt\/wp-content\/uploads\/2022\/09\/rota-do-petisco-3_OCS.jpg","width":1200,"height":806},{"@type":"BreadcrumbList","@id":"https:\/\/algarve7.pt\/index.php\/2022\/09\/festa-de-abertura-da-12-a-rota-do-petisco-decorreu-em-lagos\/atualidade\/15\/19\/#breadcrumb","itemListElement":[{"@type":"ListItem","position":1,"name":"In\u00edcio","item":"https:\/\/algarve7.pt\/"},{"@type":"ListItem","position":2,"name":"Festa de abertura da 12.\u00aa Rota do Petisco decorreu em Lagos"}]},{"@type":"WebSite","@id":"https:\/\/algarve7.pt\/#website","url":"https:\/\/algarve7.pt\/","name":"Algarve 7","description":"Informa\u00e7\u00e3o sobre o Algarve","publisher":{"@id":"https:\/\/algarve7.pt\/#organization"},"potentialAction":[{"@type":"SearchAction","target":{"@type":"EntryPoint","urlTemplate":"https:\/\/algarve7.pt\/?s={search_term_string}"},"query-input":{"@type":"PropertyValueSpecification","valueRequired":true,"valueName":"search_term_string"}}],"inLanguage":"pt-PT"},{"@type":"Organization","@id":"https:\/\/algarve7.pt\/#organization","name":"Algarve 7","url":"https:\/\/algarve7.pt\/","logo":{"@type":"ImageObject","inLanguage":"pt-PT","@id":"https:\/\/algarve7.pt\/#\/schema\/logo\/image\/","url":"https:\/\/algarve7.pt\/wp-content\/uploads\/2020\/10\/Logo-8.jpg","contentUrl":"https:\/\/algarve7.pt\/wp-content\/uploads\/2020\/10\/Logo-8.jpg","width":1680,"height":1186,"caption":"Algarve 7"},"image":{"@id":"https:\/\/algarve7.pt\/#\/schema\/logo\/image\/"},"sameAs":["https:\/\/www.facebook.com\/algarve7","https:\/\/x.com\/Algarvesete","https:\/\/www.instagram.com\/jornalalgarve7\/","https:\/\/www.linkedin.com\/company\/algarve7","https:\/\/www.pinterest.pt\/geral0939\/_created\/"]},{"@type":"Person","@id":"https:\/\/algarve7.pt\/#\/schema\/person\/23fa70681308e7b319a3204bcea45e0c","name":"Algarve 7","sameAs":["https:\/\/algarve7.pt","https:\/\/www.facebook.com\/algarve7"],"url":"https:\/\/algarve7.pt\/index.php\/author\/geralalgarve7-pt\/"}]}},"jetpack_publicize_connections":[],"jetpack_featured_media_url":"https:\/\/algarve7.pt\/wp-content\/uploads\/2022\/09\/rota-do-petisco-3_OCS.jpg","jetpack_shortlink":"https:\/\/wp.me\/pcezmW-5E6","jetpack_sharing_enabled":true,"_links":{"self":[{"href":"https:\/\/algarve7.pt\/index.php\/wp-json\/wp\/v2\/posts\/21706","targetHints":{"allow":["GET"]}}],"collection":[{"href":"https:\/\/algarve7.pt\/index.php\/wp-json\/wp\/v2\/posts"}],"about":[{"href":"https:\/\/algarve7.pt\/index.php\/wp-json\/wp\/v2\/types\/post"}],"author":[{"embeddable":true,"href":"https:\/\/algarve7.pt\/index.php\/wp-json\/wp\/v2\/users\/1"}],"replies":[{"embeddable":true,"href":"https:\/\/algarve7.pt\/index.php\/wp-json\/wp\/v2\/comments?post=21706"}],"version-history":[{"count":0,"href":"https:\/\/algarve7.pt\/index.php\/wp-json\/wp\/v2\/posts\/21706\/revisions"}],"wp:featuredmedia":[{"embeddable":true,"href":"https:\/\/algarve7.pt\/index.php\/wp-json\/wp\/v2\/media\/21707"}],"wp:attachment":[{"href":"https:\/\/algarve7.pt\/index.php\/wp-json\/wp\/v2\/media?parent=21706"}],"wp:term":[{"taxonomy":"category","embeddable":true,"href":"https:\/\/algarve7.pt\/index.php\/wp-json\/wp\/v2\/categories?post=21706"},{"taxonomy":"post_tag","embeddable":true,"href":"https:\/\/algarve7.pt\/index.php\/wp-json\/wp\/v2\/tags?post=21706"}],"curies":[{"name":"wp","href":"https:\/\/api.w.org\/{rel}","templated":true}]}}