{"id":21607,"date":"2022-09-13T15:25:13","date_gmt":"2022-09-13T14:25:13","guid":{"rendered":"https:\/\/algarve7.pt\/?p=21607"},"modified":"2022-09-13T15:25:14","modified_gmt":"2022-09-13T14:25:14","slug":"municipio-de-lagoa-atribuiu-o-premio-literario-santos-stockler-2020-2021","status":"publish","type":"post","link":"https:\/\/algarve7.pt\/index.php\/2022\/09\/municipio-de-lagoa-atribuiu-o-premio-literario-santos-stockler-2020-2021\/cultura\/15\/25\/","title":{"rendered":"Munic\u00edpio de Lagoa atribuiu o Pr\u00e9mio Liter\u00e1rio Santos Stockler 2020-2021"},"content":{"rendered":"\n<p>O Munic\u00edpio de Lagoa atribuiu, no passado dia 10 de setembro, o Pr\u00e9mio Liter\u00e1rio Santos Stockler, distinguindo o trabalho intitulado \u201cSol e Sal\u201d, de Joana Abund\u00e2ncio, pseud\u00f3nimo de Maria de F\u00e1tima M\u00e1rtires, numa cerim\u00f3nia realizada na Quinta do Arvad.\u00a0<\/p>\n\n\n\n<p>Ap\u00f3s avalia\u00e7\u00e3o dos trabalhos concorrentes ao Pr\u00e9mio Liter\u00e1rio Santos Stockler 2020\/21, o J\u00fari deliberou, em reuni\u00e3o de 27 de julho 2022, distinguir o trabalho intitulado Sol e Sal. A decis\u00e3o do J\u00fari, tomada por unanimidade, foi justificada nos seguintes termos, entre outros, a forma como o tratamento do tema \u00abLagoa, cidade sustent\u00e1vel\u00bb foi desenvolvido, de forma inteligente, escorreita, com algum humor, num texto coerente e coeso, fugindo do facilitismo e do lugar comum, e criticando, de forma sagaz, o aproveitamento pol\u00edtico e econ\u00f3mico dos \u00abvalores verdes. O j\u00fari considerou, igualmente, que a narradora apresenta o passado sustent\u00e1vel, ecologicamente falando, mas insustent\u00e1vel, do ponto de vista pol\u00edtico e social, denunciando as discrep\u00e2ncias entre o que se defende para um \u00abagora\u00bb e para um \u00abfuturo\u00bb\u201d.<\/p>\n\n\n\n<p>O pr\u00e9mio foi entregue pelo Presidente da C\u00e2mara Municipal de Lagoa, Lu\u00eds Encarna\u00e7\u00e3o, que, tamb\u00e9m, anunciou a abertura da 5\u00aa edi\u00e7\u00e3o do Pr\u00e9mio Santos Stockler 2022\/23. O Pr\u00e9mio consta do valor pecuni\u00e1rio de 10.000,00\u20ac a que se junta a publica\u00e7\u00e3o do trabalho.<\/p>\n\n\n\n<p>O Pr\u00e9mio Liter\u00e1rio Santos Stockler foi institu\u00eddo pelo Munic\u00edpio de Lagoa em 2016 com o objetivo de promover, defender e valorizar a L\u00edngua Portuguesa e a identidade e diversidade socio culturais do concelho; promover e incentivar a cria\u00e7\u00e3o liter\u00e1ria, o gosto pela escrita e pela leitura, e, ainda, homenagear o poeta, jornalista e romancista lagoense, Santos Stockler.<\/p>\n","protected":false},"excerpt":{"rendered":"<p>O Munic\u00edpio de Lagoa atribuiu, no passado dia 10 de setembro, o Pr\u00e9mio Liter\u00e1rio Santos Stockler, distinguindo o trabalho intitulado<\/p>\n","protected":false},"author":1,"featured_media":21608,"comment_status":"closed","ping_status":"open","sticky":false,"template":"","format":"standard","meta":{"colormag_page_container_layout":"default_layout","colormag_page_sidebar_layout":"default_layout","_monsterinsights_skip_tracking":false,"_monsterinsights_sitenote_active":false,"_monsterinsights_sitenote_note":"","_monsterinsights_sitenote_category":0,"jetpack_post_was_ever_published":false,"_jetpack_newsletter_access":"","_jetpack_dont_email_post_to_subs":false,"_jetpack_newsletter_tier_id":0,"_jetpack_memberships_contains_paywalled_content":false,"_jetpack_memberships_contains_paid_content":false,"footnotes":"","jetpack_publicize_message":"","jetpack_publicize_feature_enabled":true,"jetpack_social_post_already_shared":true,"jetpack_social_options":{"image_generator_settings":{"template":"highway","default_image_id":0,"font":"","enabled":false},"version":2}},"categories":[14],"tags":[36,35,48,80],"class_list":["post-21607","post","type-post","status-publish","format-standard","has-post-thumbnail","hentry","category-cultura","tag-algarve","tag-cultura","tag-lagoa","tag-premio"],"yoast_head":"<!-- This site is optimized with the Yoast SEO plugin v27.5 - https:\/\/yoast.com\/product\/yoast-seo-wordpress\/ -->\n<title>Munic\u00edpio de Lagoa atribuiu o Pr\u00e9mio Liter\u00e1rio Santos Stockler 2020-2021 - Algarve 7<\/title>\n<meta name=\"description\" content=\"Munic\u00edpio de Lagoa atribuiu o Pr\u00e9mio Liter\u00e1rio Santos Stockler 2020-2021 Cultura\" \/>\n<meta name=\"robots\" content=\"index, follow, max-snippet:-1, max-image-preview:large, max-video-preview:-1\" \/>\n<link rel=\"canonical\" href=\"https:\/\/algarve7.pt\/index.php\/2022\/09\/municipio-de-lagoa-atribuiu-o-premio-literario-santos-stockler-2020-2021\/cultura\/15\/25\/\" \/>\n<meta property=\"og:locale\" content=\"pt_PT\" \/>\n<meta property=\"og:type\" content=\"article\" \/>\n<meta property=\"og:title\" content=\"Munic\u00edpio de Lagoa atribuiu o Pr\u00e9mio Liter\u00e1rio Santos Stockler 2020-2021 - Algarve 7\" \/>\n<meta property=\"og:description\" content=\"Munic\u00edpio de Lagoa atribuiu o Pr\u00e9mio Liter\u00e1rio Santos Stockler 2020-2021 Cultura\" \/>\n<meta property=\"og:url\" content=\"https:\/\/algarve7.pt\/index.php\/2022\/09\/municipio-de-lagoa-atribuiu-o-premio-literario-santos-stockler-2020-2021\/cultura\/15\/25\/\" \/>\n<meta property=\"og:site_name\" content=\"Algarve 7\" \/>\n<meta property=\"article:publisher\" content=\"https:\/\/www.facebook.com\/algarve7\" \/>\n<meta property=\"article:author\" content=\"https:\/\/www.facebook.com\/algarve7\" \/>\n<meta property=\"article:published_time\" content=\"2022-09-13T14:25:13+00:00\" \/>\n<meta property=\"article:modified_time\" content=\"2022-09-13T14:25:14+00:00\" \/>\n<meta property=\"og:image\" content=\"https:\/\/algarve7.pt\/wp-content\/uploads\/2022\/09\/IMG_2-1024x683.jpg\" \/>\n\t<meta property=\"og:image:width\" content=\"1024\" \/>\n\t<meta property=\"og:image:height\" content=\"683\" \/>\n\t<meta property=\"og:image:type\" content=\"image\/jpeg\" \/>\n<meta name=\"author\" content=\"Algarve 7\" \/>\n<meta name=\"twitter:card\" content=\"summary_large_image\" \/>\n<meta name=\"twitter:creator\" content=\"@Algarvesete\" \/>\n<meta name=\"twitter:site\" content=\"@Algarvesete\" \/>\n<meta name=\"twitter:label1\" content=\"Escrito por\" \/>\n\t<meta name=\"twitter:data1\" content=\"Algarve 7\" \/>\n\t<meta name=\"twitter:label2\" content=\"Tempo estimado de leitura\" \/>\n\t<meta name=\"twitter:data2\" content=\"2 minutos\" \/>\n<script type=\"application\/ld+json\" class=\"yoast-schema-graph\">{\"@context\":\"https:\\\/\\\/schema.org\",\"@graph\":[{\"@type\":\"Article\",\"@id\":\"https:\\\/\\\/algarve7.pt\\\/index.php\\\/2022\\\/09\\\/municipio-de-lagoa-atribuiu-o-premio-literario-santos-stockler-2020-2021\\\/cultura\\\/15\\\/25\\\/#article\",\"isPartOf\":{\"@id\":\"https:\\\/\\\/algarve7.pt\\\/index.php\\\/2022\\\/09\\\/municipio-de-lagoa-atribuiu-o-premio-literario-santos-stockler-2020-2021\\\/cultura\\\/15\\\/25\\\/\"},\"author\":{\"name\":\"Algarve 7\",\"@id\":\"https:\\\/\\\/algarve7.pt\\\/#\\\/schema\\\/person\\\/23fa70681308e7b319a3204bcea45e0c\"},\"headline\":\"Munic\u00edpio de Lagoa atribuiu o Pr\u00e9mio Liter\u00e1rio Santos Stockler 2020-2021\",\"datePublished\":\"2022-09-13T14:25:13+00:00\",\"dateModified\":\"2022-09-13T14:25:14+00:00\",\"mainEntityOfPage\":{\"@id\":\"https:\\\/\\\/algarve7.pt\\\/index.php\\\/2022\\\/09\\\/municipio-de-lagoa-atribuiu-o-premio-literario-santos-stockler-2020-2021\\\/cultura\\\/15\\\/25\\\/\"},\"wordCount\":307,\"publisher\":{\"@id\":\"https:\\\/\\\/algarve7.pt\\\/#organization\"},\"image\":{\"@id\":\"https:\\\/\\\/algarve7.pt\\\/index.php\\\/2022\\\/09\\\/municipio-de-lagoa-atribuiu-o-premio-literario-santos-stockler-2020-2021\\\/cultura\\\/15\\\/25\\\/#primaryimage\"},\"thumbnailUrl\":\"https:\\\/\\\/algarve7.pt\\\/wp-content\\\/uploads\\\/2022\\\/09\\\/IMG_2.jpg\",\"keywords\":[\"Algarve\",\"Cultura\",\"Lagoa\",\"Pr\u00e9mio\"],\"articleSection\":[\"Cultura\"],\"inLanguage\":\"pt-PT\"},{\"@type\":\"WebPage\",\"@id\":\"https:\\\/\\\/algarve7.pt\\\/index.php\\\/2022\\\/09\\\/municipio-de-lagoa-atribuiu-o-premio-literario-santos-stockler-2020-2021\\\/cultura\\\/15\\\/25\\\/\",\"url\":\"https:\\\/\\\/algarve7.pt\\\/index.php\\\/2022\\\/09\\\/municipio-de-lagoa-atribuiu-o-premio-literario-santos-stockler-2020-2021\\\/cultura\\\/15\\\/25\\\/\",\"name\":\"Munic\u00edpio de Lagoa atribuiu o Pr\u00e9mio Liter\u00e1rio Santos Stockler 2020-2021 - Algarve 7\",\"isPartOf\":{\"@id\":\"https:\\\/\\\/algarve7.pt\\\/#website\"},\"primaryImageOfPage\":{\"@id\":\"https:\\\/\\\/algarve7.pt\\\/index.php\\\/2022\\\/09\\\/municipio-de-lagoa-atribuiu-o-premio-literario-santos-stockler-2020-2021\\\/cultura\\\/15\\\/25\\\/#primaryimage\"},\"image\":{\"@id\":\"https:\\\/\\\/algarve7.pt\\\/index.php\\\/2022\\\/09\\\/municipio-de-lagoa-atribuiu-o-premio-literario-santos-stockler-2020-2021\\\/cultura\\\/15\\\/25\\\/#primaryimage\"},\"thumbnailUrl\":\"https:\\\/\\\/algarve7.pt\\\/wp-content\\\/uploads\\\/2022\\\/09\\\/IMG_2.jpg\",\"datePublished\":\"2022-09-13T14:25:13+00:00\",\"dateModified\":\"2022-09-13T14:25:14+00:00\",\"description\":\"Munic\u00edpio de Lagoa atribuiu o Pr\u00e9mio Liter\u00e1rio Santos Stockler 2020-2021 Cultura\",\"breadcrumb\":{\"@id\":\"https:\\\/\\\/algarve7.pt\\\/index.php\\\/2022\\\/09\\\/municipio-de-lagoa-atribuiu-o-premio-literario-santos-stockler-2020-2021\\\/cultura\\\/15\\\/25\\\/#breadcrumb\"},\"inLanguage\":\"pt-PT\",\"potentialAction\":[{\"@type\":\"ReadAction\",\"target\":[\"https:\\\/\\\/algarve7.pt\\\/index.php\\\/2022\\\/09\\\/municipio-de-lagoa-atribuiu-o-premio-literario-santos-stockler-2020-2021\\\/cultura\\\/15\\\/25\\\/\"]}]},{\"@type\":\"ImageObject\",\"inLanguage\":\"pt-PT\",\"@id\":\"https:\\\/\\\/algarve7.pt\\\/index.php\\\/2022\\\/09\\\/municipio-de-lagoa-atribuiu-o-premio-literario-santos-stockler-2020-2021\\\/cultura\\\/15\\\/25\\\/#primaryimage\",\"url\":\"https:\\\/\\\/algarve7.pt\\\/wp-content\\\/uploads\\\/2022\\\/09\\\/IMG_2.jpg\",\"contentUrl\":\"https:\\\/\\\/algarve7.pt\\\/wp-content\\\/uploads\\\/2022\\\/09\\\/IMG_2.jpg\",\"width\":2048,\"height\":1365},{\"@type\":\"BreadcrumbList\",\"@id\":\"https:\\\/\\\/algarve7.pt\\\/index.php\\\/2022\\\/09\\\/municipio-de-lagoa-atribuiu-o-premio-literario-santos-stockler-2020-2021\\\/cultura\\\/15\\\/25\\\/#breadcrumb\",\"itemListElement\":[{\"@type\":\"ListItem\",\"position\":1,\"name\":\"In\u00edcio\",\"item\":\"https:\\\/\\\/algarve7.pt\\\/\"},{\"@type\":\"ListItem\",\"position\":2,\"name\":\"Munic\u00edpio de Lagoa atribuiu o Pr\u00e9mio Liter\u00e1rio Santos Stockler 2020-2021\"}]},{\"@type\":\"WebSite\",\"@id\":\"https:\\\/\\\/algarve7.pt\\\/#website\",\"url\":\"https:\\\/\\\/algarve7.pt\\\/\",\"name\":\"Algarve 7\",\"description\":\"Informa\u00e7\u00e3o sobre o Algarve\",\"publisher\":{\"@id\":\"https:\\\/\\\/algarve7.pt\\\/#organization\"},\"potentialAction\":[{\"@type\":\"SearchAction\",\"target\":{\"@type\":\"EntryPoint\",\"urlTemplate\":\"https:\\\/\\\/algarve7.pt\\\/?s={search_term_string}\"},\"query-input\":{\"@type\":\"PropertyValueSpecification\",\"valueRequired\":true,\"valueName\":\"search_term_string\"}}],\"inLanguage\":\"pt-PT\"},{\"@type\":\"Organization\",\"@id\":\"https:\\\/\\\/algarve7.pt\\\/#organization\",\"name\":\"Algarve 7\",\"url\":\"https:\\\/\\\/algarve7.pt\\\/\",\"logo\":{\"@type\":\"ImageObject\",\"inLanguage\":\"pt-PT\",\"@id\":\"https:\\\/\\\/algarve7.pt\\\/#\\\/schema\\\/logo\\\/image\\\/\",\"url\":\"https:\\\/\\\/algarve7.pt\\\/wp-content\\\/uploads\\\/2020\\\/10\\\/Logo-8.jpg\",\"contentUrl\":\"https:\\\/\\\/algarve7.pt\\\/wp-content\\\/uploads\\\/2020\\\/10\\\/Logo-8.jpg\",\"width\":1680,\"height\":1186,\"caption\":\"Algarve 7\"},\"image\":{\"@id\":\"https:\\\/\\\/algarve7.pt\\\/#\\\/schema\\\/logo\\\/image\\\/\"},\"sameAs\":[\"https:\\\/\\\/www.facebook.com\\\/algarve7\",\"https:\\\/\\\/x.com\\\/Algarvesete\",\"https:\\\/\\\/www.instagram.com\\\/jornalalgarve7\\\/\",\"https:\\\/\\\/www.linkedin.com\\\/company\\\/algarve7\",\"https:\\\/\\\/www.pinterest.pt\\\/geral0939\\\/_created\\\/\"]},{\"@type\":\"Person\",\"@id\":\"https:\\\/\\\/algarve7.pt\\\/#\\\/schema\\\/person\\\/23fa70681308e7b319a3204bcea45e0c\",\"name\":\"Algarve 7\",\"sameAs\":[\"https:\\\/\\\/algarve7.pt\",\"https:\\\/\\\/www.facebook.com\\\/algarve7\"],\"url\":\"https:\\\/\\\/algarve7.pt\\\/index.php\\\/author\\\/geralalgarve7-pt\\\/\"}]}<\/script>\n<!-- \/ Yoast SEO plugin. -->","yoast_head_json":{"title":"Munic\u00edpio de Lagoa atribuiu o Pr\u00e9mio Liter\u00e1rio Santos Stockler 2020-2021 - Algarve 7","description":"Munic\u00edpio de Lagoa atribuiu o Pr\u00e9mio Liter\u00e1rio Santos Stockler 2020-2021 Cultura","robots":{"index":"index","follow":"follow","max-snippet":"max-snippet:-1","max-image-preview":"max-image-preview:large","max-video-preview":"max-video-preview:-1"},"canonical":"https:\/\/algarve7.pt\/index.php\/2022\/09\/municipio-de-lagoa-atribuiu-o-premio-literario-santos-stockler-2020-2021\/cultura\/15\/25\/","og_locale":"pt_PT","og_type":"article","og_title":"Munic\u00edpio de Lagoa atribuiu o Pr\u00e9mio Liter\u00e1rio Santos Stockler 2020-2021 - Algarve 7","og_description":"Munic\u00edpio de Lagoa atribuiu o Pr\u00e9mio Liter\u00e1rio Santos Stockler 2020-2021 Cultura","og_url":"https:\/\/algarve7.pt\/index.php\/2022\/09\/municipio-de-lagoa-atribuiu-o-premio-literario-santos-stockler-2020-2021\/cultura\/15\/25\/","og_site_name":"Algarve 7","article_publisher":"https:\/\/www.facebook.com\/algarve7","article_author":"https:\/\/www.facebook.com\/algarve7","article_published_time":"2022-09-13T14:25:13+00:00","article_modified_time":"2022-09-13T14:25:14+00:00","og_image":[{"width":1024,"height":683,"url":"https:\/\/algarve7.pt\/wp-content\/uploads\/2022\/09\/IMG_2-1024x683.jpg","type":"image\/jpeg"}],"author":"Algarve 7","twitter_card":"summary_large_image","twitter_creator":"@Algarvesete","twitter_site":"@Algarvesete","twitter_misc":{"Escrito por":"Algarve 7","Tempo estimado de leitura":"2 minutos"},"schema":{"@context":"https:\/\/schema.org","@graph":[{"@type":"Article","@id":"https:\/\/algarve7.pt\/index.php\/2022\/09\/municipio-de-lagoa-atribuiu-o-premio-literario-santos-stockler-2020-2021\/cultura\/15\/25\/#article","isPartOf":{"@id":"https:\/\/algarve7.pt\/index.php\/2022\/09\/municipio-de-lagoa-atribuiu-o-premio-literario-santos-stockler-2020-2021\/cultura\/15\/25\/"},"author":{"name":"Algarve 7","@id":"https:\/\/algarve7.pt\/#\/schema\/person\/23fa70681308e7b319a3204bcea45e0c"},"headline":"Munic\u00edpio de Lagoa atribuiu o Pr\u00e9mio Liter\u00e1rio Santos Stockler 2020-2021","datePublished":"2022-09-13T14:25:13+00:00","dateModified":"2022-09-13T14:25:14+00:00","mainEntityOfPage":{"@id":"https:\/\/algarve7.pt\/index.php\/2022\/09\/municipio-de-lagoa-atribuiu-o-premio-literario-santos-stockler-2020-2021\/cultura\/15\/25\/"},"wordCount":307,"publisher":{"@id":"https:\/\/algarve7.pt\/#organization"},"image":{"@id":"https:\/\/algarve7.pt\/index.php\/2022\/09\/municipio-de-lagoa-atribuiu-o-premio-literario-santos-stockler-2020-2021\/cultura\/15\/25\/#primaryimage"},"thumbnailUrl":"https:\/\/algarve7.pt\/wp-content\/uploads\/2022\/09\/IMG_2.jpg","keywords":["Algarve","Cultura","Lagoa","Pr\u00e9mio"],"articleSection":["Cultura"],"inLanguage":"pt-PT"},{"@type":"WebPage","@id":"https:\/\/algarve7.pt\/index.php\/2022\/09\/municipio-de-lagoa-atribuiu-o-premio-literario-santos-stockler-2020-2021\/cultura\/15\/25\/","url":"https:\/\/algarve7.pt\/index.php\/2022\/09\/municipio-de-lagoa-atribuiu-o-premio-literario-santos-stockler-2020-2021\/cultura\/15\/25\/","name":"Munic\u00edpio de Lagoa atribuiu o Pr\u00e9mio Liter\u00e1rio Santos Stockler 2020-2021 - Algarve 7","isPartOf":{"@id":"https:\/\/algarve7.pt\/#website"},"primaryImageOfPage":{"@id":"https:\/\/algarve7.pt\/index.php\/2022\/09\/municipio-de-lagoa-atribuiu-o-premio-literario-santos-stockler-2020-2021\/cultura\/15\/25\/#primaryimage"},"image":{"@id":"https:\/\/algarve7.pt\/index.php\/2022\/09\/municipio-de-lagoa-atribuiu-o-premio-literario-santos-stockler-2020-2021\/cultura\/15\/25\/#primaryimage"},"thumbnailUrl":"https:\/\/algarve7.pt\/wp-content\/uploads\/2022\/09\/IMG_2.jpg","datePublished":"2022-09-13T14:25:13+00:00","dateModified":"2022-09-13T14:25:14+00:00","description":"Munic\u00edpio de Lagoa atribuiu o Pr\u00e9mio Liter\u00e1rio Santos Stockler 2020-2021 Cultura","breadcrumb":{"@id":"https:\/\/algarve7.pt\/index.php\/2022\/09\/municipio-de-lagoa-atribuiu-o-premio-literario-santos-stockler-2020-2021\/cultura\/15\/25\/#breadcrumb"},"inLanguage":"pt-PT","potentialAction":[{"@type":"ReadAction","target":["https:\/\/algarve7.pt\/index.php\/2022\/09\/municipio-de-lagoa-atribuiu-o-premio-literario-santos-stockler-2020-2021\/cultura\/15\/25\/"]}]},{"@type":"ImageObject","inLanguage":"pt-PT","@id":"https:\/\/algarve7.pt\/index.php\/2022\/09\/municipio-de-lagoa-atribuiu-o-premio-literario-santos-stockler-2020-2021\/cultura\/15\/25\/#primaryimage","url":"https:\/\/algarve7.pt\/wp-content\/uploads\/2022\/09\/IMG_2.jpg","contentUrl":"https:\/\/algarve7.pt\/wp-content\/uploads\/2022\/09\/IMG_2.jpg","width":2048,"height":1365},{"@type":"BreadcrumbList","@id":"https:\/\/algarve7.pt\/index.php\/2022\/09\/municipio-de-lagoa-atribuiu-o-premio-literario-santos-stockler-2020-2021\/cultura\/15\/25\/#breadcrumb","itemListElement":[{"@type":"ListItem","position":1,"name":"In\u00edcio","item":"https:\/\/algarve7.pt\/"},{"@type":"ListItem","position":2,"name":"Munic\u00edpio de Lagoa atribuiu o Pr\u00e9mio Liter\u00e1rio Santos Stockler 2020-2021"}]},{"@type":"WebSite","@id":"https:\/\/algarve7.pt\/#website","url":"https:\/\/algarve7.pt\/","name":"Algarve 7","description":"Informa\u00e7\u00e3o sobre o Algarve","publisher":{"@id":"https:\/\/algarve7.pt\/#organization"},"potentialAction":[{"@type":"SearchAction","target":{"@type":"EntryPoint","urlTemplate":"https:\/\/algarve7.pt\/?s={search_term_string}"},"query-input":{"@type":"PropertyValueSpecification","valueRequired":true,"valueName":"search_term_string"}}],"inLanguage":"pt-PT"},{"@type":"Organization","@id":"https:\/\/algarve7.pt\/#organization","name":"Algarve 7","url":"https:\/\/algarve7.pt\/","logo":{"@type":"ImageObject","inLanguage":"pt-PT","@id":"https:\/\/algarve7.pt\/#\/schema\/logo\/image\/","url":"https:\/\/algarve7.pt\/wp-content\/uploads\/2020\/10\/Logo-8.jpg","contentUrl":"https:\/\/algarve7.pt\/wp-content\/uploads\/2020\/10\/Logo-8.jpg","width":1680,"height":1186,"caption":"Algarve 7"},"image":{"@id":"https:\/\/algarve7.pt\/#\/schema\/logo\/image\/"},"sameAs":["https:\/\/www.facebook.com\/algarve7","https:\/\/x.com\/Algarvesete","https:\/\/www.instagram.com\/jornalalgarve7\/","https:\/\/www.linkedin.com\/company\/algarve7","https:\/\/www.pinterest.pt\/geral0939\/_created\/"]},{"@type":"Person","@id":"https:\/\/algarve7.pt\/#\/schema\/person\/23fa70681308e7b319a3204bcea45e0c","name":"Algarve 7","sameAs":["https:\/\/algarve7.pt","https:\/\/www.facebook.com\/algarve7"],"url":"https:\/\/algarve7.pt\/index.php\/author\/geralalgarve7-pt\/"}]}},"jetpack_publicize_connections":[],"jetpack_featured_media_url":"https:\/\/algarve7.pt\/wp-content\/uploads\/2022\/09\/IMG_2.jpg","jetpack_shortlink":"https:\/\/wp.me\/pcezmW-5Cv","jetpack_sharing_enabled":true,"_links":{"self":[{"href":"https:\/\/algarve7.pt\/index.php\/wp-json\/wp\/v2\/posts\/21607","targetHints":{"allow":["GET"]}}],"collection":[{"href":"https:\/\/algarve7.pt\/index.php\/wp-json\/wp\/v2\/posts"}],"about":[{"href":"https:\/\/algarve7.pt\/index.php\/wp-json\/wp\/v2\/types\/post"}],"author":[{"embeddable":true,"href":"https:\/\/algarve7.pt\/index.php\/wp-json\/wp\/v2\/users\/1"}],"replies":[{"embeddable":true,"href":"https:\/\/algarve7.pt\/index.php\/wp-json\/wp\/v2\/comments?post=21607"}],"version-history":[{"count":0,"href":"https:\/\/algarve7.pt\/index.php\/wp-json\/wp\/v2\/posts\/21607\/revisions"}],"wp:featuredmedia":[{"embeddable":true,"href":"https:\/\/algarve7.pt\/index.php\/wp-json\/wp\/v2\/media\/21608"}],"wp:attachment":[{"href":"https:\/\/algarve7.pt\/index.php\/wp-json\/wp\/v2\/media?parent=21607"}],"wp:term":[{"taxonomy":"category","embeddable":true,"href":"https:\/\/algarve7.pt\/index.php\/wp-json\/wp\/v2\/categories?post=21607"},{"taxonomy":"post_tag","embeddable":true,"href":"https:\/\/algarve7.pt\/index.php\/wp-json\/wp\/v2\/tags?post=21607"}],"curies":[{"name":"wp","href":"https:\/\/api.w.org\/{rel}","templated":true}]}}