{"id":21605,"date":"2022-09-13T14:47:49","date_gmt":"2022-09-13T13:47:49","guid":{"rendered":"https:\/\/algarve7.pt\/?p=21605"},"modified":"2022-09-13T14:47:50","modified_gmt":"2022-09-13T13:47:50","slug":"chua-promove-jornadas-de-obstetricia","status":"publish","type":"post","link":"https:\/\/algarve7.pt\/index.php\/2022\/09\/chua-promove-jornadas-de-obstetricia\/saude\/14\/47\/","title":{"rendered":"CHUA promove Jornadas de Obstetr\u00edcia"},"content":{"rendered":"\n<p>O Servi\u00e7o de Ginecologia e Obstetr\u00edcia da Unidade de Portim\u00e3o do Centro Hospitalar Universit\u00e1rio do Algarve (CHUA), em parceria com Administra\u00e7\u00e3o Regional de Sa\u00fade (ARS) do Algarve, atrav\u00e9s do ACES Algarve II \u2013 Barlavento, e com a Associa\u00e7\u00e3o de Forma\u00e7\u00e3o e Investiga\u00e7\u00e3o da Maternidade do Barlavento Algarvio (AFIMBA), realiza nos pr\u00f3ximos dias 30 de setembro e 1 de outubro as&nbsp;<strong>Jornadas de Obstetr\u00edcia do CHUA<\/strong>, que v\u00e3o ter lugar no Museu de Portim\u00e3o.<\/p>\n\n\n\n<p>Dirigida especialmente aos M\u00e9dicos Internos e Especialistas em Medicina Geral e Familiar, esta forma\u00e7\u00e3o pretende promover a autonomia destes profissionais nas \u00e1reas de Obstetr\u00edcia e Planeamento Familiar, potenciando o debate cient\u00edfico entre especialistas das v\u00e1rias \u00e1reas de interven\u00e7\u00e3o, com o objetivo de promover uma maior articula\u00e7\u00e3o entre a especialidade hospitalar e os cuidados de sa\u00fade prim\u00e1rios.<\/p>\n\n\n\n<p>Nos dois dias de curso ser\u00e3o apresentados e discutidos casos cl\u00ednicos reais com enfoque nos principais temas da pr\u00e1tica cl\u00ednica na \u00e1rea da Obstetr\u00edcia, como \u00e9 o caso da pr\u00e9-conce\u00e7\u00e3o, da gravidez e do p\u00f3s-parto. O planeamento familiar ser\u00e1 tamb\u00e9m abordado nos cursos pr\u00e1ticos de contrace\u00e7\u00e3o.<\/p>\n\n\n\n<p><a href=\"https:\/\/www.chualgarve.min-saude.pt\/eventos\/jornadas-de-obstetricia-do-chua\/\" target=\"_blank\" rel=\"noreferrer noopener\">PROGRAMA | +INFO | INSCRI\u00c7\u00d5ES \u2013 aqui<\/a><\/p>\n","protected":false},"excerpt":{"rendered":"<p>O Servi\u00e7o de Ginecologia e Obstetr\u00edcia da Unidade de Portim\u00e3o do Centro Hospitalar Universit\u00e1rio do Algarve (CHUA), em parceria com<\/p>\n","protected":false},"author":1,"featured_media":20796,"comment_status":"closed","ping_status":"open","sticky":false,"template":"","format":"standard","meta":{"colormag_page_container_layout":"default_layout","colormag_page_sidebar_layout":"default_layout","_monsterinsights_skip_tracking":false,"_monsterinsights_sitenote_active":false,"_monsterinsights_sitenote_note":"","_monsterinsights_sitenote_category":0,"jetpack_post_was_ever_published":false,"_jetpack_newsletter_access":"","_jetpack_dont_email_post_to_subs":false,"_jetpack_newsletter_tier_id":0,"_jetpack_memberships_contains_paywalled_content":false,"_jetpack_memberships_contains_paid_content":false,"footnotes":"","jetpack_publicize_message":"","jetpack_publicize_feature_enabled":true,"jetpack_social_post_already_shared":true,"jetpack_social_options":{"image_generator_settings":{"template":"highway","default_image_id":0,"font":"","enabled":false},"version":2}},"categories":[59],"tags":[36,181,304,58],"class_list":["post-21605","post","type-post","status-publish","format-standard","has-post-thumbnail","hentry","category-saude","tag-algarve","tag-chua","tag-conferencia","tag-saude"],"yoast_head":"<!-- This site is optimized with the Yoast SEO plugin v27.5 - https:\/\/yoast.com\/product\/yoast-seo-wordpress\/ -->\n<title>CHUA promove Jornadas de Obstetr\u00edcia - Algarve 7<\/title>\n<meta name=\"description\" content=\"CHUA promove Jornadas de Obstetr\u00edcia Sa\u00fade\" \/>\n<meta name=\"robots\" content=\"index, follow, max-snippet:-1, max-image-preview:large, max-video-preview:-1\" \/>\n<link rel=\"canonical\" href=\"https:\/\/algarve7.pt\/index.php\/2022\/09\/chua-promove-jornadas-de-obstetricia\/saude\/14\/47\/\" \/>\n<meta property=\"og:locale\" content=\"pt_PT\" \/>\n<meta property=\"og:type\" content=\"article\" \/>\n<meta property=\"og:title\" content=\"CHUA promove Jornadas de Obstetr\u00edcia - Algarve 7\" \/>\n<meta property=\"og:description\" content=\"CHUA promove Jornadas de Obstetr\u00edcia Sa\u00fade\" \/>\n<meta property=\"og:url\" content=\"https:\/\/algarve7.pt\/index.php\/2022\/09\/chua-promove-jornadas-de-obstetricia\/saude\/14\/47\/\" \/>\n<meta property=\"og:site_name\" content=\"Algarve 7\" \/>\n<meta property=\"article:publisher\" content=\"https:\/\/www.facebook.com\/algarve7\" \/>\n<meta property=\"article:author\" content=\"https:\/\/www.facebook.com\/algarve7\" \/>\n<meta property=\"article:published_time\" content=\"2022-09-13T13:47:49+00:00\" \/>\n<meta property=\"article:modified_time\" content=\"2022-09-13T13:47:50+00:00\" \/>\n<meta property=\"og:image\" content=\"https:\/\/algarve7.pt\/wp-content\/uploads\/2022\/08\/img1180632720Chua.png\" \/>\n\t<meta property=\"og:image:width\" content=\"884\" \/>\n\t<meta property=\"og:image:height\" content=\"544\" \/>\n\t<meta property=\"og:image:type\" content=\"image\/png\" \/>\n<meta name=\"author\" content=\"Algarve 7\" \/>\n<meta name=\"twitter:card\" content=\"summary_large_image\" \/>\n<meta name=\"twitter:creator\" content=\"@Algarvesete\" \/>\n<meta name=\"twitter:site\" content=\"@Algarvesete\" \/>\n<meta name=\"twitter:label1\" content=\"Escrito por\" \/>\n\t<meta name=\"twitter:data1\" content=\"Algarve 7\" \/>\n\t<meta name=\"twitter:label2\" content=\"Tempo estimado de leitura\" \/>\n\t<meta name=\"twitter:data2\" content=\"1 minuto\" \/>\n<script type=\"application\/ld+json\" class=\"yoast-schema-graph\">{\"@context\":\"https:\\\/\\\/schema.org\",\"@graph\":[{\"@type\":\"Article\",\"@id\":\"https:\\\/\\\/algarve7.pt\\\/index.php\\\/2022\\\/09\\\/chua-promove-jornadas-de-obstetricia\\\/saude\\\/14\\\/47\\\/#article\",\"isPartOf\":{\"@id\":\"https:\\\/\\\/algarve7.pt\\\/index.php\\\/2022\\\/09\\\/chua-promove-jornadas-de-obstetricia\\\/saude\\\/14\\\/47\\\/\"},\"author\":{\"name\":\"Algarve 7\",\"@id\":\"https:\\\/\\\/algarve7.pt\\\/#\\\/schema\\\/person\\\/23fa70681308e7b319a3204bcea45e0c\"},\"headline\":\"CHUA promove Jornadas de Obstetr\u00edcia\",\"datePublished\":\"2022-09-13T13:47:49+00:00\",\"dateModified\":\"2022-09-13T13:47:50+00:00\",\"mainEntityOfPage\":{\"@id\":\"https:\\\/\\\/algarve7.pt\\\/index.php\\\/2022\\\/09\\\/chua-promove-jornadas-de-obstetricia\\\/saude\\\/14\\\/47\\\/\"},\"wordCount\":217,\"publisher\":{\"@id\":\"https:\\\/\\\/algarve7.pt\\\/#organization\"},\"image\":{\"@id\":\"https:\\\/\\\/algarve7.pt\\\/index.php\\\/2022\\\/09\\\/chua-promove-jornadas-de-obstetricia\\\/saude\\\/14\\\/47\\\/#primaryimage\"},\"thumbnailUrl\":\"https:\\\/\\\/algarve7.pt\\\/wp-content\\\/uploads\\\/2022\\\/08\\\/img1180632720Chua.png\",\"keywords\":[\"Algarve\",\"CHUA\",\"Confer\u00eancia\",\"Sa\u00fade\"],\"articleSection\":[\"Sa\u00fade\"],\"inLanguage\":\"pt-PT\"},{\"@type\":\"WebPage\",\"@id\":\"https:\\\/\\\/algarve7.pt\\\/index.php\\\/2022\\\/09\\\/chua-promove-jornadas-de-obstetricia\\\/saude\\\/14\\\/47\\\/\",\"url\":\"https:\\\/\\\/algarve7.pt\\\/index.php\\\/2022\\\/09\\\/chua-promove-jornadas-de-obstetricia\\\/saude\\\/14\\\/47\\\/\",\"name\":\"CHUA promove Jornadas de Obstetr\u00edcia - Algarve 7\",\"isPartOf\":{\"@id\":\"https:\\\/\\\/algarve7.pt\\\/#website\"},\"primaryImageOfPage\":{\"@id\":\"https:\\\/\\\/algarve7.pt\\\/index.php\\\/2022\\\/09\\\/chua-promove-jornadas-de-obstetricia\\\/saude\\\/14\\\/47\\\/#primaryimage\"},\"image\":{\"@id\":\"https:\\\/\\\/algarve7.pt\\\/index.php\\\/2022\\\/09\\\/chua-promove-jornadas-de-obstetricia\\\/saude\\\/14\\\/47\\\/#primaryimage\"},\"thumbnailUrl\":\"https:\\\/\\\/algarve7.pt\\\/wp-content\\\/uploads\\\/2022\\\/08\\\/img1180632720Chua.png\",\"datePublished\":\"2022-09-13T13:47:49+00:00\",\"dateModified\":\"2022-09-13T13:47:50+00:00\",\"description\":\"CHUA promove Jornadas de Obstetr\u00edcia Sa\u00fade\",\"breadcrumb\":{\"@id\":\"https:\\\/\\\/algarve7.pt\\\/index.php\\\/2022\\\/09\\\/chua-promove-jornadas-de-obstetricia\\\/saude\\\/14\\\/47\\\/#breadcrumb\"},\"inLanguage\":\"pt-PT\",\"potentialAction\":[{\"@type\":\"ReadAction\",\"target\":[\"https:\\\/\\\/algarve7.pt\\\/index.php\\\/2022\\\/09\\\/chua-promove-jornadas-de-obstetricia\\\/saude\\\/14\\\/47\\\/\"]}]},{\"@type\":\"ImageObject\",\"inLanguage\":\"pt-PT\",\"@id\":\"https:\\\/\\\/algarve7.pt\\\/index.php\\\/2022\\\/09\\\/chua-promove-jornadas-de-obstetricia\\\/saude\\\/14\\\/47\\\/#primaryimage\",\"url\":\"https:\\\/\\\/algarve7.pt\\\/wp-content\\\/uploads\\\/2022\\\/08\\\/img1180632720Chua.png\",\"contentUrl\":\"https:\\\/\\\/algarve7.pt\\\/wp-content\\\/uploads\\\/2022\\\/08\\\/img1180632720Chua.png\",\"width\":884,\"height\":544},{\"@type\":\"BreadcrumbList\",\"@id\":\"https:\\\/\\\/algarve7.pt\\\/index.php\\\/2022\\\/09\\\/chua-promove-jornadas-de-obstetricia\\\/saude\\\/14\\\/47\\\/#breadcrumb\",\"itemListElement\":[{\"@type\":\"ListItem\",\"position\":1,\"name\":\"In\u00edcio\",\"item\":\"https:\\\/\\\/algarve7.pt\\\/\"},{\"@type\":\"ListItem\",\"position\":2,\"name\":\"CHUA promove Jornadas de Obstetr\u00edcia\"}]},{\"@type\":\"WebSite\",\"@id\":\"https:\\\/\\\/algarve7.pt\\\/#website\",\"url\":\"https:\\\/\\\/algarve7.pt\\\/\",\"name\":\"Algarve 7\",\"description\":\"Informa\u00e7\u00e3o sobre o Algarve\",\"publisher\":{\"@id\":\"https:\\\/\\\/algarve7.pt\\\/#organization\"},\"potentialAction\":[{\"@type\":\"SearchAction\",\"target\":{\"@type\":\"EntryPoint\",\"urlTemplate\":\"https:\\\/\\\/algarve7.pt\\\/?s={search_term_string}\"},\"query-input\":{\"@type\":\"PropertyValueSpecification\",\"valueRequired\":true,\"valueName\":\"search_term_string\"}}],\"inLanguage\":\"pt-PT\"},{\"@type\":\"Organization\",\"@id\":\"https:\\\/\\\/algarve7.pt\\\/#organization\",\"name\":\"Algarve 7\",\"url\":\"https:\\\/\\\/algarve7.pt\\\/\",\"logo\":{\"@type\":\"ImageObject\",\"inLanguage\":\"pt-PT\",\"@id\":\"https:\\\/\\\/algarve7.pt\\\/#\\\/schema\\\/logo\\\/image\\\/\",\"url\":\"https:\\\/\\\/algarve7.pt\\\/wp-content\\\/uploads\\\/2020\\\/10\\\/Logo-8.jpg\",\"contentUrl\":\"https:\\\/\\\/algarve7.pt\\\/wp-content\\\/uploads\\\/2020\\\/10\\\/Logo-8.jpg\",\"width\":1680,\"height\":1186,\"caption\":\"Algarve 7\"},\"image\":{\"@id\":\"https:\\\/\\\/algarve7.pt\\\/#\\\/schema\\\/logo\\\/image\\\/\"},\"sameAs\":[\"https:\\\/\\\/www.facebook.com\\\/algarve7\",\"https:\\\/\\\/x.com\\\/Algarvesete\",\"https:\\\/\\\/www.instagram.com\\\/jornalalgarve7\\\/\",\"https:\\\/\\\/www.linkedin.com\\\/company\\\/algarve7\",\"https:\\\/\\\/www.pinterest.pt\\\/geral0939\\\/_created\\\/\"]},{\"@type\":\"Person\",\"@id\":\"https:\\\/\\\/algarve7.pt\\\/#\\\/schema\\\/person\\\/23fa70681308e7b319a3204bcea45e0c\",\"name\":\"Algarve 7\",\"sameAs\":[\"https:\\\/\\\/algarve7.pt\",\"https:\\\/\\\/www.facebook.com\\\/algarve7\"],\"url\":\"https:\\\/\\\/algarve7.pt\\\/index.php\\\/author\\\/geralalgarve7-pt\\\/\"}]}<\/script>\n<!-- \/ Yoast SEO plugin. -->","yoast_head_json":{"title":"CHUA promove Jornadas de Obstetr\u00edcia - Algarve 7","description":"CHUA promove Jornadas de Obstetr\u00edcia Sa\u00fade","robots":{"index":"index","follow":"follow","max-snippet":"max-snippet:-1","max-image-preview":"max-image-preview:large","max-video-preview":"max-video-preview:-1"},"canonical":"https:\/\/algarve7.pt\/index.php\/2022\/09\/chua-promove-jornadas-de-obstetricia\/saude\/14\/47\/","og_locale":"pt_PT","og_type":"article","og_title":"CHUA promove Jornadas de Obstetr\u00edcia - Algarve 7","og_description":"CHUA promove Jornadas de Obstetr\u00edcia Sa\u00fade","og_url":"https:\/\/algarve7.pt\/index.php\/2022\/09\/chua-promove-jornadas-de-obstetricia\/saude\/14\/47\/","og_site_name":"Algarve 7","article_publisher":"https:\/\/www.facebook.com\/algarve7","article_author":"https:\/\/www.facebook.com\/algarve7","article_published_time":"2022-09-13T13:47:49+00:00","article_modified_time":"2022-09-13T13:47:50+00:00","og_image":[{"width":884,"height":544,"url":"https:\/\/algarve7.pt\/wp-content\/uploads\/2022\/08\/img1180632720Chua.png","type":"image\/png"}],"author":"Algarve 7","twitter_card":"summary_large_image","twitter_creator":"@Algarvesete","twitter_site":"@Algarvesete","twitter_misc":{"Escrito por":"Algarve 7","Tempo estimado de leitura":"1 minuto"},"schema":{"@context":"https:\/\/schema.org","@graph":[{"@type":"Article","@id":"https:\/\/algarve7.pt\/index.php\/2022\/09\/chua-promove-jornadas-de-obstetricia\/saude\/14\/47\/#article","isPartOf":{"@id":"https:\/\/algarve7.pt\/index.php\/2022\/09\/chua-promove-jornadas-de-obstetricia\/saude\/14\/47\/"},"author":{"name":"Algarve 7","@id":"https:\/\/algarve7.pt\/#\/schema\/person\/23fa70681308e7b319a3204bcea45e0c"},"headline":"CHUA promove Jornadas de Obstetr\u00edcia","datePublished":"2022-09-13T13:47:49+00:00","dateModified":"2022-09-13T13:47:50+00:00","mainEntityOfPage":{"@id":"https:\/\/algarve7.pt\/index.php\/2022\/09\/chua-promove-jornadas-de-obstetricia\/saude\/14\/47\/"},"wordCount":217,"publisher":{"@id":"https:\/\/algarve7.pt\/#organization"},"image":{"@id":"https:\/\/algarve7.pt\/index.php\/2022\/09\/chua-promove-jornadas-de-obstetricia\/saude\/14\/47\/#primaryimage"},"thumbnailUrl":"https:\/\/algarve7.pt\/wp-content\/uploads\/2022\/08\/img1180632720Chua.png","keywords":["Algarve","CHUA","Confer\u00eancia","Sa\u00fade"],"articleSection":["Sa\u00fade"],"inLanguage":"pt-PT"},{"@type":"WebPage","@id":"https:\/\/algarve7.pt\/index.php\/2022\/09\/chua-promove-jornadas-de-obstetricia\/saude\/14\/47\/","url":"https:\/\/algarve7.pt\/index.php\/2022\/09\/chua-promove-jornadas-de-obstetricia\/saude\/14\/47\/","name":"CHUA promove Jornadas de Obstetr\u00edcia - Algarve 7","isPartOf":{"@id":"https:\/\/algarve7.pt\/#website"},"primaryImageOfPage":{"@id":"https:\/\/algarve7.pt\/index.php\/2022\/09\/chua-promove-jornadas-de-obstetricia\/saude\/14\/47\/#primaryimage"},"image":{"@id":"https:\/\/algarve7.pt\/index.php\/2022\/09\/chua-promove-jornadas-de-obstetricia\/saude\/14\/47\/#primaryimage"},"thumbnailUrl":"https:\/\/algarve7.pt\/wp-content\/uploads\/2022\/08\/img1180632720Chua.png","datePublished":"2022-09-13T13:47:49+00:00","dateModified":"2022-09-13T13:47:50+00:00","description":"CHUA promove Jornadas de Obstetr\u00edcia Sa\u00fade","breadcrumb":{"@id":"https:\/\/algarve7.pt\/index.php\/2022\/09\/chua-promove-jornadas-de-obstetricia\/saude\/14\/47\/#breadcrumb"},"inLanguage":"pt-PT","potentialAction":[{"@type":"ReadAction","target":["https:\/\/algarve7.pt\/index.php\/2022\/09\/chua-promove-jornadas-de-obstetricia\/saude\/14\/47\/"]}]},{"@type":"ImageObject","inLanguage":"pt-PT","@id":"https:\/\/algarve7.pt\/index.php\/2022\/09\/chua-promove-jornadas-de-obstetricia\/saude\/14\/47\/#primaryimage","url":"https:\/\/algarve7.pt\/wp-content\/uploads\/2022\/08\/img1180632720Chua.png","contentUrl":"https:\/\/algarve7.pt\/wp-content\/uploads\/2022\/08\/img1180632720Chua.png","width":884,"height":544},{"@type":"BreadcrumbList","@id":"https:\/\/algarve7.pt\/index.php\/2022\/09\/chua-promove-jornadas-de-obstetricia\/saude\/14\/47\/#breadcrumb","itemListElement":[{"@type":"ListItem","position":1,"name":"In\u00edcio","item":"https:\/\/algarve7.pt\/"},{"@type":"ListItem","position":2,"name":"CHUA promove Jornadas de Obstetr\u00edcia"}]},{"@type":"WebSite","@id":"https:\/\/algarve7.pt\/#website","url":"https:\/\/algarve7.pt\/","name":"Algarve 7","description":"Informa\u00e7\u00e3o sobre o Algarve","publisher":{"@id":"https:\/\/algarve7.pt\/#organization"},"potentialAction":[{"@type":"SearchAction","target":{"@type":"EntryPoint","urlTemplate":"https:\/\/algarve7.pt\/?s={search_term_string}"},"query-input":{"@type":"PropertyValueSpecification","valueRequired":true,"valueName":"search_term_string"}}],"inLanguage":"pt-PT"},{"@type":"Organization","@id":"https:\/\/algarve7.pt\/#organization","name":"Algarve 7","url":"https:\/\/algarve7.pt\/","logo":{"@type":"ImageObject","inLanguage":"pt-PT","@id":"https:\/\/algarve7.pt\/#\/schema\/logo\/image\/","url":"https:\/\/algarve7.pt\/wp-content\/uploads\/2020\/10\/Logo-8.jpg","contentUrl":"https:\/\/algarve7.pt\/wp-content\/uploads\/2020\/10\/Logo-8.jpg","width":1680,"height":1186,"caption":"Algarve 7"},"image":{"@id":"https:\/\/algarve7.pt\/#\/schema\/logo\/image\/"},"sameAs":["https:\/\/www.facebook.com\/algarve7","https:\/\/x.com\/Algarvesete","https:\/\/www.instagram.com\/jornalalgarve7\/","https:\/\/www.linkedin.com\/company\/algarve7","https:\/\/www.pinterest.pt\/geral0939\/_created\/"]},{"@type":"Person","@id":"https:\/\/algarve7.pt\/#\/schema\/person\/23fa70681308e7b319a3204bcea45e0c","name":"Algarve 7","sameAs":["https:\/\/algarve7.pt","https:\/\/www.facebook.com\/algarve7"],"url":"https:\/\/algarve7.pt\/index.php\/author\/geralalgarve7-pt\/"}]}},"jetpack_publicize_connections":[],"jetpack_featured_media_url":"https:\/\/algarve7.pt\/wp-content\/uploads\/2022\/08\/img1180632720Chua.png","jetpack_shortlink":"https:\/\/wp.me\/pcezmW-5Ct","jetpack_sharing_enabled":true,"_links":{"self":[{"href":"https:\/\/algarve7.pt\/index.php\/wp-json\/wp\/v2\/posts\/21605","targetHints":{"allow":["GET"]}}],"collection":[{"href":"https:\/\/algarve7.pt\/index.php\/wp-json\/wp\/v2\/posts"}],"about":[{"href":"https:\/\/algarve7.pt\/index.php\/wp-json\/wp\/v2\/types\/post"}],"author":[{"embeddable":true,"href":"https:\/\/algarve7.pt\/index.php\/wp-json\/wp\/v2\/users\/1"}],"replies":[{"embeddable":true,"href":"https:\/\/algarve7.pt\/index.php\/wp-json\/wp\/v2\/comments?post=21605"}],"version-history":[{"count":0,"href":"https:\/\/algarve7.pt\/index.php\/wp-json\/wp\/v2\/posts\/21605\/revisions"}],"wp:featuredmedia":[{"embeddable":true,"href":"https:\/\/algarve7.pt\/index.php\/wp-json\/wp\/v2\/media\/20796"}],"wp:attachment":[{"href":"https:\/\/algarve7.pt\/index.php\/wp-json\/wp\/v2\/media?parent=21605"}],"wp:term":[{"taxonomy":"category","embeddable":true,"href":"https:\/\/algarve7.pt\/index.php\/wp-json\/wp\/v2\/categories?post=21605"},{"taxonomy":"post_tag","embeddable":true,"href":"https:\/\/algarve7.pt\/index.php\/wp-json\/wp\/v2\/tags?post=21605"}],"curies":[{"name":"wp","href":"https:\/\/api.w.org\/{rel}","templated":true}]}}