{"id":21593,"date":"2022-09-13T10:28:20","date_gmt":"2022-09-13T09:28:20","guid":{"rendered":"https:\/\/algarve7.pt\/?p=21593"},"modified":"2022-09-13T10:28:22","modified_gmt":"2022-09-13T09:28:22","slug":"albufeira-entrega-medalha-da-cidade-aos-vencedores-da-supertaca-do-algarve-de-futsal","status":"publish","type":"post","link":"https:\/\/algarve7.pt\/index.php\/2022\/09\/albufeira-entrega-medalha-da-cidade-aos-vencedores-da-supertaca-do-algarve-de-futsal\/desporto\/10\/28\/","title":{"rendered":"Albufeira: entrega medalha da cidade aos vencedores da Superta\u00e7a do Algarve de Futsal"},"content":{"rendered":"\n<p>Foi no passado dia 27 de agosto que o Albufeira Futsal Clube venceu a Superta\u00e7a do Algarve de Futsal, ap\u00f3s bater o Louletano por 4-2, num jogo disputado no Portim\u00e3o Arena. Depois de se ter sagrado vencedor da Ta\u00e7a do Algarve nas mais recentes edi\u00e7\u00f5es das provas, este t\u00edtulo veio coroar o m\u00e9rito da equipa albufeirense, raz\u00e3o pela qual a Autarquia prestou-lhes homenagem no passado s\u00e1bado, no Sal\u00e3o Nobre.<\/p>\n\n\n\n<p>Refira-se que a Superta\u00e7a do Algarve de Futsal da \u00e9poca desportiva 2022\/2023 integrou o programa do\u00a0Record International Masters Futsal, o melhor torneio do mundo da modalidade de futsal, que se realizou nos dias 27 e 28 de agosto, com as participa\u00e7\u00f5es de FC Barcelona, Sporting CP, SL Benfica e Movistar Inter FS.<\/p>\n\n\n\n<p>Recebidos pelo Executivo, os atletas e elementos t\u00e9cnicos do Albufeira Futsal Clube receberam a Medalha da Cidade, numa cerim\u00f3nia ocorrida no passado s\u00e1bado, no Sal\u00e3o Nobre dos Pa\u00e7os do Concelho, que teve por objetivo dizer \u201cdo orgulho que Albufeira sente nestes campe\u00f5es\u201d, segundo palavras do presidente da C\u00e2mara, Jos\u00e9 Carlos Rolo. O autarca referiu ainda o bom exemplo que esta equipa d\u00e1 aos mais jovens, \u201cpois n\u00e3o h\u00e1 conhecimento de que qualquer jovem que invista o seu tempo no Desporto tenha um mau resultado escolar, muito pelo contr\u00e1rio\u201d. Por seu turno, o Vice-presidente e respons\u00e1vel pelo pelouro do Desporto, Cristiano Cabrita, refor\u00e7ou que o presente Executiva estar\u00e1 sempre pronto a apoiar a equipa, formulando votos de que os t\u00edtulos continuem a somar-se para esta equipa. O presidente do clube, Carlos Gabriel agradeceu todo o apoio \u201cda C\u00e2mara Municipal de Albufeira, sem a qual n\u00e3o conseguir\u00edamos chegar a este patamar\u201d.<\/p>\n\n\n\n<p>A C\u00e2mara Municipal de Albufeira apoia este e outros clubes do concelho, atrav\u00e9s de um Contrato Programa de Desenvolvimento Desportivo, que para al\u00e9m da comparticipa\u00e7\u00e3o financeira contempla ainda apoio log\u00edstico nas atividades, ced\u00eancia de infraestruturas desportivas e disponibiliza\u00e7\u00e3o de transporte.<\/p>\n\n\n\n<p>Para al\u00e9m do Albufeira Futsal Clube, outras equipas t\u00eam sido reconhecidas com a Medalha da Cidade pelo Executivo Municipal, como \u00e9 o caso do FC de Ferreiras (campe\u00e3o da 1.\u00aa divis\u00e3o de futebol Distrital de Seniores, garantindo a subida de divis\u00e3o para o Campeonato de Portugal) e do CBA \u2013 Clube de Basquete de Albufeira (2.\u00ba lugar do Campeonato Nacional de Basquetebol da 2.\u00aa divis\u00e3o Zona Sul (CNB2) e subiram de divis\u00e3o para o Campeonato Nacional de basquetebol da 1.\u00aa divis\u00e3o CNB1).<\/p>\n","protected":false},"excerpt":{"rendered":"<p>Foi no passado dia 27 de agosto que o Albufeira Futsal Clube venceu a Superta\u00e7a do Algarve de Futsal, ap\u00f3s<\/p>\n","protected":false},"author":1,"featured_media":21594,"comment_status":"closed","ping_status":"open","sticky":false,"template":"","format":"standard","meta":{"colormag_page_container_layout":"default_layout","colormag_page_sidebar_layout":"default_layout","_monsterinsights_skip_tracking":false,"_monsterinsights_sitenote_active":false,"_monsterinsights_sitenote_note":"","_monsterinsights_sitenote_category":0,"jetpack_post_was_ever_published":false,"_jetpack_newsletter_access":"","_jetpack_dont_email_post_to_subs":false,"_jetpack_newsletter_tier_id":0,"_jetpack_memberships_contains_paywalled_content":false,"_jetpack_memberships_contains_paid_content":false,"footnotes":"","jetpack_publicize_message":"","jetpack_publicize_feature_enabled":true,"jetpack_social_post_already_shared":true,"jetpack_social_options":{"image_generator_settings":{"template":"highway","default_image_id":0,"font":"","enabled":false},"version":2}},"categories":[15],"tags":[155,36,40],"class_list":["post-21593","post","type-post","status-publish","format-standard","has-post-thumbnail","hentry","category-desporto","tag-albufeira","tag-algarve","tag-desporto"],"yoast_head":"<!-- This site is optimized with the Yoast SEO plugin v27.4 - https:\/\/yoast.com\/product\/yoast-seo-wordpress\/ -->\n<title>Albufeira: entrega medalha da cidade aos vencedores da Superta\u00e7a do Algarve de Futsal - Algarve 7<\/title>\n<meta name=\"description\" content=\"Albufeira: entrega medalha da cidade aos vencedores da Superta\u00e7a do Algarve de Futsal Desporto\" \/>\n<meta name=\"robots\" content=\"index, follow, max-snippet:-1, max-image-preview:large, max-video-preview:-1\" \/>\n<link rel=\"canonical\" href=\"https:\/\/algarve7.pt\/index.php\/2022\/09\/albufeira-entrega-medalha-da-cidade-aos-vencedores-da-supertaca-do-algarve-de-futsal\/desporto\/10\/28\/\" \/>\n<meta property=\"og:locale\" content=\"pt_PT\" \/>\n<meta property=\"og:type\" content=\"article\" \/>\n<meta property=\"og:title\" content=\"Albufeira: entrega medalha da cidade aos vencedores da Superta\u00e7a do Algarve de Futsal - Algarve 7\" \/>\n<meta property=\"og:description\" content=\"Albufeira: entrega medalha da cidade aos vencedores da Superta\u00e7a do Algarve de Futsal Desporto\" \/>\n<meta property=\"og:url\" content=\"https:\/\/algarve7.pt\/index.php\/2022\/09\/albufeira-entrega-medalha-da-cidade-aos-vencedores-da-supertaca-do-algarve-de-futsal\/desporto\/10\/28\/\" \/>\n<meta property=\"og:site_name\" content=\"Algarve 7\" \/>\n<meta property=\"article:publisher\" content=\"https:\/\/www.facebook.com\/algarve7\" \/>\n<meta property=\"article:author\" content=\"https:\/\/www.facebook.com\/algarve7\" \/>\n<meta property=\"article:published_time\" content=\"2022-09-13T09:28:20+00:00\" \/>\n<meta property=\"article:modified_time\" content=\"2022-09-13T09:28:22+00:00\" \/>\n<meta property=\"og:image\" content=\"https:\/\/algarve7.pt\/wp-content\/uploads\/2022\/09\/1.jpg\" \/>\n\t<meta property=\"og:image:width\" content=\"1024\" \/>\n\t<meta property=\"og:image:height\" content=\"682\" \/>\n\t<meta property=\"og:image:type\" content=\"image\/jpeg\" \/>\n<meta name=\"author\" content=\"Algarve 7\" \/>\n<meta name=\"twitter:card\" content=\"summary_large_image\" \/>\n<meta name=\"twitter:creator\" content=\"@Algarvesete\" \/>\n<meta name=\"twitter:site\" content=\"@Algarvesete\" \/>\n<meta name=\"twitter:label1\" content=\"Escrito por\" \/>\n\t<meta name=\"twitter:data1\" content=\"Algarve 7\" \/>\n\t<meta name=\"twitter:label2\" content=\"Tempo estimado de leitura\" \/>\n\t<meta name=\"twitter:data2\" content=\"3 minutos\" \/>\n<script type=\"application\/ld+json\" class=\"yoast-schema-graph\">{\"@context\":\"https:\\\/\\\/schema.org\",\"@graph\":[{\"@type\":\"Article\",\"@id\":\"https:\\\/\\\/algarve7.pt\\\/index.php\\\/2022\\\/09\\\/albufeira-entrega-medalha-da-cidade-aos-vencedores-da-supertaca-do-algarve-de-futsal\\\/desporto\\\/10\\\/28\\\/#article\",\"isPartOf\":{\"@id\":\"https:\\\/\\\/algarve7.pt\\\/index.php\\\/2022\\\/09\\\/albufeira-entrega-medalha-da-cidade-aos-vencedores-da-supertaca-do-algarve-de-futsal\\\/desporto\\\/10\\\/28\\\/\"},\"author\":{\"name\":\"Algarve 7\",\"@id\":\"https:\\\/\\\/algarve7.pt\\\/#\\\/schema\\\/person\\\/23fa70681308e7b319a3204bcea45e0c\"},\"headline\":\"Albufeira: entrega medalha da cidade aos vencedores da Superta\u00e7a do Algarve de Futsal\",\"datePublished\":\"2022-09-13T09:28:20+00:00\",\"dateModified\":\"2022-09-13T09:28:22+00:00\",\"mainEntityOfPage\":{\"@id\":\"https:\\\/\\\/algarve7.pt\\\/index.php\\\/2022\\\/09\\\/albufeira-entrega-medalha-da-cidade-aos-vencedores-da-supertaca-do-algarve-de-futsal\\\/desporto\\\/10\\\/28\\\/\"},\"wordCount\":439,\"publisher\":{\"@id\":\"https:\\\/\\\/algarve7.pt\\\/#organization\"},\"image\":{\"@id\":\"https:\\\/\\\/algarve7.pt\\\/index.php\\\/2022\\\/09\\\/albufeira-entrega-medalha-da-cidade-aos-vencedores-da-supertaca-do-algarve-de-futsal\\\/desporto\\\/10\\\/28\\\/#primaryimage\"},\"thumbnailUrl\":\"https:\\\/\\\/algarve7.pt\\\/wp-content\\\/uploads\\\/2022\\\/09\\\/1.jpg\",\"keywords\":[\"Albufeira\",\"Algarve\",\"Desporto\"],\"articleSection\":[\"Desporto\"],\"inLanguage\":\"pt-PT\"},{\"@type\":\"WebPage\",\"@id\":\"https:\\\/\\\/algarve7.pt\\\/index.php\\\/2022\\\/09\\\/albufeira-entrega-medalha-da-cidade-aos-vencedores-da-supertaca-do-algarve-de-futsal\\\/desporto\\\/10\\\/28\\\/\",\"url\":\"https:\\\/\\\/algarve7.pt\\\/index.php\\\/2022\\\/09\\\/albufeira-entrega-medalha-da-cidade-aos-vencedores-da-supertaca-do-algarve-de-futsal\\\/desporto\\\/10\\\/28\\\/\",\"name\":\"Albufeira: entrega medalha da cidade aos vencedores da Superta\u00e7a do Algarve de Futsal - Algarve 7\",\"isPartOf\":{\"@id\":\"https:\\\/\\\/algarve7.pt\\\/#website\"},\"primaryImageOfPage\":{\"@id\":\"https:\\\/\\\/algarve7.pt\\\/index.php\\\/2022\\\/09\\\/albufeira-entrega-medalha-da-cidade-aos-vencedores-da-supertaca-do-algarve-de-futsal\\\/desporto\\\/10\\\/28\\\/#primaryimage\"},\"image\":{\"@id\":\"https:\\\/\\\/algarve7.pt\\\/index.php\\\/2022\\\/09\\\/albufeira-entrega-medalha-da-cidade-aos-vencedores-da-supertaca-do-algarve-de-futsal\\\/desporto\\\/10\\\/28\\\/#primaryimage\"},\"thumbnailUrl\":\"https:\\\/\\\/algarve7.pt\\\/wp-content\\\/uploads\\\/2022\\\/09\\\/1.jpg\",\"datePublished\":\"2022-09-13T09:28:20+00:00\",\"dateModified\":\"2022-09-13T09:28:22+00:00\",\"description\":\"Albufeira: entrega medalha da cidade aos vencedores da Superta\u00e7a do Algarve de Futsal Desporto\",\"breadcrumb\":{\"@id\":\"https:\\\/\\\/algarve7.pt\\\/index.php\\\/2022\\\/09\\\/albufeira-entrega-medalha-da-cidade-aos-vencedores-da-supertaca-do-algarve-de-futsal\\\/desporto\\\/10\\\/28\\\/#breadcrumb\"},\"inLanguage\":\"pt-PT\",\"potentialAction\":[{\"@type\":\"ReadAction\",\"target\":[\"https:\\\/\\\/algarve7.pt\\\/index.php\\\/2022\\\/09\\\/albufeira-entrega-medalha-da-cidade-aos-vencedores-da-supertaca-do-algarve-de-futsal\\\/desporto\\\/10\\\/28\\\/\"]}]},{\"@type\":\"ImageObject\",\"inLanguage\":\"pt-PT\",\"@id\":\"https:\\\/\\\/algarve7.pt\\\/index.php\\\/2022\\\/09\\\/albufeira-entrega-medalha-da-cidade-aos-vencedores-da-supertaca-do-algarve-de-futsal\\\/desporto\\\/10\\\/28\\\/#primaryimage\",\"url\":\"https:\\\/\\\/algarve7.pt\\\/wp-content\\\/uploads\\\/2022\\\/09\\\/1.jpg\",\"contentUrl\":\"https:\\\/\\\/algarve7.pt\\\/wp-content\\\/uploads\\\/2022\\\/09\\\/1.jpg\",\"width\":1024,\"height\":682},{\"@type\":\"BreadcrumbList\",\"@id\":\"https:\\\/\\\/algarve7.pt\\\/index.php\\\/2022\\\/09\\\/albufeira-entrega-medalha-da-cidade-aos-vencedores-da-supertaca-do-algarve-de-futsal\\\/desporto\\\/10\\\/28\\\/#breadcrumb\",\"itemListElement\":[{\"@type\":\"ListItem\",\"position\":1,\"name\":\"In\u00edcio\",\"item\":\"https:\\\/\\\/algarve7.pt\\\/\"},{\"@type\":\"ListItem\",\"position\":2,\"name\":\"Albufeira: entrega medalha da cidade aos vencedores da Superta\u00e7a do Algarve de Futsal\"}]},{\"@type\":\"WebSite\",\"@id\":\"https:\\\/\\\/algarve7.pt\\\/#website\",\"url\":\"https:\\\/\\\/algarve7.pt\\\/\",\"name\":\"Algarve 7\",\"description\":\"Informa\u00e7\u00e3o sobre o Algarve\",\"publisher\":{\"@id\":\"https:\\\/\\\/algarve7.pt\\\/#organization\"},\"potentialAction\":[{\"@type\":\"SearchAction\",\"target\":{\"@type\":\"EntryPoint\",\"urlTemplate\":\"https:\\\/\\\/algarve7.pt\\\/?s={search_term_string}\"},\"query-input\":{\"@type\":\"PropertyValueSpecification\",\"valueRequired\":true,\"valueName\":\"search_term_string\"}}],\"inLanguage\":\"pt-PT\"},{\"@type\":\"Organization\",\"@id\":\"https:\\\/\\\/algarve7.pt\\\/#organization\",\"name\":\"Algarve 7\",\"url\":\"https:\\\/\\\/algarve7.pt\\\/\",\"logo\":{\"@type\":\"ImageObject\",\"inLanguage\":\"pt-PT\",\"@id\":\"https:\\\/\\\/algarve7.pt\\\/#\\\/schema\\\/logo\\\/image\\\/\",\"url\":\"https:\\\/\\\/algarve7.pt\\\/wp-content\\\/uploads\\\/2020\\\/10\\\/Logo-8.jpg\",\"contentUrl\":\"https:\\\/\\\/algarve7.pt\\\/wp-content\\\/uploads\\\/2020\\\/10\\\/Logo-8.jpg\",\"width\":1680,\"height\":1186,\"caption\":\"Algarve 7\"},\"image\":{\"@id\":\"https:\\\/\\\/algarve7.pt\\\/#\\\/schema\\\/logo\\\/image\\\/\"},\"sameAs\":[\"https:\\\/\\\/www.facebook.com\\\/algarve7\",\"https:\\\/\\\/x.com\\\/Algarvesete\",\"https:\\\/\\\/www.instagram.com\\\/jornalalgarve7\\\/\",\"https:\\\/\\\/www.linkedin.com\\\/company\\\/algarve7\",\"https:\\\/\\\/www.pinterest.pt\\\/geral0939\\\/_created\\\/\"]},{\"@type\":\"Person\",\"@id\":\"https:\\\/\\\/algarve7.pt\\\/#\\\/schema\\\/person\\\/23fa70681308e7b319a3204bcea45e0c\",\"name\":\"Algarve 7\",\"sameAs\":[\"https:\\\/\\\/algarve7.pt\",\"https:\\\/\\\/www.facebook.com\\\/algarve7\"],\"url\":\"https:\\\/\\\/algarve7.pt\\\/index.php\\\/author\\\/geralalgarve7-pt\\\/\"}]}<\/script>\n<!-- \/ Yoast SEO plugin. -->","yoast_head_json":{"title":"Albufeira: entrega medalha da cidade aos vencedores da Superta\u00e7a do Algarve de Futsal - Algarve 7","description":"Albufeira: entrega medalha da cidade aos vencedores da Superta\u00e7a do Algarve de Futsal Desporto","robots":{"index":"index","follow":"follow","max-snippet":"max-snippet:-1","max-image-preview":"max-image-preview:large","max-video-preview":"max-video-preview:-1"},"canonical":"https:\/\/algarve7.pt\/index.php\/2022\/09\/albufeira-entrega-medalha-da-cidade-aos-vencedores-da-supertaca-do-algarve-de-futsal\/desporto\/10\/28\/","og_locale":"pt_PT","og_type":"article","og_title":"Albufeira: entrega medalha da cidade aos vencedores da Superta\u00e7a do Algarve de Futsal - Algarve 7","og_description":"Albufeira: entrega medalha da cidade aos vencedores da Superta\u00e7a do Algarve de Futsal Desporto","og_url":"https:\/\/algarve7.pt\/index.php\/2022\/09\/albufeira-entrega-medalha-da-cidade-aos-vencedores-da-supertaca-do-algarve-de-futsal\/desporto\/10\/28\/","og_site_name":"Algarve 7","article_publisher":"https:\/\/www.facebook.com\/algarve7","article_author":"https:\/\/www.facebook.com\/algarve7","article_published_time":"2022-09-13T09:28:20+00:00","article_modified_time":"2022-09-13T09:28:22+00:00","og_image":[{"width":1024,"height":682,"url":"https:\/\/algarve7.pt\/wp-content\/uploads\/2022\/09\/1.jpg","type":"image\/jpeg"}],"author":"Algarve 7","twitter_card":"summary_large_image","twitter_creator":"@Algarvesete","twitter_site":"@Algarvesete","twitter_misc":{"Escrito por":"Algarve 7","Tempo estimado de leitura":"3 minutos"},"schema":{"@context":"https:\/\/schema.org","@graph":[{"@type":"Article","@id":"https:\/\/algarve7.pt\/index.php\/2022\/09\/albufeira-entrega-medalha-da-cidade-aos-vencedores-da-supertaca-do-algarve-de-futsal\/desporto\/10\/28\/#article","isPartOf":{"@id":"https:\/\/algarve7.pt\/index.php\/2022\/09\/albufeira-entrega-medalha-da-cidade-aos-vencedores-da-supertaca-do-algarve-de-futsal\/desporto\/10\/28\/"},"author":{"name":"Algarve 7","@id":"https:\/\/algarve7.pt\/#\/schema\/person\/23fa70681308e7b319a3204bcea45e0c"},"headline":"Albufeira: entrega medalha da cidade aos vencedores da Superta\u00e7a do Algarve de Futsal","datePublished":"2022-09-13T09:28:20+00:00","dateModified":"2022-09-13T09:28:22+00:00","mainEntityOfPage":{"@id":"https:\/\/algarve7.pt\/index.php\/2022\/09\/albufeira-entrega-medalha-da-cidade-aos-vencedores-da-supertaca-do-algarve-de-futsal\/desporto\/10\/28\/"},"wordCount":439,"publisher":{"@id":"https:\/\/algarve7.pt\/#organization"},"image":{"@id":"https:\/\/algarve7.pt\/index.php\/2022\/09\/albufeira-entrega-medalha-da-cidade-aos-vencedores-da-supertaca-do-algarve-de-futsal\/desporto\/10\/28\/#primaryimage"},"thumbnailUrl":"https:\/\/algarve7.pt\/wp-content\/uploads\/2022\/09\/1.jpg","keywords":["Albufeira","Algarve","Desporto"],"articleSection":["Desporto"],"inLanguage":"pt-PT"},{"@type":"WebPage","@id":"https:\/\/algarve7.pt\/index.php\/2022\/09\/albufeira-entrega-medalha-da-cidade-aos-vencedores-da-supertaca-do-algarve-de-futsal\/desporto\/10\/28\/","url":"https:\/\/algarve7.pt\/index.php\/2022\/09\/albufeira-entrega-medalha-da-cidade-aos-vencedores-da-supertaca-do-algarve-de-futsal\/desporto\/10\/28\/","name":"Albufeira: entrega medalha da cidade aos vencedores da Superta\u00e7a do Algarve de Futsal - Algarve 7","isPartOf":{"@id":"https:\/\/algarve7.pt\/#website"},"primaryImageOfPage":{"@id":"https:\/\/algarve7.pt\/index.php\/2022\/09\/albufeira-entrega-medalha-da-cidade-aos-vencedores-da-supertaca-do-algarve-de-futsal\/desporto\/10\/28\/#primaryimage"},"image":{"@id":"https:\/\/algarve7.pt\/index.php\/2022\/09\/albufeira-entrega-medalha-da-cidade-aos-vencedores-da-supertaca-do-algarve-de-futsal\/desporto\/10\/28\/#primaryimage"},"thumbnailUrl":"https:\/\/algarve7.pt\/wp-content\/uploads\/2022\/09\/1.jpg","datePublished":"2022-09-13T09:28:20+00:00","dateModified":"2022-09-13T09:28:22+00:00","description":"Albufeira: entrega medalha da cidade aos vencedores da Superta\u00e7a do Algarve de Futsal Desporto","breadcrumb":{"@id":"https:\/\/algarve7.pt\/index.php\/2022\/09\/albufeira-entrega-medalha-da-cidade-aos-vencedores-da-supertaca-do-algarve-de-futsal\/desporto\/10\/28\/#breadcrumb"},"inLanguage":"pt-PT","potentialAction":[{"@type":"ReadAction","target":["https:\/\/algarve7.pt\/index.php\/2022\/09\/albufeira-entrega-medalha-da-cidade-aos-vencedores-da-supertaca-do-algarve-de-futsal\/desporto\/10\/28\/"]}]},{"@type":"ImageObject","inLanguage":"pt-PT","@id":"https:\/\/algarve7.pt\/index.php\/2022\/09\/albufeira-entrega-medalha-da-cidade-aos-vencedores-da-supertaca-do-algarve-de-futsal\/desporto\/10\/28\/#primaryimage","url":"https:\/\/algarve7.pt\/wp-content\/uploads\/2022\/09\/1.jpg","contentUrl":"https:\/\/algarve7.pt\/wp-content\/uploads\/2022\/09\/1.jpg","width":1024,"height":682},{"@type":"BreadcrumbList","@id":"https:\/\/algarve7.pt\/index.php\/2022\/09\/albufeira-entrega-medalha-da-cidade-aos-vencedores-da-supertaca-do-algarve-de-futsal\/desporto\/10\/28\/#breadcrumb","itemListElement":[{"@type":"ListItem","position":1,"name":"In\u00edcio","item":"https:\/\/algarve7.pt\/"},{"@type":"ListItem","position":2,"name":"Albufeira: entrega medalha da cidade aos vencedores da Superta\u00e7a do Algarve de Futsal"}]},{"@type":"WebSite","@id":"https:\/\/algarve7.pt\/#website","url":"https:\/\/algarve7.pt\/","name":"Algarve 7","description":"Informa\u00e7\u00e3o sobre o Algarve","publisher":{"@id":"https:\/\/algarve7.pt\/#organization"},"potentialAction":[{"@type":"SearchAction","target":{"@type":"EntryPoint","urlTemplate":"https:\/\/algarve7.pt\/?s={search_term_string}"},"query-input":{"@type":"PropertyValueSpecification","valueRequired":true,"valueName":"search_term_string"}}],"inLanguage":"pt-PT"},{"@type":"Organization","@id":"https:\/\/algarve7.pt\/#organization","name":"Algarve 7","url":"https:\/\/algarve7.pt\/","logo":{"@type":"ImageObject","inLanguage":"pt-PT","@id":"https:\/\/algarve7.pt\/#\/schema\/logo\/image\/","url":"https:\/\/algarve7.pt\/wp-content\/uploads\/2020\/10\/Logo-8.jpg","contentUrl":"https:\/\/algarve7.pt\/wp-content\/uploads\/2020\/10\/Logo-8.jpg","width":1680,"height":1186,"caption":"Algarve 7"},"image":{"@id":"https:\/\/algarve7.pt\/#\/schema\/logo\/image\/"},"sameAs":["https:\/\/www.facebook.com\/algarve7","https:\/\/x.com\/Algarvesete","https:\/\/www.instagram.com\/jornalalgarve7\/","https:\/\/www.linkedin.com\/company\/algarve7","https:\/\/www.pinterest.pt\/geral0939\/_created\/"]},{"@type":"Person","@id":"https:\/\/algarve7.pt\/#\/schema\/person\/23fa70681308e7b319a3204bcea45e0c","name":"Algarve 7","sameAs":["https:\/\/algarve7.pt","https:\/\/www.facebook.com\/algarve7"],"url":"https:\/\/algarve7.pt\/index.php\/author\/geralalgarve7-pt\/"}]}},"jetpack_publicize_connections":[],"jetpack_featured_media_url":"https:\/\/algarve7.pt\/wp-content\/uploads\/2022\/09\/1.jpg","jetpack_shortlink":"https:\/\/wp.me\/pcezmW-5Ch","jetpack_sharing_enabled":true,"_links":{"self":[{"href":"https:\/\/algarve7.pt\/index.php\/wp-json\/wp\/v2\/posts\/21593","targetHints":{"allow":["GET"]}}],"collection":[{"href":"https:\/\/algarve7.pt\/index.php\/wp-json\/wp\/v2\/posts"}],"about":[{"href":"https:\/\/algarve7.pt\/index.php\/wp-json\/wp\/v2\/types\/post"}],"author":[{"embeddable":true,"href":"https:\/\/algarve7.pt\/index.php\/wp-json\/wp\/v2\/users\/1"}],"replies":[{"embeddable":true,"href":"https:\/\/algarve7.pt\/index.php\/wp-json\/wp\/v2\/comments?post=21593"}],"version-history":[{"count":0,"href":"https:\/\/algarve7.pt\/index.php\/wp-json\/wp\/v2\/posts\/21593\/revisions"}],"wp:featuredmedia":[{"embeddable":true,"href":"https:\/\/algarve7.pt\/index.php\/wp-json\/wp\/v2\/media\/21594"}],"wp:attachment":[{"href":"https:\/\/algarve7.pt\/index.php\/wp-json\/wp\/v2\/media?parent=21593"}],"wp:term":[{"taxonomy":"category","embeddable":true,"href":"https:\/\/algarve7.pt\/index.php\/wp-json\/wp\/v2\/categories?post=21593"},{"taxonomy":"post_tag","embeddable":true,"href":"https:\/\/algarve7.pt\/index.php\/wp-json\/wp\/v2\/tags?post=21593"}],"curies":[{"name":"wp","href":"https:\/\/api.w.org\/{rel}","templated":true}]}}