{"id":21583,"date":"2022-09-12T19:39:28","date_gmt":"2022-09-12T18:39:28","guid":{"rendered":"https:\/\/algarve7.pt\/?p=21583"},"modified":"2022-09-12T19:39:32","modified_gmt":"2022-09-12T18:39:32","slug":"municipio-de-lagoa-apresenta-o-projeto-da-casa-da-cidadania","status":"publish","type":"post","link":"https:\/\/algarve7.pt\/index.php\/2022\/09\/municipio-de-lagoa-apresenta-o-projeto-da-casa-da-cidadania\/cultura\/19\/39\/","title":{"rendered":"Munic\u00edpio de Lagoa apresenta o projeto da Casa da Cidadania"},"content":{"rendered":"\n<p>O Munic\u00edpio de Lagoa, apresentou publicamente o projeto que ir\u00e1 transformar as instala\u00e7\u00f5es do edif\u00edcio dos antigos Pa\u00e7os do Concelho, onde est\u00e1 instalado o Sal\u00e3o Nobre, naquele que foi o primeiro edif\u00edcio onde funcionou a C\u00e2mara Municipal, numa casa dedicada aos movimentos sociais. Trata-se de um projeto de cariz museol\u00f3gico que ir\u00e1 focar-se essencialmente na hist\u00f3ria pol\u00edtico-administrativa de Lagoa, evidenciando valores como a Liberdade, a Democracia, a Igualdade e a Participa\u00e7\u00e3o Proactiva da popula\u00e7\u00e3o.<\/p>\n\n\n\n<p>Trata-se de um projeto ambicioso, diferenciador e que reflete a estrat\u00e9gia assumida pelos gestores pol\u00edticos do territ\u00f3rio, num Munic\u00edpio de Lagoa que se tem vindo a afirmar no contexto regional e nacional, evidenciando-se n\u00e3o s\u00f3 a sua hist\u00f3ria como tamb\u00e9m a sua identidade, na solidifica\u00e7\u00e3o de uma consci\u00eancia de comunidade.<\/p>\n\n\n\n<p>A ideia surgiu durante o ano de 2018 e desde ent\u00e3o tem vindo a desenvolver-se atrav\u00e9s de v\u00e1rios estudos, num processo conduzido pelo antrop\u00f3logo Paulo Lima, contado com a participa\u00e7\u00e3o de v\u00e1rios investigadores e arquitetos, tais como o Nelson marques (Chefe da Divis\u00e3o de Planeamento Estrat\u00e9gico da C\u00e2mara Municipal de Lagoa), Bruno Serr\u00e3o (Red Umbrella), para o&nbsp; Projeto de reabilita\u00e7\u00e3o dos antigos Pa\u00e7os do Concelho de Lagoa, com Jos\u00e9 Teixeira (Escultor e Mestre Medalhista), para o Projeto art\u00edstico para a Casa da Cidadania de Lagoa, com Paulo Passos (Napperon), Projeto museogr\u00e1fico da Casa da Cidadania de Lagoa e com Fernando Cabral (Sistemas do Futuro) para o desenvolvimento&nbsp; da plataforma digital casadacidadania.pt.<\/p>\n\n\n\n<p>A poucos meses de completar 250 anos de hist\u00f3ria, enquanto territ\u00f3rio aut\u00f3nomo, Lagoa apresenta um projeto que recorda muitas pessoas que nasceram no concelho, que contribu\u00edram para o seu desenvolvimento, pondo muitas vezes o bem comum acima de si pr\u00f3prio, lutando por um presente e um futuro melhor, dando a possibilidade de sabermos mais sobre o seu contributo na constru\u00e7\u00e3o do concelho, tal como o conhecemos. \u00c9 um projeto que permite recordar e passar esse legado \u00e0s novas gera\u00e7\u00f5es.<\/p>\n\n\n\n<p>\u201cA Casa da Cidadania \u00e9 um projeto que pretende evidenciar a constru\u00e7\u00e3o de um territ\u00f3rio aut\u00f3nomo como o de Lagoa, a sua hist\u00f3ria e identidade. \u00c9 sem duvida um projeto diferenciador que vem reconhecer<\/p>\n\n\n\n<p>o papel de todos na constru\u00e7\u00e3o no nosso concelho\u201d, afirmou Lu\u00eds Encarna\u00e7\u00e3o, Presidente da C\u00e2mara Municipal de Lagoa. &nbsp;&nbsp;<\/p>\n","protected":false},"excerpt":{"rendered":"<p>O Munic\u00edpio de Lagoa, apresentou publicamente o projeto que ir\u00e1 transformar as instala\u00e7\u00f5es do edif\u00edcio dos antigos Pa\u00e7os do Concelho,<\/p>\n","protected":false},"author":1,"featured_media":21584,"comment_status":"closed","ping_status":"open","sticky":false,"template":"","format":"standard","meta":{"colormag_page_container_layout":"default_layout","colormag_page_sidebar_layout":"default_layout","_monsterinsights_skip_tracking":false,"_monsterinsights_sitenote_active":false,"_monsterinsights_sitenote_note":"","_monsterinsights_sitenote_category":0,"jetpack_post_was_ever_published":false,"_jetpack_newsletter_access":"","_jetpack_dont_email_post_to_subs":false,"_jetpack_newsletter_tier_id":0,"_jetpack_memberships_contains_paywalled_content":false,"_jetpack_memberships_contains_paid_content":false,"footnotes":"","jetpack_publicize_message":"","jetpack_publicize_feature_enabled":true,"jetpack_social_post_already_shared":true,"jetpack_social_options":{"image_generator_settings":{"template":"highway","default_image_id":0,"font":"","enabled":false},"version":2}},"categories":[14],"tags":[36,35,48],"class_list":["post-21583","post","type-post","status-publish","format-standard","has-post-thumbnail","hentry","category-cultura","tag-algarve","tag-cultura","tag-lagoa"],"yoast_head":"<!-- This site is optimized with the Yoast SEO plugin v27.4 - https:\/\/yoast.com\/product\/yoast-seo-wordpress\/ -->\n<title>Munic\u00edpio de Lagoa apresenta o projeto da Casa da Cidadania - Algarve 7<\/title>\n<meta name=\"description\" content=\"Munic\u00edpio de Lagoa apresenta o projeto da Casa da Cidadania Cultura\" \/>\n<meta name=\"robots\" content=\"index, follow, max-snippet:-1, max-image-preview:large, max-video-preview:-1\" \/>\n<link rel=\"canonical\" href=\"https:\/\/algarve7.pt\/index.php\/2022\/09\/municipio-de-lagoa-apresenta-o-projeto-da-casa-da-cidadania\/cultura\/19\/39\/\" \/>\n<meta property=\"og:locale\" content=\"pt_PT\" \/>\n<meta property=\"og:type\" content=\"article\" \/>\n<meta property=\"og:title\" content=\"Munic\u00edpio de Lagoa apresenta o projeto da Casa da Cidadania - Algarve 7\" \/>\n<meta property=\"og:description\" content=\"Munic\u00edpio de Lagoa apresenta o projeto da Casa da Cidadania Cultura\" \/>\n<meta property=\"og:url\" content=\"https:\/\/algarve7.pt\/index.php\/2022\/09\/municipio-de-lagoa-apresenta-o-projeto-da-casa-da-cidadania\/cultura\/19\/39\/\" \/>\n<meta property=\"og:site_name\" content=\"Algarve 7\" \/>\n<meta property=\"article:publisher\" content=\"https:\/\/www.facebook.com\/algarve7\" \/>\n<meta property=\"article:author\" content=\"https:\/\/www.facebook.com\/algarve7\" \/>\n<meta property=\"article:published_time\" content=\"2022-09-12T18:39:28+00:00\" \/>\n<meta property=\"article:modified_time\" content=\"2022-09-12T18:39:32+00:00\" \/>\n<meta property=\"og:image\" content=\"https:\/\/algarve7.pt\/wp-content\/uploads\/2022\/09\/IMG_4-2.jpg\" \/>\n\t<meta property=\"og:image:width\" content=\"2048\" \/>\n\t<meta property=\"og:image:height\" content=\"1365\" \/>\n\t<meta property=\"og:image:type\" content=\"image\/jpeg\" \/>\n<meta name=\"author\" content=\"Algarve 7\" \/>\n<meta name=\"twitter:card\" content=\"summary_large_image\" \/>\n<meta name=\"twitter:creator\" content=\"@Algarvesete\" \/>\n<meta name=\"twitter:site\" content=\"@Algarvesete\" \/>\n<meta name=\"twitter:label1\" content=\"Escrito por\" \/>\n\t<meta name=\"twitter:data1\" content=\"Algarve 7\" \/>\n\t<meta name=\"twitter:label2\" content=\"Tempo estimado de leitura\" \/>\n\t<meta name=\"twitter:data2\" content=\"3 minutos\" \/>\n<script type=\"application\/ld+json\" class=\"yoast-schema-graph\">{\"@context\":\"https:\\\/\\\/schema.org\",\"@graph\":[{\"@type\":\"Article\",\"@id\":\"https:\\\/\\\/algarve7.pt\\\/index.php\\\/2022\\\/09\\\/municipio-de-lagoa-apresenta-o-projeto-da-casa-da-cidadania\\\/cultura\\\/19\\\/39\\\/#article\",\"isPartOf\":{\"@id\":\"https:\\\/\\\/algarve7.pt\\\/index.php\\\/2022\\\/09\\\/municipio-de-lagoa-apresenta-o-projeto-da-casa-da-cidadania\\\/cultura\\\/19\\\/39\\\/\"},\"author\":{\"name\":\"Algarve 7\",\"@id\":\"https:\\\/\\\/algarve7.pt\\\/#\\\/schema\\\/person\\\/23fa70681308e7b319a3204bcea45e0c\"},\"headline\":\"Munic\u00edpio de Lagoa apresenta o projeto da Casa da Cidadania\",\"datePublished\":\"2022-09-12T18:39:28+00:00\",\"dateModified\":\"2022-09-12T18:39:32+00:00\",\"mainEntityOfPage\":{\"@id\":\"https:\\\/\\\/algarve7.pt\\\/index.php\\\/2022\\\/09\\\/municipio-de-lagoa-apresenta-o-projeto-da-casa-da-cidadania\\\/cultura\\\/19\\\/39\\\/\"},\"wordCount\":427,\"publisher\":{\"@id\":\"https:\\\/\\\/algarve7.pt\\\/#organization\"},\"image\":{\"@id\":\"https:\\\/\\\/algarve7.pt\\\/index.php\\\/2022\\\/09\\\/municipio-de-lagoa-apresenta-o-projeto-da-casa-da-cidadania\\\/cultura\\\/19\\\/39\\\/#primaryimage\"},\"thumbnailUrl\":\"https:\\\/\\\/algarve7.pt\\\/wp-content\\\/uploads\\\/2022\\\/09\\\/IMG_4-2.jpg\",\"keywords\":[\"Algarve\",\"Cultura\",\"Lagoa\"],\"articleSection\":[\"Cultura\"],\"inLanguage\":\"pt-PT\"},{\"@type\":\"WebPage\",\"@id\":\"https:\\\/\\\/algarve7.pt\\\/index.php\\\/2022\\\/09\\\/municipio-de-lagoa-apresenta-o-projeto-da-casa-da-cidadania\\\/cultura\\\/19\\\/39\\\/\",\"url\":\"https:\\\/\\\/algarve7.pt\\\/index.php\\\/2022\\\/09\\\/municipio-de-lagoa-apresenta-o-projeto-da-casa-da-cidadania\\\/cultura\\\/19\\\/39\\\/\",\"name\":\"Munic\u00edpio de Lagoa apresenta o projeto da Casa da Cidadania - Algarve 7\",\"isPartOf\":{\"@id\":\"https:\\\/\\\/algarve7.pt\\\/#website\"},\"primaryImageOfPage\":{\"@id\":\"https:\\\/\\\/algarve7.pt\\\/index.php\\\/2022\\\/09\\\/municipio-de-lagoa-apresenta-o-projeto-da-casa-da-cidadania\\\/cultura\\\/19\\\/39\\\/#primaryimage\"},\"image\":{\"@id\":\"https:\\\/\\\/algarve7.pt\\\/index.php\\\/2022\\\/09\\\/municipio-de-lagoa-apresenta-o-projeto-da-casa-da-cidadania\\\/cultura\\\/19\\\/39\\\/#primaryimage\"},\"thumbnailUrl\":\"https:\\\/\\\/algarve7.pt\\\/wp-content\\\/uploads\\\/2022\\\/09\\\/IMG_4-2.jpg\",\"datePublished\":\"2022-09-12T18:39:28+00:00\",\"dateModified\":\"2022-09-12T18:39:32+00:00\",\"description\":\"Munic\u00edpio de Lagoa apresenta o projeto da Casa da Cidadania Cultura\",\"breadcrumb\":{\"@id\":\"https:\\\/\\\/algarve7.pt\\\/index.php\\\/2022\\\/09\\\/municipio-de-lagoa-apresenta-o-projeto-da-casa-da-cidadania\\\/cultura\\\/19\\\/39\\\/#breadcrumb\"},\"inLanguage\":\"pt-PT\",\"potentialAction\":[{\"@type\":\"ReadAction\",\"target\":[\"https:\\\/\\\/algarve7.pt\\\/index.php\\\/2022\\\/09\\\/municipio-de-lagoa-apresenta-o-projeto-da-casa-da-cidadania\\\/cultura\\\/19\\\/39\\\/\"]}]},{\"@type\":\"ImageObject\",\"inLanguage\":\"pt-PT\",\"@id\":\"https:\\\/\\\/algarve7.pt\\\/index.php\\\/2022\\\/09\\\/municipio-de-lagoa-apresenta-o-projeto-da-casa-da-cidadania\\\/cultura\\\/19\\\/39\\\/#primaryimage\",\"url\":\"https:\\\/\\\/algarve7.pt\\\/wp-content\\\/uploads\\\/2022\\\/09\\\/IMG_4-2.jpg\",\"contentUrl\":\"https:\\\/\\\/algarve7.pt\\\/wp-content\\\/uploads\\\/2022\\\/09\\\/IMG_4-2.jpg\",\"width\":2048,\"height\":1365},{\"@type\":\"BreadcrumbList\",\"@id\":\"https:\\\/\\\/algarve7.pt\\\/index.php\\\/2022\\\/09\\\/municipio-de-lagoa-apresenta-o-projeto-da-casa-da-cidadania\\\/cultura\\\/19\\\/39\\\/#breadcrumb\",\"itemListElement\":[{\"@type\":\"ListItem\",\"position\":1,\"name\":\"In\u00edcio\",\"item\":\"https:\\\/\\\/algarve7.pt\\\/\"},{\"@type\":\"ListItem\",\"position\":2,\"name\":\"Munic\u00edpio de Lagoa apresenta o projeto da Casa da Cidadania\"}]},{\"@type\":\"WebSite\",\"@id\":\"https:\\\/\\\/algarve7.pt\\\/#website\",\"url\":\"https:\\\/\\\/algarve7.pt\\\/\",\"name\":\"Algarve 7\",\"description\":\"Informa\u00e7\u00e3o sobre o Algarve\",\"publisher\":{\"@id\":\"https:\\\/\\\/algarve7.pt\\\/#organization\"},\"potentialAction\":[{\"@type\":\"SearchAction\",\"target\":{\"@type\":\"EntryPoint\",\"urlTemplate\":\"https:\\\/\\\/algarve7.pt\\\/?s={search_term_string}\"},\"query-input\":{\"@type\":\"PropertyValueSpecification\",\"valueRequired\":true,\"valueName\":\"search_term_string\"}}],\"inLanguage\":\"pt-PT\"},{\"@type\":\"Organization\",\"@id\":\"https:\\\/\\\/algarve7.pt\\\/#organization\",\"name\":\"Algarve 7\",\"url\":\"https:\\\/\\\/algarve7.pt\\\/\",\"logo\":{\"@type\":\"ImageObject\",\"inLanguage\":\"pt-PT\",\"@id\":\"https:\\\/\\\/algarve7.pt\\\/#\\\/schema\\\/logo\\\/image\\\/\",\"url\":\"https:\\\/\\\/algarve7.pt\\\/wp-content\\\/uploads\\\/2020\\\/10\\\/Logo-8.jpg\",\"contentUrl\":\"https:\\\/\\\/algarve7.pt\\\/wp-content\\\/uploads\\\/2020\\\/10\\\/Logo-8.jpg\",\"width\":1680,\"height\":1186,\"caption\":\"Algarve 7\"},\"image\":{\"@id\":\"https:\\\/\\\/algarve7.pt\\\/#\\\/schema\\\/logo\\\/image\\\/\"},\"sameAs\":[\"https:\\\/\\\/www.facebook.com\\\/algarve7\",\"https:\\\/\\\/x.com\\\/Algarvesete\",\"https:\\\/\\\/www.instagram.com\\\/jornalalgarve7\\\/\",\"https:\\\/\\\/www.linkedin.com\\\/company\\\/algarve7\",\"https:\\\/\\\/www.pinterest.pt\\\/geral0939\\\/_created\\\/\"]},{\"@type\":\"Person\",\"@id\":\"https:\\\/\\\/algarve7.pt\\\/#\\\/schema\\\/person\\\/23fa70681308e7b319a3204bcea45e0c\",\"name\":\"Algarve 7\",\"sameAs\":[\"https:\\\/\\\/algarve7.pt\",\"https:\\\/\\\/www.facebook.com\\\/algarve7\"],\"url\":\"https:\\\/\\\/algarve7.pt\\\/index.php\\\/author\\\/geralalgarve7-pt\\\/\"}]}<\/script>\n<!-- \/ Yoast SEO plugin. -->","yoast_head_json":{"title":"Munic\u00edpio de Lagoa apresenta o projeto da Casa da Cidadania - Algarve 7","description":"Munic\u00edpio de Lagoa apresenta o projeto da Casa da Cidadania Cultura","robots":{"index":"index","follow":"follow","max-snippet":"max-snippet:-1","max-image-preview":"max-image-preview:large","max-video-preview":"max-video-preview:-1"},"canonical":"https:\/\/algarve7.pt\/index.php\/2022\/09\/municipio-de-lagoa-apresenta-o-projeto-da-casa-da-cidadania\/cultura\/19\/39\/","og_locale":"pt_PT","og_type":"article","og_title":"Munic\u00edpio de Lagoa apresenta o projeto da Casa da Cidadania - Algarve 7","og_description":"Munic\u00edpio de Lagoa apresenta o projeto da Casa da Cidadania Cultura","og_url":"https:\/\/algarve7.pt\/index.php\/2022\/09\/municipio-de-lagoa-apresenta-o-projeto-da-casa-da-cidadania\/cultura\/19\/39\/","og_site_name":"Algarve 7","article_publisher":"https:\/\/www.facebook.com\/algarve7","article_author":"https:\/\/www.facebook.com\/algarve7","article_published_time":"2022-09-12T18:39:28+00:00","article_modified_time":"2022-09-12T18:39:32+00:00","og_image":[{"width":2048,"height":1365,"url":"https:\/\/algarve7.pt\/wp-content\/uploads\/2022\/09\/IMG_4-2.jpg","type":"image\/jpeg"}],"author":"Algarve 7","twitter_card":"summary_large_image","twitter_creator":"@Algarvesete","twitter_site":"@Algarvesete","twitter_misc":{"Escrito por":"Algarve 7","Tempo estimado de leitura":"3 minutos"},"schema":{"@context":"https:\/\/schema.org","@graph":[{"@type":"Article","@id":"https:\/\/algarve7.pt\/index.php\/2022\/09\/municipio-de-lagoa-apresenta-o-projeto-da-casa-da-cidadania\/cultura\/19\/39\/#article","isPartOf":{"@id":"https:\/\/algarve7.pt\/index.php\/2022\/09\/municipio-de-lagoa-apresenta-o-projeto-da-casa-da-cidadania\/cultura\/19\/39\/"},"author":{"name":"Algarve 7","@id":"https:\/\/algarve7.pt\/#\/schema\/person\/23fa70681308e7b319a3204bcea45e0c"},"headline":"Munic\u00edpio de Lagoa apresenta o projeto da Casa da Cidadania","datePublished":"2022-09-12T18:39:28+00:00","dateModified":"2022-09-12T18:39:32+00:00","mainEntityOfPage":{"@id":"https:\/\/algarve7.pt\/index.php\/2022\/09\/municipio-de-lagoa-apresenta-o-projeto-da-casa-da-cidadania\/cultura\/19\/39\/"},"wordCount":427,"publisher":{"@id":"https:\/\/algarve7.pt\/#organization"},"image":{"@id":"https:\/\/algarve7.pt\/index.php\/2022\/09\/municipio-de-lagoa-apresenta-o-projeto-da-casa-da-cidadania\/cultura\/19\/39\/#primaryimage"},"thumbnailUrl":"https:\/\/algarve7.pt\/wp-content\/uploads\/2022\/09\/IMG_4-2.jpg","keywords":["Algarve","Cultura","Lagoa"],"articleSection":["Cultura"],"inLanguage":"pt-PT"},{"@type":"WebPage","@id":"https:\/\/algarve7.pt\/index.php\/2022\/09\/municipio-de-lagoa-apresenta-o-projeto-da-casa-da-cidadania\/cultura\/19\/39\/","url":"https:\/\/algarve7.pt\/index.php\/2022\/09\/municipio-de-lagoa-apresenta-o-projeto-da-casa-da-cidadania\/cultura\/19\/39\/","name":"Munic\u00edpio de Lagoa apresenta o projeto da Casa da Cidadania - Algarve 7","isPartOf":{"@id":"https:\/\/algarve7.pt\/#website"},"primaryImageOfPage":{"@id":"https:\/\/algarve7.pt\/index.php\/2022\/09\/municipio-de-lagoa-apresenta-o-projeto-da-casa-da-cidadania\/cultura\/19\/39\/#primaryimage"},"image":{"@id":"https:\/\/algarve7.pt\/index.php\/2022\/09\/municipio-de-lagoa-apresenta-o-projeto-da-casa-da-cidadania\/cultura\/19\/39\/#primaryimage"},"thumbnailUrl":"https:\/\/algarve7.pt\/wp-content\/uploads\/2022\/09\/IMG_4-2.jpg","datePublished":"2022-09-12T18:39:28+00:00","dateModified":"2022-09-12T18:39:32+00:00","description":"Munic\u00edpio de Lagoa apresenta o projeto da Casa da Cidadania Cultura","breadcrumb":{"@id":"https:\/\/algarve7.pt\/index.php\/2022\/09\/municipio-de-lagoa-apresenta-o-projeto-da-casa-da-cidadania\/cultura\/19\/39\/#breadcrumb"},"inLanguage":"pt-PT","potentialAction":[{"@type":"ReadAction","target":["https:\/\/algarve7.pt\/index.php\/2022\/09\/municipio-de-lagoa-apresenta-o-projeto-da-casa-da-cidadania\/cultura\/19\/39\/"]}]},{"@type":"ImageObject","inLanguage":"pt-PT","@id":"https:\/\/algarve7.pt\/index.php\/2022\/09\/municipio-de-lagoa-apresenta-o-projeto-da-casa-da-cidadania\/cultura\/19\/39\/#primaryimage","url":"https:\/\/algarve7.pt\/wp-content\/uploads\/2022\/09\/IMG_4-2.jpg","contentUrl":"https:\/\/algarve7.pt\/wp-content\/uploads\/2022\/09\/IMG_4-2.jpg","width":2048,"height":1365},{"@type":"BreadcrumbList","@id":"https:\/\/algarve7.pt\/index.php\/2022\/09\/municipio-de-lagoa-apresenta-o-projeto-da-casa-da-cidadania\/cultura\/19\/39\/#breadcrumb","itemListElement":[{"@type":"ListItem","position":1,"name":"In\u00edcio","item":"https:\/\/algarve7.pt\/"},{"@type":"ListItem","position":2,"name":"Munic\u00edpio de Lagoa apresenta o projeto da Casa da Cidadania"}]},{"@type":"WebSite","@id":"https:\/\/algarve7.pt\/#website","url":"https:\/\/algarve7.pt\/","name":"Algarve 7","description":"Informa\u00e7\u00e3o sobre o Algarve","publisher":{"@id":"https:\/\/algarve7.pt\/#organization"},"potentialAction":[{"@type":"SearchAction","target":{"@type":"EntryPoint","urlTemplate":"https:\/\/algarve7.pt\/?s={search_term_string}"},"query-input":{"@type":"PropertyValueSpecification","valueRequired":true,"valueName":"search_term_string"}}],"inLanguage":"pt-PT"},{"@type":"Organization","@id":"https:\/\/algarve7.pt\/#organization","name":"Algarve 7","url":"https:\/\/algarve7.pt\/","logo":{"@type":"ImageObject","inLanguage":"pt-PT","@id":"https:\/\/algarve7.pt\/#\/schema\/logo\/image\/","url":"https:\/\/algarve7.pt\/wp-content\/uploads\/2020\/10\/Logo-8.jpg","contentUrl":"https:\/\/algarve7.pt\/wp-content\/uploads\/2020\/10\/Logo-8.jpg","width":1680,"height":1186,"caption":"Algarve 7"},"image":{"@id":"https:\/\/algarve7.pt\/#\/schema\/logo\/image\/"},"sameAs":["https:\/\/www.facebook.com\/algarve7","https:\/\/x.com\/Algarvesete","https:\/\/www.instagram.com\/jornalalgarve7\/","https:\/\/www.linkedin.com\/company\/algarve7","https:\/\/www.pinterest.pt\/geral0939\/_created\/"]},{"@type":"Person","@id":"https:\/\/algarve7.pt\/#\/schema\/person\/23fa70681308e7b319a3204bcea45e0c","name":"Algarve 7","sameAs":["https:\/\/algarve7.pt","https:\/\/www.facebook.com\/algarve7"],"url":"https:\/\/algarve7.pt\/index.php\/author\/geralalgarve7-pt\/"}]}},"jetpack_publicize_connections":[],"jetpack_featured_media_url":"https:\/\/algarve7.pt\/wp-content\/uploads\/2022\/09\/IMG_4-2.jpg","jetpack_shortlink":"https:\/\/wp.me\/pcezmW-5C7","jetpack_sharing_enabled":true,"_links":{"self":[{"href":"https:\/\/algarve7.pt\/index.php\/wp-json\/wp\/v2\/posts\/21583","targetHints":{"allow":["GET"]}}],"collection":[{"href":"https:\/\/algarve7.pt\/index.php\/wp-json\/wp\/v2\/posts"}],"about":[{"href":"https:\/\/algarve7.pt\/index.php\/wp-json\/wp\/v2\/types\/post"}],"author":[{"embeddable":true,"href":"https:\/\/algarve7.pt\/index.php\/wp-json\/wp\/v2\/users\/1"}],"replies":[{"embeddable":true,"href":"https:\/\/algarve7.pt\/index.php\/wp-json\/wp\/v2\/comments?post=21583"}],"version-history":[{"count":0,"href":"https:\/\/algarve7.pt\/index.php\/wp-json\/wp\/v2\/posts\/21583\/revisions"}],"wp:featuredmedia":[{"embeddable":true,"href":"https:\/\/algarve7.pt\/index.php\/wp-json\/wp\/v2\/media\/21584"}],"wp:attachment":[{"href":"https:\/\/algarve7.pt\/index.php\/wp-json\/wp\/v2\/media?parent=21583"}],"wp:term":[{"taxonomy":"category","embeddable":true,"href":"https:\/\/algarve7.pt\/index.php\/wp-json\/wp\/v2\/categories?post=21583"},{"taxonomy":"post_tag","embeddable":true,"href":"https:\/\/algarve7.pt\/index.php\/wp-json\/wp\/v2\/tags?post=21583"}],"curies":[{"name":"wp","href":"https:\/\/api.w.org\/{rel}","templated":true}]}}