{"id":21580,"date":"2022-09-12T18:43:31","date_gmt":"2022-09-12T17:43:31","guid":{"rendered":"https:\/\/algarve7.pt\/?p=21580"},"modified":"2022-09-12T18:43:34","modified_gmt":"2022-09-12T17:43:34","slug":"baile-da-rosa-e-concertos-ao-entardecer-bandua-na-fortaleza-de-sagres","status":"publish","type":"post","link":"https:\/\/algarve7.pt\/index.php\/2022\/09\/baile-da-rosa-e-concertos-ao-entardecer-bandua-na-fortaleza-de-sagres\/cultura\/18\/43\/","title":{"rendered":"\u201cBaile da Rosa\u201d e \u201cConcertos ao Entardecer: Bandua\u201d na Fortaleza de Sagres"},"content":{"rendered":"\n<p>A Fortaleza de Sagres ir\u00e1 acolher o \u201cBaile da Rosa\u201d no pr\u00f3ximo domingo, 18 de setembro, projeto que decorre durante todo o dia, das 10 \u00e0s 17 horas. Trata-se de uma encena\u00e7\u00e3o de um baile popular a ter lugar ao ar livre, em redor da \u201cRosa dos Ventos\u201d, este enigm\u00e1tico elemento patrimonial circular.&nbsp;<\/p>\n\n\n\n<p>Os participantes ser\u00e3o recebidos \u00e0 entrada da Fortaleza, pelo som do acorde\u00e3o de Andr\u00e9 Teixeira e por um casal de burros que carregam a merenda e que guiam o grupo at\u00e9 junto da \u201cRosa dos Ventos\u201d, local central deste evento. Pelas 10h30 inicia-se a apresenta\u00e7\u00e3o do grupo&nbsp;<em>Piajon<\/em>, com a oficina de dan\u00e7as tradicionais, que ter\u00e1 a orienta\u00e7\u00e3o da bailarina Isabel Duarte, especialista em dan\u00e7as do mundo, e que ir\u00e1 desafiar os visitantes para alguns passos de dan\u00e7a de roda. A oficina decorre at\u00e9 \u00e0s 12h30, altura em que se parar\u00e1 para uma pausa, num momento de confraterniza\u00e7\u00e3o e partilha de um piquenique.&nbsp;&nbsp;<\/p>\n\n\n\n<p>\u00c0s 14h e de volta junto \u00e0 \u201cRosa\u201d, o&nbsp;<em>Colectivo S.T. All Stars<\/em>&nbsp;ir\u00e1 proporcionar um momento de ritmo corporal e percuss\u00e3o prosseguindo, entretanto, com os&nbsp;<em>Piajon<\/em>&nbsp;para o baile que decorre at\u00e9 \u00e0s 17 horas, momento que encerra o evento.<\/p>\n\n\n\n<p>Os participantes dever\u00e3o trazer merenda para partilhar, sendo que a organiza\u00e7\u00e3o proporcionar\u00e1 tamb\u00e9m um piquenique. Est\u00e1 ainda previsto o transporte disponibilizado pela&nbsp;C\u00e2mara Municipal de Vila do Bispo, com paragem nas localidades de Bar\u00e3o de S\u00e3o Miguel, Budens, Salema, Figueira, Raposeira, Vila do Bispo e Sagres (hor\u00e1rios abaixo). As inscri\u00e7\u00f5es s\u00e3o gratuitas e devem ser efetuadas at\u00e9 dia 15 de setembro. Para mais informa\u00e7\u00f5es e inscri\u00e7\u00f5es contacte: 913857406 ou 961320897.<\/p>\n\n\n\n<p>O \u201cBaile da Rosa\u201d \u00e9 um projeto de Concei\u00e7\u00e3o Gon\u00e7alves, Ana Sim\u00f5es e Albina Petrolati, promovido pela&nbsp;Tert\u00falia Associa\u00e7\u00e3o S\u00f3cio Cultural&nbsp;de Aljezur para o DiVaM \u2013 Dinamiza\u00e7\u00e3o e Valoriza\u00e7\u00e3o dos&nbsp;Monumentos, este ano com o tema \u201cPatrim\u00f3nios sem Fronteiras\u201d.<\/p>\n\n\n\n<p>Logo a seguir, no mesmo dia, pelas 18h, o Audit\u00f3rio da Fortaleza de Sagres ser\u00e1 palco do concerto de&nbsp;<em>Bandua<\/em>, o segundo concerto integrado no ciclo \u201cConcertos ao Entardecer\u201d. Bandua agarra no cancioneiro popular da regi\u00e3o da Beira Baixa e encara-o com uma reinterpreta\u00e7\u00e3o&nbsp;<em>folk<\/em>&nbsp;electr\u00f3nica \u00e0 moda do&nbsp;<em>downtempo<\/em>&nbsp;berlinense. Concebido pelo m\u00fasico e produtor luso-brasileiro&nbsp;<em>Tempura the Purple Boy<\/em>&nbsp;e com a participa\u00e7\u00e3o do cantor e m\u00fasico portugu\u00eas Edgar Valente, Bandua representa a primeira vez em que estas sonoridades, poemas e can\u00e7\u00f5es s\u00e3o transformadas num disco melanc\u00f3lico&nbsp;<em>pop<\/em>&nbsp;eletr\u00f3nico de l\u00edngua portuguesa.&nbsp;<\/p>\n\n\n\n<p>A entrada \u00e9 livre, mas sujeita a inscri\u00e7\u00e3o atrav\u00e9s de:\u00a0<a href=\"mailto:arquente@gmail.com\" target=\"_blank\" rel=\"noreferrer noopener\">arquente@gmail.com<\/a><\/p>\n\n\n\n<p>O ciclo \u201cConcertos ao Entardecer\u201d \u00e9 uma iniciativa da&nbsp;ArQuente \u2013 Associa\u00e7\u00e3o Cultural, apoiada pela Dire\u00e7\u00e3o Regional de Cultura do Algarve.&nbsp;<\/p>\n\n\n\n<p><strong>Transporte \u201cBaile da Rosa\u201d &#8211; Hor\u00e1rios:<\/strong><\/p>\n\n\n\n<p>Burgau 9h00 (paragem bus)<\/p>\n\n\n\n<p>Bar\u00e3o S\u00e3o Miguel 9h05 (paragem bus)&nbsp;<\/p>\n\n\n\n<p>Vale de Boi 9h10 (paragem bus)&nbsp;<\/p>\n\n\n\n<p>Budens 9h15 (igreja)<\/p>\n\n\n\n<p>Salema 9h20 (paragem bus)&nbsp;<\/p>\n\n\n\n<p>Figueira 9h25 (paragem bus)&nbsp;<\/p>\n\n\n\n<p>Raposeira 9h30 (paragem bus)&nbsp;<\/p>\n\n\n\n<p>Vila do Bispo 9h35 (paragem bus)&nbsp;<\/p>\n\n\n\n<p>Sagres 9h45 (S\u00edtio do Po\u00e7o)<\/p>\n\n\n\n<p>Sagres 9h45 (Posto de Turismo)<\/p>\n","protected":false},"excerpt":{"rendered":"<p>A Fortaleza de Sagres ir\u00e1 acolher o \u201cBaile da Rosa\u201d no pr\u00f3ximo domingo, 18 de setembro, projeto que decorre durante<\/p>\n","protected":false},"author":1,"featured_media":21581,"comment_status":"closed","ping_status":"open","sticky":false,"template":"","format":"standard","meta":{"colormag_page_container_layout":"default_layout","colormag_page_sidebar_layout":"default_layout","_monsterinsights_skip_tracking":false,"_monsterinsights_sitenote_active":false,"_monsterinsights_sitenote_note":"","_monsterinsights_sitenote_category":0,"jetpack_post_was_ever_published":false,"_jetpack_newsletter_access":"","_jetpack_dont_email_post_to_subs":false,"_jetpack_newsletter_tier_id":0,"_jetpack_memberships_contains_paywalled_content":false,"_jetpack_memberships_contains_paid_content":false,"footnotes":"","jetpack_publicize_message":"","jetpack_publicize_feature_enabled":true,"jetpack_social_post_already_shared":true,"jetpack_social_options":{"image_generator_settings":{"template":"highway","default_image_id":0,"font":"","enabled":false},"version":2}},"categories":[14],"tags":[36,52,35,64,428,102,84],"class_list":["post-21580","post","type-post","status-publish","format-standard","has-post-thumbnail","hentry","category-cultura","tag-algarve","tag-concerto","tag-cultura","tag-danca","tag-fortaleza-de-sagres","tag-sagres","tag-vila-do-bispo"],"yoast_head":"<!-- This site is optimized with the Yoast SEO plugin v27.4 - https:\/\/yoast.com\/product\/yoast-seo-wordpress\/ -->\n<title>\u201cBaile da Rosa\u201d e \u201cConcertos ao Entardecer: Bandua\u201d na Fortaleza de Sagres - Algarve 7<\/title>\n<meta name=\"description\" content=\"\u201cBaile da Rosa\u201d e \u201cConcertos ao Entardecer: Bandua\u201d na Fortaleza de Sagres Cultura\" \/>\n<meta name=\"robots\" content=\"index, follow, max-snippet:-1, max-image-preview:large, max-video-preview:-1\" \/>\n<link rel=\"canonical\" href=\"https:\/\/algarve7.pt\/index.php\/2022\/09\/baile-da-rosa-e-concertos-ao-entardecer-bandua-na-fortaleza-de-sagres\/cultura\/18\/43\/\" \/>\n<meta property=\"og:locale\" content=\"pt_PT\" \/>\n<meta property=\"og:type\" content=\"article\" \/>\n<meta property=\"og:title\" content=\"\u201cBaile da Rosa\u201d e \u201cConcertos ao Entardecer: Bandua\u201d na Fortaleza de Sagres - Algarve 7\" \/>\n<meta property=\"og:description\" content=\"\u201cBaile da Rosa\u201d e \u201cConcertos ao Entardecer: Bandua\u201d na Fortaleza de Sagres Cultura\" \/>\n<meta property=\"og:url\" content=\"https:\/\/algarve7.pt\/index.php\/2022\/09\/baile-da-rosa-e-concertos-ao-entardecer-bandua-na-fortaleza-de-sagres\/cultura\/18\/43\/\" \/>\n<meta property=\"og:site_name\" content=\"Algarve 7\" \/>\n<meta property=\"article:publisher\" content=\"https:\/\/www.facebook.com\/algarve7\" \/>\n<meta property=\"article:author\" content=\"https:\/\/www.facebook.com\/algarve7\" \/>\n<meta property=\"article:published_time\" content=\"2022-09-12T17:43:31+00:00\" \/>\n<meta property=\"article:modified_time\" content=\"2022-09-12T17:43:34+00:00\" \/>\n<meta property=\"og:image\" content=\"https:\/\/algarve7.pt\/wp-content\/uploads\/2022\/09\/Bandua.jpg\" \/>\n\t<meta property=\"og:image:width\" content=\"1448\" \/>\n\t<meta property=\"og:image:height\" content=\"2048\" \/>\n\t<meta property=\"og:image:type\" content=\"image\/jpeg\" \/>\n<meta name=\"author\" content=\"Algarve 7\" \/>\n<meta name=\"twitter:card\" content=\"summary_large_image\" \/>\n<meta name=\"twitter:creator\" content=\"@Algarvesete\" \/>\n<meta name=\"twitter:site\" content=\"@Algarvesete\" \/>\n<meta name=\"twitter:label1\" content=\"Escrito por\" \/>\n\t<meta name=\"twitter:data1\" content=\"Algarve 7\" \/>\n\t<meta name=\"twitter:label2\" content=\"Tempo estimado de leitura\" \/>\n\t<meta name=\"twitter:data2\" content=\"3 minutos\" \/>\n<script type=\"application\/ld+json\" class=\"yoast-schema-graph\">{\"@context\":\"https:\\\/\\\/schema.org\",\"@graph\":[{\"@type\":\"Article\",\"@id\":\"https:\\\/\\\/algarve7.pt\\\/index.php\\\/2022\\\/09\\\/baile-da-rosa-e-concertos-ao-entardecer-bandua-na-fortaleza-de-sagres\\\/cultura\\\/18\\\/43\\\/#article\",\"isPartOf\":{\"@id\":\"https:\\\/\\\/algarve7.pt\\\/index.php\\\/2022\\\/09\\\/baile-da-rosa-e-concertos-ao-entardecer-bandua-na-fortaleza-de-sagres\\\/cultura\\\/18\\\/43\\\/\"},\"author\":{\"name\":\"Algarve 7\",\"@id\":\"https:\\\/\\\/algarve7.pt\\\/#\\\/schema\\\/person\\\/23fa70681308e7b319a3204bcea45e0c\"},\"headline\":\"\u201cBaile da Rosa\u201d e \u201cConcertos ao Entardecer: Bandua\u201d na Fortaleza de Sagres\",\"datePublished\":\"2022-09-12T17:43:31+00:00\",\"dateModified\":\"2022-09-12T17:43:34+00:00\",\"mainEntityOfPage\":{\"@id\":\"https:\\\/\\\/algarve7.pt\\\/index.php\\\/2022\\\/09\\\/baile-da-rosa-e-concertos-ao-entardecer-bandua-na-fortaleza-de-sagres\\\/cultura\\\/18\\\/43\\\/\"},\"wordCount\":570,\"publisher\":{\"@id\":\"https:\\\/\\\/algarve7.pt\\\/#organization\"},\"image\":{\"@id\":\"https:\\\/\\\/algarve7.pt\\\/index.php\\\/2022\\\/09\\\/baile-da-rosa-e-concertos-ao-entardecer-bandua-na-fortaleza-de-sagres\\\/cultura\\\/18\\\/43\\\/#primaryimage\"},\"thumbnailUrl\":\"https:\\\/\\\/algarve7.pt\\\/wp-content\\\/uploads\\\/2022\\\/09\\\/Bandua.jpg\",\"keywords\":[\"Algarve\",\"Concerto\",\"Cultura\",\"Dan\u00e7a\",\"Fortaleza de Sagres\",\"Sagres\",\"Vila do Bispo\"],\"articleSection\":[\"Cultura\"],\"inLanguage\":\"pt-PT\"},{\"@type\":\"WebPage\",\"@id\":\"https:\\\/\\\/algarve7.pt\\\/index.php\\\/2022\\\/09\\\/baile-da-rosa-e-concertos-ao-entardecer-bandua-na-fortaleza-de-sagres\\\/cultura\\\/18\\\/43\\\/\",\"url\":\"https:\\\/\\\/algarve7.pt\\\/index.php\\\/2022\\\/09\\\/baile-da-rosa-e-concertos-ao-entardecer-bandua-na-fortaleza-de-sagres\\\/cultura\\\/18\\\/43\\\/\",\"name\":\"\u201cBaile da Rosa\u201d e \u201cConcertos ao Entardecer: Bandua\u201d na Fortaleza de Sagres - Algarve 7\",\"isPartOf\":{\"@id\":\"https:\\\/\\\/algarve7.pt\\\/#website\"},\"primaryImageOfPage\":{\"@id\":\"https:\\\/\\\/algarve7.pt\\\/index.php\\\/2022\\\/09\\\/baile-da-rosa-e-concertos-ao-entardecer-bandua-na-fortaleza-de-sagres\\\/cultura\\\/18\\\/43\\\/#primaryimage\"},\"image\":{\"@id\":\"https:\\\/\\\/algarve7.pt\\\/index.php\\\/2022\\\/09\\\/baile-da-rosa-e-concertos-ao-entardecer-bandua-na-fortaleza-de-sagres\\\/cultura\\\/18\\\/43\\\/#primaryimage\"},\"thumbnailUrl\":\"https:\\\/\\\/algarve7.pt\\\/wp-content\\\/uploads\\\/2022\\\/09\\\/Bandua.jpg\",\"datePublished\":\"2022-09-12T17:43:31+00:00\",\"dateModified\":\"2022-09-12T17:43:34+00:00\",\"description\":\"\u201cBaile da Rosa\u201d e \u201cConcertos ao Entardecer: Bandua\u201d na Fortaleza de Sagres Cultura\",\"breadcrumb\":{\"@id\":\"https:\\\/\\\/algarve7.pt\\\/index.php\\\/2022\\\/09\\\/baile-da-rosa-e-concertos-ao-entardecer-bandua-na-fortaleza-de-sagres\\\/cultura\\\/18\\\/43\\\/#breadcrumb\"},\"inLanguage\":\"pt-PT\",\"potentialAction\":[{\"@type\":\"ReadAction\",\"target\":[\"https:\\\/\\\/algarve7.pt\\\/index.php\\\/2022\\\/09\\\/baile-da-rosa-e-concertos-ao-entardecer-bandua-na-fortaleza-de-sagres\\\/cultura\\\/18\\\/43\\\/\"]}]},{\"@type\":\"ImageObject\",\"inLanguage\":\"pt-PT\",\"@id\":\"https:\\\/\\\/algarve7.pt\\\/index.php\\\/2022\\\/09\\\/baile-da-rosa-e-concertos-ao-entardecer-bandua-na-fortaleza-de-sagres\\\/cultura\\\/18\\\/43\\\/#primaryimage\",\"url\":\"https:\\\/\\\/algarve7.pt\\\/wp-content\\\/uploads\\\/2022\\\/09\\\/Bandua.jpg\",\"contentUrl\":\"https:\\\/\\\/algarve7.pt\\\/wp-content\\\/uploads\\\/2022\\\/09\\\/Bandua.jpg\",\"width\":1448,\"height\":2048},{\"@type\":\"BreadcrumbList\",\"@id\":\"https:\\\/\\\/algarve7.pt\\\/index.php\\\/2022\\\/09\\\/baile-da-rosa-e-concertos-ao-entardecer-bandua-na-fortaleza-de-sagres\\\/cultura\\\/18\\\/43\\\/#breadcrumb\",\"itemListElement\":[{\"@type\":\"ListItem\",\"position\":1,\"name\":\"In\u00edcio\",\"item\":\"https:\\\/\\\/algarve7.pt\\\/\"},{\"@type\":\"ListItem\",\"position\":2,\"name\":\"\u201cBaile da Rosa\u201d e \u201cConcertos ao Entardecer: Bandua\u201d na Fortaleza de Sagres\"}]},{\"@type\":\"WebSite\",\"@id\":\"https:\\\/\\\/algarve7.pt\\\/#website\",\"url\":\"https:\\\/\\\/algarve7.pt\\\/\",\"name\":\"Algarve 7\",\"description\":\"Informa\u00e7\u00e3o sobre o Algarve\",\"publisher\":{\"@id\":\"https:\\\/\\\/algarve7.pt\\\/#organization\"},\"potentialAction\":[{\"@type\":\"SearchAction\",\"target\":{\"@type\":\"EntryPoint\",\"urlTemplate\":\"https:\\\/\\\/algarve7.pt\\\/?s={search_term_string}\"},\"query-input\":{\"@type\":\"PropertyValueSpecification\",\"valueRequired\":true,\"valueName\":\"search_term_string\"}}],\"inLanguage\":\"pt-PT\"},{\"@type\":\"Organization\",\"@id\":\"https:\\\/\\\/algarve7.pt\\\/#organization\",\"name\":\"Algarve 7\",\"url\":\"https:\\\/\\\/algarve7.pt\\\/\",\"logo\":{\"@type\":\"ImageObject\",\"inLanguage\":\"pt-PT\",\"@id\":\"https:\\\/\\\/algarve7.pt\\\/#\\\/schema\\\/logo\\\/image\\\/\",\"url\":\"https:\\\/\\\/algarve7.pt\\\/wp-content\\\/uploads\\\/2020\\\/10\\\/Logo-8.jpg\",\"contentUrl\":\"https:\\\/\\\/algarve7.pt\\\/wp-content\\\/uploads\\\/2020\\\/10\\\/Logo-8.jpg\",\"width\":1680,\"height\":1186,\"caption\":\"Algarve 7\"},\"image\":{\"@id\":\"https:\\\/\\\/algarve7.pt\\\/#\\\/schema\\\/logo\\\/image\\\/\"},\"sameAs\":[\"https:\\\/\\\/www.facebook.com\\\/algarve7\",\"https:\\\/\\\/x.com\\\/Algarvesete\",\"https:\\\/\\\/www.instagram.com\\\/jornalalgarve7\\\/\",\"https:\\\/\\\/www.linkedin.com\\\/company\\\/algarve7\",\"https:\\\/\\\/www.pinterest.pt\\\/geral0939\\\/_created\\\/\"]},{\"@type\":\"Person\",\"@id\":\"https:\\\/\\\/algarve7.pt\\\/#\\\/schema\\\/person\\\/23fa70681308e7b319a3204bcea45e0c\",\"name\":\"Algarve 7\",\"sameAs\":[\"https:\\\/\\\/algarve7.pt\",\"https:\\\/\\\/www.facebook.com\\\/algarve7\"],\"url\":\"https:\\\/\\\/algarve7.pt\\\/index.php\\\/author\\\/geralalgarve7-pt\\\/\"}]}<\/script>\n<!-- \/ Yoast SEO plugin. -->","yoast_head_json":{"title":"\u201cBaile da Rosa\u201d e \u201cConcertos ao Entardecer: Bandua\u201d na Fortaleza de Sagres - Algarve 7","description":"\u201cBaile da Rosa\u201d e \u201cConcertos ao Entardecer: Bandua\u201d na Fortaleza de Sagres Cultura","robots":{"index":"index","follow":"follow","max-snippet":"max-snippet:-1","max-image-preview":"max-image-preview:large","max-video-preview":"max-video-preview:-1"},"canonical":"https:\/\/algarve7.pt\/index.php\/2022\/09\/baile-da-rosa-e-concertos-ao-entardecer-bandua-na-fortaleza-de-sagres\/cultura\/18\/43\/","og_locale":"pt_PT","og_type":"article","og_title":"\u201cBaile da Rosa\u201d e \u201cConcertos ao Entardecer: Bandua\u201d na Fortaleza de Sagres - Algarve 7","og_description":"\u201cBaile da Rosa\u201d e \u201cConcertos ao Entardecer: Bandua\u201d na Fortaleza de Sagres Cultura","og_url":"https:\/\/algarve7.pt\/index.php\/2022\/09\/baile-da-rosa-e-concertos-ao-entardecer-bandua-na-fortaleza-de-sagres\/cultura\/18\/43\/","og_site_name":"Algarve 7","article_publisher":"https:\/\/www.facebook.com\/algarve7","article_author":"https:\/\/www.facebook.com\/algarve7","article_published_time":"2022-09-12T17:43:31+00:00","article_modified_time":"2022-09-12T17:43:34+00:00","og_image":[{"width":1448,"height":2048,"url":"https:\/\/algarve7.pt\/wp-content\/uploads\/2022\/09\/Bandua.jpg","type":"image\/jpeg"}],"author":"Algarve 7","twitter_card":"summary_large_image","twitter_creator":"@Algarvesete","twitter_site":"@Algarvesete","twitter_misc":{"Escrito por":"Algarve 7","Tempo estimado de leitura":"3 minutos"},"schema":{"@context":"https:\/\/schema.org","@graph":[{"@type":"Article","@id":"https:\/\/algarve7.pt\/index.php\/2022\/09\/baile-da-rosa-e-concertos-ao-entardecer-bandua-na-fortaleza-de-sagres\/cultura\/18\/43\/#article","isPartOf":{"@id":"https:\/\/algarve7.pt\/index.php\/2022\/09\/baile-da-rosa-e-concertos-ao-entardecer-bandua-na-fortaleza-de-sagres\/cultura\/18\/43\/"},"author":{"name":"Algarve 7","@id":"https:\/\/algarve7.pt\/#\/schema\/person\/23fa70681308e7b319a3204bcea45e0c"},"headline":"\u201cBaile da Rosa\u201d e \u201cConcertos ao Entardecer: Bandua\u201d na Fortaleza de Sagres","datePublished":"2022-09-12T17:43:31+00:00","dateModified":"2022-09-12T17:43:34+00:00","mainEntityOfPage":{"@id":"https:\/\/algarve7.pt\/index.php\/2022\/09\/baile-da-rosa-e-concertos-ao-entardecer-bandua-na-fortaleza-de-sagres\/cultura\/18\/43\/"},"wordCount":570,"publisher":{"@id":"https:\/\/algarve7.pt\/#organization"},"image":{"@id":"https:\/\/algarve7.pt\/index.php\/2022\/09\/baile-da-rosa-e-concertos-ao-entardecer-bandua-na-fortaleza-de-sagres\/cultura\/18\/43\/#primaryimage"},"thumbnailUrl":"https:\/\/algarve7.pt\/wp-content\/uploads\/2022\/09\/Bandua.jpg","keywords":["Algarve","Concerto","Cultura","Dan\u00e7a","Fortaleza de Sagres","Sagres","Vila do Bispo"],"articleSection":["Cultura"],"inLanguage":"pt-PT"},{"@type":"WebPage","@id":"https:\/\/algarve7.pt\/index.php\/2022\/09\/baile-da-rosa-e-concertos-ao-entardecer-bandua-na-fortaleza-de-sagres\/cultura\/18\/43\/","url":"https:\/\/algarve7.pt\/index.php\/2022\/09\/baile-da-rosa-e-concertos-ao-entardecer-bandua-na-fortaleza-de-sagres\/cultura\/18\/43\/","name":"\u201cBaile da Rosa\u201d e \u201cConcertos ao Entardecer: Bandua\u201d na Fortaleza de Sagres - Algarve 7","isPartOf":{"@id":"https:\/\/algarve7.pt\/#website"},"primaryImageOfPage":{"@id":"https:\/\/algarve7.pt\/index.php\/2022\/09\/baile-da-rosa-e-concertos-ao-entardecer-bandua-na-fortaleza-de-sagres\/cultura\/18\/43\/#primaryimage"},"image":{"@id":"https:\/\/algarve7.pt\/index.php\/2022\/09\/baile-da-rosa-e-concertos-ao-entardecer-bandua-na-fortaleza-de-sagres\/cultura\/18\/43\/#primaryimage"},"thumbnailUrl":"https:\/\/algarve7.pt\/wp-content\/uploads\/2022\/09\/Bandua.jpg","datePublished":"2022-09-12T17:43:31+00:00","dateModified":"2022-09-12T17:43:34+00:00","description":"\u201cBaile da Rosa\u201d e \u201cConcertos ao Entardecer: Bandua\u201d na Fortaleza de Sagres Cultura","breadcrumb":{"@id":"https:\/\/algarve7.pt\/index.php\/2022\/09\/baile-da-rosa-e-concertos-ao-entardecer-bandua-na-fortaleza-de-sagres\/cultura\/18\/43\/#breadcrumb"},"inLanguage":"pt-PT","potentialAction":[{"@type":"ReadAction","target":["https:\/\/algarve7.pt\/index.php\/2022\/09\/baile-da-rosa-e-concertos-ao-entardecer-bandua-na-fortaleza-de-sagres\/cultura\/18\/43\/"]}]},{"@type":"ImageObject","inLanguage":"pt-PT","@id":"https:\/\/algarve7.pt\/index.php\/2022\/09\/baile-da-rosa-e-concertos-ao-entardecer-bandua-na-fortaleza-de-sagres\/cultura\/18\/43\/#primaryimage","url":"https:\/\/algarve7.pt\/wp-content\/uploads\/2022\/09\/Bandua.jpg","contentUrl":"https:\/\/algarve7.pt\/wp-content\/uploads\/2022\/09\/Bandua.jpg","width":1448,"height":2048},{"@type":"BreadcrumbList","@id":"https:\/\/algarve7.pt\/index.php\/2022\/09\/baile-da-rosa-e-concertos-ao-entardecer-bandua-na-fortaleza-de-sagres\/cultura\/18\/43\/#breadcrumb","itemListElement":[{"@type":"ListItem","position":1,"name":"In\u00edcio","item":"https:\/\/algarve7.pt\/"},{"@type":"ListItem","position":2,"name":"\u201cBaile da Rosa\u201d e \u201cConcertos ao Entardecer: Bandua\u201d na Fortaleza de Sagres"}]},{"@type":"WebSite","@id":"https:\/\/algarve7.pt\/#website","url":"https:\/\/algarve7.pt\/","name":"Algarve 7","description":"Informa\u00e7\u00e3o sobre o Algarve","publisher":{"@id":"https:\/\/algarve7.pt\/#organization"},"potentialAction":[{"@type":"SearchAction","target":{"@type":"EntryPoint","urlTemplate":"https:\/\/algarve7.pt\/?s={search_term_string}"},"query-input":{"@type":"PropertyValueSpecification","valueRequired":true,"valueName":"search_term_string"}}],"inLanguage":"pt-PT"},{"@type":"Organization","@id":"https:\/\/algarve7.pt\/#organization","name":"Algarve 7","url":"https:\/\/algarve7.pt\/","logo":{"@type":"ImageObject","inLanguage":"pt-PT","@id":"https:\/\/algarve7.pt\/#\/schema\/logo\/image\/","url":"https:\/\/algarve7.pt\/wp-content\/uploads\/2020\/10\/Logo-8.jpg","contentUrl":"https:\/\/algarve7.pt\/wp-content\/uploads\/2020\/10\/Logo-8.jpg","width":1680,"height":1186,"caption":"Algarve 7"},"image":{"@id":"https:\/\/algarve7.pt\/#\/schema\/logo\/image\/"},"sameAs":["https:\/\/www.facebook.com\/algarve7","https:\/\/x.com\/Algarvesete","https:\/\/www.instagram.com\/jornalalgarve7\/","https:\/\/www.linkedin.com\/company\/algarve7","https:\/\/www.pinterest.pt\/geral0939\/_created\/"]},{"@type":"Person","@id":"https:\/\/algarve7.pt\/#\/schema\/person\/23fa70681308e7b319a3204bcea45e0c","name":"Algarve 7","sameAs":["https:\/\/algarve7.pt","https:\/\/www.facebook.com\/algarve7"],"url":"https:\/\/algarve7.pt\/index.php\/author\/geralalgarve7-pt\/"}]}},"jetpack_publicize_connections":[],"jetpack_featured_media_url":"https:\/\/algarve7.pt\/wp-content\/uploads\/2022\/09\/Bandua.jpg","jetpack_shortlink":"https:\/\/wp.me\/pcezmW-5C4","jetpack_sharing_enabled":true,"_links":{"self":[{"href":"https:\/\/algarve7.pt\/index.php\/wp-json\/wp\/v2\/posts\/21580","targetHints":{"allow":["GET"]}}],"collection":[{"href":"https:\/\/algarve7.pt\/index.php\/wp-json\/wp\/v2\/posts"}],"about":[{"href":"https:\/\/algarve7.pt\/index.php\/wp-json\/wp\/v2\/types\/post"}],"author":[{"embeddable":true,"href":"https:\/\/algarve7.pt\/index.php\/wp-json\/wp\/v2\/users\/1"}],"replies":[{"embeddable":true,"href":"https:\/\/algarve7.pt\/index.php\/wp-json\/wp\/v2\/comments?post=21580"}],"version-history":[{"count":0,"href":"https:\/\/algarve7.pt\/index.php\/wp-json\/wp\/v2\/posts\/21580\/revisions"}],"wp:featuredmedia":[{"embeddable":true,"href":"https:\/\/algarve7.pt\/index.php\/wp-json\/wp\/v2\/media\/21581"}],"wp:attachment":[{"href":"https:\/\/algarve7.pt\/index.php\/wp-json\/wp\/v2\/media?parent=21580"}],"wp:term":[{"taxonomy":"category","embeddable":true,"href":"https:\/\/algarve7.pt\/index.php\/wp-json\/wp\/v2\/categories?post=21580"},{"taxonomy":"post_tag","embeddable":true,"href":"https:\/\/algarve7.pt\/index.php\/wp-json\/wp\/v2\/tags?post=21580"}],"curies":[{"name":"wp","href":"https:\/\/api.w.org\/{rel}","templated":true}]}}