{"id":21577,"date":"2022-09-12T17:02:19","date_gmt":"2022-09-12T16:02:19","guid":{"rendered":"https:\/\/algarve7.pt\/?p=21577"},"modified":"2022-09-12T17:02:24","modified_gmt":"2022-09-12T16:02:24","slug":"interior-do-concelho-de-loule-vai-estar-em-destaque-em-paris","status":"publish","type":"post","link":"https:\/\/algarve7.pt\/index.php\/2022\/09\/interior-do-concelho-de-loule-vai-estar-em-destaque-em-paris\/turismo\/17\/02\/","title":{"rendered":"Interior do concelho de Loul\u00e9 vai estar em destaque em Paris"},"content":{"rendered":"\n<p>De 23 a 25 de setembro, o Munic\u00edpio de Loul\u00e9 participa no 9\u00ba Sal\u00e3o do Imobili\u00e1rio e Turismo Portugu\u00eas, que decorre no Parque de Exposi\u00e7\u00f5es, Porte de Versailles, em Paris, com uma presen\u00e7a que pretende dar a conhecer o que de melhor o concelho tem para oferecer no seu territ\u00f3rio interior.<\/p>\n\n\n\n<p>A C\u00e2mara Municipal de Loul\u00e9 vai estar neste certame com um stand de 36 m2, ao lado de 5 empresas e entidades ligadas ao produto de interior, duas que operam na \u00e1rea do turismo em espa\u00e7o rural \u2013 a Quinta do Freixo (Benafim) e a Associa\u00e7\u00e3o Almargem \u2013 e tr\u00eas do setor imobili\u00e1rio \u2013 a Garvetur, a Remax Loul\u00e9 e a Era Loul\u00e9. De referir que estas imobili\u00e1rias ir\u00e3o apresentar produtos exclusivamente de interior.<\/p>\n\n\n\n<p>A natureza e as belas paisagens, a EN2, os percursos e trilhos para caminhadas e passeios de BTT, a gastronomia e o artesanato, mas tamb\u00e9m projetos da Autarquia diretamente ligados a este territ\u00f3rio serrano como o Loul\u00e9 Criativo e a divulga\u00e7\u00e3o das artes e saberes ancestrais ou o Geoparque Algarvensis, j\u00e1 que \u00e9 precisamente neste espa\u00e7o que se est\u00e1 a desenvolver a candidatura a Geoparque Mundial da UNESCO, s\u00e3o algumas das mat\u00e9rias que a Autarquia dar\u00e1 a conhecer ao p\u00fablico franc\u00f3fono, atrav\u00e9s de uma apresenta\u00e7\u00e3o a cargo do seu presidente, V\u00edtor Aleixo.<\/p>\n\n\n\n<p>Com esta presen\u00e7a num certame de especial import\u00e2ncia para a economia nacional, pretende a C\u00e2mara Municipal de Loul\u00e9 atrair quer turismo, quer investimento, \u00e0s zonas de interior, numa altura em que s\u00e3o cada vez mais os franceses que procuram o Algarve, e em particular Loul\u00e9, n\u00e3o s\u00f3 como destino de f\u00e9rias, mas tamb\u00e9m para viver e realizar neg\u00f3cios.<\/p>\n\n\n\n<p>De referir que a presen\u00e7a de Loul\u00e9 neste evento, inicialmente prevista para 2020, mas que teve de ser adiada devido \u00e0 pandemia, deve-se tamb\u00e9m aos la\u00e7os estabelecidos com Fran\u00e7a, nomeadamente atrav\u00e9s da gemina\u00e7\u00e3o com Cr\u00e9teil, em 2016, e a colabora\u00e7\u00e3o com a C\u00e2mara de Com\u00e9rcio e Ind\u00fastria Franco-Portuguesa.<\/p>\n\n\n\n<p>Durante os tr\u00eas dias do 9\u00ba Sal\u00e3o do Imobili\u00e1rio e Turismo Portugu\u00eas v\u00e3o estar presentes entre 150 e 200 expositores, esperando a organiza\u00e7\u00e3o mais de 10.000 visitantes.<\/p>\n","protected":false},"excerpt":{"rendered":"<p>De 23 a 25 de setembro, o Munic\u00edpio de Loul\u00e9 participa no 9\u00ba Sal\u00e3o do Imobili\u00e1rio e Turismo Portugu\u00eas, que<\/p>\n","protected":false},"author":1,"featured_media":21578,"comment_status":"closed","ping_status":"open","sticky":false,"template":"","format":"standard","meta":{"colormag_page_container_layout":"default_layout","colormag_page_sidebar_layout":"default_layout","_monsterinsights_skip_tracking":false,"_monsterinsights_sitenote_active":false,"_monsterinsights_sitenote_note":"","_monsterinsights_sitenote_category":0,"jetpack_post_was_ever_published":false,"_jetpack_newsletter_access":"","_jetpack_dont_email_post_to_subs":false,"_jetpack_newsletter_tier_id":0,"_jetpack_memberships_contains_paywalled_content":false,"_jetpack_memberships_contains_paid_content":false,"footnotes":"","jetpack_publicize_message":"","jetpack_publicize_feature_enabled":true,"jetpack_social_post_already_shared":true,"jetpack_social_options":{"image_generator_settings":{"template":"highway","default_image_id":0,"font":"","enabled":false},"version":2}},"categories":[17],"tags":[36,31,45],"class_list":["post-21577","post","type-post","status-publish","format-standard","has-post-thumbnail","hentry","category-turismo","tag-algarve","tag-loule","tag-turismo"],"yoast_head":"<!-- This site is optimized with the Yoast SEO plugin v27.4 - https:\/\/yoast.com\/product\/yoast-seo-wordpress\/ -->\n<title>Interior do concelho de Loul\u00e9 vai estar em destaque em Paris - Algarve 7<\/title>\n<meta name=\"description\" content=\"Interior do concelho de Loul\u00e9 vai estar em destaque em Paris Turismo\" \/>\n<meta name=\"robots\" content=\"index, follow, max-snippet:-1, max-image-preview:large, max-video-preview:-1\" \/>\n<link rel=\"canonical\" href=\"https:\/\/algarve7.pt\/index.php\/2022\/09\/interior-do-concelho-de-loule-vai-estar-em-destaque-em-paris\/turismo\/17\/02\/\" \/>\n<meta property=\"og:locale\" content=\"pt_PT\" \/>\n<meta property=\"og:type\" content=\"article\" \/>\n<meta property=\"og:title\" content=\"Interior do concelho de Loul\u00e9 vai estar em destaque em Paris - Algarve 7\" \/>\n<meta property=\"og:description\" content=\"Interior do concelho de Loul\u00e9 vai estar em destaque em Paris Turismo\" \/>\n<meta property=\"og:url\" content=\"https:\/\/algarve7.pt\/index.php\/2022\/09\/interior-do-concelho-de-loule-vai-estar-em-destaque-em-paris\/turismo\/17\/02\/\" \/>\n<meta property=\"og:site_name\" content=\"Algarve 7\" \/>\n<meta property=\"article:publisher\" content=\"https:\/\/www.facebook.com\/algarve7\" \/>\n<meta property=\"article:author\" content=\"https:\/\/www.facebook.com\/algarve7\" \/>\n<meta property=\"article:published_time\" content=\"2022-09-12T16:02:19+00:00\" \/>\n<meta property=\"article:modified_time\" content=\"2022-09-12T16:02:24+00:00\" \/>\n<meta property=\"og:image\" content=\"https:\/\/algarve7.pt\/wp-content\/uploads\/2022\/09\/Alte-2-scaled.jpg\" \/>\n\t<meta property=\"og:image:width\" content=\"2560\" \/>\n\t<meta property=\"og:image:height\" content=\"1707\" \/>\n\t<meta property=\"og:image:type\" content=\"image\/jpeg\" \/>\n<meta name=\"author\" content=\"Algarve 7\" \/>\n<meta name=\"twitter:card\" content=\"summary_large_image\" \/>\n<meta name=\"twitter:creator\" content=\"@Algarvesete\" \/>\n<meta name=\"twitter:site\" content=\"@Algarvesete\" \/>\n<meta name=\"twitter:label1\" content=\"Escrito por\" \/>\n\t<meta name=\"twitter:data1\" content=\"Algarve 7\" \/>\n\t<meta name=\"twitter:label2\" content=\"Tempo estimado de leitura\" \/>\n\t<meta name=\"twitter:data2\" content=\"2 minutos\" \/>\n<script type=\"application\/ld+json\" class=\"yoast-schema-graph\">{\"@context\":\"https:\\\/\\\/schema.org\",\"@graph\":[{\"@type\":\"Article\",\"@id\":\"https:\\\/\\\/algarve7.pt\\\/index.php\\\/2022\\\/09\\\/interior-do-concelho-de-loule-vai-estar-em-destaque-em-paris\\\/turismo\\\/17\\\/02\\\/#article\",\"isPartOf\":{\"@id\":\"https:\\\/\\\/algarve7.pt\\\/index.php\\\/2022\\\/09\\\/interior-do-concelho-de-loule-vai-estar-em-destaque-em-paris\\\/turismo\\\/17\\\/02\\\/\"},\"author\":{\"name\":\"Algarve 7\",\"@id\":\"https:\\\/\\\/algarve7.pt\\\/#\\\/schema\\\/person\\\/23fa70681308e7b319a3204bcea45e0c\"},\"headline\":\"Interior do concelho de Loul\u00e9 vai estar em destaque em Paris\",\"datePublished\":\"2022-09-12T16:02:19+00:00\",\"dateModified\":\"2022-09-12T16:02:24+00:00\",\"mainEntityOfPage\":{\"@id\":\"https:\\\/\\\/algarve7.pt\\\/index.php\\\/2022\\\/09\\\/interior-do-concelho-de-loule-vai-estar-em-destaque-em-paris\\\/turismo\\\/17\\\/02\\\/\"},\"wordCount\":395,\"publisher\":{\"@id\":\"https:\\\/\\\/algarve7.pt\\\/#organization\"},\"image\":{\"@id\":\"https:\\\/\\\/algarve7.pt\\\/index.php\\\/2022\\\/09\\\/interior-do-concelho-de-loule-vai-estar-em-destaque-em-paris\\\/turismo\\\/17\\\/02\\\/#primaryimage\"},\"thumbnailUrl\":\"https:\\\/\\\/algarve7.pt\\\/wp-content\\\/uploads\\\/2022\\\/09\\\/Alte-2-scaled.jpg\",\"keywords\":[\"Algarve\",\"Loul\u00e9\",\"Turismo\"],\"articleSection\":[\"Turismo\"],\"inLanguage\":\"pt-PT\"},{\"@type\":\"WebPage\",\"@id\":\"https:\\\/\\\/algarve7.pt\\\/index.php\\\/2022\\\/09\\\/interior-do-concelho-de-loule-vai-estar-em-destaque-em-paris\\\/turismo\\\/17\\\/02\\\/\",\"url\":\"https:\\\/\\\/algarve7.pt\\\/index.php\\\/2022\\\/09\\\/interior-do-concelho-de-loule-vai-estar-em-destaque-em-paris\\\/turismo\\\/17\\\/02\\\/\",\"name\":\"Interior do concelho de Loul\u00e9 vai estar em destaque em Paris - Algarve 7\",\"isPartOf\":{\"@id\":\"https:\\\/\\\/algarve7.pt\\\/#website\"},\"primaryImageOfPage\":{\"@id\":\"https:\\\/\\\/algarve7.pt\\\/index.php\\\/2022\\\/09\\\/interior-do-concelho-de-loule-vai-estar-em-destaque-em-paris\\\/turismo\\\/17\\\/02\\\/#primaryimage\"},\"image\":{\"@id\":\"https:\\\/\\\/algarve7.pt\\\/index.php\\\/2022\\\/09\\\/interior-do-concelho-de-loule-vai-estar-em-destaque-em-paris\\\/turismo\\\/17\\\/02\\\/#primaryimage\"},\"thumbnailUrl\":\"https:\\\/\\\/algarve7.pt\\\/wp-content\\\/uploads\\\/2022\\\/09\\\/Alte-2-scaled.jpg\",\"datePublished\":\"2022-09-12T16:02:19+00:00\",\"dateModified\":\"2022-09-12T16:02:24+00:00\",\"description\":\"Interior do concelho de Loul\u00e9 vai estar em destaque em Paris Turismo\",\"breadcrumb\":{\"@id\":\"https:\\\/\\\/algarve7.pt\\\/index.php\\\/2022\\\/09\\\/interior-do-concelho-de-loule-vai-estar-em-destaque-em-paris\\\/turismo\\\/17\\\/02\\\/#breadcrumb\"},\"inLanguage\":\"pt-PT\",\"potentialAction\":[{\"@type\":\"ReadAction\",\"target\":[\"https:\\\/\\\/algarve7.pt\\\/index.php\\\/2022\\\/09\\\/interior-do-concelho-de-loule-vai-estar-em-destaque-em-paris\\\/turismo\\\/17\\\/02\\\/\"]}]},{\"@type\":\"ImageObject\",\"inLanguage\":\"pt-PT\",\"@id\":\"https:\\\/\\\/algarve7.pt\\\/index.php\\\/2022\\\/09\\\/interior-do-concelho-de-loule-vai-estar-em-destaque-em-paris\\\/turismo\\\/17\\\/02\\\/#primaryimage\",\"url\":\"https:\\\/\\\/algarve7.pt\\\/wp-content\\\/uploads\\\/2022\\\/09\\\/Alte-2-scaled.jpg\",\"contentUrl\":\"https:\\\/\\\/algarve7.pt\\\/wp-content\\\/uploads\\\/2022\\\/09\\\/Alte-2-scaled.jpg\",\"width\":2560,\"height\":1707},{\"@type\":\"BreadcrumbList\",\"@id\":\"https:\\\/\\\/algarve7.pt\\\/index.php\\\/2022\\\/09\\\/interior-do-concelho-de-loule-vai-estar-em-destaque-em-paris\\\/turismo\\\/17\\\/02\\\/#breadcrumb\",\"itemListElement\":[{\"@type\":\"ListItem\",\"position\":1,\"name\":\"In\u00edcio\",\"item\":\"https:\\\/\\\/algarve7.pt\\\/\"},{\"@type\":\"ListItem\",\"position\":2,\"name\":\"Interior do concelho de Loul\u00e9 vai estar em destaque em Paris\"}]},{\"@type\":\"WebSite\",\"@id\":\"https:\\\/\\\/algarve7.pt\\\/#website\",\"url\":\"https:\\\/\\\/algarve7.pt\\\/\",\"name\":\"Algarve 7\",\"description\":\"Informa\u00e7\u00e3o sobre o Algarve\",\"publisher\":{\"@id\":\"https:\\\/\\\/algarve7.pt\\\/#organization\"},\"potentialAction\":[{\"@type\":\"SearchAction\",\"target\":{\"@type\":\"EntryPoint\",\"urlTemplate\":\"https:\\\/\\\/algarve7.pt\\\/?s={search_term_string}\"},\"query-input\":{\"@type\":\"PropertyValueSpecification\",\"valueRequired\":true,\"valueName\":\"search_term_string\"}}],\"inLanguage\":\"pt-PT\"},{\"@type\":\"Organization\",\"@id\":\"https:\\\/\\\/algarve7.pt\\\/#organization\",\"name\":\"Algarve 7\",\"url\":\"https:\\\/\\\/algarve7.pt\\\/\",\"logo\":{\"@type\":\"ImageObject\",\"inLanguage\":\"pt-PT\",\"@id\":\"https:\\\/\\\/algarve7.pt\\\/#\\\/schema\\\/logo\\\/image\\\/\",\"url\":\"https:\\\/\\\/algarve7.pt\\\/wp-content\\\/uploads\\\/2020\\\/10\\\/Logo-8.jpg\",\"contentUrl\":\"https:\\\/\\\/algarve7.pt\\\/wp-content\\\/uploads\\\/2020\\\/10\\\/Logo-8.jpg\",\"width\":1680,\"height\":1186,\"caption\":\"Algarve 7\"},\"image\":{\"@id\":\"https:\\\/\\\/algarve7.pt\\\/#\\\/schema\\\/logo\\\/image\\\/\"},\"sameAs\":[\"https:\\\/\\\/www.facebook.com\\\/algarve7\",\"https:\\\/\\\/x.com\\\/Algarvesete\",\"https:\\\/\\\/www.instagram.com\\\/jornalalgarve7\\\/\",\"https:\\\/\\\/www.linkedin.com\\\/company\\\/algarve7\",\"https:\\\/\\\/www.pinterest.pt\\\/geral0939\\\/_created\\\/\"]},{\"@type\":\"Person\",\"@id\":\"https:\\\/\\\/algarve7.pt\\\/#\\\/schema\\\/person\\\/23fa70681308e7b319a3204bcea45e0c\",\"name\":\"Algarve 7\",\"sameAs\":[\"https:\\\/\\\/algarve7.pt\",\"https:\\\/\\\/www.facebook.com\\\/algarve7\"],\"url\":\"https:\\\/\\\/algarve7.pt\\\/index.php\\\/author\\\/geralalgarve7-pt\\\/\"}]}<\/script>\n<!-- \/ Yoast SEO plugin. -->","yoast_head_json":{"title":"Interior do concelho de Loul\u00e9 vai estar em destaque em Paris - Algarve 7","description":"Interior do concelho de Loul\u00e9 vai estar em destaque em Paris Turismo","robots":{"index":"index","follow":"follow","max-snippet":"max-snippet:-1","max-image-preview":"max-image-preview:large","max-video-preview":"max-video-preview:-1"},"canonical":"https:\/\/algarve7.pt\/index.php\/2022\/09\/interior-do-concelho-de-loule-vai-estar-em-destaque-em-paris\/turismo\/17\/02\/","og_locale":"pt_PT","og_type":"article","og_title":"Interior do concelho de Loul\u00e9 vai estar em destaque em Paris - Algarve 7","og_description":"Interior do concelho de Loul\u00e9 vai estar em destaque em Paris Turismo","og_url":"https:\/\/algarve7.pt\/index.php\/2022\/09\/interior-do-concelho-de-loule-vai-estar-em-destaque-em-paris\/turismo\/17\/02\/","og_site_name":"Algarve 7","article_publisher":"https:\/\/www.facebook.com\/algarve7","article_author":"https:\/\/www.facebook.com\/algarve7","article_published_time":"2022-09-12T16:02:19+00:00","article_modified_time":"2022-09-12T16:02:24+00:00","og_image":[{"width":2560,"height":1707,"url":"https:\/\/algarve7.pt\/wp-content\/uploads\/2022\/09\/Alte-2-scaled.jpg","type":"image\/jpeg"}],"author":"Algarve 7","twitter_card":"summary_large_image","twitter_creator":"@Algarvesete","twitter_site":"@Algarvesete","twitter_misc":{"Escrito por":"Algarve 7","Tempo estimado de leitura":"2 minutos"},"schema":{"@context":"https:\/\/schema.org","@graph":[{"@type":"Article","@id":"https:\/\/algarve7.pt\/index.php\/2022\/09\/interior-do-concelho-de-loule-vai-estar-em-destaque-em-paris\/turismo\/17\/02\/#article","isPartOf":{"@id":"https:\/\/algarve7.pt\/index.php\/2022\/09\/interior-do-concelho-de-loule-vai-estar-em-destaque-em-paris\/turismo\/17\/02\/"},"author":{"name":"Algarve 7","@id":"https:\/\/algarve7.pt\/#\/schema\/person\/23fa70681308e7b319a3204bcea45e0c"},"headline":"Interior do concelho de Loul\u00e9 vai estar em destaque em Paris","datePublished":"2022-09-12T16:02:19+00:00","dateModified":"2022-09-12T16:02:24+00:00","mainEntityOfPage":{"@id":"https:\/\/algarve7.pt\/index.php\/2022\/09\/interior-do-concelho-de-loule-vai-estar-em-destaque-em-paris\/turismo\/17\/02\/"},"wordCount":395,"publisher":{"@id":"https:\/\/algarve7.pt\/#organization"},"image":{"@id":"https:\/\/algarve7.pt\/index.php\/2022\/09\/interior-do-concelho-de-loule-vai-estar-em-destaque-em-paris\/turismo\/17\/02\/#primaryimage"},"thumbnailUrl":"https:\/\/algarve7.pt\/wp-content\/uploads\/2022\/09\/Alte-2-scaled.jpg","keywords":["Algarve","Loul\u00e9","Turismo"],"articleSection":["Turismo"],"inLanguage":"pt-PT"},{"@type":"WebPage","@id":"https:\/\/algarve7.pt\/index.php\/2022\/09\/interior-do-concelho-de-loule-vai-estar-em-destaque-em-paris\/turismo\/17\/02\/","url":"https:\/\/algarve7.pt\/index.php\/2022\/09\/interior-do-concelho-de-loule-vai-estar-em-destaque-em-paris\/turismo\/17\/02\/","name":"Interior do concelho de Loul\u00e9 vai estar em destaque em Paris - Algarve 7","isPartOf":{"@id":"https:\/\/algarve7.pt\/#website"},"primaryImageOfPage":{"@id":"https:\/\/algarve7.pt\/index.php\/2022\/09\/interior-do-concelho-de-loule-vai-estar-em-destaque-em-paris\/turismo\/17\/02\/#primaryimage"},"image":{"@id":"https:\/\/algarve7.pt\/index.php\/2022\/09\/interior-do-concelho-de-loule-vai-estar-em-destaque-em-paris\/turismo\/17\/02\/#primaryimage"},"thumbnailUrl":"https:\/\/algarve7.pt\/wp-content\/uploads\/2022\/09\/Alte-2-scaled.jpg","datePublished":"2022-09-12T16:02:19+00:00","dateModified":"2022-09-12T16:02:24+00:00","description":"Interior do concelho de Loul\u00e9 vai estar em destaque em Paris Turismo","breadcrumb":{"@id":"https:\/\/algarve7.pt\/index.php\/2022\/09\/interior-do-concelho-de-loule-vai-estar-em-destaque-em-paris\/turismo\/17\/02\/#breadcrumb"},"inLanguage":"pt-PT","potentialAction":[{"@type":"ReadAction","target":["https:\/\/algarve7.pt\/index.php\/2022\/09\/interior-do-concelho-de-loule-vai-estar-em-destaque-em-paris\/turismo\/17\/02\/"]}]},{"@type":"ImageObject","inLanguage":"pt-PT","@id":"https:\/\/algarve7.pt\/index.php\/2022\/09\/interior-do-concelho-de-loule-vai-estar-em-destaque-em-paris\/turismo\/17\/02\/#primaryimage","url":"https:\/\/algarve7.pt\/wp-content\/uploads\/2022\/09\/Alte-2-scaled.jpg","contentUrl":"https:\/\/algarve7.pt\/wp-content\/uploads\/2022\/09\/Alte-2-scaled.jpg","width":2560,"height":1707},{"@type":"BreadcrumbList","@id":"https:\/\/algarve7.pt\/index.php\/2022\/09\/interior-do-concelho-de-loule-vai-estar-em-destaque-em-paris\/turismo\/17\/02\/#breadcrumb","itemListElement":[{"@type":"ListItem","position":1,"name":"In\u00edcio","item":"https:\/\/algarve7.pt\/"},{"@type":"ListItem","position":2,"name":"Interior do concelho de Loul\u00e9 vai estar em destaque em Paris"}]},{"@type":"WebSite","@id":"https:\/\/algarve7.pt\/#website","url":"https:\/\/algarve7.pt\/","name":"Algarve 7","description":"Informa\u00e7\u00e3o sobre o Algarve","publisher":{"@id":"https:\/\/algarve7.pt\/#organization"},"potentialAction":[{"@type":"SearchAction","target":{"@type":"EntryPoint","urlTemplate":"https:\/\/algarve7.pt\/?s={search_term_string}"},"query-input":{"@type":"PropertyValueSpecification","valueRequired":true,"valueName":"search_term_string"}}],"inLanguage":"pt-PT"},{"@type":"Organization","@id":"https:\/\/algarve7.pt\/#organization","name":"Algarve 7","url":"https:\/\/algarve7.pt\/","logo":{"@type":"ImageObject","inLanguage":"pt-PT","@id":"https:\/\/algarve7.pt\/#\/schema\/logo\/image\/","url":"https:\/\/algarve7.pt\/wp-content\/uploads\/2020\/10\/Logo-8.jpg","contentUrl":"https:\/\/algarve7.pt\/wp-content\/uploads\/2020\/10\/Logo-8.jpg","width":1680,"height":1186,"caption":"Algarve 7"},"image":{"@id":"https:\/\/algarve7.pt\/#\/schema\/logo\/image\/"},"sameAs":["https:\/\/www.facebook.com\/algarve7","https:\/\/x.com\/Algarvesete","https:\/\/www.instagram.com\/jornalalgarve7\/","https:\/\/www.linkedin.com\/company\/algarve7","https:\/\/www.pinterest.pt\/geral0939\/_created\/"]},{"@type":"Person","@id":"https:\/\/algarve7.pt\/#\/schema\/person\/23fa70681308e7b319a3204bcea45e0c","name":"Algarve 7","sameAs":["https:\/\/algarve7.pt","https:\/\/www.facebook.com\/algarve7"],"url":"https:\/\/algarve7.pt\/index.php\/author\/geralalgarve7-pt\/"}]}},"jetpack_publicize_connections":[],"jetpack_featured_media_url":"https:\/\/algarve7.pt\/wp-content\/uploads\/2022\/09\/Alte-2-scaled.jpg","jetpack_shortlink":"https:\/\/wp.me\/pcezmW-5C1","jetpack_sharing_enabled":true,"_links":{"self":[{"href":"https:\/\/algarve7.pt\/index.php\/wp-json\/wp\/v2\/posts\/21577","targetHints":{"allow":["GET"]}}],"collection":[{"href":"https:\/\/algarve7.pt\/index.php\/wp-json\/wp\/v2\/posts"}],"about":[{"href":"https:\/\/algarve7.pt\/index.php\/wp-json\/wp\/v2\/types\/post"}],"author":[{"embeddable":true,"href":"https:\/\/algarve7.pt\/index.php\/wp-json\/wp\/v2\/users\/1"}],"replies":[{"embeddable":true,"href":"https:\/\/algarve7.pt\/index.php\/wp-json\/wp\/v2\/comments?post=21577"}],"version-history":[{"count":0,"href":"https:\/\/algarve7.pt\/index.php\/wp-json\/wp\/v2\/posts\/21577\/revisions"}],"wp:featuredmedia":[{"embeddable":true,"href":"https:\/\/algarve7.pt\/index.php\/wp-json\/wp\/v2\/media\/21578"}],"wp:attachment":[{"href":"https:\/\/algarve7.pt\/index.php\/wp-json\/wp\/v2\/media?parent=21577"}],"wp:term":[{"taxonomy":"category","embeddable":true,"href":"https:\/\/algarve7.pt\/index.php\/wp-json\/wp\/v2\/categories?post=21577"},{"taxonomy":"post_tag","embeddable":true,"href":"https:\/\/algarve7.pt\/index.php\/wp-json\/wp\/v2\/tags?post=21577"}],"curies":[{"name":"wp","href":"https:\/\/api.w.org\/{rel}","templated":true}]}}