{"id":21366,"date":"2022-09-05T18:14:41","date_gmt":"2022-09-05T17:14:41","guid":{"rendered":"https:\/\/algarve7.pt\/?p=21366"},"modified":"2022-09-05T18:14:42","modified_gmt":"2022-09-05T17:14:42","slug":"epoca-desportiva-2022-2023-arranca-em-lagoa","status":"publish","type":"post","link":"https:\/\/algarve7.pt\/index.php\/2022\/09\/epoca-desportiva-2022-2023-arranca-em-lagoa\/desporto\/18\/14\/","title":{"rendered":"\u00c9poca Desportiva 2022\/2023 arranca em Lagoa\u00a0"},"content":{"rendered":"\n<p>Hoje \u00e9 retomada a atividade desportiva, nas diversas associa\u00e7\u00f5es e modalidades do concelho&nbsp;de Lagoa, e o Munic\u00edpio&nbsp;faz quest\u00e3o de assinalar este dia, n\u00e3o fosse a promo\u00e7\u00e3o da atividade f\u00edsica e a ado\u00e7\u00e3o de um estilo de vida saud\u00e1vel, por parte dos Lagoenses, umadas prioridades da governa\u00e7\u00e3o do executivo liderado por Lu\u00eds Encarna\u00e7\u00e3o.&nbsp;<\/p>\n\n\n\n<p>Do andebol \u00e0 Canoagem, do Badminton ao Basquetebol, do futebol \u00e0 Nata\u00e7\u00e3o, das artes marciais ao Polo Aqu\u00e1tico, do atletismo ao Rugby, entre muitas outras modalidades que se praticam no concelho, hoje milhares de lagoenses voltam&nbsp;a praticar desporto de competi\u00e7\u00e3o ou por lazer, contribuindo para termos um concelho ativo e&nbsp;cada vez mais&nbsp;saud\u00e1vel.&nbsp;<\/p>\n\n\n\n<p>A par do movimento associativo, tamb\u00e9m o Munic\u00edpio de Lagoa inicia hoje o Programa Viva+,&nbsp;onde promove a atividade f\u00edsica junto da popula\u00e7\u00e3o, convidando-a a&nbsp;praticar aulas de zumba, de Yoga, de&nbsp;crosstraining,&nbsp;de fitness,&nbsp;a&nbsp;realizar caminhadas,&nbsp;a&nbsp;utilizar os gin\u00e1sios municipais, entre outras ofertas desportivas.&nbsp;<\/p>\n\n\n\n<p>O Munic\u00edpio de Lagoa aposta numa&nbsp;estrat\u00e9gia de desenvolvimento&nbsp;desportivo municipal que&nbsp;assenta em tr\u00eas grandes eixos, sendo o I Eixo \u2013 Desporto para Todos, o II Eixo \u2013 Desporto de Competi\u00e7\u00e3o e o III Eixo \u2013 Lagoa Acolhe Grandes Eventos, promovendo&nbsp;a atividade f\u00edsica em todas as suas dimens\u00f5es.&nbsp;<\/p>\n\n\n\n<p>\u201cO Munic\u00edpio de Lagoa investe muito no desporto e no associativismo porque acredita que atrav\u00e9s dele formamos&nbsp;homens e mulheres&nbsp;melhor preparados para o futuro&nbsp;e que a ado\u00e7\u00e3o de estilos de vida saud\u00e1vel traz, sem d\u00favida, mais felicidade a todos\u201d, afirmou Lu\u00eds Encarna\u00e7\u00e3o, Presidente da C\u00e2mara Municipal de Lagoa<\/p>\n","protected":false},"excerpt":{"rendered":"<p>Hoje \u00e9 retomada a atividade desportiva, nas diversas associa\u00e7\u00f5es e modalidades do concelho&nbsp;de Lagoa, e o Munic\u00edpio&nbsp;faz quest\u00e3o de assinalar<\/p>\n","protected":false},"author":1,"featured_media":21367,"comment_status":"closed","ping_status":"open","sticky":false,"template":"","format":"standard","meta":{"colormag_page_container_layout":"default_layout","colormag_page_sidebar_layout":"default_layout","_monsterinsights_skip_tracking":false,"_monsterinsights_sitenote_active":false,"_monsterinsights_sitenote_note":"","_monsterinsights_sitenote_category":0,"jetpack_post_was_ever_published":false,"_jetpack_newsletter_access":"","_jetpack_dont_email_post_to_subs":false,"_jetpack_newsletter_tier_id":0,"_jetpack_memberships_contains_paywalled_content":false,"_jetpack_memberships_contains_paid_content":false,"footnotes":"","jetpack_publicize_message":"","jetpack_publicize_feature_enabled":true,"jetpack_social_post_already_shared":true,"jetpack_social_options":{"image_generator_settings":{"template":"highway","default_image_id":0,"font":"","enabled":false},"version":2}},"categories":[15],"tags":[36,40,48],"class_list":["post-21366","post","type-post","status-publish","format-standard","has-post-thumbnail","hentry","category-desporto","tag-algarve","tag-desporto","tag-lagoa"],"yoast_head":"<!-- This site is optimized with the Yoast SEO plugin v27.5 - https:\/\/yoast.com\/product\/yoast-seo-wordpress\/ -->\n<title>\u00c9poca Desportiva 2022\/2023 arranca em Lagoa\u00a0 - Algarve 7<\/title>\n<meta name=\"description\" content=\"\u00c9poca Desportiva 2022\/2023 arranca em Lagoa\u00a0 Desporto Algarve 7\" \/>\n<meta name=\"robots\" content=\"index, follow, max-snippet:-1, max-image-preview:large, max-video-preview:-1\" \/>\n<link rel=\"canonical\" href=\"https:\/\/algarve7.pt\/index.php\/2022\/09\/epoca-desportiva-2022-2023-arranca-em-lagoa\/desporto\/18\/14\/\" \/>\n<meta property=\"og:locale\" content=\"pt_PT\" \/>\n<meta property=\"og:type\" content=\"article\" \/>\n<meta property=\"og:title\" content=\"\u00c9poca Desportiva 2022\/2023 arranca em Lagoa\u00a0 - Algarve 7\" \/>\n<meta property=\"og:description\" content=\"\u00c9poca Desportiva 2022\/2023 arranca em Lagoa\u00a0 Desporto Algarve 7\" \/>\n<meta property=\"og:url\" content=\"https:\/\/algarve7.pt\/index.php\/2022\/09\/epoca-desportiva-2022-2023-arranca-em-lagoa\/desporto\/18\/14\/\" \/>\n<meta property=\"og:site_name\" content=\"Algarve 7\" \/>\n<meta property=\"article:publisher\" content=\"https:\/\/www.facebook.com\/algarve7\" \/>\n<meta property=\"article:author\" content=\"https:\/\/www.facebook.com\/algarve7\" \/>\n<meta property=\"article:published_time\" content=\"2022-09-05T17:14:41+00:00\" \/>\n<meta property=\"article:modified_time\" content=\"2022-09-05T17:14:42+00:00\" \/>\n<meta property=\"og:image\" content=\"https:\/\/algarve7.pt\/wp-content\/uploads\/2022\/09\/48E90987-EB8E-43F6-A91A-24475623D8F9-scaled.jpeg\" \/>\n\t<meta property=\"og:image:width\" content=\"2560\" \/>\n\t<meta property=\"og:image:height\" content=\"1574\" \/>\n\t<meta property=\"og:image:type\" content=\"image\/jpeg\" \/>\n<meta name=\"author\" content=\"Algarve 7\" \/>\n<meta name=\"twitter:card\" content=\"summary_large_image\" \/>\n<meta name=\"twitter:creator\" content=\"@Algarvesete\" \/>\n<meta name=\"twitter:site\" content=\"@Algarvesete\" \/>\n<meta name=\"twitter:label1\" content=\"Escrito por\" \/>\n\t<meta name=\"twitter:data1\" content=\"Algarve 7\" \/>\n\t<meta name=\"twitter:label2\" content=\"Tempo estimado de leitura\" \/>\n\t<meta name=\"twitter:data2\" content=\"2 minutos\" \/>\n<script type=\"application\/ld+json\" class=\"yoast-schema-graph\">{\"@context\":\"https:\\\/\\\/schema.org\",\"@graph\":[{\"@type\":\"Article\",\"@id\":\"https:\\\/\\\/algarve7.pt\\\/index.php\\\/2022\\\/09\\\/epoca-desportiva-2022-2023-arranca-em-lagoa\\\/desporto\\\/18\\\/14\\\/#article\",\"isPartOf\":{\"@id\":\"https:\\\/\\\/algarve7.pt\\\/index.php\\\/2022\\\/09\\\/epoca-desportiva-2022-2023-arranca-em-lagoa\\\/desporto\\\/18\\\/14\\\/\"},\"author\":{\"name\":\"Algarve 7\",\"@id\":\"https:\\\/\\\/algarve7.pt\\\/#\\\/schema\\\/person\\\/23fa70681308e7b319a3204bcea45e0c\"},\"headline\":\"\u00c9poca Desportiva 2022\\\/2023 arranca em Lagoa\u00a0\",\"datePublished\":\"2022-09-05T17:14:41+00:00\",\"dateModified\":\"2022-09-05T17:14:42+00:00\",\"mainEntityOfPage\":{\"@id\":\"https:\\\/\\\/algarve7.pt\\\/index.php\\\/2022\\\/09\\\/epoca-desportiva-2022-2023-arranca-em-lagoa\\\/desporto\\\/18\\\/14\\\/\"},\"wordCount\":313,\"publisher\":{\"@id\":\"https:\\\/\\\/algarve7.pt\\\/#organization\"},\"image\":{\"@id\":\"https:\\\/\\\/algarve7.pt\\\/index.php\\\/2022\\\/09\\\/epoca-desportiva-2022-2023-arranca-em-lagoa\\\/desporto\\\/18\\\/14\\\/#primaryimage\"},\"thumbnailUrl\":\"https:\\\/\\\/algarve7.pt\\\/wp-content\\\/uploads\\\/2022\\\/09\\\/48E90987-EB8E-43F6-A91A-24475623D8F9-scaled.jpeg\",\"keywords\":[\"Algarve\",\"Desporto\",\"Lagoa\"],\"articleSection\":[\"Desporto\"],\"inLanguage\":\"pt-PT\"},{\"@type\":\"WebPage\",\"@id\":\"https:\\\/\\\/algarve7.pt\\\/index.php\\\/2022\\\/09\\\/epoca-desportiva-2022-2023-arranca-em-lagoa\\\/desporto\\\/18\\\/14\\\/\",\"url\":\"https:\\\/\\\/algarve7.pt\\\/index.php\\\/2022\\\/09\\\/epoca-desportiva-2022-2023-arranca-em-lagoa\\\/desporto\\\/18\\\/14\\\/\",\"name\":\"\u00c9poca Desportiva 2022\\\/2023 arranca em Lagoa\u00a0 - Algarve 7\",\"isPartOf\":{\"@id\":\"https:\\\/\\\/algarve7.pt\\\/#website\"},\"primaryImageOfPage\":{\"@id\":\"https:\\\/\\\/algarve7.pt\\\/index.php\\\/2022\\\/09\\\/epoca-desportiva-2022-2023-arranca-em-lagoa\\\/desporto\\\/18\\\/14\\\/#primaryimage\"},\"image\":{\"@id\":\"https:\\\/\\\/algarve7.pt\\\/index.php\\\/2022\\\/09\\\/epoca-desportiva-2022-2023-arranca-em-lagoa\\\/desporto\\\/18\\\/14\\\/#primaryimage\"},\"thumbnailUrl\":\"https:\\\/\\\/algarve7.pt\\\/wp-content\\\/uploads\\\/2022\\\/09\\\/48E90987-EB8E-43F6-A91A-24475623D8F9-scaled.jpeg\",\"datePublished\":\"2022-09-05T17:14:41+00:00\",\"dateModified\":\"2022-09-05T17:14:42+00:00\",\"description\":\"\u00c9poca Desportiva 2022\\\/2023 arranca em Lagoa\u00a0 Desporto Algarve 7\",\"breadcrumb\":{\"@id\":\"https:\\\/\\\/algarve7.pt\\\/index.php\\\/2022\\\/09\\\/epoca-desportiva-2022-2023-arranca-em-lagoa\\\/desporto\\\/18\\\/14\\\/#breadcrumb\"},\"inLanguage\":\"pt-PT\",\"potentialAction\":[{\"@type\":\"ReadAction\",\"target\":[\"https:\\\/\\\/algarve7.pt\\\/index.php\\\/2022\\\/09\\\/epoca-desportiva-2022-2023-arranca-em-lagoa\\\/desporto\\\/18\\\/14\\\/\"]}]},{\"@type\":\"ImageObject\",\"inLanguage\":\"pt-PT\",\"@id\":\"https:\\\/\\\/algarve7.pt\\\/index.php\\\/2022\\\/09\\\/epoca-desportiva-2022-2023-arranca-em-lagoa\\\/desporto\\\/18\\\/14\\\/#primaryimage\",\"url\":\"https:\\\/\\\/algarve7.pt\\\/wp-content\\\/uploads\\\/2022\\\/09\\\/48E90987-EB8E-43F6-A91A-24475623D8F9-scaled.jpeg\",\"contentUrl\":\"https:\\\/\\\/algarve7.pt\\\/wp-content\\\/uploads\\\/2022\\\/09\\\/48E90987-EB8E-43F6-A91A-24475623D8F9-scaled.jpeg\",\"width\":2560,\"height\":1574},{\"@type\":\"BreadcrumbList\",\"@id\":\"https:\\\/\\\/algarve7.pt\\\/index.php\\\/2022\\\/09\\\/epoca-desportiva-2022-2023-arranca-em-lagoa\\\/desporto\\\/18\\\/14\\\/#breadcrumb\",\"itemListElement\":[{\"@type\":\"ListItem\",\"position\":1,\"name\":\"In\u00edcio\",\"item\":\"https:\\\/\\\/algarve7.pt\\\/\"},{\"@type\":\"ListItem\",\"position\":2,\"name\":\"\u00c9poca Desportiva 2022\\\/2023 arranca em Lagoa\u00a0\"}]},{\"@type\":\"WebSite\",\"@id\":\"https:\\\/\\\/algarve7.pt\\\/#website\",\"url\":\"https:\\\/\\\/algarve7.pt\\\/\",\"name\":\"Algarve 7\",\"description\":\"Informa\u00e7\u00e3o sobre o Algarve\",\"publisher\":{\"@id\":\"https:\\\/\\\/algarve7.pt\\\/#organization\"},\"potentialAction\":[{\"@type\":\"SearchAction\",\"target\":{\"@type\":\"EntryPoint\",\"urlTemplate\":\"https:\\\/\\\/algarve7.pt\\\/?s={search_term_string}\"},\"query-input\":{\"@type\":\"PropertyValueSpecification\",\"valueRequired\":true,\"valueName\":\"search_term_string\"}}],\"inLanguage\":\"pt-PT\"},{\"@type\":\"Organization\",\"@id\":\"https:\\\/\\\/algarve7.pt\\\/#organization\",\"name\":\"Algarve 7\",\"url\":\"https:\\\/\\\/algarve7.pt\\\/\",\"logo\":{\"@type\":\"ImageObject\",\"inLanguage\":\"pt-PT\",\"@id\":\"https:\\\/\\\/algarve7.pt\\\/#\\\/schema\\\/logo\\\/image\\\/\",\"url\":\"https:\\\/\\\/algarve7.pt\\\/wp-content\\\/uploads\\\/2020\\\/10\\\/Logo-8.jpg\",\"contentUrl\":\"https:\\\/\\\/algarve7.pt\\\/wp-content\\\/uploads\\\/2020\\\/10\\\/Logo-8.jpg\",\"width\":1680,\"height\":1186,\"caption\":\"Algarve 7\"},\"image\":{\"@id\":\"https:\\\/\\\/algarve7.pt\\\/#\\\/schema\\\/logo\\\/image\\\/\"},\"sameAs\":[\"https:\\\/\\\/www.facebook.com\\\/algarve7\",\"https:\\\/\\\/x.com\\\/Algarvesete\",\"https:\\\/\\\/www.instagram.com\\\/jornalalgarve7\\\/\",\"https:\\\/\\\/www.linkedin.com\\\/company\\\/algarve7\",\"https:\\\/\\\/www.pinterest.pt\\\/geral0939\\\/_created\\\/\"]},{\"@type\":\"Person\",\"@id\":\"https:\\\/\\\/algarve7.pt\\\/#\\\/schema\\\/person\\\/23fa70681308e7b319a3204bcea45e0c\",\"name\":\"Algarve 7\",\"sameAs\":[\"https:\\\/\\\/algarve7.pt\",\"https:\\\/\\\/www.facebook.com\\\/algarve7\"],\"url\":\"https:\\\/\\\/algarve7.pt\\\/index.php\\\/author\\\/geralalgarve7-pt\\\/\"}]}<\/script>\n<!-- \/ Yoast SEO plugin. -->","yoast_head_json":{"title":"\u00c9poca Desportiva 2022\/2023 arranca em Lagoa\u00a0 - Algarve 7","description":"\u00c9poca Desportiva 2022\/2023 arranca em Lagoa\u00a0 Desporto Algarve 7","robots":{"index":"index","follow":"follow","max-snippet":"max-snippet:-1","max-image-preview":"max-image-preview:large","max-video-preview":"max-video-preview:-1"},"canonical":"https:\/\/algarve7.pt\/index.php\/2022\/09\/epoca-desportiva-2022-2023-arranca-em-lagoa\/desporto\/18\/14\/","og_locale":"pt_PT","og_type":"article","og_title":"\u00c9poca Desportiva 2022\/2023 arranca em Lagoa\u00a0 - Algarve 7","og_description":"\u00c9poca Desportiva 2022\/2023 arranca em Lagoa\u00a0 Desporto Algarve 7","og_url":"https:\/\/algarve7.pt\/index.php\/2022\/09\/epoca-desportiva-2022-2023-arranca-em-lagoa\/desporto\/18\/14\/","og_site_name":"Algarve 7","article_publisher":"https:\/\/www.facebook.com\/algarve7","article_author":"https:\/\/www.facebook.com\/algarve7","article_published_time":"2022-09-05T17:14:41+00:00","article_modified_time":"2022-09-05T17:14:42+00:00","og_image":[{"width":2560,"height":1574,"url":"https:\/\/algarve7.pt\/wp-content\/uploads\/2022\/09\/48E90987-EB8E-43F6-A91A-24475623D8F9-scaled.jpeg","type":"image\/jpeg"}],"author":"Algarve 7","twitter_card":"summary_large_image","twitter_creator":"@Algarvesete","twitter_site":"@Algarvesete","twitter_misc":{"Escrito por":"Algarve 7","Tempo estimado de leitura":"2 minutos"},"schema":{"@context":"https:\/\/schema.org","@graph":[{"@type":"Article","@id":"https:\/\/algarve7.pt\/index.php\/2022\/09\/epoca-desportiva-2022-2023-arranca-em-lagoa\/desporto\/18\/14\/#article","isPartOf":{"@id":"https:\/\/algarve7.pt\/index.php\/2022\/09\/epoca-desportiva-2022-2023-arranca-em-lagoa\/desporto\/18\/14\/"},"author":{"name":"Algarve 7","@id":"https:\/\/algarve7.pt\/#\/schema\/person\/23fa70681308e7b319a3204bcea45e0c"},"headline":"\u00c9poca Desportiva 2022\/2023 arranca em Lagoa\u00a0","datePublished":"2022-09-05T17:14:41+00:00","dateModified":"2022-09-05T17:14:42+00:00","mainEntityOfPage":{"@id":"https:\/\/algarve7.pt\/index.php\/2022\/09\/epoca-desportiva-2022-2023-arranca-em-lagoa\/desporto\/18\/14\/"},"wordCount":313,"publisher":{"@id":"https:\/\/algarve7.pt\/#organization"},"image":{"@id":"https:\/\/algarve7.pt\/index.php\/2022\/09\/epoca-desportiva-2022-2023-arranca-em-lagoa\/desporto\/18\/14\/#primaryimage"},"thumbnailUrl":"https:\/\/algarve7.pt\/wp-content\/uploads\/2022\/09\/48E90987-EB8E-43F6-A91A-24475623D8F9-scaled.jpeg","keywords":["Algarve","Desporto","Lagoa"],"articleSection":["Desporto"],"inLanguage":"pt-PT"},{"@type":"WebPage","@id":"https:\/\/algarve7.pt\/index.php\/2022\/09\/epoca-desportiva-2022-2023-arranca-em-lagoa\/desporto\/18\/14\/","url":"https:\/\/algarve7.pt\/index.php\/2022\/09\/epoca-desportiva-2022-2023-arranca-em-lagoa\/desporto\/18\/14\/","name":"\u00c9poca Desportiva 2022\/2023 arranca em Lagoa\u00a0 - Algarve 7","isPartOf":{"@id":"https:\/\/algarve7.pt\/#website"},"primaryImageOfPage":{"@id":"https:\/\/algarve7.pt\/index.php\/2022\/09\/epoca-desportiva-2022-2023-arranca-em-lagoa\/desporto\/18\/14\/#primaryimage"},"image":{"@id":"https:\/\/algarve7.pt\/index.php\/2022\/09\/epoca-desportiva-2022-2023-arranca-em-lagoa\/desporto\/18\/14\/#primaryimage"},"thumbnailUrl":"https:\/\/algarve7.pt\/wp-content\/uploads\/2022\/09\/48E90987-EB8E-43F6-A91A-24475623D8F9-scaled.jpeg","datePublished":"2022-09-05T17:14:41+00:00","dateModified":"2022-09-05T17:14:42+00:00","description":"\u00c9poca Desportiva 2022\/2023 arranca em Lagoa\u00a0 Desporto Algarve 7","breadcrumb":{"@id":"https:\/\/algarve7.pt\/index.php\/2022\/09\/epoca-desportiva-2022-2023-arranca-em-lagoa\/desporto\/18\/14\/#breadcrumb"},"inLanguage":"pt-PT","potentialAction":[{"@type":"ReadAction","target":["https:\/\/algarve7.pt\/index.php\/2022\/09\/epoca-desportiva-2022-2023-arranca-em-lagoa\/desporto\/18\/14\/"]}]},{"@type":"ImageObject","inLanguage":"pt-PT","@id":"https:\/\/algarve7.pt\/index.php\/2022\/09\/epoca-desportiva-2022-2023-arranca-em-lagoa\/desporto\/18\/14\/#primaryimage","url":"https:\/\/algarve7.pt\/wp-content\/uploads\/2022\/09\/48E90987-EB8E-43F6-A91A-24475623D8F9-scaled.jpeg","contentUrl":"https:\/\/algarve7.pt\/wp-content\/uploads\/2022\/09\/48E90987-EB8E-43F6-A91A-24475623D8F9-scaled.jpeg","width":2560,"height":1574},{"@type":"BreadcrumbList","@id":"https:\/\/algarve7.pt\/index.php\/2022\/09\/epoca-desportiva-2022-2023-arranca-em-lagoa\/desporto\/18\/14\/#breadcrumb","itemListElement":[{"@type":"ListItem","position":1,"name":"In\u00edcio","item":"https:\/\/algarve7.pt\/"},{"@type":"ListItem","position":2,"name":"\u00c9poca Desportiva 2022\/2023 arranca em Lagoa\u00a0"}]},{"@type":"WebSite","@id":"https:\/\/algarve7.pt\/#website","url":"https:\/\/algarve7.pt\/","name":"Algarve 7","description":"Informa\u00e7\u00e3o sobre o Algarve","publisher":{"@id":"https:\/\/algarve7.pt\/#organization"},"potentialAction":[{"@type":"SearchAction","target":{"@type":"EntryPoint","urlTemplate":"https:\/\/algarve7.pt\/?s={search_term_string}"},"query-input":{"@type":"PropertyValueSpecification","valueRequired":true,"valueName":"search_term_string"}}],"inLanguage":"pt-PT"},{"@type":"Organization","@id":"https:\/\/algarve7.pt\/#organization","name":"Algarve 7","url":"https:\/\/algarve7.pt\/","logo":{"@type":"ImageObject","inLanguage":"pt-PT","@id":"https:\/\/algarve7.pt\/#\/schema\/logo\/image\/","url":"https:\/\/algarve7.pt\/wp-content\/uploads\/2020\/10\/Logo-8.jpg","contentUrl":"https:\/\/algarve7.pt\/wp-content\/uploads\/2020\/10\/Logo-8.jpg","width":1680,"height":1186,"caption":"Algarve 7"},"image":{"@id":"https:\/\/algarve7.pt\/#\/schema\/logo\/image\/"},"sameAs":["https:\/\/www.facebook.com\/algarve7","https:\/\/x.com\/Algarvesete","https:\/\/www.instagram.com\/jornalalgarve7\/","https:\/\/www.linkedin.com\/company\/algarve7","https:\/\/www.pinterest.pt\/geral0939\/_created\/"]},{"@type":"Person","@id":"https:\/\/algarve7.pt\/#\/schema\/person\/23fa70681308e7b319a3204bcea45e0c","name":"Algarve 7","sameAs":["https:\/\/algarve7.pt","https:\/\/www.facebook.com\/algarve7"],"url":"https:\/\/algarve7.pt\/index.php\/author\/geralalgarve7-pt\/"}]}},"jetpack_publicize_connections":[],"jetpack_featured_media_url":"https:\/\/algarve7.pt\/wp-content\/uploads\/2022\/09\/48E90987-EB8E-43F6-A91A-24475623D8F9-scaled.jpeg","jetpack_shortlink":"https:\/\/wp.me\/pcezmW-5yC","jetpack_sharing_enabled":true,"_links":{"self":[{"href":"https:\/\/algarve7.pt\/index.php\/wp-json\/wp\/v2\/posts\/21366","targetHints":{"allow":["GET"]}}],"collection":[{"href":"https:\/\/algarve7.pt\/index.php\/wp-json\/wp\/v2\/posts"}],"about":[{"href":"https:\/\/algarve7.pt\/index.php\/wp-json\/wp\/v2\/types\/post"}],"author":[{"embeddable":true,"href":"https:\/\/algarve7.pt\/index.php\/wp-json\/wp\/v2\/users\/1"}],"replies":[{"embeddable":true,"href":"https:\/\/algarve7.pt\/index.php\/wp-json\/wp\/v2\/comments?post=21366"}],"version-history":[{"count":0,"href":"https:\/\/algarve7.pt\/index.php\/wp-json\/wp\/v2\/posts\/21366\/revisions"}],"wp:featuredmedia":[{"embeddable":true,"href":"https:\/\/algarve7.pt\/index.php\/wp-json\/wp\/v2\/media\/21367"}],"wp:attachment":[{"href":"https:\/\/algarve7.pt\/index.php\/wp-json\/wp\/v2\/media?parent=21366"}],"wp:term":[{"taxonomy":"category","embeddable":true,"href":"https:\/\/algarve7.pt\/index.php\/wp-json\/wp\/v2\/categories?post=21366"},{"taxonomy":"post_tag","embeddable":true,"href":"https:\/\/algarve7.pt\/index.php\/wp-json\/wp\/v2\/tags?post=21366"}],"curies":[{"name":"wp","href":"https:\/\/api.w.org\/{rel}","templated":true}]}}