{"id":21363,"date":"2022-09-05T18:07:17","date_gmt":"2022-09-05T17:07:17","guid":{"rendered":"https:\/\/algarve7.pt\/?p=21363"},"modified":"2022-09-05T18:07:19","modified_gmt":"2022-09-05T17:07:19","slug":"chua-alarga-intervencao-da-eaps-a-quatro-estruturas-residenciais-para-idosos","status":"publish","type":"post","link":"https:\/\/algarve7.pt\/index.php\/2022\/09\/chua-alarga-intervencao-da-eaps-a-quatro-estruturas-residenciais-para-idosos\/saude\/18\/07\/","title":{"rendered":"CHUA alarga interven\u00e7\u00e3o da EAPS a quatro Estruturas Residenciais para Idosos"},"content":{"rendered":"\n<p>O Centro Hospitalar Universit\u00e1rio do Algarve (CHUA) alargou a interven\u00e7\u00e3o da Equipa de Apoio Psicossocial a quatro Estruturas Residenciais para Idosos do Algarve. A cerim\u00f3nia de apresenta\u00e7\u00e3o do projeto \u00abApoio Emocional, Social e Espiritual em Estruturas Residenciais para Pessoas Idosas (ERPI)\u00bb e a assinatura dos conv\u00e9nios entre as institui\u00e7\u00f5es decorreu no dia 2 de setembro no audit\u00f3rio da Unidade Hospitalar de Faro do CHUA.<\/p>\n\n\n\n<p>A sess\u00e3o contou com a presen\u00e7a do Diretor T\u00e9cnico da EAPS do CHUA, Giovanni Cerullo, da representante da Funda\u00e7\u00e3o \u201cla Caixa\u201d, Lydia de Castro, da Diretora Centro Distrital de Faro da Seguran\u00e7a Social, Margarida Flores, de Fernanda Faleiro, em representa\u00e7\u00e3o da ARS Algarve, e da presidente do Conselho de Administra\u00e7\u00e3o do CHUA, Ana Varges Gomes. Estiveram ainda presentes na mesa redonda sobre o tema \u00abImport\u00e2ncia do Apoio Psicossocial em ERPI\u00bb Carla Fernandes, da Ordem dos Psic\u00f3logos, Jo\u00e3o Pedro Luz, Diretor do Servi\u00e7o de Psicologia do CHUA e os representantes das ERPI\u2019s, nomeadamente o provedor da Santa casa da Miseric\u00f3rdia de Faro, Jos\u00e9 Candeias Neto, e Jo\u00e3o Cal\u00e3o, Diretor de Servi\u00e7os da ACASO.<\/p>\n\n\n\n<p>Da autoria da Equipa de Apoio Psicossocial (EAPS) do CHUA, o projeto insere-se no \u00e2mbito do programa HUMANIZA, da Funda\u00e7\u00e3o \u201cla Caixa\u201d, e pretende alargar o apoio psicol\u00f3gico prestado pela equipa, existente desde 2018 no CHUA, a quatro Estruturas Residenciais para Pessoas Idosas da regi\u00e3o do Algarve, nomeadamente: ERPI da Santa Casa da Miseric\u00f3rdia de Faro, ERPI Torre de Natal, ERPI Candeias Neto e ERPI Associa\u00e7\u00e3o Cultural e de Apoio Social de Olh\u00e3o (ACASO).<\/p>\n\n\n\n<p>Como explicou o diretor t\u00e9cnico da Equipa de Apoio Psicossocial (EAPS CHUA), Giovanni Cerullo, \u201ccom este projeto passamos a disponibilizar apoio de uma psic\u00f3loga que vai desenvolver atividade nestas Estruturas Residenciais para Pessoas Idosas, atrav\u00e9s de protocolos de atua\u00e7\u00e3o com o objetivo de oferecer um apoio integral aos residentes com doen\u00e7as avan\u00e7adas, \u00e0s suas fam\u00edlias, bem como aos profissionais das institui\u00e7\u00f5es, assegurando ainda um acompanhamento psicossocial e espiritual\u201d.<\/p>\n\n\n\n<p>A presidente do Conselho de Administra\u00e7\u00e3o do CHUA, Ana Varges Gomes, aproveitou o momento para dar nota positiva relativamente aos projetos que o CHUA tem vindo a desenvolver no sentido de levar os cuidados de sa\u00fade mais pr\u00f3ximos das pessoas para enfatizar a import\u00e2ncia de mais este projeto do CHUA, agora levado a cabo pela Equipa de Apoio Psicossocial junto das ERPI\u00b4s.<\/p>\n\n\n\n<p>Para Ana Varges Gomes, \u201ceste vai ser um apoio fundamental para as pessoas idosas que, devido \u00e0 pandemia, ficaram isoladas nos lares. Esta equipa vai ter aqui um papel importante para muitas fam\u00edlias que tiveram que lidar com o luto durante este per\u00edodo e para aqueles idosos que ainda se encontram nestas estruturas. Quanto \u00e0 nossa equipa, s\u00e3o mesmo muito bons, v\u00e3o ter a possibilidade de vivenciar isso no terreno no dia-a-dia, espero que os idosos que est\u00e3o a vosso cargo possam ter o real benef\u00edcio de mais este apoio, para al\u00e9m daqueles que j\u00e1 vamos dando, com a possibilidade de Hospitaliza\u00e7\u00e3o Domicili\u00e1ria, terem mais este apoio vai ser mais um passo para a qualidade de vida\u201d.<\/p>\n\n\n\n<p>Tamb\u00e9m a Diretora Centro Distrital de Faro da Seguran\u00e7a Social, Margarida Flores, valorizou a iniciativa do CHUA e da Funda\u00e7\u00e3o \u201cla caixa\u201d com as ERPI\u2019s referindo que \u201c este tipo de interven\u00e7\u00e3o e acompanhamento potencia ainda mais a concretiza\u00e7\u00e3o dos princ\u00edpios de atua\u00e7\u00e3o de uma ERPI, nomeadamente na qualidade e efici\u00eancia, na humaniza\u00e7\u00e3o e no respeito pela individualidade, interdisciplinaridade e avalia\u00e7\u00e3o integral das necessidades dos residentes. Esta colabora\u00e7\u00e3o constitui assim um refor\u00e7o na a\u00e7\u00e3o do quadro t\u00e9cnico e pessoal que assegura o funcionamento da resposta junto do idoso, mas tamb\u00e9m e n\u00e3o menos importante junto da sua fam\u00edlia, constituindo aqui uma boa pr\u00e1tica que esperamos que seja replicada no futuro\u201d.<\/p>\n\n\n\n<p>Em representa\u00e7\u00e3o da Funda\u00e7\u00e3o \u201cla caixa\u201d, que financia o programa HUMANIZA, Lydia de Castro, mostrou-se bastante satisfeita este alargamento da interven\u00e7\u00e3o do programa \u00e0s ERPI\u00b4s sublinhando que o objetivo do programa, que se iniciou em 2018, \u00e9 continuar a acompanhar as pessoas. \u201cO programa HUMANIZA, desde 2018 at\u00e9 final de 2021, acompanhou 13 mil doentes e 7 mil familiares vai continuar a acompanhar as pessoas. Mais uma vez obrigado pela oportunidade que temos que fazer este trabalho conjunto, obrigado pela vossa colabora\u00e7\u00e3o e pela abertura, o que faz com que isto seja poss\u00edvel para continuarmos a acompanhar as pessoas que precisam\u201d, sustentou.<\/p>\n\n\n\n<p>Fernanda Faleiro, em representa\u00e7\u00e3o da Administra\u00e7\u00e3o Regional de Sa\u00fade, tamb\u00e9m elogiou a iniciativa, sublinhando a import\u00e2ncia destes projetos que visam a integra\u00e7\u00e3o de cuidados. \u201cS\u00e3o iniciativas que s\u00e3o muito bem vistas pelo facto de trazerem uma nova for\u00e7a a este paradigma da descentraliza\u00e7\u00e3o de cuidados mas tamb\u00e9m pela humaniza\u00e7\u00e3o que eles representam. O fim de vida \u00e9 uma fase muito complexa. Parab\u00e9ns a todos os profissionais, muito sucesso e que se replique por mais estruturas\u201d.<\/p>\n","protected":false},"excerpt":{"rendered":"<p>O Centro Hospitalar Universit\u00e1rio do Algarve (CHUA) alargou a interven\u00e7\u00e3o da Equipa de Apoio Psicossocial a quatro Estruturas Residenciais para<\/p>\n","protected":false},"author":1,"featured_media":21364,"comment_status":"closed","ping_status":"open","sticky":false,"template":"","format":"standard","meta":{"colormag_page_container_layout":"default_layout","colormag_page_sidebar_layout":"default_layout","_monsterinsights_skip_tracking":false,"_monsterinsights_sitenote_active":false,"_monsterinsights_sitenote_note":"","_monsterinsights_sitenote_category":0,"jetpack_post_was_ever_published":false,"_jetpack_newsletter_access":"","_jetpack_dont_email_post_to_subs":false,"_jetpack_newsletter_tier_id":0,"_jetpack_memberships_contains_paywalled_content":false,"_jetpack_memberships_contains_paid_content":false,"footnotes":"","jetpack_publicize_message":"","jetpack_publicize_feature_enabled":true,"jetpack_social_post_already_shared":true,"jetpack_social_options":{"image_generator_settings":{"template":"highway","default_image_id":0,"font":"","enabled":false},"version":2}},"categories":[59],"tags":[36,181,57,58],"class_list":["post-21363","post","type-post","status-publish","format-standard","has-post-thumbnail","hentry","category-saude","tag-algarve","tag-chua","tag-faro","tag-saude"],"yoast_head":"<!-- This site is optimized with the Yoast SEO plugin v27.5 - https:\/\/yoast.com\/product\/yoast-seo-wordpress\/ -->\n<title>CHUA alarga interven\u00e7\u00e3o da EAPS a quatro Estruturas Residenciais para Idosos - Algarve 7<\/title>\n<meta name=\"description\" content=\"CHUA alarga interven\u00e7\u00e3o da EAPS a quatro Estruturas Residenciais para Idosos Sa\u00fade\" \/>\n<meta name=\"robots\" content=\"index, follow, max-snippet:-1, max-image-preview:large, max-video-preview:-1\" \/>\n<link rel=\"canonical\" href=\"https:\/\/algarve7.pt\/index.php\/2022\/09\/chua-alarga-intervencao-da-eaps-a-quatro-estruturas-residenciais-para-idosos\/saude\/18\/07\/\" \/>\n<meta property=\"og:locale\" content=\"pt_PT\" \/>\n<meta property=\"og:type\" content=\"article\" \/>\n<meta property=\"og:title\" content=\"CHUA alarga interven\u00e7\u00e3o da EAPS a quatro Estruturas Residenciais para Idosos - Algarve 7\" \/>\n<meta property=\"og:description\" content=\"CHUA alarga interven\u00e7\u00e3o da EAPS a quatro Estruturas Residenciais para Idosos Sa\u00fade\" \/>\n<meta property=\"og:url\" content=\"https:\/\/algarve7.pt\/index.php\/2022\/09\/chua-alarga-intervencao-da-eaps-a-quatro-estruturas-residenciais-para-idosos\/saude\/18\/07\/\" \/>\n<meta property=\"og:site_name\" content=\"Algarve 7\" \/>\n<meta property=\"article:publisher\" content=\"https:\/\/www.facebook.com\/algarve7\" \/>\n<meta property=\"article:author\" content=\"https:\/\/www.facebook.com\/algarve7\" \/>\n<meta property=\"article:published_time\" content=\"2022-09-05T17:07:17+00:00\" \/>\n<meta property=\"article:modified_time\" content=\"2022-09-05T17:07:19+00:00\" \/>\n<meta property=\"og:image\" content=\"https:\/\/algarve7.pt\/wp-content\/uploads\/2022\/09\/12241456-AD56-4BB9-BFC1-EB7EB6D990A9.jpeg\" \/>\n\t<meta property=\"og:image:width\" content=\"800\" \/>\n\t<meta property=\"og:image:height\" content=\"533\" \/>\n\t<meta property=\"og:image:type\" content=\"image\/jpeg\" \/>\n<meta name=\"author\" content=\"Algarve 7\" \/>\n<meta name=\"twitter:card\" content=\"summary_large_image\" \/>\n<meta name=\"twitter:creator\" content=\"@Algarvesete\" \/>\n<meta name=\"twitter:site\" content=\"@Algarvesete\" \/>\n<meta name=\"twitter:label1\" content=\"Escrito por\" \/>\n\t<meta name=\"twitter:data1\" content=\"Algarve 7\" \/>\n\t<meta name=\"twitter:label2\" content=\"Tempo estimado de leitura\" \/>\n\t<meta name=\"twitter:data2\" content=\"5 minutos\" \/>\n<script type=\"application\/ld+json\" class=\"yoast-schema-graph\">{\"@context\":\"https:\\\/\\\/schema.org\",\"@graph\":[{\"@type\":\"Article\",\"@id\":\"https:\\\/\\\/algarve7.pt\\\/index.php\\\/2022\\\/09\\\/chua-alarga-intervencao-da-eaps-a-quatro-estruturas-residenciais-para-idosos\\\/saude\\\/18\\\/07\\\/#article\",\"isPartOf\":{\"@id\":\"https:\\\/\\\/algarve7.pt\\\/index.php\\\/2022\\\/09\\\/chua-alarga-intervencao-da-eaps-a-quatro-estruturas-residenciais-para-idosos\\\/saude\\\/18\\\/07\\\/\"},\"author\":{\"name\":\"Algarve 7\",\"@id\":\"https:\\\/\\\/algarve7.pt\\\/#\\\/schema\\\/person\\\/23fa70681308e7b319a3204bcea45e0c\"},\"headline\":\"CHUA alarga interven\u00e7\u00e3o da EAPS a quatro Estruturas Residenciais para Idosos\",\"datePublished\":\"2022-09-05T17:07:17+00:00\",\"dateModified\":\"2022-09-05T17:07:19+00:00\",\"mainEntityOfPage\":{\"@id\":\"https:\\\/\\\/algarve7.pt\\\/index.php\\\/2022\\\/09\\\/chua-alarga-intervencao-da-eaps-a-quatro-estruturas-residenciais-para-idosos\\\/saude\\\/18\\\/07\\\/\"},\"wordCount\":873,\"publisher\":{\"@id\":\"https:\\\/\\\/algarve7.pt\\\/#organization\"},\"image\":{\"@id\":\"https:\\\/\\\/algarve7.pt\\\/index.php\\\/2022\\\/09\\\/chua-alarga-intervencao-da-eaps-a-quatro-estruturas-residenciais-para-idosos\\\/saude\\\/18\\\/07\\\/#primaryimage\"},\"thumbnailUrl\":\"https:\\\/\\\/algarve7.pt\\\/wp-content\\\/uploads\\\/2022\\\/09\\\/12241456-AD56-4BB9-BFC1-EB7EB6D990A9.jpeg\",\"keywords\":[\"Algarve\",\"CHUA\",\"Faro\",\"Sa\u00fade\"],\"articleSection\":[\"Sa\u00fade\"],\"inLanguage\":\"pt-PT\"},{\"@type\":\"WebPage\",\"@id\":\"https:\\\/\\\/algarve7.pt\\\/index.php\\\/2022\\\/09\\\/chua-alarga-intervencao-da-eaps-a-quatro-estruturas-residenciais-para-idosos\\\/saude\\\/18\\\/07\\\/\",\"url\":\"https:\\\/\\\/algarve7.pt\\\/index.php\\\/2022\\\/09\\\/chua-alarga-intervencao-da-eaps-a-quatro-estruturas-residenciais-para-idosos\\\/saude\\\/18\\\/07\\\/\",\"name\":\"CHUA alarga interven\u00e7\u00e3o da EAPS a quatro Estruturas Residenciais para Idosos - Algarve 7\",\"isPartOf\":{\"@id\":\"https:\\\/\\\/algarve7.pt\\\/#website\"},\"primaryImageOfPage\":{\"@id\":\"https:\\\/\\\/algarve7.pt\\\/index.php\\\/2022\\\/09\\\/chua-alarga-intervencao-da-eaps-a-quatro-estruturas-residenciais-para-idosos\\\/saude\\\/18\\\/07\\\/#primaryimage\"},\"image\":{\"@id\":\"https:\\\/\\\/algarve7.pt\\\/index.php\\\/2022\\\/09\\\/chua-alarga-intervencao-da-eaps-a-quatro-estruturas-residenciais-para-idosos\\\/saude\\\/18\\\/07\\\/#primaryimage\"},\"thumbnailUrl\":\"https:\\\/\\\/algarve7.pt\\\/wp-content\\\/uploads\\\/2022\\\/09\\\/12241456-AD56-4BB9-BFC1-EB7EB6D990A9.jpeg\",\"datePublished\":\"2022-09-05T17:07:17+00:00\",\"dateModified\":\"2022-09-05T17:07:19+00:00\",\"description\":\"CHUA alarga interven\u00e7\u00e3o da EAPS a quatro Estruturas Residenciais para Idosos Sa\u00fade\",\"breadcrumb\":{\"@id\":\"https:\\\/\\\/algarve7.pt\\\/index.php\\\/2022\\\/09\\\/chua-alarga-intervencao-da-eaps-a-quatro-estruturas-residenciais-para-idosos\\\/saude\\\/18\\\/07\\\/#breadcrumb\"},\"inLanguage\":\"pt-PT\",\"potentialAction\":[{\"@type\":\"ReadAction\",\"target\":[\"https:\\\/\\\/algarve7.pt\\\/index.php\\\/2022\\\/09\\\/chua-alarga-intervencao-da-eaps-a-quatro-estruturas-residenciais-para-idosos\\\/saude\\\/18\\\/07\\\/\"]}]},{\"@type\":\"ImageObject\",\"inLanguage\":\"pt-PT\",\"@id\":\"https:\\\/\\\/algarve7.pt\\\/index.php\\\/2022\\\/09\\\/chua-alarga-intervencao-da-eaps-a-quatro-estruturas-residenciais-para-idosos\\\/saude\\\/18\\\/07\\\/#primaryimage\",\"url\":\"https:\\\/\\\/algarve7.pt\\\/wp-content\\\/uploads\\\/2022\\\/09\\\/12241456-AD56-4BB9-BFC1-EB7EB6D990A9.jpeg\",\"contentUrl\":\"https:\\\/\\\/algarve7.pt\\\/wp-content\\\/uploads\\\/2022\\\/09\\\/12241456-AD56-4BB9-BFC1-EB7EB6D990A9.jpeg\",\"width\":800,\"height\":533},{\"@type\":\"BreadcrumbList\",\"@id\":\"https:\\\/\\\/algarve7.pt\\\/index.php\\\/2022\\\/09\\\/chua-alarga-intervencao-da-eaps-a-quatro-estruturas-residenciais-para-idosos\\\/saude\\\/18\\\/07\\\/#breadcrumb\",\"itemListElement\":[{\"@type\":\"ListItem\",\"position\":1,\"name\":\"In\u00edcio\",\"item\":\"https:\\\/\\\/algarve7.pt\\\/\"},{\"@type\":\"ListItem\",\"position\":2,\"name\":\"CHUA alarga interven\u00e7\u00e3o da EAPS a quatro Estruturas Residenciais para Idosos\"}]},{\"@type\":\"WebSite\",\"@id\":\"https:\\\/\\\/algarve7.pt\\\/#website\",\"url\":\"https:\\\/\\\/algarve7.pt\\\/\",\"name\":\"Algarve 7\",\"description\":\"Informa\u00e7\u00e3o sobre o Algarve\",\"publisher\":{\"@id\":\"https:\\\/\\\/algarve7.pt\\\/#organization\"},\"potentialAction\":[{\"@type\":\"SearchAction\",\"target\":{\"@type\":\"EntryPoint\",\"urlTemplate\":\"https:\\\/\\\/algarve7.pt\\\/?s={search_term_string}\"},\"query-input\":{\"@type\":\"PropertyValueSpecification\",\"valueRequired\":true,\"valueName\":\"search_term_string\"}}],\"inLanguage\":\"pt-PT\"},{\"@type\":\"Organization\",\"@id\":\"https:\\\/\\\/algarve7.pt\\\/#organization\",\"name\":\"Algarve 7\",\"url\":\"https:\\\/\\\/algarve7.pt\\\/\",\"logo\":{\"@type\":\"ImageObject\",\"inLanguage\":\"pt-PT\",\"@id\":\"https:\\\/\\\/algarve7.pt\\\/#\\\/schema\\\/logo\\\/image\\\/\",\"url\":\"https:\\\/\\\/algarve7.pt\\\/wp-content\\\/uploads\\\/2020\\\/10\\\/Logo-8.jpg\",\"contentUrl\":\"https:\\\/\\\/algarve7.pt\\\/wp-content\\\/uploads\\\/2020\\\/10\\\/Logo-8.jpg\",\"width\":1680,\"height\":1186,\"caption\":\"Algarve 7\"},\"image\":{\"@id\":\"https:\\\/\\\/algarve7.pt\\\/#\\\/schema\\\/logo\\\/image\\\/\"},\"sameAs\":[\"https:\\\/\\\/www.facebook.com\\\/algarve7\",\"https:\\\/\\\/x.com\\\/Algarvesete\",\"https:\\\/\\\/www.instagram.com\\\/jornalalgarve7\\\/\",\"https:\\\/\\\/www.linkedin.com\\\/company\\\/algarve7\",\"https:\\\/\\\/www.pinterest.pt\\\/geral0939\\\/_created\\\/\"]},{\"@type\":\"Person\",\"@id\":\"https:\\\/\\\/algarve7.pt\\\/#\\\/schema\\\/person\\\/23fa70681308e7b319a3204bcea45e0c\",\"name\":\"Algarve 7\",\"sameAs\":[\"https:\\\/\\\/algarve7.pt\",\"https:\\\/\\\/www.facebook.com\\\/algarve7\"],\"url\":\"https:\\\/\\\/algarve7.pt\\\/index.php\\\/author\\\/geralalgarve7-pt\\\/\"}]}<\/script>\n<!-- \/ Yoast SEO plugin. -->","yoast_head_json":{"title":"CHUA alarga interven\u00e7\u00e3o da EAPS a quatro Estruturas Residenciais para Idosos - Algarve 7","description":"CHUA alarga interven\u00e7\u00e3o da EAPS a quatro Estruturas Residenciais para Idosos Sa\u00fade","robots":{"index":"index","follow":"follow","max-snippet":"max-snippet:-1","max-image-preview":"max-image-preview:large","max-video-preview":"max-video-preview:-1"},"canonical":"https:\/\/algarve7.pt\/index.php\/2022\/09\/chua-alarga-intervencao-da-eaps-a-quatro-estruturas-residenciais-para-idosos\/saude\/18\/07\/","og_locale":"pt_PT","og_type":"article","og_title":"CHUA alarga interven\u00e7\u00e3o da EAPS a quatro Estruturas Residenciais para Idosos - Algarve 7","og_description":"CHUA alarga interven\u00e7\u00e3o da EAPS a quatro Estruturas Residenciais para Idosos Sa\u00fade","og_url":"https:\/\/algarve7.pt\/index.php\/2022\/09\/chua-alarga-intervencao-da-eaps-a-quatro-estruturas-residenciais-para-idosos\/saude\/18\/07\/","og_site_name":"Algarve 7","article_publisher":"https:\/\/www.facebook.com\/algarve7","article_author":"https:\/\/www.facebook.com\/algarve7","article_published_time":"2022-09-05T17:07:17+00:00","article_modified_time":"2022-09-05T17:07:19+00:00","og_image":[{"width":800,"height":533,"url":"https:\/\/algarve7.pt\/wp-content\/uploads\/2022\/09\/12241456-AD56-4BB9-BFC1-EB7EB6D990A9.jpeg","type":"image\/jpeg"}],"author":"Algarve 7","twitter_card":"summary_large_image","twitter_creator":"@Algarvesete","twitter_site":"@Algarvesete","twitter_misc":{"Escrito por":"Algarve 7","Tempo estimado de leitura":"5 minutos"},"schema":{"@context":"https:\/\/schema.org","@graph":[{"@type":"Article","@id":"https:\/\/algarve7.pt\/index.php\/2022\/09\/chua-alarga-intervencao-da-eaps-a-quatro-estruturas-residenciais-para-idosos\/saude\/18\/07\/#article","isPartOf":{"@id":"https:\/\/algarve7.pt\/index.php\/2022\/09\/chua-alarga-intervencao-da-eaps-a-quatro-estruturas-residenciais-para-idosos\/saude\/18\/07\/"},"author":{"name":"Algarve 7","@id":"https:\/\/algarve7.pt\/#\/schema\/person\/23fa70681308e7b319a3204bcea45e0c"},"headline":"CHUA alarga interven\u00e7\u00e3o da EAPS a quatro Estruturas Residenciais para Idosos","datePublished":"2022-09-05T17:07:17+00:00","dateModified":"2022-09-05T17:07:19+00:00","mainEntityOfPage":{"@id":"https:\/\/algarve7.pt\/index.php\/2022\/09\/chua-alarga-intervencao-da-eaps-a-quatro-estruturas-residenciais-para-idosos\/saude\/18\/07\/"},"wordCount":873,"publisher":{"@id":"https:\/\/algarve7.pt\/#organization"},"image":{"@id":"https:\/\/algarve7.pt\/index.php\/2022\/09\/chua-alarga-intervencao-da-eaps-a-quatro-estruturas-residenciais-para-idosos\/saude\/18\/07\/#primaryimage"},"thumbnailUrl":"https:\/\/algarve7.pt\/wp-content\/uploads\/2022\/09\/12241456-AD56-4BB9-BFC1-EB7EB6D990A9.jpeg","keywords":["Algarve","CHUA","Faro","Sa\u00fade"],"articleSection":["Sa\u00fade"],"inLanguage":"pt-PT"},{"@type":"WebPage","@id":"https:\/\/algarve7.pt\/index.php\/2022\/09\/chua-alarga-intervencao-da-eaps-a-quatro-estruturas-residenciais-para-idosos\/saude\/18\/07\/","url":"https:\/\/algarve7.pt\/index.php\/2022\/09\/chua-alarga-intervencao-da-eaps-a-quatro-estruturas-residenciais-para-idosos\/saude\/18\/07\/","name":"CHUA alarga interven\u00e7\u00e3o da EAPS a quatro Estruturas Residenciais para Idosos - Algarve 7","isPartOf":{"@id":"https:\/\/algarve7.pt\/#website"},"primaryImageOfPage":{"@id":"https:\/\/algarve7.pt\/index.php\/2022\/09\/chua-alarga-intervencao-da-eaps-a-quatro-estruturas-residenciais-para-idosos\/saude\/18\/07\/#primaryimage"},"image":{"@id":"https:\/\/algarve7.pt\/index.php\/2022\/09\/chua-alarga-intervencao-da-eaps-a-quatro-estruturas-residenciais-para-idosos\/saude\/18\/07\/#primaryimage"},"thumbnailUrl":"https:\/\/algarve7.pt\/wp-content\/uploads\/2022\/09\/12241456-AD56-4BB9-BFC1-EB7EB6D990A9.jpeg","datePublished":"2022-09-05T17:07:17+00:00","dateModified":"2022-09-05T17:07:19+00:00","description":"CHUA alarga interven\u00e7\u00e3o da EAPS a quatro Estruturas Residenciais para Idosos Sa\u00fade","breadcrumb":{"@id":"https:\/\/algarve7.pt\/index.php\/2022\/09\/chua-alarga-intervencao-da-eaps-a-quatro-estruturas-residenciais-para-idosos\/saude\/18\/07\/#breadcrumb"},"inLanguage":"pt-PT","potentialAction":[{"@type":"ReadAction","target":["https:\/\/algarve7.pt\/index.php\/2022\/09\/chua-alarga-intervencao-da-eaps-a-quatro-estruturas-residenciais-para-idosos\/saude\/18\/07\/"]}]},{"@type":"ImageObject","inLanguage":"pt-PT","@id":"https:\/\/algarve7.pt\/index.php\/2022\/09\/chua-alarga-intervencao-da-eaps-a-quatro-estruturas-residenciais-para-idosos\/saude\/18\/07\/#primaryimage","url":"https:\/\/algarve7.pt\/wp-content\/uploads\/2022\/09\/12241456-AD56-4BB9-BFC1-EB7EB6D990A9.jpeg","contentUrl":"https:\/\/algarve7.pt\/wp-content\/uploads\/2022\/09\/12241456-AD56-4BB9-BFC1-EB7EB6D990A9.jpeg","width":800,"height":533},{"@type":"BreadcrumbList","@id":"https:\/\/algarve7.pt\/index.php\/2022\/09\/chua-alarga-intervencao-da-eaps-a-quatro-estruturas-residenciais-para-idosos\/saude\/18\/07\/#breadcrumb","itemListElement":[{"@type":"ListItem","position":1,"name":"In\u00edcio","item":"https:\/\/algarve7.pt\/"},{"@type":"ListItem","position":2,"name":"CHUA alarga interven\u00e7\u00e3o da EAPS a quatro Estruturas Residenciais para Idosos"}]},{"@type":"WebSite","@id":"https:\/\/algarve7.pt\/#website","url":"https:\/\/algarve7.pt\/","name":"Algarve 7","description":"Informa\u00e7\u00e3o sobre o Algarve","publisher":{"@id":"https:\/\/algarve7.pt\/#organization"},"potentialAction":[{"@type":"SearchAction","target":{"@type":"EntryPoint","urlTemplate":"https:\/\/algarve7.pt\/?s={search_term_string}"},"query-input":{"@type":"PropertyValueSpecification","valueRequired":true,"valueName":"search_term_string"}}],"inLanguage":"pt-PT"},{"@type":"Organization","@id":"https:\/\/algarve7.pt\/#organization","name":"Algarve 7","url":"https:\/\/algarve7.pt\/","logo":{"@type":"ImageObject","inLanguage":"pt-PT","@id":"https:\/\/algarve7.pt\/#\/schema\/logo\/image\/","url":"https:\/\/algarve7.pt\/wp-content\/uploads\/2020\/10\/Logo-8.jpg","contentUrl":"https:\/\/algarve7.pt\/wp-content\/uploads\/2020\/10\/Logo-8.jpg","width":1680,"height":1186,"caption":"Algarve 7"},"image":{"@id":"https:\/\/algarve7.pt\/#\/schema\/logo\/image\/"},"sameAs":["https:\/\/www.facebook.com\/algarve7","https:\/\/x.com\/Algarvesete","https:\/\/www.instagram.com\/jornalalgarve7\/","https:\/\/www.linkedin.com\/company\/algarve7","https:\/\/www.pinterest.pt\/geral0939\/_created\/"]},{"@type":"Person","@id":"https:\/\/algarve7.pt\/#\/schema\/person\/23fa70681308e7b319a3204bcea45e0c","name":"Algarve 7","sameAs":["https:\/\/algarve7.pt","https:\/\/www.facebook.com\/algarve7"],"url":"https:\/\/algarve7.pt\/index.php\/author\/geralalgarve7-pt\/"}]}},"jetpack_publicize_connections":[],"jetpack_featured_media_url":"https:\/\/algarve7.pt\/wp-content\/uploads\/2022\/09\/12241456-AD56-4BB9-BFC1-EB7EB6D990A9.jpeg","jetpack_shortlink":"https:\/\/wp.me\/pcezmW-5yz","jetpack_sharing_enabled":true,"_links":{"self":[{"href":"https:\/\/algarve7.pt\/index.php\/wp-json\/wp\/v2\/posts\/21363","targetHints":{"allow":["GET"]}}],"collection":[{"href":"https:\/\/algarve7.pt\/index.php\/wp-json\/wp\/v2\/posts"}],"about":[{"href":"https:\/\/algarve7.pt\/index.php\/wp-json\/wp\/v2\/types\/post"}],"author":[{"embeddable":true,"href":"https:\/\/algarve7.pt\/index.php\/wp-json\/wp\/v2\/users\/1"}],"replies":[{"embeddable":true,"href":"https:\/\/algarve7.pt\/index.php\/wp-json\/wp\/v2\/comments?post=21363"}],"version-history":[{"count":0,"href":"https:\/\/algarve7.pt\/index.php\/wp-json\/wp\/v2\/posts\/21363\/revisions"}],"wp:featuredmedia":[{"embeddable":true,"href":"https:\/\/algarve7.pt\/index.php\/wp-json\/wp\/v2\/media\/21364"}],"wp:attachment":[{"href":"https:\/\/algarve7.pt\/index.php\/wp-json\/wp\/v2\/media?parent=21363"}],"wp:term":[{"taxonomy":"category","embeddable":true,"href":"https:\/\/algarve7.pt\/index.php\/wp-json\/wp\/v2\/categories?post=21363"},{"taxonomy":"post_tag","embeddable":true,"href":"https:\/\/algarve7.pt\/index.php\/wp-json\/wp\/v2\/tags?post=21363"}],"curies":[{"name":"wp","href":"https:\/\/api.w.org\/{rel}","templated":true}]}}