{"id":21359,"date":"2022-09-05T13:54:54","date_gmt":"2022-09-05T12:54:54","guid":{"rendered":"https:\/\/algarve7.pt\/?p=21359"},"modified":"2022-09-05T13:54:55","modified_gmt":"2022-09-05T12:54:55","slug":"vigilancia-florestal-envolveu-64-jovens-voluntarios","status":"publish","type":"post","link":"https:\/\/algarve7.pt\/index.php\/2022\/09\/vigilancia-florestal-envolveu-64-jovens-voluntarios\/ambiente\/13\/54\/","title":{"rendered":"Vigil\u00e2ncia florestal envolveu 64 jovens volunt\u00e1rios"},"content":{"rendered":"\n<p>Pelo 15\u00ba ano consecutivo, o&nbsp;Servi\u00e7o Municipal de Prote\u00e7\u00e3o Civil&nbsp;de Loul\u00e9 dinamizou, nos meses de julho e agosto, o&nbsp;programa \u201cVigil\u00e2ncia Florestal \u2013 Voluntariado Jovem\u201d,&nbsp;envolvendo&nbsp;este ano&nbsp;64 participantes.<\/p>\n\n\n\n<p>Destinado a jovens&nbsp;em per\u00edodo de f\u00e9rias escolares, e com o objetivo de promover a ocupa\u00e7\u00e3o dos tempos livres e sensibilizar os mais novos para a preserva\u00e7\u00e3o do patrim\u00f3nio florestal, as atividades contaram&nbsp;com a participa\u00e7\u00e3o de jovens com idades compreendidas entre os 12 e 17 anos, organizados em grupos de 7 elementos, acompanhados por um monitor.<\/p>\n\n\n\n<p>As brigadas realizaram vigil\u00e2ncia em dias alternados durante duas semanas, com caminhadas pelos espa\u00e7os rurais nas diferentes freguesias do concelho de Loul\u00e9&nbsp;que integram o territ\u00f3rio florestal.<\/p>\n\n\n\n<p>Esta a\u00e7\u00e3o&nbsp;teve como objetivo a preven\u00e7\u00e3o e dete\u00e7\u00e3o de fogos florestais, a sensibiliza\u00e7\u00e3o e informa\u00e7\u00e3o \u00e0 popula\u00e7\u00e3o, para al\u00e9m da aprendizagem relacionada com os inc\u00eandios florestais e das caminhadas ao ar livre. Por outro lado,&nbsp;uma vez mais, o&nbsp;programa favoreceu&nbsp;as rela\u00e7\u00f5es interpessoais&nbsp;e o conv\u00edvio&nbsp;entre os elementos dos grupos.<\/p>\n\n\n\n<p>No encerramento de cada brigada os participantes tiveram a oportunidade de conhecer a Unidade Avan\u00e7ada de Prote\u00e7\u00e3o Civil,&nbsp;em Vale Maria Dias, onde&nbsp;puderam&nbsp;contactar&nbsp;com as Equipas Municipais de Interven\u00e7\u00e3o Florestal e Sapadores Florestais,&nbsp;dois elementos fundamentais do dispositivo municipal. Os jovens ficaram, assim, a par de quais osequipamentos usados pelas equipas na sua atividade di\u00e1ria durante o per\u00edodo de maior risco de inc\u00eandio,&nbsp;para al\u00e9m de terem contactado diretamente&nbsp;com a brigada a cavalo da GNR que colabora&nbsp;no mesmo objetivo&nbsp;de defesa da floresta.&nbsp;&nbsp;<\/p>\n\n\n\n<p>Este programa contou com o apoio das juntas de freguesia de Alte, Ameixial, Salir e Uni\u00e3o de Freguesias Queren\u00e7a, T\u00f4r e Benafim, os territ\u00f3rios por onde passaram estas brigadas.<\/p>\n","protected":false},"excerpt":{"rendered":"<p>Pelo 15\u00ba ano consecutivo, o&nbsp;Servi\u00e7o Municipal de Prote\u00e7\u00e3o Civil&nbsp;de Loul\u00e9 dinamizou, nos meses de julho e agosto, o&nbsp;programa \u201cVigil\u00e2ncia Florestal<\/p>\n","protected":false},"author":1,"featured_media":21360,"comment_status":"closed","ping_status":"open","sticky":false,"template":"","format":"standard","meta":{"colormag_page_container_layout":"default_layout","colormag_page_sidebar_layout":"default_layout","_monsterinsights_skip_tracking":false,"_monsterinsights_sitenote_active":false,"_monsterinsights_sitenote_note":"","_monsterinsights_sitenote_category":0,"jetpack_post_was_ever_published":false,"_jetpack_newsletter_access":"","_jetpack_dont_email_post_to_subs":false,"_jetpack_newsletter_tier_id":0,"_jetpack_memberships_contains_paywalled_content":false,"_jetpack_memberships_contains_paid_content":false,"footnotes":"","jetpack_publicize_message":"","jetpack_publicize_feature_enabled":true,"jetpack_social_post_already_shared":true,"jetpack_social_options":{"image_generator_settings":{"template":"highway","default_image_id":0,"font":"","enabled":false},"version":2}},"categories":[5],"tags":[36,32,31],"class_list":["post-21359","post","type-post","status-publish","format-standard","has-post-thumbnail","hentry","category-ambiente","tag-algarve","tag-ambiente","tag-loule"],"yoast_head":"<!-- This site is optimized with the Yoast SEO plugin v27.5 - https:\/\/yoast.com\/product\/yoast-seo-wordpress\/ -->\n<title>Vigil\u00e2ncia florestal envolveu 64 jovens volunt\u00e1rios - Algarve 7<\/title>\n<meta name=\"description\" content=\"Vigil\u00e2ncia florestal envolveu 64 jovens volunt\u00e1rios Ambiente\" \/>\n<meta name=\"robots\" content=\"index, follow, max-snippet:-1, max-image-preview:large, max-video-preview:-1\" \/>\n<link rel=\"canonical\" href=\"https:\/\/algarve7.pt\/index.php\/2022\/09\/vigilancia-florestal-envolveu-64-jovens-voluntarios\/ambiente\/13\/54\/\" \/>\n<meta property=\"og:locale\" content=\"pt_PT\" \/>\n<meta property=\"og:type\" content=\"article\" \/>\n<meta property=\"og:title\" content=\"Vigil\u00e2ncia florestal envolveu 64 jovens volunt\u00e1rios - Algarve 7\" \/>\n<meta property=\"og:description\" content=\"Vigil\u00e2ncia florestal envolveu 64 jovens volunt\u00e1rios Ambiente\" \/>\n<meta property=\"og:url\" content=\"https:\/\/algarve7.pt\/index.php\/2022\/09\/vigilancia-florestal-envolveu-64-jovens-voluntarios\/ambiente\/13\/54\/\" \/>\n<meta property=\"og:site_name\" content=\"Algarve 7\" \/>\n<meta property=\"article:publisher\" content=\"https:\/\/www.facebook.com\/algarve7\" \/>\n<meta property=\"article:author\" content=\"https:\/\/www.facebook.com\/algarve7\" \/>\n<meta property=\"article:published_time\" content=\"2022-09-05T12:54:54+00:00\" \/>\n<meta property=\"article:modified_time\" content=\"2022-09-05T12:54:55+00:00\" \/>\n<meta property=\"og:image\" content=\"https:\/\/algarve7.pt\/wp-content\/uploads\/2022\/09\/D08C857B-77A2-49BA-92DC-AC435E5F0C98.jpeg\" \/>\n\t<meta property=\"og:image:width\" content=\"1440\" \/>\n\t<meta property=\"og:image:height\" content=\"1920\" \/>\n\t<meta property=\"og:image:type\" content=\"image\/jpeg\" \/>\n<meta name=\"author\" content=\"Algarve 7\" \/>\n<meta name=\"twitter:card\" content=\"summary_large_image\" \/>\n<meta name=\"twitter:creator\" content=\"@Algarvesete\" \/>\n<meta name=\"twitter:site\" content=\"@Algarvesete\" \/>\n<meta name=\"twitter:label1\" content=\"Escrito por\" \/>\n\t<meta name=\"twitter:data1\" content=\"Algarve 7\" \/>\n\t<meta name=\"twitter:label2\" content=\"Tempo estimado de leitura\" \/>\n\t<meta name=\"twitter:data2\" content=\"2 minutos\" \/>\n<script type=\"application\/ld+json\" class=\"yoast-schema-graph\">{\"@context\":\"https:\\\/\\\/schema.org\",\"@graph\":[{\"@type\":\"Article\",\"@id\":\"https:\\\/\\\/algarve7.pt\\\/index.php\\\/2022\\\/09\\\/vigilancia-florestal-envolveu-64-jovens-voluntarios\\\/ambiente\\\/13\\\/54\\\/#article\",\"isPartOf\":{\"@id\":\"https:\\\/\\\/algarve7.pt\\\/index.php\\\/2022\\\/09\\\/vigilancia-florestal-envolveu-64-jovens-voluntarios\\\/ambiente\\\/13\\\/54\\\/\"},\"author\":{\"name\":\"Algarve 7\",\"@id\":\"https:\\\/\\\/algarve7.pt\\\/#\\\/schema\\\/person\\\/23fa70681308e7b319a3204bcea45e0c\"},\"headline\":\"Vigil\u00e2ncia florestal envolveu 64 jovens volunt\u00e1rios\",\"datePublished\":\"2022-09-05T12:54:54+00:00\",\"dateModified\":\"2022-09-05T12:54:55+00:00\",\"mainEntityOfPage\":{\"@id\":\"https:\\\/\\\/algarve7.pt\\\/index.php\\\/2022\\\/09\\\/vigilancia-florestal-envolveu-64-jovens-voluntarios\\\/ambiente\\\/13\\\/54\\\/\"},\"wordCount\":343,\"publisher\":{\"@id\":\"https:\\\/\\\/algarve7.pt\\\/#organization\"},\"image\":{\"@id\":\"https:\\\/\\\/algarve7.pt\\\/index.php\\\/2022\\\/09\\\/vigilancia-florestal-envolveu-64-jovens-voluntarios\\\/ambiente\\\/13\\\/54\\\/#primaryimage\"},\"thumbnailUrl\":\"https:\\\/\\\/algarve7.pt\\\/wp-content\\\/uploads\\\/2022\\\/09\\\/D08C857B-77A2-49BA-92DC-AC435E5F0C98.jpeg\",\"keywords\":[\"Algarve\",\"Ambiente\",\"Loul\u00e9\"],\"articleSection\":[\"Ambiente\"],\"inLanguage\":\"pt-PT\"},{\"@type\":\"WebPage\",\"@id\":\"https:\\\/\\\/algarve7.pt\\\/index.php\\\/2022\\\/09\\\/vigilancia-florestal-envolveu-64-jovens-voluntarios\\\/ambiente\\\/13\\\/54\\\/\",\"url\":\"https:\\\/\\\/algarve7.pt\\\/index.php\\\/2022\\\/09\\\/vigilancia-florestal-envolveu-64-jovens-voluntarios\\\/ambiente\\\/13\\\/54\\\/\",\"name\":\"Vigil\u00e2ncia florestal envolveu 64 jovens volunt\u00e1rios - Algarve 7\",\"isPartOf\":{\"@id\":\"https:\\\/\\\/algarve7.pt\\\/#website\"},\"primaryImageOfPage\":{\"@id\":\"https:\\\/\\\/algarve7.pt\\\/index.php\\\/2022\\\/09\\\/vigilancia-florestal-envolveu-64-jovens-voluntarios\\\/ambiente\\\/13\\\/54\\\/#primaryimage\"},\"image\":{\"@id\":\"https:\\\/\\\/algarve7.pt\\\/index.php\\\/2022\\\/09\\\/vigilancia-florestal-envolveu-64-jovens-voluntarios\\\/ambiente\\\/13\\\/54\\\/#primaryimage\"},\"thumbnailUrl\":\"https:\\\/\\\/algarve7.pt\\\/wp-content\\\/uploads\\\/2022\\\/09\\\/D08C857B-77A2-49BA-92DC-AC435E5F0C98.jpeg\",\"datePublished\":\"2022-09-05T12:54:54+00:00\",\"dateModified\":\"2022-09-05T12:54:55+00:00\",\"description\":\"Vigil\u00e2ncia florestal envolveu 64 jovens volunt\u00e1rios Ambiente\",\"breadcrumb\":{\"@id\":\"https:\\\/\\\/algarve7.pt\\\/index.php\\\/2022\\\/09\\\/vigilancia-florestal-envolveu-64-jovens-voluntarios\\\/ambiente\\\/13\\\/54\\\/#breadcrumb\"},\"inLanguage\":\"pt-PT\",\"potentialAction\":[{\"@type\":\"ReadAction\",\"target\":[\"https:\\\/\\\/algarve7.pt\\\/index.php\\\/2022\\\/09\\\/vigilancia-florestal-envolveu-64-jovens-voluntarios\\\/ambiente\\\/13\\\/54\\\/\"]}]},{\"@type\":\"ImageObject\",\"inLanguage\":\"pt-PT\",\"@id\":\"https:\\\/\\\/algarve7.pt\\\/index.php\\\/2022\\\/09\\\/vigilancia-florestal-envolveu-64-jovens-voluntarios\\\/ambiente\\\/13\\\/54\\\/#primaryimage\",\"url\":\"https:\\\/\\\/algarve7.pt\\\/wp-content\\\/uploads\\\/2022\\\/09\\\/D08C857B-77A2-49BA-92DC-AC435E5F0C98.jpeg\",\"contentUrl\":\"https:\\\/\\\/algarve7.pt\\\/wp-content\\\/uploads\\\/2022\\\/09\\\/D08C857B-77A2-49BA-92DC-AC435E5F0C98.jpeg\",\"width\":1440,\"height\":1920},{\"@type\":\"BreadcrumbList\",\"@id\":\"https:\\\/\\\/algarve7.pt\\\/index.php\\\/2022\\\/09\\\/vigilancia-florestal-envolveu-64-jovens-voluntarios\\\/ambiente\\\/13\\\/54\\\/#breadcrumb\",\"itemListElement\":[{\"@type\":\"ListItem\",\"position\":1,\"name\":\"In\u00edcio\",\"item\":\"https:\\\/\\\/algarve7.pt\\\/\"},{\"@type\":\"ListItem\",\"position\":2,\"name\":\"Vigil\u00e2ncia florestal envolveu 64 jovens volunt\u00e1rios\"}]},{\"@type\":\"WebSite\",\"@id\":\"https:\\\/\\\/algarve7.pt\\\/#website\",\"url\":\"https:\\\/\\\/algarve7.pt\\\/\",\"name\":\"Algarve 7\",\"description\":\"Informa\u00e7\u00e3o sobre o Algarve\",\"publisher\":{\"@id\":\"https:\\\/\\\/algarve7.pt\\\/#organization\"},\"potentialAction\":[{\"@type\":\"SearchAction\",\"target\":{\"@type\":\"EntryPoint\",\"urlTemplate\":\"https:\\\/\\\/algarve7.pt\\\/?s={search_term_string}\"},\"query-input\":{\"@type\":\"PropertyValueSpecification\",\"valueRequired\":true,\"valueName\":\"search_term_string\"}}],\"inLanguage\":\"pt-PT\"},{\"@type\":\"Organization\",\"@id\":\"https:\\\/\\\/algarve7.pt\\\/#organization\",\"name\":\"Algarve 7\",\"url\":\"https:\\\/\\\/algarve7.pt\\\/\",\"logo\":{\"@type\":\"ImageObject\",\"inLanguage\":\"pt-PT\",\"@id\":\"https:\\\/\\\/algarve7.pt\\\/#\\\/schema\\\/logo\\\/image\\\/\",\"url\":\"https:\\\/\\\/algarve7.pt\\\/wp-content\\\/uploads\\\/2020\\\/10\\\/Logo-8.jpg\",\"contentUrl\":\"https:\\\/\\\/algarve7.pt\\\/wp-content\\\/uploads\\\/2020\\\/10\\\/Logo-8.jpg\",\"width\":1680,\"height\":1186,\"caption\":\"Algarve 7\"},\"image\":{\"@id\":\"https:\\\/\\\/algarve7.pt\\\/#\\\/schema\\\/logo\\\/image\\\/\"},\"sameAs\":[\"https:\\\/\\\/www.facebook.com\\\/algarve7\",\"https:\\\/\\\/x.com\\\/Algarvesete\",\"https:\\\/\\\/www.instagram.com\\\/jornalalgarve7\\\/\",\"https:\\\/\\\/www.linkedin.com\\\/company\\\/algarve7\",\"https:\\\/\\\/www.pinterest.pt\\\/geral0939\\\/_created\\\/\"]},{\"@type\":\"Person\",\"@id\":\"https:\\\/\\\/algarve7.pt\\\/#\\\/schema\\\/person\\\/23fa70681308e7b319a3204bcea45e0c\",\"name\":\"Algarve 7\",\"sameAs\":[\"https:\\\/\\\/algarve7.pt\",\"https:\\\/\\\/www.facebook.com\\\/algarve7\"],\"url\":\"https:\\\/\\\/algarve7.pt\\\/index.php\\\/author\\\/geralalgarve7-pt\\\/\"}]}<\/script>\n<!-- \/ Yoast SEO plugin. -->","yoast_head_json":{"title":"Vigil\u00e2ncia florestal envolveu 64 jovens volunt\u00e1rios - Algarve 7","description":"Vigil\u00e2ncia florestal envolveu 64 jovens volunt\u00e1rios Ambiente","robots":{"index":"index","follow":"follow","max-snippet":"max-snippet:-1","max-image-preview":"max-image-preview:large","max-video-preview":"max-video-preview:-1"},"canonical":"https:\/\/algarve7.pt\/index.php\/2022\/09\/vigilancia-florestal-envolveu-64-jovens-voluntarios\/ambiente\/13\/54\/","og_locale":"pt_PT","og_type":"article","og_title":"Vigil\u00e2ncia florestal envolveu 64 jovens volunt\u00e1rios - Algarve 7","og_description":"Vigil\u00e2ncia florestal envolveu 64 jovens volunt\u00e1rios Ambiente","og_url":"https:\/\/algarve7.pt\/index.php\/2022\/09\/vigilancia-florestal-envolveu-64-jovens-voluntarios\/ambiente\/13\/54\/","og_site_name":"Algarve 7","article_publisher":"https:\/\/www.facebook.com\/algarve7","article_author":"https:\/\/www.facebook.com\/algarve7","article_published_time":"2022-09-05T12:54:54+00:00","article_modified_time":"2022-09-05T12:54:55+00:00","og_image":[{"width":1440,"height":1920,"url":"https:\/\/algarve7.pt\/wp-content\/uploads\/2022\/09\/D08C857B-77A2-49BA-92DC-AC435E5F0C98.jpeg","type":"image\/jpeg"}],"author":"Algarve 7","twitter_card":"summary_large_image","twitter_creator":"@Algarvesete","twitter_site":"@Algarvesete","twitter_misc":{"Escrito por":"Algarve 7","Tempo estimado de leitura":"2 minutos"},"schema":{"@context":"https:\/\/schema.org","@graph":[{"@type":"Article","@id":"https:\/\/algarve7.pt\/index.php\/2022\/09\/vigilancia-florestal-envolveu-64-jovens-voluntarios\/ambiente\/13\/54\/#article","isPartOf":{"@id":"https:\/\/algarve7.pt\/index.php\/2022\/09\/vigilancia-florestal-envolveu-64-jovens-voluntarios\/ambiente\/13\/54\/"},"author":{"name":"Algarve 7","@id":"https:\/\/algarve7.pt\/#\/schema\/person\/23fa70681308e7b319a3204bcea45e0c"},"headline":"Vigil\u00e2ncia florestal envolveu 64 jovens volunt\u00e1rios","datePublished":"2022-09-05T12:54:54+00:00","dateModified":"2022-09-05T12:54:55+00:00","mainEntityOfPage":{"@id":"https:\/\/algarve7.pt\/index.php\/2022\/09\/vigilancia-florestal-envolveu-64-jovens-voluntarios\/ambiente\/13\/54\/"},"wordCount":343,"publisher":{"@id":"https:\/\/algarve7.pt\/#organization"},"image":{"@id":"https:\/\/algarve7.pt\/index.php\/2022\/09\/vigilancia-florestal-envolveu-64-jovens-voluntarios\/ambiente\/13\/54\/#primaryimage"},"thumbnailUrl":"https:\/\/algarve7.pt\/wp-content\/uploads\/2022\/09\/D08C857B-77A2-49BA-92DC-AC435E5F0C98.jpeg","keywords":["Algarve","Ambiente","Loul\u00e9"],"articleSection":["Ambiente"],"inLanguage":"pt-PT"},{"@type":"WebPage","@id":"https:\/\/algarve7.pt\/index.php\/2022\/09\/vigilancia-florestal-envolveu-64-jovens-voluntarios\/ambiente\/13\/54\/","url":"https:\/\/algarve7.pt\/index.php\/2022\/09\/vigilancia-florestal-envolveu-64-jovens-voluntarios\/ambiente\/13\/54\/","name":"Vigil\u00e2ncia florestal envolveu 64 jovens volunt\u00e1rios - Algarve 7","isPartOf":{"@id":"https:\/\/algarve7.pt\/#website"},"primaryImageOfPage":{"@id":"https:\/\/algarve7.pt\/index.php\/2022\/09\/vigilancia-florestal-envolveu-64-jovens-voluntarios\/ambiente\/13\/54\/#primaryimage"},"image":{"@id":"https:\/\/algarve7.pt\/index.php\/2022\/09\/vigilancia-florestal-envolveu-64-jovens-voluntarios\/ambiente\/13\/54\/#primaryimage"},"thumbnailUrl":"https:\/\/algarve7.pt\/wp-content\/uploads\/2022\/09\/D08C857B-77A2-49BA-92DC-AC435E5F0C98.jpeg","datePublished":"2022-09-05T12:54:54+00:00","dateModified":"2022-09-05T12:54:55+00:00","description":"Vigil\u00e2ncia florestal envolveu 64 jovens volunt\u00e1rios Ambiente","breadcrumb":{"@id":"https:\/\/algarve7.pt\/index.php\/2022\/09\/vigilancia-florestal-envolveu-64-jovens-voluntarios\/ambiente\/13\/54\/#breadcrumb"},"inLanguage":"pt-PT","potentialAction":[{"@type":"ReadAction","target":["https:\/\/algarve7.pt\/index.php\/2022\/09\/vigilancia-florestal-envolveu-64-jovens-voluntarios\/ambiente\/13\/54\/"]}]},{"@type":"ImageObject","inLanguage":"pt-PT","@id":"https:\/\/algarve7.pt\/index.php\/2022\/09\/vigilancia-florestal-envolveu-64-jovens-voluntarios\/ambiente\/13\/54\/#primaryimage","url":"https:\/\/algarve7.pt\/wp-content\/uploads\/2022\/09\/D08C857B-77A2-49BA-92DC-AC435E5F0C98.jpeg","contentUrl":"https:\/\/algarve7.pt\/wp-content\/uploads\/2022\/09\/D08C857B-77A2-49BA-92DC-AC435E5F0C98.jpeg","width":1440,"height":1920},{"@type":"BreadcrumbList","@id":"https:\/\/algarve7.pt\/index.php\/2022\/09\/vigilancia-florestal-envolveu-64-jovens-voluntarios\/ambiente\/13\/54\/#breadcrumb","itemListElement":[{"@type":"ListItem","position":1,"name":"In\u00edcio","item":"https:\/\/algarve7.pt\/"},{"@type":"ListItem","position":2,"name":"Vigil\u00e2ncia florestal envolveu 64 jovens volunt\u00e1rios"}]},{"@type":"WebSite","@id":"https:\/\/algarve7.pt\/#website","url":"https:\/\/algarve7.pt\/","name":"Algarve 7","description":"Informa\u00e7\u00e3o sobre o Algarve","publisher":{"@id":"https:\/\/algarve7.pt\/#organization"},"potentialAction":[{"@type":"SearchAction","target":{"@type":"EntryPoint","urlTemplate":"https:\/\/algarve7.pt\/?s={search_term_string}"},"query-input":{"@type":"PropertyValueSpecification","valueRequired":true,"valueName":"search_term_string"}}],"inLanguage":"pt-PT"},{"@type":"Organization","@id":"https:\/\/algarve7.pt\/#organization","name":"Algarve 7","url":"https:\/\/algarve7.pt\/","logo":{"@type":"ImageObject","inLanguage":"pt-PT","@id":"https:\/\/algarve7.pt\/#\/schema\/logo\/image\/","url":"https:\/\/algarve7.pt\/wp-content\/uploads\/2020\/10\/Logo-8.jpg","contentUrl":"https:\/\/algarve7.pt\/wp-content\/uploads\/2020\/10\/Logo-8.jpg","width":1680,"height":1186,"caption":"Algarve 7"},"image":{"@id":"https:\/\/algarve7.pt\/#\/schema\/logo\/image\/"},"sameAs":["https:\/\/www.facebook.com\/algarve7","https:\/\/x.com\/Algarvesete","https:\/\/www.instagram.com\/jornalalgarve7\/","https:\/\/www.linkedin.com\/company\/algarve7","https:\/\/www.pinterest.pt\/geral0939\/_created\/"]},{"@type":"Person","@id":"https:\/\/algarve7.pt\/#\/schema\/person\/23fa70681308e7b319a3204bcea45e0c","name":"Algarve 7","sameAs":["https:\/\/algarve7.pt","https:\/\/www.facebook.com\/algarve7"],"url":"https:\/\/algarve7.pt\/index.php\/author\/geralalgarve7-pt\/"}]}},"jetpack_publicize_connections":[],"jetpack_featured_media_url":"https:\/\/algarve7.pt\/wp-content\/uploads\/2022\/09\/D08C857B-77A2-49BA-92DC-AC435E5F0C98.jpeg","jetpack_shortlink":"https:\/\/wp.me\/pcezmW-5yv","jetpack_sharing_enabled":true,"_links":{"self":[{"href":"https:\/\/algarve7.pt\/index.php\/wp-json\/wp\/v2\/posts\/21359","targetHints":{"allow":["GET"]}}],"collection":[{"href":"https:\/\/algarve7.pt\/index.php\/wp-json\/wp\/v2\/posts"}],"about":[{"href":"https:\/\/algarve7.pt\/index.php\/wp-json\/wp\/v2\/types\/post"}],"author":[{"embeddable":true,"href":"https:\/\/algarve7.pt\/index.php\/wp-json\/wp\/v2\/users\/1"}],"replies":[{"embeddable":true,"href":"https:\/\/algarve7.pt\/index.php\/wp-json\/wp\/v2\/comments?post=21359"}],"version-history":[{"count":0,"href":"https:\/\/algarve7.pt\/index.php\/wp-json\/wp\/v2\/posts\/21359\/revisions"}],"wp:featuredmedia":[{"embeddable":true,"href":"https:\/\/algarve7.pt\/index.php\/wp-json\/wp\/v2\/media\/21360"}],"wp:attachment":[{"href":"https:\/\/algarve7.pt\/index.php\/wp-json\/wp\/v2\/media?parent=21359"}],"wp:term":[{"taxonomy":"category","embeddable":true,"href":"https:\/\/algarve7.pt\/index.php\/wp-json\/wp\/v2\/categories?post=21359"},{"taxonomy":"post_tag","embeddable":true,"href":"https:\/\/algarve7.pt\/index.php\/wp-json\/wp\/v2\/tags?post=21359"}],"curies":[{"name":"wp","href":"https:\/\/api.w.org\/{rel}","templated":true}]}}