{"id":21293,"date":"2022-08-31T13:55:39","date_gmt":"2022-08-31T12:55:39","guid":{"rendered":"https:\/\/algarve7.pt\/?p=21293"},"modified":"2022-08-31T13:55:40","modified_gmt":"2022-08-31T12:55:40","slug":"setembro-inspira-na-biblioteca-municipal-de-silves","status":"publish","type":"post","link":"https:\/\/algarve7.pt\/index.php\/2022\/08\/setembro-inspira-na-biblioteca-municipal-de-silves\/cultura\/13\/55\/","title":{"rendered":"\u201cSetembro inspira\u2026\u201d na biblioteca municipal de Silves"},"content":{"rendered":"\n<p>O Munic\u00edpio de Silves promove, durante o m\u00eas de setembro, a exposi\u00e7\u00e3o tem\u00e1tica \u201cMENTE E CORPO EM HARMONIA: Como as Terapias Hol\u00edsticas podem ajudar\u201d, na Biblioteca Municipal de Silves.<\/p>\n\n\n\n<p>Os leitores t\u00eam ao seu dispor, na Sala Ant\u00f3nio Lobo Antunes, sugest\u00f5es de leitura que abordam as terapias hol\u00edsticas na promo\u00e7\u00e3o da sa\u00fade.<\/p>\n\n\n\n<p>Em setembro destacamos para si:<\/p>\n\n\n\n<p><strong>\u201cMedita\u00e7\u00e3o para al\u00edvio do stress: t\u00e9cnicas respirat\u00f3rias e exerc\u00edcios mentais para uma imediata sensa\u00e7\u00e3o de calma e bem-estar\u201d, de John Hudson<\/strong><\/p>\n\n\n\n<p><strong>Sinopse<\/strong><\/p>\n\n\n\n<p>T\u00e9cnicas respirat\u00f3rias e exerc\u00edcios mentais para uma imediata sensa\u00e7\u00e3o de calma e bem-estar. [\u2026]<\/p>\n\n\n\n<p><strong>Medita\u00e7\u00e3o com os chacras\u201d, de April Pfender<\/strong><\/p>\n\n\n\n<p><strong>Sinopse<\/strong><\/p>\n\n\n\n<p>Os chacras s\u00e3o os centros de energia vital do seu corpo e a sa\u00fade deles pode afetar o seu bem-estar f\u00edsico e mental. Baseando-se em tradi\u00e7\u00f5es e em conhecimentos milenares,&nbsp;<em>Medita\u00e7\u00e3o com os Chacras<\/em>&nbsp;mostra que praticar a inten\u00e7\u00e3o e o prop\u00f3sito pode transformar a sua mente, o seu corpo e o seu esp\u00edrito. Descubra como desbloquear a sua energia atrav\u00e9s de uma s\u00e9rie de medita\u00e7\u00f5es guiadas &#8211; cada uma adaptada para tratar um chacra espec\u00edfico. Quer tenha experi\u00eancia ou n\u00e3o na medita\u00e7\u00e3o, este livro oferece tudo aquilo de que precisa para criar equil\u00edbrio interno e come\u00e7ar hoje a cura.[\u2026]<\/p>\n\n\n\n<p>\u201c<strong>Autocontrolo:<\/strong><strong> como vencer a s\u00edndrome do pensamento acelerado\u201d, de Augusto Cury<\/strong><\/p>\n\n\n\n<p><strong>Sinopse<\/strong><\/p>\n\n\n\n<p>Em Autocontrolo, o psiquiatra e psicoterapeuta Augusto Cury revela os segredos para gerir o stresse e desenvolver o autocontrolo, essencial para uma vida emocional saud\u00e1vel e plena. Al\u00e9m disso, apresenta a diferen\u00e7a entre ansiedade e stresse, explicando que s\u00e3o ambos essenciais para a sobreviv\u00eancia humana, mas que, como tudo na vida, precisam de ser doseados.&nbsp;[\u2026]<\/p>\n\n\n\n<p><strong>\u201cGanbatte: o segredo japon\u00eas da resili\u00eancia e da supera\u00e7\u00e3o\u201d, de Nobuo Suzuki<\/strong><\/p>\n\n\n\n<p><strong>Sinopse<\/strong><\/p>\n\n\n\n<p>Nunca desistas, segue em frente.<\/p>\n\n\n\n<p>Em tempos de dificuldades e desafios, muitos sentem que devem reconstruir a sua vida. Os japoneses t\u00eam na filosofia do Ganbatte o segredo para renascer das cinzas uma e outra vez. Ganbatte ensina-o a superar todos os obst\u00e1culos e a seguir em frente, para alcan\u00e7ar qualquer objetivo a que se tenha proposto. Com este livro inspirador, saber\u00e1 como aplicar no dia-a-dia a tenacidade e a resili\u00eancia dos japoneses. [\u2026]<\/p>\n\n\n\n<p><strong>\u201cMedita\u00e7\u00e3o pr\u00e1tica: como ser calmo e feliz em 10 dias\u201d, de Benjamim W. Decker<\/strong><\/p>\n\n\n\n<p><strong>Sinopse<\/strong><\/p>\n\n\n\n<p>Um livro fundamental tanto para rec\u00e9m-chegados \u00e0 medita\u00e7\u00e3o como para praticantes mais experientes que procurem variedade.<br>Est\u00e1 dividido pelos tipos de medita\u00e7\u00e3o, com instru\u00e7\u00f5es passo a passo e inclui pontos de reflex\u00e3o, para registo de pensamentos e conclus\u00f5es. [\u2026]<\/p>\n\n\n\n<p><strong>\u201cA cura pelo Reiki\u201d, de Carmen Fernandez<\/strong><\/p>\n\n\n\n<p><strong>Sinopse<\/strong><\/p>\n\n\n\n<p>Um guia geral de uma das terapias alternativas mais utilizadas atualmente. \u00b7 Posi\u00e7\u00f5es explicadas passo a passo, de forma clara e concisa, e conselhos especializados fornecidos por um mestre de Reiki. [\u2026]<\/p>\n\n\n\n<p><strong>\u201cAromaterapia: tratamentos para a ansiedade e receitas de relaxamento\u201d, de Mark Evans<\/strong><\/p>\n\n\n\n<p><strong>Sinopse<\/strong><\/p>\n\n\n\n<p>Tratamentos simples para a ansiedade e receitas para relaxar e restaurar a energia. Tratamentos e receitas para reduzir os sintomas do stress. Inclui t\u00e9cnicas r\u00e1pidas e acess\u00edveis e receitas para acalmar os estados de tens\u00e3o, aliviar dores de cabe\u00e7a, enxaquecas e dores nas costas. [\u2026]<strong><\/strong><\/p>\n\n\n\n<p><strong>\u201cYoga\u201d, de Noa Belling<\/strong><\/p>\n\n\n\n<p><strong>Sinopse<\/strong><\/p>\n\n\n\n<p>Livros t\u00e9cnicos de conhecimento essencial para quem deseja melhorar o seu estilo de vida, de maneira suave e hol\u00edstica.&nbsp;<em>YOGA<\/em>&nbsp;\u00e9 um guia para principiantes, claro e conciso, baseado no Hatha Yoga, que fornece ensinamentos como? Posturas b\u00e1sicas, respira\u00e7\u00e3o e medita\u00e7\u00e3o? Como praticar Yoga em casa? Posturas nas posi\u00e7\u00f5es de sentado, de p\u00e9 e em equil\u00edbrio? Exerc\u00edcios preparat\u00f3rios e posturas invertidas? Seis exemplos de sess\u00f5es f\u00e1ceis de seguir Profusamente ilustrado com fotografias a cores. [\u2026]<\/p>\n\n\n\n<p><strong>\u201cMindfulness: o poder da medita\u00e7\u00e3o\u201d, de Vicent Sim\u00f3n<\/strong><\/p>\n\n\n\n<p><strong>Sinopse<\/strong><\/p>\n\n\n\n<p>Se alguma vez desejou parar o ru\u00eddo da sua mente, concentrar-se com mais facilidade, experimentar uma maior sensa\u00e7\u00e3o de calma e bem-estar ou simplesmente conseguir dormir \u00e0 noite, ent\u00e3o est\u00e1 na altura de come\u00e7ar a praticar o mindfulness, a t\u00e9cnica eficaz para desenvolver a Aten\u00e7\u00e3o Plena. Esta t\u00e9cnica inspirada na medita\u00e7\u00e3o oriental ir\u00e1 ajud\u00e1-lo a encontrar o equil\u00edbrio necess\u00e1rio para acalmar a sua mente e ver com claridade a realidade que o rodeia. [\u2026]<strong><\/strong><\/p>\n","protected":false},"excerpt":{"rendered":"<p>O Munic\u00edpio de Silves promove, durante o m\u00eas de setembro, a exposi\u00e7\u00e3o tem\u00e1tica \u201cMENTE E CORPO EM HARMONIA: Como as<\/p>\n","protected":false},"author":1,"featured_media":21294,"comment_status":"closed","ping_status":"open","sticky":false,"template":"","format":"standard","meta":{"colormag_page_container_layout":"default_layout","colormag_page_sidebar_layout":"default_layout","_monsterinsights_skip_tracking":false,"_monsterinsights_sitenote_active":false,"_monsterinsights_sitenote_note":"","_monsterinsights_sitenote_category":0,"jetpack_post_was_ever_published":false,"_jetpack_newsletter_access":"","_jetpack_dont_email_post_to_subs":false,"_jetpack_newsletter_tier_id":0,"_jetpack_memberships_contains_paywalled_content":false,"_jetpack_memberships_contains_paid_content":false,"footnotes":"","jetpack_publicize_message":"","jetpack_publicize_feature_enabled":true,"jetpack_social_post_already_shared":true,"jetpack_social_options":{"image_generator_settings":{"template":"highway","default_image_id":0,"font":"","enabled":false},"version":2}},"categories":[14],"tags":[36,537,35,201,42],"class_list":["post-21293","post","type-post","status-publish","format-standard","has-post-thumbnail","hentry","category-cultura","tag-algarve","tag-biblioteca-municipal-de-silves","tag-cultura","tag-livros","tag-silves"],"yoast_head":"<!-- This site is optimized with the Yoast SEO plugin v27.4 - https:\/\/yoast.com\/product\/yoast-seo-wordpress\/ -->\n<title>\u201cSetembro inspira\u2026\u201d na biblioteca municipal de Silves - Algarve 7<\/title>\n<meta name=\"description\" content=\"\u201cSetembro inspira\u2026\u201d na biblioteca municipal de Silves Cultura\" \/>\n<meta name=\"robots\" content=\"index, follow, max-snippet:-1, max-image-preview:large, max-video-preview:-1\" \/>\n<link rel=\"canonical\" href=\"https:\/\/algarve7.pt\/index.php\/2022\/08\/setembro-inspira-na-biblioteca-municipal-de-silves\/cultura\/13\/55\/\" \/>\n<meta property=\"og:locale\" content=\"pt_PT\" \/>\n<meta property=\"og:type\" content=\"article\" \/>\n<meta property=\"og:title\" content=\"\u201cSetembro inspira\u2026\u201d na biblioteca municipal de Silves - Algarve 7\" \/>\n<meta property=\"og:description\" content=\"\u201cSetembro inspira\u2026\u201d na biblioteca municipal de Silves Cultura\" \/>\n<meta property=\"og:url\" content=\"https:\/\/algarve7.pt\/index.php\/2022\/08\/setembro-inspira-na-biblioteca-municipal-de-silves\/cultura\/13\/55\/\" \/>\n<meta property=\"og:site_name\" content=\"Algarve 7\" \/>\n<meta property=\"article:publisher\" content=\"https:\/\/www.facebook.com\/algarve7\" \/>\n<meta property=\"article:author\" content=\"https:\/\/www.facebook.com\/algarve7\" \/>\n<meta property=\"article:published_time\" content=\"2022-08-31T12:55:39+00:00\" \/>\n<meta property=\"article:modified_time\" content=\"2022-08-31T12:55:40+00:00\" \/>\n<meta property=\"og:image\" content=\"https:\/\/algarve7.pt\/wp-content\/uploads\/2022\/08\/Noticia_09_Biblioteca.jpg\" \/>\n\t<meta property=\"og:image:width\" content=\"1280\" \/>\n\t<meta property=\"og:image:height\" content=\"620\" \/>\n\t<meta property=\"og:image:type\" content=\"image\/jpeg\" \/>\n<meta name=\"author\" content=\"Algarve 7\" \/>\n<meta name=\"twitter:card\" content=\"summary_large_image\" \/>\n<meta name=\"twitter:creator\" content=\"@Algarvesete\" \/>\n<meta name=\"twitter:site\" content=\"@Algarvesete\" \/>\n<meta name=\"twitter:label1\" content=\"Escrito por\" \/>\n\t<meta name=\"twitter:data1\" content=\"Algarve 7\" \/>\n\t<meta name=\"twitter:label2\" content=\"Tempo estimado de leitura\" \/>\n\t<meta name=\"twitter:data2\" content=\"4 minutos\" \/>\n<script type=\"application\/ld+json\" class=\"yoast-schema-graph\">{\"@context\":\"https:\\\/\\\/schema.org\",\"@graph\":[{\"@type\":\"Article\",\"@id\":\"https:\\\/\\\/algarve7.pt\\\/index.php\\\/2022\\\/08\\\/setembro-inspira-na-biblioteca-municipal-de-silves\\\/cultura\\\/13\\\/55\\\/#article\",\"isPartOf\":{\"@id\":\"https:\\\/\\\/algarve7.pt\\\/index.php\\\/2022\\\/08\\\/setembro-inspira-na-biblioteca-municipal-de-silves\\\/cultura\\\/13\\\/55\\\/\"},\"author\":{\"name\":\"Algarve 7\",\"@id\":\"https:\\\/\\\/algarve7.pt\\\/#\\\/schema\\\/person\\\/23fa70681308e7b319a3204bcea45e0c\"},\"headline\":\"\u201cSetembro inspira\u2026\u201d na biblioteca municipal de Silves\",\"datePublished\":\"2022-08-31T12:55:39+00:00\",\"dateModified\":\"2022-08-31T12:55:40+00:00\",\"mainEntityOfPage\":{\"@id\":\"https:\\\/\\\/algarve7.pt\\\/index.php\\\/2022\\\/08\\\/setembro-inspira-na-biblioteca-municipal-de-silves\\\/cultura\\\/13\\\/55\\\/\"},\"wordCount\":760,\"publisher\":{\"@id\":\"https:\\\/\\\/algarve7.pt\\\/#organization\"},\"image\":{\"@id\":\"https:\\\/\\\/algarve7.pt\\\/index.php\\\/2022\\\/08\\\/setembro-inspira-na-biblioteca-municipal-de-silves\\\/cultura\\\/13\\\/55\\\/#primaryimage\"},\"thumbnailUrl\":\"https:\\\/\\\/algarve7.pt\\\/wp-content\\\/uploads\\\/2022\\\/08\\\/Noticia_09_Biblioteca.jpg\",\"keywords\":[\"Algarve\",\"Biblioteca Municipal de Silves\",\"Cultura\",\"Livros\",\"Silves\"],\"articleSection\":[\"Cultura\"],\"inLanguage\":\"pt-PT\"},{\"@type\":\"WebPage\",\"@id\":\"https:\\\/\\\/algarve7.pt\\\/index.php\\\/2022\\\/08\\\/setembro-inspira-na-biblioteca-municipal-de-silves\\\/cultura\\\/13\\\/55\\\/\",\"url\":\"https:\\\/\\\/algarve7.pt\\\/index.php\\\/2022\\\/08\\\/setembro-inspira-na-biblioteca-municipal-de-silves\\\/cultura\\\/13\\\/55\\\/\",\"name\":\"\u201cSetembro inspira\u2026\u201d na biblioteca municipal de Silves - Algarve 7\",\"isPartOf\":{\"@id\":\"https:\\\/\\\/algarve7.pt\\\/#website\"},\"primaryImageOfPage\":{\"@id\":\"https:\\\/\\\/algarve7.pt\\\/index.php\\\/2022\\\/08\\\/setembro-inspira-na-biblioteca-municipal-de-silves\\\/cultura\\\/13\\\/55\\\/#primaryimage\"},\"image\":{\"@id\":\"https:\\\/\\\/algarve7.pt\\\/index.php\\\/2022\\\/08\\\/setembro-inspira-na-biblioteca-municipal-de-silves\\\/cultura\\\/13\\\/55\\\/#primaryimage\"},\"thumbnailUrl\":\"https:\\\/\\\/algarve7.pt\\\/wp-content\\\/uploads\\\/2022\\\/08\\\/Noticia_09_Biblioteca.jpg\",\"datePublished\":\"2022-08-31T12:55:39+00:00\",\"dateModified\":\"2022-08-31T12:55:40+00:00\",\"description\":\"\u201cSetembro inspira\u2026\u201d na biblioteca municipal de Silves Cultura\",\"breadcrumb\":{\"@id\":\"https:\\\/\\\/algarve7.pt\\\/index.php\\\/2022\\\/08\\\/setembro-inspira-na-biblioteca-municipal-de-silves\\\/cultura\\\/13\\\/55\\\/#breadcrumb\"},\"inLanguage\":\"pt-PT\",\"potentialAction\":[{\"@type\":\"ReadAction\",\"target\":[\"https:\\\/\\\/algarve7.pt\\\/index.php\\\/2022\\\/08\\\/setembro-inspira-na-biblioteca-municipal-de-silves\\\/cultura\\\/13\\\/55\\\/\"]}]},{\"@type\":\"ImageObject\",\"inLanguage\":\"pt-PT\",\"@id\":\"https:\\\/\\\/algarve7.pt\\\/index.php\\\/2022\\\/08\\\/setembro-inspira-na-biblioteca-municipal-de-silves\\\/cultura\\\/13\\\/55\\\/#primaryimage\",\"url\":\"https:\\\/\\\/algarve7.pt\\\/wp-content\\\/uploads\\\/2022\\\/08\\\/Noticia_09_Biblioteca.jpg\",\"contentUrl\":\"https:\\\/\\\/algarve7.pt\\\/wp-content\\\/uploads\\\/2022\\\/08\\\/Noticia_09_Biblioteca.jpg\",\"width\":1280,\"height\":620},{\"@type\":\"BreadcrumbList\",\"@id\":\"https:\\\/\\\/algarve7.pt\\\/index.php\\\/2022\\\/08\\\/setembro-inspira-na-biblioteca-municipal-de-silves\\\/cultura\\\/13\\\/55\\\/#breadcrumb\",\"itemListElement\":[{\"@type\":\"ListItem\",\"position\":1,\"name\":\"In\u00edcio\",\"item\":\"https:\\\/\\\/algarve7.pt\\\/\"},{\"@type\":\"ListItem\",\"position\":2,\"name\":\"\u201cSetembro inspira\u2026\u201d na biblioteca municipal de Silves\"}]},{\"@type\":\"WebSite\",\"@id\":\"https:\\\/\\\/algarve7.pt\\\/#website\",\"url\":\"https:\\\/\\\/algarve7.pt\\\/\",\"name\":\"Algarve 7\",\"description\":\"Informa\u00e7\u00e3o sobre o Algarve\",\"publisher\":{\"@id\":\"https:\\\/\\\/algarve7.pt\\\/#organization\"},\"potentialAction\":[{\"@type\":\"SearchAction\",\"target\":{\"@type\":\"EntryPoint\",\"urlTemplate\":\"https:\\\/\\\/algarve7.pt\\\/?s={search_term_string}\"},\"query-input\":{\"@type\":\"PropertyValueSpecification\",\"valueRequired\":true,\"valueName\":\"search_term_string\"}}],\"inLanguage\":\"pt-PT\"},{\"@type\":\"Organization\",\"@id\":\"https:\\\/\\\/algarve7.pt\\\/#organization\",\"name\":\"Algarve 7\",\"url\":\"https:\\\/\\\/algarve7.pt\\\/\",\"logo\":{\"@type\":\"ImageObject\",\"inLanguage\":\"pt-PT\",\"@id\":\"https:\\\/\\\/algarve7.pt\\\/#\\\/schema\\\/logo\\\/image\\\/\",\"url\":\"https:\\\/\\\/algarve7.pt\\\/wp-content\\\/uploads\\\/2020\\\/10\\\/Logo-8.jpg\",\"contentUrl\":\"https:\\\/\\\/algarve7.pt\\\/wp-content\\\/uploads\\\/2020\\\/10\\\/Logo-8.jpg\",\"width\":1680,\"height\":1186,\"caption\":\"Algarve 7\"},\"image\":{\"@id\":\"https:\\\/\\\/algarve7.pt\\\/#\\\/schema\\\/logo\\\/image\\\/\"},\"sameAs\":[\"https:\\\/\\\/www.facebook.com\\\/algarve7\",\"https:\\\/\\\/x.com\\\/Algarvesete\",\"https:\\\/\\\/www.instagram.com\\\/jornalalgarve7\\\/\",\"https:\\\/\\\/www.linkedin.com\\\/company\\\/algarve7\",\"https:\\\/\\\/www.pinterest.pt\\\/geral0939\\\/_created\\\/\"]},{\"@type\":\"Person\",\"@id\":\"https:\\\/\\\/algarve7.pt\\\/#\\\/schema\\\/person\\\/23fa70681308e7b319a3204bcea45e0c\",\"name\":\"Algarve 7\",\"sameAs\":[\"https:\\\/\\\/algarve7.pt\",\"https:\\\/\\\/www.facebook.com\\\/algarve7\"],\"url\":\"https:\\\/\\\/algarve7.pt\\\/index.php\\\/author\\\/geralalgarve7-pt\\\/\"}]}<\/script>\n<!-- \/ Yoast SEO plugin. -->","yoast_head_json":{"title":"\u201cSetembro inspira\u2026\u201d na biblioteca municipal de Silves - Algarve 7","description":"\u201cSetembro inspira\u2026\u201d na biblioteca municipal de Silves Cultura","robots":{"index":"index","follow":"follow","max-snippet":"max-snippet:-1","max-image-preview":"max-image-preview:large","max-video-preview":"max-video-preview:-1"},"canonical":"https:\/\/algarve7.pt\/index.php\/2022\/08\/setembro-inspira-na-biblioteca-municipal-de-silves\/cultura\/13\/55\/","og_locale":"pt_PT","og_type":"article","og_title":"\u201cSetembro inspira\u2026\u201d na biblioteca municipal de Silves - Algarve 7","og_description":"\u201cSetembro inspira\u2026\u201d na biblioteca municipal de Silves Cultura","og_url":"https:\/\/algarve7.pt\/index.php\/2022\/08\/setembro-inspira-na-biblioteca-municipal-de-silves\/cultura\/13\/55\/","og_site_name":"Algarve 7","article_publisher":"https:\/\/www.facebook.com\/algarve7","article_author":"https:\/\/www.facebook.com\/algarve7","article_published_time":"2022-08-31T12:55:39+00:00","article_modified_time":"2022-08-31T12:55:40+00:00","og_image":[{"width":1280,"height":620,"url":"https:\/\/algarve7.pt\/wp-content\/uploads\/2022\/08\/Noticia_09_Biblioteca.jpg","type":"image\/jpeg"}],"author":"Algarve 7","twitter_card":"summary_large_image","twitter_creator":"@Algarvesete","twitter_site":"@Algarvesete","twitter_misc":{"Escrito por":"Algarve 7","Tempo estimado de leitura":"4 minutos"},"schema":{"@context":"https:\/\/schema.org","@graph":[{"@type":"Article","@id":"https:\/\/algarve7.pt\/index.php\/2022\/08\/setembro-inspira-na-biblioteca-municipal-de-silves\/cultura\/13\/55\/#article","isPartOf":{"@id":"https:\/\/algarve7.pt\/index.php\/2022\/08\/setembro-inspira-na-biblioteca-municipal-de-silves\/cultura\/13\/55\/"},"author":{"name":"Algarve 7","@id":"https:\/\/algarve7.pt\/#\/schema\/person\/23fa70681308e7b319a3204bcea45e0c"},"headline":"\u201cSetembro inspira\u2026\u201d na biblioteca municipal de Silves","datePublished":"2022-08-31T12:55:39+00:00","dateModified":"2022-08-31T12:55:40+00:00","mainEntityOfPage":{"@id":"https:\/\/algarve7.pt\/index.php\/2022\/08\/setembro-inspira-na-biblioteca-municipal-de-silves\/cultura\/13\/55\/"},"wordCount":760,"publisher":{"@id":"https:\/\/algarve7.pt\/#organization"},"image":{"@id":"https:\/\/algarve7.pt\/index.php\/2022\/08\/setembro-inspira-na-biblioteca-municipal-de-silves\/cultura\/13\/55\/#primaryimage"},"thumbnailUrl":"https:\/\/algarve7.pt\/wp-content\/uploads\/2022\/08\/Noticia_09_Biblioteca.jpg","keywords":["Algarve","Biblioteca Municipal de Silves","Cultura","Livros","Silves"],"articleSection":["Cultura"],"inLanguage":"pt-PT"},{"@type":"WebPage","@id":"https:\/\/algarve7.pt\/index.php\/2022\/08\/setembro-inspira-na-biblioteca-municipal-de-silves\/cultura\/13\/55\/","url":"https:\/\/algarve7.pt\/index.php\/2022\/08\/setembro-inspira-na-biblioteca-municipal-de-silves\/cultura\/13\/55\/","name":"\u201cSetembro inspira\u2026\u201d na biblioteca municipal de Silves - Algarve 7","isPartOf":{"@id":"https:\/\/algarve7.pt\/#website"},"primaryImageOfPage":{"@id":"https:\/\/algarve7.pt\/index.php\/2022\/08\/setembro-inspira-na-biblioteca-municipal-de-silves\/cultura\/13\/55\/#primaryimage"},"image":{"@id":"https:\/\/algarve7.pt\/index.php\/2022\/08\/setembro-inspira-na-biblioteca-municipal-de-silves\/cultura\/13\/55\/#primaryimage"},"thumbnailUrl":"https:\/\/algarve7.pt\/wp-content\/uploads\/2022\/08\/Noticia_09_Biblioteca.jpg","datePublished":"2022-08-31T12:55:39+00:00","dateModified":"2022-08-31T12:55:40+00:00","description":"\u201cSetembro inspira\u2026\u201d na biblioteca municipal de Silves Cultura","breadcrumb":{"@id":"https:\/\/algarve7.pt\/index.php\/2022\/08\/setembro-inspira-na-biblioteca-municipal-de-silves\/cultura\/13\/55\/#breadcrumb"},"inLanguage":"pt-PT","potentialAction":[{"@type":"ReadAction","target":["https:\/\/algarve7.pt\/index.php\/2022\/08\/setembro-inspira-na-biblioteca-municipal-de-silves\/cultura\/13\/55\/"]}]},{"@type":"ImageObject","inLanguage":"pt-PT","@id":"https:\/\/algarve7.pt\/index.php\/2022\/08\/setembro-inspira-na-biblioteca-municipal-de-silves\/cultura\/13\/55\/#primaryimage","url":"https:\/\/algarve7.pt\/wp-content\/uploads\/2022\/08\/Noticia_09_Biblioteca.jpg","contentUrl":"https:\/\/algarve7.pt\/wp-content\/uploads\/2022\/08\/Noticia_09_Biblioteca.jpg","width":1280,"height":620},{"@type":"BreadcrumbList","@id":"https:\/\/algarve7.pt\/index.php\/2022\/08\/setembro-inspira-na-biblioteca-municipal-de-silves\/cultura\/13\/55\/#breadcrumb","itemListElement":[{"@type":"ListItem","position":1,"name":"In\u00edcio","item":"https:\/\/algarve7.pt\/"},{"@type":"ListItem","position":2,"name":"\u201cSetembro inspira\u2026\u201d na biblioteca municipal de Silves"}]},{"@type":"WebSite","@id":"https:\/\/algarve7.pt\/#website","url":"https:\/\/algarve7.pt\/","name":"Algarve 7","description":"Informa\u00e7\u00e3o sobre o Algarve","publisher":{"@id":"https:\/\/algarve7.pt\/#organization"},"potentialAction":[{"@type":"SearchAction","target":{"@type":"EntryPoint","urlTemplate":"https:\/\/algarve7.pt\/?s={search_term_string}"},"query-input":{"@type":"PropertyValueSpecification","valueRequired":true,"valueName":"search_term_string"}}],"inLanguage":"pt-PT"},{"@type":"Organization","@id":"https:\/\/algarve7.pt\/#organization","name":"Algarve 7","url":"https:\/\/algarve7.pt\/","logo":{"@type":"ImageObject","inLanguage":"pt-PT","@id":"https:\/\/algarve7.pt\/#\/schema\/logo\/image\/","url":"https:\/\/algarve7.pt\/wp-content\/uploads\/2020\/10\/Logo-8.jpg","contentUrl":"https:\/\/algarve7.pt\/wp-content\/uploads\/2020\/10\/Logo-8.jpg","width":1680,"height":1186,"caption":"Algarve 7"},"image":{"@id":"https:\/\/algarve7.pt\/#\/schema\/logo\/image\/"},"sameAs":["https:\/\/www.facebook.com\/algarve7","https:\/\/x.com\/Algarvesete","https:\/\/www.instagram.com\/jornalalgarve7\/","https:\/\/www.linkedin.com\/company\/algarve7","https:\/\/www.pinterest.pt\/geral0939\/_created\/"]},{"@type":"Person","@id":"https:\/\/algarve7.pt\/#\/schema\/person\/23fa70681308e7b319a3204bcea45e0c","name":"Algarve 7","sameAs":["https:\/\/algarve7.pt","https:\/\/www.facebook.com\/algarve7"],"url":"https:\/\/algarve7.pt\/index.php\/author\/geralalgarve7-pt\/"}]}},"jetpack_publicize_connections":[],"jetpack_featured_media_url":"https:\/\/algarve7.pt\/wp-content\/uploads\/2022\/08\/Noticia_09_Biblioteca.jpg","jetpack_shortlink":"https:\/\/wp.me\/pcezmW-5xr","jetpack_sharing_enabled":true,"_links":{"self":[{"href":"https:\/\/algarve7.pt\/index.php\/wp-json\/wp\/v2\/posts\/21293","targetHints":{"allow":["GET"]}}],"collection":[{"href":"https:\/\/algarve7.pt\/index.php\/wp-json\/wp\/v2\/posts"}],"about":[{"href":"https:\/\/algarve7.pt\/index.php\/wp-json\/wp\/v2\/types\/post"}],"author":[{"embeddable":true,"href":"https:\/\/algarve7.pt\/index.php\/wp-json\/wp\/v2\/users\/1"}],"replies":[{"embeddable":true,"href":"https:\/\/algarve7.pt\/index.php\/wp-json\/wp\/v2\/comments?post=21293"}],"version-history":[{"count":0,"href":"https:\/\/algarve7.pt\/index.php\/wp-json\/wp\/v2\/posts\/21293\/revisions"}],"wp:featuredmedia":[{"embeddable":true,"href":"https:\/\/algarve7.pt\/index.php\/wp-json\/wp\/v2\/media\/21294"}],"wp:attachment":[{"href":"https:\/\/algarve7.pt\/index.php\/wp-json\/wp\/v2\/media?parent=21293"}],"wp:term":[{"taxonomy":"category","embeddable":true,"href":"https:\/\/algarve7.pt\/index.php\/wp-json\/wp\/v2\/categories?post=21293"},{"taxonomy":"post_tag","embeddable":true,"href":"https:\/\/algarve7.pt\/index.php\/wp-json\/wp\/v2\/tags?post=21293"}],"curies":[{"name":"wp","href":"https:\/\/api.w.org\/{rel}","templated":true}]}}