{"id":21290,"date":"2022-08-31T10:28:40","date_gmt":"2022-08-31T09:28:40","guid":{"rendered":"https:\/\/algarve7.pt\/?p=21290"},"modified":"2022-08-31T10:28:41","modified_gmt":"2022-08-31T09:28:41","slug":"espetaculo-bate-fado-no-auditorio-carlos-do-carmo-em-lagoa","status":"publish","type":"post","link":"https:\/\/algarve7.pt\/index.php\/2022\/08\/espetaculo-bate-fado-no-auditorio-carlos-do-carmo-em-lagoa\/cultura\/10\/28\/","title":{"rendered":"Espet\u00e1culo &#8220;Bate Fado&#8221; no Audit\u00f3rio Carlos do Carmo em Lagoa"},"content":{"rendered":"\n<p>Ap\u00f3s a pausa de ver\u00e3o, o Audit\u00f3rio Carlos do Carmo volta a abrir portas para apresentar o espet\u00e1culo \u201c<strong>BATE FADO<\/strong>\u201d de Jonas&amp;Lander\u201d, que ter\u00e1 lugar no dia 07 de setembro, pelas 19h00 e que integra a programa\u00e7\u00e3o das comemora\u00e7\u00f5es do Feriado Municipal e das Festas em Honra de Nossa Sra. da Luz.<\/p>\n\n\n\n<p><strong>Sinopse<\/strong>:&nbsp;<strong>BATE FADO<\/strong>, de Jonas&amp;Lander, \u00e9 um espet\u00e1culo h\u00edbrido entre a dan\u00e7a e o concerto de m\u00fasica com 9 performers: 4 bailarinos, 4 m\u00fasicos e um fadista (bailarino). \u00c0 semelhan\u00e7a da maioria das correntes musicais urbanas, tais como o Samba ou o Flamenco, tamb\u00e9m o Fado teve dan\u00e7as pr\u00f3prias. Em Lisboa, a dan\u00e7a que teve maior express\u00e3o foi o Fado Batido, uma dan\u00e7a baseada num sapateado energ\u00e9tico e virtuoso. Em&nbsp;<strong>BATE FADO<\/strong>, Jonas&amp;Lander prop\u00f5em-se a reinterpretar e a recuperar o ato de se bater (sapatear) o Fado, onde a dan\u00e7a emana a qualidade de instrumento de percuss\u00e3o em di\u00e1logo com a voz e as guitarras.<\/p>\n\n\n\n<p>BATE FADO revela-se como o primeiro passo para o resgate da dan\u00e7a que o Fado perdeu.<\/p>\n\n\n\n<p>Os bilhetes para este espet\u00e1culo custam\u00a0<strong>8\u20ac<\/strong>\u00a0(20% desconto c\/ passaporte cultural, cart\u00e3o Lagoa Social ou Passaporte Rota do Petisco 2021\/22, dispon\u00edvel nas bilheteiras do Munic\u00edpio de Lagoa) e j\u00e1 se encontram \u00e0 venda em:<a href=\"https:\/\/cmlagoa.bol.pt\/\" target=\"_blank\" rel=\"noreferrer noopener\">https:\/\/cmlagoa.bol.pt\/<\/a>\u00a0e nas bilheteiras dos CTT, da Fnac, Worten, Audit\u00f3rio Carlos do Carmo, Centro Cultural Convento de S. Jos\u00e9 e Balc\u00e3o \u00danico da C\u00e2mara Municipal de Lagoa.<\/p>\n\n\n\n<p>Um espet\u00e1culo singular que mistura dan\u00e7a e fado,&nbsp;<strong>BATE FADO<\/strong>&nbsp;subir\u00e1 ao palco do Audit\u00f3rio Carlos do Carmo e, certamente, \u00e9 uma proposta que n\u00e3o vai querer perder!<\/p>\n","protected":false},"excerpt":{"rendered":"<p>Ap\u00f3s a pausa de ver\u00e3o, o Audit\u00f3rio Carlos do Carmo volta a abrir portas para apresentar o espet\u00e1culo \u201cBATE FADO\u201d<\/p>\n","protected":false},"author":1,"featured_media":21291,"comment_status":"closed","ping_status":"open","sticky":false,"template":"","format":"standard","meta":{"colormag_page_container_layout":"default_layout","colormag_page_sidebar_layout":"default_layout","_monsterinsights_skip_tracking":false,"_monsterinsights_sitenote_active":false,"_monsterinsights_sitenote_note":"","_monsterinsights_sitenote_category":0,"jetpack_post_was_ever_published":false,"_jetpack_newsletter_access":"","_jetpack_dont_email_post_to_subs":false,"_jetpack_newsletter_tier_id":0,"_jetpack_memberships_contains_paywalled_content":false,"_jetpack_memberships_contains_paid_content":false,"footnotes":"","jetpack_publicize_message":"","jetpack_publicize_feature_enabled":true,"jetpack_social_post_already_shared":true,"jetpack_social_options":{"image_generator_settings":{"template":"highway","default_image_id":0,"font":"","enabled":false},"version":2}},"categories":[14],"tags":[36,541,35,48],"class_list":["post-21290","post","type-post","status-publish","format-standard","has-post-thumbnail","hentry","category-cultura","tag-algarve","tag-auditorio-carlos-do-carmo","tag-cultura","tag-lagoa"],"yoast_head":"<!-- This site is optimized with the Yoast SEO plugin v27.4 - https:\/\/yoast.com\/product\/yoast-seo-wordpress\/ -->\n<title>Espet\u00e1culo &quot;Bate Fado&quot; no Audit\u00f3rio Carlos do Carmo em Lagoa - Algarve 7<\/title>\n<meta name=\"description\" content=\"Espet\u00e1culo &quot;Bate Fado&quot; no Audit\u00f3rio Carlos do Carmo em Lagoa Cultura\" \/>\n<meta name=\"robots\" content=\"index, follow, max-snippet:-1, max-image-preview:large, max-video-preview:-1\" \/>\n<link rel=\"canonical\" href=\"https:\/\/algarve7.pt\/index.php\/2022\/08\/espetaculo-bate-fado-no-auditorio-carlos-do-carmo-em-lagoa\/cultura\/10\/28\/\" \/>\n<meta property=\"og:locale\" content=\"pt_PT\" \/>\n<meta property=\"og:type\" content=\"article\" \/>\n<meta property=\"og:title\" content=\"Espet\u00e1culo &quot;Bate Fado&quot; no Audit\u00f3rio Carlos do Carmo em Lagoa - Algarve 7\" \/>\n<meta property=\"og:description\" content=\"Espet\u00e1culo &quot;Bate Fado&quot; no Audit\u00f3rio Carlos do Carmo em Lagoa Cultura\" \/>\n<meta property=\"og:url\" content=\"https:\/\/algarve7.pt\/index.php\/2022\/08\/espetaculo-bate-fado-no-auditorio-carlos-do-carmo-em-lagoa\/cultura\/10\/28\/\" \/>\n<meta property=\"og:site_name\" content=\"Algarve 7\" \/>\n<meta property=\"article:publisher\" content=\"https:\/\/www.facebook.com\/algarve7\" \/>\n<meta property=\"article:author\" content=\"https:\/\/www.facebook.com\/algarve7\" \/>\n<meta property=\"article:published_time\" content=\"2022-08-31T09:28:40+00:00\" \/>\n<meta property=\"article:modified_time\" content=\"2022-08-31T09:28:41+00:00\" \/>\n<meta property=\"og:image\" content=\"https:\/\/algarve7.pt\/wp-content\/uploads\/2022\/08\/image003-1.jpg\" \/>\n\t<meta property=\"og:image:width\" content=\"794\" \/>\n\t<meta property=\"og:image:height\" content=\"1123\" \/>\n\t<meta property=\"og:image:type\" content=\"image\/jpeg\" \/>\n<meta name=\"author\" content=\"Algarve 7\" \/>\n<meta name=\"twitter:card\" content=\"summary_large_image\" \/>\n<meta name=\"twitter:creator\" content=\"@Algarvesete\" \/>\n<meta name=\"twitter:site\" content=\"@Algarvesete\" \/>\n<meta name=\"twitter:label1\" content=\"Escrito por\" \/>\n\t<meta name=\"twitter:data1\" content=\"Algarve 7\" \/>\n\t<meta name=\"twitter:label2\" content=\"Tempo estimado de leitura\" \/>\n\t<meta name=\"twitter:data2\" content=\"2 minutos\" \/>\n<script type=\"application\/ld+json\" class=\"yoast-schema-graph\">{\"@context\":\"https:\\\/\\\/schema.org\",\"@graph\":[{\"@type\":\"Article\",\"@id\":\"https:\\\/\\\/algarve7.pt\\\/index.php\\\/2022\\\/08\\\/espetaculo-bate-fado-no-auditorio-carlos-do-carmo-em-lagoa\\\/cultura\\\/10\\\/28\\\/#article\",\"isPartOf\":{\"@id\":\"https:\\\/\\\/algarve7.pt\\\/index.php\\\/2022\\\/08\\\/espetaculo-bate-fado-no-auditorio-carlos-do-carmo-em-lagoa\\\/cultura\\\/10\\\/28\\\/\"},\"author\":{\"name\":\"Algarve 7\",\"@id\":\"https:\\\/\\\/algarve7.pt\\\/#\\\/schema\\\/person\\\/23fa70681308e7b319a3204bcea45e0c\"},\"headline\":\"Espet\u00e1culo &#8220;Bate Fado&#8221; no Audit\u00f3rio Carlos do Carmo em Lagoa\",\"datePublished\":\"2022-08-31T09:28:40+00:00\",\"dateModified\":\"2022-08-31T09:28:41+00:00\",\"mainEntityOfPage\":{\"@id\":\"https:\\\/\\\/algarve7.pt\\\/index.php\\\/2022\\\/08\\\/espetaculo-bate-fado-no-auditorio-carlos-do-carmo-em-lagoa\\\/cultura\\\/10\\\/28\\\/\"},\"wordCount\":312,\"publisher\":{\"@id\":\"https:\\\/\\\/algarve7.pt\\\/#organization\"},\"image\":{\"@id\":\"https:\\\/\\\/algarve7.pt\\\/index.php\\\/2022\\\/08\\\/espetaculo-bate-fado-no-auditorio-carlos-do-carmo-em-lagoa\\\/cultura\\\/10\\\/28\\\/#primaryimage\"},\"thumbnailUrl\":\"https:\\\/\\\/algarve7.pt\\\/wp-content\\\/uploads\\\/2022\\\/08\\\/image003-1.jpg\",\"keywords\":[\"Algarve\",\"Audit\u00f3rio\u00a0Carlos do Carmo\",\"Cultura\",\"Lagoa\"],\"articleSection\":[\"Cultura\"],\"inLanguage\":\"pt-PT\"},{\"@type\":\"WebPage\",\"@id\":\"https:\\\/\\\/algarve7.pt\\\/index.php\\\/2022\\\/08\\\/espetaculo-bate-fado-no-auditorio-carlos-do-carmo-em-lagoa\\\/cultura\\\/10\\\/28\\\/\",\"url\":\"https:\\\/\\\/algarve7.pt\\\/index.php\\\/2022\\\/08\\\/espetaculo-bate-fado-no-auditorio-carlos-do-carmo-em-lagoa\\\/cultura\\\/10\\\/28\\\/\",\"name\":\"Espet\u00e1culo \\\"Bate Fado\\\" no Audit\u00f3rio Carlos do Carmo em Lagoa - Algarve 7\",\"isPartOf\":{\"@id\":\"https:\\\/\\\/algarve7.pt\\\/#website\"},\"primaryImageOfPage\":{\"@id\":\"https:\\\/\\\/algarve7.pt\\\/index.php\\\/2022\\\/08\\\/espetaculo-bate-fado-no-auditorio-carlos-do-carmo-em-lagoa\\\/cultura\\\/10\\\/28\\\/#primaryimage\"},\"image\":{\"@id\":\"https:\\\/\\\/algarve7.pt\\\/index.php\\\/2022\\\/08\\\/espetaculo-bate-fado-no-auditorio-carlos-do-carmo-em-lagoa\\\/cultura\\\/10\\\/28\\\/#primaryimage\"},\"thumbnailUrl\":\"https:\\\/\\\/algarve7.pt\\\/wp-content\\\/uploads\\\/2022\\\/08\\\/image003-1.jpg\",\"datePublished\":\"2022-08-31T09:28:40+00:00\",\"dateModified\":\"2022-08-31T09:28:41+00:00\",\"description\":\"Espet\u00e1culo \\\"Bate Fado\\\" no Audit\u00f3rio Carlos do Carmo em Lagoa Cultura\",\"breadcrumb\":{\"@id\":\"https:\\\/\\\/algarve7.pt\\\/index.php\\\/2022\\\/08\\\/espetaculo-bate-fado-no-auditorio-carlos-do-carmo-em-lagoa\\\/cultura\\\/10\\\/28\\\/#breadcrumb\"},\"inLanguage\":\"pt-PT\",\"potentialAction\":[{\"@type\":\"ReadAction\",\"target\":[\"https:\\\/\\\/algarve7.pt\\\/index.php\\\/2022\\\/08\\\/espetaculo-bate-fado-no-auditorio-carlos-do-carmo-em-lagoa\\\/cultura\\\/10\\\/28\\\/\"]}]},{\"@type\":\"ImageObject\",\"inLanguage\":\"pt-PT\",\"@id\":\"https:\\\/\\\/algarve7.pt\\\/index.php\\\/2022\\\/08\\\/espetaculo-bate-fado-no-auditorio-carlos-do-carmo-em-lagoa\\\/cultura\\\/10\\\/28\\\/#primaryimage\",\"url\":\"https:\\\/\\\/algarve7.pt\\\/wp-content\\\/uploads\\\/2022\\\/08\\\/image003-1.jpg\",\"contentUrl\":\"https:\\\/\\\/algarve7.pt\\\/wp-content\\\/uploads\\\/2022\\\/08\\\/image003-1.jpg\",\"width\":794,\"height\":1123},{\"@type\":\"BreadcrumbList\",\"@id\":\"https:\\\/\\\/algarve7.pt\\\/index.php\\\/2022\\\/08\\\/espetaculo-bate-fado-no-auditorio-carlos-do-carmo-em-lagoa\\\/cultura\\\/10\\\/28\\\/#breadcrumb\",\"itemListElement\":[{\"@type\":\"ListItem\",\"position\":1,\"name\":\"In\u00edcio\",\"item\":\"https:\\\/\\\/algarve7.pt\\\/\"},{\"@type\":\"ListItem\",\"position\":2,\"name\":\"Espet\u00e1culo &#8220;Bate Fado&#8221; no Audit\u00f3rio Carlos do Carmo em Lagoa\"}]},{\"@type\":\"WebSite\",\"@id\":\"https:\\\/\\\/algarve7.pt\\\/#website\",\"url\":\"https:\\\/\\\/algarve7.pt\\\/\",\"name\":\"Algarve 7\",\"description\":\"Informa\u00e7\u00e3o sobre o Algarve\",\"publisher\":{\"@id\":\"https:\\\/\\\/algarve7.pt\\\/#organization\"},\"potentialAction\":[{\"@type\":\"SearchAction\",\"target\":{\"@type\":\"EntryPoint\",\"urlTemplate\":\"https:\\\/\\\/algarve7.pt\\\/?s={search_term_string}\"},\"query-input\":{\"@type\":\"PropertyValueSpecification\",\"valueRequired\":true,\"valueName\":\"search_term_string\"}}],\"inLanguage\":\"pt-PT\"},{\"@type\":\"Organization\",\"@id\":\"https:\\\/\\\/algarve7.pt\\\/#organization\",\"name\":\"Algarve 7\",\"url\":\"https:\\\/\\\/algarve7.pt\\\/\",\"logo\":{\"@type\":\"ImageObject\",\"inLanguage\":\"pt-PT\",\"@id\":\"https:\\\/\\\/algarve7.pt\\\/#\\\/schema\\\/logo\\\/image\\\/\",\"url\":\"https:\\\/\\\/algarve7.pt\\\/wp-content\\\/uploads\\\/2020\\\/10\\\/Logo-8.jpg\",\"contentUrl\":\"https:\\\/\\\/algarve7.pt\\\/wp-content\\\/uploads\\\/2020\\\/10\\\/Logo-8.jpg\",\"width\":1680,\"height\":1186,\"caption\":\"Algarve 7\"},\"image\":{\"@id\":\"https:\\\/\\\/algarve7.pt\\\/#\\\/schema\\\/logo\\\/image\\\/\"},\"sameAs\":[\"https:\\\/\\\/www.facebook.com\\\/algarve7\",\"https:\\\/\\\/x.com\\\/Algarvesete\",\"https:\\\/\\\/www.instagram.com\\\/jornalalgarve7\\\/\",\"https:\\\/\\\/www.linkedin.com\\\/company\\\/algarve7\",\"https:\\\/\\\/www.pinterest.pt\\\/geral0939\\\/_created\\\/\"]},{\"@type\":\"Person\",\"@id\":\"https:\\\/\\\/algarve7.pt\\\/#\\\/schema\\\/person\\\/23fa70681308e7b319a3204bcea45e0c\",\"name\":\"Algarve 7\",\"sameAs\":[\"https:\\\/\\\/algarve7.pt\",\"https:\\\/\\\/www.facebook.com\\\/algarve7\"],\"url\":\"https:\\\/\\\/algarve7.pt\\\/index.php\\\/author\\\/geralalgarve7-pt\\\/\"}]}<\/script>\n<!-- \/ Yoast SEO plugin. -->","yoast_head_json":{"title":"Espet\u00e1culo \"Bate Fado\" no Audit\u00f3rio Carlos do Carmo em Lagoa - Algarve 7","description":"Espet\u00e1culo \"Bate Fado\" no Audit\u00f3rio Carlos do Carmo em Lagoa Cultura","robots":{"index":"index","follow":"follow","max-snippet":"max-snippet:-1","max-image-preview":"max-image-preview:large","max-video-preview":"max-video-preview:-1"},"canonical":"https:\/\/algarve7.pt\/index.php\/2022\/08\/espetaculo-bate-fado-no-auditorio-carlos-do-carmo-em-lagoa\/cultura\/10\/28\/","og_locale":"pt_PT","og_type":"article","og_title":"Espet\u00e1culo \"Bate Fado\" no Audit\u00f3rio Carlos do Carmo em Lagoa - Algarve 7","og_description":"Espet\u00e1culo \"Bate Fado\" no Audit\u00f3rio Carlos do Carmo em Lagoa Cultura","og_url":"https:\/\/algarve7.pt\/index.php\/2022\/08\/espetaculo-bate-fado-no-auditorio-carlos-do-carmo-em-lagoa\/cultura\/10\/28\/","og_site_name":"Algarve 7","article_publisher":"https:\/\/www.facebook.com\/algarve7","article_author":"https:\/\/www.facebook.com\/algarve7","article_published_time":"2022-08-31T09:28:40+00:00","article_modified_time":"2022-08-31T09:28:41+00:00","og_image":[{"width":794,"height":1123,"url":"https:\/\/algarve7.pt\/wp-content\/uploads\/2022\/08\/image003-1.jpg","type":"image\/jpeg"}],"author":"Algarve 7","twitter_card":"summary_large_image","twitter_creator":"@Algarvesete","twitter_site":"@Algarvesete","twitter_misc":{"Escrito por":"Algarve 7","Tempo estimado de leitura":"2 minutos"},"schema":{"@context":"https:\/\/schema.org","@graph":[{"@type":"Article","@id":"https:\/\/algarve7.pt\/index.php\/2022\/08\/espetaculo-bate-fado-no-auditorio-carlos-do-carmo-em-lagoa\/cultura\/10\/28\/#article","isPartOf":{"@id":"https:\/\/algarve7.pt\/index.php\/2022\/08\/espetaculo-bate-fado-no-auditorio-carlos-do-carmo-em-lagoa\/cultura\/10\/28\/"},"author":{"name":"Algarve 7","@id":"https:\/\/algarve7.pt\/#\/schema\/person\/23fa70681308e7b319a3204bcea45e0c"},"headline":"Espet\u00e1culo &#8220;Bate Fado&#8221; no Audit\u00f3rio Carlos do Carmo em Lagoa","datePublished":"2022-08-31T09:28:40+00:00","dateModified":"2022-08-31T09:28:41+00:00","mainEntityOfPage":{"@id":"https:\/\/algarve7.pt\/index.php\/2022\/08\/espetaculo-bate-fado-no-auditorio-carlos-do-carmo-em-lagoa\/cultura\/10\/28\/"},"wordCount":312,"publisher":{"@id":"https:\/\/algarve7.pt\/#organization"},"image":{"@id":"https:\/\/algarve7.pt\/index.php\/2022\/08\/espetaculo-bate-fado-no-auditorio-carlos-do-carmo-em-lagoa\/cultura\/10\/28\/#primaryimage"},"thumbnailUrl":"https:\/\/algarve7.pt\/wp-content\/uploads\/2022\/08\/image003-1.jpg","keywords":["Algarve","Audit\u00f3rio\u00a0Carlos do Carmo","Cultura","Lagoa"],"articleSection":["Cultura"],"inLanguage":"pt-PT"},{"@type":"WebPage","@id":"https:\/\/algarve7.pt\/index.php\/2022\/08\/espetaculo-bate-fado-no-auditorio-carlos-do-carmo-em-lagoa\/cultura\/10\/28\/","url":"https:\/\/algarve7.pt\/index.php\/2022\/08\/espetaculo-bate-fado-no-auditorio-carlos-do-carmo-em-lagoa\/cultura\/10\/28\/","name":"Espet\u00e1culo \"Bate Fado\" no Audit\u00f3rio Carlos do Carmo em Lagoa - Algarve 7","isPartOf":{"@id":"https:\/\/algarve7.pt\/#website"},"primaryImageOfPage":{"@id":"https:\/\/algarve7.pt\/index.php\/2022\/08\/espetaculo-bate-fado-no-auditorio-carlos-do-carmo-em-lagoa\/cultura\/10\/28\/#primaryimage"},"image":{"@id":"https:\/\/algarve7.pt\/index.php\/2022\/08\/espetaculo-bate-fado-no-auditorio-carlos-do-carmo-em-lagoa\/cultura\/10\/28\/#primaryimage"},"thumbnailUrl":"https:\/\/algarve7.pt\/wp-content\/uploads\/2022\/08\/image003-1.jpg","datePublished":"2022-08-31T09:28:40+00:00","dateModified":"2022-08-31T09:28:41+00:00","description":"Espet\u00e1culo \"Bate Fado\" no Audit\u00f3rio Carlos do Carmo em Lagoa Cultura","breadcrumb":{"@id":"https:\/\/algarve7.pt\/index.php\/2022\/08\/espetaculo-bate-fado-no-auditorio-carlos-do-carmo-em-lagoa\/cultura\/10\/28\/#breadcrumb"},"inLanguage":"pt-PT","potentialAction":[{"@type":"ReadAction","target":["https:\/\/algarve7.pt\/index.php\/2022\/08\/espetaculo-bate-fado-no-auditorio-carlos-do-carmo-em-lagoa\/cultura\/10\/28\/"]}]},{"@type":"ImageObject","inLanguage":"pt-PT","@id":"https:\/\/algarve7.pt\/index.php\/2022\/08\/espetaculo-bate-fado-no-auditorio-carlos-do-carmo-em-lagoa\/cultura\/10\/28\/#primaryimage","url":"https:\/\/algarve7.pt\/wp-content\/uploads\/2022\/08\/image003-1.jpg","contentUrl":"https:\/\/algarve7.pt\/wp-content\/uploads\/2022\/08\/image003-1.jpg","width":794,"height":1123},{"@type":"BreadcrumbList","@id":"https:\/\/algarve7.pt\/index.php\/2022\/08\/espetaculo-bate-fado-no-auditorio-carlos-do-carmo-em-lagoa\/cultura\/10\/28\/#breadcrumb","itemListElement":[{"@type":"ListItem","position":1,"name":"In\u00edcio","item":"https:\/\/algarve7.pt\/"},{"@type":"ListItem","position":2,"name":"Espet\u00e1culo &#8220;Bate Fado&#8221; no Audit\u00f3rio Carlos do Carmo em Lagoa"}]},{"@type":"WebSite","@id":"https:\/\/algarve7.pt\/#website","url":"https:\/\/algarve7.pt\/","name":"Algarve 7","description":"Informa\u00e7\u00e3o sobre o Algarve","publisher":{"@id":"https:\/\/algarve7.pt\/#organization"},"potentialAction":[{"@type":"SearchAction","target":{"@type":"EntryPoint","urlTemplate":"https:\/\/algarve7.pt\/?s={search_term_string}"},"query-input":{"@type":"PropertyValueSpecification","valueRequired":true,"valueName":"search_term_string"}}],"inLanguage":"pt-PT"},{"@type":"Organization","@id":"https:\/\/algarve7.pt\/#organization","name":"Algarve 7","url":"https:\/\/algarve7.pt\/","logo":{"@type":"ImageObject","inLanguage":"pt-PT","@id":"https:\/\/algarve7.pt\/#\/schema\/logo\/image\/","url":"https:\/\/algarve7.pt\/wp-content\/uploads\/2020\/10\/Logo-8.jpg","contentUrl":"https:\/\/algarve7.pt\/wp-content\/uploads\/2020\/10\/Logo-8.jpg","width":1680,"height":1186,"caption":"Algarve 7"},"image":{"@id":"https:\/\/algarve7.pt\/#\/schema\/logo\/image\/"},"sameAs":["https:\/\/www.facebook.com\/algarve7","https:\/\/x.com\/Algarvesete","https:\/\/www.instagram.com\/jornalalgarve7\/","https:\/\/www.linkedin.com\/company\/algarve7","https:\/\/www.pinterest.pt\/geral0939\/_created\/"]},{"@type":"Person","@id":"https:\/\/algarve7.pt\/#\/schema\/person\/23fa70681308e7b319a3204bcea45e0c","name":"Algarve 7","sameAs":["https:\/\/algarve7.pt","https:\/\/www.facebook.com\/algarve7"],"url":"https:\/\/algarve7.pt\/index.php\/author\/geralalgarve7-pt\/"}]}},"jetpack_publicize_connections":[],"jetpack_featured_media_url":"https:\/\/algarve7.pt\/wp-content\/uploads\/2022\/08\/image003-1.jpg","jetpack_shortlink":"https:\/\/wp.me\/pcezmW-5xo","jetpack_sharing_enabled":true,"_links":{"self":[{"href":"https:\/\/algarve7.pt\/index.php\/wp-json\/wp\/v2\/posts\/21290","targetHints":{"allow":["GET"]}}],"collection":[{"href":"https:\/\/algarve7.pt\/index.php\/wp-json\/wp\/v2\/posts"}],"about":[{"href":"https:\/\/algarve7.pt\/index.php\/wp-json\/wp\/v2\/types\/post"}],"author":[{"embeddable":true,"href":"https:\/\/algarve7.pt\/index.php\/wp-json\/wp\/v2\/users\/1"}],"replies":[{"embeddable":true,"href":"https:\/\/algarve7.pt\/index.php\/wp-json\/wp\/v2\/comments?post=21290"}],"version-history":[{"count":0,"href":"https:\/\/algarve7.pt\/index.php\/wp-json\/wp\/v2\/posts\/21290\/revisions"}],"wp:featuredmedia":[{"embeddable":true,"href":"https:\/\/algarve7.pt\/index.php\/wp-json\/wp\/v2\/media\/21291"}],"wp:attachment":[{"href":"https:\/\/algarve7.pt\/index.php\/wp-json\/wp\/v2\/media?parent=21290"}],"wp:term":[{"taxonomy":"category","embeddable":true,"href":"https:\/\/algarve7.pt\/index.php\/wp-json\/wp\/v2\/categories?post=21290"},{"taxonomy":"post_tag","embeddable":true,"href":"https:\/\/algarve7.pt\/index.php\/wp-json\/wp\/v2\/tags?post=21290"}],"curies":[{"name":"wp","href":"https:\/\/api.w.org\/{rel}","templated":true}]}}