{"id":21268,"date":"2022-08-30T14:37:27","date_gmt":"2022-08-30T13:37:27","guid":{"rendered":"https:\/\/algarve7.pt\/?p=21268"},"modified":"2022-08-30T14:37:29","modified_gmt":"2022-08-30T13:37:29","slug":"aljezur-recebe-mar-de-gente-nas-suas-festividades-da-noite-multicultural","status":"publish","type":"post","link":"https:\/\/algarve7.pt\/index.php\/2022\/08\/aljezur-recebe-mar-de-gente-nas-suas-festividades-da-noite-multicultural\/cultura\/14\/37\/","title":{"rendered":"Aljezur recebe mar de gente nas suas festividades da Noite Multicultural\u00a0"},"content":{"rendered":"\n<p>Foram 5 dias intensos de festividades, que marcaram o regresso das iniciativas da Noite Multicultural e do Feriado Municipal. Foram 5 dias de v\u00e1rias iniciativas, que receberam milhares de pessoas, onde reinou a boa disposi\u00e7\u00e3o, alegria e a confraterniza\u00e7\u00e3o, dos Aljezurenses e dos amigos e visitantes de Aljezur. M\u00fasica e anima\u00e7\u00e3o, foram as palavras de ordem durante os 5 dias de casa cheia no palco principal e com uma vila repleta de pessoas para mais uma edi\u00e7\u00e3o da Noite A &#8211; Noite Multicultural.<\/p>\n\n\n\n<p>Fica o agradecimento aos trabalhadores da C\u00e2mara, pela organiza\u00e7\u00e3o e montagem de todo o evento, assim a colabora\u00e7\u00e3o das v\u00e1rias associa\u00e7\u00f5es, entidades locais e privados, com o seu empenho fizeram desta iniciativa um sucesso. Aljezur soube orgulhosamente comemorar mais um feriado Municipal, com o Banho de 29, a \u201csardinhada familiar\u201d, e os concertos.<\/p>\n\n\n\n<p>O desafio foi grande e cujo o resultado excedeu as espectativas, para o pr\u00f3ximo ano voltaremos a celebrar orgulhosamente sermos um concelho, formid\u00e1vel com gente admir\u00e1vel.<\/p>\n","protected":false},"excerpt":{"rendered":"<p>Foram 5 dias intensos de festividades, que marcaram o regresso das iniciativas da Noite Multicultural e do Feriado Municipal. Foram<\/p>\n","protected":false},"author":1,"featured_media":21269,"comment_status":"closed","ping_status":"open","sticky":false,"template":"","format":"standard","meta":{"colormag_page_container_layout":"default_layout","colormag_page_sidebar_layout":"default_layout","_monsterinsights_skip_tracking":false,"_monsterinsights_sitenote_active":false,"_monsterinsights_sitenote_note":"","_monsterinsights_sitenote_category":0,"jetpack_post_was_ever_published":false,"_jetpack_newsletter_access":"","_jetpack_dont_email_post_to_subs":false,"_jetpack_newsletter_tier_id":0,"_jetpack_memberships_contains_paywalled_content":false,"_jetpack_memberships_contains_paid_content":false,"footnotes":"","jetpack_publicize_message":"","jetpack_publicize_feature_enabled":true,"jetpack_social_post_already_shared":true,"jetpack_social_options":{"image_generator_settings":{"template":"highway","default_image_id":0,"font":"","enabled":false},"version":2}},"categories":[14],"tags":[36,73,52,35],"class_list":["post-21268","post","type-post","status-publish","format-standard","has-post-thumbnail","hentry","category-cultura","tag-algarve","tag-aljezur","tag-concerto","tag-cultura"],"yoast_head":"<!-- This site is optimized with the Yoast SEO plugin v27.4 - https:\/\/yoast.com\/product\/yoast-seo-wordpress\/ -->\n<title>Aljezur recebe mar de gente nas suas festividades da Noite Multicultural\u00a0 - Algarve 7<\/title>\n<meta name=\"description\" content=\"Aljezur recebe mar de gente nas suas festividades da Noite Multicultural\u00a0 Cultura\" \/>\n<meta name=\"robots\" content=\"index, follow, max-snippet:-1, max-image-preview:large, max-video-preview:-1\" \/>\n<link rel=\"canonical\" href=\"https:\/\/algarve7.pt\/index.php\/2022\/08\/aljezur-recebe-mar-de-gente-nas-suas-festividades-da-noite-multicultural\/cultura\/14\/37\/\" \/>\n<meta property=\"og:locale\" content=\"pt_PT\" \/>\n<meta property=\"og:type\" content=\"article\" \/>\n<meta property=\"og:title\" content=\"Aljezur recebe mar de gente nas suas festividades da Noite Multicultural\u00a0 - Algarve 7\" \/>\n<meta property=\"og:description\" content=\"Aljezur recebe mar de gente nas suas festividades da Noite Multicultural\u00a0 Cultura\" \/>\n<meta property=\"og:url\" content=\"https:\/\/algarve7.pt\/index.php\/2022\/08\/aljezur-recebe-mar-de-gente-nas-suas-festividades-da-noite-multicultural\/cultura\/14\/37\/\" \/>\n<meta property=\"og:site_name\" content=\"Algarve 7\" \/>\n<meta property=\"article:publisher\" content=\"https:\/\/www.facebook.com\/algarve7\" \/>\n<meta property=\"article:author\" content=\"https:\/\/www.facebook.com\/algarve7\" \/>\n<meta property=\"article:published_time\" content=\"2022-08-30T13:37:27+00:00\" \/>\n<meta property=\"article:modified_time\" content=\"2022-08-30T13:37:29+00:00\" \/>\n<meta property=\"og:image\" content=\"https:\/\/algarve7.pt\/wp-content\/uploads\/2022\/08\/M_Aljezur_Festas-do-Munici\u0301pio-1.jpeg\" \/>\n\t<meta property=\"og:image:width\" content=\"2000\" \/>\n\t<meta property=\"og:image:height\" content=\"1500\" \/>\n\t<meta property=\"og:image:type\" content=\"image\/jpeg\" \/>\n<meta name=\"author\" content=\"Algarve 7\" \/>\n<meta name=\"twitter:card\" content=\"summary_large_image\" \/>\n<meta name=\"twitter:creator\" content=\"@Algarvesete\" \/>\n<meta name=\"twitter:site\" content=\"@Algarvesete\" \/>\n<meta name=\"twitter:label1\" content=\"Escrito por\" \/>\n\t<meta name=\"twitter:data1\" content=\"Algarve 7\" \/>\n\t<meta name=\"twitter:label2\" content=\"Tempo estimado de leitura\" \/>\n\t<meta name=\"twitter:data2\" content=\"1 minuto\" \/>\n<script type=\"application\/ld+json\" class=\"yoast-schema-graph\">{\"@context\":\"https:\\\/\\\/schema.org\",\"@graph\":[{\"@type\":\"Article\",\"@id\":\"https:\\\/\\\/algarve7.pt\\\/index.php\\\/2022\\\/08\\\/aljezur-recebe-mar-de-gente-nas-suas-festividades-da-noite-multicultural\\\/cultura\\\/14\\\/37\\\/#article\",\"isPartOf\":{\"@id\":\"https:\\\/\\\/algarve7.pt\\\/index.php\\\/2022\\\/08\\\/aljezur-recebe-mar-de-gente-nas-suas-festividades-da-noite-multicultural\\\/cultura\\\/14\\\/37\\\/\"},\"author\":{\"name\":\"Algarve 7\",\"@id\":\"https:\\\/\\\/algarve7.pt\\\/#\\\/schema\\\/person\\\/23fa70681308e7b319a3204bcea45e0c\"},\"headline\":\"Aljezur recebe mar de gente nas suas festividades da Noite Multicultural\u00a0\",\"datePublished\":\"2022-08-30T13:37:27+00:00\",\"dateModified\":\"2022-08-30T13:37:29+00:00\",\"mainEntityOfPage\":{\"@id\":\"https:\\\/\\\/algarve7.pt\\\/index.php\\\/2022\\\/08\\\/aljezur-recebe-mar-de-gente-nas-suas-festividades-da-noite-multicultural\\\/cultura\\\/14\\\/37\\\/\"},\"wordCount\":183,\"publisher\":{\"@id\":\"https:\\\/\\\/algarve7.pt\\\/#organization\"},\"image\":{\"@id\":\"https:\\\/\\\/algarve7.pt\\\/index.php\\\/2022\\\/08\\\/aljezur-recebe-mar-de-gente-nas-suas-festividades-da-noite-multicultural\\\/cultura\\\/14\\\/37\\\/#primaryimage\"},\"thumbnailUrl\":\"https:\\\/\\\/algarve7.pt\\\/wp-content\\\/uploads\\\/2022\\\/08\\\/M_Aljezur_Festas-do-Munici\u0301pio-1.jpeg\",\"keywords\":[\"Algarve\",\"Aljezur\",\"Concerto\",\"Cultura\"],\"articleSection\":[\"Cultura\"],\"inLanguage\":\"pt-PT\"},{\"@type\":\"WebPage\",\"@id\":\"https:\\\/\\\/algarve7.pt\\\/index.php\\\/2022\\\/08\\\/aljezur-recebe-mar-de-gente-nas-suas-festividades-da-noite-multicultural\\\/cultura\\\/14\\\/37\\\/\",\"url\":\"https:\\\/\\\/algarve7.pt\\\/index.php\\\/2022\\\/08\\\/aljezur-recebe-mar-de-gente-nas-suas-festividades-da-noite-multicultural\\\/cultura\\\/14\\\/37\\\/\",\"name\":\"Aljezur recebe mar de gente nas suas festividades da Noite Multicultural\u00a0 - Algarve 7\",\"isPartOf\":{\"@id\":\"https:\\\/\\\/algarve7.pt\\\/#website\"},\"primaryImageOfPage\":{\"@id\":\"https:\\\/\\\/algarve7.pt\\\/index.php\\\/2022\\\/08\\\/aljezur-recebe-mar-de-gente-nas-suas-festividades-da-noite-multicultural\\\/cultura\\\/14\\\/37\\\/#primaryimage\"},\"image\":{\"@id\":\"https:\\\/\\\/algarve7.pt\\\/index.php\\\/2022\\\/08\\\/aljezur-recebe-mar-de-gente-nas-suas-festividades-da-noite-multicultural\\\/cultura\\\/14\\\/37\\\/#primaryimage\"},\"thumbnailUrl\":\"https:\\\/\\\/algarve7.pt\\\/wp-content\\\/uploads\\\/2022\\\/08\\\/M_Aljezur_Festas-do-Munici\u0301pio-1.jpeg\",\"datePublished\":\"2022-08-30T13:37:27+00:00\",\"dateModified\":\"2022-08-30T13:37:29+00:00\",\"description\":\"Aljezur recebe mar de gente nas suas festividades da Noite Multicultural\u00a0 Cultura\",\"breadcrumb\":{\"@id\":\"https:\\\/\\\/algarve7.pt\\\/index.php\\\/2022\\\/08\\\/aljezur-recebe-mar-de-gente-nas-suas-festividades-da-noite-multicultural\\\/cultura\\\/14\\\/37\\\/#breadcrumb\"},\"inLanguage\":\"pt-PT\",\"potentialAction\":[{\"@type\":\"ReadAction\",\"target\":[\"https:\\\/\\\/algarve7.pt\\\/index.php\\\/2022\\\/08\\\/aljezur-recebe-mar-de-gente-nas-suas-festividades-da-noite-multicultural\\\/cultura\\\/14\\\/37\\\/\"]}]},{\"@type\":\"ImageObject\",\"inLanguage\":\"pt-PT\",\"@id\":\"https:\\\/\\\/algarve7.pt\\\/index.php\\\/2022\\\/08\\\/aljezur-recebe-mar-de-gente-nas-suas-festividades-da-noite-multicultural\\\/cultura\\\/14\\\/37\\\/#primaryimage\",\"url\":\"https:\\\/\\\/algarve7.pt\\\/wp-content\\\/uploads\\\/2022\\\/08\\\/M_Aljezur_Festas-do-Munici\u0301pio-1.jpeg\",\"contentUrl\":\"https:\\\/\\\/algarve7.pt\\\/wp-content\\\/uploads\\\/2022\\\/08\\\/M_Aljezur_Festas-do-Munici\u0301pio-1.jpeg\",\"width\":2000,\"height\":1500},{\"@type\":\"BreadcrumbList\",\"@id\":\"https:\\\/\\\/algarve7.pt\\\/index.php\\\/2022\\\/08\\\/aljezur-recebe-mar-de-gente-nas-suas-festividades-da-noite-multicultural\\\/cultura\\\/14\\\/37\\\/#breadcrumb\",\"itemListElement\":[{\"@type\":\"ListItem\",\"position\":1,\"name\":\"In\u00edcio\",\"item\":\"https:\\\/\\\/algarve7.pt\\\/\"},{\"@type\":\"ListItem\",\"position\":2,\"name\":\"Aljezur recebe mar de gente nas suas festividades da Noite Multicultural\u00a0\"}]},{\"@type\":\"WebSite\",\"@id\":\"https:\\\/\\\/algarve7.pt\\\/#website\",\"url\":\"https:\\\/\\\/algarve7.pt\\\/\",\"name\":\"Algarve 7\",\"description\":\"Informa\u00e7\u00e3o sobre o Algarve\",\"publisher\":{\"@id\":\"https:\\\/\\\/algarve7.pt\\\/#organization\"},\"potentialAction\":[{\"@type\":\"SearchAction\",\"target\":{\"@type\":\"EntryPoint\",\"urlTemplate\":\"https:\\\/\\\/algarve7.pt\\\/?s={search_term_string}\"},\"query-input\":{\"@type\":\"PropertyValueSpecification\",\"valueRequired\":true,\"valueName\":\"search_term_string\"}}],\"inLanguage\":\"pt-PT\"},{\"@type\":\"Organization\",\"@id\":\"https:\\\/\\\/algarve7.pt\\\/#organization\",\"name\":\"Algarve 7\",\"url\":\"https:\\\/\\\/algarve7.pt\\\/\",\"logo\":{\"@type\":\"ImageObject\",\"inLanguage\":\"pt-PT\",\"@id\":\"https:\\\/\\\/algarve7.pt\\\/#\\\/schema\\\/logo\\\/image\\\/\",\"url\":\"https:\\\/\\\/algarve7.pt\\\/wp-content\\\/uploads\\\/2020\\\/10\\\/Logo-8.jpg\",\"contentUrl\":\"https:\\\/\\\/algarve7.pt\\\/wp-content\\\/uploads\\\/2020\\\/10\\\/Logo-8.jpg\",\"width\":1680,\"height\":1186,\"caption\":\"Algarve 7\"},\"image\":{\"@id\":\"https:\\\/\\\/algarve7.pt\\\/#\\\/schema\\\/logo\\\/image\\\/\"},\"sameAs\":[\"https:\\\/\\\/www.facebook.com\\\/algarve7\",\"https:\\\/\\\/x.com\\\/Algarvesete\",\"https:\\\/\\\/www.instagram.com\\\/jornalalgarve7\\\/\",\"https:\\\/\\\/www.linkedin.com\\\/company\\\/algarve7\",\"https:\\\/\\\/www.pinterest.pt\\\/geral0939\\\/_created\\\/\"]},{\"@type\":\"Person\",\"@id\":\"https:\\\/\\\/algarve7.pt\\\/#\\\/schema\\\/person\\\/23fa70681308e7b319a3204bcea45e0c\",\"name\":\"Algarve 7\",\"sameAs\":[\"https:\\\/\\\/algarve7.pt\",\"https:\\\/\\\/www.facebook.com\\\/algarve7\"],\"url\":\"https:\\\/\\\/algarve7.pt\\\/index.php\\\/author\\\/geralalgarve7-pt\\\/\"}]}<\/script>\n<!-- \/ Yoast SEO plugin. -->","yoast_head_json":{"title":"Aljezur recebe mar de gente nas suas festividades da Noite Multicultural\u00a0 - Algarve 7","description":"Aljezur recebe mar de gente nas suas festividades da Noite Multicultural\u00a0 Cultura","robots":{"index":"index","follow":"follow","max-snippet":"max-snippet:-1","max-image-preview":"max-image-preview:large","max-video-preview":"max-video-preview:-1"},"canonical":"https:\/\/algarve7.pt\/index.php\/2022\/08\/aljezur-recebe-mar-de-gente-nas-suas-festividades-da-noite-multicultural\/cultura\/14\/37\/","og_locale":"pt_PT","og_type":"article","og_title":"Aljezur recebe mar de gente nas suas festividades da Noite Multicultural\u00a0 - Algarve 7","og_description":"Aljezur recebe mar de gente nas suas festividades da Noite Multicultural\u00a0 Cultura","og_url":"https:\/\/algarve7.pt\/index.php\/2022\/08\/aljezur-recebe-mar-de-gente-nas-suas-festividades-da-noite-multicultural\/cultura\/14\/37\/","og_site_name":"Algarve 7","article_publisher":"https:\/\/www.facebook.com\/algarve7","article_author":"https:\/\/www.facebook.com\/algarve7","article_published_time":"2022-08-30T13:37:27+00:00","article_modified_time":"2022-08-30T13:37:29+00:00","og_image":[{"width":2000,"height":1500,"url":"https:\/\/algarve7.pt\/wp-content\/uploads\/2022\/08\/M_Aljezur_Festas-do-Munici\u0301pio-1.jpeg","type":"image\/jpeg"}],"author":"Algarve 7","twitter_card":"summary_large_image","twitter_creator":"@Algarvesete","twitter_site":"@Algarvesete","twitter_misc":{"Escrito por":"Algarve 7","Tempo estimado de leitura":"1 minuto"},"schema":{"@context":"https:\/\/schema.org","@graph":[{"@type":"Article","@id":"https:\/\/algarve7.pt\/index.php\/2022\/08\/aljezur-recebe-mar-de-gente-nas-suas-festividades-da-noite-multicultural\/cultura\/14\/37\/#article","isPartOf":{"@id":"https:\/\/algarve7.pt\/index.php\/2022\/08\/aljezur-recebe-mar-de-gente-nas-suas-festividades-da-noite-multicultural\/cultura\/14\/37\/"},"author":{"name":"Algarve 7","@id":"https:\/\/algarve7.pt\/#\/schema\/person\/23fa70681308e7b319a3204bcea45e0c"},"headline":"Aljezur recebe mar de gente nas suas festividades da Noite Multicultural\u00a0","datePublished":"2022-08-30T13:37:27+00:00","dateModified":"2022-08-30T13:37:29+00:00","mainEntityOfPage":{"@id":"https:\/\/algarve7.pt\/index.php\/2022\/08\/aljezur-recebe-mar-de-gente-nas-suas-festividades-da-noite-multicultural\/cultura\/14\/37\/"},"wordCount":183,"publisher":{"@id":"https:\/\/algarve7.pt\/#organization"},"image":{"@id":"https:\/\/algarve7.pt\/index.php\/2022\/08\/aljezur-recebe-mar-de-gente-nas-suas-festividades-da-noite-multicultural\/cultura\/14\/37\/#primaryimage"},"thumbnailUrl":"https:\/\/algarve7.pt\/wp-content\/uploads\/2022\/08\/M_Aljezur_Festas-do-Munici\u0301pio-1.jpeg","keywords":["Algarve","Aljezur","Concerto","Cultura"],"articleSection":["Cultura"],"inLanguage":"pt-PT"},{"@type":"WebPage","@id":"https:\/\/algarve7.pt\/index.php\/2022\/08\/aljezur-recebe-mar-de-gente-nas-suas-festividades-da-noite-multicultural\/cultura\/14\/37\/","url":"https:\/\/algarve7.pt\/index.php\/2022\/08\/aljezur-recebe-mar-de-gente-nas-suas-festividades-da-noite-multicultural\/cultura\/14\/37\/","name":"Aljezur recebe mar de gente nas suas festividades da Noite Multicultural\u00a0 - Algarve 7","isPartOf":{"@id":"https:\/\/algarve7.pt\/#website"},"primaryImageOfPage":{"@id":"https:\/\/algarve7.pt\/index.php\/2022\/08\/aljezur-recebe-mar-de-gente-nas-suas-festividades-da-noite-multicultural\/cultura\/14\/37\/#primaryimage"},"image":{"@id":"https:\/\/algarve7.pt\/index.php\/2022\/08\/aljezur-recebe-mar-de-gente-nas-suas-festividades-da-noite-multicultural\/cultura\/14\/37\/#primaryimage"},"thumbnailUrl":"https:\/\/algarve7.pt\/wp-content\/uploads\/2022\/08\/M_Aljezur_Festas-do-Munici\u0301pio-1.jpeg","datePublished":"2022-08-30T13:37:27+00:00","dateModified":"2022-08-30T13:37:29+00:00","description":"Aljezur recebe mar de gente nas suas festividades da Noite Multicultural\u00a0 Cultura","breadcrumb":{"@id":"https:\/\/algarve7.pt\/index.php\/2022\/08\/aljezur-recebe-mar-de-gente-nas-suas-festividades-da-noite-multicultural\/cultura\/14\/37\/#breadcrumb"},"inLanguage":"pt-PT","potentialAction":[{"@type":"ReadAction","target":["https:\/\/algarve7.pt\/index.php\/2022\/08\/aljezur-recebe-mar-de-gente-nas-suas-festividades-da-noite-multicultural\/cultura\/14\/37\/"]}]},{"@type":"ImageObject","inLanguage":"pt-PT","@id":"https:\/\/algarve7.pt\/index.php\/2022\/08\/aljezur-recebe-mar-de-gente-nas-suas-festividades-da-noite-multicultural\/cultura\/14\/37\/#primaryimage","url":"https:\/\/algarve7.pt\/wp-content\/uploads\/2022\/08\/M_Aljezur_Festas-do-Munici\u0301pio-1.jpeg","contentUrl":"https:\/\/algarve7.pt\/wp-content\/uploads\/2022\/08\/M_Aljezur_Festas-do-Munici\u0301pio-1.jpeg","width":2000,"height":1500},{"@type":"BreadcrumbList","@id":"https:\/\/algarve7.pt\/index.php\/2022\/08\/aljezur-recebe-mar-de-gente-nas-suas-festividades-da-noite-multicultural\/cultura\/14\/37\/#breadcrumb","itemListElement":[{"@type":"ListItem","position":1,"name":"In\u00edcio","item":"https:\/\/algarve7.pt\/"},{"@type":"ListItem","position":2,"name":"Aljezur recebe mar de gente nas suas festividades da Noite Multicultural\u00a0"}]},{"@type":"WebSite","@id":"https:\/\/algarve7.pt\/#website","url":"https:\/\/algarve7.pt\/","name":"Algarve 7","description":"Informa\u00e7\u00e3o sobre o Algarve","publisher":{"@id":"https:\/\/algarve7.pt\/#organization"},"potentialAction":[{"@type":"SearchAction","target":{"@type":"EntryPoint","urlTemplate":"https:\/\/algarve7.pt\/?s={search_term_string}"},"query-input":{"@type":"PropertyValueSpecification","valueRequired":true,"valueName":"search_term_string"}}],"inLanguage":"pt-PT"},{"@type":"Organization","@id":"https:\/\/algarve7.pt\/#organization","name":"Algarve 7","url":"https:\/\/algarve7.pt\/","logo":{"@type":"ImageObject","inLanguage":"pt-PT","@id":"https:\/\/algarve7.pt\/#\/schema\/logo\/image\/","url":"https:\/\/algarve7.pt\/wp-content\/uploads\/2020\/10\/Logo-8.jpg","contentUrl":"https:\/\/algarve7.pt\/wp-content\/uploads\/2020\/10\/Logo-8.jpg","width":1680,"height":1186,"caption":"Algarve 7"},"image":{"@id":"https:\/\/algarve7.pt\/#\/schema\/logo\/image\/"},"sameAs":["https:\/\/www.facebook.com\/algarve7","https:\/\/x.com\/Algarvesete","https:\/\/www.instagram.com\/jornalalgarve7\/","https:\/\/www.linkedin.com\/company\/algarve7","https:\/\/www.pinterest.pt\/geral0939\/_created\/"]},{"@type":"Person","@id":"https:\/\/algarve7.pt\/#\/schema\/person\/23fa70681308e7b319a3204bcea45e0c","name":"Algarve 7","sameAs":["https:\/\/algarve7.pt","https:\/\/www.facebook.com\/algarve7"],"url":"https:\/\/algarve7.pt\/index.php\/author\/geralalgarve7-pt\/"}]}},"jetpack_publicize_connections":[],"jetpack_featured_media_url":"https:\/\/algarve7.pt\/wp-content\/uploads\/2022\/08\/M_Aljezur_Festas-do-Munici\u0301pio-1.jpeg","jetpack_shortlink":"https:\/\/wp.me\/pcezmW-5x2","jetpack_sharing_enabled":true,"_links":{"self":[{"href":"https:\/\/algarve7.pt\/index.php\/wp-json\/wp\/v2\/posts\/21268","targetHints":{"allow":["GET"]}}],"collection":[{"href":"https:\/\/algarve7.pt\/index.php\/wp-json\/wp\/v2\/posts"}],"about":[{"href":"https:\/\/algarve7.pt\/index.php\/wp-json\/wp\/v2\/types\/post"}],"author":[{"embeddable":true,"href":"https:\/\/algarve7.pt\/index.php\/wp-json\/wp\/v2\/users\/1"}],"replies":[{"embeddable":true,"href":"https:\/\/algarve7.pt\/index.php\/wp-json\/wp\/v2\/comments?post=21268"}],"version-history":[{"count":0,"href":"https:\/\/algarve7.pt\/index.php\/wp-json\/wp\/v2\/posts\/21268\/revisions"}],"wp:featuredmedia":[{"embeddable":true,"href":"https:\/\/algarve7.pt\/index.php\/wp-json\/wp\/v2\/media\/21269"}],"wp:attachment":[{"href":"https:\/\/algarve7.pt\/index.php\/wp-json\/wp\/v2\/media?parent=21268"}],"wp:term":[{"taxonomy":"category","embeddable":true,"href":"https:\/\/algarve7.pt\/index.php\/wp-json\/wp\/v2\/categories?post=21268"},{"taxonomy":"post_tag","embeddable":true,"href":"https:\/\/algarve7.pt\/index.php\/wp-json\/wp\/v2\/tags?post=21268"}],"curies":[{"name":"wp","href":"https:\/\/api.w.org\/{rel}","templated":true}]}}