{"id":21253,"date":"2022-08-29T16:34:19","date_gmt":"2022-08-29T15:34:19","guid":{"rendered":"https:\/\/algarve7.pt\/?p=21253"},"modified":"2022-08-29T16:34:20","modified_gmt":"2022-08-29T15:34:20","slug":"programa-da-viii-feira-da-dieta-mediterranica","status":"publish","type":"post","link":"https:\/\/algarve7.pt\/index.php\/2022\/08\/programa-da-viii-feira-da-dieta-mediterranica\/cultura\/16\/34\/","title":{"rendered":"Programa da VIII Feira da Dieta Mediterr\u00e2nica  \u00a0"},"content":{"rendered":"\n<p>A Feira da Dieta Mediterr\u00e2nica regressa a Tavira, entre 08 e 11 de setembro.<\/p>\n\n\n\n<p>O programa inclui feira institucional com a presen\u00e7a de outros pa\u00edses, entidades regionais e nacionais; patrim\u00f3nios imateriais classificados pela UNESCO; expositores de artesanato e produtos tradicionais; mostras bot\u00e2nicas e de sementes; restaura\u00e7\u00e3o; provas e petiscos; m\u00fasica da geografia do Mediterr\u00e2neo.<\/p>\n\n\n\n<p>Palcos com uma programa\u00e7\u00e3o de Portugal, It\u00e1lia, Gr\u00e9cia, Espanha, Cro\u00e1cia, Fran\u00e7a, Israel e Marrocos, entre os quais:<\/p>\n\n\n\n<p><strong>Dia 08<\/strong><br>20h30, palco na antiga lota, Mo\u00e7oilas<br>21h30, palco no Castelo, VEJA (Cro\u00e1cia)<br>22h30, Pra\u00e7a da Rep\u00fablica, <strong>Mariza<\/strong><br>00h00, Jardim do Coreto, Ciac Boum (Fran\u00e7a)<\/p>\n\n\n\n<p><strong>Dia 09<\/strong><br>20h30, palco na antiga lota, Seiva<br>21h30, palco no Castelo, Rodopi (Gr\u00e9cia)<br>22h30, Pra\u00e7a da Rep\u00fablica, <strong>Tomatito<\/strong> (Espanha)<br>00h00, Jardim do Coreto, Bifolc (It\u00e1lia)<\/p>\n\n\n\n<p><strong>Dia 10<\/strong><br>20h30, palco na antiga lota, Retimbrar<br>21h30, palco no Castelo, Neta Elkayam (Israel)<br>22h30, Pra\u00e7a da Rep\u00fablica, <strong>Jorge Palma convida Marisa Liz<\/strong><br>00h00, Jardim do Coreto, Dijazz\u00f2nic (Catalunha)<\/p>\n\n\n\n<p><strong>Dia 11<\/strong><br>20h30, palco na antiga lota, Sopa de Pedra<br>21h30, palco no Castelo, Mehdi Nassouli (Marrocos)<br>22h30, Pra\u00e7a da Rep\u00fablica, <strong>B\u00e1rbara Tinoco<\/strong><\/p>\n\n\n\n<p>Programa completo em:<\/p>\n\n\n\n<p><a href=\"https:\/\/cm-tavira.pt\/site\/3d-flip-book\/programa-feira-dieta\/\" target=\"_blank\" rel=\"noreferrer noopener\">https:\/\/cm-tavira.pt\/site\/3d-flip-book\/programa-feira-dieta\/<\/a><\/p>\n","protected":false},"excerpt":{"rendered":"<p>A Feira da Dieta Mediterr\u00e2nica regressa a Tavira, entre 08 e 11 de setembro. O programa inclui feira institucional com<\/p>\n","protected":false},"author":1,"featured_media":21254,"comment_status":"closed","ping_status":"open","sticky":false,"template":"","format":"standard","meta":{"colormag_page_container_layout":"default_layout","colormag_page_sidebar_layout":"default_layout","_monsterinsights_skip_tracking":false,"_monsterinsights_sitenote_active":false,"_monsterinsights_sitenote_note":"","_monsterinsights_sitenote_category":0,"jetpack_post_was_ever_published":false,"_jetpack_newsletter_access":"","_jetpack_dont_email_post_to_subs":false,"_jetpack_newsletter_tier_id":0,"_jetpack_memberships_contains_paywalled_content":false,"_jetpack_memberships_contains_paid_content":false,"footnotes":"","jetpack_publicize_message":"","jetpack_publicize_feature_enabled":true,"jetpack_social_post_already_shared":true,"jetpack_social_options":{"image_generator_settings":{"template":"highway","default_image_id":0,"font":"","enabled":false},"version":2}},"categories":[14],"tags":[36,52,35,406,54],"class_list":["post-21253","post","type-post","status-publish","format-standard","has-post-thumbnail","hentry","category-cultura","tag-algarve","tag-concerto","tag-cultura","tag-dieta-mediterranica","tag-tavira"],"yoast_head":"<!-- This site is optimized with the Yoast SEO plugin v27.5 - https:\/\/yoast.com\/product\/yoast-seo-wordpress\/ -->\n<title>Programa da VIII Feira da Dieta Mediterr\u00e2nica \u00a0 - Algarve 7<\/title>\n<meta name=\"description\" content=\"Programa da VIII Feira da Dieta Mediterr\u00e2nica \u00a0 Cultura\" \/>\n<meta name=\"robots\" content=\"index, follow, max-snippet:-1, max-image-preview:large, max-video-preview:-1\" \/>\n<link rel=\"canonical\" href=\"https:\/\/algarve7.pt\/index.php\/2022\/08\/programa-da-viii-feira-da-dieta-mediterranica\/cultura\/16\/34\/\" \/>\n<meta property=\"og:locale\" content=\"pt_PT\" \/>\n<meta property=\"og:type\" content=\"article\" \/>\n<meta property=\"og:title\" content=\"Programa da VIII Feira da Dieta Mediterr\u00e2nica \u00a0 - Algarve 7\" \/>\n<meta property=\"og:description\" content=\"Programa da VIII Feira da Dieta Mediterr\u00e2nica \u00a0 Cultura\" \/>\n<meta property=\"og:url\" content=\"https:\/\/algarve7.pt\/index.php\/2022\/08\/programa-da-viii-feira-da-dieta-mediterranica\/cultura\/16\/34\/\" \/>\n<meta property=\"og:site_name\" content=\"Algarve 7\" \/>\n<meta property=\"article:publisher\" content=\"https:\/\/www.facebook.com\/algarve7\" \/>\n<meta property=\"article:author\" content=\"https:\/\/www.facebook.com\/algarve7\" \/>\n<meta property=\"article:published_time\" content=\"2022-08-29T15:34:19+00:00\" \/>\n<meta property=\"article:modified_time\" content=\"2022-08-29T15:34:20+00:00\" \/>\n<meta property=\"og:image\" content=\"https:\/\/algarve7.pt\/wp-content\/uploads\/2022\/08\/PUBLICACAO_FB_WEB_1200X628-06-scaled.jpg\" \/>\n\t<meta property=\"og:image:width\" content=\"2560\" \/>\n\t<meta property=\"og:image:height\" content=\"1340\" \/>\n\t<meta property=\"og:image:type\" content=\"image\/jpeg\" \/>\n<meta name=\"author\" content=\"Algarve 7\" \/>\n<meta name=\"twitter:card\" content=\"summary_large_image\" \/>\n<meta name=\"twitter:creator\" content=\"@Algarvesete\" \/>\n<meta name=\"twitter:site\" content=\"@Algarvesete\" \/>\n<meta name=\"twitter:label1\" content=\"Escrito por\" \/>\n\t<meta name=\"twitter:data1\" content=\"Algarve 7\" \/>\n\t<meta name=\"twitter:label2\" content=\"Tempo estimado de leitura\" \/>\n\t<meta name=\"twitter:data2\" content=\"1 minuto\" \/>\n<script type=\"application\/ld+json\" class=\"yoast-schema-graph\">{\"@context\":\"https:\\\/\\\/schema.org\",\"@graph\":[{\"@type\":\"Article\",\"@id\":\"https:\\\/\\\/algarve7.pt\\\/index.php\\\/2022\\\/08\\\/programa-da-viii-feira-da-dieta-mediterranica\\\/cultura\\\/16\\\/34\\\/#article\",\"isPartOf\":{\"@id\":\"https:\\\/\\\/algarve7.pt\\\/index.php\\\/2022\\\/08\\\/programa-da-viii-feira-da-dieta-mediterranica\\\/cultura\\\/16\\\/34\\\/\"},\"author\":{\"name\":\"Algarve 7\",\"@id\":\"https:\\\/\\\/algarve7.pt\\\/#\\\/schema\\\/person\\\/23fa70681308e7b319a3204bcea45e0c\"},\"headline\":\"Programa da VIII Feira da Dieta Mediterr\u00e2nica \u00a0\",\"datePublished\":\"2022-08-29T15:34:19+00:00\",\"dateModified\":\"2022-08-29T15:34:20+00:00\",\"mainEntityOfPage\":{\"@id\":\"https:\\\/\\\/algarve7.pt\\\/index.php\\\/2022\\\/08\\\/programa-da-viii-feira-da-dieta-mediterranica\\\/cultura\\\/16\\\/34\\\/\"},\"wordCount\":215,\"publisher\":{\"@id\":\"https:\\\/\\\/algarve7.pt\\\/#organization\"},\"image\":{\"@id\":\"https:\\\/\\\/algarve7.pt\\\/index.php\\\/2022\\\/08\\\/programa-da-viii-feira-da-dieta-mediterranica\\\/cultura\\\/16\\\/34\\\/#primaryimage\"},\"thumbnailUrl\":\"https:\\\/\\\/algarve7.pt\\\/wp-content\\\/uploads\\\/2022\\\/08\\\/PUBLICACAO_FB_WEB_1200X628-06-scaled.jpg\",\"keywords\":[\"Algarve\",\"Concerto\",\"Cultura\",\"Dieta Mediterr\u00e2nica\",\"Tavira\"],\"articleSection\":[\"Cultura\"],\"inLanguage\":\"pt-PT\"},{\"@type\":\"WebPage\",\"@id\":\"https:\\\/\\\/algarve7.pt\\\/index.php\\\/2022\\\/08\\\/programa-da-viii-feira-da-dieta-mediterranica\\\/cultura\\\/16\\\/34\\\/\",\"url\":\"https:\\\/\\\/algarve7.pt\\\/index.php\\\/2022\\\/08\\\/programa-da-viii-feira-da-dieta-mediterranica\\\/cultura\\\/16\\\/34\\\/\",\"name\":\"Programa da VIII Feira da Dieta Mediterr\u00e2nica \u00a0 - Algarve 7\",\"isPartOf\":{\"@id\":\"https:\\\/\\\/algarve7.pt\\\/#website\"},\"primaryImageOfPage\":{\"@id\":\"https:\\\/\\\/algarve7.pt\\\/index.php\\\/2022\\\/08\\\/programa-da-viii-feira-da-dieta-mediterranica\\\/cultura\\\/16\\\/34\\\/#primaryimage\"},\"image\":{\"@id\":\"https:\\\/\\\/algarve7.pt\\\/index.php\\\/2022\\\/08\\\/programa-da-viii-feira-da-dieta-mediterranica\\\/cultura\\\/16\\\/34\\\/#primaryimage\"},\"thumbnailUrl\":\"https:\\\/\\\/algarve7.pt\\\/wp-content\\\/uploads\\\/2022\\\/08\\\/PUBLICACAO_FB_WEB_1200X628-06-scaled.jpg\",\"datePublished\":\"2022-08-29T15:34:19+00:00\",\"dateModified\":\"2022-08-29T15:34:20+00:00\",\"description\":\"Programa da VIII Feira da Dieta Mediterr\u00e2nica \u00a0 Cultura\",\"breadcrumb\":{\"@id\":\"https:\\\/\\\/algarve7.pt\\\/index.php\\\/2022\\\/08\\\/programa-da-viii-feira-da-dieta-mediterranica\\\/cultura\\\/16\\\/34\\\/#breadcrumb\"},\"inLanguage\":\"pt-PT\",\"potentialAction\":[{\"@type\":\"ReadAction\",\"target\":[\"https:\\\/\\\/algarve7.pt\\\/index.php\\\/2022\\\/08\\\/programa-da-viii-feira-da-dieta-mediterranica\\\/cultura\\\/16\\\/34\\\/\"]}]},{\"@type\":\"ImageObject\",\"inLanguage\":\"pt-PT\",\"@id\":\"https:\\\/\\\/algarve7.pt\\\/index.php\\\/2022\\\/08\\\/programa-da-viii-feira-da-dieta-mediterranica\\\/cultura\\\/16\\\/34\\\/#primaryimage\",\"url\":\"https:\\\/\\\/algarve7.pt\\\/wp-content\\\/uploads\\\/2022\\\/08\\\/PUBLICACAO_FB_WEB_1200X628-06-scaled.jpg\",\"contentUrl\":\"https:\\\/\\\/algarve7.pt\\\/wp-content\\\/uploads\\\/2022\\\/08\\\/PUBLICACAO_FB_WEB_1200X628-06-scaled.jpg\",\"width\":2560,\"height\":1340},{\"@type\":\"BreadcrumbList\",\"@id\":\"https:\\\/\\\/algarve7.pt\\\/index.php\\\/2022\\\/08\\\/programa-da-viii-feira-da-dieta-mediterranica\\\/cultura\\\/16\\\/34\\\/#breadcrumb\",\"itemListElement\":[{\"@type\":\"ListItem\",\"position\":1,\"name\":\"In\u00edcio\",\"item\":\"https:\\\/\\\/algarve7.pt\\\/\"},{\"@type\":\"ListItem\",\"position\":2,\"name\":\"Programa da VIII Feira da Dieta Mediterr\u00e2nica \u00a0\"}]},{\"@type\":\"WebSite\",\"@id\":\"https:\\\/\\\/algarve7.pt\\\/#website\",\"url\":\"https:\\\/\\\/algarve7.pt\\\/\",\"name\":\"Algarve 7\",\"description\":\"Informa\u00e7\u00e3o sobre o Algarve\",\"publisher\":{\"@id\":\"https:\\\/\\\/algarve7.pt\\\/#organization\"},\"potentialAction\":[{\"@type\":\"SearchAction\",\"target\":{\"@type\":\"EntryPoint\",\"urlTemplate\":\"https:\\\/\\\/algarve7.pt\\\/?s={search_term_string}\"},\"query-input\":{\"@type\":\"PropertyValueSpecification\",\"valueRequired\":true,\"valueName\":\"search_term_string\"}}],\"inLanguage\":\"pt-PT\"},{\"@type\":\"Organization\",\"@id\":\"https:\\\/\\\/algarve7.pt\\\/#organization\",\"name\":\"Algarve 7\",\"url\":\"https:\\\/\\\/algarve7.pt\\\/\",\"logo\":{\"@type\":\"ImageObject\",\"inLanguage\":\"pt-PT\",\"@id\":\"https:\\\/\\\/algarve7.pt\\\/#\\\/schema\\\/logo\\\/image\\\/\",\"url\":\"https:\\\/\\\/algarve7.pt\\\/wp-content\\\/uploads\\\/2020\\\/10\\\/Logo-8.jpg\",\"contentUrl\":\"https:\\\/\\\/algarve7.pt\\\/wp-content\\\/uploads\\\/2020\\\/10\\\/Logo-8.jpg\",\"width\":1680,\"height\":1186,\"caption\":\"Algarve 7\"},\"image\":{\"@id\":\"https:\\\/\\\/algarve7.pt\\\/#\\\/schema\\\/logo\\\/image\\\/\"},\"sameAs\":[\"https:\\\/\\\/www.facebook.com\\\/algarve7\",\"https:\\\/\\\/x.com\\\/Algarvesete\",\"https:\\\/\\\/www.instagram.com\\\/jornalalgarve7\\\/\",\"https:\\\/\\\/www.linkedin.com\\\/company\\\/algarve7\",\"https:\\\/\\\/www.pinterest.pt\\\/geral0939\\\/_created\\\/\"]},{\"@type\":\"Person\",\"@id\":\"https:\\\/\\\/algarve7.pt\\\/#\\\/schema\\\/person\\\/23fa70681308e7b319a3204bcea45e0c\",\"name\":\"Algarve 7\",\"sameAs\":[\"https:\\\/\\\/algarve7.pt\",\"https:\\\/\\\/www.facebook.com\\\/algarve7\"],\"url\":\"https:\\\/\\\/algarve7.pt\\\/index.php\\\/author\\\/geralalgarve7-pt\\\/\"}]}<\/script>\n<!-- \/ Yoast SEO plugin. -->","yoast_head_json":{"title":"Programa da VIII Feira da Dieta Mediterr\u00e2nica \u00a0 - Algarve 7","description":"Programa da VIII Feira da Dieta Mediterr\u00e2nica \u00a0 Cultura","robots":{"index":"index","follow":"follow","max-snippet":"max-snippet:-1","max-image-preview":"max-image-preview:large","max-video-preview":"max-video-preview:-1"},"canonical":"https:\/\/algarve7.pt\/index.php\/2022\/08\/programa-da-viii-feira-da-dieta-mediterranica\/cultura\/16\/34\/","og_locale":"pt_PT","og_type":"article","og_title":"Programa da VIII Feira da Dieta Mediterr\u00e2nica \u00a0 - Algarve 7","og_description":"Programa da VIII Feira da Dieta Mediterr\u00e2nica \u00a0 Cultura","og_url":"https:\/\/algarve7.pt\/index.php\/2022\/08\/programa-da-viii-feira-da-dieta-mediterranica\/cultura\/16\/34\/","og_site_name":"Algarve 7","article_publisher":"https:\/\/www.facebook.com\/algarve7","article_author":"https:\/\/www.facebook.com\/algarve7","article_published_time":"2022-08-29T15:34:19+00:00","article_modified_time":"2022-08-29T15:34:20+00:00","og_image":[{"width":2560,"height":1340,"url":"https:\/\/algarve7.pt\/wp-content\/uploads\/2022\/08\/PUBLICACAO_FB_WEB_1200X628-06-scaled.jpg","type":"image\/jpeg"}],"author":"Algarve 7","twitter_card":"summary_large_image","twitter_creator":"@Algarvesete","twitter_site":"@Algarvesete","twitter_misc":{"Escrito por":"Algarve 7","Tempo estimado de leitura":"1 minuto"},"schema":{"@context":"https:\/\/schema.org","@graph":[{"@type":"Article","@id":"https:\/\/algarve7.pt\/index.php\/2022\/08\/programa-da-viii-feira-da-dieta-mediterranica\/cultura\/16\/34\/#article","isPartOf":{"@id":"https:\/\/algarve7.pt\/index.php\/2022\/08\/programa-da-viii-feira-da-dieta-mediterranica\/cultura\/16\/34\/"},"author":{"name":"Algarve 7","@id":"https:\/\/algarve7.pt\/#\/schema\/person\/23fa70681308e7b319a3204bcea45e0c"},"headline":"Programa da VIII Feira da Dieta Mediterr\u00e2nica \u00a0","datePublished":"2022-08-29T15:34:19+00:00","dateModified":"2022-08-29T15:34:20+00:00","mainEntityOfPage":{"@id":"https:\/\/algarve7.pt\/index.php\/2022\/08\/programa-da-viii-feira-da-dieta-mediterranica\/cultura\/16\/34\/"},"wordCount":215,"publisher":{"@id":"https:\/\/algarve7.pt\/#organization"},"image":{"@id":"https:\/\/algarve7.pt\/index.php\/2022\/08\/programa-da-viii-feira-da-dieta-mediterranica\/cultura\/16\/34\/#primaryimage"},"thumbnailUrl":"https:\/\/algarve7.pt\/wp-content\/uploads\/2022\/08\/PUBLICACAO_FB_WEB_1200X628-06-scaled.jpg","keywords":["Algarve","Concerto","Cultura","Dieta Mediterr\u00e2nica","Tavira"],"articleSection":["Cultura"],"inLanguage":"pt-PT"},{"@type":"WebPage","@id":"https:\/\/algarve7.pt\/index.php\/2022\/08\/programa-da-viii-feira-da-dieta-mediterranica\/cultura\/16\/34\/","url":"https:\/\/algarve7.pt\/index.php\/2022\/08\/programa-da-viii-feira-da-dieta-mediterranica\/cultura\/16\/34\/","name":"Programa da VIII Feira da Dieta Mediterr\u00e2nica \u00a0 - Algarve 7","isPartOf":{"@id":"https:\/\/algarve7.pt\/#website"},"primaryImageOfPage":{"@id":"https:\/\/algarve7.pt\/index.php\/2022\/08\/programa-da-viii-feira-da-dieta-mediterranica\/cultura\/16\/34\/#primaryimage"},"image":{"@id":"https:\/\/algarve7.pt\/index.php\/2022\/08\/programa-da-viii-feira-da-dieta-mediterranica\/cultura\/16\/34\/#primaryimage"},"thumbnailUrl":"https:\/\/algarve7.pt\/wp-content\/uploads\/2022\/08\/PUBLICACAO_FB_WEB_1200X628-06-scaled.jpg","datePublished":"2022-08-29T15:34:19+00:00","dateModified":"2022-08-29T15:34:20+00:00","description":"Programa da VIII Feira da Dieta Mediterr\u00e2nica \u00a0 Cultura","breadcrumb":{"@id":"https:\/\/algarve7.pt\/index.php\/2022\/08\/programa-da-viii-feira-da-dieta-mediterranica\/cultura\/16\/34\/#breadcrumb"},"inLanguage":"pt-PT","potentialAction":[{"@type":"ReadAction","target":["https:\/\/algarve7.pt\/index.php\/2022\/08\/programa-da-viii-feira-da-dieta-mediterranica\/cultura\/16\/34\/"]}]},{"@type":"ImageObject","inLanguage":"pt-PT","@id":"https:\/\/algarve7.pt\/index.php\/2022\/08\/programa-da-viii-feira-da-dieta-mediterranica\/cultura\/16\/34\/#primaryimage","url":"https:\/\/algarve7.pt\/wp-content\/uploads\/2022\/08\/PUBLICACAO_FB_WEB_1200X628-06-scaled.jpg","contentUrl":"https:\/\/algarve7.pt\/wp-content\/uploads\/2022\/08\/PUBLICACAO_FB_WEB_1200X628-06-scaled.jpg","width":2560,"height":1340},{"@type":"BreadcrumbList","@id":"https:\/\/algarve7.pt\/index.php\/2022\/08\/programa-da-viii-feira-da-dieta-mediterranica\/cultura\/16\/34\/#breadcrumb","itemListElement":[{"@type":"ListItem","position":1,"name":"In\u00edcio","item":"https:\/\/algarve7.pt\/"},{"@type":"ListItem","position":2,"name":"Programa da VIII Feira da Dieta Mediterr\u00e2nica \u00a0"}]},{"@type":"WebSite","@id":"https:\/\/algarve7.pt\/#website","url":"https:\/\/algarve7.pt\/","name":"Algarve 7","description":"Informa\u00e7\u00e3o sobre o Algarve","publisher":{"@id":"https:\/\/algarve7.pt\/#organization"},"potentialAction":[{"@type":"SearchAction","target":{"@type":"EntryPoint","urlTemplate":"https:\/\/algarve7.pt\/?s={search_term_string}"},"query-input":{"@type":"PropertyValueSpecification","valueRequired":true,"valueName":"search_term_string"}}],"inLanguage":"pt-PT"},{"@type":"Organization","@id":"https:\/\/algarve7.pt\/#organization","name":"Algarve 7","url":"https:\/\/algarve7.pt\/","logo":{"@type":"ImageObject","inLanguage":"pt-PT","@id":"https:\/\/algarve7.pt\/#\/schema\/logo\/image\/","url":"https:\/\/algarve7.pt\/wp-content\/uploads\/2020\/10\/Logo-8.jpg","contentUrl":"https:\/\/algarve7.pt\/wp-content\/uploads\/2020\/10\/Logo-8.jpg","width":1680,"height":1186,"caption":"Algarve 7"},"image":{"@id":"https:\/\/algarve7.pt\/#\/schema\/logo\/image\/"},"sameAs":["https:\/\/www.facebook.com\/algarve7","https:\/\/x.com\/Algarvesete","https:\/\/www.instagram.com\/jornalalgarve7\/","https:\/\/www.linkedin.com\/company\/algarve7","https:\/\/www.pinterest.pt\/geral0939\/_created\/"]},{"@type":"Person","@id":"https:\/\/algarve7.pt\/#\/schema\/person\/23fa70681308e7b319a3204bcea45e0c","name":"Algarve 7","sameAs":["https:\/\/algarve7.pt","https:\/\/www.facebook.com\/algarve7"],"url":"https:\/\/algarve7.pt\/index.php\/author\/geralalgarve7-pt\/"}]}},"jetpack_publicize_connections":[],"jetpack_featured_media_url":"https:\/\/algarve7.pt\/wp-content\/uploads\/2022\/08\/PUBLICACAO_FB_WEB_1200X628-06-scaled.jpg","jetpack_shortlink":"https:\/\/wp.me\/pcezmW-5wN","jetpack_sharing_enabled":true,"_links":{"self":[{"href":"https:\/\/algarve7.pt\/index.php\/wp-json\/wp\/v2\/posts\/21253","targetHints":{"allow":["GET"]}}],"collection":[{"href":"https:\/\/algarve7.pt\/index.php\/wp-json\/wp\/v2\/posts"}],"about":[{"href":"https:\/\/algarve7.pt\/index.php\/wp-json\/wp\/v2\/types\/post"}],"author":[{"embeddable":true,"href":"https:\/\/algarve7.pt\/index.php\/wp-json\/wp\/v2\/users\/1"}],"replies":[{"embeddable":true,"href":"https:\/\/algarve7.pt\/index.php\/wp-json\/wp\/v2\/comments?post=21253"}],"version-history":[{"count":0,"href":"https:\/\/algarve7.pt\/index.php\/wp-json\/wp\/v2\/posts\/21253\/revisions"}],"wp:featuredmedia":[{"embeddable":true,"href":"https:\/\/algarve7.pt\/index.php\/wp-json\/wp\/v2\/media\/21254"}],"wp:attachment":[{"href":"https:\/\/algarve7.pt\/index.php\/wp-json\/wp\/v2\/media?parent=21253"}],"wp:term":[{"taxonomy":"category","embeddable":true,"href":"https:\/\/algarve7.pt\/index.php\/wp-json\/wp\/v2\/categories?post=21253"},{"taxonomy":"post_tag","embeddable":true,"href":"https:\/\/algarve7.pt\/index.php\/wp-json\/wp\/v2\/tags?post=21253"}],"curies":[{"name":"wp","href":"https:\/\/api.w.org\/{rel}","templated":true}]}}