{"id":21224,"date":"2022-08-28T09:00:00","date_gmt":"2022-08-28T08:00:00","guid":{"rendered":"https:\/\/algarve7.pt\/?p=21224"},"modified":"2022-08-27T19:31:25","modified_gmt":"2022-08-27T18:31:25","slug":"arte-urbana-valoriza-legado-cultural-sao-brasense","status":"publish","type":"post","link":"https:\/\/algarve7.pt\/index.php\/2022\/08\/arte-urbana-valoriza-legado-cultural-sao-brasense\/cultura\/09\/00\/","title":{"rendered":"Arte Urbana valoriza legado cultural s\u00e3o-brasense"},"content":{"rendered":"\n<p>No \u00e2mbito do Plano de revitaliza\u00e7\u00e3o do Centro Hist\u00f3rico de S\u00e3o Br\u00e1s de Alportel e na sequ\u00eancia da iniciativa \u201cCal\u00e7adas \u2013 A Arte Sai \u00e0 Rua\u201d realizada no passado dia 14 de agosto o centro hist\u00f3rico de S\u00e3o Br\u00e1s de Alportel ganhou um novo mural evocativo da cultura e das tradi\u00e7\u00f5es s\u00e3o-brasenses, numa justa e merecida homenagem \u00e0 compositora s\u00e3o-brasense Maria da Luz Brito Pinto, carinhosamente apelidada por \u201cLuzinha Pinto\u201d, que viveu entre 1901 e 1981, deixando um valioso legado musical, composto por pe\u00e7as art\u00edstivcas que s\u00e3o uma refer\u00eancia no panorama cultural.<\/p>\n\n\n\n<p>A pintura apresenta um rosto jovem, envergando trajes antigos, de modo a tranmsmitir a mensagem de valoriza\u00e7\u00e3o dos jovens que tal como a Carlota, musa inspiradora deste mural, envolvem-se na din\u00e2mica cultura da sua terra e transportam nas suas m\u00e3os a cultura da sua gente, desempenhando a importante miss\u00e3o de preservar as tradi\u00e7\u00f5es do passado para as conduzir ao futuro.<\/p>\n\n\n\n<p>A apresenta\u00e7\u00e3o oficial desta obra de arte teve lugar ontem, dia 23 de agosto, numa emotiva cerim\u00f3nia no Espa\u00e7o Mem\u00f3ria do Munic\u00edpio, no edif\u00edcio dos Pa\u00e7os do Concelho, que contou com a presen\u00e7a de familiares da compositora: o seu filho Joaquim Pinto, a neta raquel e a bisneta Lar; mas tamb\u00e9m a conceituada artista Jacqueline de Montaigne, autora deste mural que pretende ser o in\u00edcio de um conjunto de obras de arte urbana no concelho; as propriet\u00e1rias das casas que cederam a parede para este efeito; o Presidente da C\u00e2mara Municipal Vitor Guerreiro, a Vice-Presidente Marlene Guerreiro e o Vereador Ac\u00e1cio Martins, o Presidente da Junta de Freguesia Jo\u00e3o Rosa. Marcaram tamb\u00e9m presen\u00e7a neste momento: Rui Santos, em representa\u00e7\u00e3o do grupo de volunt\u00e1rios \u2013 Comiss\u00e3o Cal\u00e7adas &#8211; ; Maria do Ros\u00e1rio Parreira e No\u00e9mia Alves, em representa\u00e7\u00e3o do Rancho T\u00edpico Sambrasense, acompanhadas pela Carlota Guerreiro, jovem elemento do Rancho T\u00edpico, que serviu de modelo para a imagem retratada.<\/p>\n\n\n\n<p>Ap\u00f3s breves interven\u00e7\u00f5es, seguiu-se a entrega de um Certificado de Homenagem \u00e0 compositora s\u00e3o-brasense Maria da Luz Brito Pinto, na m\u00e3os dos seus familiares, personagem homenageada com a a reliza\u00e7\u00e3o deste mural que veio engrandecer a rota de arte urbana do concelho.<\/p>\n\n\n\n<p>Numa homenagem a uma Mulher enamorada da m\u00fasica e eternamente apaiuxonada pelo seu Algarve, de amendoeiras em flor, a cerim\u00f3nia culminou com a interpreta\u00e7\u00e3o do seu tema mais popular \u201cCabo de S\u00e3o Vicente\u201d, em acorde\u00e3o, por David Mendon\u00e7a, um jovem s\u00e3o-brasense, que \u00e9 mais um bom exemplo desta miss\u00e3o t\u00e3o orgulhosamente cumprida pelas novas gera\u00e7\u00f5es.<\/p>\n\n\n\n<p>Este novo projeto d\u00e1 continuidade ao objetivo do \u201cCal\u00e7adas a Arte Sai \u00e0 Rua\u201d que previligia o contacto direto entre p\u00fablico e artistas, utilizando a cria\u00e7\u00e3o art\u00edstica para evocar as tradi\u00e7\u00f5es culturais e valorizar o contributo das novas gera\u00e7\u00f5es, na preserva\u00e7\u00e3o do legado cultural do passado para o futuro, nomeadamente atrav\u00e9s de coletividades que desempenham um merit\u00f3rio trabalho, como \u00e9 o caso do Rancho T\u00edpico Sambrasense, que colaborou com esta realiza\u00e7\u00e3o, e do qual \u00e9 membro a jovem que inspirou esta obra, Carlota Guerreiro.<\/p>\n\n\n\n<p>Segundo Vitor Guerreiro \u201cEste mural art\u00edstico presta homenagem \u00e0 compositora s\u00e3o-brasense \u201cLuzinha Pinto\u201d e, atrav\u00e9s do seu exemplo, a todas as mulheres impulsionadoras da cultura local. Pretende-se que esta renova\u00e7\u00e3o, em plena Rua Gago Coutinho, seja fonte de inspira\u00e7\u00e3o para a juventude e se constitua como um novo polo de atratividade tur\u00edstica numa rota de arte urbana, que em muito dignifica o munic\u00edpio de S\u00e3o Br\u00e1s de Alportel, bem como toda a comunidade.\u201d<\/p>\n\n\n\n<p><strong><u>Nota biogr\u00e1fica:<\/u><\/strong><\/p>\n\n\n\n<p>Maria da Luz Brito Pinto, que ficou por todos conhecida por \u201cLuzinha Pinto\u201d:<\/p>\n\n\n\n<p>Nasceu a 24 de abril de 1901 e faleceu 80 anos depois em mar\u00e7o de 1981<\/p>\n\n\n\n<p>Int\u00e9rprete de piano, revela-se mais tarde, aquando da sua viuvez, virtuosa compositora, ao criar temas que marcaram para sempre o panorama musical. Revelam os seus familiares que muitas vezes a cria\u00e7\u00f5es surgiam em sonhos, que a faziam despetar durante a noite para escrever sobre a pauta a suas pe\u00e7as musicais.<\/p>\n\n\n\n<p>Entre as suas obras mais conhecidas, encontram-se:<\/p>\n\n\n\n<p>O Corridinho \u201cCabo de S\u00e3o Vicente\u201d, presen\u00e7a ass\u00eddua no repert\u00f3rio dos grupos folcl\u00f3ricos do Algarve<\/p>\n\n\n\n<p>E a bonita Valsa lenta \u201cRecorda\u00e7\u00f5es do meu Algarve\u201d , cuja letra fica imortalizada com uma suas mais bonitas estrofes, no mural agora criado pelas m\u00e3os talentosas de Jacqueline de Montaigne.<\/p>\n\n\n\n<p>\u2018Record\u2019o meu Algarve<\/p>\n\n\n\n<p>Com seu ar perfumado<\/p>\n\n\n\n<p>Amendoeiras floridas<\/p>\n\n\n\n<p>S\u00e3o um jardim<\/p>\n\n\n\n<p>Bem matisado\u2019<\/p>\n\n\n\n<p>\u2018Eu lembro-me do meu Algarve<\/p>\n\n\n\n<p>Com o seu ar perfumado<\/p>\n\n\n\n<p>Flor de am\u00eandoas,<\/p>\n\n\n\n<p>Eles s\u00e3o um jardim<\/p>\n\n\n\n<p>Bem matizado\u2019<\/p>\n","protected":false},"excerpt":{"rendered":"<p>No \u00e2mbito do Plano de revitaliza\u00e7\u00e3o do Centro Hist\u00f3rico de S\u00e3o Br\u00e1s de Alportel e na sequ\u00eancia da iniciativa \u201cCal\u00e7adas<\/p>\n","protected":false},"author":1,"featured_media":21225,"comment_status":"closed","ping_status":"open","sticky":false,"template":"","format":"standard","meta":{"colormag_page_container_layout":"default_layout","colormag_page_sidebar_layout":"default_layout","_monsterinsights_skip_tracking":false,"_monsterinsights_sitenote_active":false,"_monsterinsights_sitenote_note":"","_monsterinsights_sitenote_category":0,"jetpack_post_was_ever_published":false,"_jetpack_newsletter_access":"","_jetpack_dont_email_post_to_subs":false,"_jetpack_newsletter_tier_id":0,"_jetpack_memberships_contains_paywalled_content":false,"_jetpack_memberships_contains_paid_content":false,"footnotes":"","jetpack_publicize_message":"","jetpack_publicize_feature_enabled":true,"jetpack_social_post_already_shared":true,"jetpack_social_options":{"image_generator_settings":{"template":"highway","default_image_id":0,"font":"","enabled":false},"version":2}},"categories":[14],"tags":[36,35,63],"class_list":["post-21224","post","type-post","status-publish","format-standard","has-post-thumbnail","hentry","category-cultura","tag-algarve","tag-cultura","tag-sao-bras-de-alportel"],"yoast_head":"<!-- This site is optimized with the Yoast SEO plugin v27.5 - https:\/\/yoast.com\/product\/yoast-seo-wordpress\/ -->\n<title>Arte Urbana valoriza legado cultural s\u00e3o-brasense - Algarve 7<\/title>\n<meta name=\"description\" content=\"Arte Urbana valoriza legado cultural s\u00e3o-brasense Cultura\" \/>\n<meta name=\"robots\" content=\"index, follow, max-snippet:-1, max-image-preview:large, max-video-preview:-1\" \/>\n<link rel=\"canonical\" href=\"https:\/\/algarve7.pt\/index.php\/2022\/08\/arte-urbana-valoriza-legado-cultural-sao-brasense\/cultura\/09\/00\/\" \/>\n<meta property=\"og:locale\" content=\"pt_PT\" \/>\n<meta property=\"og:type\" content=\"article\" \/>\n<meta property=\"og:title\" content=\"Arte Urbana valoriza legado cultural s\u00e3o-brasense - Algarve 7\" \/>\n<meta property=\"og:description\" content=\"Arte Urbana valoriza legado cultural s\u00e3o-brasense Cultura\" \/>\n<meta property=\"og:url\" content=\"https:\/\/algarve7.pt\/index.php\/2022\/08\/arte-urbana-valoriza-legado-cultural-sao-brasense\/cultura\/09\/00\/\" \/>\n<meta property=\"og:site_name\" content=\"Algarve 7\" \/>\n<meta property=\"article:publisher\" content=\"https:\/\/www.facebook.com\/algarve7\" \/>\n<meta property=\"article:author\" content=\"https:\/\/www.facebook.com\/algarve7\" \/>\n<meta property=\"article:published_time\" content=\"2022-08-28T08:00:00+00:00\" \/>\n<meta property=\"og:image\" content=\"https:\/\/algarve7.pt\/wp-content\/uploads\/2022\/08\/SBA_LuzinhaPinto.jpg\" \/>\n\t<meta property=\"og:image:width\" content=\"1620\" \/>\n\t<meta property=\"og:image:height\" content=\"1080\" \/>\n\t<meta property=\"og:image:type\" content=\"image\/jpeg\" \/>\n<meta name=\"author\" content=\"Algarve 7\" \/>\n<meta name=\"twitter:card\" content=\"summary_large_image\" \/>\n<meta name=\"twitter:creator\" content=\"@Algarvesete\" \/>\n<meta name=\"twitter:site\" content=\"@Algarvesete\" \/>\n<meta name=\"twitter:label1\" content=\"Escrito por\" \/>\n\t<meta name=\"twitter:data1\" content=\"Algarve 7\" \/>\n\t<meta name=\"twitter:label2\" content=\"Tempo estimado de leitura\" \/>\n\t<meta name=\"twitter:data2\" content=\"5 minutos\" \/>\n<script type=\"application\/ld+json\" class=\"yoast-schema-graph\">{\"@context\":\"https:\\\/\\\/schema.org\",\"@graph\":[{\"@type\":\"Article\",\"@id\":\"https:\\\/\\\/algarve7.pt\\\/index.php\\\/2022\\\/08\\\/arte-urbana-valoriza-legado-cultural-sao-brasense\\\/cultura\\\/09\\\/00\\\/#article\",\"isPartOf\":{\"@id\":\"https:\\\/\\\/algarve7.pt\\\/index.php\\\/2022\\\/08\\\/arte-urbana-valoriza-legado-cultural-sao-brasense\\\/cultura\\\/09\\\/00\\\/\"},\"author\":{\"name\":\"Algarve 7\",\"@id\":\"https:\\\/\\\/algarve7.pt\\\/#\\\/schema\\\/person\\\/23fa70681308e7b319a3204bcea45e0c\"},\"headline\":\"Arte Urbana valoriza legado cultural s\u00e3o-brasense\",\"datePublished\":\"2022-08-28T08:00:00+00:00\",\"mainEntityOfPage\":{\"@id\":\"https:\\\/\\\/algarve7.pt\\\/index.php\\\/2022\\\/08\\\/arte-urbana-valoriza-legado-cultural-sao-brasense\\\/cultura\\\/09\\\/00\\\/\"},\"wordCount\":815,\"publisher\":{\"@id\":\"https:\\\/\\\/algarve7.pt\\\/#organization\"},\"image\":{\"@id\":\"https:\\\/\\\/algarve7.pt\\\/index.php\\\/2022\\\/08\\\/arte-urbana-valoriza-legado-cultural-sao-brasense\\\/cultura\\\/09\\\/00\\\/#primaryimage\"},\"thumbnailUrl\":\"https:\\\/\\\/algarve7.pt\\\/wp-content\\\/uploads\\\/2022\\\/08\\\/SBA_LuzinhaPinto.jpg\",\"keywords\":[\"Algarve\",\"Cultura\",\"S\u00e3o Br\u00e1s de Alportel\"],\"articleSection\":[\"Cultura\"],\"inLanguage\":\"pt-PT\"},{\"@type\":\"WebPage\",\"@id\":\"https:\\\/\\\/algarve7.pt\\\/index.php\\\/2022\\\/08\\\/arte-urbana-valoriza-legado-cultural-sao-brasense\\\/cultura\\\/09\\\/00\\\/\",\"url\":\"https:\\\/\\\/algarve7.pt\\\/index.php\\\/2022\\\/08\\\/arte-urbana-valoriza-legado-cultural-sao-brasense\\\/cultura\\\/09\\\/00\\\/\",\"name\":\"Arte Urbana valoriza legado cultural s\u00e3o-brasense - Algarve 7\",\"isPartOf\":{\"@id\":\"https:\\\/\\\/algarve7.pt\\\/#website\"},\"primaryImageOfPage\":{\"@id\":\"https:\\\/\\\/algarve7.pt\\\/index.php\\\/2022\\\/08\\\/arte-urbana-valoriza-legado-cultural-sao-brasense\\\/cultura\\\/09\\\/00\\\/#primaryimage\"},\"image\":{\"@id\":\"https:\\\/\\\/algarve7.pt\\\/index.php\\\/2022\\\/08\\\/arte-urbana-valoriza-legado-cultural-sao-brasense\\\/cultura\\\/09\\\/00\\\/#primaryimage\"},\"thumbnailUrl\":\"https:\\\/\\\/algarve7.pt\\\/wp-content\\\/uploads\\\/2022\\\/08\\\/SBA_LuzinhaPinto.jpg\",\"datePublished\":\"2022-08-28T08:00:00+00:00\",\"description\":\"Arte Urbana valoriza legado cultural s\u00e3o-brasense Cultura\",\"breadcrumb\":{\"@id\":\"https:\\\/\\\/algarve7.pt\\\/index.php\\\/2022\\\/08\\\/arte-urbana-valoriza-legado-cultural-sao-brasense\\\/cultura\\\/09\\\/00\\\/#breadcrumb\"},\"inLanguage\":\"pt-PT\",\"potentialAction\":[{\"@type\":\"ReadAction\",\"target\":[\"https:\\\/\\\/algarve7.pt\\\/index.php\\\/2022\\\/08\\\/arte-urbana-valoriza-legado-cultural-sao-brasense\\\/cultura\\\/09\\\/00\\\/\"]}]},{\"@type\":\"ImageObject\",\"inLanguage\":\"pt-PT\",\"@id\":\"https:\\\/\\\/algarve7.pt\\\/index.php\\\/2022\\\/08\\\/arte-urbana-valoriza-legado-cultural-sao-brasense\\\/cultura\\\/09\\\/00\\\/#primaryimage\",\"url\":\"https:\\\/\\\/algarve7.pt\\\/wp-content\\\/uploads\\\/2022\\\/08\\\/SBA_LuzinhaPinto.jpg\",\"contentUrl\":\"https:\\\/\\\/algarve7.pt\\\/wp-content\\\/uploads\\\/2022\\\/08\\\/SBA_LuzinhaPinto.jpg\",\"width\":1620,\"height\":1080},{\"@type\":\"BreadcrumbList\",\"@id\":\"https:\\\/\\\/algarve7.pt\\\/index.php\\\/2022\\\/08\\\/arte-urbana-valoriza-legado-cultural-sao-brasense\\\/cultura\\\/09\\\/00\\\/#breadcrumb\",\"itemListElement\":[{\"@type\":\"ListItem\",\"position\":1,\"name\":\"In\u00edcio\",\"item\":\"https:\\\/\\\/algarve7.pt\\\/\"},{\"@type\":\"ListItem\",\"position\":2,\"name\":\"Arte Urbana valoriza legado cultural s\u00e3o-brasense\"}]},{\"@type\":\"WebSite\",\"@id\":\"https:\\\/\\\/algarve7.pt\\\/#website\",\"url\":\"https:\\\/\\\/algarve7.pt\\\/\",\"name\":\"Algarve 7\",\"description\":\"Informa\u00e7\u00e3o sobre o Algarve\",\"publisher\":{\"@id\":\"https:\\\/\\\/algarve7.pt\\\/#organization\"},\"potentialAction\":[{\"@type\":\"SearchAction\",\"target\":{\"@type\":\"EntryPoint\",\"urlTemplate\":\"https:\\\/\\\/algarve7.pt\\\/?s={search_term_string}\"},\"query-input\":{\"@type\":\"PropertyValueSpecification\",\"valueRequired\":true,\"valueName\":\"search_term_string\"}}],\"inLanguage\":\"pt-PT\"},{\"@type\":\"Organization\",\"@id\":\"https:\\\/\\\/algarve7.pt\\\/#organization\",\"name\":\"Algarve 7\",\"url\":\"https:\\\/\\\/algarve7.pt\\\/\",\"logo\":{\"@type\":\"ImageObject\",\"inLanguage\":\"pt-PT\",\"@id\":\"https:\\\/\\\/algarve7.pt\\\/#\\\/schema\\\/logo\\\/image\\\/\",\"url\":\"https:\\\/\\\/algarve7.pt\\\/wp-content\\\/uploads\\\/2020\\\/10\\\/Logo-8.jpg\",\"contentUrl\":\"https:\\\/\\\/algarve7.pt\\\/wp-content\\\/uploads\\\/2020\\\/10\\\/Logo-8.jpg\",\"width\":1680,\"height\":1186,\"caption\":\"Algarve 7\"},\"image\":{\"@id\":\"https:\\\/\\\/algarve7.pt\\\/#\\\/schema\\\/logo\\\/image\\\/\"},\"sameAs\":[\"https:\\\/\\\/www.facebook.com\\\/algarve7\",\"https:\\\/\\\/x.com\\\/Algarvesete\",\"https:\\\/\\\/www.instagram.com\\\/jornalalgarve7\\\/\",\"https:\\\/\\\/www.linkedin.com\\\/company\\\/algarve7\",\"https:\\\/\\\/www.pinterest.pt\\\/geral0939\\\/_created\\\/\"]},{\"@type\":\"Person\",\"@id\":\"https:\\\/\\\/algarve7.pt\\\/#\\\/schema\\\/person\\\/23fa70681308e7b319a3204bcea45e0c\",\"name\":\"Algarve 7\",\"sameAs\":[\"https:\\\/\\\/algarve7.pt\",\"https:\\\/\\\/www.facebook.com\\\/algarve7\"],\"url\":\"https:\\\/\\\/algarve7.pt\\\/index.php\\\/author\\\/geralalgarve7-pt\\\/\"}]}<\/script>\n<!-- \/ Yoast SEO plugin. -->","yoast_head_json":{"title":"Arte Urbana valoriza legado cultural s\u00e3o-brasense - Algarve 7","description":"Arte Urbana valoriza legado cultural s\u00e3o-brasense Cultura","robots":{"index":"index","follow":"follow","max-snippet":"max-snippet:-1","max-image-preview":"max-image-preview:large","max-video-preview":"max-video-preview:-1"},"canonical":"https:\/\/algarve7.pt\/index.php\/2022\/08\/arte-urbana-valoriza-legado-cultural-sao-brasense\/cultura\/09\/00\/","og_locale":"pt_PT","og_type":"article","og_title":"Arte Urbana valoriza legado cultural s\u00e3o-brasense - Algarve 7","og_description":"Arte Urbana valoriza legado cultural s\u00e3o-brasense Cultura","og_url":"https:\/\/algarve7.pt\/index.php\/2022\/08\/arte-urbana-valoriza-legado-cultural-sao-brasense\/cultura\/09\/00\/","og_site_name":"Algarve 7","article_publisher":"https:\/\/www.facebook.com\/algarve7","article_author":"https:\/\/www.facebook.com\/algarve7","article_published_time":"2022-08-28T08:00:00+00:00","og_image":[{"width":1620,"height":1080,"url":"https:\/\/algarve7.pt\/wp-content\/uploads\/2022\/08\/SBA_LuzinhaPinto.jpg","type":"image\/jpeg"}],"author":"Algarve 7","twitter_card":"summary_large_image","twitter_creator":"@Algarvesete","twitter_site":"@Algarvesete","twitter_misc":{"Escrito por":"Algarve 7","Tempo estimado de leitura":"5 minutos"},"schema":{"@context":"https:\/\/schema.org","@graph":[{"@type":"Article","@id":"https:\/\/algarve7.pt\/index.php\/2022\/08\/arte-urbana-valoriza-legado-cultural-sao-brasense\/cultura\/09\/00\/#article","isPartOf":{"@id":"https:\/\/algarve7.pt\/index.php\/2022\/08\/arte-urbana-valoriza-legado-cultural-sao-brasense\/cultura\/09\/00\/"},"author":{"name":"Algarve 7","@id":"https:\/\/algarve7.pt\/#\/schema\/person\/23fa70681308e7b319a3204bcea45e0c"},"headline":"Arte Urbana valoriza legado cultural s\u00e3o-brasense","datePublished":"2022-08-28T08:00:00+00:00","mainEntityOfPage":{"@id":"https:\/\/algarve7.pt\/index.php\/2022\/08\/arte-urbana-valoriza-legado-cultural-sao-brasense\/cultura\/09\/00\/"},"wordCount":815,"publisher":{"@id":"https:\/\/algarve7.pt\/#organization"},"image":{"@id":"https:\/\/algarve7.pt\/index.php\/2022\/08\/arte-urbana-valoriza-legado-cultural-sao-brasense\/cultura\/09\/00\/#primaryimage"},"thumbnailUrl":"https:\/\/algarve7.pt\/wp-content\/uploads\/2022\/08\/SBA_LuzinhaPinto.jpg","keywords":["Algarve","Cultura","S\u00e3o Br\u00e1s de Alportel"],"articleSection":["Cultura"],"inLanguage":"pt-PT"},{"@type":"WebPage","@id":"https:\/\/algarve7.pt\/index.php\/2022\/08\/arte-urbana-valoriza-legado-cultural-sao-brasense\/cultura\/09\/00\/","url":"https:\/\/algarve7.pt\/index.php\/2022\/08\/arte-urbana-valoriza-legado-cultural-sao-brasense\/cultura\/09\/00\/","name":"Arte Urbana valoriza legado cultural s\u00e3o-brasense - Algarve 7","isPartOf":{"@id":"https:\/\/algarve7.pt\/#website"},"primaryImageOfPage":{"@id":"https:\/\/algarve7.pt\/index.php\/2022\/08\/arte-urbana-valoriza-legado-cultural-sao-brasense\/cultura\/09\/00\/#primaryimage"},"image":{"@id":"https:\/\/algarve7.pt\/index.php\/2022\/08\/arte-urbana-valoriza-legado-cultural-sao-brasense\/cultura\/09\/00\/#primaryimage"},"thumbnailUrl":"https:\/\/algarve7.pt\/wp-content\/uploads\/2022\/08\/SBA_LuzinhaPinto.jpg","datePublished":"2022-08-28T08:00:00+00:00","description":"Arte Urbana valoriza legado cultural s\u00e3o-brasense Cultura","breadcrumb":{"@id":"https:\/\/algarve7.pt\/index.php\/2022\/08\/arte-urbana-valoriza-legado-cultural-sao-brasense\/cultura\/09\/00\/#breadcrumb"},"inLanguage":"pt-PT","potentialAction":[{"@type":"ReadAction","target":["https:\/\/algarve7.pt\/index.php\/2022\/08\/arte-urbana-valoriza-legado-cultural-sao-brasense\/cultura\/09\/00\/"]}]},{"@type":"ImageObject","inLanguage":"pt-PT","@id":"https:\/\/algarve7.pt\/index.php\/2022\/08\/arte-urbana-valoriza-legado-cultural-sao-brasense\/cultura\/09\/00\/#primaryimage","url":"https:\/\/algarve7.pt\/wp-content\/uploads\/2022\/08\/SBA_LuzinhaPinto.jpg","contentUrl":"https:\/\/algarve7.pt\/wp-content\/uploads\/2022\/08\/SBA_LuzinhaPinto.jpg","width":1620,"height":1080},{"@type":"BreadcrumbList","@id":"https:\/\/algarve7.pt\/index.php\/2022\/08\/arte-urbana-valoriza-legado-cultural-sao-brasense\/cultura\/09\/00\/#breadcrumb","itemListElement":[{"@type":"ListItem","position":1,"name":"In\u00edcio","item":"https:\/\/algarve7.pt\/"},{"@type":"ListItem","position":2,"name":"Arte Urbana valoriza legado cultural s\u00e3o-brasense"}]},{"@type":"WebSite","@id":"https:\/\/algarve7.pt\/#website","url":"https:\/\/algarve7.pt\/","name":"Algarve 7","description":"Informa\u00e7\u00e3o sobre o Algarve","publisher":{"@id":"https:\/\/algarve7.pt\/#organization"},"potentialAction":[{"@type":"SearchAction","target":{"@type":"EntryPoint","urlTemplate":"https:\/\/algarve7.pt\/?s={search_term_string}"},"query-input":{"@type":"PropertyValueSpecification","valueRequired":true,"valueName":"search_term_string"}}],"inLanguage":"pt-PT"},{"@type":"Organization","@id":"https:\/\/algarve7.pt\/#organization","name":"Algarve 7","url":"https:\/\/algarve7.pt\/","logo":{"@type":"ImageObject","inLanguage":"pt-PT","@id":"https:\/\/algarve7.pt\/#\/schema\/logo\/image\/","url":"https:\/\/algarve7.pt\/wp-content\/uploads\/2020\/10\/Logo-8.jpg","contentUrl":"https:\/\/algarve7.pt\/wp-content\/uploads\/2020\/10\/Logo-8.jpg","width":1680,"height":1186,"caption":"Algarve 7"},"image":{"@id":"https:\/\/algarve7.pt\/#\/schema\/logo\/image\/"},"sameAs":["https:\/\/www.facebook.com\/algarve7","https:\/\/x.com\/Algarvesete","https:\/\/www.instagram.com\/jornalalgarve7\/","https:\/\/www.linkedin.com\/company\/algarve7","https:\/\/www.pinterest.pt\/geral0939\/_created\/"]},{"@type":"Person","@id":"https:\/\/algarve7.pt\/#\/schema\/person\/23fa70681308e7b319a3204bcea45e0c","name":"Algarve 7","sameAs":["https:\/\/algarve7.pt","https:\/\/www.facebook.com\/algarve7"],"url":"https:\/\/algarve7.pt\/index.php\/author\/geralalgarve7-pt\/"}]}},"jetpack_publicize_connections":[],"jetpack_featured_media_url":"https:\/\/algarve7.pt\/wp-content\/uploads\/2022\/08\/SBA_LuzinhaPinto.jpg","jetpack_shortlink":"https:\/\/wp.me\/pcezmW-5wk","jetpack_sharing_enabled":true,"_links":{"self":[{"href":"https:\/\/algarve7.pt\/index.php\/wp-json\/wp\/v2\/posts\/21224","targetHints":{"allow":["GET"]}}],"collection":[{"href":"https:\/\/algarve7.pt\/index.php\/wp-json\/wp\/v2\/posts"}],"about":[{"href":"https:\/\/algarve7.pt\/index.php\/wp-json\/wp\/v2\/types\/post"}],"author":[{"embeddable":true,"href":"https:\/\/algarve7.pt\/index.php\/wp-json\/wp\/v2\/users\/1"}],"replies":[{"embeddable":true,"href":"https:\/\/algarve7.pt\/index.php\/wp-json\/wp\/v2\/comments?post=21224"}],"version-history":[{"count":0,"href":"https:\/\/algarve7.pt\/index.php\/wp-json\/wp\/v2\/posts\/21224\/revisions"}],"wp:featuredmedia":[{"embeddable":true,"href":"https:\/\/algarve7.pt\/index.php\/wp-json\/wp\/v2\/media\/21225"}],"wp:attachment":[{"href":"https:\/\/algarve7.pt\/index.php\/wp-json\/wp\/v2\/media?parent=21224"}],"wp:term":[{"taxonomy":"category","embeddable":true,"href":"https:\/\/algarve7.pt\/index.php\/wp-json\/wp\/v2\/categories?post=21224"},{"taxonomy":"post_tag","embeddable":true,"href":"https:\/\/algarve7.pt\/index.php\/wp-json\/wp\/v2\/tags?post=21224"}],"curies":[{"name":"wp","href":"https:\/\/api.w.org\/{rel}","templated":true}]}}